{"id":214195,"date":"2026-04-05T19:17:44","date_gmt":"2026-04-05T23:17:44","guid":{"rendered":"https:\/\/potenciaradiofonicadominicana.com\/portal\/?p=214195"},"modified":"2026-04-05T19:17:44","modified_gmt":"2026-04-05T23:17:44","slug":"edward-cabrera-sigue-con-excelente-inicio-de-temporada-con-los-cachorros","status":"publish","type":"post","link":"https:\/\/potenciaradiofonicadominicana.com\/portal\/edward-cabrera-sigue-con-excelente-inicio-de-temporada-con-los-cachorros\/","title":{"rendered":"Edward Cabrera sigue con excelente inicio de temporada con los Cachorros"},"content":{"rendered":"<p><a href=\"https:\/\/potenciaradiofonicadominicana.com\/portal\/wp-content\/uploads\/2026\/04\/hrxrgcek6zaj8xkzmewc.jpg\"><img loading=\"lazy\" decoding=\"async\" class=\"alignnone size-full wp-image-214196\" src=\"https:\/\/potenciaradiofonicadominicana.com\/portal\/wp-content\/uploads\/2026\/04\/hrxrgcek6zaj8xkzmewc.jpg\" alt=\"\" width=\"1536\" height=\"768\" srcset=\"https:\/\/potenciaradiofonicadominicana.com\/portal\/wp-content\/uploads\/2026\/04\/hrxrgcek6zaj8xkzmewc.jpg 1536w, https:\/\/potenciaradiofonicadominicana.com\/portal\/wp-content\/uploads\/2026\/04\/hrxrgcek6zaj8xkzmewc-300x150.jpg 300w, https:\/\/potenciaradiofonicadominicana.com\/portal\/wp-content\/uploads\/2026\/04\/hrxrgcek6zaj8xkzmewc-1024x512.jpg 1024w, https:\/\/potenciaradiofonicadominicana.com\/portal\/wp-content\/uploads\/2026\/04\/hrxrgcek6zaj8xkzmewc-768x384.jpg 768w\" sizes=\"auto, (max-width: 1536px) 100vw, 1536px\" \/><\/a><\/p>\n<p id=\"tw-target-text\">El dominicano Edward Cabrera salt\u00f3 del mont\u00edculo en la quinta entrada el domingo por la tarde, golpeando su guante y gritando tras ponchar a Gabriel Arias. En ese momento, el abridor de los Cubs hab\u00eda mantenido su juego sin hits, continuando su s\u00f3lida actuaci\u00f3n inicial como el nuevo miembro de la rotaci\u00f3n de Chicago.<\/p>\n<p>Cabrera no influy\u00f3 en la decisi\u00f3n final, pero su esfuerzo marc\u00f3 la pauta para una victoria de 1-0 sobre los Guardians en el primer juego de la doble jornada del domingo en el Progressive Field.<\/p>\n<p id=\"tw-target-text\">En un d\u00eda dif\u00edcil para generar ofensiva para ambos equipos, Cabrera se enfrent\u00f3 a Slade Cecconi de Cleveland y ayud\u00f3 a los Cubs a lograr una blanqueada combinada de un solo hit.<\/p>\n<p id=\"tw-target-text\">Tras lanzar seis entradas sin permitir carreras en su debut con los Cubs el lunes, Cabrera ofreci\u00f3 otra s\u00f3lida actuaci\u00f3n contra los Guardians. El corpulento lanzador derecho se extendi\u00f3 hasta la sexta entrada, limitando la alineaci\u00f3n de Cleveland a un solo hit y evitando el da\u00f1o potencial de cinco bases por bolas.<\/p>\n<p>\u201cTodos han visto lanzar a este muchacho\u201d, dijo el receptor de los Cubs, Miguel Amaya, sobre Cabrera. \u201cLa temporada que tuvo el a\u00f1o pasado fue muy s\u00f3lida. Que traiga eso a este equipo es de gran ayuda para nosotros. Como \u00e9l mismo ha dicho, siente que es el mejor cuando est\u00e1 en el mont\u00edculo. Y as\u00ed se ve\u201d.<\/p>\n<p>En dos salidas, Cabrera ha permitido solo dos hits a los 41 bateadores que ha enfrentado, ponchando a nueve en 11 2\/3 entradas en ese lapso.<\/p>\n<p>\u201cQuiero agradecer a Dios por las dos salidas que he tenido\u201d, dijo Cabrera a trav\u00e9s del traductor del equipo, Fredy Quevedo Jr. \u201cEso es todo lo que tengo que decir\u201d.<\/p>\n<p>El \u00fanico avance de los Guardians se produjo en la sexta entrada, cuando CJ Kayfus abri\u00f3 la entrada conectando un doble con un lanzamiento curvo de Cabrera por encima del jardinero derecho Michael Conforto, quien dio un par de pasos hacia adelante antes de correr hacia atr\u00e1s, mientras un fuerte viento ayudaba a llevar la pelota hasta la zona de advertencia para un doble al inicio de la entrada.<\/p>\n<p id=\"tw-target-text\">Ese fue el \u00fanico hit de Cleveland contra Cabrera y los relevistas Caleb Thielbar, Hoby Milner y Daniel Palencia. Marc\u00f3 la vig\u00e9simo quinta blanqueada de un solo hit en una victoria por 1-0 para los Cachorros en la historia, y la primera desde el 29 de mayo de 2023.<\/p>\n<p>Tras un toque de sacrificio de Steven Kwan para avanzar a Kayfus a tercera base, Cabrera provoc\u00f3 un rodado de Chase DeLauter. El segunda base de los Cachorros, Nico Hoerner, salt\u00f3 para atrapar la pelota y lanz\u00f3 r\u00e1pidamente a Amaya. Kayfus fue eliminado en el plato, lo que facilit\u00f3 la remontada de los Cachorros.<br \/>\n\u201cUn corredor r\u00e1pido en tercera base. Estaban corriendo al contacto y la pelota dio un bote enorme\u201d, dijo Amaya. \u201cNico hizo una jugada incre\u00edble. No es f\u00e1cil lanzar la pelota justo donde la lanz\u00f3, as\u00ed que estaba listo para atraparla dondequiera que la lanzara. Gracias a Dios, estaba en la trayectoria del corredor\u201d.<\/p>\n<p>Amaya realiz\u00f3 una espectacular atrapada sobre Kayfus para eliminar al corredor en el plato, lo que facilit\u00f3 la remontada de los Cubs.<\/p>\n<p>\u201cEs una gran sensaci\u00f3n tener una defensa como la que tenemos\u201d, dijo Cabrera. \u201cTenemos una defensa formidable y conf\u00edo plenamente en todos los muchachos. Y cuando digo que conf\u00edo plenamente en todos, me refiero a todos. Es una defensa magn\u00edfica. Se siente realmente bien\u201d.<\/p>\n<p>Cabrera otorg\u00f3 bases por bolas consecutivas a Jos\u00e9 Ram\u00edrez y Kyle Manzardo, llenando las bases con dos outs, lo que llev\u00f3 al m\u00e1nager Craig Counsell a recurrir al bullpen. Thielbar entr\u00f3 al relevo y provoc\u00f3 un elevado al cuadro interior de Bo Naylor para evitar da\u00f1os.<\/p>\n<p>En la octava entrada, Conforto comenz\u00f3 con una base por bolas contra el relevista de los Guardians, Connor Brogdon, y fue reemplazado por el corredor emergente Dylan Carlson. Con la necesidad de generar algo de impulso, Matt Shaw toc\u00f3 la bola para colocar a Carlson en posici\u00f3n de anotar. Eso prepar\u00f3 el terreno para el sencillo productor de carreras de Amaya que puso a los Cubs por delante.<br \/>\nAmaya reconoci\u00f3 el esfuerzo de Cabrera por mantener a Chicago en posici\u00f3n de anotar.<\/p>\n<p>\u201cSi los partidos se mantienen re\u00f1idos, haremos los ajustes necesarios\u201d, dijo Amaya sobre la rotaci\u00f3n. \u201cVamos a poner la pelota en juego. En d\u00edas como hoy, con mucho fr\u00edo y viento, en esa entrada llegamos a base, hicimos un toque de bola y luego alguien impuls\u00f3 la carrera. Ese es el tipo de jugada que vamos a seguir haciendo. Y cuando los bates empiecen a calentar, llegar\u00e1 el jonr\u00f3n\u201d.<\/p>\n","protected":false},"excerpt":{"rendered":"<p>El dominicano Edward Cabrera salt\u00f3 del mont\u00edculo en la quinta entrada el domingo por la tarde, golpeando su guante y &#8230;<\/p>\n","protected":false},"author":2,"featured_media":214196,"comment_status":"closed","ping_status":"closed","sticky":false,"template":"","format":"standard","meta":{"footnotes":""},"categories":[28],"tags":[],"class_list":["post-214195","post","type-post","status-publish","format-standard","has-post-thumbnail","hentry","category-deportes"],"yoast_head":"<!-- This site is optimized with the Yoast SEO plugin v24.8.1 - https:\/\/yoast.com\/wordpress\/plugins\/seo\/ -->\n<title>Edward Cabrera sigue con excelente inicio de temporada con los Cachorros - PotenciaRadiofonicaDominicana.com<\/title>\n<meta name=\"robots\" content=\"index, follow, max-snippet:-1, max-image-preview:large, max-video-preview:-1\" \/>\n<link rel=\"canonical\" href=\"https:\/\/potenciaradiofonicadominicana.com\/portal\/edward-cabrera-sigue-con-excelente-inicio-de-temporada-con-los-cachorros\/\" \/>\n<meta property=\"og:locale\" content=\"es_ES\" \/>\n<meta property=\"og:type\" content=\"article\" \/>\n<meta property=\"og:title\" content=\"Edward Cabrera sigue con excelente inicio de temporada con los Cachorros - PotenciaRadiofonicaDominicana.com\" \/>\n<meta property=\"og:description\" content=\"El dominicano Edward Cabrera salt\u00f3 del mont\u00edculo en la quinta entrada el domingo por la tarde, golpeando su guante y ...\" \/>\n<meta property=\"og:url\" content=\"https:\/\/potenciaradiofonicadominicana.com\/portal\/edward-cabrera-sigue-con-excelente-inicio-de-temporada-con-los-cachorros\/\" \/>\n<meta property=\"og:site_name\" content=\"PotenciaRadiofonicaDominicana.com\" \/>\n<meta property=\"article:publisher\" content=\"https:\/\/web.facebook.com\/PotenciaRadiofonicaD\" \/>\n<meta property=\"article:published_time\" content=\"2026-04-05T23:17:44+00:00\" \/>\n<meta property=\"og:image\" content=\"https:\/\/potenciaradiofonicadominicana.com\/portal\/wp-content\/uploads\/2026\/04\/hrxrgcek6zaj8xkzmewc.jpg\" \/>\n\t<meta property=\"og:image:width\" content=\"1536\" \/>\n\t<meta property=\"og:image:height\" content=\"768\" \/>\n\t<meta property=\"og:image:type\" content=\"image\/jpeg\" \/>\n<meta name=\"author\" content=\"Potencia Radiof\u00f3nica Dominicana\" \/>\n<meta name=\"twitter:card\" content=\"summary_large_image\" \/>\n<meta name=\"twitter:label1\" content=\"Escrito por\" \/>\n\t<meta name=\"twitter:data1\" content=\"Potencia Radiof\u00f3nica Dominicana\" \/>\n\t<meta name=\"twitter:label2\" content=\"Tiempo de lectura\" \/>\n\t<meta name=\"twitter:data2\" content=\"4 minutos\" \/>\n<script type=\"application\/ld+json\" class=\"yoast-schema-graph\">{\"@context\":\"https:\/\/schema.org\",\"@graph\":[{\"@type\":\"Article\",\"@id\":\"https:\/\/potenciaradiofonicadominicana.com\/portal\/edward-cabrera-sigue-con-excelente-inicio-de-temporada-con-los-cachorros\/#article\",\"isPartOf\":{\"@id\":\"https:\/\/potenciaradiofonicadominicana.com\/portal\/edward-cabrera-sigue-con-excelente-inicio-de-temporada-con-los-cachorros\/\"},\"author\":{\"name\":\"Potencia Radiof\u00f3nica Dominicana\",\"@id\":\"https:\/\/potenciaradiofonicadominicana.com\/portal\/#\/schema\/person\/a5cf1fea13877803ee0573ac18b03490\"},\"headline\":\"Edward Cabrera sigue con excelente inicio de temporada con los Cachorros\",\"datePublished\":\"2026-04-05T23:17:44+00:00\",\"mainEntityOfPage\":{\"@id\":\"https:\/\/potenciaradiofonicadominicana.com\/portal\/edward-cabrera-sigue-con-excelente-inicio-de-temporada-con-los-cachorros\/\"},\"wordCount\":817,\"publisher\":{\"@id\":\"https:\/\/potenciaradiofonicadominicana.com\/portal\/#organization\"},\"image\":{\"@id\":\"https:\/\/potenciaradiofonicadominicana.com\/portal\/edward-cabrera-sigue-con-excelente-inicio-de-temporada-con-los-cachorros\/#primaryimage\"},\"thumbnailUrl\":\"https:\/\/potenciaradiofonicadominicana.com\/portal\/wp-content\/uploads\/2026\/04\/hrxrgcek6zaj8xkzmewc.jpg\",\"articleSection\":[\"Deportes\"],\"inLanguage\":\"es\"},{\"@type\":\"WebPage\",\"@id\":\"https:\/\/potenciaradiofonicadominicana.com\/portal\/edward-cabrera-sigue-con-excelente-inicio-de-temporada-con-los-cachorros\/\",\"url\":\"https:\/\/potenciaradiofonicadominicana.com\/portal\/edward-cabrera-sigue-con-excelente-inicio-de-temporada-con-los-cachorros\/\",\"name\":\"Edward Cabrera sigue con excelente inicio de temporada con los Cachorros - PotenciaRadiofonicaDominicana.com\",\"isPartOf\":{\"@id\":\"https:\/\/potenciaradiofonicadominicana.com\/portal\/#website\"},\"primaryImageOfPage\":{\"@id\":\"https:\/\/potenciaradiofonicadominicana.com\/portal\/edward-cabrera-sigue-con-excelente-inicio-de-temporada-con-los-cachorros\/#primaryimage\"},\"image\":{\"@id\":\"https:\/\/potenciaradiofonicadominicana.com\/portal\/edward-cabrera-sigue-con-excelente-inicio-de-temporada-con-los-cachorros\/#primaryimage\"},\"thumbnailUrl\":\"https:\/\/potenciaradiofonicadominicana.com\/portal\/wp-content\/uploads\/2026\/04\/hrxrgcek6zaj8xkzmewc.jpg\",\"datePublished\":\"2026-04-05T23:17:44+00:00\",\"breadcrumb\":{\"@id\":\"https:\/\/potenciaradiofonicadominicana.com\/portal\/edward-cabrera-sigue-con-excelente-inicio-de-temporada-con-los-cachorros\/#breadcrumb\"},\"inLanguage\":\"es\",\"potentialAction\":[{\"@type\":\"ReadAction\",\"target\":[\"https:\/\/potenciaradiofonicadominicana.com\/portal\/edward-cabrera-sigue-con-excelente-inicio-de-temporada-con-los-cachorros\/\"]}]},{\"@type\":\"ImageObject\",\"inLanguage\":\"es\",\"@id\":\"https:\/\/potenciaradiofonicadominicana.com\/portal\/edward-cabrera-sigue-con-excelente-inicio-de-temporada-con-los-cachorros\/#primaryimage\",\"url\":\"https:\/\/potenciaradiofonicadominicana.com\/portal\/wp-content\/uploads\/2026\/04\/hrxrgcek6zaj8xkzmewc.jpg\",\"contentUrl\":\"https:\/\/potenciaradiofonicadominicana.com\/portal\/wp-content\/uploads\/2026\/04\/hrxrgcek6zaj8xkzmewc.jpg\",\"width\":1536,\"height\":768},{\"@type\":\"BreadcrumbList\",\"@id\":\"https:\/\/potenciaradiofonicadominicana.com\/portal\/edward-cabrera-sigue-con-excelente-inicio-de-temporada-con-los-cachorros\/#breadcrumb\",\"itemListElement\":[{\"@type\":\"ListItem\",\"position\":1,\"name\":\"Portada\",\"item\":\"https:\/\/potenciaradiofonicadominicana.com\/portal\/\"},{\"@type\":\"ListItem\",\"position\":2,\"name\":\"Edward Cabrera sigue con excelente inicio de temporada con los Cachorros\"}]},{\"@type\":\"WebSite\",\"@id\":\"https:\/\/potenciaradiofonicadominicana.com\/portal\/#website\",\"url\":\"https:\/\/potenciaradiofonicadominicana.com\/portal\/\",\"name\":\"PotenciaRadiofonicaDominicana.com\",\"description\":\"Peri\u00f3dico Digital\",\"publisher\":{\"@id\":\"https:\/\/potenciaradiofonicadominicana.com\/portal\/#organization\"},\"potentialAction\":[{\"@type\":\"SearchAction\",\"target\":{\"@type\":\"EntryPoint\",\"urlTemplate\":\"https:\/\/potenciaradiofonicadominicana.com\/portal\/?s={search_term_string}\"},\"query-input\":{\"@type\":\"PropertyValueSpecification\",\"valueRequired\":true,\"valueName\":\"search_term_string\"}}],\"inLanguage\":\"es\"},{\"@type\":\"Organization\",\"@id\":\"https:\/\/potenciaradiofonicadominicana.com\/portal\/#organization\",\"name\":\"PotenciaRadiofonicaDominicana.com\",\"url\":\"https:\/\/potenciaradiofonicadominicana.com\/portal\/\",\"logo\":{\"@type\":\"ImageObject\",\"inLanguage\":\"es\",\"@id\":\"https:\/\/potenciaradiofonicadominicana.com\/portal\/#\/schema\/logo\/image\/\",\"url\":\"https:\/\/potenciaradiofonicadominicana.com\/portal\/wp-content\/uploads\/2022\/01\/descarga.png\",\"contentUrl\":\"https:\/\/potenciaradiofonicadominicana.com\/portal\/wp-content\/uploads\/2022\/01\/descarga.png\",\"width\":300,\"height\":100,\"caption\":\"PotenciaRadiofonicaDominicana.com\"},\"image\":{\"@id\":\"https:\/\/potenciaradiofonicadominicana.com\/portal\/#\/schema\/logo\/image\/\"},\"sameAs\":[\"https:\/\/web.facebook.com\/PotenciaRadiofonicaD\"]},{\"@type\":\"Person\",\"@id\":\"https:\/\/potenciaradiofonicadominicana.com\/portal\/#\/schema\/person\/a5cf1fea13877803ee0573ac18b03490\",\"name\":\"Potencia Radiof\u00f3nica Dominicana\",\"image\":{\"@type\":\"ImageObject\",\"inLanguage\":\"es\",\"@id\":\"https:\/\/potenciaradiofonicadominicana.com\/portal\/#\/schema\/person\/image\/\",\"url\":\"https:\/\/secure.gravatar.com\/avatar\/42a55ab9e8ccc656ba34cd791990602a?s=96&d=mm&r=g\",\"contentUrl\":\"https:\/\/secure.gravatar.com\/avatar\/42a55ab9e8ccc656ba34cd791990602a?s=96&d=mm&r=g\",\"caption\":\"Potencia Radiof\u00f3nica Dominicana\"},\"url\":\"https:\/\/potenciaradiofonicadominicana.com\/portal\/author\/johannyalmanzar\/\"}]}<\/script>\n<!-- \/ Yoast SEO plugin. -->","yoast_head_json":{"title":"Edward Cabrera sigue con excelente inicio de temporada con los Cachorros - PotenciaRadiofonicaDominicana.com","robots":{"index":"index","follow":"follow","max-snippet":"max-snippet:-1","max-image-preview":"max-image-preview:large","max-video-preview":"max-video-preview:-1"},"canonical":"https:\/\/potenciaradiofonicadominicana.com\/portal\/edward-cabrera-sigue-con-excelente-inicio-de-temporada-con-los-cachorros\/","og_locale":"es_ES","og_type":"article","og_title":"Edward Cabrera sigue con excelente inicio de temporada con los Cachorros - PotenciaRadiofonicaDominicana.com","og_description":"El dominicano Edward Cabrera salt\u00f3 del mont\u00edculo en la quinta entrada el domingo por la tarde, golpeando su guante y ...","og_url":"https:\/\/potenciaradiofonicadominicana.com\/portal\/edward-cabrera-sigue-con-excelente-inicio-de-temporada-con-los-cachorros\/","og_site_name":"PotenciaRadiofonicaDominicana.com","article_publisher":"https:\/\/web.facebook.com\/PotenciaRadiofonicaD","article_published_time":"2026-04-05T23:17:44+00:00","og_image":[{"width":1536,"height":768,"url":"https:\/\/potenciaradiofonicadominicana.com\/portal\/wp-content\/uploads\/2026\/04\/hrxrgcek6zaj8xkzmewc.jpg","type":"image\/jpeg"}],"author":"Potencia Radiof\u00f3nica Dominicana","twitter_card":"summary_large_image","twitter_misc":{"Escrito por":"Potencia Radiof\u00f3nica Dominicana","Tiempo de lectura":"4 minutos"},"schema":{"@context":"https:\/\/schema.org","@graph":[{"@type":"Article","@id":"https:\/\/potenciaradiofonicadominicana.com\/portal\/edward-cabrera-sigue-con-excelente-inicio-de-temporada-con-los-cachorros\/#article","isPartOf":{"@id":"https:\/\/potenciaradiofonicadominicana.com\/portal\/edward-cabrera-sigue-con-excelente-inicio-de-temporada-con-los-cachorros\/"},"author":{"name":"Potencia Radiof\u00f3nica Dominicana","@id":"https:\/\/potenciaradiofonicadominicana.com\/portal\/#\/schema\/person\/a5cf1fea13877803ee0573ac18b03490"},"headline":"Edward Cabrera sigue con excelente inicio de temporada con los Cachorros","datePublished":"2026-04-05T23:17:44+00:00","mainEntityOfPage":{"@id":"https:\/\/potenciaradiofonicadominicana.com\/portal\/edward-cabrera-sigue-con-excelente-inicio-de-temporada-con-los-cachorros\/"},"wordCount":817,"publisher":{"@id":"https:\/\/potenciaradiofonicadominicana.com\/portal\/#organization"},"image":{"@id":"https:\/\/potenciaradiofonicadominicana.com\/portal\/edward-cabrera-sigue-con-excelente-inicio-de-temporada-con-los-cachorros\/#primaryimage"},"thumbnailUrl":"https:\/\/potenciaradiofonicadominicana.com\/portal\/wp-content\/uploads\/2026\/04\/hrxrgcek6zaj8xkzmewc.jpg","articleSection":["Deportes"],"inLanguage":"es"},{"@type":"WebPage","@id":"https:\/\/potenciaradiofonicadominicana.com\/portal\/edward-cabrera-sigue-con-excelente-inicio-de-temporada-con-los-cachorros\/","url":"https:\/\/potenciaradiofonicadominicana.com\/portal\/edward-cabrera-sigue-con-excelente-inicio-de-temporada-con-los-cachorros\/","name":"Edward Cabrera sigue con excelente inicio de temporada con los Cachorros - PotenciaRadiofonicaDominicana.com","isPartOf":{"@id":"https:\/\/potenciaradiofonicadominicana.com\/portal\/#website"},"primaryImageOfPage":{"@id":"https:\/\/potenciaradiofonicadominicana.com\/portal\/edward-cabrera-sigue-con-excelente-inicio-de-temporada-con-los-cachorros\/#primaryimage"},"image":{"@id":"https:\/\/potenciaradiofonicadominicana.com\/portal\/edward-cabrera-sigue-con-excelente-inicio-de-temporada-con-los-cachorros\/#primaryimage"},"thumbnailUrl":"https:\/\/potenciaradiofonicadominicana.com\/portal\/wp-content\/uploads\/2026\/04\/hrxrgcek6zaj8xkzmewc.jpg","datePublished":"2026-04-05T23:17:44+00:00","breadcrumb":{"@id":"https:\/\/potenciaradiofonicadominicana.com\/portal\/edward-cabrera-sigue-con-excelente-inicio-de-temporada-con-los-cachorros\/#breadcrumb"},"inLanguage":"es","potentialAction":[{"@type":"ReadAction","target":["https:\/\/potenciaradiofonicadominicana.com\/portal\/edward-cabrera-sigue-con-excelente-inicio-de-temporada-con-los-cachorros\/"]}]},{"@type":"ImageObject","inLanguage":"es","@id":"https:\/\/potenciaradiofonicadominicana.com\/portal\/edward-cabrera-sigue-con-excelente-inicio-de-temporada-con-los-cachorros\/#primaryimage","url":"https:\/\/potenciaradiofonicadominicana.com\/portal\/wp-content\/uploads\/2026\/04\/hrxrgcek6zaj8xkzmewc.jpg","contentUrl":"https:\/\/potenciaradiofonicadominicana.com\/portal\/wp-content\/uploads\/2026\/04\/hrxrgcek6zaj8xkzmewc.jpg","width":1536,"height":768},{"@type":"BreadcrumbList","@id":"https:\/\/potenciaradiofonicadominicana.com\/portal\/edward-cabrera-sigue-con-excelente-inicio-de-temporada-con-los-cachorros\/#breadcrumb","itemListElement":[{"@type":"ListItem","position":1,"name":"Portada","item":"https:\/\/potenciaradiofonicadominicana.com\/portal\/"},{"@type":"ListItem","position":2,"name":"Edward Cabrera sigue con excelente inicio de temporada con los Cachorros"}]},{"@type":"WebSite","@id":"https:\/\/potenciaradiofonicadominicana.com\/portal\/#website","url":"https:\/\/potenciaradiofonicadominicana.com\/portal\/","name":"PotenciaRadiofonicaDominicana.com","description":"Peri\u00f3dico Digital","publisher":{"@id":"https:\/\/potenciaradiofonicadominicana.com\/portal\/#organization"},"potentialAction":[{"@type":"SearchAction","target":{"@type":"EntryPoint","urlTemplate":"https:\/\/potenciaradiofonicadominicana.com\/portal\/?s={search_term_string}"},"query-input":{"@type":"PropertyValueSpecification","valueRequired":true,"valueName":"search_term_string"}}],"inLanguage":"es"},{"@type":"Organization","@id":"https:\/\/potenciaradiofonicadominicana.com\/portal\/#organization","name":"PotenciaRadiofonicaDominicana.com","url":"https:\/\/potenciaradiofonicadominicana.com\/portal\/","logo":{"@type":"ImageObject","inLanguage":"es","@id":"https:\/\/potenciaradiofonicadominicana.com\/portal\/#\/schema\/logo\/image\/","url":"https:\/\/potenciaradiofonicadominicana.com\/portal\/wp-content\/uploads\/2022\/01\/descarga.png","contentUrl":"https:\/\/potenciaradiofonicadominicana.com\/portal\/wp-content\/uploads\/2022\/01\/descarga.png","width":300,"height":100,"caption":"PotenciaRadiofonicaDominicana.com"},"image":{"@id":"https:\/\/potenciaradiofonicadominicana.com\/portal\/#\/schema\/logo\/image\/"},"sameAs":["https:\/\/web.facebook.com\/PotenciaRadiofonicaD"]},{"@type":"Person","@id":"https:\/\/potenciaradiofonicadominicana.com\/portal\/#\/schema\/person\/a5cf1fea13877803ee0573ac18b03490","name":"Potencia Radiof\u00f3nica Dominicana","image":{"@type":"ImageObject","inLanguage":"es","@id":"https:\/\/potenciaradiofonicadominicana.com\/portal\/#\/schema\/person\/image\/","url":"https:\/\/secure.gravatar.com\/avatar\/42a55ab9e8ccc656ba34cd791990602a?s=96&d=mm&r=g","contentUrl":"https:\/\/secure.gravatar.com\/avatar\/42a55ab9e8ccc656ba34cd791990602a?s=96&d=mm&r=g","caption":"Potencia Radiof\u00f3nica Dominicana"},"url":"https:\/\/potenciaradiofonicadominicana.com\/portal\/author\/johannyalmanzar\/"}]}},"_links":{"self":[{"href":"https:\/\/potenciaradiofonicadominicana.com\/portal\/wp-json\/wp\/v2\/posts\/214195","targetHints":{"allow":["GET"]}}],"collection":[{"href":"https:\/\/potenciaradiofonicadominicana.com\/portal\/wp-json\/wp\/v2\/posts"}],"about":[{"href":"https:\/\/potenciaradiofonicadominicana.com\/portal\/wp-json\/wp\/v2\/types\/post"}],"author":[{"embeddable":true,"href":"https:\/\/potenciaradiofonicadominicana.com\/portal\/wp-json\/wp\/v2\/users\/2"}],"replies":[{"embeddable":true,"href":"https:\/\/potenciaradiofonicadominicana.com\/portal\/wp-json\/wp\/v2\/comments?post=214195"}],"version-history":[{"count":1,"href":"https:\/\/potenciaradiofonicadominicana.com\/portal\/wp-json\/wp\/v2\/posts\/214195\/revisions"}],"predecessor-version":[{"id":214197,"href":"https:\/\/potenciaradiofonicadominicana.com\/portal\/wp-json\/wp\/v2\/posts\/214195\/revisions\/214197"}],"wp:featuredmedia":[{"embeddable":true,"href":"https:\/\/potenciaradiofonicadominicana.com\/portal\/wp-json\/wp\/v2\/media\/214196"}],"wp:attachment":[{"href":"https:\/\/potenciaradiofonicadominicana.com\/portal\/wp-json\/wp\/v2\/media?parent=214195"}],"wp:term":[{"taxonomy":"category","embeddable":true,"href":"https:\/\/potenciaradiofonicadominicana.com\/portal\/wp-json\/wp\/v2\/categories?post=214195"},{"taxonomy":"post_tag","embeddable":true,"href":"https:\/\/potenciaradiofonicadominicana.com\/portal\/wp-json\/wp\/v2\/tags?post=214195"}],"curies":[{"name":"wp","href":"https:\/\/api.w.org\/{rel}","templated":true}]}}