{"id":214192,"date":"2026-04-05T19:16:23","date_gmt":"2026-04-05T23:16:23","guid":{"rendered":"https:\/\/potenciaradiofonicadominicana.com\/portal\/?p=214192"},"modified":"2026-04-05T19:16:23","modified_gmt":"2026-04-05T23:16:23","slug":"entregan-remodelado-el-pabellon-de-tenis-de-mesa-para-juegos-centroamericanos-y-del-caribe-2026-2","status":"publish","type":"post","link":"https:\/\/potenciaradiofonicadominicana.com\/portal\/entregan-remodelado-el-pabellon-de-tenis-de-mesa-para-juegos-centroamericanos-y-del-caribe-2026-2\/","title":{"rendered":"Entregan remodelado el Pabell\u00f3n de Tenis de Mesa para Juegos Centroamericanos y del Caribe 2026"},"content":{"rendered":"<p><a href=\"https:\/\/potenciaradiofonicadominicana.com\/portal\/wp-content\/uploads\/2026\/04\/mivhed-entrega-remodelado-el-pabellon-de-tenis-de-mesa-para-juegos-centroamericanos-y-del-caribe-2026-6-1024x682-2.jpeg\"><img loading=\"lazy\" decoding=\"async\" class=\"alignnone size-full wp-image-214193\" src=\"https:\/\/potenciaradiofonicadominicana.com\/portal\/wp-content\/uploads\/2026\/04\/mivhed-entrega-remodelado-el-pabellon-de-tenis-de-mesa-para-juegos-centroamericanos-y-del-caribe-2026-6-1024x682-2.jpeg\" alt=\"\" width=\"1024\" height=\"682\" srcset=\"https:\/\/potenciaradiofonicadominicana.com\/portal\/wp-content\/uploads\/2026\/04\/mivhed-entrega-remodelado-el-pabellon-de-tenis-de-mesa-para-juegos-centroamericanos-y-del-caribe-2026-6-1024x682-2.jpeg 1024w, https:\/\/potenciaradiofonicadominicana.com\/portal\/wp-content\/uploads\/2026\/04\/mivhed-entrega-remodelado-el-pabellon-de-tenis-de-mesa-para-juegos-centroamericanos-y-del-caribe-2026-6-1024x682-2-300x200.jpeg 300w, https:\/\/potenciaradiofonicadominicana.com\/portal\/wp-content\/uploads\/2026\/04\/mivhed-entrega-remodelado-el-pabellon-de-tenis-de-mesa-para-juegos-centroamericanos-y-del-caribe-2026-6-1024x682-2-768x512.jpeg 768w\" sizes=\"auto, (max-width: 1024px) 100vw, 1024px\" \/><\/a><\/p>\n<p>Los Juegos Recreativos Semana Santa 2026, organizados por el Ministerio de Deportes, cerraron este domingo tras una exitosa jornada de cuatro d\u00edas de integraci\u00f3n social en 24 puntos de 18 provincias a nivel nacional.<\/p>\n<p>El ministro de Deportes, Kelvin Cruz, resalt\u00f3 el valor de los juegos como parte de un trabajo preventivo, el cual permiti\u00f3 a los ciudadanos disfrutar con seguridad y en un ambiente sano.<\/p>\n<p>En playas, r\u00edos, balnearios y barrios, las personas se integraron sin importar edad ni g\u00e9nero en disciplinas y actividades como baloncesto 3\u00d73, voleibol, f\u00fatbol, vitilla, domin\u00f3, juego de soga, carreras de sacos, entre otras.<\/p>\n<p>Los juegos fueron coordinados por el personal t\u00e9cnico del Ministerio de Deportes, el cual fue distribuido en los diferentes puntos habilitados para este montaje.<\/p>\n<p>El capacitado personal, bajo la direcci\u00f3n del viceministro t\u00e9cnico de Deportes, Fernando Teruel, incluy\u00f3 recre\u00f3logos, entrenadores y monitores, quienes estuvieron disponibles desde el jueves hasta el domingo para coordinar las actividades y garantizar el buen desarrollo de las jornadas.<\/p>\n<p>Eventos competitivos, como el Festival Deportivo Rub\u00e9n Toyota, tambi\u00e9n contaron con el patrocinio del Ministerio de Deportes.<\/p>\n<p>Las sedes del evento<\/p>\n<p>Entre las localidades figuraron Jarabacoa y el complejo deportivo de La Vega; en el Distrito Nacional, La Ci\u00e9naga y Capotillo; y en la provincia Santo Domingo, Boca Chica, el Parque del Este y Pedro Brand.<\/p>\n<p>Tambi\u00e9n se desarrollaron actividades en Pedernales (malec\u00f3n), Barahona (Playa Para\u00edso), Monte Plata (Playa Comatillo), El Seibo (Miches), San Crist\u00f3bal (Najayo) y Moca (Gaspar Hern\u00e1ndez).<\/p>\n<p>Asimismo, en San Pedro de Macor\u00eds (Juan Dolio), Saman\u00e1 (Las Terrenas), San Juan de la Maguana (Las Matas de Farf\u00e1n), Montecristi (Manzanillo y Playa Buen Hombre), La Romana (Playa Caleta), Nagua (Arroyo Salado), La Altagracia (Playa Macao), Independencia (balneario Boca de Cach\u00f3n) y Puerto Plata (Maim\u00f3n y Sos\u00faa).<\/p>\n","protected":false},"excerpt":{"rendered":"<p>Los Juegos Recreativos Semana Santa 2026, organizados por el Ministerio de Deportes, cerraron este domingo tras una exitosa jornada de &#8230;<\/p>\n","protected":false},"author":2,"featured_media":214193,"comment_status":"closed","ping_status":"closed","sticky":false,"template":"","format":"standard","meta":{"footnotes":""},"categories":[28],"tags":[],"class_list":["post-214192","post","type-post","status-publish","format-standard","has-post-thumbnail","hentry","category-deportes"],"yoast_head":"<!-- This site is optimized with the Yoast SEO plugin v24.8.1 - https:\/\/yoast.com\/wordpress\/plugins\/seo\/ -->\n<title>Entregan remodelado el Pabell\u00f3n de Tenis de Mesa para Juegos Centroamericanos y del Caribe 2026 - PotenciaRadiofonicaDominicana.com<\/title>\n<meta name=\"robots\" content=\"index, follow, max-snippet:-1, max-image-preview:large, max-video-preview:-1\" \/>\n<link rel=\"canonical\" href=\"https:\/\/potenciaradiofonicadominicana.com\/portal\/entregan-remodelado-el-pabellon-de-tenis-de-mesa-para-juegos-centroamericanos-y-del-caribe-2026-2\/\" \/>\n<meta property=\"og:locale\" content=\"es_ES\" \/>\n<meta property=\"og:type\" content=\"article\" \/>\n<meta property=\"og:title\" content=\"Entregan remodelado el Pabell\u00f3n de Tenis de Mesa para Juegos Centroamericanos y del Caribe 2026 - PotenciaRadiofonicaDominicana.com\" \/>\n<meta property=\"og:description\" content=\"Los Juegos Recreativos Semana Santa 2026, organizados por el Ministerio de Deportes, cerraron este domingo tras una exitosa jornada de ...\" \/>\n<meta property=\"og:url\" content=\"https:\/\/potenciaradiofonicadominicana.com\/portal\/entregan-remodelado-el-pabellon-de-tenis-de-mesa-para-juegos-centroamericanos-y-del-caribe-2026-2\/\" \/>\n<meta property=\"og:site_name\" content=\"PotenciaRadiofonicaDominicana.com\" \/>\n<meta property=\"article:publisher\" content=\"https:\/\/web.facebook.com\/PotenciaRadiofonicaD\" \/>\n<meta property=\"article:published_time\" content=\"2026-04-05T23:16:23+00:00\" \/>\n<meta property=\"og:image\" content=\"https:\/\/potenciaradiofonicadominicana.com\/portal\/wp-content\/uploads\/2026\/04\/mivhed-entrega-remodelado-el-pabellon-de-tenis-de-mesa-para-juegos-centroamericanos-y-del-caribe-2026-6-1024x682-2.jpeg\" \/>\n\t<meta property=\"og:image:width\" content=\"1024\" \/>\n\t<meta property=\"og:image:height\" content=\"682\" \/>\n\t<meta property=\"og:image:type\" content=\"image\/jpeg\" \/>\n<meta name=\"author\" content=\"Potencia Radiof\u00f3nica Dominicana\" \/>\n<meta name=\"twitter:card\" content=\"summary_large_image\" \/>\n<meta name=\"twitter:label1\" content=\"Escrito por\" \/>\n\t<meta name=\"twitter:data1\" content=\"Potencia Radiof\u00f3nica Dominicana\" \/>\n\t<meta name=\"twitter:label2\" content=\"Tiempo de lectura\" \/>\n\t<meta name=\"twitter:data2\" content=\"2 minutos\" \/>\n<script type=\"application\/ld+json\" class=\"yoast-schema-graph\">{\"@context\":\"https:\/\/schema.org\",\"@graph\":[{\"@type\":\"Article\",\"@id\":\"https:\/\/potenciaradiofonicadominicana.com\/portal\/entregan-remodelado-el-pabellon-de-tenis-de-mesa-para-juegos-centroamericanos-y-del-caribe-2026-2\/#article\",\"isPartOf\":{\"@id\":\"https:\/\/potenciaradiofonicadominicana.com\/portal\/entregan-remodelado-el-pabellon-de-tenis-de-mesa-para-juegos-centroamericanos-y-del-caribe-2026-2\/\"},\"author\":{\"name\":\"Potencia Radiof\u00f3nica Dominicana\",\"@id\":\"https:\/\/potenciaradiofonicadominicana.com\/portal\/#\/schema\/person\/a5cf1fea13877803ee0573ac18b03490\"},\"headline\":\"Entregan remodelado el Pabell\u00f3n de Tenis de Mesa para Juegos Centroamericanos y del Caribe 2026\",\"datePublished\":\"2026-04-05T23:16:23+00:00\",\"mainEntityOfPage\":{\"@id\":\"https:\/\/potenciaradiofonicadominicana.com\/portal\/entregan-remodelado-el-pabellon-de-tenis-de-mesa-para-juegos-centroamericanos-y-del-caribe-2026-2\/\"},\"wordCount\":324,\"publisher\":{\"@id\":\"https:\/\/potenciaradiofonicadominicana.com\/portal\/#organization\"},\"image\":{\"@id\":\"https:\/\/potenciaradiofonicadominicana.com\/portal\/entregan-remodelado-el-pabellon-de-tenis-de-mesa-para-juegos-centroamericanos-y-del-caribe-2026-2\/#primaryimage\"},\"thumbnailUrl\":\"https:\/\/potenciaradiofonicadominicana.com\/portal\/wp-content\/uploads\/2026\/04\/mivhed-entrega-remodelado-el-pabellon-de-tenis-de-mesa-para-juegos-centroamericanos-y-del-caribe-2026-6-1024x682-2.jpeg\",\"articleSection\":[\"Deportes\"],\"inLanguage\":\"es\"},{\"@type\":\"WebPage\",\"@id\":\"https:\/\/potenciaradiofonicadominicana.com\/portal\/entregan-remodelado-el-pabellon-de-tenis-de-mesa-para-juegos-centroamericanos-y-del-caribe-2026-2\/\",\"url\":\"https:\/\/potenciaradiofonicadominicana.com\/portal\/entregan-remodelado-el-pabellon-de-tenis-de-mesa-para-juegos-centroamericanos-y-del-caribe-2026-2\/\",\"name\":\"Entregan remodelado el Pabell\u00f3n de Tenis de Mesa para Juegos Centroamericanos y del Caribe 2026 - PotenciaRadiofonicaDominicana.com\",\"isPartOf\":{\"@id\":\"https:\/\/potenciaradiofonicadominicana.com\/portal\/#website\"},\"primaryImageOfPage\":{\"@id\":\"https:\/\/potenciaradiofonicadominicana.com\/portal\/entregan-remodelado-el-pabellon-de-tenis-de-mesa-para-juegos-centroamericanos-y-del-caribe-2026-2\/#primaryimage\"},\"image\":{\"@id\":\"https:\/\/potenciaradiofonicadominicana.com\/portal\/entregan-remodelado-el-pabellon-de-tenis-de-mesa-para-juegos-centroamericanos-y-del-caribe-2026-2\/#primaryimage\"},\"thumbnailUrl\":\"https:\/\/potenciaradiofonicadominicana.com\/portal\/wp-content\/uploads\/2026\/04\/mivhed-entrega-remodelado-el-pabellon-de-tenis-de-mesa-para-juegos-centroamericanos-y-del-caribe-2026-6-1024x682-2.jpeg\",\"datePublished\":\"2026-04-05T23:16:23+00:00\",\"breadcrumb\":{\"@id\":\"https:\/\/potenciaradiofonicadominicana.com\/portal\/entregan-remodelado-el-pabellon-de-tenis-de-mesa-para-juegos-centroamericanos-y-del-caribe-2026-2\/#breadcrumb\"},\"inLanguage\":\"es\",\"potentialAction\":[{\"@type\":\"ReadAction\",\"target\":[\"https:\/\/potenciaradiofonicadominicana.com\/portal\/entregan-remodelado-el-pabellon-de-tenis-de-mesa-para-juegos-centroamericanos-y-del-caribe-2026-2\/\"]}]},{\"@type\":\"ImageObject\",\"inLanguage\":\"es\",\"@id\":\"https:\/\/potenciaradiofonicadominicana.com\/portal\/entregan-remodelado-el-pabellon-de-tenis-de-mesa-para-juegos-centroamericanos-y-del-caribe-2026-2\/#primaryimage\",\"url\":\"https:\/\/potenciaradiofonicadominicana.com\/portal\/wp-content\/uploads\/2026\/04\/mivhed-entrega-remodelado-el-pabellon-de-tenis-de-mesa-para-juegos-centroamericanos-y-del-caribe-2026-6-1024x682-2.jpeg\",\"contentUrl\":\"https:\/\/potenciaradiofonicadominicana.com\/portal\/wp-content\/uploads\/2026\/04\/mivhed-entrega-remodelado-el-pabellon-de-tenis-de-mesa-para-juegos-centroamericanos-y-del-caribe-2026-6-1024x682-2.jpeg\",\"width\":1024,\"height\":682},{\"@type\":\"BreadcrumbList\",\"@id\":\"https:\/\/potenciaradiofonicadominicana.com\/portal\/entregan-remodelado-el-pabellon-de-tenis-de-mesa-para-juegos-centroamericanos-y-del-caribe-2026-2\/#breadcrumb\",\"itemListElement\":[{\"@type\":\"ListItem\",\"position\":1,\"name\":\"Portada\",\"item\":\"https:\/\/potenciaradiofonicadominicana.com\/portal\/\"},{\"@type\":\"ListItem\",\"position\":2,\"name\":\"Entregan remodelado el Pabell\u00f3n de Tenis de Mesa para Juegos Centroamericanos y del Caribe 2026\"}]},{\"@type\":\"WebSite\",\"@id\":\"https:\/\/potenciaradiofonicadominicana.com\/portal\/#website\",\"url\":\"https:\/\/potenciaradiofonicadominicana.com\/portal\/\",\"name\":\"PotenciaRadiofonicaDominicana.com\",\"description\":\"Peri\u00f3dico Digital\",\"publisher\":{\"@id\":\"https:\/\/potenciaradiofonicadominicana.com\/portal\/#organization\"},\"potentialAction\":[{\"@type\":\"SearchAction\",\"target\":{\"@type\":\"EntryPoint\",\"urlTemplate\":\"https:\/\/potenciaradiofonicadominicana.com\/portal\/?s={search_term_string}\"},\"query-input\":{\"@type\":\"PropertyValueSpecification\",\"valueRequired\":true,\"valueName\":\"search_term_string\"}}],\"inLanguage\":\"es\"},{\"@type\":\"Organization\",\"@id\":\"https:\/\/potenciaradiofonicadominicana.com\/portal\/#organization\",\"name\":\"PotenciaRadiofonicaDominicana.com\",\"url\":\"https:\/\/potenciaradiofonicadominicana.com\/portal\/\",\"logo\":{\"@type\":\"ImageObject\",\"inLanguage\":\"es\",\"@id\":\"https:\/\/potenciaradiofonicadominicana.com\/portal\/#\/schema\/logo\/image\/\",\"url\":\"https:\/\/potenciaradiofonicadominicana.com\/portal\/wp-content\/uploads\/2022\/01\/descarga.png\",\"contentUrl\":\"https:\/\/potenciaradiofonicadominicana.com\/portal\/wp-content\/uploads\/2022\/01\/descarga.png\",\"width\":300,\"height\":100,\"caption\":\"PotenciaRadiofonicaDominicana.com\"},\"image\":{\"@id\":\"https:\/\/potenciaradiofonicadominicana.com\/portal\/#\/schema\/logo\/image\/\"},\"sameAs\":[\"https:\/\/web.facebook.com\/PotenciaRadiofonicaD\"]},{\"@type\":\"Person\",\"@id\":\"https:\/\/potenciaradiofonicadominicana.com\/portal\/#\/schema\/person\/a5cf1fea13877803ee0573ac18b03490\",\"name\":\"Potencia Radiof\u00f3nica Dominicana\",\"image\":{\"@type\":\"ImageObject\",\"inLanguage\":\"es\",\"@id\":\"https:\/\/potenciaradiofonicadominicana.com\/portal\/#\/schema\/person\/image\/\",\"url\":\"https:\/\/secure.gravatar.com\/avatar\/42a55ab9e8ccc656ba34cd791990602a?s=96&d=mm&r=g\",\"contentUrl\":\"https:\/\/secure.gravatar.com\/avatar\/42a55ab9e8ccc656ba34cd791990602a?s=96&d=mm&r=g\",\"caption\":\"Potencia Radiof\u00f3nica Dominicana\"},\"url\":\"https:\/\/potenciaradiofonicadominicana.com\/portal\/author\/johannyalmanzar\/\"}]}<\/script>\n<!-- \/ Yoast SEO plugin. -->","yoast_head_json":{"title":"Entregan remodelado el Pabell\u00f3n de Tenis de Mesa para Juegos Centroamericanos y del Caribe 2026 - PotenciaRadiofonicaDominicana.com","robots":{"index":"index","follow":"follow","max-snippet":"max-snippet:-1","max-image-preview":"max-image-preview:large","max-video-preview":"max-video-preview:-1"},"canonical":"https:\/\/potenciaradiofonicadominicana.com\/portal\/entregan-remodelado-el-pabellon-de-tenis-de-mesa-para-juegos-centroamericanos-y-del-caribe-2026-2\/","og_locale":"es_ES","og_type":"article","og_title":"Entregan remodelado el Pabell\u00f3n de Tenis de Mesa para Juegos Centroamericanos y del Caribe 2026 - PotenciaRadiofonicaDominicana.com","og_description":"Los Juegos Recreativos Semana Santa 2026, organizados por el Ministerio de Deportes, cerraron este domingo tras una exitosa jornada de ...","og_url":"https:\/\/potenciaradiofonicadominicana.com\/portal\/entregan-remodelado-el-pabellon-de-tenis-de-mesa-para-juegos-centroamericanos-y-del-caribe-2026-2\/","og_site_name":"PotenciaRadiofonicaDominicana.com","article_publisher":"https:\/\/web.facebook.com\/PotenciaRadiofonicaD","article_published_time":"2026-04-05T23:16:23+00:00","og_image":[{"width":1024,"height":682,"url":"https:\/\/potenciaradiofonicadominicana.com\/portal\/wp-content\/uploads\/2026\/04\/mivhed-entrega-remodelado-el-pabellon-de-tenis-de-mesa-para-juegos-centroamericanos-y-del-caribe-2026-6-1024x682-2.jpeg","type":"image\/jpeg"}],"author":"Potencia Radiof\u00f3nica Dominicana","twitter_card":"summary_large_image","twitter_misc":{"Escrito por":"Potencia Radiof\u00f3nica Dominicana","Tiempo de lectura":"2 minutos"},"schema":{"@context":"https:\/\/schema.org","@graph":[{"@type":"Article","@id":"https:\/\/potenciaradiofonicadominicana.com\/portal\/entregan-remodelado-el-pabellon-de-tenis-de-mesa-para-juegos-centroamericanos-y-del-caribe-2026-2\/#article","isPartOf":{"@id":"https:\/\/potenciaradiofonicadominicana.com\/portal\/entregan-remodelado-el-pabellon-de-tenis-de-mesa-para-juegos-centroamericanos-y-del-caribe-2026-2\/"},"author":{"name":"Potencia Radiof\u00f3nica Dominicana","@id":"https:\/\/potenciaradiofonicadominicana.com\/portal\/#\/schema\/person\/a5cf1fea13877803ee0573ac18b03490"},"headline":"Entregan remodelado el Pabell\u00f3n de Tenis de Mesa para Juegos Centroamericanos y del Caribe 2026","datePublished":"2026-04-05T23:16:23+00:00","mainEntityOfPage":{"@id":"https:\/\/potenciaradiofonicadominicana.com\/portal\/entregan-remodelado-el-pabellon-de-tenis-de-mesa-para-juegos-centroamericanos-y-del-caribe-2026-2\/"},"wordCount":324,"publisher":{"@id":"https:\/\/potenciaradiofonicadominicana.com\/portal\/#organization"},"image":{"@id":"https:\/\/potenciaradiofonicadominicana.com\/portal\/entregan-remodelado-el-pabellon-de-tenis-de-mesa-para-juegos-centroamericanos-y-del-caribe-2026-2\/#primaryimage"},"thumbnailUrl":"https:\/\/potenciaradiofonicadominicana.com\/portal\/wp-content\/uploads\/2026\/04\/mivhed-entrega-remodelado-el-pabellon-de-tenis-de-mesa-para-juegos-centroamericanos-y-del-caribe-2026-6-1024x682-2.jpeg","articleSection":["Deportes"],"inLanguage":"es"},{"@type":"WebPage","@id":"https:\/\/potenciaradiofonicadominicana.com\/portal\/entregan-remodelado-el-pabellon-de-tenis-de-mesa-para-juegos-centroamericanos-y-del-caribe-2026-2\/","url":"https:\/\/potenciaradiofonicadominicana.com\/portal\/entregan-remodelado-el-pabellon-de-tenis-de-mesa-para-juegos-centroamericanos-y-del-caribe-2026-2\/","name":"Entregan remodelado el Pabell\u00f3n de Tenis de Mesa para Juegos Centroamericanos y del Caribe 2026 - PotenciaRadiofonicaDominicana.com","isPartOf":{"@id":"https:\/\/potenciaradiofonicadominicana.com\/portal\/#website"},"primaryImageOfPage":{"@id":"https:\/\/potenciaradiofonicadominicana.com\/portal\/entregan-remodelado-el-pabellon-de-tenis-de-mesa-para-juegos-centroamericanos-y-del-caribe-2026-2\/#primaryimage"},"image":{"@id":"https:\/\/potenciaradiofonicadominicana.com\/portal\/entregan-remodelado-el-pabellon-de-tenis-de-mesa-para-juegos-centroamericanos-y-del-caribe-2026-2\/#primaryimage"},"thumbnailUrl":"https:\/\/potenciaradiofonicadominicana.com\/portal\/wp-content\/uploads\/2026\/04\/mivhed-entrega-remodelado-el-pabellon-de-tenis-de-mesa-para-juegos-centroamericanos-y-del-caribe-2026-6-1024x682-2.jpeg","datePublished":"2026-04-05T23:16:23+00:00","breadcrumb":{"@id":"https:\/\/potenciaradiofonicadominicana.com\/portal\/entregan-remodelado-el-pabellon-de-tenis-de-mesa-para-juegos-centroamericanos-y-del-caribe-2026-2\/#breadcrumb"},"inLanguage":"es","potentialAction":[{"@type":"ReadAction","target":["https:\/\/potenciaradiofonicadominicana.com\/portal\/entregan-remodelado-el-pabellon-de-tenis-de-mesa-para-juegos-centroamericanos-y-del-caribe-2026-2\/"]}]},{"@type":"ImageObject","inLanguage":"es","@id":"https:\/\/potenciaradiofonicadominicana.com\/portal\/entregan-remodelado-el-pabellon-de-tenis-de-mesa-para-juegos-centroamericanos-y-del-caribe-2026-2\/#primaryimage","url":"https:\/\/potenciaradiofonicadominicana.com\/portal\/wp-content\/uploads\/2026\/04\/mivhed-entrega-remodelado-el-pabellon-de-tenis-de-mesa-para-juegos-centroamericanos-y-del-caribe-2026-6-1024x682-2.jpeg","contentUrl":"https:\/\/potenciaradiofonicadominicana.com\/portal\/wp-content\/uploads\/2026\/04\/mivhed-entrega-remodelado-el-pabellon-de-tenis-de-mesa-para-juegos-centroamericanos-y-del-caribe-2026-6-1024x682-2.jpeg","width":1024,"height":682},{"@type":"BreadcrumbList","@id":"https:\/\/potenciaradiofonicadominicana.com\/portal\/entregan-remodelado-el-pabellon-de-tenis-de-mesa-para-juegos-centroamericanos-y-del-caribe-2026-2\/#breadcrumb","itemListElement":[{"@type":"ListItem","position":1,"name":"Portada","item":"https:\/\/potenciaradiofonicadominicana.com\/portal\/"},{"@type":"ListItem","position":2,"name":"Entregan remodelado el Pabell\u00f3n de Tenis de Mesa para Juegos Centroamericanos y del Caribe 2026"}]},{"@type":"WebSite","@id":"https:\/\/potenciaradiofonicadominicana.com\/portal\/#website","url":"https:\/\/potenciaradiofonicadominicana.com\/portal\/","name":"PotenciaRadiofonicaDominicana.com","description":"Peri\u00f3dico Digital","publisher":{"@id":"https:\/\/potenciaradiofonicadominicana.com\/portal\/#organization"},"potentialAction":[{"@type":"SearchAction","target":{"@type":"EntryPoint","urlTemplate":"https:\/\/potenciaradiofonicadominicana.com\/portal\/?s={search_term_string}"},"query-input":{"@type":"PropertyValueSpecification","valueRequired":true,"valueName":"search_term_string"}}],"inLanguage":"es"},{"@type":"Organization","@id":"https:\/\/potenciaradiofonicadominicana.com\/portal\/#organization","name":"PotenciaRadiofonicaDominicana.com","url":"https:\/\/potenciaradiofonicadominicana.com\/portal\/","logo":{"@type":"ImageObject","inLanguage":"es","@id":"https:\/\/potenciaradiofonicadominicana.com\/portal\/#\/schema\/logo\/image\/","url":"https:\/\/potenciaradiofonicadominicana.com\/portal\/wp-content\/uploads\/2022\/01\/descarga.png","contentUrl":"https:\/\/potenciaradiofonicadominicana.com\/portal\/wp-content\/uploads\/2022\/01\/descarga.png","width":300,"height":100,"caption":"PotenciaRadiofonicaDominicana.com"},"image":{"@id":"https:\/\/potenciaradiofonicadominicana.com\/portal\/#\/schema\/logo\/image\/"},"sameAs":["https:\/\/web.facebook.com\/PotenciaRadiofonicaD"]},{"@type":"Person","@id":"https:\/\/potenciaradiofonicadominicana.com\/portal\/#\/schema\/person\/a5cf1fea13877803ee0573ac18b03490","name":"Potencia Radiof\u00f3nica Dominicana","image":{"@type":"ImageObject","inLanguage":"es","@id":"https:\/\/potenciaradiofonicadominicana.com\/portal\/#\/schema\/person\/image\/","url":"https:\/\/secure.gravatar.com\/avatar\/42a55ab9e8ccc656ba34cd791990602a?s=96&d=mm&r=g","contentUrl":"https:\/\/secure.gravatar.com\/avatar\/42a55ab9e8ccc656ba34cd791990602a?s=96&d=mm&r=g","caption":"Potencia Radiof\u00f3nica Dominicana"},"url":"https:\/\/potenciaradiofonicadominicana.com\/portal\/author\/johannyalmanzar\/"}]}},"_links":{"self":[{"href":"https:\/\/potenciaradiofonicadominicana.com\/portal\/wp-json\/wp\/v2\/posts\/214192","targetHints":{"allow":["GET"]}}],"collection":[{"href":"https:\/\/potenciaradiofonicadominicana.com\/portal\/wp-json\/wp\/v2\/posts"}],"about":[{"href":"https:\/\/potenciaradiofonicadominicana.com\/portal\/wp-json\/wp\/v2\/types\/post"}],"author":[{"embeddable":true,"href":"https:\/\/potenciaradiofonicadominicana.com\/portal\/wp-json\/wp\/v2\/users\/2"}],"replies":[{"embeddable":true,"href":"https:\/\/potenciaradiofonicadominicana.com\/portal\/wp-json\/wp\/v2\/comments?post=214192"}],"version-history":[{"count":1,"href":"https:\/\/potenciaradiofonicadominicana.com\/portal\/wp-json\/wp\/v2\/posts\/214192\/revisions"}],"predecessor-version":[{"id":214194,"href":"https:\/\/potenciaradiofonicadominicana.com\/portal\/wp-json\/wp\/v2\/posts\/214192\/revisions\/214194"}],"wp:featuredmedia":[{"embeddable":true,"href":"https:\/\/potenciaradiofonicadominicana.com\/portal\/wp-json\/wp\/v2\/media\/214193"}],"wp:attachment":[{"href":"https:\/\/potenciaradiofonicadominicana.com\/portal\/wp-json\/wp\/v2\/media?parent=214192"}],"wp:term":[{"taxonomy":"category","embeddable":true,"href":"https:\/\/potenciaradiofonicadominicana.com\/portal\/wp-json\/wp\/v2\/categories?post=214192"},{"taxonomy":"post_tag","embeddable":true,"href":"https:\/\/potenciaradiofonicadominicana.com\/portal\/wp-json\/wp\/v2\/tags?post=214192"}],"curies":[{"name":"wp","href":"https:\/\/api.w.org\/{rel}","templated":true}]}}