{"id":214027,"date":"2026-03-31T22:04:40","date_gmt":"2026-04-01T02:04:40","guid":{"rendered":"https:\/\/potenciaradiofonicadominicana.com\/portal\/?p=214027"},"modified":"2026-03-31T22:04:40","modified_gmt":"2026-04-01T02:04:40","slug":"las-vegas-sera-sede-del-super-bowl-de-2029-juego-final-de-la-nfl","status":"publish","type":"post","link":"https:\/\/potenciaradiofonicadominicana.com\/portal\/las-vegas-sera-sede-del-super-bowl-de-2029-juego-final-de-la-nfl\/","title":{"rendered":"Las Vegas ser\u00e1 sede del Super Bowl de 2029, juego final de la NFL"},"content":{"rendered":"<p><a href=\"https:\/\/potenciaradiofonicadominicana.com\/portal\/wp-content\/uploads\/2026\/03\/sb-en-las-vegas.webp\"><img loading=\"lazy\" decoding=\"async\" class=\"alignnone size-full wp-image-214028\" src=\"https:\/\/potenciaradiofonicadominicana.com\/portal\/wp-content\/uploads\/2026\/03\/sb-en-las-vegas.webp\" alt=\"\" width=\"640\" height=\"480\" srcset=\"https:\/\/potenciaradiofonicadominicana.com\/portal\/wp-content\/uploads\/2026\/03\/sb-en-las-vegas.webp 640w, https:\/\/potenciaradiofonicadominicana.com\/portal\/wp-content\/uploads\/2026\/03\/sb-en-las-vegas-300x225.webp 300w\" sizes=\"auto, (max-width: 640px) 100vw, 640px\" \/><\/a><\/p>\n<p>El Super Bowl regresa a Las Vegas. La NFL anunci\u00f3 que ha otorgado la sede del Super Bowl LXIII al Allegiant Stadium, hogar de los Las Vegas Raiders.<\/p>\n<p>El Super Bowl de 2029 ser\u00e1 el segundo partido por el campeonato que se celebre en Las Vegas en un lapso de cinco a\u00f1os. El Allegiant Stadium, inaugurado en 2020, tambi\u00e9n alberg\u00f3 el evento estelar de la NFL en febrero de 2024, cuando los Kansas City Chiefs vencieron a los San Francisco 49ers en tiempo extra.<\/p>\n<p>El Super Bowl LVIII en Las Vegas registr\u00f3 una asistencia oficial de 61.629 espectadores \u2014con las entradas agotadas\u2014, la cifra de p\u00fablico m\u00e1s baja para un Super Bowl fuera del contexto de la pandemia.<\/p>\n<p>El SoFi Stadium \u2014hogar de Los Angeles Rams y Los Angeles Chargers\u2014 y el Mercedes-Benz Stadium de los Atlanta Falcons ser\u00e1n las sedes de los pr\u00f3ximos dos Super Bowls, respectivamente.<\/p>\n","protected":false},"excerpt":{"rendered":"<p>El Super Bowl regresa a Las Vegas. La NFL anunci\u00f3 que ha otorgado la sede del Super Bowl LXIII al &#8230;<\/p>\n","protected":false},"author":2,"featured_media":214028,"comment_status":"closed","ping_status":"closed","sticky":false,"template":"","format":"standard","meta":{"footnotes":""},"categories":[28],"tags":[],"class_list":["post-214027","post","type-post","status-publish","format-standard","has-post-thumbnail","hentry","category-deportes"],"yoast_head":"<!-- This site is optimized with the Yoast SEO plugin v24.8.1 - https:\/\/yoast.com\/wordpress\/plugins\/seo\/ -->\n<title>Las Vegas ser\u00e1 sede del Super Bowl de 2029, juego final de la NFL - PotenciaRadiofonicaDominicana.com<\/title>\n<meta name=\"robots\" content=\"index, follow, max-snippet:-1, max-image-preview:large, max-video-preview:-1\" \/>\n<link rel=\"canonical\" href=\"https:\/\/potenciaradiofonicadominicana.com\/portal\/las-vegas-sera-sede-del-super-bowl-de-2029-juego-final-de-la-nfl\/\" \/>\n<meta property=\"og:locale\" content=\"es_ES\" \/>\n<meta property=\"og:type\" content=\"article\" \/>\n<meta property=\"og:title\" content=\"Las Vegas ser\u00e1 sede del Super Bowl de 2029, juego final de la NFL - PotenciaRadiofonicaDominicana.com\" \/>\n<meta property=\"og:description\" content=\"El Super Bowl regresa a Las Vegas. La NFL anunci\u00f3 que ha otorgado la sede del Super Bowl LXIII al ...\" \/>\n<meta property=\"og:url\" content=\"https:\/\/potenciaradiofonicadominicana.com\/portal\/las-vegas-sera-sede-del-super-bowl-de-2029-juego-final-de-la-nfl\/\" \/>\n<meta property=\"og:site_name\" content=\"PotenciaRadiofonicaDominicana.com\" \/>\n<meta property=\"article:publisher\" content=\"https:\/\/web.facebook.com\/PotenciaRadiofonicaD\" \/>\n<meta property=\"article:published_time\" content=\"2026-04-01T02:04:40+00:00\" \/>\n<meta property=\"og:image\" content=\"https:\/\/potenciaradiofonicadominicana.com\/portal\/wp-content\/uploads\/2026\/03\/sb-en-las-vegas.webp\" \/>\n\t<meta property=\"og:image:width\" content=\"640\" \/>\n\t<meta property=\"og:image:height\" content=\"480\" \/>\n\t<meta property=\"og:image:type\" content=\"image\/webp\" \/>\n<meta name=\"author\" content=\"Potencia Radiof\u00f3nica Dominicana\" \/>\n<meta name=\"twitter:card\" content=\"summary_large_image\" \/>\n<meta name=\"twitter:label1\" content=\"Escrito por\" \/>\n\t<meta name=\"twitter:data1\" content=\"Potencia Radiof\u00f3nica Dominicana\" \/>\n\t<meta name=\"twitter:label2\" content=\"Tiempo de lectura\" \/>\n\t<meta name=\"twitter:data2\" content=\"2 minutos\" \/>\n<script type=\"application\/ld+json\" class=\"yoast-schema-graph\">{\"@context\":\"https:\/\/schema.org\",\"@graph\":[{\"@type\":\"Article\",\"@id\":\"https:\/\/potenciaradiofonicadominicana.com\/portal\/las-vegas-sera-sede-del-super-bowl-de-2029-juego-final-de-la-nfl\/#article\",\"isPartOf\":{\"@id\":\"https:\/\/potenciaradiofonicadominicana.com\/portal\/las-vegas-sera-sede-del-super-bowl-de-2029-juego-final-de-la-nfl\/\"},\"author\":{\"name\":\"Potencia Radiof\u00f3nica Dominicana\",\"@id\":\"https:\/\/potenciaradiofonicadominicana.com\/portal\/#\/schema\/person\/a5cf1fea13877803ee0573ac18b03490\"},\"headline\":\"Las Vegas ser\u00e1 sede del Super Bowl de 2029, juego final de la NFL\",\"datePublished\":\"2026-04-01T02:04:40+00:00\",\"mainEntityOfPage\":{\"@id\":\"https:\/\/potenciaradiofonicadominicana.com\/portal\/las-vegas-sera-sede-del-super-bowl-de-2029-juego-final-de-la-nfl\/\"},\"wordCount\":163,\"publisher\":{\"@id\":\"https:\/\/potenciaradiofonicadominicana.com\/portal\/#organization\"},\"image\":{\"@id\":\"https:\/\/potenciaradiofonicadominicana.com\/portal\/las-vegas-sera-sede-del-super-bowl-de-2029-juego-final-de-la-nfl\/#primaryimage\"},\"thumbnailUrl\":\"https:\/\/potenciaradiofonicadominicana.com\/portal\/wp-content\/uploads\/2026\/03\/sb-en-las-vegas.webp\",\"articleSection\":[\"Deportes\"],\"inLanguage\":\"es\"},{\"@type\":\"WebPage\",\"@id\":\"https:\/\/potenciaradiofonicadominicana.com\/portal\/las-vegas-sera-sede-del-super-bowl-de-2029-juego-final-de-la-nfl\/\",\"url\":\"https:\/\/potenciaradiofonicadominicana.com\/portal\/las-vegas-sera-sede-del-super-bowl-de-2029-juego-final-de-la-nfl\/\",\"name\":\"Las Vegas ser\u00e1 sede del Super Bowl de 2029, juego final de la NFL - PotenciaRadiofonicaDominicana.com\",\"isPartOf\":{\"@id\":\"https:\/\/potenciaradiofonicadominicana.com\/portal\/#website\"},\"primaryImageOfPage\":{\"@id\":\"https:\/\/potenciaradiofonicadominicana.com\/portal\/las-vegas-sera-sede-del-super-bowl-de-2029-juego-final-de-la-nfl\/#primaryimage\"},\"image\":{\"@id\":\"https:\/\/potenciaradiofonicadominicana.com\/portal\/las-vegas-sera-sede-del-super-bowl-de-2029-juego-final-de-la-nfl\/#primaryimage\"},\"thumbnailUrl\":\"https:\/\/potenciaradiofonicadominicana.com\/portal\/wp-content\/uploads\/2026\/03\/sb-en-las-vegas.webp\",\"datePublished\":\"2026-04-01T02:04:40+00:00\",\"breadcrumb\":{\"@id\":\"https:\/\/potenciaradiofonicadominicana.com\/portal\/las-vegas-sera-sede-del-super-bowl-de-2029-juego-final-de-la-nfl\/#breadcrumb\"},\"inLanguage\":\"es\",\"potentialAction\":[{\"@type\":\"ReadAction\",\"target\":[\"https:\/\/potenciaradiofonicadominicana.com\/portal\/las-vegas-sera-sede-del-super-bowl-de-2029-juego-final-de-la-nfl\/\"]}]},{\"@type\":\"ImageObject\",\"inLanguage\":\"es\",\"@id\":\"https:\/\/potenciaradiofonicadominicana.com\/portal\/las-vegas-sera-sede-del-super-bowl-de-2029-juego-final-de-la-nfl\/#primaryimage\",\"url\":\"https:\/\/potenciaradiofonicadominicana.com\/portal\/wp-content\/uploads\/2026\/03\/sb-en-las-vegas.webp\",\"contentUrl\":\"https:\/\/potenciaradiofonicadominicana.com\/portal\/wp-content\/uploads\/2026\/03\/sb-en-las-vegas.webp\",\"width\":640,\"height\":480},{\"@type\":\"BreadcrumbList\",\"@id\":\"https:\/\/potenciaradiofonicadominicana.com\/portal\/las-vegas-sera-sede-del-super-bowl-de-2029-juego-final-de-la-nfl\/#breadcrumb\",\"itemListElement\":[{\"@type\":\"ListItem\",\"position\":1,\"name\":\"Portada\",\"item\":\"https:\/\/potenciaradiofonicadominicana.com\/portal\/\"},{\"@type\":\"ListItem\",\"position\":2,\"name\":\"Las Vegas ser\u00e1 sede del Super Bowl de 2029, juego final de la NFL\"}]},{\"@type\":\"WebSite\",\"@id\":\"https:\/\/potenciaradiofonicadominicana.com\/portal\/#website\",\"url\":\"https:\/\/potenciaradiofonicadominicana.com\/portal\/\",\"name\":\"PotenciaRadiofonicaDominicana.com\",\"description\":\"Peri\u00f3dico Digital\",\"publisher\":{\"@id\":\"https:\/\/potenciaradiofonicadominicana.com\/portal\/#organization\"},\"potentialAction\":[{\"@type\":\"SearchAction\",\"target\":{\"@type\":\"EntryPoint\",\"urlTemplate\":\"https:\/\/potenciaradiofonicadominicana.com\/portal\/?s={search_term_string}\"},\"query-input\":{\"@type\":\"PropertyValueSpecification\",\"valueRequired\":true,\"valueName\":\"search_term_string\"}}],\"inLanguage\":\"es\"},{\"@type\":\"Organization\",\"@id\":\"https:\/\/potenciaradiofonicadominicana.com\/portal\/#organization\",\"name\":\"PotenciaRadiofonicaDominicana.com\",\"url\":\"https:\/\/potenciaradiofonicadominicana.com\/portal\/\",\"logo\":{\"@type\":\"ImageObject\",\"inLanguage\":\"es\",\"@id\":\"https:\/\/potenciaradiofonicadominicana.com\/portal\/#\/schema\/logo\/image\/\",\"url\":\"https:\/\/potenciaradiofonicadominicana.com\/portal\/wp-content\/uploads\/2022\/01\/descarga.png\",\"contentUrl\":\"https:\/\/potenciaradiofonicadominicana.com\/portal\/wp-content\/uploads\/2022\/01\/descarga.png\",\"width\":300,\"height\":100,\"caption\":\"PotenciaRadiofonicaDominicana.com\"},\"image\":{\"@id\":\"https:\/\/potenciaradiofonicadominicana.com\/portal\/#\/schema\/logo\/image\/\"},\"sameAs\":[\"https:\/\/web.facebook.com\/PotenciaRadiofonicaD\"]},{\"@type\":\"Person\",\"@id\":\"https:\/\/potenciaradiofonicadominicana.com\/portal\/#\/schema\/person\/a5cf1fea13877803ee0573ac18b03490\",\"name\":\"Potencia Radiof\u00f3nica Dominicana\",\"image\":{\"@type\":\"ImageObject\",\"inLanguage\":\"es\",\"@id\":\"https:\/\/potenciaradiofonicadominicana.com\/portal\/#\/schema\/person\/image\/\",\"url\":\"https:\/\/secure.gravatar.com\/avatar\/42a55ab9e8ccc656ba34cd791990602a?s=96&d=mm&r=g\",\"contentUrl\":\"https:\/\/secure.gravatar.com\/avatar\/42a55ab9e8ccc656ba34cd791990602a?s=96&d=mm&r=g\",\"caption\":\"Potencia Radiof\u00f3nica Dominicana\"},\"url\":\"https:\/\/potenciaradiofonicadominicana.com\/portal\/author\/johannyalmanzar\/\"}]}<\/script>\n<!-- \/ Yoast SEO plugin. -->","yoast_head_json":{"title":"Las Vegas ser\u00e1 sede del Super Bowl de 2029, juego final de la NFL - PotenciaRadiofonicaDominicana.com","robots":{"index":"index","follow":"follow","max-snippet":"max-snippet:-1","max-image-preview":"max-image-preview:large","max-video-preview":"max-video-preview:-1"},"canonical":"https:\/\/potenciaradiofonicadominicana.com\/portal\/las-vegas-sera-sede-del-super-bowl-de-2029-juego-final-de-la-nfl\/","og_locale":"es_ES","og_type":"article","og_title":"Las Vegas ser\u00e1 sede del Super Bowl de 2029, juego final de la NFL - PotenciaRadiofonicaDominicana.com","og_description":"El Super Bowl regresa a Las Vegas. La NFL anunci\u00f3 que ha otorgado la sede del Super Bowl LXIII al ...","og_url":"https:\/\/potenciaradiofonicadominicana.com\/portal\/las-vegas-sera-sede-del-super-bowl-de-2029-juego-final-de-la-nfl\/","og_site_name":"PotenciaRadiofonicaDominicana.com","article_publisher":"https:\/\/web.facebook.com\/PotenciaRadiofonicaD","article_published_time":"2026-04-01T02:04:40+00:00","og_image":[{"width":640,"height":480,"url":"https:\/\/potenciaradiofonicadominicana.com\/portal\/wp-content\/uploads\/2026\/03\/sb-en-las-vegas.webp","type":"image\/webp"}],"author":"Potencia Radiof\u00f3nica Dominicana","twitter_card":"summary_large_image","twitter_misc":{"Escrito por":"Potencia Radiof\u00f3nica Dominicana","Tiempo de lectura":"2 minutos"},"schema":{"@context":"https:\/\/schema.org","@graph":[{"@type":"Article","@id":"https:\/\/potenciaradiofonicadominicana.com\/portal\/las-vegas-sera-sede-del-super-bowl-de-2029-juego-final-de-la-nfl\/#article","isPartOf":{"@id":"https:\/\/potenciaradiofonicadominicana.com\/portal\/las-vegas-sera-sede-del-super-bowl-de-2029-juego-final-de-la-nfl\/"},"author":{"name":"Potencia Radiof\u00f3nica Dominicana","@id":"https:\/\/potenciaradiofonicadominicana.com\/portal\/#\/schema\/person\/a5cf1fea13877803ee0573ac18b03490"},"headline":"Las Vegas ser\u00e1 sede del Super Bowl de 2029, juego final de la NFL","datePublished":"2026-04-01T02:04:40+00:00","mainEntityOfPage":{"@id":"https:\/\/potenciaradiofonicadominicana.com\/portal\/las-vegas-sera-sede-del-super-bowl-de-2029-juego-final-de-la-nfl\/"},"wordCount":163,"publisher":{"@id":"https:\/\/potenciaradiofonicadominicana.com\/portal\/#organization"},"image":{"@id":"https:\/\/potenciaradiofonicadominicana.com\/portal\/las-vegas-sera-sede-del-super-bowl-de-2029-juego-final-de-la-nfl\/#primaryimage"},"thumbnailUrl":"https:\/\/potenciaradiofonicadominicana.com\/portal\/wp-content\/uploads\/2026\/03\/sb-en-las-vegas.webp","articleSection":["Deportes"],"inLanguage":"es"},{"@type":"WebPage","@id":"https:\/\/potenciaradiofonicadominicana.com\/portal\/las-vegas-sera-sede-del-super-bowl-de-2029-juego-final-de-la-nfl\/","url":"https:\/\/potenciaradiofonicadominicana.com\/portal\/las-vegas-sera-sede-del-super-bowl-de-2029-juego-final-de-la-nfl\/","name":"Las Vegas ser\u00e1 sede del Super Bowl de 2029, juego final de la NFL - PotenciaRadiofonicaDominicana.com","isPartOf":{"@id":"https:\/\/potenciaradiofonicadominicana.com\/portal\/#website"},"primaryImageOfPage":{"@id":"https:\/\/potenciaradiofonicadominicana.com\/portal\/las-vegas-sera-sede-del-super-bowl-de-2029-juego-final-de-la-nfl\/#primaryimage"},"image":{"@id":"https:\/\/potenciaradiofonicadominicana.com\/portal\/las-vegas-sera-sede-del-super-bowl-de-2029-juego-final-de-la-nfl\/#primaryimage"},"thumbnailUrl":"https:\/\/potenciaradiofonicadominicana.com\/portal\/wp-content\/uploads\/2026\/03\/sb-en-las-vegas.webp","datePublished":"2026-04-01T02:04:40+00:00","breadcrumb":{"@id":"https:\/\/potenciaradiofonicadominicana.com\/portal\/las-vegas-sera-sede-del-super-bowl-de-2029-juego-final-de-la-nfl\/#breadcrumb"},"inLanguage":"es","potentialAction":[{"@type":"ReadAction","target":["https:\/\/potenciaradiofonicadominicana.com\/portal\/las-vegas-sera-sede-del-super-bowl-de-2029-juego-final-de-la-nfl\/"]}]},{"@type":"ImageObject","inLanguage":"es","@id":"https:\/\/potenciaradiofonicadominicana.com\/portal\/las-vegas-sera-sede-del-super-bowl-de-2029-juego-final-de-la-nfl\/#primaryimage","url":"https:\/\/potenciaradiofonicadominicana.com\/portal\/wp-content\/uploads\/2026\/03\/sb-en-las-vegas.webp","contentUrl":"https:\/\/potenciaradiofonicadominicana.com\/portal\/wp-content\/uploads\/2026\/03\/sb-en-las-vegas.webp","width":640,"height":480},{"@type":"BreadcrumbList","@id":"https:\/\/potenciaradiofonicadominicana.com\/portal\/las-vegas-sera-sede-del-super-bowl-de-2029-juego-final-de-la-nfl\/#breadcrumb","itemListElement":[{"@type":"ListItem","position":1,"name":"Portada","item":"https:\/\/potenciaradiofonicadominicana.com\/portal\/"},{"@type":"ListItem","position":2,"name":"Las Vegas ser\u00e1 sede del Super Bowl de 2029, juego final de la NFL"}]},{"@type":"WebSite","@id":"https:\/\/potenciaradiofonicadominicana.com\/portal\/#website","url":"https:\/\/potenciaradiofonicadominicana.com\/portal\/","name":"PotenciaRadiofonicaDominicana.com","description":"Peri\u00f3dico Digital","publisher":{"@id":"https:\/\/potenciaradiofonicadominicana.com\/portal\/#organization"},"potentialAction":[{"@type":"SearchAction","target":{"@type":"EntryPoint","urlTemplate":"https:\/\/potenciaradiofonicadominicana.com\/portal\/?s={search_term_string}"},"query-input":{"@type":"PropertyValueSpecification","valueRequired":true,"valueName":"search_term_string"}}],"inLanguage":"es"},{"@type":"Organization","@id":"https:\/\/potenciaradiofonicadominicana.com\/portal\/#organization","name":"PotenciaRadiofonicaDominicana.com","url":"https:\/\/potenciaradiofonicadominicana.com\/portal\/","logo":{"@type":"ImageObject","inLanguage":"es","@id":"https:\/\/potenciaradiofonicadominicana.com\/portal\/#\/schema\/logo\/image\/","url":"https:\/\/potenciaradiofonicadominicana.com\/portal\/wp-content\/uploads\/2022\/01\/descarga.png","contentUrl":"https:\/\/potenciaradiofonicadominicana.com\/portal\/wp-content\/uploads\/2022\/01\/descarga.png","width":300,"height":100,"caption":"PotenciaRadiofonicaDominicana.com"},"image":{"@id":"https:\/\/potenciaradiofonicadominicana.com\/portal\/#\/schema\/logo\/image\/"},"sameAs":["https:\/\/web.facebook.com\/PotenciaRadiofonicaD"]},{"@type":"Person","@id":"https:\/\/potenciaradiofonicadominicana.com\/portal\/#\/schema\/person\/a5cf1fea13877803ee0573ac18b03490","name":"Potencia Radiof\u00f3nica Dominicana","image":{"@type":"ImageObject","inLanguage":"es","@id":"https:\/\/potenciaradiofonicadominicana.com\/portal\/#\/schema\/person\/image\/","url":"https:\/\/secure.gravatar.com\/avatar\/42a55ab9e8ccc656ba34cd791990602a?s=96&d=mm&r=g","contentUrl":"https:\/\/secure.gravatar.com\/avatar\/42a55ab9e8ccc656ba34cd791990602a?s=96&d=mm&r=g","caption":"Potencia Radiof\u00f3nica Dominicana"},"url":"https:\/\/potenciaradiofonicadominicana.com\/portal\/author\/johannyalmanzar\/"}]}},"_links":{"self":[{"href":"https:\/\/potenciaradiofonicadominicana.com\/portal\/wp-json\/wp\/v2\/posts\/214027","targetHints":{"allow":["GET"]}}],"collection":[{"href":"https:\/\/potenciaradiofonicadominicana.com\/portal\/wp-json\/wp\/v2\/posts"}],"about":[{"href":"https:\/\/potenciaradiofonicadominicana.com\/portal\/wp-json\/wp\/v2\/types\/post"}],"author":[{"embeddable":true,"href":"https:\/\/potenciaradiofonicadominicana.com\/portal\/wp-json\/wp\/v2\/users\/2"}],"replies":[{"embeddable":true,"href":"https:\/\/potenciaradiofonicadominicana.com\/portal\/wp-json\/wp\/v2\/comments?post=214027"}],"version-history":[{"count":1,"href":"https:\/\/potenciaradiofonicadominicana.com\/portal\/wp-json\/wp\/v2\/posts\/214027\/revisions"}],"predecessor-version":[{"id":214029,"href":"https:\/\/potenciaradiofonicadominicana.com\/portal\/wp-json\/wp\/v2\/posts\/214027\/revisions\/214029"}],"wp:featuredmedia":[{"embeddable":true,"href":"https:\/\/potenciaradiofonicadominicana.com\/portal\/wp-json\/wp\/v2\/media\/214028"}],"wp:attachment":[{"href":"https:\/\/potenciaradiofonicadominicana.com\/portal\/wp-json\/wp\/v2\/media?parent=214027"}],"wp:term":[{"taxonomy":"category","embeddable":true,"href":"https:\/\/potenciaradiofonicadominicana.com\/portal\/wp-json\/wp\/v2\/categories?post=214027"},{"taxonomy":"post_tag","embeddable":true,"href":"https:\/\/potenciaradiofonicadominicana.com\/portal\/wp-json\/wp\/v2\/tags?post=214027"}],"curies":[{"name":"wp","href":"https:\/\/api.w.org\/{rel}","templated":true}]}}