{"id":214024,"date":"2026-03-31T22:03:42","date_gmt":"2026-04-01T02:03:42","guid":{"rendered":"https:\/\/potenciaradiofonicadominicana.com\/portal\/?p=214024"},"modified":"2026-03-31T22:03:42","modified_gmt":"2026-04-01T02:03:42","slug":"edward-cabrera-hace-historia-en-primera-salida-con-chicago-cubs","status":"publish","type":"post","link":"https:\/\/potenciaradiofonicadominicana.com\/portal\/edward-cabrera-hace-historia-en-primera-salida-con-chicago-cubs\/","title":{"rendered":"Edward Cabrera hace historia en primera salida con Chicago Cubs"},"content":{"rendered":"<p><a href=\"https:\/\/potenciaradiofonicadominicana.com\/portal\/wp-content\/uploads\/2026\/03\/EdwardCabreraPatrickGorski-ImagnImages.jpg.6491bb99ee810b4f87c456aa441c369e.jpg\"><img loading=\"lazy\" decoding=\"async\" class=\"alignnone size-full wp-image-214025\" src=\"https:\/\/potenciaradiofonicadominicana.com\/portal\/wp-content\/uploads\/2026\/03\/EdwardCabreraPatrickGorski-ImagnImages.jpg.6491bb99ee810b4f87c456aa441c369e.jpg\" alt=\"\" width=\"1500\" height=\"1000\" srcset=\"https:\/\/potenciaradiofonicadominicana.com\/portal\/wp-content\/uploads\/2026\/03\/EdwardCabreraPatrickGorski-ImagnImages.jpg.6491bb99ee810b4f87c456aa441c369e.jpg 1500w, https:\/\/potenciaradiofonicadominicana.com\/portal\/wp-content\/uploads\/2026\/03\/EdwardCabreraPatrickGorski-ImagnImages.jpg.6491bb99ee810b4f87c456aa441c369e-300x200.jpg 300w, https:\/\/potenciaradiofonicadominicana.com\/portal\/wp-content\/uploads\/2026\/03\/EdwardCabreraPatrickGorski-ImagnImages.jpg.6491bb99ee810b4f87c456aa441c369e-1024x683.jpg 1024w, https:\/\/potenciaradiofonicadominicana.com\/portal\/wp-content\/uploads\/2026\/03\/EdwardCabreraPatrickGorski-ImagnImages.jpg.6491bb99ee810b4f87c456aa441c369e-768x512.jpg 768w\" sizes=\"auto, (max-width: 1500px) 100vw, 1500px\" \/><\/a><\/p>\n<p>El primer partido del lanzador dominicano Edward Cabrera con los Cubs ofreci\u00f3 un brillante anticipo de un futuro largo y prometedor.<br \/>\nNi la lluvia ni el fr\u00edo intenso y denso cubrieron el cielo mientras los Cubs jugaban su primer partido nocturno de 2026.<br \/>\nEn su debut, Cabrera lanz\u00f3 6.0 entradas contra los Angelinos de Los \u00c1ngeles y no permiti\u00f3 ninguna carrera. De hecho, solo permiti\u00f3 un hit y otorg\u00f3 una base por bolas. Adem\u00e1s, ponch\u00f3 a cinco bateadores.<br \/>\nEs el quinto lanzador en la historia de los Cubs en tener una apertura de seis entradas, uno o menos hits y ninguna carrera permitida en los primeros cuatro juegos de la temporada de Chicago, seg\u00fan el experto en estad\u00edsticas @JayHayKid en X.<br \/>\nLos cuatro anteriores:<br \/>\n\u2022Lon Warneke (1934) \u2022 Burt Hooton (1972) \u2022 Jos\u00e9 Guzm\u00e1n (1993) \u2022 Travis Wood (2013).<\/p>\n<div class=\"twitter-tweet twitter-tweet-rendered\"><iframe id=\"twitter-widget-0\" class=\"\" title=\"X Post\" src=\"https:\/\/platform.twitter.com\/embed\/Tweet.html?creatorScreenName=Eldia_do&amp;dnt=false&amp;embedId=twitter-widget-0&amp;features=eyJ0ZndfdGltZWxpbmVfbGlzdCI6eyJidWNrZXQiOltdLCJ2ZXJzaW9uIjpudWxsfSwidGZ3X2ZvbGxvd2VyX2NvdW50X3N1bnNldCI6eyJidWNrZXQiOnRydWUsInZlcnNpb24iOm51bGx9LCJ0ZndfdHdlZXRfZWRpdF9iYWNrZW5kIjp7ImJ1Y2tldCI6Im9uIiwidmVyc2lvbiI6bnVsbH0sInRmd19yZWZzcmNfc2Vzc2lvbiI6eyJidWNrZXQiOiJvbiIsInZlcnNpb24iOm51bGx9LCJ0ZndfZm9zbnJfc29mdF9pbnRlcnZlbnRpb25zX2VuYWJsZWQiOnsiYnVja2V0Ijoib24iLCJ2ZXJzaW9uIjpudWxsfSwidGZ3X21peGVkX21lZGlhXzE1ODk3Ijp7ImJ1Y2tldCI6InRyZWF0bWVudCIsInZlcnNpb24iOm51bGx9LCJ0ZndfZXhwZXJpbWVudHNfY29va2llX2V4cGlyYXRpb24iOnsiYnVja2V0IjoxMjA5NjAwLCJ2ZXJzaW9uIjpudWxsfSwidGZ3X3Nob3dfYmlyZHdhdGNoX3Bpdm90c19lbmFibGVkIjp7ImJ1Y2tldCI6Im9uIiwidmVyc2lvbiI6bnVsbH0sInRmd19kdXBsaWNhdGVfc2NyaWJlc190b19zZXR0aW5ncyI6eyJidWNrZXQiOiJvbiIsInZlcnNpb24iOm51bGx9LCJ0ZndfdXNlX3Byb2ZpbGVfaW1hZ2Vfc2hhcGVfZW5hYmxlZCI6eyJidWNrZXQiOiJvbiIsInZlcnNpb24iOm51bGx9LCJ0ZndfdmlkZW9faGxzX2R5bmFtaWNfbWFuaWZlc3RzXzE1MDgyIjp7ImJ1Y2tldCI6InRydWVfYml0cmF0ZSIsInZlcnNpb24iOm51bGx9LCJ0ZndfbGVnYWN5X3RpbWVsaW5lX3N1bnNldCI6eyJidWNrZXQiOnRydWUsInZlcnNpb24iOm51bGx9LCJ0ZndfdHdlZXRfZWRpdF9mcm9udGVuZCI6eyJidWNrZXQiOiJvbiIsInZlcnNpb24iOm51bGx9fQ%3D%3D&amp;frame=false&amp;hideCard=false&amp;hideThread=false&amp;id=2038792040243232852&amp;lang=es&amp;maxWidth=560px&amp;origin=https%3A%2F%2Feldia.com.do%2Fedward-cabrera-hace-historia-en-primera-salida-con-chicago-cubs%2F&amp;sessionId=18045a4903554a563345cc686bc7676971f91e9e&amp;siteScreenName=Eldia_do&amp;theme=light&amp;widgetsVersion=2615f7e52b7e0%3A1702314776716&amp;width=550px\" frameborder=\"0\" scrolling=\"no\" allowfullscreen=\"allowfullscreen\" data-tweet-id=\"2038792040243232852\" data-mce-fragment=\"1\"><\/iframe><\/div>\n<p>Sin duda, una haza\u00f1a excepcional, y un gran logro para Cabrera, quien no fue extremadamente preciso en cuanto a control, pero sus lanzamientos abrumaban a sus oponentes. Su recta rondaba las 97 millas por hora, y consigui\u00f3 15 ponches en 40 swings, la mayor\u00eda con su deslumbrante variedad de lanzamientos rompientes y su caracter\u00edstico cambio de velocidad.<\/p>\n<p>Cabrera us\u00f3 muy poco su sinker el lunes por la noche y lanz\u00f3 22 rectas de cuatro costuras de sus 80 lanzamientos totales. Solo en dos ocasiones el a\u00f1o pasado lanz\u00f3 m\u00e1s rectas de cuatro costuras en un partido. El slider de Cabrera tambi\u00e9n le consigui\u00f3 cinco ponches, en solo nueve swings.<\/p>\n<p>Este a\u00f1o. Cabrera lanzar\u00e1 m\u00e1s rectas \u2014y en particular m\u00e1s rectas de cuatro costuras, a pesar de las malas calificaciones de Stuff y los resultados generalmente tibios que suele obtener ese lanzamiento\u2014 esta temporada que en su \u00faltima campa\u00f1a con los Marlins.<\/p>\n<p>Esto seguir\u00e1 sorprendiendo a algunos, quienes vieron a Cabrera tener un gran desempe\u00f1o en 2025, en parte gracias a que redujo el uso de la recta de cuatro costuras. Su porcentaje de lanzamientos totales el lunes por la noche fue aproximadamente el doble de lo que promedi\u00f3 el a\u00f1o pasado. Sin embargo, los Cachorros lanzan m\u00e1s rectas de cuatro costuras que cualquier otro equipo en el b\u00e9isbol; no deber\u00eda sorprender a nadie que trabajen con un reci\u00e9n llegado para encontrar la manera de que ese lanzamiento le funcione.<\/p>\n<p>A medida que la alineaci\u00f3n cambiaba, se inclin\u00f3 m\u00e1s por su cambio de velocidad, lo cual es un argumento a favor de lanzar m\u00e1s la recta. Al obligar a los bateadores \u2014us\u00f3 la recta con especial frecuencia contra Mike Trout y Jorge Soler, dos potentes bateadores conocidos por su velocidad de bateo pero que nunca fueron grandes bateadores de rectas altas\u2014 a respetar ese lanzamiento, Cabrera puede sacar m\u00e1s provecho de todo lo dem\u00e1s, incluyendo los cambios de velocidad a la derecha, especialmente a medida que avanza en sus salidas.<\/p>\n<p>El slider de Cabrera tambi\u00e9n le consigui\u00f3 cinco ponches, en solo nueve swings. Lanz\u00f3 la bola exclusivamente a bateadores diestros, y le dio un nuevo efecto. Aunque la velocidad era la misma que el a\u00f1o pasado, el lanzamiento se comportaba m\u00e1s como un cutter, con menos movimiento hacia el lado del guante pero m\u00e1s efecto hacia atr\u00e1s, lo que dificultaba que el bateador lo distinguiera de su recta.<\/p>\n<p>Este lanzamiento ha sido objeto de una b\u00fasqueda constante por parte de Cabrera durante el \u00faltimo a\u00f1o. Ten\u00eda un movimiento base al que recurr\u00eda repetidamente, pero en cuatro ocasiones distintas en 2025, tuvo dos aperturas en las que prob\u00f3 algo nuevo con \u00e9l. En el gr\u00e1fico a continuaci\u00f3n, el punto resaltado en rojo muestra d\u00f3nde funcion\u00f3 el slider de Cabrera en su salida del lunes. Alrededor de ese punto, he identificado d\u00f3nde funcion\u00f3 con mayor frecuencia durante los \u00faltimos dos a\u00f1os, as\u00ed como cada una de las incursiones que intent\u00f3 para explorar nuevos l\u00edmites para su slider.<\/p>\n<p>Puede que vuelva a su estilo anterior, pero el cambio en las caracter\u00edsticas de giro del lanzamiento sugiere que los Cubs consideran que vale la pena probar un slider con m\u00e1s efecto de corte. Al menos por una noche, funcion\u00f3 a la perfecci\u00f3n.<\/p>\n<p>La curva tambi\u00e9n estaba funcionando. Cabrera lanz\u00f3 ese lanzamiento 13 veces y consigui\u00f3 tres swings fallidos (de cinco swings) y cuatro strikes cantados. Lo m\u00e1s importante fue que, adem\u00e1s de poder controlar la curva y colocarla en la zona de strike, demostr\u00f3 la capacidad de alcanzar velocidades de 87-88 millas por hora en ocasiones. Ese es un nivel de potencia en la curva que pocos lanzadores pueden igualar, y el a\u00f1o pasado, su mejor lanzamiento fue cuando lo lanz\u00f3 con mayor fuerza.<\/p>\n","protected":false},"excerpt":{"rendered":"<p>El primer partido del lanzador dominicano Edward Cabrera con los Cubs ofreci\u00f3 un brillante anticipo de un futuro largo y &#8230;<\/p>\n","protected":false},"author":2,"featured_media":214025,"comment_status":"closed","ping_status":"closed","sticky":false,"template":"","format":"standard","meta":{"footnotes":""},"categories":[28],"tags":[],"class_list":["post-214024","post","type-post","status-publish","format-standard","has-post-thumbnail","hentry","category-deportes"],"yoast_head":"<!-- This site is optimized with the Yoast SEO plugin v24.8.1 - https:\/\/yoast.com\/wordpress\/plugins\/seo\/ -->\n<title>Edward Cabrera hace historia en primera salida con Chicago Cubs - PotenciaRadiofonicaDominicana.com<\/title>\n<meta name=\"robots\" content=\"index, follow, max-snippet:-1, max-image-preview:large, max-video-preview:-1\" \/>\n<link rel=\"canonical\" href=\"https:\/\/potenciaradiofonicadominicana.com\/portal\/edward-cabrera-hace-historia-en-primera-salida-con-chicago-cubs\/\" \/>\n<meta property=\"og:locale\" content=\"es_ES\" \/>\n<meta property=\"og:type\" content=\"article\" \/>\n<meta property=\"og:title\" content=\"Edward Cabrera hace historia en primera salida con Chicago Cubs - PotenciaRadiofonicaDominicana.com\" \/>\n<meta property=\"og:description\" content=\"El primer partido del lanzador dominicano Edward Cabrera con los Cubs ofreci\u00f3 un brillante anticipo de un futuro largo y ...\" \/>\n<meta property=\"og:url\" content=\"https:\/\/potenciaradiofonicadominicana.com\/portal\/edward-cabrera-hace-historia-en-primera-salida-con-chicago-cubs\/\" \/>\n<meta property=\"og:site_name\" content=\"PotenciaRadiofonicaDominicana.com\" \/>\n<meta property=\"article:publisher\" content=\"https:\/\/web.facebook.com\/PotenciaRadiofonicaD\" \/>\n<meta property=\"article:published_time\" content=\"2026-04-01T02:03:42+00:00\" \/>\n<meta property=\"og:image\" content=\"https:\/\/potenciaradiofonicadominicana.com\/portal\/wp-content\/uploads\/2026\/03\/EdwardCabreraPatrickGorski-ImagnImages.jpg.6491bb99ee810b4f87c456aa441c369e.jpg\" \/>\n\t<meta property=\"og:image:width\" content=\"1500\" \/>\n\t<meta property=\"og:image:height\" content=\"1000\" \/>\n\t<meta property=\"og:image:type\" content=\"image\/jpeg\" \/>\n<meta name=\"author\" content=\"Potencia Radiof\u00f3nica Dominicana\" \/>\n<meta name=\"twitter:card\" content=\"summary_large_image\" \/>\n<meta name=\"twitter:label1\" content=\"Escrito por\" \/>\n\t<meta name=\"twitter:data1\" content=\"Potencia Radiof\u00f3nica Dominicana\" \/>\n\t<meta name=\"twitter:label2\" content=\"Tiempo de lectura\" \/>\n\t<meta name=\"twitter:data2\" content=\"4 minutos\" \/>\n<script type=\"application\/ld+json\" class=\"yoast-schema-graph\">{\"@context\":\"https:\/\/schema.org\",\"@graph\":[{\"@type\":\"Article\",\"@id\":\"https:\/\/potenciaradiofonicadominicana.com\/portal\/edward-cabrera-hace-historia-en-primera-salida-con-chicago-cubs\/#article\",\"isPartOf\":{\"@id\":\"https:\/\/potenciaradiofonicadominicana.com\/portal\/edward-cabrera-hace-historia-en-primera-salida-con-chicago-cubs\/\"},\"author\":{\"name\":\"Potencia Radiof\u00f3nica Dominicana\",\"@id\":\"https:\/\/potenciaradiofonicadominicana.com\/portal\/#\/schema\/person\/a5cf1fea13877803ee0573ac18b03490\"},\"headline\":\"Edward Cabrera hace historia en primera salida con Chicago Cubs\",\"datePublished\":\"2026-04-01T02:03:42+00:00\",\"mainEntityOfPage\":{\"@id\":\"https:\/\/potenciaradiofonicadominicana.com\/portal\/edward-cabrera-hace-historia-en-primera-salida-con-chicago-cubs\/\"},\"wordCount\":799,\"publisher\":{\"@id\":\"https:\/\/potenciaradiofonicadominicana.com\/portal\/#organization\"},\"image\":{\"@id\":\"https:\/\/potenciaradiofonicadominicana.com\/portal\/edward-cabrera-hace-historia-en-primera-salida-con-chicago-cubs\/#primaryimage\"},\"thumbnailUrl\":\"https:\/\/potenciaradiofonicadominicana.com\/portal\/wp-content\/uploads\/2026\/03\/EdwardCabreraPatrickGorski-ImagnImages.jpg.6491bb99ee810b4f87c456aa441c369e.jpg\",\"articleSection\":[\"Deportes\"],\"inLanguage\":\"es\"},{\"@type\":\"WebPage\",\"@id\":\"https:\/\/potenciaradiofonicadominicana.com\/portal\/edward-cabrera-hace-historia-en-primera-salida-con-chicago-cubs\/\",\"url\":\"https:\/\/potenciaradiofonicadominicana.com\/portal\/edward-cabrera-hace-historia-en-primera-salida-con-chicago-cubs\/\",\"name\":\"Edward Cabrera hace historia en primera salida con Chicago Cubs - PotenciaRadiofonicaDominicana.com\",\"isPartOf\":{\"@id\":\"https:\/\/potenciaradiofonicadominicana.com\/portal\/#website\"},\"primaryImageOfPage\":{\"@id\":\"https:\/\/potenciaradiofonicadominicana.com\/portal\/edward-cabrera-hace-historia-en-primera-salida-con-chicago-cubs\/#primaryimage\"},\"image\":{\"@id\":\"https:\/\/potenciaradiofonicadominicana.com\/portal\/edward-cabrera-hace-historia-en-primera-salida-con-chicago-cubs\/#primaryimage\"},\"thumbnailUrl\":\"https:\/\/potenciaradiofonicadominicana.com\/portal\/wp-content\/uploads\/2026\/03\/EdwardCabreraPatrickGorski-ImagnImages.jpg.6491bb99ee810b4f87c456aa441c369e.jpg\",\"datePublished\":\"2026-04-01T02:03:42+00:00\",\"breadcrumb\":{\"@id\":\"https:\/\/potenciaradiofonicadominicana.com\/portal\/edward-cabrera-hace-historia-en-primera-salida-con-chicago-cubs\/#breadcrumb\"},\"inLanguage\":\"es\",\"potentialAction\":[{\"@type\":\"ReadAction\",\"target\":[\"https:\/\/potenciaradiofonicadominicana.com\/portal\/edward-cabrera-hace-historia-en-primera-salida-con-chicago-cubs\/\"]}]},{\"@type\":\"ImageObject\",\"inLanguage\":\"es\",\"@id\":\"https:\/\/potenciaradiofonicadominicana.com\/portal\/edward-cabrera-hace-historia-en-primera-salida-con-chicago-cubs\/#primaryimage\",\"url\":\"https:\/\/potenciaradiofonicadominicana.com\/portal\/wp-content\/uploads\/2026\/03\/EdwardCabreraPatrickGorski-ImagnImages.jpg.6491bb99ee810b4f87c456aa441c369e.jpg\",\"contentUrl\":\"https:\/\/potenciaradiofonicadominicana.com\/portal\/wp-content\/uploads\/2026\/03\/EdwardCabreraPatrickGorski-ImagnImages.jpg.6491bb99ee810b4f87c456aa441c369e.jpg\",\"width\":1500,\"height\":1000},{\"@type\":\"BreadcrumbList\",\"@id\":\"https:\/\/potenciaradiofonicadominicana.com\/portal\/edward-cabrera-hace-historia-en-primera-salida-con-chicago-cubs\/#breadcrumb\",\"itemListElement\":[{\"@type\":\"ListItem\",\"position\":1,\"name\":\"Portada\",\"item\":\"https:\/\/potenciaradiofonicadominicana.com\/portal\/\"},{\"@type\":\"ListItem\",\"position\":2,\"name\":\"Edward Cabrera hace historia en primera salida con Chicago Cubs\"}]},{\"@type\":\"WebSite\",\"@id\":\"https:\/\/potenciaradiofonicadominicana.com\/portal\/#website\",\"url\":\"https:\/\/potenciaradiofonicadominicana.com\/portal\/\",\"name\":\"PotenciaRadiofonicaDominicana.com\",\"description\":\"Peri\u00f3dico Digital\",\"publisher\":{\"@id\":\"https:\/\/potenciaradiofonicadominicana.com\/portal\/#organization\"},\"potentialAction\":[{\"@type\":\"SearchAction\",\"target\":{\"@type\":\"EntryPoint\",\"urlTemplate\":\"https:\/\/potenciaradiofonicadominicana.com\/portal\/?s={search_term_string}\"},\"query-input\":{\"@type\":\"PropertyValueSpecification\",\"valueRequired\":true,\"valueName\":\"search_term_string\"}}],\"inLanguage\":\"es\"},{\"@type\":\"Organization\",\"@id\":\"https:\/\/potenciaradiofonicadominicana.com\/portal\/#organization\",\"name\":\"PotenciaRadiofonicaDominicana.com\",\"url\":\"https:\/\/potenciaradiofonicadominicana.com\/portal\/\",\"logo\":{\"@type\":\"ImageObject\",\"inLanguage\":\"es\",\"@id\":\"https:\/\/potenciaradiofonicadominicana.com\/portal\/#\/schema\/logo\/image\/\",\"url\":\"https:\/\/potenciaradiofonicadominicana.com\/portal\/wp-content\/uploads\/2022\/01\/descarga.png\",\"contentUrl\":\"https:\/\/potenciaradiofonicadominicana.com\/portal\/wp-content\/uploads\/2022\/01\/descarga.png\",\"width\":300,\"height\":100,\"caption\":\"PotenciaRadiofonicaDominicana.com\"},\"image\":{\"@id\":\"https:\/\/potenciaradiofonicadominicana.com\/portal\/#\/schema\/logo\/image\/\"},\"sameAs\":[\"https:\/\/web.facebook.com\/PotenciaRadiofonicaD\"]},{\"@type\":\"Person\",\"@id\":\"https:\/\/potenciaradiofonicadominicana.com\/portal\/#\/schema\/person\/a5cf1fea13877803ee0573ac18b03490\",\"name\":\"Potencia Radiof\u00f3nica Dominicana\",\"image\":{\"@type\":\"ImageObject\",\"inLanguage\":\"es\",\"@id\":\"https:\/\/potenciaradiofonicadominicana.com\/portal\/#\/schema\/person\/image\/\",\"url\":\"https:\/\/secure.gravatar.com\/avatar\/42a55ab9e8ccc656ba34cd791990602a?s=96&d=mm&r=g\",\"contentUrl\":\"https:\/\/secure.gravatar.com\/avatar\/42a55ab9e8ccc656ba34cd791990602a?s=96&d=mm&r=g\",\"caption\":\"Potencia Radiof\u00f3nica Dominicana\"},\"url\":\"https:\/\/potenciaradiofonicadominicana.com\/portal\/author\/johannyalmanzar\/\"}]}<\/script>\n<!-- \/ Yoast SEO plugin. -->","yoast_head_json":{"title":"Edward Cabrera hace historia en primera salida con Chicago Cubs - PotenciaRadiofonicaDominicana.com","robots":{"index":"index","follow":"follow","max-snippet":"max-snippet:-1","max-image-preview":"max-image-preview:large","max-video-preview":"max-video-preview:-1"},"canonical":"https:\/\/potenciaradiofonicadominicana.com\/portal\/edward-cabrera-hace-historia-en-primera-salida-con-chicago-cubs\/","og_locale":"es_ES","og_type":"article","og_title":"Edward Cabrera hace historia en primera salida con Chicago Cubs - PotenciaRadiofonicaDominicana.com","og_description":"El primer partido del lanzador dominicano Edward Cabrera con los Cubs ofreci\u00f3 un brillante anticipo de un futuro largo y ...","og_url":"https:\/\/potenciaradiofonicadominicana.com\/portal\/edward-cabrera-hace-historia-en-primera-salida-con-chicago-cubs\/","og_site_name":"PotenciaRadiofonicaDominicana.com","article_publisher":"https:\/\/web.facebook.com\/PotenciaRadiofonicaD","article_published_time":"2026-04-01T02:03:42+00:00","og_image":[{"width":1500,"height":1000,"url":"https:\/\/potenciaradiofonicadominicana.com\/portal\/wp-content\/uploads\/2026\/03\/EdwardCabreraPatrickGorski-ImagnImages.jpg.6491bb99ee810b4f87c456aa441c369e.jpg","type":"image\/jpeg"}],"author":"Potencia Radiof\u00f3nica Dominicana","twitter_card":"summary_large_image","twitter_misc":{"Escrito por":"Potencia Radiof\u00f3nica Dominicana","Tiempo de lectura":"4 minutos"},"schema":{"@context":"https:\/\/schema.org","@graph":[{"@type":"Article","@id":"https:\/\/potenciaradiofonicadominicana.com\/portal\/edward-cabrera-hace-historia-en-primera-salida-con-chicago-cubs\/#article","isPartOf":{"@id":"https:\/\/potenciaradiofonicadominicana.com\/portal\/edward-cabrera-hace-historia-en-primera-salida-con-chicago-cubs\/"},"author":{"name":"Potencia Radiof\u00f3nica Dominicana","@id":"https:\/\/potenciaradiofonicadominicana.com\/portal\/#\/schema\/person\/a5cf1fea13877803ee0573ac18b03490"},"headline":"Edward Cabrera hace historia en primera salida con Chicago Cubs","datePublished":"2026-04-01T02:03:42+00:00","mainEntityOfPage":{"@id":"https:\/\/potenciaradiofonicadominicana.com\/portal\/edward-cabrera-hace-historia-en-primera-salida-con-chicago-cubs\/"},"wordCount":799,"publisher":{"@id":"https:\/\/potenciaradiofonicadominicana.com\/portal\/#organization"},"image":{"@id":"https:\/\/potenciaradiofonicadominicana.com\/portal\/edward-cabrera-hace-historia-en-primera-salida-con-chicago-cubs\/#primaryimage"},"thumbnailUrl":"https:\/\/potenciaradiofonicadominicana.com\/portal\/wp-content\/uploads\/2026\/03\/EdwardCabreraPatrickGorski-ImagnImages.jpg.6491bb99ee810b4f87c456aa441c369e.jpg","articleSection":["Deportes"],"inLanguage":"es"},{"@type":"WebPage","@id":"https:\/\/potenciaradiofonicadominicana.com\/portal\/edward-cabrera-hace-historia-en-primera-salida-con-chicago-cubs\/","url":"https:\/\/potenciaradiofonicadominicana.com\/portal\/edward-cabrera-hace-historia-en-primera-salida-con-chicago-cubs\/","name":"Edward Cabrera hace historia en primera salida con Chicago Cubs - PotenciaRadiofonicaDominicana.com","isPartOf":{"@id":"https:\/\/potenciaradiofonicadominicana.com\/portal\/#website"},"primaryImageOfPage":{"@id":"https:\/\/potenciaradiofonicadominicana.com\/portal\/edward-cabrera-hace-historia-en-primera-salida-con-chicago-cubs\/#primaryimage"},"image":{"@id":"https:\/\/potenciaradiofonicadominicana.com\/portal\/edward-cabrera-hace-historia-en-primera-salida-con-chicago-cubs\/#primaryimage"},"thumbnailUrl":"https:\/\/potenciaradiofonicadominicana.com\/portal\/wp-content\/uploads\/2026\/03\/EdwardCabreraPatrickGorski-ImagnImages.jpg.6491bb99ee810b4f87c456aa441c369e.jpg","datePublished":"2026-04-01T02:03:42+00:00","breadcrumb":{"@id":"https:\/\/potenciaradiofonicadominicana.com\/portal\/edward-cabrera-hace-historia-en-primera-salida-con-chicago-cubs\/#breadcrumb"},"inLanguage":"es","potentialAction":[{"@type":"ReadAction","target":["https:\/\/potenciaradiofonicadominicana.com\/portal\/edward-cabrera-hace-historia-en-primera-salida-con-chicago-cubs\/"]}]},{"@type":"ImageObject","inLanguage":"es","@id":"https:\/\/potenciaradiofonicadominicana.com\/portal\/edward-cabrera-hace-historia-en-primera-salida-con-chicago-cubs\/#primaryimage","url":"https:\/\/potenciaradiofonicadominicana.com\/portal\/wp-content\/uploads\/2026\/03\/EdwardCabreraPatrickGorski-ImagnImages.jpg.6491bb99ee810b4f87c456aa441c369e.jpg","contentUrl":"https:\/\/potenciaradiofonicadominicana.com\/portal\/wp-content\/uploads\/2026\/03\/EdwardCabreraPatrickGorski-ImagnImages.jpg.6491bb99ee810b4f87c456aa441c369e.jpg","width":1500,"height":1000},{"@type":"BreadcrumbList","@id":"https:\/\/potenciaradiofonicadominicana.com\/portal\/edward-cabrera-hace-historia-en-primera-salida-con-chicago-cubs\/#breadcrumb","itemListElement":[{"@type":"ListItem","position":1,"name":"Portada","item":"https:\/\/potenciaradiofonicadominicana.com\/portal\/"},{"@type":"ListItem","position":2,"name":"Edward Cabrera hace historia en primera salida con Chicago Cubs"}]},{"@type":"WebSite","@id":"https:\/\/potenciaradiofonicadominicana.com\/portal\/#website","url":"https:\/\/potenciaradiofonicadominicana.com\/portal\/","name":"PotenciaRadiofonicaDominicana.com","description":"Peri\u00f3dico Digital","publisher":{"@id":"https:\/\/potenciaradiofonicadominicana.com\/portal\/#organization"},"potentialAction":[{"@type":"SearchAction","target":{"@type":"EntryPoint","urlTemplate":"https:\/\/potenciaradiofonicadominicana.com\/portal\/?s={search_term_string}"},"query-input":{"@type":"PropertyValueSpecification","valueRequired":true,"valueName":"search_term_string"}}],"inLanguage":"es"},{"@type":"Organization","@id":"https:\/\/potenciaradiofonicadominicana.com\/portal\/#organization","name":"PotenciaRadiofonicaDominicana.com","url":"https:\/\/potenciaradiofonicadominicana.com\/portal\/","logo":{"@type":"ImageObject","inLanguage":"es","@id":"https:\/\/potenciaradiofonicadominicana.com\/portal\/#\/schema\/logo\/image\/","url":"https:\/\/potenciaradiofonicadominicana.com\/portal\/wp-content\/uploads\/2022\/01\/descarga.png","contentUrl":"https:\/\/potenciaradiofonicadominicana.com\/portal\/wp-content\/uploads\/2022\/01\/descarga.png","width":300,"height":100,"caption":"PotenciaRadiofonicaDominicana.com"},"image":{"@id":"https:\/\/potenciaradiofonicadominicana.com\/portal\/#\/schema\/logo\/image\/"},"sameAs":["https:\/\/web.facebook.com\/PotenciaRadiofonicaD"]},{"@type":"Person","@id":"https:\/\/potenciaradiofonicadominicana.com\/portal\/#\/schema\/person\/a5cf1fea13877803ee0573ac18b03490","name":"Potencia Radiof\u00f3nica Dominicana","image":{"@type":"ImageObject","inLanguage":"es","@id":"https:\/\/potenciaradiofonicadominicana.com\/portal\/#\/schema\/person\/image\/","url":"https:\/\/secure.gravatar.com\/avatar\/42a55ab9e8ccc656ba34cd791990602a?s=96&d=mm&r=g","contentUrl":"https:\/\/secure.gravatar.com\/avatar\/42a55ab9e8ccc656ba34cd791990602a?s=96&d=mm&r=g","caption":"Potencia Radiof\u00f3nica Dominicana"},"url":"https:\/\/potenciaradiofonicadominicana.com\/portal\/author\/johannyalmanzar\/"}]}},"_links":{"self":[{"href":"https:\/\/potenciaradiofonicadominicana.com\/portal\/wp-json\/wp\/v2\/posts\/214024","targetHints":{"allow":["GET"]}}],"collection":[{"href":"https:\/\/potenciaradiofonicadominicana.com\/portal\/wp-json\/wp\/v2\/posts"}],"about":[{"href":"https:\/\/potenciaradiofonicadominicana.com\/portal\/wp-json\/wp\/v2\/types\/post"}],"author":[{"embeddable":true,"href":"https:\/\/potenciaradiofonicadominicana.com\/portal\/wp-json\/wp\/v2\/users\/2"}],"replies":[{"embeddable":true,"href":"https:\/\/potenciaradiofonicadominicana.com\/portal\/wp-json\/wp\/v2\/comments?post=214024"}],"version-history":[{"count":1,"href":"https:\/\/potenciaradiofonicadominicana.com\/portal\/wp-json\/wp\/v2\/posts\/214024\/revisions"}],"predecessor-version":[{"id":214026,"href":"https:\/\/potenciaradiofonicadominicana.com\/portal\/wp-json\/wp\/v2\/posts\/214024\/revisions\/214026"}],"wp:featuredmedia":[{"embeddable":true,"href":"https:\/\/potenciaradiofonicadominicana.com\/portal\/wp-json\/wp\/v2\/media\/214025"}],"wp:attachment":[{"href":"https:\/\/potenciaradiofonicadominicana.com\/portal\/wp-json\/wp\/v2\/media?parent=214024"}],"wp:term":[{"taxonomy":"category","embeddable":true,"href":"https:\/\/potenciaradiofonicadominicana.com\/portal\/wp-json\/wp\/v2\/categories?post=214024"},{"taxonomy":"post_tag","embeddable":true,"href":"https:\/\/potenciaradiofonicadominicana.com\/portal\/wp-json\/wp\/v2\/tags?post=214024"}],"curies":[{"name":"wp","href":"https:\/\/api.w.org\/{rel}","templated":true}]}}