{"id":214021,"date":"2026-03-31T22:02:04","date_gmt":"2026-04-01T02:02:04","guid":{"rendered":"https:\/\/potenciaradiofonicadominicana.com\/portal\/?p=214021"},"modified":"2026-03-31T22:02:04","modified_gmt":"2026-04-01T02:02:04","slug":"seattle-firma-a-colt-emerson-por-8-anos-y-us-95-millones-record-para-un-prospecto-antes-de-debutar","status":"publish","type":"post","link":"https:\/\/potenciaradiofonicadominicana.com\/portal\/seattle-firma-a-colt-emerson-por-8-anos-y-us-95-millones-record-para-un-prospecto-antes-de-debutar\/","title":{"rendered":"Seattle firma a Colt Emerson por 8 a\u00f1os y US$ 95 millones, r\u00e9cord para un prospecto antes de debutar"},"content":{"rendered":"<p><a href=\"https:\/\/potenciaradiofonicadominicana.com\/portal\/wp-content\/uploads\/2026\/03\/28322260.jpg\"><img loading=\"lazy\" decoding=\"async\" class=\"alignnone size-full wp-image-214022\" src=\"https:\/\/potenciaradiofonicadominicana.com\/portal\/wp-content\/uploads\/2026\/03\/28322260.jpg\" alt=\"\" width=\"1099\" height=\"733\" srcset=\"https:\/\/potenciaradiofonicadominicana.com\/portal\/wp-content\/uploads\/2026\/03\/28322260.jpg 1099w, https:\/\/potenciaradiofonicadominicana.com\/portal\/wp-content\/uploads\/2026\/03\/28322260-300x200.jpg 300w, https:\/\/potenciaradiofonicadominicana.com\/portal\/wp-content\/uploads\/2026\/03\/28322260-1024x683.jpg 1024w, https:\/\/potenciaradiofonicadominicana.com\/portal\/wp-content\/uploads\/2026\/03\/28322260-768x512.jpg 768w\" sizes=\"auto, (max-width: 1099px) 100vw, 1099px\" \/><\/a><\/p>\n<p>Colt Emerson, la principal promesa de los Marineros de Seattle, a\u00fan no ha debutado en las Grandes Ligas, pero cobra como un veterano experimentado.<\/p>\n<p>Seg\u00fan varios reportes, Emerson firm\u00f3 el martes una extensi\u00f3n de contrato multimillonaria de ocho a\u00f1os y 95 millones de d\u00f3lares con el equipo.<\/p>\n<p>Esta cifra representa un nuevo r\u00e9cord para un prospecto en las Grandes Ligas, seg\u00fan reporta Jon Heyman de MLB .<\/p>\n<p>El acuerdo, incluye una opci\u00f3n para un noveno a\u00f1o y una cl\u00e1usula de no cambio. Puede llegar a superar los 130 millones de d\u00f3lares en base a diversas escalas, seg\u00fan informa Robert Murray de FanSided.<\/p>\n<p>Mete\u00f3rico ascenso<br \/>\nEmerson, de 20 a\u00f1os, ha ascendido de manera constante en las listas de prospectos desde 2024. Al entrar en la temporada 2026 de la MLB, Emerson ocupaba el puesto n\u00famero 7 en el ranking de Baseball America. En 2025, hizo un ascenso mete\u00f3rico por las ligas menores, bateando .285\/.383\/.458 en tres niveles.<\/p>\n<p>El campocorto tambi\u00e9n mostr\u00f3 una mejora defensiva el a\u00f1o pasado, lo que ha llevado a algunos a pensar que puede mantenerse en esa posici\u00f3n en las Grandes Ligas.<\/p>\n<p>Durante su carrera en ligas menores, Emerson ha jugado en la segunda y tercera base, aunque solo ha defendido el campocorto en tres partidos de Triple-A esta temporada.<\/p>\n<p>A pesar de una destacada actuaci\u00f3n en el entrenamiento de primavera, en la que Emerson bate\u00f3 .268\/.340\/.488 con dos jonrones en 41 turnos al bate, los Marineros decidieron no incluirlo en el roster de las Grandes Ligas.<\/p>\n<p>Con el campocorto titular J.P. Crawford lesionado al inicio de la temporada, los Marineros comenzaron el a\u00f1o con Leo Rivas ocupando la posici\u00f3n.<\/p>\n<p>Aunque Rivas no ha tenido un buen inicio con el bate, se espera que Crawford regrese pronto, lo que hace incierto el momento del debut de Emerson en las Grandes Ligas.<\/p>\n<p>Sin embargo, ahora que Emerson est\u00e1 ganando una cifra considerable, es un candidato a ser llamado r\u00e1pidamente en caso de que Crawford o el segunda base Cole Young enfrenten dificultades en las pr\u00f3ximas semanas.<\/p>\n<p>Con la versatilidad de Emerson y la capacidad del infielder Brendon Donovan para jugar en varias posiciones del cuadro, el equipo podr\u00e1 ser creativo con su alineaci\u00f3n y posicionamiento defensivo cuando est\u00e9 listo para llamar a Emerson a las Grandes Ligas.<\/p>\n","protected":false},"excerpt":{"rendered":"<p>Colt Emerson, la principal promesa de los Marineros de Seattle, a\u00fan no ha debutado en las Grandes Ligas, pero cobra &#8230;<\/p>\n","protected":false},"author":2,"featured_media":214022,"comment_status":"closed","ping_status":"closed","sticky":false,"template":"","format":"standard","meta":{"footnotes":""},"categories":[28],"tags":[],"class_list":["post-214021","post","type-post","status-publish","format-standard","has-post-thumbnail","hentry","category-deportes"],"yoast_head":"<!-- This site is optimized with the Yoast SEO plugin v24.8.1 - https:\/\/yoast.com\/wordpress\/plugins\/seo\/ -->\n<title>Seattle firma a Colt Emerson por 8 a\u00f1os y US$ 95 millones, r\u00e9cord para un prospecto antes de debutar - PotenciaRadiofonicaDominicana.com<\/title>\n<meta name=\"robots\" content=\"index, follow, max-snippet:-1, max-image-preview:large, max-video-preview:-1\" \/>\n<link rel=\"canonical\" href=\"https:\/\/potenciaradiofonicadominicana.com\/portal\/seattle-firma-a-colt-emerson-por-8-anos-y-us-95-millones-record-para-un-prospecto-antes-de-debutar\/\" \/>\n<meta property=\"og:locale\" content=\"es_ES\" \/>\n<meta property=\"og:type\" content=\"article\" \/>\n<meta property=\"og:title\" content=\"Seattle firma a Colt Emerson por 8 a\u00f1os y US$ 95 millones, r\u00e9cord para un prospecto antes de debutar - PotenciaRadiofonicaDominicana.com\" \/>\n<meta property=\"og:description\" content=\"Colt Emerson, la principal promesa de los Marineros de Seattle, a\u00fan no ha debutado en las Grandes Ligas, pero cobra ...\" \/>\n<meta property=\"og:url\" content=\"https:\/\/potenciaradiofonicadominicana.com\/portal\/seattle-firma-a-colt-emerson-por-8-anos-y-us-95-millones-record-para-un-prospecto-antes-de-debutar\/\" \/>\n<meta property=\"og:site_name\" content=\"PotenciaRadiofonicaDominicana.com\" \/>\n<meta property=\"article:publisher\" content=\"https:\/\/web.facebook.com\/PotenciaRadiofonicaD\" \/>\n<meta property=\"article:published_time\" content=\"2026-04-01T02:02:04+00:00\" \/>\n<meta property=\"og:image\" content=\"https:\/\/potenciaradiofonicadominicana.com\/portal\/wp-content\/uploads\/2026\/03\/28322260.jpg\" \/>\n\t<meta property=\"og:image:width\" content=\"1099\" \/>\n\t<meta property=\"og:image:height\" content=\"733\" \/>\n\t<meta property=\"og:image:type\" content=\"image\/jpeg\" \/>\n<meta name=\"author\" content=\"Potencia Radiof\u00f3nica Dominicana\" \/>\n<meta name=\"twitter:card\" content=\"summary_large_image\" \/>\n<meta name=\"twitter:label1\" content=\"Escrito por\" \/>\n\t<meta name=\"twitter:data1\" content=\"Potencia Radiof\u00f3nica Dominicana\" \/>\n\t<meta name=\"twitter:label2\" content=\"Tiempo de lectura\" \/>\n\t<meta name=\"twitter:data2\" content=\"3 minutos\" \/>\n<script type=\"application\/ld+json\" class=\"yoast-schema-graph\">{\"@context\":\"https:\/\/schema.org\",\"@graph\":[{\"@type\":\"Article\",\"@id\":\"https:\/\/potenciaradiofonicadominicana.com\/portal\/seattle-firma-a-colt-emerson-por-8-anos-y-us-95-millones-record-para-un-prospecto-antes-de-debutar\/#article\",\"isPartOf\":{\"@id\":\"https:\/\/potenciaradiofonicadominicana.com\/portal\/seattle-firma-a-colt-emerson-por-8-anos-y-us-95-millones-record-para-un-prospecto-antes-de-debutar\/\"},\"author\":{\"name\":\"Potencia Radiof\u00f3nica Dominicana\",\"@id\":\"https:\/\/potenciaradiofonicadominicana.com\/portal\/#\/schema\/person\/a5cf1fea13877803ee0573ac18b03490\"},\"headline\":\"Seattle firma a Colt Emerson por 8 a\u00f1os y US$ 95 millones, r\u00e9cord para un prospecto antes de debutar\",\"datePublished\":\"2026-04-01T02:02:04+00:00\",\"mainEntityOfPage\":{\"@id\":\"https:\/\/potenciaradiofonicadominicana.com\/portal\/seattle-firma-a-colt-emerson-por-8-anos-y-us-95-millones-record-para-un-prospecto-antes-de-debutar\/\"},\"wordCount\":412,\"publisher\":{\"@id\":\"https:\/\/potenciaradiofonicadominicana.com\/portal\/#organization\"},\"image\":{\"@id\":\"https:\/\/potenciaradiofonicadominicana.com\/portal\/seattle-firma-a-colt-emerson-por-8-anos-y-us-95-millones-record-para-un-prospecto-antes-de-debutar\/#primaryimage\"},\"thumbnailUrl\":\"https:\/\/potenciaradiofonicadominicana.com\/portal\/wp-content\/uploads\/2026\/03\/28322260.jpg\",\"articleSection\":[\"Deportes\"],\"inLanguage\":\"es\"},{\"@type\":\"WebPage\",\"@id\":\"https:\/\/potenciaradiofonicadominicana.com\/portal\/seattle-firma-a-colt-emerson-por-8-anos-y-us-95-millones-record-para-un-prospecto-antes-de-debutar\/\",\"url\":\"https:\/\/potenciaradiofonicadominicana.com\/portal\/seattle-firma-a-colt-emerson-por-8-anos-y-us-95-millones-record-para-un-prospecto-antes-de-debutar\/\",\"name\":\"Seattle firma a Colt Emerson por 8 a\u00f1os y US$ 95 millones, r\u00e9cord para un prospecto antes de debutar - PotenciaRadiofonicaDominicana.com\",\"isPartOf\":{\"@id\":\"https:\/\/potenciaradiofonicadominicana.com\/portal\/#website\"},\"primaryImageOfPage\":{\"@id\":\"https:\/\/potenciaradiofonicadominicana.com\/portal\/seattle-firma-a-colt-emerson-por-8-anos-y-us-95-millones-record-para-un-prospecto-antes-de-debutar\/#primaryimage\"},\"image\":{\"@id\":\"https:\/\/potenciaradiofonicadominicana.com\/portal\/seattle-firma-a-colt-emerson-por-8-anos-y-us-95-millones-record-para-un-prospecto-antes-de-debutar\/#primaryimage\"},\"thumbnailUrl\":\"https:\/\/potenciaradiofonicadominicana.com\/portal\/wp-content\/uploads\/2026\/03\/28322260.jpg\",\"datePublished\":\"2026-04-01T02:02:04+00:00\",\"breadcrumb\":{\"@id\":\"https:\/\/potenciaradiofonicadominicana.com\/portal\/seattle-firma-a-colt-emerson-por-8-anos-y-us-95-millones-record-para-un-prospecto-antes-de-debutar\/#breadcrumb\"},\"inLanguage\":\"es\",\"potentialAction\":[{\"@type\":\"ReadAction\",\"target\":[\"https:\/\/potenciaradiofonicadominicana.com\/portal\/seattle-firma-a-colt-emerson-por-8-anos-y-us-95-millones-record-para-un-prospecto-antes-de-debutar\/\"]}]},{\"@type\":\"ImageObject\",\"inLanguage\":\"es\",\"@id\":\"https:\/\/potenciaradiofonicadominicana.com\/portal\/seattle-firma-a-colt-emerson-por-8-anos-y-us-95-millones-record-para-un-prospecto-antes-de-debutar\/#primaryimage\",\"url\":\"https:\/\/potenciaradiofonicadominicana.com\/portal\/wp-content\/uploads\/2026\/03\/28322260.jpg\",\"contentUrl\":\"https:\/\/potenciaradiofonicadominicana.com\/portal\/wp-content\/uploads\/2026\/03\/28322260.jpg\",\"width\":1099,\"height\":733},{\"@type\":\"BreadcrumbList\",\"@id\":\"https:\/\/potenciaradiofonicadominicana.com\/portal\/seattle-firma-a-colt-emerson-por-8-anos-y-us-95-millones-record-para-un-prospecto-antes-de-debutar\/#breadcrumb\",\"itemListElement\":[{\"@type\":\"ListItem\",\"position\":1,\"name\":\"Portada\",\"item\":\"https:\/\/potenciaradiofonicadominicana.com\/portal\/\"},{\"@type\":\"ListItem\",\"position\":2,\"name\":\"Seattle firma a Colt Emerson por 8 a\u00f1os y US$ 95 millones, r\u00e9cord para un prospecto antes de debutar\"}]},{\"@type\":\"WebSite\",\"@id\":\"https:\/\/potenciaradiofonicadominicana.com\/portal\/#website\",\"url\":\"https:\/\/potenciaradiofonicadominicana.com\/portal\/\",\"name\":\"PotenciaRadiofonicaDominicana.com\",\"description\":\"Peri\u00f3dico Digital\",\"publisher\":{\"@id\":\"https:\/\/potenciaradiofonicadominicana.com\/portal\/#organization\"},\"potentialAction\":[{\"@type\":\"SearchAction\",\"target\":{\"@type\":\"EntryPoint\",\"urlTemplate\":\"https:\/\/potenciaradiofonicadominicana.com\/portal\/?s={search_term_string}\"},\"query-input\":{\"@type\":\"PropertyValueSpecification\",\"valueRequired\":true,\"valueName\":\"search_term_string\"}}],\"inLanguage\":\"es\"},{\"@type\":\"Organization\",\"@id\":\"https:\/\/potenciaradiofonicadominicana.com\/portal\/#organization\",\"name\":\"PotenciaRadiofonicaDominicana.com\",\"url\":\"https:\/\/potenciaradiofonicadominicana.com\/portal\/\",\"logo\":{\"@type\":\"ImageObject\",\"inLanguage\":\"es\",\"@id\":\"https:\/\/potenciaradiofonicadominicana.com\/portal\/#\/schema\/logo\/image\/\",\"url\":\"https:\/\/potenciaradiofonicadominicana.com\/portal\/wp-content\/uploads\/2022\/01\/descarga.png\",\"contentUrl\":\"https:\/\/potenciaradiofonicadominicana.com\/portal\/wp-content\/uploads\/2022\/01\/descarga.png\",\"width\":300,\"height\":100,\"caption\":\"PotenciaRadiofonicaDominicana.com\"},\"image\":{\"@id\":\"https:\/\/potenciaradiofonicadominicana.com\/portal\/#\/schema\/logo\/image\/\"},\"sameAs\":[\"https:\/\/web.facebook.com\/PotenciaRadiofonicaD\"]},{\"@type\":\"Person\",\"@id\":\"https:\/\/potenciaradiofonicadominicana.com\/portal\/#\/schema\/person\/a5cf1fea13877803ee0573ac18b03490\",\"name\":\"Potencia Radiof\u00f3nica Dominicana\",\"image\":{\"@type\":\"ImageObject\",\"inLanguage\":\"es\",\"@id\":\"https:\/\/potenciaradiofonicadominicana.com\/portal\/#\/schema\/person\/image\/\",\"url\":\"https:\/\/secure.gravatar.com\/avatar\/42a55ab9e8ccc656ba34cd791990602a?s=96&d=mm&r=g\",\"contentUrl\":\"https:\/\/secure.gravatar.com\/avatar\/42a55ab9e8ccc656ba34cd791990602a?s=96&d=mm&r=g\",\"caption\":\"Potencia Radiof\u00f3nica Dominicana\"},\"url\":\"https:\/\/potenciaradiofonicadominicana.com\/portal\/author\/johannyalmanzar\/\"}]}<\/script>\n<!-- \/ Yoast SEO plugin. -->","yoast_head_json":{"title":"Seattle firma a Colt Emerson por 8 a\u00f1os y US$ 95 millones, r\u00e9cord para un prospecto antes de debutar - PotenciaRadiofonicaDominicana.com","robots":{"index":"index","follow":"follow","max-snippet":"max-snippet:-1","max-image-preview":"max-image-preview:large","max-video-preview":"max-video-preview:-1"},"canonical":"https:\/\/potenciaradiofonicadominicana.com\/portal\/seattle-firma-a-colt-emerson-por-8-anos-y-us-95-millones-record-para-un-prospecto-antes-de-debutar\/","og_locale":"es_ES","og_type":"article","og_title":"Seattle firma a Colt Emerson por 8 a\u00f1os y US$ 95 millones, r\u00e9cord para un prospecto antes de debutar - PotenciaRadiofonicaDominicana.com","og_description":"Colt Emerson, la principal promesa de los Marineros de Seattle, a\u00fan no ha debutado en las Grandes Ligas, pero cobra ...","og_url":"https:\/\/potenciaradiofonicadominicana.com\/portal\/seattle-firma-a-colt-emerson-por-8-anos-y-us-95-millones-record-para-un-prospecto-antes-de-debutar\/","og_site_name":"PotenciaRadiofonicaDominicana.com","article_publisher":"https:\/\/web.facebook.com\/PotenciaRadiofonicaD","article_published_time":"2026-04-01T02:02:04+00:00","og_image":[{"width":1099,"height":733,"url":"https:\/\/potenciaradiofonicadominicana.com\/portal\/wp-content\/uploads\/2026\/03\/28322260.jpg","type":"image\/jpeg"}],"author":"Potencia Radiof\u00f3nica Dominicana","twitter_card":"summary_large_image","twitter_misc":{"Escrito por":"Potencia Radiof\u00f3nica Dominicana","Tiempo de lectura":"3 minutos"},"schema":{"@context":"https:\/\/schema.org","@graph":[{"@type":"Article","@id":"https:\/\/potenciaradiofonicadominicana.com\/portal\/seattle-firma-a-colt-emerson-por-8-anos-y-us-95-millones-record-para-un-prospecto-antes-de-debutar\/#article","isPartOf":{"@id":"https:\/\/potenciaradiofonicadominicana.com\/portal\/seattle-firma-a-colt-emerson-por-8-anos-y-us-95-millones-record-para-un-prospecto-antes-de-debutar\/"},"author":{"name":"Potencia Radiof\u00f3nica Dominicana","@id":"https:\/\/potenciaradiofonicadominicana.com\/portal\/#\/schema\/person\/a5cf1fea13877803ee0573ac18b03490"},"headline":"Seattle firma a Colt Emerson por 8 a\u00f1os y US$ 95 millones, r\u00e9cord para un prospecto antes de debutar","datePublished":"2026-04-01T02:02:04+00:00","mainEntityOfPage":{"@id":"https:\/\/potenciaradiofonicadominicana.com\/portal\/seattle-firma-a-colt-emerson-por-8-anos-y-us-95-millones-record-para-un-prospecto-antes-de-debutar\/"},"wordCount":412,"publisher":{"@id":"https:\/\/potenciaradiofonicadominicana.com\/portal\/#organization"},"image":{"@id":"https:\/\/potenciaradiofonicadominicana.com\/portal\/seattle-firma-a-colt-emerson-por-8-anos-y-us-95-millones-record-para-un-prospecto-antes-de-debutar\/#primaryimage"},"thumbnailUrl":"https:\/\/potenciaradiofonicadominicana.com\/portal\/wp-content\/uploads\/2026\/03\/28322260.jpg","articleSection":["Deportes"],"inLanguage":"es"},{"@type":"WebPage","@id":"https:\/\/potenciaradiofonicadominicana.com\/portal\/seattle-firma-a-colt-emerson-por-8-anos-y-us-95-millones-record-para-un-prospecto-antes-de-debutar\/","url":"https:\/\/potenciaradiofonicadominicana.com\/portal\/seattle-firma-a-colt-emerson-por-8-anos-y-us-95-millones-record-para-un-prospecto-antes-de-debutar\/","name":"Seattle firma a Colt Emerson por 8 a\u00f1os y US$ 95 millones, r\u00e9cord para un prospecto antes de debutar - PotenciaRadiofonicaDominicana.com","isPartOf":{"@id":"https:\/\/potenciaradiofonicadominicana.com\/portal\/#website"},"primaryImageOfPage":{"@id":"https:\/\/potenciaradiofonicadominicana.com\/portal\/seattle-firma-a-colt-emerson-por-8-anos-y-us-95-millones-record-para-un-prospecto-antes-de-debutar\/#primaryimage"},"image":{"@id":"https:\/\/potenciaradiofonicadominicana.com\/portal\/seattle-firma-a-colt-emerson-por-8-anos-y-us-95-millones-record-para-un-prospecto-antes-de-debutar\/#primaryimage"},"thumbnailUrl":"https:\/\/potenciaradiofonicadominicana.com\/portal\/wp-content\/uploads\/2026\/03\/28322260.jpg","datePublished":"2026-04-01T02:02:04+00:00","breadcrumb":{"@id":"https:\/\/potenciaradiofonicadominicana.com\/portal\/seattle-firma-a-colt-emerson-por-8-anos-y-us-95-millones-record-para-un-prospecto-antes-de-debutar\/#breadcrumb"},"inLanguage":"es","potentialAction":[{"@type":"ReadAction","target":["https:\/\/potenciaradiofonicadominicana.com\/portal\/seattle-firma-a-colt-emerson-por-8-anos-y-us-95-millones-record-para-un-prospecto-antes-de-debutar\/"]}]},{"@type":"ImageObject","inLanguage":"es","@id":"https:\/\/potenciaradiofonicadominicana.com\/portal\/seattle-firma-a-colt-emerson-por-8-anos-y-us-95-millones-record-para-un-prospecto-antes-de-debutar\/#primaryimage","url":"https:\/\/potenciaradiofonicadominicana.com\/portal\/wp-content\/uploads\/2026\/03\/28322260.jpg","contentUrl":"https:\/\/potenciaradiofonicadominicana.com\/portal\/wp-content\/uploads\/2026\/03\/28322260.jpg","width":1099,"height":733},{"@type":"BreadcrumbList","@id":"https:\/\/potenciaradiofonicadominicana.com\/portal\/seattle-firma-a-colt-emerson-por-8-anos-y-us-95-millones-record-para-un-prospecto-antes-de-debutar\/#breadcrumb","itemListElement":[{"@type":"ListItem","position":1,"name":"Portada","item":"https:\/\/potenciaradiofonicadominicana.com\/portal\/"},{"@type":"ListItem","position":2,"name":"Seattle firma a Colt Emerson por 8 a\u00f1os y US$ 95 millones, r\u00e9cord para un prospecto antes de debutar"}]},{"@type":"WebSite","@id":"https:\/\/potenciaradiofonicadominicana.com\/portal\/#website","url":"https:\/\/potenciaradiofonicadominicana.com\/portal\/","name":"PotenciaRadiofonicaDominicana.com","description":"Peri\u00f3dico Digital","publisher":{"@id":"https:\/\/potenciaradiofonicadominicana.com\/portal\/#organization"},"potentialAction":[{"@type":"SearchAction","target":{"@type":"EntryPoint","urlTemplate":"https:\/\/potenciaradiofonicadominicana.com\/portal\/?s={search_term_string}"},"query-input":{"@type":"PropertyValueSpecification","valueRequired":true,"valueName":"search_term_string"}}],"inLanguage":"es"},{"@type":"Organization","@id":"https:\/\/potenciaradiofonicadominicana.com\/portal\/#organization","name":"PotenciaRadiofonicaDominicana.com","url":"https:\/\/potenciaradiofonicadominicana.com\/portal\/","logo":{"@type":"ImageObject","inLanguage":"es","@id":"https:\/\/potenciaradiofonicadominicana.com\/portal\/#\/schema\/logo\/image\/","url":"https:\/\/potenciaradiofonicadominicana.com\/portal\/wp-content\/uploads\/2022\/01\/descarga.png","contentUrl":"https:\/\/potenciaradiofonicadominicana.com\/portal\/wp-content\/uploads\/2022\/01\/descarga.png","width":300,"height":100,"caption":"PotenciaRadiofonicaDominicana.com"},"image":{"@id":"https:\/\/potenciaradiofonicadominicana.com\/portal\/#\/schema\/logo\/image\/"},"sameAs":["https:\/\/web.facebook.com\/PotenciaRadiofonicaD"]},{"@type":"Person","@id":"https:\/\/potenciaradiofonicadominicana.com\/portal\/#\/schema\/person\/a5cf1fea13877803ee0573ac18b03490","name":"Potencia Radiof\u00f3nica Dominicana","image":{"@type":"ImageObject","inLanguage":"es","@id":"https:\/\/potenciaradiofonicadominicana.com\/portal\/#\/schema\/person\/image\/","url":"https:\/\/secure.gravatar.com\/avatar\/42a55ab9e8ccc656ba34cd791990602a?s=96&d=mm&r=g","contentUrl":"https:\/\/secure.gravatar.com\/avatar\/42a55ab9e8ccc656ba34cd791990602a?s=96&d=mm&r=g","caption":"Potencia Radiof\u00f3nica Dominicana"},"url":"https:\/\/potenciaradiofonicadominicana.com\/portal\/author\/johannyalmanzar\/"}]}},"_links":{"self":[{"href":"https:\/\/potenciaradiofonicadominicana.com\/portal\/wp-json\/wp\/v2\/posts\/214021","targetHints":{"allow":["GET"]}}],"collection":[{"href":"https:\/\/potenciaradiofonicadominicana.com\/portal\/wp-json\/wp\/v2\/posts"}],"about":[{"href":"https:\/\/potenciaradiofonicadominicana.com\/portal\/wp-json\/wp\/v2\/types\/post"}],"author":[{"embeddable":true,"href":"https:\/\/potenciaradiofonicadominicana.com\/portal\/wp-json\/wp\/v2\/users\/2"}],"replies":[{"embeddable":true,"href":"https:\/\/potenciaradiofonicadominicana.com\/portal\/wp-json\/wp\/v2\/comments?post=214021"}],"version-history":[{"count":1,"href":"https:\/\/potenciaradiofonicadominicana.com\/portal\/wp-json\/wp\/v2\/posts\/214021\/revisions"}],"predecessor-version":[{"id":214023,"href":"https:\/\/potenciaradiofonicadominicana.com\/portal\/wp-json\/wp\/v2\/posts\/214021\/revisions\/214023"}],"wp:featuredmedia":[{"embeddable":true,"href":"https:\/\/potenciaradiofonicadominicana.com\/portal\/wp-json\/wp\/v2\/media\/214022"}],"wp:attachment":[{"href":"https:\/\/potenciaradiofonicadominicana.com\/portal\/wp-json\/wp\/v2\/media?parent=214021"}],"wp:term":[{"taxonomy":"category","embeddable":true,"href":"https:\/\/potenciaradiofonicadominicana.com\/portal\/wp-json\/wp\/v2\/categories?post=214021"},{"taxonomy":"post_tag","embeddable":true,"href":"https:\/\/potenciaradiofonicadominicana.com\/portal\/wp-json\/wp\/v2\/tags?post=214021"}],"curies":[{"name":"wp","href":"https:\/\/api.w.org\/{rel}","templated":true}]}}