{"id":214010,"date":"2026-03-31T21:57:54","date_gmt":"2026-04-01T01:57:54","guid":{"rendered":"https:\/\/potenciaradiofonicadominicana.com\/portal\/?p=214010"},"modified":"2026-03-31T21:57:54","modified_gmt":"2026-04-01T01:57:54","slug":"monte-plata-conquista-campeonato-nacional-de-judo-femenino-fundacion-maria-garcia","status":"publish","type":"post","link":"https:\/\/potenciaradiofonicadominicana.com\/portal\/monte-plata-conquista-campeonato-nacional-de-judo-femenino-fundacion-maria-garcia\/","title":{"rendered":"Monte Plata conquista Campeonato Nacional de Judo Femenino Fundaci\u00f3n Mar\u00eda Garc\u00eda"},"content":{"rendered":"<p><a href=\"https:\/\/potenciaradiofonicadominicana.com\/portal\/wp-content\/uploads\/2026\/03\/JUDO-MONTE-PLATA.jpg\"><img loading=\"lazy\" decoding=\"async\" class=\"alignnone size-full wp-image-214012\" src=\"https:\/\/potenciaradiofonicadominicana.com\/portal\/wp-content\/uploads\/2026\/03\/JUDO-MONTE-PLATA.jpg\" alt=\"\" width=\"590\" height=\"393\" srcset=\"https:\/\/potenciaradiofonicadominicana.com\/portal\/wp-content\/uploads\/2026\/03\/JUDO-MONTE-PLATA.jpg 590w, https:\/\/potenciaradiofonicadominicana.com\/portal\/wp-content\/uploads\/2026\/03\/JUDO-MONTE-PLATA-300x200.jpg 300w\" sizes=\"auto, (max-width: 590px) 100vw, 590px\" \/><\/a><\/p>\n<p>La delegaci\u00f3n de Monte Plata conquist\u00f3 el domingo el Primer Campeonato Nacional de Judo Femenino de la Fundaci\u00f3n Mar\u00eda Garc\u00eda, el cual se celebr\u00f3 con la participaci\u00f3n de 10 delegaciones en el proyecto Domingo Sabio, en La Ci\u00e9naga.<\/p>\n<p>Las atletas monteplate\u00f1as alcanzaron 532 puntos para el primer lugar; San Pedro de Macor\u00eds (512), en segundo; en tercero qued\u00f3 la Casa Nacional de Judo, del Distrito Nacional, 340 tantos; en cuarto, la Asociaci\u00f3n de San Juan (323); y quinto, La Vega (201).<\/p>\n<p>Las medallistas de oro<\/p>\n<p>Las ganadoras del oro por Monte Plata fueron Isi Ayala, en 40 kilogramos Infantil B; G\u00e9nesis S\u00e1nchez, en 63 Infantil B; y en Cadetes, Darianny Liriano, Elizabeth Leyba y Jholanlly Figueroa en 57, 63 y 70 kilogramos; y en Senior, Warneliza Moreno, en 57 kgs;<\/p>\n<p>Por San Pedro de Macor\u00eds ganaron preseas doradas fueron Helen Rodr\u00edguez, en 44 kilos Infantil B; Cecilia Adames, en los 48 kilos Cadete; en Junior, Samantha Josefa, en 57; Luisa Villanueva, en 63; en Senior, Esmeralda Jean, en 48 kilos;<\/p>\n<p>Por la Casa Nacional de Judo, se pusieron metales dorados las atletas Naomi Puello, en los 36 kilos, y Adel Garo, en 70, ambas en Infantil B; y en Junior, Vivianne G\u00f3mez, 48.<\/p>\n<p>De San Juan, B\u00e9lgica Mora, en 48 kgs, Nashly Figuereo, en +70, las dos en Infantil B; y en Cadetes, Steisy Cabral, en 40 kgs; Lorenny Garc\u00eda, en 52; y Keily Rodr\u00edguez, en +70.<\/p>\n<p>De Independencia, Fiorki Novas, oro en 52 kilogramos Junior; por La Vega, metal dorado para Marielin G\u00f3mez en +78 kilos Junior, y en Senior, Victoria Ram\u00edrez, en 78 Senior.<\/p>\n<p>Las provincias y clubes participantes fueron 10 con Independencia, La Vega, Monte Plata, San Crist\u00f3bal, San Juan, San Pedro de Macor\u00eds, Santo Domingo, club Fundaci\u00f3n Mar\u00eda Garc\u00eda, Naco y club Casa Nacional del Judo.<\/p>\n<p>En la celebraci\u00f3n del acto inaugural, en la ma\u00f1ana, Marc\u00eda Garc\u00eda, presidenta de la Fundaci\u00f3n Mar\u00eda Garc\u00eda, encabez\u00f3 la ceremonia protocolar de inauguraci\u00f3n junto al viceministro de Deportes Franklin De la Mota, en representaci\u00f3n del ministro Kelvin Cruz; y Gilberto Garc\u00eda, presidente de la Federaci\u00f3n Dominicana de Judo (Fedojudo).<\/p>\n<p>Mar\u00eda Garc\u00eda reconoce a Gilberto Garc\u00eda, presidente de la Federaci\u00f3n Dominicana de Judo (Fedojudo), en el Primer Campeonato Nacional de Judo Femenino de la Fundaci\u00f3n Mar\u00eda Garc\u00eda.<br \/>\nMar\u00eda Garc\u00eda reconoce a Gilberto Garc\u00eda, presidente de la Federaci\u00f3n Dominicana de Judo (Fedojudo), en el Primer Campeonato Nacional de Judo Femenino de la Fundaci\u00f3n Mar\u00eda Garc\u00eda.<br \/>\nAs\u00ed como, Fernando Geraldino, gerente de Responsabilidad Social de la empresa Seaboard; Raymon Rodr\u00edguez y Claudia Camacho, en representaci\u00f3n de la alcaldesa del Distrito Nacional, Carolina Mej\u00eda, a quien le dedicaron el Campeonato de Judo Femenino.<\/p>\n<p>Por igual, el sensei e Inmortal del Deportes Juan Chalas; Melvyn Graciano, presidente de la Uni\u00f3n Deportiva del proyecto Domingo Sabio; Augusto Mart\u00ednez, presidente de la Uni\u00f3n Deportiva de la Provincia de Santo Domingo (Udeprosado); y Roberto Ram\u00edrez, presidente de la Federaci\u00f3n Dominicana de Clubes (Fedoclubes).<\/p>\n<p>Garc\u00eda reconoci\u00f3 a la alcaldesa Carolina Mej\u00eda; Gilberto Garc\u00eda, de Fedojudo; Fernando Geraldino y Armando Rodr\u00edguez, ejecutivos de Seaboard, y a Luis Morillo, de URBE.<\/p>\n<p>En la ceremonia protocolar se dirigieron al p\u00fablico presente Gilberto Garc\u00eda, Franklin De la Mota y Mar\u00eda Garc\u00eda, quienes en conjunto le desearon \u00e9xitos a las competidoras.<\/p>\n<p>La atleta de San Pedro de Macor\u00eds, Josefa Smantha, realiz\u00f3 el juramento deportivo de las atletas, y Wilfredo Aguilar, el de los \u00e1rbitros, mientras que el hajime de honor lo hizo Raymond Rodr\u00edguez, y la direcci\u00f3n t\u00e9cnica a cargo de Osiris Ogando, de Fedojudo.<\/p>\n","protected":false},"excerpt":{"rendered":"<p>La delegaci\u00f3n de Monte Plata conquist\u00f3 el domingo el Primer Campeonato Nacional de Judo Femenino de la Fundaci\u00f3n Mar\u00eda Garc\u00eda, &#8230;<\/p>\n","protected":false},"author":2,"featured_media":214012,"comment_status":"closed","ping_status":"closed","sticky":false,"template":"","format":"standard","meta":{"footnotes":""},"categories":[28],"tags":[],"class_list":["post-214010","post","type-post","status-publish","format-standard","has-post-thumbnail","hentry","category-deportes"],"yoast_head":"<!-- This site is optimized with the Yoast SEO plugin v24.8.1 - https:\/\/yoast.com\/wordpress\/plugins\/seo\/ -->\n<title>Monte Plata conquista Campeonato Nacional de Judo Femenino Fundaci\u00f3n Mar\u00eda Garc\u00eda - PotenciaRadiofonicaDominicana.com<\/title>\n<meta name=\"robots\" content=\"index, follow, max-snippet:-1, max-image-preview:large, max-video-preview:-1\" \/>\n<link rel=\"canonical\" href=\"https:\/\/potenciaradiofonicadominicana.com\/portal\/monte-plata-conquista-campeonato-nacional-de-judo-femenino-fundacion-maria-garcia\/\" \/>\n<meta property=\"og:locale\" content=\"es_ES\" \/>\n<meta property=\"og:type\" content=\"article\" \/>\n<meta property=\"og:title\" content=\"Monte Plata conquista Campeonato Nacional de Judo Femenino Fundaci\u00f3n Mar\u00eda Garc\u00eda - PotenciaRadiofonicaDominicana.com\" \/>\n<meta property=\"og:description\" content=\"La delegaci\u00f3n de Monte Plata conquist\u00f3 el domingo el Primer Campeonato Nacional de Judo Femenino de la Fundaci\u00f3n Mar\u00eda Garc\u00eda, ...\" \/>\n<meta property=\"og:url\" content=\"https:\/\/potenciaradiofonicadominicana.com\/portal\/monte-plata-conquista-campeonato-nacional-de-judo-femenino-fundacion-maria-garcia\/\" \/>\n<meta property=\"og:site_name\" content=\"PotenciaRadiofonicaDominicana.com\" \/>\n<meta property=\"article:publisher\" content=\"https:\/\/web.facebook.com\/PotenciaRadiofonicaD\" \/>\n<meta property=\"article:published_time\" content=\"2026-04-01T01:57:54+00:00\" \/>\n<meta property=\"og:image\" content=\"https:\/\/potenciaradiofonicadominicana.com\/portal\/wp-content\/uploads\/2026\/03\/JUDO-MONTE-PLATA.jpg\" \/>\n\t<meta property=\"og:image:width\" content=\"590\" \/>\n\t<meta property=\"og:image:height\" content=\"393\" \/>\n\t<meta property=\"og:image:type\" content=\"image\/jpeg\" \/>\n<meta name=\"author\" content=\"Potencia Radiof\u00f3nica Dominicana\" \/>\n<meta name=\"twitter:card\" content=\"summary_large_image\" \/>\n<meta name=\"twitter:label1\" content=\"Escrito por\" \/>\n\t<meta name=\"twitter:data1\" content=\"Potencia Radiof\u00f3nica Dominicana\" \/>\n\t<meta name=\"twitter:label2\" content=\"Tiempo de lectura\" \/>\n\t<meta name=\"twitter:data2\" content=\"4 minutos\" \/>\n<script type=\"application\/ld+json\" class=\"yoast-schema-graph\">{\"@context\":\"https:\/\/schema.org\",\"@graph\":[{\"@type\":\"Article\",\"@id\":\"https:\/\/potenciaradiofonicadominicana.com\/portal\/monte-plata-conquista-campeonato-nacional-de-judo-femenino-fundacion-maria-garcia\/#article\",\"isPartOf\":{\"@id\":\"https:\/\/potenciaradiofonicadominicana.com\/portal\/monte-plata-conquista-campeonato-nacional-de-judo-femenino-fundacion-maria-garcia\/\"},\"author\":{\"name\":\"Potencia Radiof\u00f3nica Dominicana\",\"@id\":\"https:\/\/potenciaradiofonicadominicana.com\/portal\/#\/schema\/person\/a5cf1fea13877803ee0573ac18b03490\"},\"headline\":\"Monte Plata conquista Campeonato Nacional de Judo Femenino Fundaci\u00f3n Mar\u00eda Garc\u00eda\",\"datePublished\":\"2026-04-01T01:57:54+00:00\",\"mainEntityOfPage\":{\"@id\":\"https:\/\/potenciaradiofonicadominicana.com\/portal\/monte-plata-conquista-campeonato-nacional-de-judo-femenino-fundacion-maria-garcia\/\"},\"wordCount\":635,\"publisher\":{\"@id\":\"https:\/\/potenciaradiofonicadominicana.com\/portal\/#organization\"},\"image\":{\"@id\":\"https:\/\/potenciaradiofonicadominicana.com\/portal\/monte-plata-conquista-campeonato-nacional-de-judo-femenino-fundacion-maria-garcia\/#primaryimage\"},\"thumbnailUrl\":\"https:\/\/potenciaradiofonicadominicana.com\/portal\/wp-content\/uploads\/2026\/03\/JUDO-MONTE-PLATA.jpg\",\"articleSection\":[\"Deportes\"],\"inLanguage\":\"es\"},{\"@type\":\"WebPage\",\"@id\":\"https:\/\/potenciaradiofonicadominicana.com\/portal\/monte-plata-conquista-campeonato-nacional-de-judo-femenino-fundacion-maria-garcia\/\",\"url\":\"https:\/\/potenciaradiofonicadominicana.com\/portal\/monte-plata-conquista-campeonato-nacional-de-judo-femenino-fundacion-maria-garcia\/\",\"name\":\"Monte Plata conquista Campeonato Nacional de Judo Femenino Fundaci\u00f3n Mar\u00eda Garc\u00eda - PotenciaRadiofonicaDominicana.com\",\"isPartOf\":{\"@id\":\"https:\/\/potenciaradiofonicadominicana.com\/portal\/#website\"},\"primaryImageOfPage\":{\"@id\":\"https:\/\/potenciaradiofonicadominicana.com\/portal\/monte-plata-conquista-campeonato-nacional-de-judo-femenino-fundacion-maria-garcia\/#primaryimage\"},\"image\":{\"@id\":\"https:\/\/potenciaradiofonicadominicana.com\/portal\/monte-plata-conquista-campeonato-nacional-de-judo-femenino-fundacion-maria-garcia\/#primaryimage\"},\"thumbnailUrl\":\"https:\/\/potenciaradiofonicadominicana.com\/portal\/wp-content\/uploads\/2026\/03\/JUDO-MONTE-PLATA.jpg\",\"datePublished\":\"2026-04-01T01:57:54+00:00\",\"breadcrumb\":{\"@id\":\"https:\/\/potenciaradiofonicadominicana.com\/portal\/monte-plata-conquista-campeonato-nacional-de-judo-femenino-fundacion-maria-garcia\/#breadcrumb\"},\"inLanguage\":\"es\",\"potentialAction\":[{\"@type\":\"ReadAction\",\"target\":[\"https:\/\/potenciaradiofonicadominicana.com\/portal\/monte-plata-conquista-campeonato-nacional-de-judo-femenino-fundacion-maria-garcia\/\"]}]},{\"@type\":\"ImageObject\",\"inLanguage\":\"es\",\"@id\":\"https:\/\/potenciaradiofonicadominicana.com\/portal\/monte-plata-conquista-campeonato-nacional-de-judo-femenino-fundacion-maria-garcia\/#primaryimage\",\"url\":\"https:\/\/potenciaradiofonicadominicana.com\/portal\/wp-content\/uploads\/2026\/03\/JUDO-MONTE-PLATA.jpg\",\"contentUrl\":\"https:\/\/potenciaradiofonicadominicana.com\/portal\/wp-content\/uploads\/2026\/03\/JUDO-MONTE-PLATA.jpg\",\"width\":590,\"height\":393},{\"@type\":\"BreadcrumbList\",\"@id\":\"https:\/\/potenciaradiofonicadominicana.com\/portal\/monte-plata-conquista-campeonato-nacional-de-judo-femenino-fundacion-maria-garcia\/#breadcrumb\",\"itemListElement\":[{\"@type\":\"ListItem\",\"position\":1,\"name\":\"Portada\",\"item\":\"https:\/\/potenciaradiofonicadominicana.com\/portal\/\"},{\"@type\":\"ListItem\",\"position\":2,\"name\":\"Monte Plata conquista Campeonato Nacional de Judo Femenino Fundaci\u00f3n Mar\u00eda Garc\u00eda\"}]},{\"@type\":\"WebSite\",\"@id\":\"https:\/\/potenciaradiofonicadominicana.com\/portal\/#website\",\"url\":\"https:\/\/potenciaradiofonicadominicana.com\/portal\/\",\"name\":\"PotenciaRadiofonicaDominicana.com\",\"description\":\"Peri\u00f3dico Digital\",\"publisher\":{\"@id\":\"https:\/\/potenciaradiofonicadominicana.com\/portal\/#organization\"},\"potentialAction\":[{\"@type\":\"SearchAction\",\"target\":{\"@type\":\"EntryPoint\",\"urlTemplate\":\"https:\/\/potenciaradiofonicadominicana.com\/portal\/?s={search_term_string}\"},\"query-input\":{\"@type\":\"PropertyValueSpecification\",\"valueRequired\":true,\"valueName\":\"search_term_string\"}}],\"inLanguage\":\"es\"},{\"@type\":\"Organization\",\"@id\":\"https:\/\/potenciaradiofonicadominicana.com\/portal\/#organization\",\"name\":\"PotenciaRadiofonicaDominicana.com\",\"url\":\"https:\/\/potenciaradiofonicadominicana.com\/portal\/\",\"logo\":{\"@type\":\"ImageObject\",\"inLanguage\":\"es\",\"@id\":\"https:\/\/potenciaradiofonicadominicana.com\/portal\/#\/schema\/logo\/image\/\",\"url\":\"https:\/\/potenciaradiofonicadominicana.com\/portal\/wp-content\/uploads\/2022\/01\/descarga.png\",\"contentUrl\":\"https:\/\/potenciaradiofonicadominicana.com\/portal\/wp-content\/uploads\/2022\/01\/descarga.png\",\"width\":300,\"height\":100,\"caption\":\"PotenciaRadiofonicaDominicana.com\"},\"image\":{\"@id\":\"https:\/\/potenciaradiofonicadominicana.com\/portal\/#\/schema\/logo\/image\/\"},\"sameAs\":[\"https:\/\/web.facebook.com\/PotenciaRadiofonicaD\"]},{\"@type\":\"Person\",\"@id\":\"https:\/\/potenciaradiofonicadominicana.com\/portal\/#\/schema\/person\/a5cf1fea13877803ee0573ac18b03490\",\"name\":\"Potencia Radiof\u00f3nica Dominicana\",\"image\":{\"@type\":\"ImageObject\",\"inLanguage\":\"es\",\"@id\":\"https:\/\/potenciaradiofonicadominicana.com\/portal\/#\/schema\/person\/image\/\",\"url\":\"https:\/\/secure.gravatar.com\/avatar\/42a55ab9e8ccc656ba34cd791990602a?s=96&d=mm&r=g\",\"contentUrl\":\"https:\/\/secure.gravatar.com\/avatar\/42a55ab9e8ccc656ba34cd791990602a?s=96&d=mm&r=g\",\"caption\":\"Potencia Radiof\u00f3nica Dominicana\"},\"url\":\"https:\/\/potenciaradiofonicadominicana.com\/portal\/author\/johannyalmanzar\/\"}]}<\/script>\n<!-- \/ Yoast SEO plugin. -->","yoast_head_json":{"title":"Monte Plata conquista Campeonato Nacional de Judo Femenino Fundaci\u00f3n Mar\u00eda Garc\u00eda - PotenciaRadiofonicaDominicana.com","robots":{"index":"index","follow":"follow","max-snippet":"max-snippet:-1","max-image-preview":"max-image-preview:large","max-video-preview":"max-video-preview:-1"},"canonical":"https:\/\/potenciaradiofonicadominicana.com\/portal\/monte-plata-conquista-campeonato-nacional-de-judo-femenino-fundacion-maria-garcia\/","og_locale":"es_ES","og_type":"article","og_title":"Monte Plata conquista Campeonato Nacional de Judo Femenino Fundaci\u00f3n Mar\u00eda Garc\u00eda - PotenciaRadiofonicaDominicana.com","og_description":"La delegaci\u00f3n de Monte Plata conquist\u00f3 el domingo el Primer Campeonato Nacional de Judo Femenino de la Fundaci\u00f3n Mar\u00eda Garc\u00eda, ...","og_url":"https:\/\/potenciaradiofonicadominicana.com\/portal\/monte-plata-conquista-campeonato-nacional-de-judo-femenino-fundacion-maria-garcia\/","og_site_name":"PotenciaRadiofonicaDominicana.com","article_publisher":"https:\/\/web.facebook.com\/PotenciaRadiofonicaD","article_published_time":"2026-04-01T01:57:54+00:00","og_image":[{"width":590,"height":393,"url":"https:\/\/potenciaradiofonicadominicana.com\/portal\/wp-content\/uploads\/2026\/03\/JUDO-MONTE-PLATA.jpg","type":"image\/jpeg"}],"author":"Potencia Radiof\u00f3nica Dominicana","twitter_card":"summary_large_image","twitter_misc":{"Escrito por":"Potencia Radiof\u00f3nica Dominicana","Tiempo de lectura":"4 minutos"},"schema":{"@context":"https:\/\/schema.org","@graph":[{"@type":"Article","@id":"https:\/\/potenciaradiofonicadominicana.com\/portal\/monte-plata-conquista-campeonato-nacional-de-judo-femenino-fundacion-maria-garcia\/#article","isPartOf":{"@id":"https:\/\/potenciaradiofonicadominicana.com\/portal\/monte-plata-conquista-campeonato-nacional-de-judo-femenino-fundacion-maria-garcia\/"},"author":{"name":"Potencia Radiof\u00f3nica Dominicana","@id":"https:\/\/potenciaradiofonicadominicana.com\/portal\/#\/schema\/person\/a5cf1fea13877803ee0573ac18b03490"},"headline":"Monte Plata conquista Campeonato Nacional de Judo Femenino Fundaci\u00f3n Mar\u00eda Garc\u00eda","datePublished":"2026-04-01T01:57:54+00:00","mainEntityOfPage":{"@id":"https:\/\/potenciaradiofonicadominicana.com\/portal\/monte-plata-conquista-campeonato-nacional-de-judo-femenino-fundacion-maria-garcia\/"},"wordCount":635,"publisher":{"@id":"https:\/\/potenciaradiofonicadominicana.com\/portal\/#organization"},"image":{"@id":"https:\/\/potenciaradiofonicadominicana.com\/portal\/monte-plata-conquista-campeonato-nacional-de-judo-femenino-fundacion-maria-garcia\/#primaryimage"},"thumbnailUrl":"https:\/\/potenciaradiofonicadominicana.com\/portal\/wp-content\/uploads\/2026\/03\/JUDO-MONTE-PLATA.jpg","articleSection":["Deportes"],"inLanguage":"es"},{"@type":"WebPage","@id":"https:\/\/potenciaradiofonicadominicana.com\/portal\/monte-plata-conquista-campeonato-nacional-de-judo-femenino-fundacion-maria-garcia\/","url":"https:\/\/potenciaradiofonicadominicana.com\/portal\/monte-plata-conquista-campeonato-nacional-de-judo-femenino-fundacion-maria-garcia\/","name":"Monte Plata conquista Campeonato Nacional de Judo Femenino Fundaci\u00f3n Mar\u00eda Garc\u00eda - PotenciaRadiofonicaDominicana.com","isPartOf":{"@id":"https:\/\/potenciaradiofonicadominicana.com\/portal\/#website"},"primaryImageOfPage":{"@id":"https:\/\/potenciaradiofonicadominicana.com\/portal\/monte-plata-conquista-campeonato-nacional-de-judo-femenino-fundacion-maria-garcia\/#primaryimage"},"image":{"@id":"https:\/\/potenciaradiofonicadominicana.com\/portal\/monte-plata-conquista-campeonato-nacional-de-judo-femenino-fundacion-maria-garcia\/#primaryimage"},"thumbnailUrl":"https:\/\/potenciaradiofonicadominicana.com\/portal\/wp-content\/uploads\/2026\/03\/JUDO-MONTE-PLATA.jpg","datePublished":"2026-04-01T01:57:54+00:00","breadcrumb":{"@id":"https:\/\/potenciaradiofonicadominicana.com\/portal\/monte-plata-conquista-campeonato-nacional-de-judo-femenino-fundacion-maria-garcia\/#breadcrumb"},"inLanguage":"es","potentialAction":[{"@type":"ReadAction","target":["https:\/\/potenciaradiofonicadominicana.com\/portal\/monte-plata-conquista-campeonato-nacional-de-judo-femenino-fundacion-maria-garcia\/"]}]},{"@type":"ImageObject","inLanguage":"es","@id":"https:\/\/potenciaradiofonicadominicana.com\/portal\/monte-plata-conquista-campeonato-nacional-de-judo-femenino-fundacion-maria-garcia\/#primaryimage","url":"https:\/\/potenciaradiofonicadominicana.com\/portal\/wp-content\/uploads\/2026\/03\/JUDO-MONTE-PLATA.jpg","contentUrl":"https:\/\/potenciaradiofonicadominicana.com\/portal\/wp-content\/uploads\/2026\/03\/JUDO-MONTE-PLATA.jpg","width":590,"height":393},{"@type":"BreadcrumbList","@id":"https:\/\/potenciaradiofonicadominicana.com\/portal\/monte-plata-conquista-campeonato-nacional-de-judo-femenino-fundacion-maria-garcia\/#breadcrumb","itemListElement":[{"@type":"ListItem","position":1,"name":"Portada","item":"https:\/\/potenciaradiofonicadominicana.com\/portal\/"},{"@type":"ListItem","position":2,"name":"Monte Plata conquista Campeonato Nacional de Judo Femenino Fundaci\u00f3n Mar\u00eda Garc\u00eda"}]},{"@type":"WebSite","@id":"https:\/\/potenciaradiofonicadominicana.com\/portal\/#website","url":"https:\/\/potenciaradiofonicadominicana.com\/portal\/","name":"PotenciaRadiofonicaDominicana.com","description":"Peri\u00f3dico Digital","publisher":{"@id":"https:\/\/potenciaradiofonicadominicana.com\/portal\/#organization"},"potentialAction":[{"@type":"SearchAction","target":{"@type":"EntryPoint","urlTemplate":"https:\/\/potenciaradiofonicadominicana.com\/portal\/?s={search_term_string}"},"query-input":{"@type":"PropertyValueSpecification","valueRequired":true,"valueName":"search_term_string"}}],"inLanguage":"es"},{"@type":"Organization","@id":"https:\/\/potenciaradiofonicadominicana.com\/portal\/#organization","name":"PotenciaRadiofonicaDominicana.com","url":"https:\/\/potenciaradiofonicadominicana.com\/portal\/","logo":{"@type":"ImageObject","inLanguage":"es","@id":"https:\/\/potenciaradiofonicadominicana.com\/portal\/#\/schema\/logo\/image\/","url":"https:\/\/potenciaradiofonicadominicana.com\/portal\/wp-content\/uploads\/2022\/01\/descarga.png","contentUrl":"https:\/\/potenciaradiofonicadominicana.com\/portal\/wp-content\/uploads\/2022\/01\/descarga.png","width":300,"height":100,"caption":"PotenciaRadiofonicaDominicana.com"},"image":{"@id":"https:\/\/potenciaradiofonicadominicana.com\/portal\/#\/schema\/logo\/image\/"},"sameAs":["https:\/\/web.facebook.com\/PotenciaRadiofonicaD"]},{"@type":"Person","@id":"https:\/\/potenciaradiofonicadominicana.com\/portal\/#\/schema\/person\/a5cf1fea13877803ee0573ac18b03490","name":"Potencia Radiof\u00f3nica Dominicana","image":{"@type":"ImageObject","inLanguage":"es","@id":"https:\/\/potenciaradiofonicadominicana.com\/portal\/#\/schema\/person\/image\/","url":"https:\/\/secure.gravatar.com\/avatar\/42a55ab9e8ccc656ba34cd791990602a?s=96&d=mm&r=g","contentUrl":"https:\/\/secure.gravatar.com\/avatar\/42a55ab9e8ccc656ba34cd791990602a?s=96&d=mm&r=g","caption":"Potencia Radiof\u00f3nica Dominicana"},"url":"https:\/\/potenciaradiofonicadominicana.com\/portal\/author\/johannyalmanzar\/"}]}},"_links":{"self":[{"href":"https:\/\/potenciaradiofonicadominicana.com\/portal\/wp-json\/wp\/v2\/posts\/214010","targetHints":{"allow":["GET"]}}],"collection":[{"href":"https:\/\/potenciaradiofonicadominicana.com\/portal\/wp-json\/wp\/v2\/posts"}],"about":[{"href":"https:\/\/potenciaradiofonicadominicana.com\/portal\/wp-json\/wp\/v2\/types\/post"}],"author":[{"embeddable":true,"href":"https:\/\/potenciaradiofonicadominicana.com\/portal\/wp-json\/wp\/v2\/users\/2"}],"replies":[{"embeddable":true,"href":"https:\/\/potenciaradiofonicadominicana.com\/portal\/wp-json\/wp\/v2\/comments?post=214010"}],"version-history":[{"count":1,"href":"https:\/\/potenciaradiofonicadominicana.com\/portal\/wp-json\/wp\/v2\/posts\/214010\/revisions"}],"predecessor-version":[{"id":214013,"href":"https:\/\/potenciaradiofonicadominicana.com\/portal\/wp-json\/wp\/v2\/posts\/214010\/revisions\/214013"}],"wp:featuredmedia":[{"embeddable":true,"href":"https:\/\/potenciaradiofonicadominicana.com\/portal\/wp-json\/wp\/v2\/media\/214012"}],"wp:attachment":[{"href":"https:\/\/potenciaradiofonicadominicana.com\/portal\/wp-json\/wp\/v2\/media?parent=214010"}],"wp:term":[{"taxonomy":"category","embeddable":true,"href":"https:\/\/potenciaradiofonicadominicana.com\/portal\/wp-json\/wp\/v2\/categories?post=214010"},{"taxonomy":"post_tag","embeddable":true,"href":"https:\/\/potenciaradiofonicadominicana.com\/portal\/wp-json\/wp\/v2\/tags?post=214010"}],"curies":[{"name":"wp","href":"https:\/\/api.w.org\/{rel}","templated":true}]}}