{"id":213998,"date":"2026-03-31T21:51:45","date_gmt":"2026-04-01T01:51:45","guid":{"rendered":"https:\/\/potenciaradiofonicadominicana.com\/portal\/?p=213998"},"modified":"2026-03-31T21:51:45","modified_gmt":"2026-04-01T01:51:45","slug":"deportes-por-todo-el-pais-en-semana-santa-2026","status":"publish","type":"post","link":"https:\/\/potenciaradiofonicadominicana.com\/portal\/deportes-por-todo-el-pais-en-semana-santa-2026\/","title":{"rendered":"Deportes por todo el pa\u00eds en Semana Santa 2026"},"content":{"rendered":"<p><a href=\"https:\/\/potenciaradiofonicadominicana.com\/portal\/wp-content\/uploads\/2026\/03\/MIDEREC-PORTADA.jpg.webp\"><img loading=\"lazy\" decoding=\"async\" class=\"alignnone size-full wp-image-213999\" src=\"https:\/\/potenciaradiofonicadominicana.com\/portal\/wp-content\/uploads\/2026\/03\/MIDEREC-PORTADA.jpg.webp\" alt=\"\" width=\"1000\" height=\"600\" srcset=\"https:\/\/potenciaradiofonicadominicana.com\/portal\/wp-content\/uploads\/2026\/03\/MIDEREC-PORTADA.jpg.webp 1000w, https:\/\/potenciaradiofonicadominicana.com\/portal\/wp-content\/uploads\/2026\/03\/MIDEREC-PORTADA.jpg-300x180.webp 300w, https:\/\/potenciaradiofonicadominicana.com\/portal\/wp-content\/uploads\/2026\/03\/MIDEREC-PORTADA.jpg-768x461.webp 768w, https:\/\/potenciaradiofonicadominicana.com\/portal\/wp-content\/uploads\/2026\/03\/MIDEREC-PORTADA.jpg-165x100.webp 165w, https:\/\/potenciaradiofonicadominicana.com\/portal\/wp-content\/uploads\/2026\/03\/MIDEREC-PORTADA.jpg-400x240.webp 400w\" sizes=\"auto, (max-width: 1000px) 100vw, 1000px\" \/><\/a><\/p>\n<p><em>Miderec llevar\u00e1 recreaci\u00f3n por 18 provincias; Cabarete y Hato Mayor acoger\u00e1n torneos de voleibol, y La Vega partidos de softbol<\/em><\/p>\n<p>La Semana Santa es un espacio para el recogimiento espiritual y que se suma para la recreaci\u00f3n deportiva. En todo el territorio nacional es ya una tradici\u00f3n observar como miles de personas, sin importar la edad, se envuelven en este mundo del deporte en sus diferentes especialidades, que van desde voleibol, f\u00fatbol, softbol, baloncesto, as\u00ed como otras actividades recreativas como el domin\u00f3, ajedrez y hasta la acostumbrada carreras de saco y competencias de velocidad en la arena.<\/p>\n<p>El Ministerio de Deportes, que encabeza el ingeniero Kelvin Cruz llevar\u00e1 por unas 18 provincias del pa\u00eds esta fiesta, la cual no se realizaba desde hace un par de a\u00f1os. \u201cQue el deporte sea una herramienta para su elecci\u00f3n y para que pueda disfrutar este asueto de Semana Santa de manera sana y con prudencia\u201d, expres\u00f3 Cruz. Entre las actividades se incluyen, adem\u00e1s, baloncesto 3\u00d73, voleibol de playa y boxeo, entre otros deportes. \u201cSimplemente queremos, con este lanzamiento de los campamentos de Semana Santa 2026, seguir poniendo en el radar del deporte en la Rep\u00fablica Dominicana\u201d, indic\u00f3 el incumbente.<\/p>\n<p>Los campamentos estar\u00e1n distribuidos en 25 puntos estrat\u00e9gicos del pa\u00eds, ubicados en 18 provincias, incluidas zonas tur\u00edsticas y comunidades de alta afluencia de vacacionistas. Entre las localidades figuran Jarabacoa y el complejo deportivo de La Vega; en el Distrito Nacional, La Ci\u00e9naga y Capotillo; y en la provincia Santo Domingo, Boca Chica, el Parque del Este y Pedro Brand.<\/p>\n<p>Tambi\u00e9n se desarrollar\u00e1n en Pedernales (malec\u00f3n), Barahona (Playa Para\u00edso), Monte Plata (Playa Comatillo), El Seibo (Miches), San Crist\u00f3bal (Najayo) y Moca (Gaspar Hern\u00e1ndez). Asimismo, en San Pedro de Macor\u00eds (Juan Dolio), Saman\u00e1 (Las Terrenas), San Juan de la Maguana (Las Matas de Farf\u00e1n), Montecristi (Manzanillo y Playa Buen Hombre), La Romana (Playa Caleta), Nagua (Arroyo Salado), La Altagracia (Playa Macao), Independencia (balneario Boca de Cach\u00f3n) y Puerto Plata (Maim\u00f3n y Sos\u00faa).<\/p>\n<p><strong>El tradicional torneo de Rub\u00e9n Toyota<br \/>\n<\/strong><br \/>\nOtro evento que concita la atenci\u00f3n de cientos de atletas es el tradicional Torneo de Voleibol Playero del Festival Deportivo Hato Mayor-Vicentillo, que entra en su aniversario n\u00famero 30. Para esta gran fiesta, Rub\u00e9n Dar\u00edo Cruz Ubiera (Rub\u00e9n Toyota) lleva a cabo un proceso de remozamiento de las instalaciones del Rancho Do\u00f1a Callita para su desarrollo los d\u00edas viernes, s\u00e1bado y domingo, con miras a garantizar \u00f3ptimas condiciones para atletas y p\u00fablico.<\/p>\n<p><strong>Cabarete, listo<br \/>\n<\/strong><br \/>\nEl litoral de Cabarete est\u00e1 listo para recibir a los jugadores que participar\u00e1n en el XVIII Torneo de Voleibol de Playa \u201cSemana Santa 2026\u201d, que empezar\u00e1 el viernes y repartir\u00e1 m\u00e1s de 200 mil pesos en premios. M\u00e1s de 20 tr\u00edos en cada rama, provenientes de Puerto Plata, Santiago, San Francisco de Macor\u00eds, La Vega, Bonao, Santo Domingo, Mao y la provincia Hermanas Mirabal.<\/p>\n<p>En La Vega tambi\u00e9n celebrar\u00e1 el XIV Cl\u00e1sico de Softbol Semana Santa 2026, justa que contar\u00e1 con la participaci\u00f3n de 15 equipos de varios sectores y comunidades. Se jugar\u00e1 en el Play de la Piscina del Complejo Deportivo de esta provincia.<\/p>\n<div id=\"\" class=\"mmc_ads \">\n<div id=\"div-gpt-ad-elCaribe_300x250_inread\" class=\"\" data-google-query-id=\"CIjd-e3Ey5MDFcqq0QQdoZArXg\"><\/div>\n<\/div>\n","protected":false},"excerpt":{"rendered":"<p>Miderec llevar\u00e1 recreaci\u00f3n por 18 provincias; Cabarete y Hato Mayor acoger\u00e1n torneos de voleibol, y La Vega partidos de softbol &#8230;<\/p>\n","protected":false},"author":2,"featured_media":213999,"comment_status":"closed","ping_status":"closed","sticky":false,"template":"","format":"standard","meta":{"footnotes":""},"categories":[28],"tags":[],"class_list":["post-213998","post","type-post","status-publish","format-standard","has-post-thumbnail","hentry","category-deportes"],"yoast_head":"<!-- This site is optimized with the Yoast SEO plugin v24.8.1 - https:\/\/yoast.com\/wordpress\/plugins\/seo\/ -->\n<title>Deportes por todo el pa\u00eds en Semana Santa 2026 - PotenciaRadiofonicaDominicana.com<\/title>\n<meta name=\"robots\" content=\"index, follow, max-snippet:-1, max-image-preview:large, max-video-preview:-1\" \/>\n<link rel=\"canonical\" href=\"https:\/\/potenciaradiofonicadominicana.com\/portal\/deportes-por-todo-el-pais-en-semana-santa-2026\/\" \/>\n<meta property=\"og:locale\" content=\"es_ES\" \/>\n<meta property=\"og:type\" content=\"article\" \/>\n<meta property=\"og:title\" content=\"Deportes por todo el pa\u00eds en Semana Santa 2026 - PotenciaRadiofonicaDominicana.com\" \/>\n<meta property=\"og:description\" content=\"Miderec llevar\u00e1 recreaci\u00f3n por 18 provincias; Cabarete y Hato Mayor acoger\u00e1n torneos de voleibol, y La Vega partidos de softbol ...\" \/>\n<meta property=\"og:url\" content=\"https:\/\/potenciaradiofonicadominicana.com\/portal\/deportes-por-todo-el-pais-en-semana-santa-2026\/\" \/>\n<meta property=\"og:site_name\" content=\"PotenciaRadiofonicaDominicana.com\" \/>\n<meta property=\"article:publisher\" content=\"https:\/\/web.facebook.com\/PotenciaRadiofonicaD\" \/>\n<meta property=\"article:published_time\" content=\"2026-04-01T01:51:45+00:00\" \/>\n<meta property=\"og:image\" content=\"https:\/\/potenciaradiofonicadominicana.com\/portal\/wp-content\/uploads\/2026\/03\/MIDEREC-PORTADA.jpg.webp\" \/>\n\t<meta property=\"og:image:width\" content=\"1000\" \/>\n\t<meta property=\"og:image:height\" content=\"600\" \/>\n\t<meta property=\"og:image:type\" content=\"image\/webp\" \/>\n<meta name=\"author\" content=\"Potencia Radiof\u00f3nica Dominicana\" \/>\n<meta name=\"twitter:card\" content=\"summary_large_image\" \/>\n<meta name=\"twitter:label1\" content=\"Escrito por\" \/>\n\t<meta name=\"twitter:data1\" content=\"Potencia Radiof\u00f3nica Dominicana\" \/>\n\t<meta name=\"twitter:label2\" content=\"Tiempo de lectura\" \/>\n\t<meta name=\"twitter:data2\" content=\"3 minutos\" \/>\n<script type=\"application\/ld+json\" class=\"yoast-schema-graph\">{\"@context\":\"https:\/\/schema.org\",\"@graph\":[{\"@type\":\"Article\",\"@id\":\"https:\/\/potenciaradiofonicadominicana.com\/portal\/deportes-por-todo-el-pais-en-semana-santa-2026\/#article\",\"isPartOf\":{\"@id\":\"https:\/\/potenciaradiofonicadominicana.com\/portal\/deportes-por-todo-el-pais-en-semana-santa-2026\/\"},\"author\":{\"name\":\"Potencia Radiof\u00f3nica Dominicana\",\"@id\":\"https:\/\/potenciaradiofonicadominicana.com\/portal\/#\/schema\/person\/a5cf1fea13877803ee0573ac18b03490\"},\"headline\":\"Deportes por todo el pa\u00eds en Semana Santa 2026\",\"datePublished\":\"2026-04-01T01:51:45+00:00\",\"mainEntityOfPage\":{\"@id\":\"https:\/\/potenciaradiofonicadominicana.com\/portal\/deportes-por-todo-el-pais-en-semana-santa-2026\/\"},\"wordCount\":552,\"publisher\":{\"@id\":\"https:\/\/potenciaradiofonicadominicana.com\/portal\/#organization\"},\"image\":{\"@id\":\"https:\/\/potenciaradiofonicadominicana.com\/portal\/deportes-por-todo-el-pais-en-semana-santa-2026\/#primaryimage\"},\"thumbnailUrl\":\"https:\/\/potenciaradiofonicadominicana.com\/portal\/wp-content\/uploads\/2026\/03\/MIDEREC-PORTADA.jpg.webp\",\"articleSection\":[\"Deportes\"],\"inLanguage\":\"es\"},{\"@type\":\"WebPage\",\"@id\":\"https:\/\/potenciaradiofonicadominicana.com\/portal\/deportes-por-todo-el-pais-en-semana-santa-2026\/\",\"url\":\"https:\/\/potenciaradiofonicadominicana.com\/portal\/deportes-por-todo-el-pais-en-semana-santa-2026\/\",\"name\":\"Deportes por todo el pa\u00eds en Semana Santa 2026 - PotenciaRadiofonicaDominicana.com\",\"isPartOf\":{\"@id\":\"https:\/\/potenciaradiofonicadominicana.com\/portal\/#website\"},\"primaryImageOfPage\":{\"@id\":\"https:\/\/potenciaradiofonicadominicana.com\/portal\/deportes-por-todo-el-pais-en-semana-santa-2026\/#primaryimage\"},\"image\":{\"@id\":\"https:\/\/potenciaradiofonicadominicana.com\/portal\/deportes-por-todo-el-pais-en-semana-santa-2026\/#primaryimage\"},\"thumbnailUrl\":\"https:\/\/potenciaradiofonicadominicana.com\/portal\/wp-content\/uploads\/2026\/03\/MIDEREC-PORTADA.jpg.webp\",\"datePublished\":\"2026-04-01T01:51:45+00:00\",\"breadcrumb\":{\"@id\":\"https:\/\/potenciaradiofonicadominicana.com\/portal\/deportes-por-todo-el-pais-en-semana-santa-2026\/#breadcrumb\"},\"inLanguage\":\"es\",\"potentialAction\":[{\"@type\":\"ReadAction\",\"target\":[\"https:\/\/potenciaradiofonicadominicana.com\/portal\/deportes-por-todo-el-pais-en-semana-santa-2026\/\"]}]},{\"@type\":\"ImageObject\",\"inLanguage\":\"es\",\"@id\":\"https:\/\/potenciaradiofonicadominicana.com\/portal\/deportes-por-todo-el-pais-en-semana-santa-2026\/#primaryimage\",\"url\":\"https:\/\/potenciaradiofonicadominicana.com\/portal\/wp-content\/uploads\/2026\/03\/MIDEREC-PORTADA.jpg.webp\",\"contentUrl\":\"https:\/\/potenciaradiofonicadominicana.com\/portal\/wp-content\/uploads\/2026\/03\/MIDEREC-PORTADA.jpg.webp\",\"width\":1000,\"height\":600},{\"@type\":\"BreadcrumbList\",\"@id\":\"https:\/\/potenciaradiofonicadominicana.com\/portal\/deportes-por-todo-el-pais-en-semana-santa-2026\/#breadcrumb\",\"itemListElement\":[{\"@type\":\"ListItem\",\"position\":1,\"name\":\"Portada\",\"item\":\"https:\/\/potenciaradiofonicadominicana.com\/portal\/\"},{\"@type\":\"ListItem\",\"position\":2,\"name\":\"Deportes por todo el pa\u00eds en Semana Santa 2026\"}]},{\"@type\":\"WebSite\",\"@id\":\"https:\/\/potenciaradiofonicadominicana.com\/portal\/#website\",\"url\":\"https:\/\/potenciaradiofonicadominicana.com\/portal\/\",\"name\":\"PotenciaRadiofonicaDominicana.com\",\"description\":\"Peri\u00f3dico Digital\",\"publisher\":{\"@id\":\"https:\/\/potenciaradiofonicadominicana.com\/portal\/#organization\"},\"potentialAction\":[{\"@type\":\"SearchAction\",\"target\":{\"@type\":\"EntryPoint\",\"urlTemplate\":\"https:\/\/potenciaradiofonicadominicana.com\/portal\/?s={search_term_string}\"},\"query-input\":{\"@type\":\"PropertyValueSpecification\",\"valueRequired\":true,\"valueName\":\"search_term_string\"}}],\"inLanguage\":\"es\"},{\"@type\":\"Organization\",\"@id\":\"https:\/\/potenciaradiofonicadominicana.com\/portal\/#organization\",\"name\":\"PotenciaRadiofonicaDominicana.com\",\"url\":\"https:\/\/potenciaradiofonicadominicana.com\/portal\/\",\"logo\":{\"@type\":\"ImageObject\",\"inLanguage\":\"es\",\"@id\":\"https:\/\/potenciaradiofonicadominicana.com\/portal\/#\/schema\/logo\/image\/\",\"url\":\"https:\/\/potenciaradiofonicadominicana.com\/portal\/wp-content\/uploads\/2022\/01\/descarga.png\",\"contentUrl\":\"https:\/\/potenciaradiofonicadominicana.com\/portal\/wp-content\/uploads\/2022\/01\/descarga.png\",\"width\":300,\"height\":100,\"caption\":\"PotenciaRadiofonicaDominicana.com\"},\"image\":{\"@id\":\"https:\/\/potenciaradiofonicadominicana.com\/portal\/#\/schema\/logo\/image\/\"},\"sameAs\":[\"https:\/\/web.facebook.com\/PotenciaRadiofonicaD\"]},{\"@type\":\"Person\",\"@id\":\"https:\/\/potenciaradiofonicadominicana.com\/portal\/#\/schema\/person\/a5cf1fea13877803ee0573ac18b03490\",\"name\":\"Potencia Radiof\u00f3nica Dominicana\",\"image\":{\"@type\":\"ImageObject\",\"inLanguage\":\"es\",\"@id\":\"https:\/\/potenciaradiofonicadominicana.com\/portal\/#\/schema\/person\/image\/\",\"url\":\"https:\/\/secure.gravatar.com\/avatar\/42a55ab9e8ccc656ba34cd791990602a?s=96&d=mm&r=g\",\"contentUrl\":\"https:\/\/secure.gravatar.com\/avatar\/42a55ab9e8ccc656ba34cd791990602a?s=96&d=mm&r=g\",\"caption\":\"Potencia Radiof\u00f3nica Dominicana\"},\"url\":\"https:\/\/potenciaradiofonicadominicana.com\/portal\/author\/johannyalmanzar\/\"}]}<\/script>\n<!-- \/ Yoast SEO plugin. -->","yoast_head_json":{"title":"Deportes por todo el pa\u00eds en Semana Santa 2026 - PotenciaRadiofonicaDominicana.com","robots":{"index":"index","follow":"follow","max-snippet":"max-snippet:-1","max-image-preview":"max-image-preview:large","max-video-preview":"max-video-preview:-1"},"canonical":"https:\/\/potenciaradiofonicadominicana.com\/portal\/deportes-por-todo-el-pais-en-semana-santa-2026\/","og_locale":"es_ES","og_type":"article","og_title":"Deportes por todo el pa\u00eds en Semana Santa 2026 - PotenciaRadiofonicaDominicana.com","og_description":"Miderec llevar\u00e1 recreaci\u00f3n por 18 provincias; Cabarete y Hato Mayor acoger\u00e1n torneos de voleibol, y La Vega partidos de softbol ...","og_url":"https:\/\/potenciaradiofonicadominicana.com\/portal\/deportes-por-todo-el-pais-en-semana-santa-2026\/","og_site_name":"PotenciaRadiofonicaDominicana.com","article_publisher":"https:\/\/web.facebook.com\/PotenciaRadiofonicaD","article_published_time":"2026-04-01T01:51:45+00:00","og_image":[{"width":1000,"height":600,"url":"https:\/\/potenciaradiofonicadominicana.com\/portal\/wp-content\/uploads\/2026\/03\/MIDEREC-PORTADA.jpg.webp","type":"image\/webp"}],"author":"Potencia Radiof\u00f3nica Dominicana","twitter_card":"summary_large_image","twitter_misc":{"Escrito por":"Potencia Radiof\u00f3nica Dominicana","Tiempo de lectura":"3 minutos"},"schema":{"@context":"https:\/\/schema.org","@graph":[{"@type":"Article","@id":"https:\/\/potenciaradiofonicadominicana.com\/portal\/deportes-por-todo-el-pais-en-semana-santa-2026\/#article","isPartOf":{"@id":"https:\/\/potenciaradiofonicadominicana.com\/portal\/deportes-por-todo-el-pais-en-semana-santa-2026\/"},"author":{"name":"Potencia Radiof\u00f3nica Dominicana","@id":"https:\/\/potenciaradiofonicadominicana.com\/portal\/#\/schema\/person\/a5cf1fea13877803ee0573ac18b03490"},"headline":"Deportes por todo el pa\u00eds en Semana Santa 2026","datePublished":"2026-04-01T01:51:45+00:00","mainEntityOfPage":{"@id":"https:\/\/potenciaradiofonicadominicana.com\/portal\/deportes-por-todo-el-pais-en-semana-santa-2026\/"},"wordCount":552,"publisher":{"@id":"https:\/\/potenciaradiofonicadominicana.com\/portal\/#organization"},"image":{"@id":"https:\/\/potenciaradiofonicadominicana.com\/portal\/deportes-por-todo-el-pais-en-semana-santa-2026\/#primaryimage"},"thumbnailUrl":"https:\/\/potenciaradiofonicadominicana.com\/portal\/wp-content\/uploads\/2026\/03\/MIDEREC-PORTADA.jpg.webp","articleSection":["Deportes"],"inLanguage":"es"},{"@type":"WebPage","@id":"https:\/\/potenciaradiofonicadominicana.com\/portal\/deportes-por-todo-el-pais-en-semana-santa-2026\/","url":"https:\/\/potenciaradiofonicadominicana.com\/portal\/deportes-por-todo-el-pais-en-semana-santa-2026\/","name":"Deportes por todo el pa\u00eds en Semana Santa 2026 - PotenciaRadiofonicaDominicana.com","isPartOf":{"@id":"https:\/\/potenciaradiofonicadominicana.com\/portal\/#website"},"primaryImageOfPage":{"@id":"https:\/\/potenciaradiofonicadominicana.com\/portal\/deportes-por-todo-el-pais-en-semana-santa-2026\/#primaryimage"},"image":{"@id":"https:\/\/potenciaradiofonicadominicana.com\/portal\/deportes-por-todo-el-pais-en-semana-santa-2026\/#primaryimage"},"thumbnailUrl":"https:\/\/potenciaradiofonicadominicana.com\/portal\/wp-content\/uploads\/2026\/03\/MIDEREC-PORTADA.jpg.webp","datePublished":"2026-04-01T01:51:45+00:00","breadcrumb":{"@id":"https:\/\/potenciaradiofonicadominicana.com\/portal\/deportes-por-todo-el-pais-en-semana-santa-2026\/#breadcrumb"},"inLanguage":"es","potentialAction":[{"@type":"ReadAction","target":["https:\/\/potenciaradiofonicadominicana.com\/portal\/deportes-por-todo-el-pais-en-semana-santa-2026\/"]}]},{"@type":"ImageObject","inLanguage":"es","@id":"https:\/\/potenciaradiofonicadominicana.com\/portal\/deportes-por-todo-el-pais-en-semana-santa-2026\/#primaryimage","url":"https:\/\/potenciaradiofonicadominicana.com\/portal\/wp-content\/uploads\/2026\/03\/MIDEREC-PORTADA.jpg.webp","contentUrl":"https:\/\/potenciaradiofonicadominicana.com\/portal\/wp-content\/uploads\/2026\/03\/MIDEREC-PORTADA.jpg.webp","width":1000,"height":600},{"@type":"BreadcrumbList","@id":"https:\/\/potenciaradiofonicadominicana.com\/portal\/deportes-por-todo-el-pais-en-semana-santa-2026\/#breadcrumb","itemListElement":[{"@type":"ListItem","position":1,"name":"Portada","item":"https:\/\/potenciaradiofonicadominicana.com\/portal\/"},{"@type":"ListItem","position":2,"name":"Deportes por todo el pa\u00eds en Semana Santa 2026"}]},{"@type":"WebSite","@id":"https:\/\/potenciaradiofonicadominicana.com\/portal\/#website","url":"https:\/\/potenciaradiofonicadominicana.com\/portal\/","name":"PotenciaRadiofonicaDominicana.com","description":"Peri\u00f3dico Digital","publisher":{"@id":"https:\/\/potenciaradiofonicadominicana.com\/portal\/#organization"},"potentialAction":[{"@type":"SearchAction","target":{"@type":"EntryPoint","urlTemplate":"https:\/\/potenciaradiofonicadominicana.com\/portal\/?s={search_term_string}"},"query-input":{"@type":"PropertyValueSpecification","valueRequired":true,"valueName":"search_term_string"}}],"inLanguage":"es"},{"@type":"Organization","@id":"https:\/\/potenciaradiofonicadominicana.com\/portal\/#organization","name":"PotenciaRadiofonicaDominicana.com","url":"https:\/\/potenciaradiofonicadominicana.com\/portal\/","logo":{"@type":"ImageObject","inLanguage":"es","@id":"https:\/\/potenciaradiofonicadominicana.com\/portal\/#\/schema\/logo\/image\/","url":"https:\/\/potenciaradiofonicadominicana.com\/portal\/wp-content\/uploads\/2022\/01\/descarga.png","contentUrl":"https:\/\/potenciaradiofonicadominicana.com\/portal\/wp-content\/uploads\/2022\/01\/descarga.png","width":300,"height":100,"caption":"PotenciaRadiofonicaDominicana.com"},"image":{"@id":"https:\/\/potenciaradiofonicadominicana.com\/portal\/#\/schema\/logo\/image\/"},"sameAs":["https:\/\/web.facebook.com\/PotenciaRadiofonicaD"]},{"@type":"Person","@id":"https:\/\/potenciaradiofonicadominicana.com\/portal\/#\/schema\/person\/a5cf1fea13877803ee0573ac18b03490","name":"Potencia Radiof\u00f3nica Dominicana","image":{"@type":"ImageObject","inLanguage":"es","@id":"https:\/\/potenciaradiofonicadominicana.com\/portal\/#\/schema\/person\/image\/","url":"https:\/\/secure.gravatar.com\/avatar\/42a55ab9e8ccc656ba34cd791990602a?s=96&d=mm&r=g","contentUrl":"https:\/\/secure.gravatar.com\/avatar\/42a55ab9e8ccc656ba34cd791990602a?s=96&d=mm&r=g","caption":"Potencia Radiof\u00f3nica Dominicana"},"url":"https:\/\/potenciaradiofonicadominicana.com\/portal\/author\/johannyalmanzar\/"}]}},"_links":{"self":[{"href":"https:\/\/potenciaradiofonicadominicana.com\/portal\/wp-json\/wp\/v2\/posts\/213998","targetHints":{"allow":["GET"]}}],"collection":[{"href":"https:\/\/potenciaradiofonicadominicana.com\/portal\/wp-json\/wp\/v2\/posts"}],"about":[{"href":"https:\/\/potenciaradiofonicadominicana.com\/portal\/wp-json\/wp\/v2\/types\/post"}],"author":[{"embeddable":true,"href":"https:\/\/potenciaradiofonicadominicana.com\/portal\/wp-json\/wp\/v2\/users\/2"}],"replies":[{"embeddable":true,"href":"https:\/\/potenciaradiofonicadominicana.com\/portal\/wp-json\/wp\/v2\/comments?post=213998"}],"version-history":[{"count":1,"href":"https:\/\/potenciaradiofonicadominicana.com\/portal\/wp-json\/wp\/v2\/posts\/213998\/revisions"}],"predecessor-version":[{"id":214000,"href":"https:\/\/potenciaradiofonicadominicana.com\/portal\/wp-json\/wp\/v2\/posts\/213998\/revisions\/214000"}],"wp:featuredmedia":[{"embeddable":true,"href":"https:\/\/potenciaradiofonicadominicana.com\/portal\/wp-json\/wp\/v2\/media\/213999"}],"wp:attachment":[{"href":"https:\/\/potenciaradiofonicadominicana.com\/portal\/wp-json\/wp\/v2\/media?parent=213998"}],"wp:term":[{"taxonomy":"category","embeddable":true,"href":"https:\/\/potenciaradiofonicadominicana.com\/portal\/wp-json\/wp\/v2\/categories?post=213998"},{"taxonomy":"post_tag","embeddable":true,"href":"https:\/\/potenciaradiofonicadominicana.com\/portal\/wp-json\/wp\/v2\/tags?post=213998"}],"curies":[{"name":"wp","href":"https:\/\/api.w.org\/{rel}","templated":true}]}}