{"id":213995,"date":"2026-03-31T21:49:43","date_gmt":"2026-04-01T01:49:43","guid":{"rendered":"https:\/\/potenciaradiofonicadominicana.com\/portal\/?p=213995"},"modified":"2026-03-31T21:49:43","modified_gmt":"2026-04-01T01:49:43","slug":"italia-vera-su-tercer-mundial-consecutivo-por-television-hito-para-bosnia","status":"publish","type":"post","link":"https:\/\/potenciaradiofonicadominicana.com\/portal\/italia-vera-su-tercer-mundial-consecutivo-por-television-hito-para-bosnia\/","title":{"rendered":"Italia ver\u00e1 su tercer Mundial consecutivo por televisi\u00f3n, hito para Bosnia"},"content":{"rendered":"<p><a href=\"https:\/\/potenciaradiofonicadominicana.com\/portal\/wp-content\/uploads\/2026\/03\/FGQYACERD5NGZKR7SEJWD646PA-scaled.jpg\"><img loading=\"lazy\" decoding=\"async\" class=\"size-full wp-image-213996\" src=\"https:\/\/potenciaradiofonicadominicana.com\/portal\/wp-content\/uploads\/2026\/03\/FGQYACERD5NGZKR7SEJWD646PA-scaled.jpg\" alt=\"\" width=\"2560\" height=\"1587\" srcset=\"https:\/\/potenciaradiofonicadominicana.com\/portal\/wp-content\/uploads\/2026\/03\/FGQYACERD5NGZKR7SEJWD646PA-scaled.jpg 2560w, https:\/\/potenciaradiofonicadominicana.com\/portal\/wp-content\/uploads\/2026\/03\/FGQYACERD5NGZKR7SEJWD646PA-300x186.jpg 300w, https:\/\/potenciaradiofonicadominicana.com\/portal\/wp-content\/uploads\/2026\/03\/FGQYACERD5NGZKR7SEJWD646PA-1024x635.jpg 1024w, https:\/\/potenciaradiofonicadominicana.com\/portal\/wp-content\/uploads\/2026\/03\/FGQYACERD5NGZKR7SEJWD646PA-768x476.jpg 768w, https:\/\/potenciaradiofonicadominicana.com\/portal\/wp-content\/uploads\/2026\/03\/FGQYACERD5NGZKR7SEJWD646PA-1536x952.jpg 1536w, https:\/\/potenciaradiofonicadominicana.com\/portal\/wp-content\/uploads\/2026\/03\/FGQYACERD5NGZKR7SEJWD646PA-2048x1270.jpg 2048w\" sizes=\"auto, (max-width: 2560px) 100vw, 2560px\" \/><\/a><\/p>\n<p>No hay dos sin tres y la\u00a0<strong>maldici\u00f3n del repechaje<\/strong>\u00a0golpe\u00f3 de nuevo a\u00a0<strong>Italia<\/strong>. Ausente de los dos \u00faltimos mundiales, la Nazionale no estar\u00e1 en la edici\u00f3n de Norteam\u00e9rica 2026 tras\u00a0<strong>perder ante Bosnia<\/strong>\u00a0en los\u00a0<strong>penales<\/strong>\u00a0(1-1, 4-1) en la final de la repesca europea este martes en Zenica.<\/p>\n<p>Es ya una mala costumbre para\u00a0<strong>Italia<\/strong>,\u00a0<strong>tetracampeona del mundo<\/strong>\u00a0y\u00a0<strong>doble campeona de Europa<\/strong>, pero el mazazo es contundente y dif\u00edcil de digerir para un pa\u00eds loco por el \u00abcalcio\u00bb.<\/p>\n<p>Al igual que para los mundiales de 2018 y 2022, a la Nazionale se le atragant\u00f3 el\u00a0<strong>repechaje<\/strong>, en esta ocasi\u00f3n ante\u00a0<strong>Bosnia<\/strong>\u00a0(66\u00aa en el ranking FIFA).<\/p>\n<p><strong>Italia<\/strong>\u00a0se adelant\u00f3 con un\u00a0<strong>gol<\/strong>\u00a0de\u00a0<strong>Moise Kean<\/strong>\u00a0(15&#8242;) tras un\u00a0<strong>error del arquero<\/strong>\u00a0local Nikola Vasilj en la salida del bal\u00f3n. Para el delantero de la Fiorentina fue su octavo\u00a0<strong>gol<\/strong> en sus ocho \u00faltimos partidos internacionales.<\/p>\n<p>Pero los locales igualaron por medio del delantero Haris Tabakovic (79&#8242;) al aprovechar un rechace de Gianluigi\u00a0<strong>Donnarumma<\/strong>, despu\u00e9s de la expulsi\u00f3n del central azzurro\u00a0<strong>Alessandro Bastoni<\/strong>\u00a0en el minuto 41 por una falta cuando era el \u00faltimo hombre.<\/p>\n<p>Una expulsi\u00f3n que supuso tambi\u00e9n la\u00a0<strong>sustituci\u00f3n<\/strong>\u00a0del delantero de origen argentino\u00a0<strong>Mateo Retegui<\/strong>\u00a0por el defensor\u00a0<strong>Federico Gatti<\/strong>.<\/p>\n<p>En la tanda fat\u00eddica,\u00a0<strong>Donnarumma<\/strong>\u00a0no detuvo ninguno de los\u00a0<strong>cuatro lanzamientos<\/strong>\u00a0de los bosnios, que disputar\u00e1n el\u00a0<strong>segundo Mundial<\/strong>\u00a0de su historia.<\/p>\n<p><strong>Pio Esposito<\/strong>\u00a0y\u00a0<strong>Bryan Cristante<\/strong>\u00a0fallaron para la Azzurra de Gennaro\u00a0<strong>Gattuso<\/strong> desde los once metros en un partido bajo un clima hostil en el peque\u00f1o y vetusto estadio Bilino-Polje.<\/p>\n<p>Antes, en la\u00a0<strong>pr\u00f3rroga<\/strong>,\u00a0<strong>Italia<\/strong>\u00a0cre\u00f3 m\u00e1s peligro. Pero\u00a0<strong>Palestra<\/strong>\u00a0fue frenado justo antes del \u00e1rea por\u00a0<strong>Tarik Muharemovic<\/strong>\u00a0(102&#8242;), en posici\u00f3n de \u00faltimo defensor, lo que solo le supuso una amarilla para indignaci\u00f3n del banco italiano.<\/p>\n<p>Francesco\u00a0<strong>Pio Esposito<\/strong>\u00a0vio c\u00f3mo su cabezazo era despejado in extremis por el guardameta bosnio (105+1&#8242;). Primer lanzador italiano en la tanda de penaltis, el prodigio del Inter de 20 a\u00f1os envi\u00f3 el bal\u00f3n alto e\u00a0<strong>Italia<\/strong> no se repuso.<\/p>\n<p>\u00abEstoy\u00a0<strong>orgulloso<\/strong>\u00a0de mis\u00a0<strong>jugadores<\/strong>, por su actuaci\u00f3n, por todos sus esfuerzos, por el amor que han demostrado durante este partido\u00bb, declar\u00f3\u00a0<strong>Gattuso<\/strong>.<\/p>\n<p>\u00abPero as\u00ed es el f\u00fatbol, lo han dado todo. Si alguien tuviera que exprimir todo de m\u00ed ahora, no saldr\u00eda nada de mi cuerpo, ni sangre, nada; duele, porque la necesit\u00e1bamos (esta\u00a0<strong>clasificaci\u00f3n<\/strong>) por nosotros, por nuestras familias, por toda\u00a0<strong>Italia<\/strong>, por el f\u00fatbol italiano\u00bb, a\u00f1adi\u00f3.<\/p>\n<h2>&#8211; La\u00a0<strong>maldici\u00f3n del repechaje<\/strong>\u00a0&#8211;<\/h2>\n<p>En las dos precedentes Copas del Mundo, la Azzurra no super\u00f3 el escollo del\u00a0<strong>repechaje<\/strong>, en ambas ocasiones en casa, contra\u00a0<strong>Suecia<\/strong>\u00a0para el Mundial ruso, y ante\u00a0<strong>Macedonia del Norte<\/strong>\u00a0cuatro a\u00f1os despu\u00e9s para el torneo de Catar.<\/p>\n<p><strong>Italia<\/strong>\u00a0hab\u00eda terminado segunda de su\u00a0<strong>grupo I<\/strong>\u00a0de\u00a0<strong>clasificaci\u00f3n<\/strong>\u00a0(<strong>18 puntos<\/strong>), por detr\u00e1s de\u00a0<strong>Noruega<\/strong>, que le derrot\u00f3 en sus dos enfrentamientos (3-0 en Oslo y 4-1 en San Siro).<\/p>\n<p>Este\u00a0<strong>fracaso<\/strong>\u00a0podr\u00eda costar el puesto a Gennaro\u00a0<strong>Gattuso<\/strong>, nombrado seleccionador en\u00a0<strong>sustituci\u00f3n<\/strong>\u00a0de Luciano Spalletti en junio de 2025 tras la debacle en\u00a0<strong>Noruega<\/strong>\u00a0al inicio de las eliminatorias.<\/p>\n<p>Sin embargo, al final del encuentro,\u00a0<strong>Gabriele Gravina<\/strong>, presidente de la Federaci\u00f3n Italiana de F\u00fatbol (<strong>FIGC<\/strong>), le pidi\u00f3 a\u00a0<strong>Gattuso<\/strong>\u00a0<strong>quedarse<\/strong>.<\/p>\n<p>\u00abLe he pedido a \u00e9l que se quede, y le he pedido a (Gianluigi)\u00a0<strong>Buffon<\/strong>\u00a0que contin\u00fae a cargo del \u00e1rea deportiva\u00bb, declar\u00f3 a la prensa el dirigente.<\/p>\n<p>Al ser consultado sobre si aceptar\u00eda la invitaci\u00f3n de Gravina,\u00a0<strong>Gattuso<\/strong>\u00a0reiter\u00f3 lo que ya hab\u00eda dicho a la cadena italiana\u00a0<strong>RAI<\/strong>, sobre que aquello \u00abno era lo importante\u00bb.<\/p>\n<p>Bajo la direcci\u00f3n del antiguo centrocampista del AC Milan, campe\u00f3n del mundo en 2006,\u00a0<strong>Italia<\/strong> gan\u00f3 seis de sus ocho \u00faltimos partidos. \u00abLa derrota duele demasiado\u00bb, expres\u00f3 el entrenador tras la eliminaci\u00f3n.<\/p>\n<p><strong>Gattuso<\/strong>, de 48 a\u00f1os, logr\u00f3 adem\u00e1s instalar un\u00a0<strong>esp\u00edritu de equipo<\/strong>\u00a0en una selecci\u00f3n italiana (12\u00ba en ranking FIFA) que adolece en los \u00faltimos tiempos de grandes talentos individuales y de\u00a0<strong>jugadores<\/strong>\u00a0carism\u00e1ticos.<\/p>\n<p>Durante la fase final de la Copa del Mundo en Estados Unidos, Canad\u00e1 y M\u00e9xico (11 de junio-19 de julio),\u00a0<strong>Bosnia<\/strong>, que disputar\u00e1 su\u00a0<strong>segundo Mundial<\/strong>\u00a0tras Brasil 2014, se enfrentar\u00e1 en el\u00a0<strong>grupo B<\/strong>\u00a0a Canad\u00e1, Catar y Suiza.<\/p>\n","protected":false},"excerpt":{"rendered":"<p>No hay dos sin tres y la\u00a0maldici\u00f3n del repechaje\u00a0golpe\u00f3 de nuevo a\u00a0Italia. Ausente de los dos \u00faltimos mundiales, la Nazionale &#8230;<\/p>\n","protected":false},"author":2,"featured_media":213996,"comment_status":"closed","ping_status":"closed","sticky":false,"template":"","format":"standard","meta":{"footnotes":""},"categories":[28],"tags":[],"class_list":["post-213995","post","type-post","status-publish","format-standard","has-post-thumbnail","hentry","category-deportes"],"yoast_head":"<!-- This site is optimized with the Yoast SEO plugin v24.8.1 - https:\/\/yoast.com\/wordpress\/plugins\/seo\/ -->\n<title>Italia ver\u00e1 su tercer Mundial consecutivo por televisi\u00f3n, hito para Bosnia - PotenciaRadiofonicaDominicana.com<\/title>\n<meta name=\"robots\" content=\"index, follow, max-snippet:-1, max-image-preview:large, max-video-preview:-1\" \/>\n<link rel=\"canonical\" href=\"https:\/\/potenciaradiofonicadominicana.com\/portal\/italia-vera-su-tercer-mundial-consecutivo-por-television-hito-para-bosnia\/\" \/>\n<meta property=\"og:locale\" content=\"es_ES\" \/>\n<meta property=\"og:type\" content=\"article\" \/>\n<meta property=\"og:title\" content=\"Italia ver\u00e1 su tercer Mundial consecutivo por televisi\u00f3n, hito para Bosnia - PotenciaRadiofonicaDominicana.com\" \/>\n<meta property=\"og:description\" content=\"No hay dos sin tres y la\u00a0maldici\u00f3n del repechaje\u00a0golpe\u00f3 de nuevo a\u00a0Italia. Ausente de los dos \u00faltimos mundiales, la Nazionale ...\" \/>\n<meta property=\"og:url\" content=\"https:\/\/potenciaradiofonicadominicana.com\/portal\/italia-vera-su-tercer-mundial-consecutivo-por-television-hito-para-bosnia\/\" \/>\n<meta property=\"og:site_name\" content=\"PotenciaRadiofonicaDominicana.com\" \/>\n<meta property=\"article:publisher\" content=\"https:\/\/web.facebook.com\/PotenciaRadiofonicaD\" \/>\n<meta property=\"article:published_time\" content=\"2026-04-01T01:49:43+00:00\" \/>\n<meta property=\"og:image\" content=\"https:\/\/potenciaradiofonicadominicana.com\/portal\/wp-content\/uploads\/2026\/03\/FGQYACERD5NGZKR7SEJWD646PA-scaled.jpg\" \/>\n\t<meta property=\"og:image:width\" content=\"2560\" \/>\n\t<meta property=\"og:image:height\" content=\"1587\" \/>\n\t<meta property=\"og:image:type\" content=\"image\/jpeg\" \/>\n<meta name=\"author\" content=\"Potencia Radiof\u00f3nica Dominicana\" \/>\n<meta name=\"twitter:card\" content=\"summary_large_image\" \/>\n<meta name=\"twitter:label1\" content=\"Escrito por\" \/>\n\t<meta name=\"twitter:data1\" content=\"Potencia Radiof\u00f3nica Dominicana\" \/>\n\t<meta name=\"twitter:label2\" content=\"Tiempo de lectura\" \/>\n\t<meta name=\"twitter:data2\" content=\"4 minutos\" \/>\n<script type=\"application\/ld+json\" class=\"yoast-schema-graph\">{\"@context\":\"https:\/\/schema.org\",\"@graph\":[{\"@type\":\"Article\",\"@id\":\"https:\/\/potenciaradiofonicadominicana.com\/portal\/italia-vera-su-tercer-mundial-consecutivo-por-television-hito-para-bosnia\/#article\",\"isPartOf\":{\"@id\":\"https:\/\/potenciaradiofonicadominicana.com\/portal\/italia-vera-su-tercer-mundial-consecutivo-por-television-hito-para-bosnia\/\"},\"author\":{\"name\":\"Potencia Radiof\u00f3nica Dominicana\",\"@id\":\"https:\/\/potenciaradiofonicadominicana.com\/portal\/#\/schema\/person\/a5cf1fea13877803ee0573ac18b03490\"},\"headline\":\"Italia ver\u00e1 su tercer Mundial consecutivo por televisi\u00f3n, hito para Bosnia\",\"datePublished\":\"2026-04-01T01:49:43+00:00\",\"mainEntityOfPage\":{\"@id\":\"https:\/\/potenciaradiofonicadominicana.com\/portal\/italia-vera-su-tercer-mundial-consecutivo-por-television-hito-para-bosnia\/\"},\"wordCount\":746,\"publisher\":{\"@id\":\"https:\/\/potenciaradiofonicadominicana.com\/portal\/#organization\"},\"image\":{\"@id\":\"https:\/\/potenciaradiofonicadominicana.com\/portal\/italia-vera-su-tercer-mundial-consecutivo-por-television-hito-para-bosnia\/#primaryimage\"},\"thumbnailUrl\":\"https:\/\/potenciaradiofonicadominicana.com\/portal\/wp-content\/uploads\/2026\/03\/FGQYACERD5NGZKR7SEJWD646PA-scaled.jpg\",\"articleSection\":[\"Deportes\"],\"inLanguage\":\"es\"},{\"@type\":\"WebPage\",\"@id\":\"https:\/\/potenciaradiofonicadominicana.com\/portal\/italia-vera-su-tercer-mundial-consecutivo-por-television-hito-para-bosnia\/\",\"url\":\"https:\/\/potenciaradiofonicadominicana.com\/portal\/italia-vera-su-tercer-mundial-consecutivo-por-television-hito-para-bosnia\/\",\"name\":\"Italia ver\u00e1 su tercer Mundial consecutivo por televisi\u00f3n, hito para Bosnia - PotenciaRadiofonicaDominicana.com\",\"isPartOf\":{\"@id\":\"https:\/\/potenciaradiofonicadominicana.com\/portal\/#website\"},\"primaryImageOfPage\":{\"@id\":\"https:\/\/potenciaradiofonicadominicana.com\/portal\/italia-vera-su-tercer-mundial-consecutivo-por-television-hito-para-bosnia\/#primaryimage\"},\"image\":{\"@id\":\"https:\/\/potenciaradiofonicadominicana.com\/portal\/italia-vera-su-tercer-mundial-consecutivo-por-television-hito-para-bosnia\/#primaryimage\"},\"thumbnailUrl\":\"https:\/\/potenciaradiofonicadominicana.com\/portal\/wp-content\/uploads\/2026\/03\/FGQYACERD5NGZKR7SEJWD646PA-scaled.jpg\",\"datePublished\":\"2026-04-01T01:49:43+00:00\",\"breadcrumb\":{\"@id\":\"https:\/\/potenciaradiofonicadominicana.com\/portal\/italia-vera-su-tercer-mundial-consecutivo-por-television-hito-para-bosnia\/#breadcrumb\"},\"inLanguage\":\"es\",\"potentialAction\":[{\"@type\":\"ReadAction\",\"target\":[\"https:\/\/potenciaradiofonicadominicana.com\/portal\/italia-vera-su-tercer-mundial-consecutivo-por-television-hito-para-bosnia\/\"]}]},{\"@type\":\"ImageObject\",\"inLanguage\":\"es\",\"@id\":\"https:\/\/potenciaradiofonicadominicana.com\/portal\/italia-vera-su-tercer-mundial-consecutivo-por-television-hito-para-bosnia\/#primaryimage\",\"url\":\"https:\/\/potenciaradiofonicadominicana.com\/portal\/wp-content\/uploads\/2026\/03\/FGQYACERD5NGZKR7SEJWD646PA-scaled.jpg\",\"contentUrl\":\"https:\/\/potenciaradiofonicadominicana.com\/portal\/wp-content\/uploads\/2026\/03\/FGQYACERD5NGZKR7SEJWD646PA-scaled.jpg\",\"width\":2560,\"height\":1587,\"caption\":\"Soccer Football - FIFA World Cup - UEFA Qualifiers - Italy v Northern Ireland - New Balance Arena, Bergamo, Italy - March 26, 2026 Italy's Sandro Tonali celebrates scoring their first goal with Federico Dimarco REUTERS\/Matteo Ciambelli\"},{\"@type\":\"BreadcrumbList\",\"@id\":\"https:\/\/potenciaradiofonicadominicana.com\/portal\/italia-vera-su-tercer-mundial-consecutivo-por-television-hito-para-bosnia\/#breadcrumb\",\"itemListElement\":[{\"@type\":\"ListItem\",\"position\":1,\"name\":\"Portada\",\"item\":\"https:\/\/potenciaradiofonicadominicana.com\/portal\/\"},{\"@type\":\"ListItem\",\"position\":2,\"name\":\"Italia ver\u00e1 su tercer Mundial consecutivo por televisi\u00f3n, hito para Bosnia\"}]},{\"@type\":\"WebSite\",\"@id\":\"https:\/\/potenciaradiofonicadominicana.com\/portal\/#website\",\"url\":\"https:\/\/potenciaradiofonicadominicana.com\/portal\/\",\"name\":\"PotenciaRadiofonicaDominicana.com\",\"description\":\"Peri\u00f3dico Digital\",\"publisher\":{\"@id\":\"https:\/\/potenciaradiofonicadominicana.com\/portal\/#organization\"},\"potentialAction\":[{\"@type\":\"SearchAction\",\"target\":{\"@type\":\"EntryPoint\",\"urlTemplate\":\"https:\/\/potenciaradiofonicadominicana.com\/portal\/?s={search_term_string}\"},\"query-input\":{\"@type\":\"PropertyValueSpecification\",\"valueRequired\":true,\"valueName\":\"search_term_string\"}}],\"inLanguage\":\"es\"},{\"@type\":\"Organization\",\"@id\":\"https:\/\/potenciaradiofonicadominicana.com\/portal\/#organization\",\"name\":\"PotenciaRadiofonicaDominicana.com\",\"url\":\"https:\/\/potenciaradiofonicadominicana.com\/portal\/\",\"logo\":{\"@type\":\"ImageObject\",\"inLanguage\":\"es\",\"@id\":\"https:\/\/potenciaradiofonicadominicana.com\/portal\/#\/schema\/logo\/image\/\",\"url\":\"https:\/\/potenciaradiofonicadominicana.com\/portal\/wp-content\/uploads\/2022\/01\/descarga.png\",\"contentUrl\":\"https:\/\/potenciaradiofonicadominicana.com\/portal\/wp-content\/uploads\/2022\/01\/descarga.png\",\"width\":300,\"height\":100,\"caption\":\"PotenciaRadiofonicaDominicana.com\"},\"image\":{\"@id\":\"https:\/\/potenciaradiofonicadominicana.com\/portal\/#\/schema\/logo\/image\/\"},\"sameAs\":[\"https:\/\/web.facebook.com\/PotenciaRadiofonicaD\"]},{\"@type\":\"Person\",\"@id\":\"https:\/\/potenciaradiofonicadominicana.com\/portal\/#\/schema\/person\/a5cf1fea13877803ee0573ac18b03490\",\"name\":\"Potencia Radiof\u00f3nica Dominicana\",\"image\":{\"@type\":\"ImageObject\",\"inLanguage\":\"es\",\"@id\":\"https:\/\/potenciaradiofonicadominicana.com\/portal\/#\/schema\/person\/image\/\",\"url\":\"https:\/\/secure.gravatar.com\/avatar\/42a55ab9e8ccc656ba34cd791990602a?s=96&d=mm&r=g\",\"contentUrl\":\"https:\/\/secure.gravatar.com\/avatar\/42a55ab9e8ccc656ba34cd791990602a?s=96&d=mm&r=g\",\"caption\":\"Potencia Radiof\u00f3nica Dominicana\"},\"url\":\"https:\/\/potenciaradiofonicadominicana.com\/portal\/author\/johannyalmanzar\/\"}]}<\/script>\n<!-- \/ Yoast SEO plugin. -->","yoast_head_json":{"title":"Italia ver\u00e1 su tercer Mundial consecutivo por televisi\u00f3n, hito para Bosnia - PotenciaRadiofonicaDominicana.com","robots":{"index":"index","follow":"follow","max-snippet":"max-snippet:-1","max-image-preview":"max-image-preview:large","max-video-preview":"max-video-preview:-1"},"canonical":"https:\/\/potenciaradiofonicadominicana.com\/portal\/italia-vera-su-tercer-mundial-consecutivo-por-television-hito-para-bosnia\/","og_locale":"es_ES","og_type":"article","og_title":"Italia ver\u00e1 su tercer Mundial consecutivo por televisi\u00f3n, hito para Bosnia - PotenciaRadiofonicaDominicana.com","og_description":"No hay dos sin tres y la\u00a0maldici\u00f3n del repechaje\u00a0golpe\u00f3 de nuevo a\u00a0Italia. Ausente de los dos \u00faltimos mundiales, la Nazionale ...","og_url":"https:\/\/potenciaradiofonicadominicana.com\/portal\/italia-vera-su-tercer-mundial-consecutivo-por-television-hito-para-bosnia\/","og_site_name":"PotenciaRadiofonicaDominicana.com","article_publisher":"https:\/\/web.facebook.com\/PotenciaRadiofonicaD","article_published_time":"2026-04-01T01:49:43+00:00","og_image":[{"width":2560,"height":1587,"url":"https:\/\/potenciaradiofonicadominicana.com\/portal\/wp-content\/uploads\/2026\/03\/FGQYACERD5NGZKR7SEJWD646PA-scaled.jpg","type":"image\/jpeg"}],"author":"Potencia Radiof\u00f3nica Dominicana","twitter_card":"summary_large_image","twitter_misc":{"Escrito por":"Potencia Radiof\u00f3nica Dominicana","Tiempo de lectura":"4 minutos"},"schema":{"@context":"https:\/\/schema.org","@graph":[{"@type":"Article","@id":"https:\/\/potenciaradiofonicadominicana.com\/portal\/italia-vera-su-tercer-mundial-consecutivo-por-television-hito-para-bosnia\/#article","isPartOf":{"@id":"https:\/\/potenciaradiofonicadominicana.com\/portal\/italia-vera-su-tercer-mundial-consecutivo-por-television-hito-para-bosnia\/"},"author":{"name":"Potencia Radiof\u00f3nica Dominicana","@id":"https:\/\/potenciaradiofonicadominicana.com\/portal\/#\/schema\/person\/a5cf1fea13877803ee0573ac18b03490"},"headline":"Italia ver\u00e1 su tercer Mundial consecutivo por televisi\u00f3n, hito para Bosnia","datePublished":"2026-04-01T01:49:43+00:00","mainEntityOfPage":{"@id":"https:\/\/potenciaradiofonicadominicana.com\/portal\/italia-vera-su-tercer-mundial-consecutivo-por-television-hito-para-bosnia\/"},"wordCount":746,"publisher":{"@id":"https:\/\/potenciaradiofonicadominicana.com\/portal\/#organization"},"image":{"@id":"https:\/\/potenciaradiofonicadominicana.com\/portal\/italia-vera-su-tercer-mundial-consecutivo-por-television-hito-para-bosnia\/#primaryimage"},"thumbnailUrl":"https:\/\/potenciaradiofonicadominicana.com\/portal\/wp-content\/uploads\/2026\/03\/FGQYACERD5NGZKR7SEJWD646PA-scaled.jpg","articleSection":["Deportes"],"inLanguage":"es"},{"@type":"WebPage","@id":"https:\/\/potenciaradiofonicadominicana.com\/portal\/italia-vera-su-tercer-mundial-consecutivo-por-television-hito-para-bosnia\/","url":"https:\/\/potenciaradiofonicadominicana.com\/portal\/italia-vera-su-tercer-mundial-consecutivo-por-television-hito-para-bosnia\/","name":"Italia ver\u00e1 su tercer Mundial consecutivo por televisi\u00f3n, hito para Bosnia - PotenciaRadiofonicaDominicana.com","isPartOf":{"@id":"https:\/\/potenciaradiofonicadominicana.com\/portal\/#website"},"primaryImageOfPage":{"@id":"https:\/\/potenciaradiofonicadominicana.com\/portal\/italia-vera-su-tercer-mundial-consecutivo-por-television-hito-para-bosnia\/#primaryimage"},"image":{"@id":"https:\/\/potenciaradiofonicadominicana.com\/portal\/italia-vera-su-tercer-mundial-consecutivo-por-television-hito-para-bosnia\/#primaryimage"},"thumbnailUrl":"https:\/\/potenciaradiofonicadominicana.com\/portal\/wp-content\/uploads\/2026\/03\/FGQYACERD5NGZKR7SEJWD646PA-scaled.jpg","datePublished":"2026-04-01T01:49:43+00:00","breadcrumb":{"@id":"https:\/\/potenciaradiofonicadominicana.com\/portal\/italia-vera-su-tercer-mundial-consecutivo-por-television-hito-para-bosnia\/#breadcrumb"},"inLanguage":"es","potentialAction":[{"@type":"ReadAction","target":["https:\/\/potenciaradiofonicadominicana.com\/portal\/italia-vera-su-tercer-mundial-consecutivo-por-television-hito-para-bosnia\/"]}]},{"@type":"ImageObject","inLanguage":"es","@id":"https:\/\/potenciaradiofonicadominicana.com\/portal\/italia-vera-su-tercer-mundial-consecutivo-por-television-hito-para-bosnia\/#primaryimage","url":"https:\/\/potenciaradiofonicadominicana.com\/portal\/wp-content\/uploads\/2026\/03\/FGQYACERD5NGZKR7SEJWD646PA-scaled.jpg","contentUrl":"https:\/\/potenciaradiofonicadominicana.com\/portal\/wp-content\/uploads\/2026\/03\/FGQYACERD5NGZKR7SEJWD646PA-scaled.jpg","width":2560,"height":1587,"caption":"Soccer Football - FIFA World Cup - UEFA Qualifiers - Italy v Northern Ireland - New Balance Arena, Bergamo, Italy - March 26, 2026 Italy's Sandro Tonali celebrates scoring their first goal with Federico Dimarco REUTERS\/Matteo Ciambelli"},{"@type":"BreadcrumbList","@id":"https:\/\/potenciaradiofonicadominicana.com\/portal\/italia-vera-su-tercer-mundial-consecutivo-por-television-hito-para-bosnia\/#breadcrumb","itemListElement":[{"@type":"ListItem","position":1,"name":"Portada","item":"https:\/\/potenciaradiofonicadominicana.com\/portal\/"},{"@type":"ListItem","position":2,"name":"Italia ver\u00e1 su tercer Mundial consecutivo por televisi\u00f3n, hito para Bosnia"}]},{"@type":"WebSite","@id":"https:\/\/potenciaradiofonicadominicana.com\/portal\/#website","url":"https:\/\/potenciaradiofonicadominicana.com\/portal\/","name":"PotenciaRadiofonicaDominicana.com","description":"Peri\u00f3dico Digital","publisher":{"@id":"https:\/\/potenciaradiofonicadominicana.com\/portal\/#organization"},"potentialAction":[{"@type":"SearchAction","target":{"@type":"EntryPoint","urlTemplate":"https:\/\/potenciaradiofonicadominicana.com\/portal\/?s={search_term_string}"},"query-input":{"@type":"PropertyValueSpecification","valueRequired":true,"valueName":"search_term_string"}}],"inLanguage":"es"},{"@type":"Organization","@id":"https:\/\/potenciaradiofonicadominicana.com\/portal\/#organization","name":"PotenciaRadiofonicaDominicana.com","url":"https:\/\/potenciaradiofonicadominicana.com\/portal\/","logo":{"@type":"ImageObject","inLanguage":"es","@id":"https:\/\/potenciaradiofonicadominicana.com\/portal\/#\/schema\/logo\/image\/","url":"https:\/\/potenciaradiofonicadominicana.com\/portal\/wp-content\/uploads\/2022\/01\/descarga.png","contentUrl":"https:\/\/potenciaradiofonicadominicana.com\/portal\/wp-content\/uploads\/2022\/01\/descarga.png","width":300,"height":100,"caption":"PotenciaRadiofonicaDominicana.com"},"image":{"@id":"https:\/\/potenciaradiofonicadominicana.com\/portal\/#\/schema\/logo\/image\/"},"sameAs":["https:\/\/web.facebook.com\/PotenciaRadiofonicaD"]},{"@type":"Person","@id":"https:\/\/potenciaradiofonicadominicana.com\/portal\/#\/schema\/person\/a5cf1fea13877803ee0573ac18b03490","name":"Potencia Radiof\u00f3nica Dominicana","image":{"@type":"ImageObject","inLanguage":"es","@id":"https:\/\/potenciaradiofonicadominicana.com\/portal\/#\/schema\/person\/image\/","url":"https:\/\/secure.gravatar.com\/avatar\/42a55ab9e8ccc656ba34cd791990602a?s=96&d=mm&r=g","contentUrl":"https:\/\/secure.gravatar.com\/avatar\/42a55ab9e8ccc656ba34cd791990602a?s=96&d=mm&r=g","caption":"Potencia Radiof\u00f3nica Dominicana"},"url":"https:\/\/potenciaradiofonicadominicana.com\/portal\/author\/johannyalmanzar\/"}]}},"_links":{"self":[{"href":"https:\/\/potenciaradiofonicadominicana.com\/portal\/wp-json\/wp\/v2\/posts\/213995","targetHints":{"allow":["GET"]}}],"collection":[{"href":"https:\/\/potenciaradiofonicadominicana.com\/portal\/wp-json\/wp\/v2\/posts"}],"about":[{"href":"https:\/\/potenciaradiofonicadominicana.com\/portal\/wp-json\/wp\/v2\/types\/post"}],"author":[{"embeddable":true,"href":"https:\/\/potenciaradiofonicadominicana.com\/portal\/wp-json\/wp\/v2\/users\/2"}],"replies":[{"embeddable":true,"href":"https:\/\/potenciaradiofonicadominicana.com\/portal\/wp-json\/wp\/v2\/comments?post=213995"}],"version-history":[{"count":1,"href":"https:\/\/potenciaradiofonicadominicana.com\/portal\/wp-json\/wp\/v2\/posts\/213995\/revisions"}],"predecessor-version":[{"id":213997,"href":"https:\/\/potenciaradiofonicadominicana.com\/portal\/wp-json\/wp\/v2\/posts\/213995\/revisions\/213997"}],"wp:featuredmedia":[{"embeddable":true,"href":"https:\/\/potenciaradiofonicadominicana.com\/portal\/wp-json\/wp\/v2\/media\/213996"}],"wp:attachment":[{"href":"https:\/\/potenciaradiofonicadominicana.com\/portal\/wp-json\/wp\/v2\/media?parent=213995"}],"wp:term":[{"taxonomy":"category","embeddable":true,"href":"https:\/\/potenciaradiofonicadominicana.com\/portal\/wp-json\/wp\/v2\/categories?post=213995"},{"taxonomy":"post_tag","embeddable":true,"href":"https:\/\/potenciaradiofonicadominicana.com\/portal\/wp-json\/wp\/v2\/tags?post=213995"}],"curies":[{"name":"wp","href":"https:\/\/api.w.org\/{rel}","templated":true}]}}