{"id":213855,"date":"2026-03-29T23:34:05","date_gmt":"2026-03-30T03:34:05","guid":{"rendered":"https:\/\/potenciaradiofonicadominicana.com\/portal\/?p=213855"},"modified":"2026-03-29T23:34:05","modified_gmt":"2026-03-30T03:34:05","slug":"kimi-antonelli-de-19-anos-gana-el-gp-de-japon-y-es-el-nuevo-lider-de-la-f1","status":"publish","type":"post","link":"https:\/\/potenciaradiofonicadominicana.com\/portal\/kimi-antonelli-de-19-anos-gana-el-gp-de-japon-y-es-el-nuevo-lider-de-la-f1\/","title":{"rendered":"Kimi Antonelli, de 19 a\u00f1os, gana el GP de Jap\u00f3n y es el nuevo l\u00edder de la F1"},"content":{"rendered":"<p><a href=\"https:\/\/potenciaradiofonicadominicana.com\/portal\/wp-content\/uploads\/2026\/03\/69c8e0a9b0335.image_.jpg\"><img loading=\"lazy\" decoding=\"async\" class=\"alignnone size-full wp-image-213857\" src=\"https:\/\/potenciaradiofonicadominicana.com\/portal\/wp-content\/uploads\/2026\/03\/69c8e0a9b0335.image_.jpg\" alt=\"\" width=\"750\" height=\"500\" srcset=\"https:\/\/potenciaradiofonicadominicana.com\/portal\/wp-content\/uploads\/2026\/03\/69c8e0a9b0335.image_.jpg 750w, https:\/\/potenciaradiofonicadominicana.com\/portal\/wp-content\/uploads\/2026\/03\/69c8e0a9b0335.image_-300x200.jpg 300w\" sizes=\"auto, (max-width: 750px) 100vw, 750px\" \/><\/a><\/p>\n<p>SUZUKA, Jap\u00f3n (AP) \u2014 El italiano Kimi Antonelli, de 19 a\u00f1os y piloto de Mercedes, gan\u00f3 el domingo su segunda carrera consecutiva de F\u00f3rmula 1 al imponerse en el Gran Premio de Jap\u00f3n por delante de Oscar Piastri, de McLaren. Antonelli termin\u00f3 con una c\u00f3moda ventaja de 13,7 segundos sobre el australiano Piastri.<\/p>\n<p>Charles Leclerc, de Ferrari, fue tercero, con George Russell, de Mercedes, en cuarto lugar. Lando Norris termin\u00f3 quinto para McLaren, y Lewis Hamilton, de Ferrari, fue sexto en el circuito de Suzuka, en el centro de Jap\u00f3n, en una despejada y soleada tarde primaveral.<\/p>\n<p>Antonelli gan\u00f3 hace dos semanas en China la primera carrera de F1 de su carrera, convirti\u00e9ndose en el segundo ganador m\u00e1s joven de la historia. El m\u00e1s joven fue Max Verstappen en 2016, con apenas 18 a\u00f1os. El joven italiano tambi\u00e9n gan\u00f3 desde la pole position en China, el m\u00e1s joven en lograr ese puesto.<\/p>\n<p>Lea tambi\u00e9n: Antonelli y Russell hacen 1-2 para Mercedes<\/p>\n<p>Antonelli tiene 72 puntos en tres carreras y ahora se convierte en el m\u00e1s joven en liderar la clasificaci\u00f3n de pilotos de la temporada.<\/p>\n<p>\u201cEs demasiado pronto para pensar en el campeonato, pero vamos por buen camino\u201d, dijo Antonelli. \u201cTuve una salida terrible, tengo que revisar qu\u00e9 pas\u00f3\u201d.<\/p>\n<p>\u201cDefinitivamente (las salidas) han sido un punto d\u00e9bil este a\u00f1o y necesito mejorar eso porque puedes ganar o perder carreras f\u00e1cilmente con eso\u201d, a\u00f1adi\u00f3 Antonelli.<\/p>\n<p>Mercedes sigue dominando<\/p>\n<p>Russell fue segundo en China hace dos semanas y gan\u00f3 la carrera inaugural de la temporada en Australia, lo que significa que Mercedes suma victorias en las tres primeras carreras de 2026 \u2014 y Antonelli tiene dos de ellas.<\/p>\n<p>Antonelli arranc\u00f3 desde la pole con Russell a su lado, pero ninguno tuvo una gran salida y Piastri les super\u00f3 en la primera curva, manteniendo el liderato en las primeras vueltas.<\/p>\n<p>Antonelli y Mercedes volvieron a demostrar que son los mejor posicionados para dominar la nueva configuraci\u00f3n del auto para 2026, que presenta un reparto 50-50 entre la potencia del motor de combusti\u00f3n interna y la energ\u00eda de la bater\u00eda el\u00e9ctrica.<\/p>\n<p>Los autos tambi\u00e9n son m\u00e1s ligeros, m\u00e1s estrechos y m\u00e1s cortos que la temporada pasada, y muchos pilotos se han quejado de los cambios m\u00e1s radicales en una d\u00e9cada.<\/p>\n<p>La suerte de Antonelli<\/p>\n<p>Piastri tuvo una gran salida. Antonelli no, y termin\u00f3 sexto tras la primera vuelta, pero fue remontando. Tom\u00f3 el liderato en la vuelta 22, cuando el piloto de Haas Oliver Bearman perdi\u00f3 el control y choc\u00f3 contra una barrera de neum\u00e1ticos, lo que activ\u00f3 el auto de seguridad.<\/p>\n<p>Sali\u00f3 del auto con dificultad, pero m\u00e1s tarde personal m\u00e9dico inform\u00f3 que se encontraba en buen estado.<\/p>\n<p>Antonelli dijo que tuvo un poco de \u201csuerte\u201d con el auto de seguridad.<\/p>\n<p>\u201cNo s\u00e9 qu\u00e9 habr\u00eda pasado, cu\u00e1l habr\u00eda sido el resultado sin el auto de seguridad\u201d, dijo Antonelli. \u201cPero eso definitivamente hizo la vida mucho m\u00e1s f\u00e1cil\u201d.<\/p>\n<p>Piastri tambi\u00e9n se pregunt\u00f3 qu\u00e9 podr\u00eda haber sido, pero reconoci\u00f3 que Mercedes probablemente ten\u00eda demasiado ritmo.<\/p>\n<p>\u201cEs una pena que nunca hayamos podido ver qu\u00e9 habr\u00eda pasado, pero para nosotros, en este punto, estar decepcionados por terminar segundos es una posici\u00f3n bastante buena\u201d.<\/p>\n<p>Piastri ni siquiera comenz\u00f3 las dos primeras carreras de la temporada. En Australia se estrell\u00f3 en una vuelta de calentamiento antes de su carrera de casa, y ninguno de los autos de McLaren pudo tomar la salida en China por fallas el\u00e9ctricas.<\/p>\n<p>Hamilton pas\u00f3 toda la temporada pasada sin subir al podio al volante de Ferrari, pero logr\u00f3 el tercer puesto en China. En Jap\u00f3n estuvo cerca de otro podio, lo que muestra que el Ferrari es competitivo, algo que no fue la temporada pasada.<\/p>\n<p>\u201cNo he perdido lo que ten\u00eda\u201d, dijo Hamilton esta semana en Jap\u00f3n.<\/p>\n<p>Largo receso<\/p>\n<p>La F\u00f3rmula 1 se toma ahora un receso de cinco semanas, con las carreras previstas para abril en Bar\u00e9in y Arabia Saud\u00ed canceladas por la guerra en Ir\u00e1n. La pr\u00f3xima carrera ser\u00e1 el 3 de mayo en Miami.<\/p>\n","protected":false},"excerpt":{"rendered":"<p>SUZUKA, Jap\u00f3n (AP) \u2014 El italiano Kimi Antonelli, de 19 a\u00f1os y piloto de Mercedes, gan\u00f3 el domingo su segunda &#8230;<\/p>\n","protected":false},"author":2,"featured_media":213857,"comment_status":"closed","ping_status":"closed","sticky":false,"template":"","format":"standard","meta":{"footnotes":""},"categories":[28],"tags":[],"class_list":["post-213855","post","type-post","status-publish","format-standard","has-post-thumbnail","hentry","category-deportes"],"yoast_head":"<!-- This site is optimized with the Yoast SEO plugin v24.8.1 - https:\/\/yoast.com\/wordpress\/plugins\/seo\/ -->\n<title>Kimi Antonelli, de 19 a\u00f1os, gana el GP de Jap\u00f3n y es el nuevo l\u00edder de la F1 - PotenciaRadiofonicaDominicana.com<\/title>\n<meta name=\"robots\" content=\"index, follow, max-snippet:-1, max-image-preview:large, max-video-preview:-1\" \/>\n<link rel=\"canonical\" href=\"https:\/\/potenciaradiofonicadominicana.com\/portal\/kimi-antonelli-de-19-anos-gana-el-gp-de-japon-y-es-el-nuevo-lider-de-la-f1\/\" \/>\n<meta property=\"og:locale\" content=\"es_ES\" \/>\n<meta property=\"og:type\" content=\"article\" \/>\n<meta property=\"og:title\" content=\"Kimi Antonelli, de 19 a\u00f1os, gana el GP de Jap\u00f3n y es el nuevo l\u00edder de la F1 - PotenciaRadiofonicaDominicana.com\" \/>\n<meta property=\"og:description\" content=\"SUZUKA, Jap\u00f3n (AP) \u2014 El italiano Kimi Antonelli, de 19 a\u00f1os y piloto de Mercedes, gan\u00f3 el domingo su segunda ...\" \/>\n<meta property=\"og:url\" content=\"https:\/\/potenciaradiofonicadominicana.com\/portal\/kimi-antonelli-de-19-anos-gana-el-gp-de-japon-y-es-el-nuevo-lider-de-la-f1\/\" \/>\n<meta property=\"og:site_name\" content=\"PotenciaRadiofonicaDominicana.com\" \/>\n<meta property=\"article:publisher\" content=\"https:\/\/web.facebook.com\/PotenciaRadiofonicaD\" \/>\n<meta property=\"article:published_time\" content=\"2026-03-30T03:34:05+00:00\" \/>\n<meta property=\"og:image\" content=\"https:\/\/potenciaradiofonicadominicana.com\/portal\/wp-content\/uploads\/2026\/03\/69c8e0a9b0335.image_.jpg\" \/>\n\t<meta property=\"og:image:width\" content=\"750\" \/>\n\t<meta property=\"og:image:height\" content=\"500\" \/>\n\t<meta property=\"og:image:type\" content=\"image\/jpeg\" \/>\n<meta name=\"author\" content=\"Potencia Radiof\u00f3nica Dominicana\" \/>\n<meta name=\"twitter:card\" content=\"summary_large_image\" \/>\n<meta name=\"twitter:label1\" content=\"Escrito por\" \/>\n\t<meta name=\"twitter:data1\" content=\"Potencia Radiof\u00f3nica Dominicana\" \/>\n\t<meta name=\"twitter:label2\" content=\"Tiempo de lectura\" \/>\n\t<meta name=\"twitter:data2\" content=\"4 minutos\" \/>\n<script type=\"application\/ld+json\" class=\"yoast-schema-graph\">{\"@context\":\"https:\/\/schema.org\",\"@graph\":[{\"@type\":\"Article\",\"@id\":\"https:\/\/potenciaradiofonicadominicana.com\/portal\/kimi-antonelli-de-19-anos-gana-el-gp-de-japon-y-es-el-nuevo-lider-de-la-f1\/#article\",\"isPartOf\":{\"@id\":\"https:\/\/potenciaradiofonicadominicana.com\/portal\/kimi-antonelli-de-19-anos-gana-el-gp-de-japon-y-es-el-nuevo-lider-de-la-f1\/\"},\"author\":{\"name\":\"Potencia Radiof\u00f3nica Dominicana\",\"@id\":\"https:\/\/potenciaradiofonicadominicana.com\/portal\/#\/schema\/person\/a5cf1fea13877803ee0573ac18b03490\"},\"headline\":\"Kimi Antonelli, de 19 a\u00f1os, gana el GP de Jap\u00f3n y es el nuevo l\u00edder de la F1\",\"datePublished\":\"2026-03-30T03:34:05+00:00\",\"mainEntityOfPage\":{\"@id\":\"https:\/\/potenciaradiofonicadominicana.com\/portal\/kimi-antonelli-de-19-anos-gana-el-gp-de-japon-y-es-el-nuevo-lider-de-la-f1\/\"},\"wordCount\":722,\"publisher\":{\"@id\":\"https:\/\/potenciaradiofonicadominicana.com\/portal\/#organization\"},\"image\":{\"@id\":\"https:\/\/potenciaradiofonicadominicana.com\/portal\/kimi-antonelli-de-19-anos-gana-el-gp-de-japon-y-es-el-nuevo-lider-de-la-f1\/#primaryimage\"},\"thumbnailUrl\":\"https:\/\/potenciaradiofonicadominicana.com\/portal\/wp-content\/uploads\/2026\/03\/69c8e0a9b0335.image_.jpg\",\"articleSection\":[\"Deportes\"],\"inLanguage\":\"es\"},{\"@type\":\"WebPage\",\"@id\":\"https:\/\/potenciaradiofonicadominicana.com\/portal\/kimi-antonelli-de-19-anos-gana-el-gp-de-japon-y-es-el-nuevo-lider-de-la-f1\/\",\"url\":\"https:\/\/potenciaradiofonicadominicana.com\/portal\/kimi-antonelli-de-19-anos-gana-el-gp-de-japon-y-es-el-nuevo-lider-de-la-f1\/\",\"name\":\"Kimi Antonelli, de 19 a\u00f1os, gana el GP de Jap\u00f3n y es el nuevo l\u00edder de la F1 - PotenciaRadiofonicaDominicana.com\",\"isPartOf\":{\"@id\":\"https:\/\/potenciaradiofonicadominicana.com\/portal\/#website\"},\"primaryImageOfPage\":{\"@id\":\"https:\/\/potenciaradiofonicadominicana.com\/portal\/kimi-antonelli-de-19-anos-gana-el-gp-de-japon-y-es-el-nuevo-lider-de-la-f1\/#primaryimage\"},\"image\":{\"@id\":\"https:\/\/potenciaradiofonicadominicana.com\/portal\/kimi-antonelli-de-19-anos-gana-el-gp-de-japon-y-es-el-nuevo-lider-de-la-f1\/#primaryimage\"},\"thumbnailUrl\":\"https:\/\/potenciaradiofonicadominicana.com\/portal\/wp-content\/uploads\/2026\/03\/69c8e0a9b0335.image_.jpg\",\"datePublished\":\"2026-03-30T03:34:05+00:00\",\"breadcrumb\":{\"@id\":\"https:\/\/potenciaradiofonicadominicana.com\/portal\/kimi-antonelli-de-19-anos-gana-el-gp-de-japon-y-es-el-nuevo-lider-de-la-f1\/#breadcrumb\"},\"inLanguage\":\"es\",\"potentialAction\":[{\"@type\":\"ReadAction\",\"target\":[\"https:\/\/potenciaradiofonicadominicana.com\/portal\/kimi-antonelli-de-19-anos-gana-el-gp-de-japon-y-es-el-nuevo-lider-de-la-f1\/\"]}]},{\"@type\":\"ImageObject\",\"inLanguage\":\"es\",\"@id\":\"https:\/\/potenciaradiofonicadominicana.com\/portal\/kimi-antonelli-de-19-anos-gana-el-gp-de-japon-y-es-el-nuevo-lider-de-la-f1\/#primaryimage\",\"url\":\"https:\/\/potenciaradiofonicadominicana.com\/portal\/wp-content\/uploads\/2026\/03\/69c8e0a9b0335.image_.jpg\",\"contentUrl\":\"https:\/\/potenciaradiofonicadominicana.com\/portal\/wp-content\/uploads\/2026\/03\/69c8e0a9b0335.image_.jpg\",\"width\":750,\"height\":500},{\"@type\":\"BreadcrumbList\",\"@id\":\"https:\/\/potenciaradiofonicadominicana.com\/portal\/kimi-antonelli-de-19-anos-gana-el-gp-de-japon-y-es-el-nuevo-lider-de-la-f1\/#breadcrumb\",\"itemListElement\":[{\"@type\":\"ListItem\",\"position\":1,\"name\":\"Portada\",\"item\":\"https:\/\/potenciaradiofonicadominicana.com\/portal\/\"},{\"@type\":\"ListItem\",\"position\":2,\"name\":\"Kimi Antonelli, de 19 a\u00f1os, gana el GP de Jap\u00f3n y es el nuevo l\u00edder de la F1\"}]},{\"@type\":\"WebSite\",\"@id\":\"https:\/\/potenciaradiofonicadominicana.com\/portal\/#website\",\"url\":\"https:\/\/potenciaradiofonicadominicana.com\/portal\/\",\"name\":\"PotenciaRadiofonicaDominicana.com\",\"description\":\"Peri\u00f3dico Digital\",\"publisher\":{\"@id\":\"https:\/\/potenciaradiofonicadominicana.com\/portal\/#organization\"},\"potentialAction\":[{\"@type\":\"SearchAction\",\"target\":{\"@type\":\"EntryPoint\",\"urlTemplate\":\"https:\/\/potenciaradiofonicadominicana.com\/portal\/?s={search_term_string}\"},\"query-input\":{\"@type\":\"PropertyValueSpecification\",\"valueRequired\":true,\"valueName\":\"search_term_string\"}}],\"inLanguage\":\"es\"},{\"@type\":\"Organization\",\"@id\":\"https:\/\/potenciaradiofonicadominicana.com\/portal\/#organization\",\"name\":\"PotenciaRadiofonicaDominicana.com\",\"url\":\"https:\/\/potenciaradiofonicadominicana.com\/portal\/\",\"logo\":{\"@type\":\"ImageObject\",\"inLanguage\":\"es\",\"@id\":\"https:\/\/potenciaradiofonicadominicana.com\/portal\/#\/schema\/logo\/image\/\",\"url\":\"https:\/\/potenciaradiofonicadominicana.com\/portal\/wp-content\/uploads\/2022\/01\/descarga.png\",\"contentUrl\":\"https:\/\/potenciaradiofonicadominicana.com\/portal\/wp-content\/uploads\/2022\/01\/descarga.png\",\"width\":300,\"height\":100,\"caption\":\"PotenciaRadiofonicaDominicana.com\"},\"image\":{\"@id\":\"https:\/\/potenciaradiofonicadominicana.com\/portal\/#\/schema\/logo\/image\/\"},\"sameAs\":[\"https:\/\/web.facebook.com\/PotenciaRadiofonicaD\"]},{\"@type\":\"Person\",\"@id\":\"https:\/\/potenciaradiofonicadominicana.com\/portal\/#\/schema\/person\/a5cf1fea13877803ee0573ac18b03490\",\"name\":\"Potencia Radiof\u00f3nica Dominicana\",\"image\":{\"@type\":\"ImageObject\",\"inLanguage\":\"es\",\"@id\":\"https:\/\/potenciaradiofonicadominicana.com\/portal\/#\/schema\/person\/image\/\",\"url\":\"https:\/\/secure.gravatar.com\/avatar\/42a55ab9e8ccc656ba34cd791990602a?s=96&d=mm&r=g\",\"contentUrl\":\"https:\/\/secure.gravatar.com\/avatar\/42a55ab9e8ccc656ba34cd791990602a?s=96&d=mm&r=g\",\"caption\":\"Potencia Radiof\u00f3nica Dominicana\"},\"url\":\"https:\/\/potenciaradiofonicadominicana.com\/portal\/author\/johannyalmanzar\/\"}]}<\/script>\n<!-- \/ Yoast SEO plugin. -->","yoast_head_json":{"title":"Kimi Antonelli, de 19 a\u00f1os, gana el GP de Jap\u00f3n y es el nuevo l\u00edder de la F1 - PotenciaRadiofonicaDominicana.com","robots":{"index":"index","follow":"follow","max-snippet":"max-snippet:-1","max-image-preview":"max-image-preview:large","max-video-preview":"max-video-preview:-1"},"canonical":"https:\/\/potenciaradiofonicadominicana.com\/portal\/kimi-antonelli-de-19-anos-gana-el-gp-de-japon-y-es-el-nuevo-lider-de-la-f1\/","og_locale":"es_ES","og_type":"article","og_title":"Kimi Antonelli, de 19 a\u00f1os, gana el GP de Jap\u00f3n y es el nuevo l\u00edder de la F1 - PotenciaRadiofonicaDominicana.com","og_description":"SUZUKA, Jap\u00f3n (AP) \u2014 El italiano Kimi Antonelli, de 19 a\u00f1os y piloto de Mercedes, gan\u00f3 el domingo su segunda ...","og_url":"https:\/\/potenciaradiofonicadominicana.com\/portal\/kimi-antonelli-de-19-anos-gana-el-gp-de-japon-y-es-el-nuevo-lider-de-la-f1\/","og_site_name":"PotenciaRadiofonicaDominicana.com","article_publisher":"https:\/\/web.facebook.com\/PotenciaRadiofonicaD","article_published_time":"2026-03-30T03:34:05+00:00","og_image":[{"width":750,"height":500,"url":"https:\/\/potenciaradiofonicadominicana.com\/portal\/wp-content\/uploads\/2026\/03\/69c8e0a9b0335.image_.jpg","type":"image\/jpeg"}],"author":"Potencia Radiof\u00f3nica Dominicana","twitter_card":"summary_large_image","twitter_misc":{"Escrito por":"Potencia Radiof\u00f3nica Dominicana","Tiempo de lectura":"4 minutos"},"schema":{"@context":"https:\/\/schema.org","@graph":[{"@type":"Article","@id":"https:\/\/potenciaradiofonicadominicana.com\/portal\/kimi-antonelli-de-19-anos-gana-el-gp-de-japon-y-es-el-nuevo-lider-de-la-f1\/#article","isPartOf":{"@id":"https:\/\/potenciaradiofonicadominicana.com\/portal\/kimi-antonelli-de-19-anos-gana-el-gp-de-japon-y-es-el-nuevo-lider-de-la-f1\/"},"author":{"name":"Potencia Radiof\u00f3nica Dominicana","@id":"https:\/\/potenciaradiofonicadominicana.com\/portal\/#\/schema\/person\/a5cf1fea13877803ee0573ac18b03490"},"headline":"Kimi Antonelli, de 19 a\u00f1os, gana el GP de Jap\u00f3n y es el nuevo l\u00edder de la F1","datePublished":"2026-03-30T03:34:05+00:00","mainEntityOfPage":{"@id":"https:\/\/potenciaradiofonicadominicana.com\/portal\/kimi-antonelli-de-19-anos-gana-el-gp-de-japon-y-es-el-nuevo-lider-de-la-f1\/"},"wordCount":722,"publisher":{"@id":"https:\/\/potenciaradiofonicadominicana.com\/portal\/#organization"},"image":{"@id":"https:\/\/potenciaradiofonicadominicana.com\/portal\/kimi-antonelli-de-19-anos-gana-el-gp-de-japon-y-es-el-nuevo-lider-de-la-f1\/#primaryimage"},"thumbnailUrl":"https:\/\/potenciaradiofonicadominicana.com\/portal\/wp-content\/uploads\/2026\/03\/69c8e0a9b0335.image_.jpg","articleSection":["Deportes"],"inLanguage":"es"},{"@type":"WebPage","@id":"https:\/\/potenciaradiofonicadominicana.com\/portal\/kimi-antonelli-de-19-anos-gana-el-gp-de-japon-y-es-el-nuevo-lider-de-la-f1\/","url":"https:\/\/potenciaradiofonicadominicana.com\/portal\/kimi-antonelli-de-19-anos-gana-el-gp-de-japon-y-es-el-nuevo-lider-de-la-f1\/","name":"Kimi Antonelli, de 19 a\u00f1os, gana el GP de Jap\u00f3n y es el nuevo l\u00edder de la F1 - PotenciaRadiofonicaDominicana.com","isPartOf":{"@id":"https:\/\/potenciaradiofonicadominicana.com\/portal\/#website"},"primaryImageOfPage":{"@id":"https:\/\/potenciaradiofonicadominicana.com\/portal\/kimi-antonelli-de-19-anos-gana-el-gp-de-japon-y-es-el-nuevo-lider-de-la-f1\/#primaryimage"},"image":{"@id":"https:\/\/potenciaradiofonicadominicana.com\/portal\/kimi-antonelli-de-19-anos-gana-el-gp-de-japon-y-es-el-nuevo-lider-de-la-f1\/#primaryimage"},"thumbnailUrl":"https:\/\/potenciaradiofonicadominicana.com\/portal\/wp-content\/uploads\/2026\/03\/69c8e0a9b0335.image_.jpg","datePublished":"2026-03-30T03:34:05+00:00","breadcrumb":{"@id":"https:\/\/potenciaradiofonicadominicana.com\/portal\/kimi-antonelli-de-19-anos-gana-el-gp-de-japon-y-es-el-nuevo-lider-de-la-f1\/#breadcrumb"},"inLanguage":"es","potentialAction":[{"@type":"ReadAction","target":["https:\/\/potenciaradiofonicadominicana.com\/portal\/kimi-antonelli-de-19-anos-gana-el-gp-de-japon-y-es-el-nuevo-lider-de-la-f1\/"]}]},{"@type":"ImageObject","inLanguage":"es","@id":"https:\/\/potenciaradiofonicadominicana.com\/portal\/kimi-antonelli-de-19-anos-gana-el-gp-de-japon-y-es-el-nuevo-lider-de-la-f1\/#primaryimage","url":"https:\/\/potenciaradiofonicadominicana.com\/portal\/wp-content\/uploads\/2026\/03\/69c8e0a9b0335.image_.jpg","contentUrl":"https:\/\/potenciaradiofonicadominicana.com\/portal\/wp-content\/uploads\/2026\/03\/69c8e0a9b0335.image_.jpg","width":750,"height":500},{"@type":"BreadcrumbList","@id":"https:\/\/potenciaradiofonicadominicana.com\/portal\/kimi-antonelli-de-19-anos-gana-el-gp-de-japon-y-es-el-nuevo-lider-de-la-f1\/#breadcrumb","itemListElement":[{"@type":"ListItem","position":1,"name":"Portada","item":"https:\/\/potenciaradiofonicadominicana.com\/portal\/"},{"@type":"ListItem","position":2,"name":"Kimi Antonelli, de 19 a\u00f1os, gana el GP de Jap\u00f3n y es el nuevo l\u00edder de la F1"}]},{"@type":"WebSite","@id":"https:\/\/potenciaradiofonicadominicana.com\/portal\/#website","url":"https:\/\/potenciaradiofonicadominicana.com\/portal\/","name":"PotenciaRadiofonicaDominicana.com","description":"Peri\u00f3dico Digital","publisher":{"@id":"https:\/\/potenciaradiofonicadominicana.com\/portal\/#organization"},"potentialAction":[{"@type":"SearchAction","target":{"@type":"EntryPoint","urlTemplate":"https:\/\/potenciaradiofonicadominicana.com\/portal\/?s={search_term_string}"},"query-input":{"@type":"PropertyValueSpecification","valueRequired":true,"valueName":"search_term_string"}}],"inLanguage":"es"},{"@type":"Organization","@id":"https:\/\/potenciaradiofonicadominicana.com\/portal\/#organization","name":"PotenciaRadiofonicaDominicana.com","url":"https:\/\/potenciaradiofonicadominicana.com\/portal\/","logo":{"@type":"ImageObject","inLanguage":"es","@id":"https:\/\/potenciaradiofonicadominicana.com\/portal\/#\/schema\/logo\/image\/","url":"https:\/\/potenciaradiofonicadominicana.com\/portal\/wp-content\/uploads\/2022\/01\/descarga.png","contentUrl":"https:\/\/potenciaradiofonicadominicana.com\/portal\/wp-content\/uploads\/2022\/01\/descarga.png","width":300,"height":100,"caption":"PotenciaRadiofonicaDominicana.com"},"image":{"@id":"https:\/\/potenciaradiofonicadominicana.com\/portal\/#\/schema\/logo\/image\/"},"sameAs":["https:\/\/web.facebook.com\/PotenciaRadiofonicaD"]},{"@type":"Person","@id":"https:\/\/potenciaradiofonicadominicana.com\/portal\/#\/schema\/person\/a5cf1fea13877803ee0573ac18b03490","name":"Potencia Radiof\u00f3nica Dominicana","image":{"@type":"ImageObject","inLanguage":"es","@id":"https:\/\/potenciaradiofonicadominicana.com\/portal\/#\/schema\/person\/image\/","url":"https:\/\/secure.gravatar.com\/avatar\/42a55ab9e8ccc656ba34cd791990602a?s=96&d=mm&r=g","contentUrl":"https:\/\/secure.gravatar.com\/avatar\/42a55ab9e8ccc656ba34cd791990602a?s=96&d=mm&r=g","caption":"Potencia Radiof\u00f3nica Dominicana"},"url":"https:\/\/potenciaradiofonicadominicana.com\/portal\/author\/johannyalmanzar\/"}]}},"_links":{"self":[{"href":"https:\/\/potenciaradiofonicadominicana.com\/portal\/wp-json\/wp\/v2\/posts\/213855","targetHints":{"allow":["GET"]}}],"collection":[{"href":"https:\/\/potenciaradiofonicadominicana.com\/portal\/wp-json\/wp\/v2\/posts"}],"about":[{"href":"https:\/\/potenciaradiofonicadominicana.com\/portal\/wp-json\/wp\/v2\/types\/post"}],"author":[{"embeddable":true,"href":"https:\/\/potenciaradiofonicadominicana.com\/portal\/wp-json\/wp\/v2\/users\/2"}],"replies":[{"embeddable":true,"href":"https:\/\/potenciaradiofonicadominicana.com\/portal\/wp-json\/wp\/v2\/comments?post=213855"}],"version-history":[{"count":1,"href":"https:\/\/potenciaradiofonicadominicana.com\/portal\/wp-json\/wp\/v2\/posts\/213855\/revisions"}],"predecessor-version":[{"id":213858,"href":"https:\/\/potenciaradiofonicadominicana.com\/portal\/wp-json\/wp\/v2\/posts\/213855\/revisions\/213858"}],"wp:featuredmedia":[{"embeddable":true,"href":"https:\/\/potenciaradiofonicadominicana.com\/portal\/wp-json\/wp\/v2\/media\/213857"}],"wp:attachment":[{"href":"https:\/\/potenciaradiofonicadominicana.com\/portal\/wp-json\/wp\/v2\/media?parent=213855"}],"wp:term":[{"taxonomy":"category","embeddable":true,"href":"https:\/\/potenciaradiofonicadominicana.com\/portal\/wp-json\/wp\/v2\/categories?post=213855"},{"taxonomy":"post_tag","embeddable":true,"href":"https:\/\/potenciaradiofonicadominicana.com\/portal\/wp-json\/wp\/v2\/tags?post=213855"}],"curies":[{"name":"wp","href":"https:\/\/api.w.org\/{rel}","templated":true}]}}