{"id":213854,"date":"2026-03-29T23:34:29","date_gmt":"2026-03-30T03:34:29","guid":{"rendered":"https:\/\/potenciaradiofonicadominicana.com\/portal\/?p=213854"},"modified":"2026-03-29T23:34:29","modified_gmt":"2026-03-30T03:34:29","slug":"santiago-sicard-los-momentos-de-crisis-son-para-asegurarse-y-no-correr-riesgos","status":"publish","type":"post","link":"https:\/\/potenciaradiofonicadominicana.com\/portal\/santiago-sicard-los-momentos-de-crisis-son-para-asegurarse-y-no-correr-riesgos\/","title":{"rendered":"Santiago Sicard: \u00abLos momentos de crisis son para asegurarse y no correr riesgos\u00bb"},"content":{"rendered":"<p><a href=\"https:\/\/potenciaradiofonicadominicana.com\/portal\/wp-content\/uploads\/2026\/03\/24032026-entrevista-adosafi-y-bolsa-de-valores-004-f0bc3aa3-focus-0-0-896-504.jpg\"><img loading=\"lazy\" decoding=\"async\" class=\"alignnone size-full wp-image-213856\" src=\"https:\/\/potenciaradiofonicadominicana.com\/portal\/wp-content\/uploads\/2026\/03\/24032026-entrevista-adosafi-y-bolsa-de-valores-004-f0bc3aa3-focus-0-0-896-504.jpg\" alt=\"\" width=\"895\" height=\"504\" srcset=\"https:\/\/potenciaradiofonicadominicana.com\/portal\/wp-content\/uploads\/2026\/03\/24032026-entrevista-adosafi-y-bolsa-de-valores-004-f0bc3aa3-focus-0-0-896-504.jpg 895w, https:\/\/potenciaradiofonicadominicana.com\/portal\/wp-content\/uploads\/2026\/03\/24032026-entrevista-adosafi-y-bolsa-de-valores-004-f0bc3aa3-focus-0-0-896-504-300x169.jpg 300w, https:\/\/potenciaradiofonicadominicana.com\/portal\/wp-content\/uploads\/2026\/03\/24032026-entrevista-adosafi-y-bolsa-de-valores-004-f0bc3aa3-focus-0-0-896-504-768x432.jpg 768w\" sizes=\"auto, (max-width: 895px) 100vw, 895px\" \/><\/a><\/p>\n<p>El mundo est\u00e1 siendo afectado desde hace casi un mes por la guerra que libran en Medio Oriente los\u00a0Estados Unidos e Israel\u00a0contra Ir\u00e1n, que ya deja como resultado alzas globales en el precio de los combustibles y del transporte mar\u00edtimo, adem\u00e1s de una incertidumbre sobre el rumbo de la econom\u00eda y de la inflaci\u00f3n global.<\/p>\n<p>Ante ese escenario, el presidente ejecutivo de la Asociaci\u00f3n Dominicana de Sociedades Administradoras de\u00a0Fondos de Inversi\u00f3n\u00a0(Adosafi),\u00a0Santiago Sicard, advierte que \u00ablos\u00a0momentos de crisis\u00a0son para asegurarse, no correr riesgos y buscar aprovechar oportunidades\u00bb.<\/p>\n<p><em>Diario Libre<\/em>\u00a0convers\u00f3 con el experto sobre el\u00a0mercado de valores\u00a0y las opciones para invertir en tiempos de incertidumbre.<\/p>\n<h3>\u00bfCu\u00e1les son las\u00a0expectativas\u00a0ante el\u00a0conflicto b\u00e9lico?<\/h3>\n<p>La situaci\u00f3n para las\u00a0inversiones\u00a0que est\u00e1n haciendo buena parte de los fondos no es tan cr\u00edtica como la gente lo piensa porque en Rep\u00fablica Dominicana los\u00a0fondos de inversi\u00f3n, por ejemplo, han invertido en\u00a0energ\u00eda sostenible, como la e\u00f3lica y solar, y frente a una\u00a0subida del petr\u00f3leo esas energ\u00edas van a tomar mayor relevancia.<\/p>\n<p>No solo estamos invirtiendo en\u00a0bonos y deuda\u00a0del (Ministerio) Hacienda, del (Banco) Central y corporaciones, sino que, en buena medida, hemos invertido en\u00a0activos alternativos, como los inmobiliarios, tambi\u00e9n en salud, educaci\u00f3n y turismo.<\/p>\n<h3>\u00bfCu\u00e1les instrumentos recomienda para invertir?<\/h3>\n<p>De manera general, para el p\u00fablico que est\u00e1 buscando m\u00e1s tranquilidad y seguridad y hacer su fondo de emergencia, yo le dir\u00eda que un\u00a0fondo abierto\u00a0a 30 d\u00edas o m\u00e1ximo 60 d\u00edas. Ahora bien, si tengo un dinero para\u00a0largo plazo, si soy arriesgado, yo me ir\u00eda por un fondo de desarrollo de sociedades o cerrado. Depende del\u00a0prop\u00f3sito\u00a0que se tenga.<\/p>\n<p>Los\u00a0momentos de crisis\u00a0son para asegurarse, no correr riesgos y buscar aprovechar oportunidades. A trav\u00e9s de los\u00a0fondos de inversi\u00f3n\u00a0y del\u00a0mercado de valores\u00a0hoy ya es posible hacer eso. No hay que irse a explorar plataformas extra\u00f1as donde uno no tiene la seguridad y quiz\u00e1 se trate de estafas.<\/p>\n<h3>\u00bfLas\u00a0tasas de inter\u00e9s\u00a0volver\u00edan a subir o se mantendr\u00e1n?<\/h3>\n<p>Toda\u00a0Latinoam\u00e9rica\u00a0est\u00e1 esperando a ver qu\u00e9 ocurre. Es temprano apuntarle a eso (bajada o subida de las\u00a0tasas de inter\u00e9s). Est\u00e1bamos esperando que temprano este a\u00f1o bajaran, pero con esto (el conflicto) seguramente, de manera prudencial, el\u00a0Banco Central est\u00e1 esperando a tener mucha m\u00e1s informaci\u00f3n.<\/p>\n<p>Creo que si estamos esperando que haya algo de impacto en los precios hacia los\u00a0consumidores. Esa crisis que se est\u00e1 viviendo afuera nos terminar\u00e1 afectando a nosotros los\u00a0consumidores. Yo conf\u00edo que ser\u00e1\u00a0temporal.<\/p>\n<h3>Usted dice que el\u00a0mercado de valores\u00a0no es para hacerse rico, entonces \u00bfcu\u00e1l es su\u00a0prop\u00f3sito?<\/h3>\n<div class=\"my-12 component web-insert-bullet relative border bg-component\">\n<p>El mercado de valores tiene como objetivo permitir que mis recursos renten a mi favor, que me ayuden a tener una mejor vida. Ahora bien, un mill\u00f3n de pesos en el mercado de valores se convierte en cinco millones de pesos, con seguridad, pero requiere disciplina y tiempo porque todas las inversiones utilizan la tasa de inter\u00e9s compuesto y esta tiene mayor efecto entre m\u00e1s largo es el plazo en el que est\u00e1 (la inversi\u00f3n).<\/p>\n<\/div>\n<p>El\u00a0mercado de valores\u00a0est\u00e1 dise\u00f1ado para que aproveches mejor tu dinero, cumplas tus\u00a0prop\u00f3sitos de inversi\u00f3n, pero todo\u00a0prop\u00f3sito\u00a0requiere una\u00a0estrategia.<\/p>\n<h3>El mercado de las acciones no se ha desarrollado tan r\u00e1pido, \u00bfqu\u00e9 est\u00e1 influyendo?<\/h3>\n<p>Hay un\u00a0tema cultural\u00a0interesante y es con lo que hemos estado lidiando, aunque hemos avanzado, es el hecho de que las\u00a0empresas\u00a0que requieren\u00a0capital\u00a0dicen: \u00b4necesito dinero, pero no necesito compartir mi f\u00f3rmula secreta\u00b4.<\/p>\n<p>Hoy en d\u00eda los\u00a0inversionistas\u00a0exigen conocimiento de la empresa, de\u00a0estrategia, de resultados y eso es algo que en el\u00a0mercado dominicano\u00a0a los empresarios les cuesta un poco ceder.<\/p>\n","protected":false},"excerpt":{"rendered":"<p>El mundo est\u00e1 siendo afectado desde hace casi un mes por la guerra que libran en Medio Oriente los\u00a0Estados Unidos &#8230;<\/p>\n","protected":false},"author":2,"featured_media":213856,"comment_status":"closed","ping_status":"closed","sticky":false,"template":"","format":"standard","meta":{"footnotes":""},"categories":[26],"tags":[],"class_list":["post-213854","post","type-post","status-publish","format-standard","has-post-thumbnail","hentry","category-economia"],"yoast_head":"<!-- This site is optimized with the Yoast SEO plugin v24.8.1 - https:\/\/yoast.com\/wordpress\/plugins\/seo\/ -->\n<title>Santiago Sicard: &quot;Los momentos de crisis son para asegurarse y no correr riesgos&quot; - PotenciaRadiofonicaDominicana.com<\/title>\n<meta name=\"robots\" content=\"index, follow, max-snippet:-1, max-image-preview:large, max-video-preview:-1\" \/>\n<link rel=\"canonical\" href=\"https:\/\/potenciaradiofonicadominicana.com\/portal\/santiago-sicard-los-momentos-de-crisis-son-para-asegurarse-y-no-correr-riesgos\/\" \/>\n<meta property=\"og:locale\" content=\"es_ES\" \/>\n<meta property=\"og:type\" content=\"article\" \/>\n<meta property=\"og:title\" content=\"Santiago Sicard: &quot;Los momentos de crisis son para asegurarse y no correr riesgos&quot; - PotenciaRadiofonicaDominicana.com\" \/>\n<meta property=\"og:description\" content=\"El mundo est\u00e1 siendo afectado desde hace casi un mes por la guerra que libran en Medio Oriente los\u00a0Estados Unidos ...\" \/>\n<meta property=\"og:url\" content=\"https:\/\/potenciaradiofonicadominicana.com\/portal\/santiago-sicard-los-momentos-de-crisis-son-para-asegurarse-y-no-correr-riesgos\/\" \/>\n<meta property=\"og:site_name\" content=\"PotenciaRadiofonicaDominicana.com\" \/>\n<meta property=\"article:publisher\" content=\"https:\/\/web.facebook.com\/PotenciaRadiofonicaD\" \/>\n<meta property=\"article:published_time\" content=\"2026-03-30T03:34:29+00:00\" \/>\n<meta property=\"og:image\" content=\"https:\/\/potenciaradiofonicadominicana.com\/portal\/wp-content\/uploads\/2026\/03\/24032026-entrevista-adosafi-y-bolsa-de-valores-004-f0bc3aa3-focus-0-0-896-504.jpg\" \/>\n\t<meta property=\"og:image:width\" content=\"895\" \/>\n\t<meta property=\"og:image:height\" content=\"504\" \/>\n\t<meta property=\"og:image:type\" content=\"image\/jpeg\" \/>\n<meta name=\"author\" content=\"Potencia Radiof\u00f3nica Dominicana\" \/>\n<meta name=\"twitter:card\" content=\"summary_large_image\" \/>\n<meta name=\"twitter:label1\" content=\"Escrito por\" \/>\n\t<meta name=\"twitter:data1\" content=\"Potencia Radiof\u00f3nica Dominicana\" \/>\n\t<meta name=\"twitter:label2\" content=\"Tiempo de lectura\" \/>\n\t<meta name=\"twitter:data2\" content=\"4 minutos\" \/>\n<script type=\"application\/ld+json\" class=\"yoast-schema-graph\">{\"@context\":\"https:\/\/schema.org\",\"@graph\":[{\"@type\":\"Article\",\"@id\":\"https:\/\/potenciaradiofonicadominicana.com\/portal\/santiago-sicard-los-momentos-de-crisis-son-para-asegurarse-y-no-correr-riesgos\/#article\",\"isPartOf\":{\"@id\":\"https:\/\/potenciaradiofonicadominicana.com\/portal\/santiago-sicard-los-momentos-de-crisis-son-para-asegurarse-y-no-correr-riesgos\/\"},\"author\":{\"name\":\"Potencia Radiof\u00f3nica Dominicana\",\"@id\":\"https:\/\/potenciaradiofonicadominicana.com\/portal\/#\/schema\/person\/a5cf1fea13877803ee0573ac18b03490\"},\"headline\":\"Santiago Sicard: \u00abLos momentos de crisis son para asegurarse y no correr riesgos\u00bb\",\"datePublished\":\"2026-03-30T03:34:29+00:00\",\"mainEntityOfPage\":{\"@id\":\"https:\/\/potenciaradiofonicadominicana.com\/portal\/santiago-sicard-los-momentos-de-crisis-son-para-asegurarse-y-no-correr-riesgos\/\"},\"wordCount\":686,\"publisher\":{\"@id\":\"https:\/\/potenciaradiofonicadominicana.com\/portal\/#organization\"},\"image\":{\"@id\":\"https:\/\/potenciaradiofonicadominicana.com\/portal\/santiago-sicard-los-momentos-de-crisis-son-para-asegurarse-y-no-correr-riesgos\/#primaryimage\"},\"thumbnailUrl\":\"https:\/\/potenciaradiofonicadominicana.com\/portal\/wp-content\/uploads\/2026\/03\/24032026-entrevista-adosafi-y-bolsa-de-valores-004-f0bc3aa3-focus-0-0-896-504.jpg\",\"articleSection\":[\"Econom\u00eda\"],\"inLanguage\":\"es\"},{\"@type\":\"WebPage\",\"@id\":\"https:\/\/potenciaradiofonicadominicana.com\/portal\/santiago-sicard-los-momentos-de-crisis-son-para-asegurarse-y-no-correr-riesgos\/\",\"url\":\"https:\/\/potenciaradiofonicadominicana.com\/portal\/santiago-sicard-los-momentos-de-crisis-son-para-asegurarse-y-no-correr-riesgos\/\",\"name\":\"Santiago Sicard: \\\"Los momentos de crisis son para asegurarse y no correr riesgos\\\" - PotenciaRadiofonicaDominicana.com\",\"isPartOf\":{\"@id\":\"https:\/\/potenciaradiofonicadominicana.com\/portal\/#website\"},\"primaryImageOfPage\":{\"@id\":\"https:\/\/potenciaradiofonicadominicana.com\/portal\/santiago-sicard-los-momentos-de-crisis-son-para-asegurarse-y-no-correr-riesgos\/#primaryimage\"},\"image\":{\"@id\":\"https:\/\/potenciaradiofonicadominicana.com\/portal\/santiago-sicard-los-momentos-de-crisis-son-para-asegurarse-y-no-correr-riesgos\/#primaryimage\"},\"thumbnailUrl\":\"https:\/\/potenciaradiofonicadominicana.com\/portal\/wp-content\/uploads\/2026\/03\/24032026-entrevista-adosafi-y-bolsa-de-valores-004-f0bc3aa3-focus-0-0-896-504.jpg\",\"datePublished\":\"2026-03-30T03:34:29+00:00\",\"breadcrumb\":{\"@id\":\"https:\/\/potenciaradiofonicadominicana.com\/portal\/santiago-sicard-los-momentos-de-crisis-son-para-asegurarse-y-no-correr-riesgos\/#breadcrumb\"},\"inLanguage\":\"es\",\"potentialAction\":[{\"@type\":\"ReadAction\",\"target\":[\"https:\/\/potenciaradiofonicadominicana.com\/portal\/santiago-sicard-los-momentos-de-crisis-son-para-asegurarse-y-no-correr-riesgos\/\"]}]},{\"@type\":\"ImageObject\",\"inLanguage\":\"es\",\"@id\":\"https:\/\/potenciaradiofonicadominicana.com\/portal\/santiago-sicard-los-momentos-de-crisis-son-para-asegurarse-y-no-correr-riesgos\/#primaryimage\",\"url\":\"https:\/\/potenciaradiofonicadominicana.com\/portal\/wp-content\/uploads\/2026\/03\/24032026-entrevista-adosafi-y-bolsa-de-valores-004-f0bc3aa3-focus-0-0-896-504.jpg\",\"contentUrl\":\"https:\/\/potenciaradiofonicadominicana.com\/portal\/wp-content\/uploads\/2026\/03\/24032026-entrevista-adosafi-y-bolsa-de-valores-004-f0bc3aa3-focus-0-0-896-504.jpg\",\"width\":895,\"height\":504},{\"@type\":\"BreadcrumbList\",\"@id\":\"https:\/\/potenciaradiofonicadominicana.com\/portal\/santiago-sicard-los-momentos-de-crisis-son-para-asegurarse-y-no-correr-riesgos\/#breadcrumb\",\"itemListElement\":[{\"@type\":\"ListItem\",\"position\":1,\"name\":\"Portada\",\"item\":\"https:\/\/potenciaradiofonicadominicana.com\/portal\/\"},{\"@type\":\"ListItem\",\"position\":2,\"name\":\"Santiago Sicard: \u00abLos momentos de crisis son para asegurarse y no correr riesgos\u00bb\"}]},{\"@type\":\"WebSite\",\"@id\":\"https:\/\/potenciaradiofonicadominicana.com\/portal\/#website\",\"url\":\"https:\/\/potenciaradiofonicadominicana.com\/portal\/\",\"name\":\"PotenciaRadiofonicaDominicana.com\",\"description\":\"Peri\u00f3dico Digital\",\"publisher\":{\"@id\":\"https:\/\/potenciaradiofonicadominicana.com\/portal\/#organization\"},\"potentialAction\":[{\"@type\":\"SearchAction\",\"target\":{\"@type\":\"EntryPoint\",\"urlTemplate\":\"https:\/\/potenciaradiofonicadominicana.com\/portal\/?s={search_term_string}\"},\"query-input\":{\"@type\":\"PropertyValueSpecification\",\"valueRequired\":true,\"valueName\":\"search_term_string\"}}],\"inLanguage\":\"es\"},{\"@type\":\"Organization\",\"@id\":\"https:\/\/potenciaradiofonicadominicana.com\/portal\/#organization\",\"name\":\"PotenciaRadiofonicaDominicana.com\",\"url\":\"https:\/\/potenciaradiofonicadominicana.com\/portal\/\",\"logo\":{\"@type\":\"ImageObject\",\"inLanguage\":\"es\",\"@id\":\"https:\/\/potenciaradiofonicadominicana.com\/portal\/#\/schema\/logo\/image\/\",\"url\":\"https:\/\/potenciaradiofonicadominicana.com\/portal\/wp-content\/uploads\/2022\/01\/descarga.png\",\"contentUrl\":\"https:\/\/potenciaradiofonicadominicana.com\/portal\/wp-content\/uploads\/2022\/01\/descarga.png\",\"width\":300,\"height\":100,\"caption\":\"PotenciaRadiofonicaDominicana.com\"},\"image\":{\"@id\":\"https:\/\/potenciaradiofonicadominicana.com\/portal\/#\/schema\/logo\/image\/\"},\"sameAs\":[\"https:\/\/web.facebook.com\/PotenciaRadiofonicaD\"]},{\"@type\":\"Person\",\"@id\":\"https:\/\/potenciaradiofonicadominicana.com\/portal\/#\/schema\/person\/a5cf1fea13877803ee0573ac18b03490\",\"name\":\"Potencia Radiof\u00f3nica Dominicana\",\"image\":{\"@type\":\"ImageObject\",\"inLanguage\":\"es\",\"@id\":\"https:\/\/potenciaradiofonicadominicana.com\/portal\/#\/schema\/person\/image\/\",\"url\":\"https:\/\/secure.gravatar.com\/avatar\/42a55ab9e8ccc656ba34cd791990602a?s=96&d=mm&r=g\",\"contentUrl\":\"https:\/\/secure.gravatar.com\/avatar\/42a55ab9e8ccc656ba34cd791990602a?s=96&d=mm&r=g\",\"caption\":\"Potencia Radiof\u00f3nica Dominicana\"},\"url\":\"https:\/\/potenciaradiofonicadominicana.com\/portal\/author\/johannyalmanzar\/\"}]}<\/script>\n<!-- \/ Yoast SEO plugin. -->","yoast_head_json":{"title":"Santiago Sicard: \"Los momentos de crisis son para asegurarse y no correr riesgos\" - PotenciaRadiofonicaDominicana.com","robots":{"index":"index","follow":"follow","max-snippet":"max-snippet:-1","max-image-preview":"max-image-preview:large","max-video-preview":"max-video-preview:-1"},"canonical":"https:\/\/potenciaradiofonicadominicana.com\/portal\/santiago-sicard-los-momentos-de-crisis-son-para-asegurarse-y-no-correr-riesgos\/","og_locale":"es_ES","og_type":"article","og_title":"Santiago Sicard: \"Los momentos de crisis son para asegurarse y no correr riesgos\" - PotenciaRadiofonicaDominicana.com","og_description":"El mundo est\u00e1 siendo afectado desde hace casi un mes por la guerra que libran en Medio Oriente los\u00a0Estados Unidos ...","og_url":"https:\/\/potenciaradiofonicadominicana.com\/portal\/santiago-sicard-los-momentos-de-crisis-son-para-asegurarse-y-no-correr-riesgos\/","og_site_name":"PotenciaRadiofonicaDominicana.com","article_publisher":"https:\/\/web.facebook.com\/PotenciaRadiofonicaD","article_published_time":"2026-03-30T03:34:29+00:00","og_image":[{"width":895,"height":504,"url":"https:\/\/potenciaradiofonicadominicana.com\/portal\/wp-content\/uploads\/2026\/03\/24032026-entrevista-adosafi-y-bolsa-de-valores-004-f0bc3aa3-focus-0-0-896-504.jpg","type":"image\/jpeg"}],"author":"Potencia Radiof\u00f3nica Dominicana","twitter_card":"summary_large_image","twitter_misc":{"Escrito por":"Potencia Radiof\u00f3nica Dominicana","Tiempo de lectura":"4 minutos"},"schema":{"@context":"https:\/\/schema.org","@graph":[{"@type":"Article","@id":"https:\/\/potenciaradiofonicadominicana.com\/portal\/santiago-sicard-los-momentos-de-crisis-son-para-asegurarse-y-no-correr-riesgos\/#article","isPartOf":{"@id":"https:\/\/potenciaradiofonicadominicana.com\/portal\/santiago-sicard-los-momentos-de-crisis-son-para-asegurarse-y-no-correr-riesgos\/"},"author":{"name":"Potencia Radiof\u00f3nica Dominicana","@id":"https:\/\/potenciaradiofonicadominicana.com\/portal\/#\/schema\/person\/a5cf1fea13877803ee0573ac18b03490"},"headline":"Santiago Sicard: \u00abLos momentos de crisis son para asegurarse y no correr riesgos\u00bb","datePublished":"2026-03-30T03:34:29+00:00","mainEntityOfPage":{"@id":"https:\/\/potenciaradiofonicadominicana.com\/portal\/santiago-sicard-los-momentos-de-crisis-son-para-asegurarse-y-no-correr-riesgos\/"},"wordCount":686,"publisher":{"@id":"https:\/\/potenciaradiofonicadominicana.com\/portal\/#organization"},"image":{"@id":"https:\/\/potenciaradiofonicadominicana.com\/portal\/santiago-sicard-los-momentos-de-crisis-son-para-asegurarse-y-no-correr-riesgos\/#primaryimage"},"thumbnailUrl":"https:\/\/potenciaradiofonicadominicana.com\/portal\/wp-content\/uploads\/2026\/03\/24032026-entrevista-adosafi-y-bolsa-de-valores-004-f0bc3aa3-focus-0-0-896-504.jpg","articleSection":["Econom\u00eda"],"inLanguage":"es"},{"@type":"WebPage","@id":"https:\/\/potenciaradiofonicadominicana.com\/portal\/santiago-sicard-los-momentos-de-crisis-son-para-asegurarse-y-no-correr-riesgos\/","url":"https:\/\/potenciaradiofonicadominicana.com\/portal\/santiago-sicard-los-momentos-de-crisis-son-para-asegurarse-y-no-correr-riesgos\/","name":"Santiago Sicard: \"Los momentos de crisis son para asegurarse y no correr riesgos\" - PotenciaRadiofonicaDominicana.com","isPartOf":{"@id":"https:\/\/potenciaradiofonicadominicana.com\/portal\/#website"},"primaryImageOfPage":{"@id":"https:\/\/potenciaradiofonicadominicana.com\/portal\/santiago-sicard-los-momentos-de-crisis-son-para-asegurarse-y-no-correr-riesgos\/#primaryimage"},"image":{"@id":"https:\/\/potenciaradiofonicadominicana.com\/portal\/santiago-sicard-los-momentos-de-crisis-son-para-asegurarse-y-no-correr-riesgos\/#primaryimage"},"thumbnailUrl":"https:\/\/potenciaradiofonicadominicana.com\/portal\/wp-content\/uploads\/2026\/03\/24032026-entrevista-adosafi-y-bolsa-de-valores-004-f0bc3aa3-focus-0-0-896-504.jpg","datePublished":"2026-03-30T03:34:29+00:00","breadcrumb":{"@id":"https:\/\/potenciaradiofonicadominicana.com\/portal\/santiago-sicard-los-momentos-de-crisis-son-para-asegurarse-y-no-correr-riesgos\/#breadcrumb"},"inLanguage":"es","potentialAction":[{"@type":"ReadAction","target":["https:\/\/potenciaradiofonicadominicana.com\/portal\/santiago-sicard-los-momentos-de-crisis-son-para-asegurarse-y-no-correr-riesgos\/"]}]},{"@type":"ImageObject","inLanguage":"es","@id":"https:\/\/potenciaradiofonicadominicana.com\/portal\/santiago-sicard-los-momentos-de-crisis-son-para-asegurarse-y-no-correr-riesgos\/#primaryimage","url":"https:\/\/potenciaradiofonicadominicana.com\/portal\/wp-content\/uploads\/2026\/03\/24032026-entrevista-adosafi-y-bolsa-de-valores-004-f0bc3aa3-focus-0-0-896-504.jpg","contentUrl":"https:\/\/potenciaradiofonicadominicana.com\/portal\/wp-content\/uploads\/2026\/03\/24032026-entrevista-adosafi-y-bolsa-de-valores-004-f0bc3aa3-focus-0-0-896-504.jpg","width":895,"height":504},{"@type":"BreadcrumbList","@id":"https:\/\/potenciaradiofonicadominicana.com\/portal\/santiago-sicard-los-momentos-de-crisis-son-para-asegurarse-y-no-correr-riesgos\/#breadcrumb","itemListElement":[{"@type":"ListItem","position":1,"name":"Portada","item":"https:\/\/potenciaradiofonicadominicana.com\/portal\/"},{"@type":"ListItem","position":2,"name":"Santiago Sicard: \u00abLos momentos de crisis son para asegurarse y no correr riesgos\u00bb"}]},{"@type":"WebSite","@id":"https:\/\/potenciaradiofonicadominicana.com\/portal\/#website","url":"https:\/\/potenciaradiofonicadominicana.com\/portal\/","name":"PotenciaRadiofonicaDominicana.com","description":"Peri\u00f3dico Digital","publisher":{"@id":"https:\/\/potenciaradiofonicadominicana.com\/portal\/#organization"},"potentialAction":[{"@type":"SearchAction","target":{"@type":"EntryPoint","urlTemplate":"https:\/\/potenciaradiofonicadominicana.com\/portal\/?s={search_term_string}"},"query-input":{"@type":"PropertyValueSpecification","valueRequired":true,"valueName":"search_term_string"}}],"inLanguage":"es"},{"@type":"Organization","@id":"https:\/\/potenciaradiofonicadominicana.com\/portal\/#organization","name":"PotenciaRadiofonicaDominicana.com","url":"https:\/\/potenciaradiofonicadominicana.com\/portal\/","logo":{"@type":"ImageObject","inLanguage":"es","@id":"https:\/\/potenciaradiofonicadominicana.com\/portal\/#\/schema\/logo\/image\/","url":"https:\/\/potenciaradiofonicadominicana.com\/portal\/wp-content\/uploads\/2022\/01\/descarga.png","contentUrl":"https:\/\/potenciaradiofonicadominicana.com\/portal\/wp-content\/uploads\/2022\/01\/descarga.png","width":300,"height":100,"caption":"PotenciaRadiofonicaDominicana.com"},"image":{"@id":"https:\/\/potenciaradiofonicadominicana.com\/portal\/#\/schema\/logo\/image\/"},"sameAs":["https:\/\/web.facebook.com\/PotenciaRadiofonicaD"]},{"@type":"Person","@id":"https:\/\/potenciaradiofonicadominicana.com\/portal\/#\/schema\/person\/a5cf1fea13877803ee0573ac18b03490","name":"Potencia Radiof\u00f3nica Dominicana","image":{"@type":"ImageObject","inLanguage":"es","@id":"https:\/\/potenciaradiofonicadominicana.com\/portal\/#\/schema\/person\/image\/","url":"https:\/\/secure.gravatar.com\/avatar\/42a55ab9e8ccc656ba34cd791990602a?s=96&d=mm&r=g","contentUrl":"https:\/\/secure.gravatar.com\/avatar\/42a55ab9e8ccc656ba34cd791990602a?s=96&d=mm&r=g","caption":"Potencia Radiof\u00f3nica Dominicana"},"url":"https:\/\/potenciaradiofonicadominicana.com\/portal\/author\/johannyalmanzar\/"}]}},"_links":{"self":[{"href":"https:\/\/potenciaradiofonicadominicana.com\/portal\/wp-json\/wp\/v2\/posts\/213854","targetHints":{"allow":["GET"]}}],"collection":[{"href":"https:\/\/potenciaradiofonicadominicana.com\/portal\/wp-json\/wp\/v2\/posts"}],"about":[{"href":"https:\/\/potenciaradiofonicadominicana.com\/portal\/wp-json\/wp\/v2\/types\/post"}],"author":[{"embeddable":true,"href":"https:\/\/potenciaradiofonicadominicana.com\/portal\/wp-json\/wp\/v2\/users\/2"}],"replies":[{"embeddable":true,"href":"https:\/\/potenciaradiofonicadominicana.com\/portal\/wp-json\/wp\/v2\/comments?post=213854"}],"version-history":[{"count":1,"href":"https:\/\/potenciaradiofonicadominicana.com\/portal\/wp-json\/wp\/v2\/posts\/213854\/revisions"}],"predecessor-version":[{"id":213859,"href":"https:\/\/potenciaradiofonicadominicana.com\/portal\/wp-json\/wp\/v2\/posts\/213854\/revisions\/213859"}],"wp:featuredmedia":[{"embeddable":true,"href":"https:\/\/potenciaradiofonicadominicana.com\/portal\/wp-json\/wp\/v2\/media\/213856"}],"wp:attachment":[{"href":"https:\/\/potenciaradiofonicadominicana.com\/portal\/wp-json\/wp\/v2\/media?parent=213854"}],"wp:term":[{"taxonomy":"category","embeddable":true,"href":"https:\/\/potenciaradiofonicadominicana.com\/portal\/wp-json\/wp\/v2\/categories?post=213854"},{"taxonomy":"post_tag","embeddable":true,"href":"https:\/\/potenciaradiofonicadominicana.com\/portal\/wp-json\/wp\/v2\/tags?post=213854"}],"curies":[{"name":"wp","href":"https:\/\/api.w.org\/{rel}","templated":true}]}}