{"id":213850,"date":"2026-03-29T23:32:25","date_gmt":"2026-03-30T03:32:25","guid":{"rendered":"https:\/\/potenciaradiofonicadominicana.com\/portal\/?p=213850"},"modified":"2026-03-29T23:32:42","modified_gmt":"2026-03-30T03:32:42","slug":"el-ministro-de-turismo-dice-que-fortalecen-rutas-de-corta-distancia-ante-el-contexto-global","status":"publish","type":"post","link":"https:\/\/potenciaradiofonicadominicana.com\/portal\/el-ministro-de-turismo-dice-que-fortalecen-rutas-de-corta-distancia-ante-el-contexto-global\/","title":{"rendered":"El ministro de Turismo dice que fortalecen rutas de corta distancia ante el contexto global"},"content":{"rendered":"<p><a href=\"https:\/\/potenciaradiofonicadominicana.com\/portal\/wp-content\/uploads\/2026\/03\/12042024-aeropuerto-de-puntacana-01-focus-min0.13-min0.56-896-504.jpg\"><img loading=\"lazy\" decoding=\"async\" class=\"alignnone size-full wp-image-213851\" src=\"https:\/\/potenciaradiofonicadominicana.com\/portal\/wp-content\/uploads\/2026\/03\/12042024-aeropuerto-de-puntacana-01-focus-min0.13-min0.56-896-504.jpg\" alt=\"\" width=\"895\" height=\"504\" srcset=\"https:\/\/potenciaradiofonicadominicana.com\/portal\/wp-content\/uploads\/2026\/03\/12042024-aeropuerto-de-puntacana-01-focus-min0.13-min0.56-896-504.jpg 895w, https:\/\/potenciaradiofonicadominicana.com\/portal\/wp-content\/uploads\/2026\/03\/12042024-aeropuerto-de-puntacana-01-focus-min0.13-min0.56-896-504-300x169.jpg 300w, https:\/\/potenciaradiofonicadominicana.com\/portal\/wp-content\/uploads\/2026\/03\/12042024-aeropuerto-de-puntacana-01-focus-min0.13-min0.56-896-504-768x432.jpg 768w\" sizes=\"auto, (max-width: 895px) 100vw, 895px\" \/><\/a><\/p>\n<p>Los\u00a0<strong>destinos tur\u00edsticos<\/strong>\u00a0de la Rep\u00fablica Dominicana recibieron el pasado s\u00e1bado\u00a0<strong>39,656 visitantes<\/strong>\u00a0extranjeros v\u00eda \u00e1rea, lo que implica un\u00a0<strong>crecimiento<\/strong>\u00a0de doble d\u00edgito frente al mismo d\u00eda del a\u00f1o 2025.<\/p>\n<p>As\u00ed lo comunic\u00f3 este domingo el\u00a0<strong>ministro de Turismo<\/strong>,\u00a0<strong>David Collado<\/strong>, quien resalt\u00f3 que las\u00a0<strong>proyecciones<\/strong>\u00a0apuntan a que marzo finalizar\u00e1 con un\u00a0<strong>crecimiento<\/strong>\u00a0por encima del 12 %.<\/p>\n<p>\u00abEl\u00a0<strong>turismo dominicano<\/strong>\u00a0<strong>contin\u00faa fuerte<\/strong>\u00ab, escribi\u00f3 Collado a trav\u00e9s de su cuenta de la red social X, antigua Twitter.<\/p>\n<h2><strong>Contexto global<\/strong><\/h2>\n<p>El\u00a0<strong>ministro dijo<\/strong>\u00a0que \u00abconscientes del\u00a0<strong>contexto global<\/strong>\u00a0y la situaci\u00f3n actual\u00bb, dominada por la\u00a0<strong>guerra en Oriente Medio<\/strong>, no se descuidan.<\/p>\n<p>\u00abEstamos atentos, revisamos la data todos los d\u00edas y en contacto directo con las principales aerol\u00edneas,\u00a0<strong>fortaleciendo rutas de corta<\/strong>\u00a0<strong>distancia<\/strong>\u00a0y nuestras alianzas. La estrategia es anticiparnos a cualquier impacto que pueda afectarnos directamente\u00bb.<\/p>\n<h2>Guerra en Medio Oriente<\/h2>\n<p>Desde hace un mes,\u00a0<strong>Estados Unidos<\/strong>\u00a0e\u00a0<strong>Israel<\/strong>\u00a0se encuentran en\u00a0<strong>guerra con Ir\u00e1n<\/strong>, lo que ha disparado el\u00a0<strong>precio del petr\u00f3leo<\/strong>\u00a0y sus derivados, incluyendo el combustible que utilizan las aeronaves comerciales, lo que pudiera traducirse en aumento de los pasajes a\u00e9reos.<\/p>\n","protected":false},"excerpt":{"rendered":"<p>Los\u00a0destinos tur\u00edsticos\u00a0de la Rep\u00fablica Dominicana recibieron el pasado s\u00e1bado\u00a039,656 visitantes\u00a0extranjeros v\u00eda \u00e1rea, lo que implica un\u00a0crecimiento\u00a0de doble d\u00edgito frente al &#8230;<\/p>\n","protected":false},"author":2,"featured_media":213851,"comment_status":"closed","ping_status":"closed","sticky":false,"template":"","format":"standard","meta":{"footnotes":""},"categories":[26],"tags":[],"class_list":["post-213850","post","type-post","status-publish","format-standard","has-post-thumbnail","hentry","category-economia"],"yoast_head":"<!-- This site is optimized with the Yoast SEO plugin v24.8.1 - https:\/\/yoast.com\/wordpress\/plugins\/seo\/ -->\n<title>El ministro de Turismo dice que fortalecen rutas de corta distancia ante el contexto global - PotenciaRadiofonicaDominicana.com<\/title>\n<meta name=\"robots\" content=\"index, follow, max-snippet:-1, max-image-preview:large, max-video-preview:-1\" \/>\n<link rel=\"canonical\" href=\"https:\/\/potenciaradiofonicadominicana.com\/portal\/el-ministro-de-turismo-dice-que-fortalecen-rutas-de-corta-distancia-ante-el-contexto-global\/\" \/>\n<meta property=\"og:locale\" content=\"es_ES\" \/>\n<meta property=\"og:type\" content=\"article\" \/>\n<meta property=\"og:title\" content=\"El ministro de Turismo dice que fortalecen rutas de corta distancia ante el contexto global - PotenciaRadiofonicaDominicana.com\" \/>\n<meta property=\"og:description\" content=\"Los\u00a0destinos tur\u00edsticos\u00a0de la Rep\u00fablica Dominicana recibieron el pasado s\u00e1bado\u00a039,656 visitantes\u00a0extranjeros v\u00eda \u00e1rea, lo que implica un\u00a0crecimiento\u00a0de doble d\u00edgito frente al ...\" \/>\n<meta property=\"og:url\" content=\"https:\/\/potenciaradiofonicadominicana.com\/portal\/el-ministro-de-turismo-dice-que-fortalecen-rutas-de-corta-distancia-ante-el-contexto-global\/\" \/>\n<meta property=\"og:site_name\" content=\"PotenciaRadiofonicaDominicana.com\" \/>\n<meta property=\"article:publisher\" content=\"https:\/\/web.facebook.com\/PotenciaRadiofonicaD\" \/>\n<meta property=\"article:published_time\" content=\"2026-03-30T03:32:25+00:00\" \/>\n<meta property=\"article:modified_time\" content=\"2026-03-30T03:32:42+00:00\" \/>\n<meta property=\"og:image\" content=\"https:\/\/potenciaradiofonicadominicana.com\/portal\/wp-content\/uploads\/2026\/03\/12042024-aeropuerto-de-puntacana-01-focus-min0.13-min0.56-896-504.jpg\" \/>\n\t<meta property=\"og:image:width\" content=\"895\" \/>\n\t<meta property=\"og:image:height\" content=\"504\" \/>\n\t<meta property=\"og:image:type\" content=\"image\/jpeg\" \/>\n<meta name=\"author\" content=\"Potencia Radiof\u00f3nica Dominicana\" \/>\n<meta name=\"twitter:card\" content=\"summary_large_image\" \/>\n<meta name=\"twitter:label1\" content=\"Escrito por\" \/>\n\t<meta name=\"twitter:data1\" content=\"Potencia Radiof\u00f3nica Dominicana\" \/>\n\t<meta name=\"twitter:label2\" content=\"Tiempo de lectura\" \/>\n\t<meta name=\"twitter:data2\" content=\"2 minutos\" \/>\n<script type=\"application\/ld+json\" class=\"yoast-schema-graph\">{\"@context\":\"https:\/\/schema.org\",\"@graph\":[{\"@type\":\"Article\",\"@id\":\"https:\/\/potenciaradiofonicadominicana.com\/portal\/el-ministro-de-turismo-dice-que-fortalecen-rutas-de-corta-distancia-ante-el-contexto-global\/#article\",\"isPartOf\":{\"@id\":\"https:\/\/potenciaradiofonicadominicana.com\/portal\/el-ministro-de-turismo-dice-que-fortalecen-rutas-de-corta-distancia-ante-el-contexto-global\/\"},\"author\":{\"name\":\"Potencia Radiof\u00f3nica Dominicana\",\"@id\":\"https:\/\/potenciaradiofonicadominicana.com\/portal\/#\/schema\/person\/a5cf1fea13877803ee0573ac18b03490\"},\"headline\":\"El ministro de Turismo dice que fortalecen rutas de corta distancia ante el contexto global\",\"datePublished\":\"2026-03-30T03:32:25+00:00\",\"dateModified\":\"2026-03-30T03:32:42+00:00\",\"mainEntityOfPage\":{\"@id\":\"https:\/\/potenciaradiofonicadominicana.com\/portal\/el-ministro-de-turismo-dice-que-fortalecen-rutas-de-corta-distancia-ante-el-contexto-global\/\"},\"wordCount\":211,\"publisher\":{\"@id\":\"https:\/\/potenciaradiofonicadominicana.com\/portal\/#organization\"},\"image\":{\"@id\":\"https:\/\/potenciaradiofonicadominicana.com\/portal\/el-ministro-de-turismo-dice-que-fortalecen-rutas-de-corta-distancia-ante-el-contexto-global\/#primaryimage\"},\"thumbnailUrl\":\"https:\/\/potenciaradiofonicadominicana.com\/portal\/wp-content\/uploads\/2026\/03\/12042024-aeropuerto-de-puntacana-01-focus-min0.13-min0.56-896-504.jpg\",\"articleSection\":[\"Econom\u00eda\"],\"inLanguage\":\"es\"},{\"@type\":\"WebPage\",\"@id\":\"https:\/\/potenciaradiofonicadominicana.com\/portal\/el-ministro-de-turismo-dice-que-fortalecen-rutas-de-corta-distancia-ante-el-contexto-global\/\",\"url\":\"https:\/\/potenciaradiofonicadominicana.com\/portal\/el-ministro-de-turismo-dice-que-fortalecen-rutas-de-corta-distancia-ante-el-contexto-global\/\",\"name\":\"El ministro de Turismo dice que fortalecen rutas de corta distancia ante el contexto global - PotenciaRadiofonicaDominicana.com\",\"isPartOf\":{\"@id\":\"https:\/\/potenciaradiofonicadominicana.com\/portal\/#website\"},\"primaryImageOfPage\":{\"@id\":\"https:\/\/potenciaradiofonicadominicana.com\/portal\/el-ministro-de-turismo-dice-que-fortalecen-rutas-de-corta-distancia-ante-el-contexto-global\/#primaryimage\"},\"image\":{\"@id\":\"https:\/\/potenciaradiofonicadominicana.com\/portal\/el-ministro-de-turismo-dice-que-fortalecen-rutas-de-corta-distancia-ante-el-contexto-global\/#primaryimage\"},\"thumbnailUrl\":\"https:\/\/potenciaradiofonicadominicana.com\/portal\/wp-content\/uploads\/2026\/03\/12042024-aeropuerto-de-puntacana-01-focus-min0.13-min0.56-896-504.jpg\",\"datePublished\":\"2026-03-30T03:32:25+00:00\",\"dateModified\":\"2026-03-30T03:32:42+00:00\",\"breadcrumb\":{\"@id\":\"https:\/\/potenciaradiofonicadominicana.com\/portal\/el-ministro-de-turismo-dice-que-fortalecen-rutas-de-corta-distancia-ante-el-contexto-global\/#breadcrumb\"},\"inLanguage\":\"es\",\"potentialAction\":[{\"@type\":\"ReadAction\",\"target\":[\"https:\/\/potenciaradiofonicadominicana.com\/portal\/el-ministro-de-turismo-dice-que-fortalecen-rutas-de-corta-distancia-ante-el-contexto-global\/\"]}]},{\"@type\":\"ImageObject\",\"inLanguage\":\"es\",\"@id\":\"https:\/\/potenciaradiofonicadominicana.com\/portal\/el-ministro-de-turismo-dice-que-fortalecen-rutas-de-corta-distancia-ante-el-contexto-global\/#primaryimage\",\"url\":\"https:\/\/potenciaradiofonicadominicana.com\/portal\/wp-content\/uploads\/2026\/03\/12042024-aeropuerto-de-puntacana-01-focus-min0.13-min0.56-896-504.jpg\",\"contentUrl\":\"https:\/\/potenciaradiofonicadominicana.com\/portal\/wp-content\/uploads\/2026\/03\/12042024-aeropuerto-de-puntacana-01-focus-min0.13-min0.56-896-504.jpg\",\"width\":895,\"height\":504},{\"@type\":\"BreadcrumbList\",\"@id\":\"https:\/\/potenciaradiofonicadominicana.com\/portal\/el-ministro-de-turismo-dice-que-fortalecen-rutas-de-corta-distancia-ante-el-contexto-global\/#breadcrumb\",\"itemListElement\":[{\"@type\":\"ListItem\",\"position\":1,\"name\":\"Portada\",\"item\":\"https:\/\/potenciaradiofonicadominicana.com\/portal\/\"},{\"@type\":\"ListItem\",\"position\":2,\"name\":\"El ministro de Turismo dice que fortalecen rutas de corta distancia ante el contexto global\"}]},{\"@type\":\"WebSite\",\"@id\":\"https:\/\/potenciaradiofonicadominicana.com\/portal\/#website\",\"url\":\"https:\/\/potenciaradiofonicadominicana.com\/portal\/\",\"name\":\"PotenciaRadiofonicaDominicana.com\",\"description\":\"Peri\u00f3dico Digital\",\"publisher\":{\"@id\":\"https:\/\/potenciaradiofonicadominicana.com\/portal\/#organization\"},\"potentialAction\":[{\"@type\":\"SearchAction\",\"target\":{\"@type\":\"EntryPoint\",\"urlTemplate\":\"https:\/\/potenciaradiofonicadominicana.com\/portal\/?s={search_term_string}\"},\"query-input\":{\"@type\":\"PropertyValueSpecification\",\"valueRequired\":true,\"valueName\":\"search_term_string\"}}],\"inLanguage\":\"es\"},{\"@type\":\"Organization\",\"@id\":\"https:\/\/potenciaradiofonicadominicana.com\/portal\/#organization\",\"name\":\"PotenciaRadiofonicaDominicana.com\",\"url\":\"https:\/\/potenciaradiofonicadominicana.com\/portal\/\",\"logo\":{\"@type\":\"ImageObject\",\"inLanguage\":\"es\",\"@id\":\"https:\/\/potenciaradiofonicadominicana.com\/portal\/#\/schema\/logo\/image\/\",\"url\":\"https:\/\/potenciaradiofonicadominicana.com\/portal\/wp-content\/uploads\/2022\/01\/descarga.png\",\"contentUrl\":\"https:\/\/potenciaradiofonicadominicana.com\/portal\/wp-content\/uploads\/2022\/01\/descarga.png\",\"width\":300,\"height\":100,\"caption\":\"PotenciaRadiofonicaDominicana.com\"},\"image\":{\"@id\":\"https:\/\/potenciaradiofonicadominicana.com\/portal\/#\/schema\/logo\/image\/\"},\"sameAs\":[\"https:\/\/web.facebook.com\/PotenciaRadiofonicaD\"]},{\"@type\":\"Person\",\"@id\":\"https:\/\/potenciaradiofonicadominicana.com\/portal\/#\/schema\/person\/a5cf1fea13877803ee0573ac18b03490\",\"name\":\"Potencia Radiof\u00f3nica Dominicana\",\"image\":{\"@type\":\"ImageObject\",\"inLanguage\":\"es\",\"@id\":\"https:\/\/potenciaradiofonicadominicana.com\/portal\/#\/schema\/person\/image\/\",\"url\":\"https:\/\/secure.gravatar.com\/avatar\/42a55ab9e8ccc656ba34cd791990602a?s=96&d=mm&r=g\",\"contentUrl\":\"https:\/\/secure.gravatar.com\/avatar\/42a55ab9e8ccc656ba34cd791990602a?s=96&d=mm&r=g\",\"caption\":\"Potencia Radiof\u00f3nica Dominicana\"},\"url\":\"https:\/\/potenciaradiofonicadominicana.com\/portal\/author\/johannyalmanzar\/\"}]}<\/script>\n<!-- \/ Yoast SEO plugin. -->","yoast_head_json":{"title":"El ministro de Turismo dice que fortalecen rutas de corta distancia ante el contexto global - PotenciaRadiofonicaDominicana.com","robots":{"index":"index","follow":"follow","max-snippet":"max-snippet:-1","max-image-preview":"max-image-preview:large","max-video-preview":"max-video-preview:-1"},"canonical":"https:\/\/potenciaradiofonicadominicana.com\/portal\/el-ministro-de-turismo-dice-que-fortalecen-rutas-de-corta-distancia-ante-el-contexto-global\/","og_locale":"es_ES","og_type":"article","og_title":"El ministro de Turismo dice que fortalecen rutas de corta distancia ante el contexto global - PotenciaRadiofonicaDominicana.com","og_description":"Los\u00a0destinos tur\u00edsticos\u00a0de la Rep\u00fablica Dominicana recibieron el pasado s\u00e1bado\u00a039,656 visitantes\u00a0extranjeros v\u00eda \u00e1rea, lo que implica un\u00a0crecimiento\u00a0de doble d\u00edgito frente al ...","og_url":"https:\/\/potenciaradiofonicadominicana.com\/portal\/el-ministro-de-turismo-dice-que-fortalecen-rutas-de-corta-distancia-ante-el-contexto-global\/","og_site_name":"PotenciaRadiofonicaDominicana.com","article_publisher":"https:\/\/web.facebook.com\/PotenciaRadiofonicaD","article_published_time":"2026-03-30T03:32:25+00:00","article_modified_time":"2026-03-30T03:32:42+00:00","og_image":[{"width":895,"height":504,"url":"https:\/\/potenciaradiofonicadominicana.com\/portal\/wp-content\/uploads\/2026\/03\/12042024-aeropuerto-de-puntacana-01-focus-min0.13-min0.56-896-504.jpg","type":"image\/jpeg"}],"author":"Potencia Radiof\u00f3nica Dominicana","twitter_card":"summary_large_image","twitter_misc":{"Escrito por":"Potencia Radiof\u00f3nica Dominicana","Tiempo de lectura":"2 minutos"},"schema":{"@context":"https:\/\/schema.org","@graph":[{"@type":"Article","@id":"https:\/\/potenciaradiofonicadominicana.com\/portal\/el-ministro-de-turismo-dice-que-fortalecen-rutas-de-corta-distancia-ante-el-contexto-global\/#article","isPartOf":{"@id":"https:\/\/potenciaradiofonicadominicana.com\/portal\/el-ministro-de-turismo-dice-que-fortalecen-rutas-de-corta-distancia-ante-el-contexto-global\/"},"author":{"name":"Potencia Radiof\u00f3nica Dominicana","@id":"https:\/\/potenciaradiofonicadominicana.com\/portal\/#\/schema\/person\/a5cf1fea13877803ee0573ac18b03490"},"headline":"El ministro de Turismo dice que fortalecen rutas de corta distancia ante el contexto global","datePublished":"2026-03-30T03:32:25+00:00","dateModified":"2026-03-30T03:32:42+00:00","mainEntityOfPage":{"@id":"https:\/\/potenciaradiofonicadominicana.com\/portal\/el-ministro-de-turismo-dice-que-fortalecen-rutas-de-corta-distancia-ante-el-contexto-global\/"},"wordCount":211,"publisher":{"@id":"https:\/\/potenciaradiofonicadominicana.com\/portal\/#organization"},"image":{"@id":"https:\/\/potenciaradiofonicadominicana.com\/portal\/el-ministro-de-turismo-dice-que-fortalecen-rutas-de-corta-distancia-ante-el-contexto-global\/#primaryimage"},"thumbnailUrl":"https:\/\/potenciaradiofonicadominicana.com\/portal\/wp-content\/uploads\/2026\/03\/12042024-aeropuerto-de-puntacana-01-focus-min0.13-min0.56-896-504.jpg","articleSection":["Econom\u00eda"],"inLanguage":"es"},{"@type":"WebPage","@id":"https:\/\/potenciaradiofonicadominicana.com\/portal\/el-ministro-de-turismo-dice-que-fortalecen-rutas-de-corta-distancia-ante-el-contexto-global\/","url":"https:\/\/potenciaradiofonicadominicana.com\/portal\/el-ministro-de-turismo-dice-que-fortalecen-rutas-de-corta-distancia-ante-el-contexto-global\/","name":"El ministro de Turismo dice que fortalecen rutas de corta distancia ante el contexto global - PotenciaRadiofonicaDominicana.com","isPartOf":{"@id":"https:\/\/potenciaradiofonicadominicana.com\/portal\/#website"},"primaryImageOfPage":{"@id":"https:\/\/potenciaradiofonicadominicana.com\/portal\/el-ministro-de-turismo-dice-que-fortalecen-rutas-de-corta-distancia-ante-el-contexto-global\/#primaryimage"},"image":{"@id":"https:\/\/potenciaradiofonicadominicana.com\/portal\/el-ministro-de-turismo-dice-que-fortalecen-rutas-de-corta-distancia-ante-el-contexto-global\/#primaryimage"},"thumbnailUrl":"https:\/\/potenciaradiofonicadominicana.com\/portal\/wp-content\/uploads\/2026\/03\/12042024-aeropuerto-de-puntacana-01-focus-min0.13-min0.56-896-504.jpg","datePublished":"2026-03-30T03:32:25+00:00","dateModified":"2026-03-30T03:32:42+00:00","breadcrumb":{"@id":"https:\/\/potenciaradiofonicadominicana.com\/portal\/el-ministro-de-turismo-dice-que-fortalecen-rutas-de-corta-distancia-ante-el-contexto-global\/#breadcrumb"},"inLanguage":"es","potentialAction":[{"@type":"ReadAction","target":["https:\/\/potenciaradiofonicadominicana.com\/portal\/el-ministro-de-turismo-dice-que-fortalecen-rutas-de-corta-distancia-ante-el-contexto-global\/"]}]},{"@type":"ImageObject","inLanguage":"es","@id":"https:\/\/potenciaradiofonicadominicana.com\/portal\/el-ministro-de-turismo-dice-que-fortalecen-rutas-de-corta-distancia-ante-el-contexto-global\/#primaryimage","url":"https:\/\/potenciaradiofonicadominicana.com\/portal\/wp-content\/uploads\/2026\/03\/12042024-aeropuerto-de-puntacana-01-focus-min0.13-min0.56-896-504.jpg","contentUrl":"https:\/\/potenciaradiofonicadominicana.com\/portal\/wp-content\/uploads\/2026\/03\/12042024-aeropuerto-de-puntacana-01-focus-min0.13-min0.56-896-504.jpg","width":895,"height":504},{"@type":"BreadcrumbList","@id":"https:\/\/potenciaradiofonicadominicana.com\/portal\/el-ministro-de-turismo-dice-que-fortalecen-rutas-de-corta-distancia-ante-el-contexto-global\/#breadcrumb","itemListElement":[{"@type":"ListItem","position":1,"name":"Portada","item":"https:\/\/potenciaradiofonicadominicana.com\/portal\/"},{"@type":"ListItem","position":2,"name":"El ministro de Turismo dice que fortalecen rutas de corta distancia ante el contexto global"}]},{"@type":"WebSite","@id":"https:\/\/potenciaradiofonicadominicana.com\/portal\/#website","url":"https:\/\/potenciaradiofonicadominicana.com\/portal\/","name":"PotenciaRadiofonicaDominicana.com","description":"Peri\u00f3dico Digital","publisher":{"@id":"https:\/\/potenciaradiofonicadominicana.com\/portal\/#organization"},"potentialAction":[{"@type":"SearchAction","target":{"@type":"EntryPoint","urlTemplate":"https:\/\/potenciaradiofonicadominicana.com\/portal\/?s={search_term_string}"},"query-input":{"@type":"PropertyValueSpecification","valueRequired":true,"valueName":"search_term_string"}}],"inLanguage":"es"},{"@type":"Organization","@id":"https:\/\/potenciaradiofonicadominicana.com\/portal\/#organization","name":"PotenciaRadiofonicaDominicana.com","url":"https:\/\/potenciaradiofonicadominicana.com\/portal\/","logo":{"@type":"ImageObject","inLanguage":"es","@id":"https:\/\/potenciaradiofonicadominicana.com\/portal\/#\/schema\/logo\/image\/","url":"https:\/\/potenciaradiofonicadominicana.com\/portal\/wp-content\/uploads\/2022\/01\/descarga.png","contentUrl":"https:\/\/potenciaradiofonicadominicana.com\/portal\/wp-content\/uploads\/2022\/01\/descarga.png","width":300,"height":100,"caption":"PotenciaRadiofonicaDominicana.com"},"image":{"@id":"https:\/\/potenciaradiofonicadominicana.com\/portal\/#\/schema\/logo\/image\/"},"sameAs":["https:\/\/web.facebook.com\/PotenciaRadiofonicaD"]},{"@type":"Person","@id":"https:\/\/potenciaradiofonicadominicana.com\/portal\/#\/schema\/person\/a5cf1fea13877803ee0573ac18b03490","name":"Potencia Radiof\u00f3nica Dominicana","image":{"@type":"ImageObject","inLanguage":"es","@id":"https:\/\/potenciaradiofonicadominicana.com\/portal\/#\/schema\/person\/image\/","url":"https:\/\/secure.gravatar.com\/avatar\/42a55ab9e8ccc656ba34cd791990602a?s=96&d=mm&r=g","contentUrl":"https:\/\/secure.gravatar.com\/avatar\/42a55ab9e8ccc656ba34cd791990602a?s=96&d=mm&r=g","caption":"Potencia Radiof\u00f3nica Dominicana"},"url":"https:\/\/potenciaradiofonicadominicana.com\/portal\/author\/johannyalmanzar\/"}]}},"_links":{"self":[{"href":"https:\/\/potenciaradiofonicadominicana.com\/portal\/wp-json\/wp\/v2\/posts\/213850","targetHints":{"allow":["GET"]}}],"collection":[{"href":"https:\/\/potenciaradiofonicadominicana.com\/portal\/wp-json\/wp\/v2\/posts"}],"about":[{"href":"https:\/\/potenciaradiofonicadominicana.com\/portal\/wp-json\/wp\/v2\/types\/post"}],"author":[{"embeddable":true,"href":"https:\/\/potenciaradiofonicadominicana.com\/portal\/wp-json\/wp\/v2\/users\/2"}],"replies":[{"embeddable":true,"href":"https:\/\/potenciaradiofonicadominicana.com\/portal\/wp-json\/wp\/v2\/comments?post=213850"}],"version-history":[{"count":2,"href":"https:\/\/potenciaradiofonicadominicana.com\/portal\/wp-json\/wp\/v2\/posts\/213850\/revisions"}],"predecessor-version":[{"id":213853,"href":"https:\/\/potenciaradiofonicadominicana.com\/portal\/wp-json\/wp\/v2\/posts\/213850\/revisions\/213853"}],"wp:featuredmedia":[{"embeddable":true,"href":"https:\/\/potenciaradiofonicadominicana.com\/portal\/wp-json\/wp\/v2\/media\/213851"}],"wp:attachment":[{"href":"https:\/\/potenciaradiofonicadominicana.com\/portal\/wp-json\/wp\/v2\/media?parent=213850"}],"wp:term":[{"taxonomy":"category","embeddable":true,"href":"https:\/\/potenciaradiofonicadominicana.com\/portal\/wp-json\/wp\/v2\/categories?post=213850"},{"taxonomy":"post_tag","embeddable":true,"href":"https:\/\/potenciaradiofonicadominicana.com\/portal\/wp-json\/wp\/v2\/tags?post=213850"}],"curies":[{"name":"wp","href":"https:\/\/api.w.org\/{rel}","templated":true}]}}