{"id":213843,"date":"2026-03-29T23:30:58","date_gmt":"2026-03-30T03:30:58","guid":{"rendered":"https:\/\/potenciaradiofonicadominicana.com\/portal\/?p=213843"},"modified":"2026-03-29T23:30:58","modified_gmt":"2026-03-30T03:30:58","slug":"gobierno-entrega-proyectos-de-electrificacion-rural-en-elias-pina","status":"publish","type":"post","link":"https:\/\/potenciaradiofonicadominicana.com\/portal\/gobierno-entrega-proyectos-de-electrificacion-rural-en-elias-pina\/","title":{"rendered":"Gobierno entrega proyectos de electrificaci\u00f3n rural en El\u00edas Pi\u00f1a"},"content":{"rendered":"<p><a href=\"https:\/\/potenciaradiofonicadominicana.com\/portal\/wp-content\/uploads\/2026\/03\/whatsapp-image-2026-03-29-at-123019-pm-30a6acb4-focus-0-0-896-504.jpg\"><img loading=\"lazy\" decoding=\"async\" class=\"alignnone size-full wp-image-213845\" src=\"https:\/\/potenciaradiofonicadominicana.com\/portal\/wp-content\/uploads\/2026\/03\/whatsapp-image-2026-03-29-at-123019-pm-30a6acb4-focus-0-0-896-504.jpg\" alt=\"\" width=\"895\" height=\"504\" srcset=\"https:\/\/potenciaradiofonicadominicana.com\/portal\/wp-content\/uploads\/2026\/03\/whatsapp-image-2026-03-29-at-123019-pm-30a6acb4-focus-0-0-896-504.jpg 895w, https:\/\/potenciaradiofonicadominicana.com\/portal\/wp-content\/uploads\/2026\/03\/whatsapp-image-2026-03-29-at-123019-pm-30a6acb4-focus-0-0-896-504-300x169.jpg 300w, https:\/\/potenciaradiofonicadominicana.com\/portal\/wp-content\/uploads\/2026\/03\/whatsapp-image-2026-03-29-at-123019-pm-30a6acb4-focus-0-0-896-504-768x432.jpg 768w\" sizes=\"auto, (max-width: 895px) 100vw, 895px\" \/><\/a><\/p>\n<p>El Gobierno, a trav\u00e9s del\u00a0Ministerio de Energ\u00eda y Minas, entreg\u00f3 varios proyectos de\u00a0electrificaci\u00f3n rural fotovoltaica\u00a0en las comunidades\u00a0Las Yamayas, La Pe\u00f1a, Rinc\u00f3n,\u00a0Carat\u00e1, Ross\u00f3 y Pachutico, en la provincia El\u00edas Pi\u00f1a, con una inversi\u00f3n que supera los\u00a056 millones de pesos, para beneficiar a m\u00e1s de 187 familias del municipio Pedro Santana.<\/p>\n<p>En\u00a0Carat\u00e1, Ross\u00f3 y Pachutico\u00a0fueron beneficiadas 130 familias y un centro comunitario, con la instalaci\u00f3n de\u00a0178 paneles solares, equipados con inversor, regulador, almacenamiento interno y microrred. Tambi\u00e9n, fueron colocadas 524 bombillas, 655 tomacorrientes y 15,000 metros de cable, con una inversi\u00f3n total de\u00a027.7 millones de pesos.<\/p>\n<p>En\u00a0Las Yamayas\u00a0fue terminada la segunda fase de\u00a0electrificaci\u00f3n, y en La Pe\u00f1a y Rinc\u00f3n la primera, en las que fueron electrificadas 56 viviendas con la instalaci\u00f3n de\u00a096 paneles solares. Adem\u00e1s, fueron colocadas 240 bombillas, 160 tomacorrientes y 10,700 metros de cable, con una inversi\u00f3n total de\u00a029 millones de pesos.<\/p>\n<p>Al encabezar el\u00a0acto de entrega, el ministro de Energ\u00eda y Minas,\u00a0Joel Santos, destac\u00f3 el compromiso del Gobierno de brindar a la poblaci\u00f3n\u00a0energ\u00eda inclusiva\u00a0y equitativa, llevando\u00a0electricidad\u00a0a comunidades rurales para mejorar su calidad de vida.<\/p>\n<p>\u00abEstos proyectos forman parte de una visi\u00f3n m\u00e1s amplia del\u00a0Gobierno dominicano, orientada a\u00a0cerrar brechas territoriales\u00a0y garantizar\u00a0acceso universal\u00a0a la energ\u00eda\u00bb, expres\u00f3 Santos.<\/p>\n<p>Inform\u00f3 que las obras fueron ejecutadas por la Direcci\u00f3n de Electrificaci\u00f3n Rural y Suburbana (DERS), gracias al esfuerzo conjunto del Estado y aliados estrat\u00e9gicos como las asociaciones sin fines de lucro, el Instituto Dominicano de Desarrollo Integral (IDDI) y Guakia Ambiente, que brindaron asesor\u00eda t\u00e9cnica y acompa\u00f1amiento en los trabajos.<\/p>\n<p>El senador de El\u00edas Pi\u00f1a,\u00a0Johnson Encarnaci\u00f3n, y la gobernadora provincial,\u00a0Magdaly de los Santos, destacaron el impacto que tiene la llegada de la\u00a0electricidad\u00a0en la vida de los habitantes de las comunidades beneficiadas, con soluciones que fortalecen su dignidad y sus oportunidades de progreso y desarrollo productivo.<\/p>\n<h2>Nuevos proyectos<\/h2>\n<p>El titular de Energ\u00eda y Minas anunci\u00f3 que dentro de los proyectos programados para ejecuci\u00f3n en el per\u00edodo 2026\u20132027 est\u00e1n la extensi\u00f3n de redes el\u00e9ctricas en las comunidades de Ca\u00f1ada Barrero y La Tinaja, en el municipio Juan Santiago, divididas en dos secciones, con una inversi\u00f3n de\u00a015.5 millones de pesos.<\/p>\n<p>Dijo que se avanza en el proceso de levantamiento de nuevas iniciativas de\u00a0electrificaci\u00f3n\u00a0de redes y la instalaci\u00f3n de m\u00e1s de\u00a02,700 luminarias\u00a0en municipios como\u00a0B\u00e1nica, Comendador, Juan Santiago y Guayabo.<\/p>\n<p>Agreg\u00f3 que tambi\u00e9n se eval\u00faan otros\u00a0siete proyectos clave\u00a0para la provincia El\u00edas Pi\u00f1a, entre los que se encuentran la\u00a0electrificaci\u00f3n\u00a0de redes que impactar\u00e1n zonas como\u00a0Carrizal\u00a0hasta la secci\u00f3n Puello, en Comendador y\u00a0Los Cerros de Potroso, Potro Blanco, en Sabana Larga.<\/p>\n","protected":false},"excerpt":{"rendered":"<p>El Gobierno, a trav\u00e9s del\u00a0Ministerio de Energ\u00eda y Minas, entreg\u00f3 varios proyectos de\u00a0electrificaci\u00f3n rural fotovoltaica\u00a0en las comunidades\u00a0Las Yamayas, La Pe\u00f1a, &#8230;<\/p>\n","protected":false},"author":2,"featured_media":213845,"comment_status":"closed","ping_status":"closed","sticky":false,"template":"","format":"standard","meta":{"footnotes":""},"categories":[26],"tags":[],"class_list":["post-213843","post","type-post","status-publish","format-standard","has-post-thumbnail","hentry","category-economia"],"yoast_head":"<!-- This site is optimized with the Yoast SEO plugin v24.8.1 - https:\/\/yoast.com\/wordpress\/plugins\/seo\/ -->\n<title>Gobierno entrega proyectos de electrificaci\u00f3n rural en El\u00edas Pi\u00f1a - PotenciaRadiofonicaDominicana.com<\/title>\n<meta name=\"robots\" content=\"index, follow, max-snippet:-1, max-image-preview:large, max-video-preview:-1\" \/>\n<link rel=\"canonical\" href=\"https:\/\/potenciaradiofonicadominicana.com\/portal\/gobierno-entrega-proyectos-de-electrificacion-rural-en-elias-pina\/\" \/>\n<meta property=\"og:locale\" content=\"es_ES\" \/>\n<meta property=\"og:type\" content=\"article\" \/>\n<meta property=\"og:title\" content=\"Gobierno entrega proyectos de electrificaci\u00f3n rural en El\u00edas Pi\u00f1a - PotenciaRadiofonicaDominicana.com\" \/>\n<meta property=\"og:description\" content=\"El Gobierno, a trav\u00e9s del\u00a0Ministerio de Energ\u00eda y Minas, entreg\u00f3 varios proyectos de\u00a0electrificaci\u00f3n rural fotovoltaica\u00a0en las comunidades\u00a0Las Yamayas, La Pe\u00f1a, ...\" \/>\n<meta property=\"og:url\" content=\"https:\/\/potenciaradiofonicadominicana.com\/portal\/gobierno-entrega-proyectos-de-electrificacion-rural-en-elias-pina\/\" \/>\n<meta property=\"og:site_name\" content=\"PotenciaRadiofonicaDominicana.com\" \/>\n<meta property=\"article:publisher\" content=\"https:\/\/web.facebook.com\/PotenciaRadiofonicaD\" \/>\n<meta property=\"article:published_time\" content=\"2026-03-30T03:30:58+00:00\" \/>\n<meta property=\"og:image\" content=\"https:\/\/potenciaradiofonicadominicana.com\/portal\/wp-content\/uploads\/2026\/03\/whatsapp-image-2026-03-29-at-123019-pm-30a6acb4-focus-0-0-896-504.jpg\" \/>\n\t<meta property=\"og:image:width\" content=\"895\" \/>\n\t<meta property=\"og:image:height\" content=\"504\" \/>\n\t<meta property=\"og:image:type\" content=\"image\/jpeg\" \/>\n<meta name=\"author\" content=\"Potencia Radiof\u00f3nica Dominicana\" \/>\n<meta name=\"twitter:card\" content=\"summary_large_image\" \/>\n<meta name=\"twitter:label1\" content=\"Escrito por\" \/>\n\t<meta name=\"twitter:data1\" content=\"Potencia Radiof\u00f3nica Dominicana\" \/>\n\t<meta name=\"twitter:label2\" content=\"Tiempo de lectura\" \/>\n\t<meta name=\"twitter:data2\" content=\"3 minutos\" \/>\n<script type=\"application\/ld+json\" class=\"yoast-schema-graph\">{\"@context\":\"https:\/\/schema.org\",\"@graph\":[{\"@type\":\"Article\",\"@id\":\"https:\/\/potenciaradiofonicadominicana.com\/portal\/gobierno-entrega-proyectos-de-electrificacion-rural-en-elias-pina\/#article\",\"isPartOf\":{\"@id\":\"https:\/\/potenciaradiofonicadominicana.com\/portal\/gobierno-entrega-proyectos-de-electrificacion-rural-en-elias-pina\/\"},\"author\":{\"name\":\"Potencia Radiof\u00f3nica Dominicana\",\"@id\":\"https:\/\/potenciaradiofonicadominicana.com\/portal\/#\/schema\/person\/a5cf1fea13877803ee0573ac18b03490\"},\"headline\":\"Gobierno entrega proyectos de electrificaci\u00f3n rural en El\u00edas Pi\u00f1a\",\"datePublished\":\"2026-03-30T03:30:58+00:00\",\"mainEntityOfPage\":{\"@id\":\"https:\/\/potenciaradiofonicadominicana.com\/portal\/gobierno-entrega-proyectos-de-electrificacion-rural-en-elias-pina\/\"},\"wordCount\":498,\"publisher\":{\"@id\":\"https:\/\/potenciaradiofonicadominicana.com\/portal\/#organization\"},\"image\":{\"@id\":\"https:\/\/potenciaradiofonicadominicana.com\/portal\/gobierno-entrega-proyectos-de-electrificacion-rural-en-elias-pina\/#primaryimage\"},\"thumbnailUrl\":\"https:\/\/potenciaradiofonicadominicana.com\/portal\/wp-content\/uploads\/2026\/03\/whatsapp-image-2026-03-29-at-123019-pm-30a6acb4-focus-0-0-896-504.jpg\",\"articleSection\":[\"Econom\u00eda\"],\"inLanguage\":\"es\"},{\"@type\":\"WebPage\",\"@id\":\"https:\/\/potenciaradiofonicadominicana.com\/portal\/gobierno-entrega-proyectos-de-electrificacion-rural-en-elias-pina\/\",\"url\":\"https:\/\/potenciaradiofonicadominicana.com\/portal\/gobierno-entrega-proyectos-de-electrificacion-rural-en-elias-pina\/\",\"name\":\"Gobierno entrega proyectos de electrificaci\u00f3n rural en El\u00edas Pi\u00f1a - PotenciaRadiofonicaDominicana.com\",\"isPartOf\":{\"@id\":\"https:\/\/potenciaradiofonicadominicana.com\/portal\/#website\"},\"primaryImageOfPage\":{\"@id\":\"https:\/\/potenciaradiofonicadominicana.com\/portal\/gobierno-entrega-proyectos-de-electrificacion-rural-en-elias-pina\/#primaryimage\"},\"image\":{\"@id\":\"https:\/\/potenciaradiofonicadominicana.com\/portal\/gobierno-entrega-proyectos-de-electrificacion-rural-en-elias-pina\/#primaryimage\"},\"thumbnailUrl\":\"https:\/\/potenciaradiofonicadominicana.com\/portal\/wp-content\/uploads\/2026\/03\/whatsapp-image-2026-03-29-at-123019-pm-30a6acb4-focus-0-0-896-504.jpg\",\"datePublished\":\"2026-03-30T03:30:58+00:00\",\"breadcrumb\":{\"@id\":\"https:\/\/potenciaradiofonicadominicana.com\/portal\/gobierno-entrega-proyectos-de-electrificacion-rural-en-elias-pina\/#breadcrumb\"},\"inLanguage\":\"es\",\"potentialAction\":[{\"@type\":\"ReadAction\",\"target\":[\"https:\/\/potenciaradiofonicadominicana.com\/portal\/gobierno-entrega-proyectos-de-electrificacion-rural-en-elias-pina\/\"]}]},{\"@type\":\"ImageObject\",\"inLanguage\":\"es\",\"@id\":\"https:\/\/potenciaradiofonicadominicana.com\/portal\/gobierno-entrega-proyectos-de-electrificacion-rural-en-elias-pina\/#primaryimage\",\"url\":\"https:\/\/potenciaradiofonicadominicana.com\/portal\/wp-content\/uploads\/2026\/03\/whatsapp-image-2026-03-29-at-123019-pm-30a6acb4-focus-0-0-896-504.jpg\",\"contentUrl\":\"https:\/\/potenciaradiofonicadominicana.com\/portal\/wp-content\/uploads\/2026\/03\/whatsapp-image-2026-03-29-at-123019-pm-30a6acb4-focus-0-0-896-504.jpg\",\"width\":895,\"height\":504},{\"@type\":\"BreadcrumbList\",\"@id\":\"https:\/\/potenciaradiofonicadominicana.com\/portal\/gobierno-entrega-proyectos-de-electrificacion-rural-en-elias-pina\/#breadcrumb\",\"itemListElement\":[{\"@type\":\"ListItem\",\"position\":1,\"name\":\"Portada\",\"item\":\"https:\/\/potenciaradiofonicadominicana.com\/portal\/\"},{\"@type\":\"ListItem\",\"position\":2,\"name\":\"Gobierno entrega proyectos de electrificaci\u00f3n rural en El\u00edas Pi\u00f1a\"}]},{\"@type\":\"WebSite\",\"@id\":\"https:\/\/potenciaradiofonicadominicana.com\/portal\/#website\",\"url\":\"https:\/\/potenciaradiofonicadominicana.com\/portal\/\",\"name\":\"PotenciaRadiofonicaDominicana.com\",\"description\":\"Peri\u00f3dico Digital\",\"publisher\":{\"@id\":\"https:\/\/potenciaradiofonicadominicana.com\/portal\/#organization\"},\"potentialAction\":[{\"@type\":\"SearchAction\",\"target\":{\"@type\":\"EntryPoint\",\"urlTemplate\":\"https:\/\/potenciaradiofonicadominicana.com\/portal\/?s={search_term_string}\"},\"query-input\":{\"@type\":\"PropertyValueSpecification\",\"valueRequired\":true,\"valueName\":\"search_term_string\"}}],\"inLanguage\":\"es\"},{\"@type\":\"Organization\",\"@id\":\"https:\/\/potenciaradiofonicadominicana.com\/portal\/#organization\",\"name\":\"PotenciaRadiofonicaDominicana.com\",\"url\":\"https:\/\/potenciaradiofonicadominicana.com\/portal\/\",\"logo\":{\"@type\":\"ImageObject\",\"inLanguage\":\"es\",\"@id\":\"https:\/\/potenciaradiofonicadominicana.com\/portal\/#\/schema\/logo\/image\/\",\"url\":\"https:\/\/potenciaradiofonicadominicana.com\/portal\/wp-content\/uploads\/2022\/01\/descarga.png\",\"contentUrl\":\"https:\/\/potenciaradiofonicadominicana.com\/portal\/wp-content\/uploads\/2022\/01\/descarga.png\",\"width\":300,\"height\":100,\"caption\":\"PotenciaRadiofonicaDominicana.com\"},\"image\":{\"@id\":\"https:\/\/potenciaradiofonicadominicana.com\/portal\/#\/schema\/logo\/image\/\"},\"sameAs\":[\"https:\/\/web.facebook.com\/PotenciaRadiofonicaD\"]},{\"@type\":\"Person\",\"@id\":\"https:\/\/potenciaradiofonicadominicana.com\/portal\/#\/schema\/person\/a5cf1fea13877803ee0573ac18b03490\",\"name\":\"Potencia Radiof\u00f3nica Dominicana\",\"image\":{\"@type\":\"ImageObject\",\"inLanguage\":\"es\",\"@id\":\"https:\/\/potenciaradiofonicadominicana.com\/portal\/#\/schema\/person\/image\/\",\"url\":\"https:\/\/secure.gravatar.com\/avatar\/42a55ab9e8ccc656ba34cd791990602a?s=96&d=mm&r=g\",\"contentUrl\":\"https:\/\/secure.gravatar.com\/avatar\/42a55ab9e8ccc656ba34cd791990602a?s=96&d=mm&r=g\",\"caption\":\"Potencia Radiof\u00f3nica Dominicana\"},\"url\":\"https:\/\/potenciaradiofonicadominicana.com\/portal\/author\/johannyalmanzar\/\"}]}<\/script>\n<!-- \/ Yoast SEO plugin. -->","yoast_head_json":{"title":"Gobierno entrega proyectos de electrificaci\u00f3n rural en El\u00edas Pi\u00f1a - PotenciaRadiofonicaDominicana.com","robots":{"index":"index","follow":"follow","max-snippet":"max-snippet:-1","max-image-preview":"max-image-preview:large","max-video-preview":"max-video-preview:-1"},"canonical":"https:\/\/potenciaradiofonicadominicana.com\/portal\/gobierno-entrega-proyectos-de-electrificacion-rural-en-elias-pina\/","og_locale":"es_ES","og_type":"article","og_title":"Gobierno entrega proyectos de electrificaci\u00f3n rural en El\u00edas Pi\u00f1a - PotenciaRadiofonicaDominicana.com","og_description":"El Gobierno, a trav\u00e9s del\u00a0Ministerio de Energ\u00eda y Minas, entreg\u00f3 varios proyectos de\u00a0electrificaci\u00f3n rural fotovoltaica\u00a0en las comunidades\u00a0Las Yamayas, La Pe\u00f1a, ...","og_url":"https:\/\/potenciaradiofonicadominicana.com\/portal\/gobierno-entrega-proyectos-de-electrificacion-rural-en-elias-pina\/","og_site_name":"PotenciaRadiofonicaDominicana.com","article_publisher":"https:\/\/web.facebook.com\/PotenciaRadiofonicaD","article_published_time":"2026-03-30T03:30:58+00:00","og_image":[{"width":895,"height":504,"url":"https:\/\/potenciaradiofonicadominicana.com\/portal\/wp-content\/uploads\/2026\/03\/whatsapp-image-2026-03-29-at-123019-pm-30a6acb4-focus-0-0-896-504.jpg","type":"image\/jpeg"}],"author":"Potencia Radiof\u00f3nica Dominicana","twitter_card":"summary_large_image","twitter_misc":{"Escrito por":"Potencia Radiof\u00f3nica Dominicana","Tiempo de lectura":"3 minutos"},"schema":{"@context":"https:\/\/schema.org","@graph":[{"@type":"Article","@id":"https:\/\/potenciaradiofonicadominicana.com\/portal\/gobierno-entrega-proyectos-de-electrificacion-rural-en-elias-pina\/#article","isPartOf":{"@id":"https:\/\/potenciaradiofonicadominicana.com\/portal\/gobierno-entrega-proyectos-de-electrificacion-rural-en-elias-pina\/"},"author":{"name":"Potencia Radiof\u00f3nica Dominicana","@id":"https:\/\/potenciaradiofonicadominicana.com\/portal\/#\/schema\/person\/a5cf1fea13877803ee0573ac18b03490"},"headline":"Gobierno entrega proyectos de electrificaci\u00f3n rural en El\u00edas Pi\u00f1a","datePublished":"2026-03-30T03:30:58+00:00","mainEntityOfPage":{"@id":"https:\/\/potenciaradiofonicadominicana.com\/portal\/gobierno-entrega-proyectos-de-electrificacion-rural-en-elias-pina\/"},"wordCount":498,"publisher":{"@id":"https:\/\/potenciaradiofonicadominicana.com\/portal\/#organization"},"image":{"@id":"https:\/\/potenciaradiofonicadominicana.com\/portal\/gobierno-entrega-proyectos-de-electrificacion-rural-en-elias-pina\/#primaryimage"},"thumbnailUrl":"https:\/\/potenciaradiofonicadominicana.com\/portal\/wp-content\/uploads\/2026\/03\/whatsapp-image-2026-03-29-at-123019-pm-30a6acb4-focus-0-0-896-504.jpg","articleSection":["Econom\u00eda"],"inLanguage":"es"},{"@type":"WebPage","@id":"https:\/\/potenciaradiofonicadominicana.com\/portal\/gobierno-entrega-proyectos-de-electrificacion-rural-en-elias-pina\/","url":"https:\/\/potenciaradiofonicadominicana.com\/portal\/gobierno-entrega-proyectos-de-electrificacion-rural-en-elias-pina\/","name":"Gobierno entrega proyectos de electrificaci\u00f3n rural en El\u00edas Pi\u00f1a - PotenciaRadiofonicaDominicana.com","isPartOf":{"@id":"https:\/\/potenciaradiofonicadominicana.com\/portal\/#website"},"primaryImageOfPage":{"@id":"https:\/\/potenciaradiofonicadominicana.com\/portal\/gobierno-entrega-proyectos-de-electrificacion-rural-en-elias-pina\/#primaryimage"},"image":{"@id":"https:\/\/potenciaradiofonicadominicana.com\/portal\/gobierno-entrega-proyectos-de-electrificacion-rural-en-elias-pina\/#primaryimage"},"thumbnailUrl":"https:\/\/potenciaradiofonicadominicana.com\/portal\/wp-content\/uploads\/2026\/03\/whatsapp-image-2026-03-29-at-123019-pm-30a6acb4-focus-0-0-896-504.jpg","datePublished":"2026-03-30T03:30:58+00:00","breadcrumb":{"@id":"https:\/\/potenciaradiofonicadominicana.com\/portal\/gobierno-entrega-proyectos-de-electrificacion-rural-en-elias-pina\/#breadcrumb"},"inLanguage":"es","potentialAction":[{"@type":"ReadAction","target":["https:\/\/potenciaradiofonicadominicana.com\/portal\/gobierno-entrega-proyectos-de-electrificacion-rural-en-elias-pina\/"]}]},{"@type":"ImageObject","inLanguage":"es","@id":"https:\/\/potenciaradiofonicadominicana.com\/portal\/gobierno-entrega-proyectos-de-electrificacion-rural-en-elias-pina\/#primaryimage","url":"https:\/\/potenciaradiofonicadominicana.com\/portal\/wp-content\/uploads\/2026\/03\/whatsapp-image-2026-03-29-at-123019-pm-30a6acb4-focus-0-0-896-504.jpg","contentUrl":"https:\/\/potenciaradiofonicadominicana.com\/portal\/wp-content\/uploads\/2026\/03\/whatsapp-image-2026-03-29-at-123019-pm-30a6acb4-focus-0-0-896-504.jpg","width":895,"height":504},{"@type":"BreadcrumbList","@id":"https:\/\/potenciaradiofonicadominicana.com\/portal\/gobierno-entrega-proyectos-de-electrificacion-rural-en-elias-pina\/#breadcrumb","itemListElement":[{"@type":"ListItem","position":1,"name":"Portada","item":"https:\/\/potenciaradiofonicadominicana.com\/portal\/"},{"@type":"ListItem","position":2,"name":"Gobierno entrega proyectos de electrificaci\u00f3n rural en El\u00edas Pi\u00f1a"}]},{"@type":"WebSite","@id":"https:\/\/potenciaradiofonicadominicana.com\/portal\/#website","url":"https:\/\/potenciaradiofonicadominicana.com\/portal\/","name":"PotenciaRadiofonicaDominicana.com","description":"Peri\u00f3dico Digital","publisher":{"@id":"https:\/\/potenciaradiofonicadominicana.com\/portal\/#organization"},"potentialAction":[{"@type":"SearchAction","target":{"@type":"EntryPoint","urlTemplate":"https:\/\/potenciaradiofonicadominicana.com\/portal\/?s={search_term_string}"},"query-input":{"@type":"PropertyValueSpecification","valueRequired":true,"valueName":"search_term_string"}}],"inLanguage":"es"},{"@type":"Organization","@id":"https:\/\/potenciaradiofonicadominicana.com\/portal\/#organization","name":"PotenciaRadiofonicaDominicana.com","url":"https:\/\/potenciaradiofonicadominicana.com\/portal\/","logo":{"@type":"ImageObject","inLanguage":"es","@id":"https:\/\/potenciaradiofonicadominicana.com\/portal\/#\/schema\/logo\/image\/","url":"https:\/\/potenciaradiofonicadominicana.com\/portal\/wp-content\/uploads\/2022\/01\/descarga.png","contentUrl":"https:\/\/potenciaradiofonicadominicana.com\/portal\/wp-content\/uploads\/2022\/01\/descarga.png","width":300,"height":100,"caption":"PotenciaRadiofonicaDominicana.com"},"image":{"@id":"https:\/\/potenciaradiofonicadominicana.com\/portal\/#\/schema\/logo\/image\/"},"sameAs":["https:\/\/web.facebook.com\/PotenciaRadiofonicaD"]},{"@type":"Person","@id":"https:\/\/potenciaradiofonicadominicana.com\/portal\/#\/schema\/person\/a5cf1fea13877803ee0573ac18b03490","name":"Potencia Radiof\u00f3nica Dominicana","image":{"@type":"ImageObject","inLanguage":"es","@id":"https:\/\/potenciaradiofonicadominicana.com\/portal\/#\/schema\/person\/image\/","url":"https:\/\/secure.gravatar.com\/avatar\/42a55ab9e8ccc656ba34cd791990602a?s=96&d=mm&r=g","contentUrl":"https:\/\/secure.gravatar.com\/avatar\/42a55ab9e8ccc656ba34cd791990602a?s=96&d=mm&r=g","caption":"Potencia Radiof\u00f3nica Dominicana"},"url":"https:\/\/potenciaradiofonicadominicana.com\/portal\/author\/johannyalmanzar\/"}]}},"_links":{"self":[{"href":"https:\/\/potenciaradiofonicadominicana.com\/portal\/wp-json\/wp\/v2\/posts\/213843","targetHints":{"allow":["GET"]}}],"collection":[{"href":"https:\/\/potenciaradiofonicadominicana.com\/portal\/wp-json\/wp\/v2\/posts"}],"about":[{"href":"https:\/\/potenciaradiofonicadominicana.com\/portal\/wp-json\/wp\/v2\/types\/post"}],"author":[{"embeddable":true,"href":"https:\/\/potenciaradiofonicadominicana.com\/portal\/wp-json\/wp\/v2\/users\/2"}],"replies":[{"embeddable":true,"href":"https:\/\/potenciaradiofonicadominicana.com\/portal\/wp-json\/wp\/v2\/comments?post=213843"}],"version-history":[{"count":1,"href":"https:\/\/potenciaradiofonicadominicana.com\/portal\/wp-json\/wp\/v2\/posts\/213843\/revisions"}],"predecessor-version":[{"id":213848,"href":"https:\/\/potenciaradiofonicadominicana.com\/portal\/wp-json\/wp\/v2\/posts\/213843\/revisions\/213848"}],"wp:featuredmedia":[{"embeddable":true,"href":"https:\/\/potenciaradiofonicadominicana.com\/portal\/wp-json\/wp\/v2\/media\/213845"}],"wp:attachment":[{"href":"https:\/\/potenciaradiofonicadominicana.com\/portal\/wp-json\/wp\/v2\/media?parent=213843"}],"wp:term":[{"taxonomy":"category","embeddable":true,"href":"https:\/\/potenciaradiofonicadominicana.com\/portal\/wp-json\/wp\/v2\/categories?post=213843"},{"taxonomy":"post_tag","embeddable":true,"href":"https:\/\/potenciaradiofonicadominicana.com\/portal\/wp-json\/wp\/v2\/tags?post=213843"}],"curies":[{"name":"wp","href":"https:\/\/api.w.org\/{rel}","templated":true}]}}