{"id":213840,"date":"2026-03-29T23:29:27","date_gmt":"2026-03-30T03:29:27","guid":{"rendered":"https:\/\/potenciaradiofonicadominicana.com\/portal\/?p=213840"},"modified":"2026-03-29T23:29:27","modified_gmt":"2026-03-30T03:29:27","slug":"semenya-critica-a-coventry-por-prohibicion-del-coi-a-atletas-trans-en-olimpiadas","status":"publish","type":"post","link":"https:\/\/potenciaradiofonicadominicana.com\/portal\/semenya-critica-a-coventry-por-prohibicion-del-coi-a-atletas-trans-en-olimpiadas\/","title":{"rendered":"Semenya critica a Coventry por prohibici\u00f3n del COI a atletas trans en olimp\u00edadas"},"content":{"rendered":"<p><a href=\"https:\/\/potenciaradiofonicadominicana.com\/portal\/wp-content\/uploads\/2026\/03\/SEMENYA-OLIMPICOS-ELEGIBILIDAD_76639-scaled.jpg\"><img loading=\"lazy\" decoding=\"async\" class=\"alignnone size-full wp-image-213841\" src=\"https:\/\/potenciaradiofonicadominicana.com\/portal\/wp-content\/uploads\/2026\/03\/SEMENYA-OLIMPICOS-ELEGIBILIDAD_76639-scaled.jpg\" alt=\"\" width=\"2560\" height=\"1707\" srcset=\"https:\/\/potenciaradiofonicadominicana.com\/portal\/wp-content\/uploads\/2026\/03\/SEMENYA-OLIMPICOS-ELEGIBILIDAD_76639-scaled.jpg 2560w, https:\/\/potenciaradiofonicadominicana.com\/portal\/wp-content\/uploads\/2026\/03\/SEMENYA-OLIMPICOS-ELEGIBILIDAD_76639-300x200.jpg 300w, https:\/\/potenciaradiofonicadominicana.com\/portal\/wp-content\/uploads\/2026\/03\/SEMENYA-OLIMPICOS-ELEGIBILIDAD_76639-1024x683.jpg 1024w, https:\/\/potenciaradiofonicadominicana.com\/portal\/wp-content\/uploads\/2026\/03\/SEMENYA-OLIMPICOS-ELEGIBILIDAD_76639-768x512.jpg 768w, https:\/\/potenciaradiofonicadominicana.com\/portal\/wp-content\/uploads\/2026\/03\/SEMENYA-OLIMPICOS-ELEGIBILIDAD_76639-1536x1024.jpg 1536w, https:\/\/potenciaradiofonicadominicana.com\/portal\/wp-content\/uploads\/2026\/03\/SEMENYA-OLIMPICOS-ELEGIBILIDAD_76639-2048x1365.jpg 2048w\" sizes=\"auto, (max-width: 2560px) 100vw, 2560px\" \/><\/a><\/p>\n<p id=\"m10593-10592-10594\">La velocista doble campeona ol\u00edmpica Caster Semenya manifest\u00f3 su decepci\u00f3n el domingo con la presidenta del Comit\u00e9 Internacional, Kirsty Coventry, por la decisi\u00f3n de prohibir que atletas transg\u00e9nero compitan en los Juegos Ol\u00edmpicos.<\/p>\n<p id=\"m10598-10597-10599\">La sudafricana afirm\u00f3 que esperaba m\u00e1s de una l\u00edder mujer como Coventry, quien es de Zimbabue.<\/p>\n<p id=\"m10603-10602-10604\">\u201cPersonalmente, para ella como l\u00edder, es africana; estoy segura de que entiende c\u00f3mo, ya sabes, nosotros como africanos, de d\u00f3nde venimos, no puedes controlar la gen\u00e9tica\u201d, declar\u00f3 Semenya en una conferencia de prensa, tras una carrera femenina promovida para celebrar la fortaleza de las mujeres, la unidad y el apoyo comunitario en Ciudad del Cabo.<\/p>\n<p id=\"m10608-10607-10609\">\u201cPara m\u00ed, personalmente, que ella sea una mujer que viene de \u00c1frica, sabiendo c\u00f3mo, ya sabes, las mujeres africanas o las mujeres del Sur Global se ven afectadas por eso\u201d.<\/p>\n<p id=\"m10613-10612-10614\">Semenya habl\u00f3 tres d\u00edas despu\u00e9s de que el Comit\u00e9 Ol\u00edmpico Internacional excluyera a las mujeres transg\u00e9nero de competir en pruebas femeninas en los Juegos Ol\u00edmpicos o en cualquier evento del COI. La decisi\u00f3n, publicada el jueves en un documento de pol\u00edtica de 10 p\u00e1ginas, tambi\u00e9n restringe a atletas femeninas como Semenya con afecciones m\u00e9dicas conocidas como diferencias en el desarrollo sexual, o DSD.<\/p>\n<p id=\"m10618-10617-10619\">\u201cObviamente, si dices la ciencia, porque aqu\u00ed hablamos de ciencia, si la ciencia es clara, muestren qui\u00e9n decidi\u00f3 y no disfracen, porque es una mentira y lo sabemos porque lo hemos visto; as\u00ed que si tuvi\u00e9ramos que responder o confrontar a Kirsty, as\u00ed es como vamos a responder y responderemos con fuerza, como somos, porque afecta a las mujeres\u201d, aclar\u00f3.<\/p>\n<p id=\"m10623-10622-10624\">Semenya, a quien se le asign\u00f3 el sexo femenino al nacer en Sud\u00e1frica y tiene niveles de testosterona m\u00e1s altos que el rango t\u00edpico femenino, es doble medallista de oro ol\u00edmpica en los 800 metros. Pero desde 2019 se le ha prohibido correr su prueba favorita en grandes competencias internacionales como los Juegos Ol\u00edmpicos y los campeonatos mundiales, porque se neg\u00f3 a acatar las reglas y tomar medicaci\u00f3n para reducir artificialmente sus niveles hormonales.<\/p>\n<p id=\"m10628-10627-10629\">Semenya y otras atletas de pista, como Dutee Chand de la India, impugnaron en tribunales versiones anteriores de las reglas de elegibilidad de su deporte.<\/p>\n<p id=\"m10633-10632-10634\">Antes de los Juegos Ol\u00edmpicos de Par\u00eds 2024, tres deportes de primer nivel \u2014atletismo, nataci\u00f3n y ciclismo\u2014 excluyeron a mujeres transg\u00e9nero que hab\u00edan pasado por la pubertad masculina. Semenya obtuvo un fallo del Tribunal Europeo de Derechos Humanos en su prolongada batalla legal contra las reglas del atletismo, aunque ese fallo no anul\u00f3 las reglas de cada deporte.<\/p>\n<p id=\"m10638-10637-10639\">Sin embargo, el a\u00f1o pasado afirm\u00f3 haber puesto fin a su desaf\u00edo legal de siete a\u00f1os contra las reglas de elegibilidad por sexo, pese a esa victoria judicial.<\/p>\n<p id=\"m10643-10642-10644\">De acuerdo con el documento publicado por el COI el jueves, la pol\u00edtica de elegibilidad que se aplicar\u00e1 a partir de los Juegos Ol\u00edmpicos de Los \u00c1ngeles en julio de 2028 \u201cprotege la equidad, la seguridad y la integridad en la categor\u00eda femenina\u201d.<\/p>\n<p id=\"m10648-10647-10649\">No est\u00e1 claro cu\u00e1ntas, si es que alguna, mujeres transg\u00e9nero compiten a nivel ol\u00edmpico. Ninguna mujer que haya hecho la transici\u00f3n tras haber nacido var\u00f3n compiti\u00f3 en los Juegos de Verano de Par\u00eds 2024, aunque la pesista Laurel Hubbard s\u00ed lo hizo en los Juegos Ol\u00edmpicos de Tokio en 2021 sin ganar medalla.<\/p>\n<p id=\"m10653-10652-10654\">El COI se\u00f1al\u00f3 que la decisi\u00f3n de la semana pasada no es retroactiva y no aplicar\u00e1 a programas deportivos de base ni recreativos. La Carta Ol\u00edmpica del COI establece que el acceso a practicar deporte es un derecho humano.<\/p>\n","protected":false},"excerpt":{"rendered":"<p>La velocista doble campeona ol\u00edmpica Caster Semenya manifest\u00f3 su decepci\u00f3n el domingo con la presidenta del Comit\u00e9 Internacional, Kirsty Coventry, &#8230;<\/p>\n","protected":false},"author":2,"featured_media":213841,"comment_status":"closed","ping_status":"closed","sticky":false,"template":"","format":"standard","meta":{"footnotes":""},"categories":[28],"tags":[],"class_list":["post-213840","post","type-post","status-publish","format-standard","has-post-thumbnail","hentry","category-deportes"],"yoast_head":"<!-- This site is optimized with the Yoast SEO plugin v24.8.1 - https:\/\/yoast.com\/wordpress\/plugins\/seo\/ -->\n<title>Semenya critica a Coventry por prohibici\u00f3n del COI a atletas trans en olimp\u00edadas - PotenciaRadiofonicaDominicana.com<\/title>\n<meta name=\"robots\" content=\"index, follow, max-snippet:-1, max-image-preview:large, max-video-preview:-1\" \/>\n<link rel=\"canonical\" href=\"https:\/\/potenciaradiofonicadominicana.com\/portal\/semenya-critica-a-coventry-por-prohibicion-del-coi-a-atletas-trans-en-olimpiadas\/\" \/>\n<meta property=\"og:locale\" content=\"es_ES\" \/>\n<meta property=\"og:type\" content=\"article\" \/>\n<meta property=\"og:title\" content=\"Semenya critica a Coventry por prohibici\u00f3n del COI a atletas trans en olimp\u00edadas - PotenciaRadiofonicaDominicana.com\" \/>\n<meta property=\"og:description\" content=\"La velocista doble campeona ol\u00edmpica Caster Semenya manifest\u00f3 su decepci\u00f3n el domingo con la presidenta del Comit\u00e9 Internacional, Kirsty Coventry, ...\" \/>\n<meta property=\"og:url\" content=\"https:\/\/potenciaradiofonicadominicana.com\/portal\/semenya-critica-a-coventry-por-prohibicion-del-coi-a-atletas-trans-en-olimpiadas\/\" \/>\n<meta property=\"og:site_name\" content=\"PotenciaRadiofonicaDominicana.com\" \/>\n<meta property=\"article:publisher\" content=\"https:\/\/web.facebook.com\/PotenciaRadiofonicaD\" \/>\n<meta property=\"article:published_time\" content=\"2026-03-30T03:29:27+00:00\" \/>\n<meta property=\"og:image\" content=\"https:\/\/potenciaradiofonicadominicana.com\/portal\/wp-content\/uploads\/2026\/03\/SEMENYA-OLIMPICOS-ELEGIBILIDAD_76639-scaled.jpg\" \/>\n\t<meta property=\"og:image:width\" content=\"2560\" \/>\n\t<meta property=\"og:image:height\" content=\"1707\" \/>\n\t<meta property=\"og:image:type\" content=\"image\/jpeg\" \/>\n<meta name=\"author\" content=\"Potencia Radiof\u00f3nica Dominicana\" \/>\n<meta name=\"twitter:card\" content=\"summary_large_image\" \/>\n<meta name=\"twitter:label1\" content=\"Escrito por\" \/>\n\t<meta name=\"twitter:data1\" content=\"Potencia Radiof\u00f3nica Dominicana\" \/>\n\t<meta name=\"twitter:label2\" content=\"Tiempo de lectura\" \/>\n\t<meta name=\"twitter:data2\" content=\"3 minutos\" \/>\n<script type=\"application\/ld+json\" class=\"yoast-schema-graph\">{\"@context\":\"https:\/\/schema.org\",\"@graph\":[{\"@type\":\"Article\",\"@id\":\"https:\/\/potenciaradiofonicadominicana.com\/portal\/semenya-critica-a-coventry-por-prohibicion-del-coi-a-atletas-trans-en-olimpiadas\/#article\",\"isPartOf\":{\"@id\":\"https:\/\/potenciaradiofonicadominicana.com\/portal\/semenya-critica-a-coventry-por-prohibicion-del-coi-a-atletas-trans-en-olimpiadas\/\"},\"author\":{\"name\":\"Potencia Radiof\u00f3nica Dominicana\",\"@id\":\"https:\/\/potenciaradiofonicadominicana.com\/portal\/#\/schema\/person\/a5cf1fea13877803ee0573ac18b03490\"},\"headline\":\"Semenya critica a Coventry por prohibici\u00f3n del COI a atletas trans en olimp\u00edadas\",\"datePublished\":\"2026-03-30T03:29:27+00:00\",\"mainEntityOfPage\":{\"@id\":\"https:\/\/potenciaradiofonicadominicana.com\/portal\/semenya-critica-a-coventry-por-prohibicion-del-coi-a-atletas-trans-en-olimpiadas\/\"},\"wordCount\":636,\"publisher\":{\"@id\":\"https:\/\/potenciaradiofonicadominicana.com\/portal\/#organization\"},\"image\":{\"@id\":\"https:\/\/potenciaradiofonicadominicana.com\/portal\/semenya-critica-a-coventry-por-prohibicion-del-coi-a-atletas-trans-en-olimpiadas\/#primaryimage\"},\"thumbnailUrl\":\"https:\/\/potenciaradiofonicadominicana.com\/portal\/wp-content\/uploads\/2026\/03\/SEMENYA-OLIMPICOS-ELEGIBILIDAD_76639-scaled.jpg\",\"articleSection\":[\"Deportes\"],\"inLanguage\":\"es\"},{\"@type\":\"WebPage\",\"@id\":\"https:\/\/potenciaradiofonicadominicana.com\/portal\/semenya-critica-a-coventry-por-prohibicion-del-coi-a-atletas-trans-en-olimpiadas\/\",\"url\":\"https:\/\/potenciaradiofonicadominicana.com\/portal\/semenya-critica-a-coventry-por-prohibicion-del-coi-a-atletas-trans-en-olimpiadas\/\",\"name\":\"Semenya critica a Coventry por prohibici\u00f3n del COI a atletas trans en olimp\u00edadas - PotenciaRadiofonicaDominicana.com\",\"isPartOf\":{\"@id\":\"https:\/\/potenciaradiofonicadominicana.com\/portal\/#website\"},\"primaryImageOfPage\":{\"@id\":\"https:\/\/potenciaradiofonicadominicana.com\/portal\/semenya-critica-a-coventry-por-prohibicion-del-coi-a-atletas-trans-en-olimpiadas\/#primaryimage\"},\"image\":{\"@id\":\"https:\/\/potenciaradiofonicadominicana.com\/portal\/semenya-critica-a-coventry-por-prohibicion-del-coi-a-atletas-trans-en-olimpiadas\/#primaryimage\"},\"thumbnailUrl\":\"https:\/\/potenciaradiofonicadominicana.com\/portal\/wp-content\/uploads\/2026\/03\/SEMENYA-OLIMPICOS-ELEGIBILIDAD_76639-scaled.jpg\",\"datePublished\":\"2026-03-30T03:29:27+00:00\",\"breadcrumb\":{\"@id\":\"https:\/\/potenciaradiofonicadominicana.com\/portal\/semenya-critica-a-coventry-por-prohibicion-del-coi-a-atletas-trans-en-olimpiadas\/#breadcrumb\"},\"inLanguage\":\"es\",\"potentialAction\":[{\"@type\":\"ReadAction\",\"target\":[\"https:\/\/potenciaradiofonicadominicana.com\/portal\/semenya-critica-a-coventry-por-prohibicion-del-coi-a-atletas-trans-en-olimpiadas\/\"]}]},{\"@type\":\"ImageObject\",\"inLanguage\":\"es\",\"@id\":\"https:\/\/potenciaradiofonicadominicana.com\/portal\/semenya-critica-a-coventry-por-prohibicion-del-coi-a-atletas-trans-en-olimpiadas\/#primaryimage\",\"url\":\"https:\/\/potenciaradiofonicadominicana.com\/portal\/wp-content\/uploads\/2026\/03\/SEMENYA-OLIMPICOS-ELEGIBILIDAD_76639-scaled.jpg\",\"contentUrl\":\"https:\/\/potenciaradiofonicadominicana.com\/portal\/wp-content\/uploads\/2026\/03\/SEMENYA-OLIMPICOS-ELEGIBILIDAD_76639-scaled.jpg\",\"width\":2560,\"height\":1707},{\"@type\":\"BreadcrumbList\",\"@id\":\"https:\/\/potenciaradiofonicadominicana.com\/portal\/semenya-critica-a-coventry-por-prohibicion-del-coi-a-atletas-trans-en-olimpiadas\/#breadcrumb\",\"itemListElement\":[{\"@type\":\"ListItem\",\"position\":1,\"name\":\"Portada\",\"item\":\"https:\/\/potenciaradiofonicadominicana.com\/portal\/\"},{\"@type\":\"ListItem\",\"position\":2,\"name\":\"Semenya critica a Coventry por prohibici\u00f3n del COI a atletas trans en olimp\u00edadas\"}]},{\"@type\":\"WebSite\",\"@id\":\"https:\/\/potenciaradiofonicadominicana.com\/portal\/#website\",\"url\":\"https:\/\/potenciaradiofonicadominicana.com\/portal\/\",\"name\":\"PotenciaRadiofonicaDominicana.com\",\"description\":\"Peri\u00f3dico Digital\",\"publisher\":{\"@id\":\"https:\/\/potenciaradiofonicadominicana.com\/portal\/#organization\"},\"potentialAction\":[{\"@type\":\"SearchAction\",\"target\":{\"@type\":\"EntryPoint\",\"urlTemplate\":\"https:\/\/potenciaradiofonicadominicana.com\/portal\/?s={search_term_string}\"},\"query-input\":{\"@type\":\"PropertyValueSpecification\",\"valueRequired\":true,\"valueName\":\"search_term_string\"}}],\"inLanguage\":\"es\"},{\"@type\":\"Organization\",\"@id\":\"https:\/\/potenciaradiofonicadominicana.com\/portal\/#organization\",\"name\":\"PotenciaRadiofonicaDominicana.com\",\"url\":\"https:\/\/potenciaradiofonicadominicana.com\/portal\/\",\"logo\":{\"@type\":\"ImageObject\",\"inLanguage\":\"es\",\"@id\":\"https:\/\/potenciaradiofonicadominicana.com\/portal\/#\/schema\/logo\/image\/\",\"url\":\"https:\/\/potenciaradiofonicadominicana.com\/portal\/wp-content\/uploads\/2022\/01\/descarga.png\",\"contentUrl\":\"https:\/\/potenciaradiofonicadominicana.com\/portal\/wp-content\/uploads\/2022\/01\/descarga.png\",\"width\":300,\"height\":100,\"caption\":\"PotenciaRadiofonicaDominicana.com\"},\"image\":{\"@id\":\"https:\/\/potenciaradiofonicadominicana.com\/portal\/#\/schema\/logo\/image\/\"},\"sameAs\":[\"https:\/\/web.facebook.com\/PotenciaRadiofonicaD\"]},{\"@type\":\"Person\",\"@id\":\"https:\/\/potenciaradiofonicadominicana.com\/portal\/#\/schema\/person\/a5cf1fea13877803ee0573ac18b03490\",\"name\":\"Potencia Radiof\u00f3nica Dominicana\",\"image\":{\"@type\":\"ImageObject\",\"inLanguage\":\"es\",\"@id\":\"https:\/\/potenciaradiofonicadominicana.com\/portal\/#\/schema\/person\/image\/\",\"url\":\"https:\/\/secure.gravatar.com\/avatar\/42a55ab9e8ccc656ba34cd791990602a?s=96&d=mm&r=g\",\"contentUrl\":\"https:\/\/secure.gravatar.com\/avatar\/42a55ab9e8ccc656ba34cd791990602a?s=96&d=mm&r=g\",\"caption\":\"Potencia Radiof\u00f3nica Dominicana\"},\"url\":\"https:\/\/potenciaradiofonicadominicana.com\/portal\/author\/johannyalmanzar\/\"}]}<\/script>\n<!-- \/ Yoast SEO plugin. -->","yoast_head_json":{"title":"Semenya critica a Coventry por prohibici\u00f3n del COI a atletas trans en olimp\u00edadas - PotenciaRadiofonicaDominicana.com","robots":{"index":"index","follow":"follow","max-snippet":"max-snippet:-1","max-image-preview":"max-image-preview:large","max-video-preview":"max-video-preview:-1"},"canonical":"https:\/\/potenciaradiofonicadominicana.com\/portal\/semenya-critica-a-coventry-por-prohibicion-del-coi-a-atletas-trans-en-olimpiadas\/","og_locale":"es_ES","og_type":"article","og_title":"Semenya critica a Coventry por prohibici\u00f3n del COI a atletas trans en olimp\u00edadas - PotenciaRadiofonicaDominicana.com","og_description":"La velocista doble campeona ol\u00edmpica Caster Semenya manifest\u00f3 su decepci\u00f3n el domingo con la presidenta del Comit\u00e9 Internacional, Kirsty Coventry, ...","og_url":"https:\/\/potenciaradiofonicadominicana.com\/portal\/semenya-critica-a-coventry-por-prohibicion-del-coi-a-atletas-trans-en-olimpiadas\/","og_site_name":"PotenciaRadiofonicaDominicana.com","article_publisher":"https:\/\/web.facebook.com\/PotenciaRadiofonicaD","article_published_time":"2026-03-30T03:29:27+00:00","og_image":[{"width":2560,"height":1707,"url":"https:\/\/potenciaradiofonicadominicana.com\/portal\/wp-content\/uploads\/2026\/03\/SEMENYA-OLIMPICOS-ELEGIBILIDAD_76639-scaled.jpg","type":"image\/jpeg"}],"author":"Potencia Radiof\u00f3nica Dominicana","twitter_card":"summary_large_image","twitter_misc":{"Escrito por":"Potencia Radiof\u00f3nica Dominicana","Tiempo de lectura":"3 minutos"},"schema":{"@context":"https:\/\/schema.org","@graph":[{"@type":"Article","@id":"https:\/\/potenciaradiofonicadominicana.com\/portal\/semenya-critica-a-coventry-por-prohibicion-del-coi-a-atletas-trans-en-olimpiadas\/#article","isPartOf":{"@id":"https:\/\/potenciaradiofonicadominicana.com\/portal\/semenya-critica-a-coventry-por-prohibicion-del-coi-a-atletas-trans-en-olimpiadas\/"},"author":{"name":"Potencia Radiof\u00f3nica Dominicana","@id":"https:\/\/potenciaradiofonicadominicana.com\/portal\/#\/schema\/person\/a5cf1fea13877803ee0573ac18b03490"},"headline":"Semenya critica a Coventry por prohibici\u00f3n del COI a atletas trans en olimp\u00edadas","datePublished":"2026-03-30T03:29:27+00:00","mainEntityOfPage":{"@id":"https:\/\/potenciaradiofonicadominicana.com\/portal\/semenya-critica-a-coventry-por-prohibicion-del-coi-a-atletas-trans-en-olimpiadas\/"},"wordCount":636,"publisher":{"@id":"https:\/\/potenciaradiofonicadominicana.com\/portal\/#organization"},"image":{"@id":"https:\/\/potenciaradiofonicadominicana.com\/portal\/semenya-critica-a-coventry-por-prohibicion-del-coi-a-atletas-trans-en-olimpiadas\/#primaryimage"},"thumbnailUrl":"https:\/\/potenciaradiofonicadominicana.com\/portal\/wp-content\/uploads\/2026\/03\/SEMENYA-OLIMPICOS-ELEGIBILIDAD_76639-scaled.jpg","articleSection":["Deportes"],"inLanguage":"es"},{"@type":"WebPage","@id":"https:\/\/potenciaradiofonicadominicana.com\/portal\/semenya-critica-a-coventry-por-prohibicion-del-coi-a-atletas-trans-en-olimpiadas\/","url":"https:\/\/potenciaradiofonicadominicana.com\/portal\/semenya-critica-a-coventry-por-prohibicion-del-coi-a-atletas-trans-en-olimpiadas\/","name":"Semenya critica a Coventry por prohibici\u00f3n del COI a atletas trans en olimp\u00edadas - PotenciaRadiofonicaDominicana.com","isPartOf":{"@id":"https:\/\/potenciaradiofonicadominicana.com\/portal\/#website"},"primaryImageOfPage":{"@id":"https:\/\/potenciaradiofonicadominicana.com\/portal\/semenya-critica-a-coventry-por-prohibicion-del-coi-a-atletas-trans-en-olimpiadas\/#primaryimage"},"image":{"@id":"https:\/\/potenciaradiofonicadominicana.com\/portal\/semenya-critica-a-coventry-por-prohibicion-del-coi-a-atletas-trans-en-olimpiadas\/#primaryimage"},"thumbnailUrl":"https:\/\/potenciaradiofonicadominicana.com\/portal\/wp-content\/uploads\/2026\/03\/SEMENYA-OLIMPICOS-ELEGIBILIDAD_76639-scaled.jpg","datePublished":"2026-03-30T03:29:27+00:00","breadcrumb":{"@id":"https:\/\/potenciaradiofonicadominicana.com\/portal\/semenya-critica-a-coventry-por-prohibicion-del-coi-a-atletas-trans-en-olimpiadas\/#breadcrumb"},"inLanguage":"es","potentialAction":[{"@type":"ReadAction","target":["https:\/\/potenciaradiofonicadominicana.com\/portal\/semenya-critica-a-coventry-por-prohibicion-del-coi-a-atletas-trans-en-olimpiadas\/"]}]},{"@type":"ImageObject","inLanguage":"es","@id":"https:\/\/potenciaradiofonicadominicana.com\/portal\/semenya-critica-a-coventry-por-prohibicion-del-coi-a-atletas-trans-en-olimpiadas\/#primaryimage","url":"https:\/\/potenciaradiofonicadominicana.com\/portal\/wp-content\/uploads\/2026\/03\/SEMENYA-OLIMPICOS-ELEGIBILIDAD_76639-scaled.jpg","contentUrl":"https:\/\/potenciaradiofonicadominicana.com\/portal\/wp-content\/uploads\/2026\/03\/SEMENYA-OLIMPICOS-ELEGIBILIDAD_76639-scaled.jpg","width":2560,"height":1707},{"@type":"BreadcrumbList","@id":"https:\/\/potenciaradiofonicadominicana.com\/portal\/semenya-critica-a-coventry-por-prohibicion-del-coi-a-atletas-trans-en-olimpiadas\/#breadcrumb","itemListElement":[{"@type":"ListItem","position":1,"name":"Portada","item":"https:\/\/potenciaradiofonicadominicana.com\/portal\/"},{"@type":"ListItem","position":2,"name":"Semenya critica a Coventry por prohibici\u00f3n del COI a atletas trans en olimp\u00edadas"}]},{"@type":"WebSite","@id":"https:\/\/potenciaradiofonicadominicana.com\/portal\/#website","url":"https:\/\/potenciaradiofonicadominicana.com\/portal\/","name":"PotenciaRadiofonicaDominicana.com","description":"Peri\u00f3dico Digital","publisher":{"@id":"https:\/\/potenciaradiofonicadominicana.com\/portal\/#organization"},"potentialAction":[{"@type":"SearchAction","target":{"@type":"EntryPoint","urlTemplate":"https:\/\/potenciaradiofonicadominicana.com\/portal\/?s={search_term_string}"},"query-input":{"@type":"PropertyValueSpecification","valueRequired":true,"valueName":"search_term_string"}}],"inLanguage":"es"},{"@type":"Organization","@id":"https:\/\/potenciaradiofonicadominicana.com\/portal\/#organization","name":"PotenciaRadiofonicaDominicana.com","url":"https:\/\/potenciaradiofonicadominicana.com\/portal\/","logo":{"@type":"ImageObject","inLanguage":"es","@id":"https:\/\/potenciaradiofonicadominicana.com\/portal\/#\/schema\/logo\/image\/","url":"https:\/\/potenciaradiofonicadominicana.com\/portal\/wp-content\/uploads\/2022\/01\/descarga.png","contentUrl":"https:\/\/potenciaradiofonicadominicana.com\/portal\/wp-content\/uploads\/2022\/01\/descarga.png","width":300,"height":100,"caption":"PotenciaRadiofonicaDominicana.com"},"image":{"@id":"https:\/\/potenciaradiofonicadominicana.com\/portal\/#\/schema\/logo\/image\/"},"sameAs":["https:\/\/web.facebook.com\/PotenciaRadiofonicaD"]},{"@type":"Person","@id":"https:\/\/potenciaradiofonicadominicana.com\/portal\/#\/schema\/person\/a5cf1fea13877803ee0573ac18b03490","name":"Potencia Radiof\u00f3nica Dominicana","image":{"@type":"ImageObject","inLanguage":"es","@id":"https:\/\/potenciaradiofonicadominicana.com\/portal\/#\/schema\/person\/image\/","url":"https:\/\/secure.gravatar.com\/avatar\/42a55ab9e8ccc656ba34cd791990602a?s=96&d=mm&r=g","contentUrl":"https:\/\/secure.gravatar.com\/avatar\/42a55ab9e8ccc656ba34cd791990602a?s=96&d=mm&r=g","caption":"Potencia Radiof\u00f3nica Dominicana"},"url":"https:\/\/potenciaradiofonicadominicana.com\/portal\/author\/johannyalmanzar\/"}]}},"_links":{"self":[{"href":"https:\/\/potenciaradiofonicadominicana.com\/portal\/wp-json\/wp\/v2\/posts\/213840","targetHints":{"allow":["GET"]}}],"collection":[{"href":"https:\/\/potenciaradiofonicadominicana.com\/portal\/wp-json\/wp\/v2\/posts"}],"about":[{"href":"https:\/\/potenciaradiofonicadominicana.com\/portal\/wp-json\/wp\/v2\/types\/post"}],"author":[{"embeddable":true,"href":"https:\/\/potenciaradiofonicadominicana.com\/portal\/wp-json\/wp\/v2\/users\/2"}],"replies":[{"embeddable":true,"href":"https:\/\/potenciaradiofonicadominicana.com\/portal\/wp-json\/wp\/v2\/comments?post=213840"}],"version-history":[{"count":1,"href":"https:\/\/potenciaradiofonicadominicana.com\/portal\/wp-json\/wp\/v2\/posts\/213840\/revisions"}],"predecessor-version":[{"id":213844,"href":"https:\/\/potenciaradiofonicadominicana.com\/portal\/wp-json\/wp\/v2\/posts\/213840\/revisions\/213844"}],"wp:featuredmedia":[{"embeddable":true,"href":"https:\/\/potenciaradiofonicadominicana.com\/portal\/wp-json\/wp\/v2\/media\/213841"}],"wp:attachment":[{"href":"https:\/\/potenciaradiofonicadominicana.com\/portal\/wp-json\/wp\/v2\/media?parent=213840"}],"wp:term":[{"taxonomy":"category","embeddable":true,"href":"https:\/\/potenciaradiofonicadominicana.com\/portal\/wp-json\/wp\/v2\/categories?post=213840"},{"taxonomy":"post_tag","embeddable":true,"href":"https:\/\/potenciaradiofonicadominicana.com\/portal\/wp-json\/wp\/v2\/tags?post=213840"}],"curies":[{"name":"wp","href":"https:\/\/api.w.org\/{rel}","templated":true}]}}