{"id":213837,"date":"2026-03-29T23:29:07","date_gmt":"2026-03-30T03:29:07","guid":{"rendered":"https:\/\/potenciaradiofonicadominicana.com\/portal\/?p=213837"},"modified":"2026-03-29T23:29:07","modified_gmt":"2026-03-30T03:29:07","slug":"sector-empresarial-analiza-la-nueva-ley-de-contrataciones-publicas","status":"publish","type":"post","link":"https:\/\/potenciaradiofonicadominicana.com\/portal\/sector-empresarial-analiza-la-nueva-ley-de-contrataciones-publicas\/","title":{"rendered":"Sector empresarial analiza la nueva Ley de Contrataciones P\u00fablicas"},"content":{"rendered":"<p><a href=\"https:\/\/potenciaradiofonicadominicana.com\/portal\/wp-content\/uploads\/2026\/03\/empresarios-analizan-la-nueva-ley-de-contrataciones-publicas-88683eed-focus-min0.25-0.45-896-504.jpg\"><img loading=\"lazy\" decoding=\"async\" class=\"alignnone size-full wp-image-213839\" src=\"https:\/\/potenciaradiofonicadominicana.com\/portal\/wp-content\/uploads\/2026\/03\/empresarios-analizan-la-nueva-ley-de-contrataciones-publicas-88683eed-focus-min0.25-0.45-896-504.jpg\" alt=\"\" width=\"895\" height=\"504\" srcset=\"https:\/\/potenciaradiofonicadominicana.com\/portal\/wp-content\/uploads\/2026\/03\/empresarios-analizan-la-nueva-ley-de-contrataciones-publicas-88683eed-focus-min0.25-0.45-896-504.jpg 895w, https:\/\/potenciaradiofonicadominicana.com\/portal\/wp-content\/uploads\/2026\/03\/empresarios-analizan-la-nueva-ley-de-contrataciones-publicas-88683eed-focus-min0.25-0.45-896-504-300x169.jpg 300w, https:\/\/potenciaradiofonicadominicana.com\/portal\/wp-content\/uploads\/2026\/03\/empresarios-analizan-la-nueva-ley-de-contrataciones-publicas-88683eed-focus-min0.25-0.45-896-504-768x432.jpg 768w\" sizes=\"auto, (max-width: 895px) 100vw, 895px\" \/><\/a><\/p>\n<p>Con el objetivo de orientar a sus socios y al\u00a0sector empresarial\u00a0sobre el nuevo marco legal de las compras estatales, la\u00a0C\u00e1mara Santo Domingo\u00a0profundiz\u00f3 en la Ley 47-25 durante un conversatorio encabezado por el director general de\u00a0Contrataciones P\u00fablicas, Carlos Pimentel.<\/p>\n<p>\u00abDesde el\u00a0\u00f3rgano rector\u00a0impulsamos estos espacios de formaci\u00f3n porque creemos firmemente que una contrataci\u00f3n p\u00fablica m\u00e1s transparente, eficiente y competitiva solo es posible con la participaci\u00f3n activa del sector empresarial. Esta nueva normativa no solo fortalece los controles, sino que tambi\u00e9n abre mayores oportunidades para los empresarios\u00bb, expres\u00f3 Pimentel.<\/p>\n<p>El vicepresidente ejecutivo de la c\u00e1mara,\u00a0Fantino Polanco, explic\u00f3 que esta iniciativa es un espacio para que los socios y relacionados conversen sobre temas de actualidad, a trav\u00e9s de voces relevantes.<\/p>\n<p>Afirm\u00f3 que el objetivo principal es fomentar la transferencia de\u00a0conocimientos t\u00e9cnicos\u00a0y generar conexiones estrat\u00e9gicas de alto nivel que impulsen el desarrollo y la sostenibilidad de los\u00a0negocios locales.<\/p>\n<p>Ciclo de conversatorios<\/p>\n<p>El\u00a0ciclo de marzo\u00a0de estos conversatorios empez\u00f3 con\u00a0temas relevantes\u00a0para el\u00a0sector empresarial\u00a0y el\u00a0derecho corporativo. El primer encuentro, titulado \u00abReestructuraci\u00f3n mercantil: del marco legal a la implementaci\u00f3n\u00bb, estuvo a cargo de la abogada\u00a0Pamela Benz\u00e1n, socia de la firma\u00a0Guzm\u00e1n Ariza.<\/p>\n<p>El segundo fue sobre la \u00abLey 155-17\u00a0sobre Lavado de Activos y Registro Mercantil\u00bb, con la participaci\u00f3n de\u00a0Santiago Mej\u00eda,\u00a0registrador Mercantil\u00a0de la\u00a0C\u00e1mara Santo Domingo.<\/p>\n<p>La C\u00e1mara Santo Domingo dijo que con la\u00a0celebraci\u00f3n de este\u00a0tercer encuentro\u00a0enfocado en la\u00a0Ley 47-25,\u00a0<span>reafirma su compromiso con el sector productivo, facilitando herramientas, informaci\u00f3n actualizada y espacios de\u00a0<\/span>networking<span>\u00a0que fortalezcan el clima de negocios en la ciudad.<\/span><\/p>\n","protected":false},"excerpt":{"rendered":"<p>Con el objetivo de orientar a sus socios y al\u00a0sector empresarial\u00a0sobre el nuevo marco legal de las compras estatales, la\u00a0C\u00e1mara &#8230;<\/p>\n","protected":false},"author":2,"featured_media":213839,"comment_status":"closed","ping_status":"closed","sticky":false,"template":"","format":"standard","meta":{"footnotes":""},"categories":[26],"tags":[],"class_list":["post-213837","post","type-post","status-publish","format-standard","has-post-thumbnail","hentry","category-economia"],"yoast_head":"<!-- This site is optimized with the Yoast SEO plugin v24.8.1 - https:\/\/yoast.com\/wordpress\/plugins\/seo\/ -->\n<title>Sector empresarial analiza la nueva Ley de Contrataciones P\u00fablicas - PotenciaRadiofonicaDominicana.com<\/title>\n<meta name=\"robots\" content=\"index, follow, max-snippet:-1, max-image-preview:large, max-video-preview:-1\" \/>\n<link rel=\"canonical\" href=\"https:\/\/potenciaradiofonicadominicana.com\/portal\/sector-empresarial-analiza-la-nueva-ley-de-contrataciones-publicas\/\" \/>\n<meta property=\"og:locale\" content=\"es_ES\" \/>\n<meta property=\"og:type\" content=\"article\" \/>\n<meta property=\"og:title\" content=\"Sector empresarial analiza la nueva Ley de Contrataciones P\u00fablicas - PotenciaRadiofonicaDominicana.com\" \/>\n<meta property=\"og:description\" content=\"Con el objetivo de orientar a sus socios y al\u00a0sector empresarial\u00a0sobre el nuevo marco legal de las compras estatales, la\u00a0C\u00e1mara ...\" \/>\n<meta property=\"og:url\" content=\"https:\/\/potenciaradiofonicadominicana.com\/portal\/sector-empresarial-analiza-la-nueva-ley-de-contrataciones-publicas\/\" \/>\n<meta property=\"og:site_name\" content=\"PotenciaRadiofonicaDominicana.com\" \/>\n<meta property=\"article:publisher\" content=\"https:\/\/web.facebook.com\/PotenciaRadiofonicaD\" \/>\n<meta property=\"article:published_time\" content=\"2026-03-30T03:29:07+00:00\" \/>\n<meta property=\"og:image\" content=\"https:\/\/potenciaradiofonicadominicana.com\/portal\/wp-content\/uploads\/2026\/03\/empresarios-analizan-la-nueva-ley-de-contrataciones-publicas-88683eed-focus-min0.25-0.45-896-504.jpg\" \/>\n\t<meta property=\"og:image:width\" content=\"895\" \/>\n\t<meta property=\"og:image:height\" content=\"504\" \/>\n\t<meta property=\"og:image:type\" content=\"image\/jpeg\" \/>\n<meta name=\"author\" content=\"Potencia Radiof\u00f3nica Dominicana\" \/>\n<meta name=\"twitter:card\" content=\"summary_large_image\" \/>\n<meta name=\"twitter:label1\" content=\"Escrito por\" \/>\n\t<meta name=\"twitter:data1\" content=\"Potencia Radiof\u00f3nica Dominicana\" \/>\n\t<meta name=\"twitter:label2\" content=\"Tiempo de lectura\" \/>\n\t<meta name=\"twitter:data2\" content=\"2 minutos\" \/>\n<script type=\"application\/ld+json\" class=\"yoast-schema-graph\">{\"@context\":\"https:\/\/schema.org\",\"@graph\":[{\"@type\":\"Article\",\"@id\":\"https:\/\/potenciaradiofonicadominicana.com\/portal\/sector-empresarial-analiza-la-nueva-ley-de-contrataciones-publicas\/#article\",\"isPartOf\":{\"@id\":\"https:\/\/potenciaradiofonicadominicana.com\/portal\/sector-empresarial-analiza-la-nueva-ley-de-contrataciones-publicas\/\"},\"author\":{\"name\":\"Potencia Radiof\u00f3nica Dominicana\",\"@id\":\"https:\/\/potenciaradiofonicadominicana.com\/portal\/#\/schema\/person\/a5cf1fea13877803ee0573ac18b03490\"},\"headline\":\"Sector empresarial analiza la nueva Ley de Contrataciones P\u00fablicas\",\"datePublished\":\"2026-03-30T03:29:07+00:00\",\"mainEntityOfPage\":{\"@id\":\"https:\/\/potenciaradiofonicadominicana.com\/portal\/sector-empresarial-analiza-la-nueva-ley-de-contrataciones-publicas\/\"},\"wordCount\":303,\"publisher\":{\"@id\":\"https:\/\/potenciaradiofonicadominicana.com\/portal\/#organization\"},\"image\":{\"@id\":\"https:\/\/potenciaradiofonicadominicana.com\/portal\/sector-empresarial-analiza-la-nueva-ley-de-contrataciones-publicas\/#primaryimage\"},\"thumbnailUrl\":\"https:\/\/potenciaradiofonicadominicana.com\/portal\/wp-content\/uploads\/2026\/03\/empresarios-analizan-la-nueva-ley-de-contrataciones-publicas-88683eed-focus-min0.25-0.45-896-504.jpg\",\"articleSection\":[\"Econom\u00eda\"],\"inLanguage\":\"es\"},{\"@type\":\"WebPage\",\"@id\":\"https:\/\/potenciaradiofonicadominicana.com\/portal\/sector-empresarial-analiza-la-nueva-ley-de-contrataciones-publicas\/\",\"url\":\"https:\/\/potenciaradiofonicadominicana.com\/portal\/sector-empresarial-analiza-la-nueva-ley-de-contrataciones-publicas\/\",\"name\":\"Sector empresarial analiza la nueva Ley de Contrataciones P\u00fablicas - PotenciaRadiofonicaDominicana.com\",\"isPartOf\":{\"@id\":\"https:\/\/potenciaradiofonicadominicana.com\/portal\/#website\"},\"primaryImageOfPage\":{\"@id\":\"https:\/\/potenciaradiofonicadominicana.com\/portal\/sector-empresarial-analiza-la-nueva-ley-de-contrataciones-publicas\/#primaryimage\"},\"image\":{\"@id\":\"https:\/\/potenciaradiofonicadominicana.com\/portal\/sector-empresarial-analiza-la-nueva-ley-de-contrataciones-publicas\/#primaryimage\"},\"thumbnailUrl\":\"https:\/\/potenciaradiofonicadominicana.com\/portal\/wp-content\/uploads\/2026\/03\/empresarios-analizan-la-nueva-ley-de-contrataciones-publicas-88683eed-focus-min0.25-0.45-896-504.jpg\",\"datePublished\":\"2026-03-30T03:29:07+00:00\",\"breadcrumb\":{\"@id\":\"https:\/\/potenciaradiofonicadominicana.com\/portal\/sector-empresarial-analiza-la-nueva-ley-de-contrataciones-publicas\/#breadcrumb\"},\"inLanguage\":\"es\",\"potentialAction\":[{\"@type\":\"ReadAction\",\"target\":[\"https:\/\/potenciaradiofonicadominicana.com\/portal\/sector-empresarial-analiza-la-nueva-ley-de-contrataciones-publicas\/\"]}]},{\"@type\":\"ImageObject\",\"inLanguage\":\"es\",\"@id\":\"https:\/\/potenciaradiofonicadominicana.com\/portal\/sector-empresarial-analiza-la-nueva-ley-de-contrataciones-publicas\/#primaryimage\",\"url\":\"https:\/\/potenciaradiofonicadominicana.com\/portal\/wp-content\/uploads\/2026\/03\/empresarios-analizan-la-nueva-ley-de-contrataciones-publicas-88683eed-focus-min0.25-0.45-896-504.jpg\",\"contentUrl\":\"https:\/\/potenciaradiofonicadominicana.com\/portal\/wp-content\/uploads\/2026\/03\/empresarios-analizan-la-nueva-ley-de-contrataciones-publicas-88683eed-focus-min0.25-0.45-896-504.jpg\",\"width\":895,\"height\":504},{\"@type\":\"BreadcrumbList\",\"@id\":\"https:\/\/potenciaradiofonicadominicana.com\/portal\/sector-empresarial-analiza-la-nueva-ley-de-contrataciones-publicas\/#breadcrumb\",\"itemListElement\":[{\"@type\":\"ListItem\",\"position\":1,\"name\":\"Portada\",\"item\":\"https:\/\/potenciaradiofonicadominicana.com\/portal\/\"},{\"@type\":\"ListItem\",\"position\":2,\"name\":\"Sector empresarial analiza la nueva Ley de Contrataciones P\u00fablicas\"}]},{\"@type\":\"WebSite\",\"@id\":\"https:\/\/potenciaradiofonicadominicana.com\/portal\/#website\",\"url\":\"https:\/\/potenciaradiofonicadominicana.com\/portal\/\",\"name\":\"PotenciaRadiofonicaDominicana.com\",\"description\":\"Peri\u00f3dico Digital\",\"publisher\":{\"@id\":\"https:\/\/potenciaradiofonicadominicana.com\/portal\/#organization\"},\"potentialAction\":[{\"@type\":\"SearchAction\",\"target\":{\"@type\":\"EntryPoint\",\"urlTemplate\":\"https:\/\/potenciaradiofonicadominicana.com\/portal\/?s={search_term_string}\"},\"query-input\":{\"@type\":\"PropertyValueSpecification\",\"valueRequired\":true,\"valueName\":\"search_term_string\"}}],\"inLanguage\":\"es\"},{\"@type\":\"Organization\",\"@id\":\"https:\/\/potenciaradiofonicadominicana.com\/portal\/#organization\",\"name\":\"PotenciaRadiofonicaDominicana.com\",\"url\":\"https:\/\/potenciaradiofonicadominicana.com\/portal\/\",\"logo\":{\"@type\":\"ImageObject\",\"inLanguage\":\"es\",\"@id\":\"https:\/\/potenciaradiofonicadominicana.com\/portal\/#\/schema\/logo\/image\/\",\"url\":\"https:\/\/potenciaradiofonicadominicana.com\/portal\/wp-content\/uploads\/2022\/01\/descarga.png\",\"contentUrl\":\"https:\/\/potenciaradiofonicadominicana.com\/portal\/wp-content\/uploads\/2022\/01\/descarga.png\",\"width\":300,\"height\":100,\"caption\":\"PotenciaRadiofonicaDominicana.com\"},\"image\":{\"@id\":\"https:\/\/potenciaradiofonicadominicana.com\/portal\/#\/schema\/logo\/image\/\"},\"sameAs\":[\"https:\/\/web.facebook.com\/PotenciaRadiofonicaD\"]},{\"@type\":\"Person\",\"@id\":\"https:\/\/potenciaradiofonicadominicana.com\/portal\/#\/schema\/person\/a5cf1fea13877803ee0573ac18b03490\",\"name\":\"Potencia Radiof\u00f3nica Dominicana\",\"image\":{\"@type\":\"ImageObject\",\"inLanguage\":\"es\",\"@id\":\"https:\/\/potenciaradiofonicadominicana.com\/portal\/#\/schema\/person\/image\/\",\"url\":\"https:\/\/secure.gravatar.com\/avatar\/42a55ab9e8ccc656ba34cd791990602a?s=96&d=mm&r=g\",\"contentUrl\":\"https:\/\/secure.gravatar.com\/avatar\/42a55ab9e8ccc656ba34cd791990602a?s=96&d=mm&r=g\",\"caption\":\"Potencia Radiof\u00f3nica Dominicana\"},\"url\":\"https:\/\/potenciaradiofonicadominicana.com\/portal\/author\/johannyalmanzar\/\"}]}<\/script>\n<!-- \/ Yoast SEO plugin. -->","yoast_head_json":{"title":"Sector empresarial analiza la nueva Ley de Contrataciones P\u00fablicas - PotenciaRadiofonicaDominicana.com","robots":{"index":"index","follow":"follow","max-snippet":"max-snippet:-1","max-image-preview":"max-image-preview:large","max-video-preview":"max-video-preview:-1"},"canonical":"https:\/\/potenciaradiofonicadominicana.com\/portal\/sector-empresarial-analiza-la-nueva-ley-de-contrataciones-publicas\/","og_locale":"es_ES","og_type":"article","og_title":"Sector empresarial analiza la nueva Ley de Contrataciones P\u00fablicas - PotenciaRadiofonicaDominicana.com","og_description":"Con el objetivo de orientar a sus socios y al\u00a0sector empresarial\u00a0sobre el nuevo marco legal de las compras estatales, la\u00a0C\u00e1mara ...","og_url":"https:\/\/potenciaradiofonicadominicana.com\/portal\/sector-empresarial-analiza-la-nueva-ley-de-contrataciones-publicas\/","og_site_name":"PotenciaRadiofonicaDominicana.com","article_publisher":"https:\/\/web.facebook.com\/PotenciaRadiofonicaD","article_published_time":"2026-03-30T03:29:07+00:00","og_image":[{"width":895,"height":504,"url":"https:\/\/potenciaradiofonicadominicana.com\/portal\/wp-content\/uploads\/2026\/03\/empresarios-analizan-la-nueva-ley-de-contrataciones-publicas-88683eed-focus-min0.25-0.45-896-504.jpg","type":"image\/jpeg"}],"author":"Potencia Radiof\u00f3nica Dominicana","twitter_card":"summary_large_image","twitter_misc":{"Escrito por":"Potencia Radiof\u00f3nica Dominicana","Tiempo de lectura":"2 minutos"},"schema":{"@context":"https:\/\/schema.org","@graph":[{"@type":"Article","@id":"https:\/\/potenciaradiofonicadominicana.com\/portal\/sector-empresarial-analiza-la-nueva-ley-de-contrataciones-publicas\/#article","isPartOf":{"@id":"https:\/\/potenciaradiofonicadominicana.com\/portal\/sector-empresarial-analiza-la-nueva-ley-de-contrataciones-publicas\/"},"author":{"name":"Potencia Radiof\u00f3nica Dominicana","@id":"https:\/\/potenciaradiofonicadominicana.com\/portal\/#\/schema\/person\/a5cf1fea13877803ee0573ac18b03490"},"headline":"Sector empresarial analiza la nueva Ley de Contrataciones P\u00fablicas","datePublished":"2026-03-30T03:29:07+00:00","mainEntityOfPage":{"@id":"https:\/\/potenciaradiofonicadominicana.com\/portal\/sector-empresarial-analiza-la-nueva-ley-de-contrataciones-publicas\/"},"wordCount":303,"publisher":{"@id":"https:\/\/potenciaradiofonicadominicana.com\/portal\/#organization"},"image":{"@id":"https:\/\/potenciaradiofonicadominicana.com\/portal\/sector-empresarial-analiza-la-nueva-ley-de-contrataciones-publicas\/#primaryimage"},"thumbnailUrl":"https:\/\/potenciaradiofonicadominicana.com\/portal\/wp-content\/uploads\/2026\/03\/empresarios-analizan-la-nueva-ley-de-contrataciones-publicas-88683eed-focus-min0.25-0.45-896-504.jpg","articleSection":["Econom\u00eda"],"inLanguage":"es"},{"@type":"WebPage","@id":"https:\/\/potenciaradiofonicadominicana.com\/portal\/sector-empresarial-analiza-la-nueva-ley-de-contrataciones-publicas\/","url":"https:\/\/potenciaradiofonicadominicana.com\/portal\/sector-empresarial-analiza-la-nueva-ley-de-contrataciones-publicas\/","name":"Sector empresarial analiza la nueva Ley de Contrataciones P\u00fablicas - PotenciaRadiofonicaDominicana.com","isPartOf":{"@id":"https:\/\/potenciaradiofonicadominicana.com\/portal\/#website"},"primaryImageOfPage":{"@id":"https:\/\/potenciaradiofonicadominicana.com\/portal\/sector-empresarial-analiza-la-nueva-ley-de-contrataciones-publicas\/#primaryimage"},"image":{"@id":"https:\/\/potenciaradiofonicadominicana.com\/portal\/sector-empresarial-analiza-la-nueva-ley-de-contrataciones-publicas\/#primaryimage"},"thumbnailUrl":"https:\/\/potenciaradiofonicadominicana.com\/portal\/wp-content\/uploads\/2026\/03\/empresarios-analizan-la-nueva-ley-de-contrataciones-publicas-88683eed-focus-min0.25-0.45-896-504.jpg","datePublished":"2026-03-30T03:29:07+00:00","breadcrumb":{"@id":"https:\/\/potenciaradiofonicadominicana.com\/portal\/sector-empresarial-analiza-la-nueva-ley-de-contrataciones-publicas\/#breadcrumb"},"inLanguage":"es","potentialAction":[{"@type":"ReadAction","target":["https:\/\/potenciaradiofonicadominicana.com\/portal\/sector-empresarial-analiza-la-nueva-ley-de-contrataciones-publicas\/"]}]},{"@type":"ImageObject","inLanguage":"es","@id":"https:\/\/potenciaradiofonicadominicana.com\/portal\/sector-empresarial-analiza-la-nueva-ley-de-contrataciones-publicas\/#primaryimage","url":"https:\/\/potenciaradiofonicadominicana.com\/portal\/wp-content\/uploads\/2026\/03\/empresarios-analizan-la-nueva-ley-de-contrataciones-publicas-88683eed-focus-min0.25-0.45-896-504.jpg","contentUrl":"https:\/\/potenciaradiofonicadominicana.com\/portal\/wp-content\/uploads\/2026\/03\/empresarios-analizan-la-nueva-ley-de-contrataciones-publicas-88683eed-focus-min0.25-0.45-896-504.jpg","width":895,"height":504},{"@type":"BreadcrumbList","@id":"https:\/\/potenciaradiofonicadominicana.com\/portal\/sector-empresarial-analiza-la-nueva-ley-de-contrataciones-publicas\/#breadcrumb","itemListElement":[{"@type":"ListItem","position":1,"name":"Portada","item":"https:\/\/potenciaradiofonicadominicana.com\/portal\/"},{"@type":"ListItem","position":2,"name":"Sector empresarial analiza la nueva Ley de Contrataciones P\u00fablicas"}]},{"@type":"WebSite","@id":"https:\/\/potenciaradiofonicadominicana.com\/portal\/#website","url":"https:\/\/potenciaradiofonicadominicana.com\/portal\/","name":"PotenciaRadiofonicaDominicana.com","description":"Peri\u00f3dico Digital","publisher":{"@id":"https:\/\/potenciaradiofonicadominicana.com\/portal\/#organization"},"potentialAction":[{"@type":"SearchAction","target":{"@type":"EntryPoint","urlTemplate":"https:\/\/potenciaradiofonicadominicana.com\/portal\/?s={search_term_string}"},"query-input":{"@type":"PropertyValueSpecification","valueRequired":true,"valueName":"search_term_string"}}],"inLanguage":"es"},{"@type":"Organization","@id":"https:\/\/potenciaradiofonicadominicana.com\/portal\/#organization","name":"PotenciaRadiofonicaDominicana.com","url":"https:\/\/potenciaradiofonicadominicana.com\/portal\/","logo":{"@type":"ImageObject","inLanguage":"es","@id":"https:\/\/potenciaradiofonicadominicana.com\/portal\/#\/schema\/logo\/image\/","url":"https:\/\/potenciaradiofonicadominicana.com\/portal\/wp-content\/uploads\/2022\/01\/descarga.png","contentUrl":"https:\/\/potenciaradiofonicadominicana.com\/portal\/wp-content\/uploads\/2022\/01\/descarga.png","width":300,"height":100,"caption":"PotenciaRadiofonicaDominicana.com"},"image":{"@id":"https:\/\/potenciaradiofonicadominicana.com\/portal\/#\/schema\/logo\/image\/"},"sameAs":["https:\/\/web.facebook.com\/PotenciaRadiofonicaD"]},{"@type":"Person","@id":"https:\/\/potenciaradiofonicadominicana.com\/portal\/#\/schema\/person\/a5cf1fea13877803ee0573ac18b03490","name":"Potencia Radiof\u00f3nica Dominicana","image":{"@type":"ImageObject","inLanguage":"es","@id":"https:\/\/potenciaradiofonicadominicana.com\/portal\/#\/schema\/person\/image\/","url":"https:\/\/secure.gravatar.com\/avatar\/42a55ab9e8ccc656ba34cd791990602a?s=96&d=mm&r=g","contentUrl":"https:\/\/secure.gravatar.com\/avatar\/42a55ab9e8ccc656ba34cd791990602a?s=96&d=mm&r=g","caption":"Potencia Radiof\u00f3nica Dominicana"},"url":"https:\/\/potenciaradiofonicadominicana.com\/portal\/author\/johannyalmanzar\/"}]}},"_links":{"self":[{"href":"https:\/\/potenciaradiofonicadominicana.com\/portal\/wp-json\/wp\/v2\/posts\/213837","targetHints":{"allow":["GET"]}}],"collection":[{"href":"https:\/\/potenciaradiofonicadominicana.com\/portal\/wp-json\/wp\/v2\/posts"}],"about":[{"href":"https:\/\/potenciaradiofonicadominicana.com\/portal\/wp-json\/wp\/v2\/types\/post"}],"author":[{"embeddable":true,"href":"https:\/\/potenciaradiofonicadominicana.com\/portal\/wp-json\/wp\/v2\/users\/2"}],"replies":[{"embeddable":true,"href":"https:\/\/potenciaradiofonicadominicana.com\/portal\/wp-json\/wp\/v2\/comments?post=213837"}],"version-history":[{"count":1,"href":"https:\/\/potenciaradiofonicadominicana.com\/portal\/wp-json\/wp\/v2\/posts\/213837\/revisions"}],"predecessor-version":[{"id":213842,"href":"https:\/\/potenciaradiofonicadominicana.com\/portal\/wp-json\/wp\/v2\/posts\/213837\/revisions\/213842"}],"wp:featuredmedia":[{"embeddable":true,"href":"https:\/\/potenciaradiofonicadominicana.com\/portal\/wp-json\/wp\/v2\/media\/213839"}],"wp:attachment":[{"href":"https:\/\/potenciaradiofonicadominicana.com\/portal\/wp-json\/wp\/v2\/media?parent=213837"}],"wp:term":[{"taxonomy":"category","embeddable":true,"href":"https:\/\/potenciaradiofonicadominicana.com\/portal\/wp-json\/wp\/v2\/categories?post=213837"},{"taxonomy":"post_tag","embeddable":true,"href":"https:\/\/potenciaradiofonicadominicana.com\/portal\/wp-json\/wp\/v2\/tags?post=213837"}],"curies":[{"name":"wp","href":"https:\/\/api.w.org\/{rel}","templated":true}]}}