{"id":213834,"date":"2026-03-29T23:28:02","date_gmt":"2026-03-30T03:28:02","guid":{"rendered":"https:\/\/potenciaradiofonicadominicana.com\/portal\/?p=213834"},"modified":"2026-03-29T23:28:02","modified_gmt":"2026-03-30T03:28:02","slug":"arizona-alcanza-su-primera-final-four-en-25-anos-con-una-victoria-de-79-64-sobre-purdue","status":"publish","type":"post","link":"https:\/\/potenciaradiofonicadominicana.com\/portal\/arizona-alcanza-su-primera-final-four-en-25-anos-con-una-victoria-de-79-64-sobre-purdue\/","title":{"rendered":"Arizona alcanza su primera Final Four en 25 a\u00f1os con una victoria de 79-64 sobre Purdue"},"content":{"rendered":"<p><a href=\"https:\/\/potenciaradiofonicadominicana.com\/portal\/wp-content\/uploads\/2026\/03\/descarga-1-1.jpg\"><img loading=\"lazy\" decoding=\"async\" class=\"size-full wp-image-213836\" src=\"https:\/\/potenciaradiofonicadominicana.com\/portal\/wp-content\/uploads\/2026\/03\/descarga-1-1.jpg\" alt=\"\" width=\"1486\" height=\"991\" srcset=\"https:\/\/potenciaradiofonicadominicana.com\/portal\/wp-content\/uploads\/2026\/03\/descarga-1-1.jpg 1486w, https:\/\/potenciaradiofonicadominicana.com\/portal\/wp-content\/uploads\/2026\/03\/descarga-1-1-300x200.jpg 300w, https:\/\/potenciaradiofonicadominicana.com\/portal\/wp-content\/uploads\/2026\/03\/descarga-1-1-1024x683.jpg 1024w, https:\/\/potenciaradiofonicadominicana.com\/portal\/wp-content\/uploads\/2026\/03\/descarga-1-1-768x512.jpg 768w\" sizes=\"auto, (max-width: 1486px) 100vw, 1486px\" \/><\/a><\/p>\n<p>Los Golden State Warriors descartar\u00e1n a Stephen Curry para otros dos partidos debido a sus molestias en la rodilla, y extender\u00e1n su prolongada ausencia a un m\u00ednimo de 25 partidos consecutivos, seg\u00fan informaron a ESPN fuentes de la liga.<\/p>\n<p>Curry ha avanzado hacia un trabajo de cancha m\u00e1s intenso en las \u00faltimas semanas, pero no logr\u00f3 recibir la autorizaci\u00f3n m\u00e9dica para participar en una pr\u00e1ctica de 5 contra 5 en los \u00faltimos d\u00edas, tal como el equipo hab\u00eda esperado anteriormente.<\/p>\n<p>Curry no ha perdido la esperanza de regresar hacia el final de la temporada regular, se\u00f1alaron fuentes del equipo, y dedicar\u00e1 la pr\u00f3xima semana a un nuevo intento de intensificar su trabajo en la cancha y obtener la luz verde para entrenar con contacto de parte de Rick Celebrini, el principal responsable de las decisiones m\u00e9dicas de la franquicia, quien se ha mostrado cauteloso respecto a la molesta rodilla derecha de Curry. \u201cEn definitiva, si Steph est\u00e1 sano, va a jugar, porque para eso estamos aqu\u00ed\u201d, declar\u00f3 esta semana Steve Kerr.<\/p>\n","protected":false},"excerpt":{"rendered":"<p>Los Golden State Warriors descartar\u00e1n a Stephen Curry para otros dos partidos debido a sus molestias en la rodilla, y &#8230;<\/p>\n","protected":false},"author":2,"featured_media":213836,"comment_status":"closed","ping_status":"closed","sticky":false,"template":"","format":"standard","meta":{"footnotes":""},"categories":[28],"tags":[],"class_list":["post-213834","post","type-post","status-publish","format-standard","has-post-thumbnail","hentry","category-deportes"],"yoast_head":"<!-- This site is optimized with the Yoast SEO plugin v24.8.1 - https:\/\/yoast.com\/wordpress\/plugins\/seo\/ -->\n<title>Arizona alcanza su primera Final Four en 25 a\u00f1os con una victoria de 79-64 sobre Purdue - PotenciaRadiofonicaDominicana.com<\/title>\n<meta name=\"robots\" content=\"index, follow, max-snippet:-1, max-image-preview:large, max-video-preview:-1\" \/>\n<link rel=\"canonical\" href=\"https:\/\/potenciaradiofonicadominicana.com\/portal\/arizona-alcanza-su-primera-final-four-en-25-anos-con-una-victoria-de-79-64-sobre-purdue\/\" \/>\n<meta property=\"og:locale\" content=\"es_ES\" \/>\n<meta property=\"og:type\" content=\"article\" \/>\n<meta property=\"og:title\" content=\"Arizona alcanza su primera Final Four en 25 a\u00f1os con una victoria de 79-64 sobre Purdue - PotenciaRadiofonicaDominicana.com\" \/>\n<meta property=\"og:description\" content=\"Los Golden State Warriors descartar\u00e1n a Stephen Curry para otros dos partidos debido a sus molestias en la rodilla, y ...\" \/>\n<meta property=\"og:url\" content=\"https:\/\/potenciaradiofonicadominicana.com\/portal\/arizona-alcanza-su-primera-final-four-en-25-anos-con-una-victoria-de-79-64-sobre-purdue\/\" \/>\n<meta property=\"og:site_name\" content=\"PotenciaRadiofonicaDominicana.com\" \/>\n<meta property=\"article:publisher\" content=\"https:\/\/web.facebook.com\/PotenciaRadiofonicaD\" \/>\n<meta property=\"article:published_time\" content=\"2026-03-30T03:28:02+00:00\" \/>\n<meta property=\"og:image\" content=\"https:\/\/potenciaradiofonicadominicana.com\/portal\/wp-content\/uploads\/2026\/03\/descarga-1-1.jpg\" \/>\n\t<meta property=\"og:image:width\" content=\"1486\" \/>\n\t<meta property=\"og:image:height\" content=\"991\" \/>\n\t<meta property=\"og:image:type\" content=\"image\/jpeg\" \/>\n<meta name=\"author\" content=\"Potencia Radiof\u00f3nica Dominicana\" \/>\n<meta name=\"twitter:card\" content=\"summary_large_image\" \/>\n<meta name=\"twitter:label1\" content=\"Escrito por\" \/>\n\t<meta name=\"twitter:data1\" content=\"Potencia Radiof\u00f3nica Dominicana\" \/>\n\t<meta name=\"twitter:label2\" content=\"Tiempo de lectura\" \/>\n\t<meta name=\"twitter:data2\" content=\"2 minutos\" \/>\n<script type=\"application\/ld+json\" class=\"yoast-schema-graph\">{\"@context\":\"https:\/\/schema.org\",\"@graph\":[{\"@type\":\"Article\",\"@id\":\"https:\/\/potenciaradiofonicadominicana.com\/portal\/arizona-alcanza-su-primera-final-four-en-25-anos-con-una-victoria-de-79-64-sobre-purdue\/#article\",\"isPartOf\":{\"@id\":\"https:\/\/potenciaradiofonicadominicana.com\/portal\/arizona-alcanza-su-primera-final-four-en-25-anos-con-una-victoria-de-79-64-sobre-purdue\/\"},\"author\":{\"name\":\"Potencia Radiof\u00f3nica Dominicana\",\"@id\":\"https:\/\/potenciaradiofonicadominicana.com\/portal\/#\/schema\/person\/a5cf1fea13877803ee0573ac18b03490\"},\"headline\":\"Arizona alcanza su primera Final Four en 25 a\u00f1os con una victoria de 79-64 sobre Purdue\",\"datePublished\":\"2026-03-30T03:28:02+00:00\",\"mainEntityOfPage\":{\"@id\":\"https:\/\/potenciaradiofonicadominicana.com\/portal\/arizona-alcanza-su-primera-final-four-en-25-anos-con-una-victoria-de-79-64-sobre-purdue\/\"},\"wordCount\":197,\"publisher\":{\"@id\":\"https:\/\/potenciaradiofonicadominicana.com\/portal\/#organization\"},\"image\":{\"@id\":\"https:\/\/potenciaradiofonicadominicana.com\/portal\/arizona-alcanza-su-primera-final-four-en-25-anos-con-una-victoria-de-79-64-sobre-purdue\/#primaryimage\"},\"thumbnailUrl\":\"https:\/\/potenciaradiofonicadominicana.com\/portal\/wp-content\/uploads\/2026\/03\/descarga-1-1.jpg\",\"articleSection\":[\"Deportes\"],\"inLanguage\":\"es\"},{\"@type\":\"WebPage\",\"@id\":\"https:\/\/potenciaradiofonicadominicana.com\/portal\/arizona-alcanza-su-primera-final-four-en-25-anos-con-una-victoria-de-79-64-sobre-purdue\/\",\"url\":\"https:\/\/potenciaradiofonicadominicana.com\/portal\/arizona-alcanza-su-primera-final-four-en-25-anos-con-una-victoria-de-79-64-sobre-purdue\/\",\"name\":\"Arizona alcanza su primera Final Four en 25 a\u00f1os con una victoria de 79-64 sobre Purdue - PotenciaRadiofonicaDominicana.com\",\"isPartOf\":{\"@id\":\"https:\/\/potenciaradiofonicadominicana.com\/portal\/#website\"},\"primaryImageOfPage\":{\"@id\":\"https:\/\/potenciaradiofonicadominicana.com\/portal\/arizona-alcanza-su-primera-final-four-en-25-anos-con-una-victoria-de-79-64-sobre-purdue\/#primaryimage\"},\"image\":{\"@id\":\"https:\/\/potenciaradiofonicadominicana.com\/portal\/arizona-alcanza-su-primera-final-four-en-25-anos-con-una-victoria-de-79-64-sobre-purdue\/#primaryimage\"},\"thumbnailUrl\":\"https:\/\/potenciaradiofonicadominicana.com\/portal\/wp-content\/uploads\/2026\/03\/descarga-1-1.jpg\",\"datePublished\":\"2026-03-30T03:28:02+00:00\",\"breadcrumb\":{\"@id\":\"https:\/\/potenciaradiofonicadominicana.com\/portal\/arizona-alcanza-su-primera-final-four-en-25-anos-con-una-victoria-de-79-64-sobre-purdue\/#breadcrumb\"},\"inLanguage\":\"es\",\"potentialAction\":[{\"@type\":\"ReadAction\",\"target\":[\"https:\/\/potenciaradiofonicadominicana.com\/portal\/arizona-alcanza-su-primera-final-four-en-25-anos-con-una-victoria-de-79-64-sobre-purdue\/\"]}]},{\"@type\":\"ImageObject\",\"inLanguage\":\"es\",\"@id\":\"https:\/\/potenciaradiofonicadominicana.com\/portal\/arizona-alcanza-su-primera-final-four-en-25-anos-con-una-victoria-de-79-64-sobre-purdue\/#primaryimage\",\"url\":\"https:\/\/potenciaradiofonicadominicana.com\/portal\/wp-content\/uploads\/2026\/03\/descarga-1-1.jpg\",\"contentUrl\":\"https:\/\/potenciaradiofonicadominicana.com\/portal\/wp-content\/uploads\/2026\/03\/descarga-1-1.jpg\",\"width\":1486,\"height\":991,\"caption\":\"El armador de los Warriors de Golden State, Stephen Curry (30) conduce durante la primera mitad del juego de baloncesto de la NBA ante los Clippers de Los \u00c1ngeles, en San Francisco, el domingo 27 de octubre de 2024. (AP Foto\/Nic Coury)\"},{\"@type\":\"BreadcrumbList\",\"@id\":\"https:\/\/potenciaradiofonicadominicana.com\/portal\/arizona-alcanza-su-primera-final-four-en-25-anos-con-una-victoria-de-79-64-sobre-purdue\/#breadcrumb\",\"itemListElement\":[{\"@type\":\"ListItem\",\"position\":1,\"name\":\"Portada\",\"item\":\"https:\/\/potenciaradiofonicadominicana.com\/portal\/\"},{\"@type\":\"ListItem\",\"position\":2,\"name\":\"Arizona alcanza su primera Final Four en 25 a\u00f1os con una victoria de 79-64 sobre Purdue\"}]},{\"@type\":\"WebSite\",\"@id\":\"https:\/\/potenciaradiofonicadominicana.com\/portal\/#website\",\"url\":\"https:\/\/potenciaradiofonicadominicana.com\/portal\/\",\"name\":\"PotenciaRadiofonicaDominicana.com\",\"description\":\"Peri\u00f3dico Digital\",\"publisher\":{\"@id\":\"https:\/\/potenciaradiofonicadominicana.com\/portal\/#organization\"},\"potentialAction\":[{\"@type\":\"SearchAction\",\"target\":{\"@type\":\"EntryPoint\",\"urlTemplate\":\"https:\/\/potenciaradiofonicadominicana.com\/portal\/?s={search_term_string}\"},\"query-input\":{\"@type\":\"PropertyValueSpecification\",\"valueRequired\":true,\"valueName\":\"search_term_string\"}}],\"inLanguage\":\"es\"},{\"@type\":\"Organization\",\"@id\":\"https:\/\/potenciaradiofonicadominicana.com\/portal\/#organization\",\"name\":\"PotenciaRadiofonicaDominicana.com\",\"url\":\"https:\/\/potenciaradiofonicadominicana.com\/portal\/\",\"logo\":{\"@type\":\"ImageObject\",\"inLanguage\":\"es\",\"@id\":\"https:\/\/potenciaradiofonicadominicana.com\/portal\/#\/schema\/logo\/image\/\",\"url\":\"https:\/\/potenciaradiofonicadominicana.com\/portal\/wp-content\/uploads\/2022\/01\/descarga.png\",\"contentUrl\":\"https:\/\/potenciaradiofonicadominicana.com\/portal\/wp-content\/uploads\/2022\/01\/descarga.png\",\"width\":300,\"height\":100,\"caption\":\"PotenciaRadiofonicaDominicana.com\"},\"image\":{\"@id\":\"https:\/\/potenciaradiofonicadominicana.com\/portal\/#\/schema\/logo\/image\/\"},\"sameAs\":[\"https:\/\/web.facebook.com\/PotenciaRadiofonicaD\"]},{\"@type\":\"Person\",\"@id\":\"https:\/\/potenciaradiofonicadominicana.com\/portal\/#\/schema\/person\/a5cf1fea13877803ee0573ac18b03490\",\"name\":\"Potencia Radiof\u00f3nica Dominicana\",\"image\":{\"@type\":\"ImageObject\",\"inLanguage\":\"es\",\"@id\":\"https:\/\/potenciaradiofonicadominicana.com\/portal\/#\/schema\/person\/image\/\",\"url\":\"https:\/\/secure.gravatar.com\/avatar\/42a55ab9e8ccc656ba34cd791990602a?s=96&d=mm&r=g\",\"contentUrl\":\"https:\/\/secure.gravatar.com\/avatar\/42a55ab9e8ccc656ba34cd791990602a?s=96&d=mm&r=g\",\"caption\":\"Potencia Radiof\u00f3nica Dominicana\"},\"url\":\"https:\/\/potenciaradiofonicadominicana.com\/portal\/author\/johannyalmanzar\/\"}]}<\/script>\n<!-- \/ Yoast SEO plugin. -->","yoast_head_json":{"title":"Arizona alcanza su primera Final Four en 25 a\u00f1os con una victoria de 79-64 sobre Purdue - PotenciaRadiofonicaDominicana.com","robots":{"index":"index","follow":"follow","max-snippet":"max-snippet:-1","max-image-preview":"max-image-preview:large","max-video-preview":"max-video-preview:-1"},"canonical":"https:\/\/potenciaradiofonicadominicana.com\/portal\/arizona-alcanza-su-primera-final-four-en-25-anos-con-una-victoria-de-79-64-sobre-purdue\/","og_locale":"es_ES","og_type":"article","og_title":"Arizona alcanza su primera Final Four en 25 a\u00f1os con una victoria de 79-64 sobre Purdue - PotenciaRadiofonicaDominicana.com","og_description":"Los Golden State Warriors descartar\u00e1n a Stephen Curry para otros dos partidos debido a sus molestias en la rodilla, y ...","og_url":"https:\/\/potenciaradiofonicadominicana.com\/portal\/arizona-alcanza-su-primera-final-four-en-25-anos-con-una-victoria-de-79-64-sobre-purdue\/","og_site_name":"PotenciaRadiofonicaDominicana.com","article_publisher":"https:\/\/web.facebook.com\/PotenciaRadiofonicaD","article_published_time":"2026-03-30T03:28:02+00:00","og_image":[{"width":1486,"height":991,"url":"https:\/\/potenciaradiofonicadominicana.com\/portal\/wp-content\/uploads\/2026\/03\/descarga-1-1.jpg","type":"image\/jpeg"}],"author":"Potencia Radiof\u00f3nica Dominicana","twitter_card":"summary_large_image","twitter_misc":{"Escrito por":"Potencia Radiof\u00f3nica Dominicana","Tiempo de lectura":"2 minutos"},"schema":{"@context":"https:\/\/schema.org","@graph":[{"@type":"Article","@id":"https:\/\/potenciaradiofonicadominicana.com\/portal\/arizona-alcanza-su-primera-final-four-en-25-anos-con-una-victoria-de-79-64-sobre-purdue\/#article","isPartOf":{"@id":"https:\/\/potenciaradiofonicadominicana.com\/portal\/arizona-alcanza-su-primera-final-four-en-25-anos-con-una-victoria-de-79-64-sobre-purdue\/"},"author":{"name":"Potencia Radiof\u00f3nica Dominicana","@id":"https:\/\/potenciaradiofonicadominicana.com\/portal\/#\/schema\/person\/a5cf1fea13877803ee0573ac18b03490"},"headline":"Arizona alcanza su primera Final Four en 25 a\u00f1os con una victoria de 79-64 sobre Purdue","datePublished":"2026-03-30T03:28:02+00:00","mainEntityOfPage":{"@id":"https:\/\/potenciaradiofonicadominicana.com\/portal\/arizona-alcanza-su-primera-final-four-en-25-anos-con-una-victoria-de-79-64-sobre-purdue\/"},"wordCount":197,"publisher":{"@id":"https:\/\/potenciaradiofonicadominicana.com\/portal\/#organization"},"image":{"@id":"https:\/\/potenciaradiofonicadominicana.com\/portal\/arizona-alcanza-su-primera-final-four-en-25-anos-con-una-victoria-de-79-64-sobre-purdue\/#primaryimage"},"thumbnailUrl":"https:\/\/potenciaradiofonicadominicana.com\/portal\/wp-content\/uploads\/2026\/03\/descarga-1-1.jpg","articleSection":["Deportes"],"inLanguage":"es"},{"@type":"WebPage","@id":"https:\/\/potenciaradiofonicadominicana.com\/portal\/arizona-alcanza-su-primera-final-four-en-25-anos-con-una-victoria-de-79-64-sobre-purdue\/","url":"https:\/\/potenciaradiofonicadominicana.com\/portal\/arizona-alcanza-su-primera-final-four-en-25-anos-con-una-victoria-de-79-64-sobre-purdue\/","name":"Arizona alcanza su primera Final Four en 25 a\u00f1os con una victoria de 79-64 sobre Purdue - PotenciaRadiofonicaDominicana.com","isPartOf":{"@id":"https:\/\/potenciaradiofonicadominicana.com\/portal\/#website"},"primaryImageOfPage":{"@id":"https:\/\/potenciaradiofonicadominicana.com\/portal\/arizona-alcanza-su-primera-final-four-en-25-anos-con-una-victoria-de-79-64-sobre-purdue\/#primaryimage"},"image":{"@id":"https:\/\/potenciaradiofonicadominicana.com\/portal\/arizona-alcanza-su-primera-final-four-en-25-anos-con-una-victoria-de-79-64-sobre-purdue\/#primaryimage"},"thumbnailUrl":"https:\/\/potenciaradiofonicadominicana.com\/portal\/wp-content\/uploads\/2026\/03\/descarga-1-1.jpg","datePublished":"2026-03-30T03:28:02+00:00","breadcrumb":{"@id":"https:\/\/potenciaradiofonicadominicana.com\/portal\/arizona-alcanza-su-primera-final-four-en-25-anos-con-una-victoria-de-79-64-sobre-purdue\/#breadcrumb"},"inLanguage":"es","potentialAction":[{"@type":"ReadAction","target":["https:\/\/potenciaradiofonicadominicana.com\/portal\/arizona-alcanza-su-primera-final-four-en-25-anos-con-una-victoria-de-79-64-sobre-purdue\/"]}]},{"@type":"ImageObject","inLanguage":"es","@id":"https:\/\/potenciaradiofonicadominicana.com\/portal\/arizona-alcanza-su-primera-final-four-en-25-anos-con-una-victoria-de-79-64-sobre-purdue\/#primaryimage","url":"https:\/\/potenciaradiofonicadominicana.com\/portal\/wp-content\/uploads\/2026\/03\/descarga-1-1.jpg","contentUrl":"https:\/\/potenciaradiofonicadominicana.com\/portal\/wp-content\/uploads\/2026\/03\/descarga-1-1.jpg","width":1486,"height":991,"caption":"El armador de los Warriors de Golden State, Stephen Curry (30) conduce durante la primera mitad del juego de baloncesto de la NBA ante los Clippers de Los \u00c1ngeles, en San Francisco, el domingo 27 de octubre de 2024. (AP Foto\/Nic Coury)"},{"@type":"BreadcrumbList","@id":"https:\/\/potenciaradiofonicadominicana.com\/portal\/arizona-alcanza-su-primera-final-four-en-25-anos-con-una-victoria-de-79-64-sobre-purdue\/#breadcrumb","itemListElement":[{"@type":"ListItem","position":1,"name":"Portada","item":"https:\/\/potenciaradiofonicadominicana.com\/portal\/"},{"@type":"ListItem","position":2,"name":"Arizona alcanza su primera Final Four en 25 a\u00f1os con una victoria de 79-64 sobre Purdue"}]},{"@type":"WebSite","@id":"https:\/\/potenciaradiofonicadominicana.com\/portal\/#website","url":"https:\/\/potenciaradiofonicadominicana.com\/portal\/","name":"PotenciaRadiofonicaDominicana.com","description":"Peri\u00f3dico Digital","publisher":{"@id":"https:\/\/potenciaradiofonicadominicana.com\/portal\/#organization"},"potentialAction":[{"@type":"SearchAction","target":{"@type":"EntryPoint","urlTemplate":"https:\/\/potenciaradiofonicadominicana.com\/portal\/?s={search_term_string}"},"query-input":{"@type":"PropertyValueSpecification","valueRequired":true,"valueName":"search_term_string"}}],"inLanguage":"es"},{"@type":"Organization","@id":"https:\/\/potenciaradiofonicadominicana.com\/portal\/#organization","name":"PotenciaRadiofonicaDominicana.com","url":"https:\/\/potenciaradiofonicadominicana.com\/portal\/","logo":{"@type":"ImageObject","inLanguage":"es","@id":"https:\/\/potenciaradiofonicadominicana.com\/portal\/#\/schema\/logo\/image\/","url":"https:\/\/potenciaradiofonicadominicana.com\/portal\/wp-content\/uploads\/2022\/01\/descarga.png","contentUrl":"https:\/\/potenciaradiofonicadominicana.com\/portal\/wp-content\/uploads\/2022\/01\/descarga.png","width":300,"height":100,"caption":"PotenciaRadiofonicaDominicana.com"},"image":{"@id":"https:\/\/potenciaradiofonicadominicana.com\/portal\/#\/schema\/logo\/image\/"},"sameAs":["https:\/\/web.facebook.com\/PotenciaRadiofonicaD"]},{"@type":"Person","@id":"https:\/\/potenciaradiofonicadominicana.com\/portal\/#\/schema\/person\/a5cf1fea13877803ee0573ac18b03490","name":"Potencia Radiof\u00f3nica Dominicana","image":{"@type":"ImageObject","inLanguage":"es","@id":"https:\/\/potenciaradiofonicadominicana.com\/portal\/#\/schema\/person\/image\/","url":"https:\/\/secure.gravatar.com\/avatar\/42a55ab9e8ccc656ba34cd791990602a?s=96&d=mm&r=g","contentUrl":"https:\/\/secure.gravatar.com\/avatar\/42a55ab9e8ccc656ba34cd791990602a?s=96&d=mm&r=g","caption":"Potencia Radiof\u00f3nica Dominicana"},"url":"https:\/\/potenciaradiofonicadominicana.com\/portal\/author\/johannyalmanzar\/"}]}},"_links":{"self":[{"href":"https:\/\/potenciaradiofonicadominicana.com\/portal\/wp-json\/wp\/v2\/posts\/213834","targetHints":{"allow":["GET"]}}],"collection":[{"href":"https:\/\/potenciaradiofonicadominicana.com\/portal\/wp-json\/wp\/v2\/posts"}],"about":[{"href":"https:\/\/potenciaradiofonicadominicana.com\/portal\/wp-json\/wp\/v2\/types\/post"}],"author":[{"embeddable":true,"href":"https:\/\/potenciaradiofonicadominicana.com\/portal\/wp-json\/wp\/v2\/users\/2"}],"replies":[{"embeddable":true,"href":"https:\/\/potenciaradiofonicadominicana.com\/portal\/wp-json\/wp\/v2\/comments?post=213834"}],"version-history":[{"count":1,"href":"https:\/\/potenciaradiofonicadominicana.com\/portal\/wp-json\/wp\/v2\/posts\/213834\/revisions"}],"predecessor-version":[{"id":213838,"href":"https:\/\/potenciaradiofonicadominicana.com\/portal\/wp-json\/wp\/v2\/posts\/213834\/revisions\/213838"}],"wp:featuredmedia":[{"embeddable":true,"href":"https:\/\/potenciaradiofonicadominicana.com\/portal\/wp-json\/wp\/v2\/media\/213836"}],"wp:attachment":[{"href":"https:\/\/potenciaradiofonicadominicana.com\/portal\/wp-json\/wp\/v2\/media?parent=213834"}],"wp:term":[{"taxonomy":"category","embeddable":true,"href":"https:\/\/potenciaradiofonicadominicana.com\/portal\/wp-json\/wp\/v2\/categories?post=213834"},{"taxonomy":"post_tag","embeddable":true,"href":"https:\/\/potenciaradiofonicadominicana.com\/portal\/wp-json\/wp\/v2\/tags?post=213834"}],"curies":[{"name":"wp","href":"https:\/\/api.w.org\/{rel}","templated":true}]}}