{"id":213830,"date":"2026-03-29T23:27:25","date_gmt":"2026-03-30T03:27:25","guid":{"rendered":"https:\/\/potenciaradiofonicadominicana.com\/portal\/?p=213830"},"modified":"2026-03-29T23:27:25","modified_gmt":"2026-03-30T03:27:25","slug":"sectores-y-empresas-quedaran-sin-luz-este-sabado-por-trabajos-tecnicos","status":"publish","type":"post","link":"https:\/\/potenciaradiofonicadominicana.com\/portal\/sectores-y-empresas-quedaran-sin-luz-este-sabado-por-trabajos-tecnicos\/","title":{"rendered":"Sectores y empresas quedar\u00e1n sin luz este s\u00e1bado por trabajos t\u00e9cnicos"},"content":{"rendered":"<p><a href=\"https:\/\/potenciaradiofonicadominicana.com\/portal\/wp-content\/uploads\/2026\/03\/cortes-electricos-afectaran-sectores-y-empresas-este-sabado-1e6d3617-focus-min0.06-0.51-896-504.jpg\"><img loading=\"lazy\" decoding=\"async\" class=\"alignnone size-full wp-image-213833\" src=\"https:\/\/potenciaradiofonicadominicana.com\/portal\/wp-content\/uploads\/2026\/03\/cortes-electricos-afectaran-sectores-y-empresas-este-sabado-1e6d3617-focus-min0.06-0.51-896-504.jpg\" alt=\"\" width=\"895\" height=\"504\" srcset=\"https:\/\/potenciaradiofonicadominicana.com\/portal\/wp-content\/uploads\/2026\/03\/cortes-electricos-afectaran-sectores-y-empresas-este-sabado-1e6d3617-focus-min0.06-0.51-896-504.jpg 895w, https:\/\/potenciaradiofonicadominicana.com\/portal\/wp-content\/uploads\/2026\/03\/cortes-electricos-afectaran-sectores-y-empresas-este-sabado-1e6d3617-focus-min0.06-0.51-896-504-300x169.jpg 300w, https:\/\/potenciaradiofonicadominicana.com\/portal\/wp-content\/uploads\/2026\/03\/cortes-electricos-afectaran-sectores-y-empresas-este-sabado-1e6d3617-focus-min0.06-0.51-896-504-768x432.jpg 768w\" sizes=\"auto, (max-width: 895px) 100vw, 895px\" \/><\/a><\/p>\n<p>La Empresa de Transmisi\u00f3n El\u00e9ctrica Dominicana (ETED) inform\u00f3 que este s\u00e1bado 28 de marzo realizar\u00e1 una serie de\u00a0trabajos de mantenimiento\u00a0y aperturas programadas en l\u00edneas de transmisi\u00f3n de 69 kV en distintas zonas del pa\u00eds, lo que provocar\u00e1\u00a0interrupciones temporales\u00a0del servicio el\u00e9ctrico en comunidades y empresas.<\/p>\n<p>Seg\u00fan la entidad, estas labores tienen como objetivo mejorar la calidad,\u00a0estabilidad\u00a0y confiabilidad del\u00a0sistema el\u00e9ctrico\u00a0nacional, as\u00ed como facilitar intervenciones t\u00e9cnicas en subestaciones y estructuras clave.<\/p>\n<p>Zonas afectadas en Santo Domingo Este<\/p>\n<p>Entre las principales intervenciones se encuentra el\u00a0mantenimiento\u00a0en la\u00a0l\u00ednea 69 kV\u00a0Los Mina \u2013 Templastisa, donde se reemplazar\u00e1n estructuras fuera de servicio en horario de 8:00 de la ma\u00f1ana a 11:00 de la ma\u00f1ana.<\/p>\n<p>Durante este per\u00edodo, se ver\u00e1 afectado el suministro en sectores como\u00a0Boreal, Los Tres Brazos, Las Enfermeras, Los Platanitos, Mil Flores, Mirador del Ozama, Santo Tom\u00e1s de Aquino, Riviera del Ozama y San Lorenzo. Asimismo, las empresas\u00a0Templastisa y Megacentro\u00a0experimentar\u00e1n interrupciones.<\/p>\n<p>Trabajos en Haina\u00a0sin impacto residencial<\/p>\n<p>En la\u00a0l\u00ednea 69 kV\u00a0Haina \u2013 Refidomsa\u00a0se ejecutar\u00e1n labores de\u00a0mantenimiento\u00a0preventivo, incluyendo el reemplazo de aisladores y postes, desde las 8:00 de la ma\u00f1ana hasta la 1:00 de la tarde.<\/p>\n<p>Estas acciones\u00a0afectar\u00e1n\u00a0exclusivamente a\u00a0empresas\u00a0como Ojiva, Granitos Bojos, Refidomsa y PIISA, sin interrupciones en comunidades residenciales.<\/p>\n<p>Interrupciones en Espaillat y La Vega<\/p>\n<p>Por otro lado, en la\u00a0l\u00ednea 69 kV\u00a0Canabacoa \u2013 Di\u00e9sel La Vega, se realizar\u00e1 una\u00a0apertura programada\u00a0de 7:00 de la ma\u00f1ana a 1:00 de la tarde, a solicitud de Generadora Palamara \u2013 La Vega, para la instalaci\u00f3n de un banco de bater\u00edas.<\/p>\n<p>Esto impactar\u00e1 el servicio en las comunidades de Moca y\u00a0La Prenda, en la provincia Espaillat, as\u00ed como en la\u00a0Zona Franca Industrial La Vega.<\/p>\n<p>Afectaci\u00f3n puntual a empresas del Distrito Nacional<\/p>\n<p>En la\u00a0l\u00ednea 69 kV\u00a0Metropolitano \u2013 List\u00edn Diario, se ejecutar\u00e1 una apertura de 8:00 a 9:00 de la ma\u00f1ana para facilitar trabajos en la subestaci\u00f3n el\u00e9ctrica Hach\u00e9.<\/p>\n<p>Esta intervenci\u00f3n afectar\u00e1 \u00fanicamente a\u00a0empresas\u00a0como\u00a0Codetel JFK, Banco Popular, List\u00edn Diario y Hach\u00e9, sin impacto en sectores residenciales.<\/p>\n<p>Compromiso con la mejora del sistema<\/p>\n<p>La\u00a0ETED\u00a0destac\u00f3 que estas acciones forman parte de su estrategia para\u00a0fortalecer la infraestructura energ\u00e9tica\u00a0nacional y avanzar hacia una red m\u00e1s moderna, segura y eficiente.<\/p>\n<p>Finalmente, la instituci\u00f3n agradeci\u00f3 la\u00a0comprensi\u00f3n de los ciudadanosy usuarios en las zonas afectadas, reiterando que estos trabajos son esenciales para garantizar un servicio el\u00e9ctrico m\u00e1s confiable en todo el pa\u00eds.<\/p>\n<div id=\"dl_300x250_inread_4\" data-google-query-id=\"CIz-67DWxpMDFS8jTwgd0bsEIg\"><\/div>\n","protected":false},"excerpt":{"rendered":"<p>La Empresa de Transmisi\u00f3n El\u00e9ctrica Dominicana (ETED) inform\u00f3 que este s\u00e1bado 28 de marzo realizar\u00e1 una serie de\u00a0trabajos de mantenimiento\u00a0y &#8230;<\/p>\n","protected":false},"author":2,"featured_media":213833,"comment_status":"closed","ping_status":"closed","sticky":false,"template":"","format":"standard","meta":{"footnotes":""},"categories":[26],"tags":[],"class_list":["post-213830","post","type-post","status-publish","format-standard","has-post-thumbnail","hentry","category-economia"],"yoast_head":"<!-- This site is optimized with the Yoast SEO plugin v24.8.1 - https:\/\/yoast.com\/wordpress\/plugins\/seo\/ -->\n<title>Sectores y empresas quedar\u00e1n sin luz este s\u00e1bado por trabajos t\u00e9cnicos - PotenciaRadiofonicaDominicana.com<\/title>\n<meta name=\"robots\" content=\"index, follow, max-snippet:-1, max-image-preview:large, max-video-preview:-1\" \/>\n<link rel=\"canonical\" href=\"https:\/\/potenciaradiofonicadominicana.com\/portal\/sectores-y-empresas-quedaran-sin-luz-este-sabado-por-trabajos-tecnicos\/\" \/>\n<meta property=\"og:locale\" content=\"es_ES\" \/>\n<meta property=\"og:type\" content=\"article\" \/>\n<meta property=\"og:title\" content=\"Sectores y empresas quedar\u00e1n sin luz este s\u00e1bado por trabajos t\u00e9cnicos - PotenciaRadiofonicaDominicana.com\" \/>\n<meta property=\"og:description\" content=\"La Empresa de Transmisi\u00f3n El\u00e9ctrica Dominicana (ETED) inform\u00f3 que este s\u00e1bado 28 de marzo realizar\u00e1 una serie de\u00a0trabajos de mantenimiento\u00a0y ...\" \/>\n<meta property=\"og:url\" content=\"https:\/\/potenciaradiofonicadominicana.com\/portal\/sectores-y-empresas-quedaran-sin-luz-este-sabado-por-trabajos-tecnicos\/\" \/>\n<meta property=\"og:site_name\" content=\"PotenciaRadiofonicaDominicana.com\" \/>\n<meta property=\"article:publisher\" content=\"https:\/\/web.facebook.com\/PotenciaRadiofonicaD\" \/>\n<meta property=\"article:published_time\" content=\"2026-03-30T03:27:25+00:00\" \/>\n<meta property=\"og:image\" content=\"https:\/\/potenciaradiofonicadominicana.com\/portal\/wp-content\/uploads\/2026\/03\/cortes-electricos-afectaran-sectores-y-empresas-este-sabado-1e6d3617-focus-min0.06-0.51-896-504.jpg\" \/>\n\t<meta property=\"og:image:width\" content=\"895\" \/>\n\t<meta property=\"og:image:height\" content=\"504\" \/>\n\t<meta property=\"og:image:type\" content=\"image\/jpeg\" \/>\n<meta name=\"author\" content=\"Potencia Radiof\u00f3nica Dominicana\" \/>\n<meta name=\"twitter:card\" content=\"summary_large_image\" \/>\n<meta name=\"twitter:label1\" content=\"Escrito por\" \/>\n\t<meta name=\"twitter:data1\" content=\"Potencia Radiof\u00f3nica Dominicana\" \/>\n\t<meta name=\"twitter:label2\" content=\"Tiempo de lectura\" \/>\n\t<meta name=\"twitter:data2\" content=\"3 minutos\" \/>\n<script type=\"application\/ld+json\" class=\"yoast-schema-graph\">{\"@context\":\"https:\/\/schema.org\",\"@graph\":[{\"@type\":\"Article\",\"@id\":\"https:\/\/potenciaradiofonicadominicana.com\/portal\/sectores-y-empresas-quedaran-sin-luz-este-sabado-por-trabajos-tecnicos\/#article\",\"isPartOf\":{\"@id\":\"https:\/\/potenciaradiofonicadominicana.com\/portal\/sectores-y-empresas-quedaran-sin-luz-este-sabado-por-trabajos-tecnicos\/\"},\"author\":{\"name\":\"Potencia Radiof\u00f3nica Dominicana\",\"@id\":\"https:\/\/potenciaradiofonicadominicana.com\/portal\/#\/schema\/person\/a5cf1fea13877803ee0573ac18b03490\"},\"headline\":\"Sectores y empresas quedar\u00e1n sin luz este s\u00e1bado por trabajos t\u00e9cnicos\",\"datePublished\":\"2026-03-30T03:27:25+00:00\",\"mainEntityOfPage\":{\"@id\":\"https:\/\/potenciaradiofonicadominicana.com\/portal\/sectores-y-empresas-quedaran-sin-luz-este-sabado-por-trabajos-tecnicos\/\"},\"wordCount\":447,\"publisher\":{\"@id\":\"https:\/\/potenciaradiofonicadominicana.com\/portal\/#organization\"},\"image\":{\"@id\":\"https:\/\/potenciaradiofonicadominicana.com\/portal\/sectores-y-empresas-quedaran-sin-luz-este-sabado-por-trabajos-tecnicos\/#primaryimage\"},\"thumbnailUrl\":\"https:\/\/potenciaradiofonicadominicana.com\/portal\/wp-content\/uploads\/2026\/03\/cortes-electricos-afectaran-sectores-y-empresas-este-sabado-1e6d3617-focus-min0.06-0.51-896-504.jpg\",\"articleSection\":[\"Econom\u00eda\"],\"inLanguage\":\"es\"},{\"@type\":\"WebPage\",\"@id\":\"https:\/\/potenciaradiofonicadominicana.com\/portal\/sectores-y-empresas-quedaran-sin-luz-este-sabado-por-trabajos-tecnicos\/\",\"url\":\"https:\/\/potenciaradiofonicadominicana.com\/portal\/sectores-y-empresas-quedaran-sin-luz-este-sabado-por-trabajos-tecnicos\/\",\"name\":\"Sectores y empresas quedar\u00e1n sin luz este s\u00e1bado por trabajos t\u00e9cnicos - PotenciaRadiofonicaDominicana.com\",\"isPartOf\":{\"@id\":\"https:\/\/potenciaradiofonicadominicana.com\/portal\/#website\"},\"primaryImageOfPage\":{\"@id\":\"https:\/\/potenciaradiofonicadominicana.com\/portal\/sectores-y-empresas-quedaran-sin-luz-este-sabado-por-trabajos-tecnicos\/#primaryimage\"},\"image\":{\"@id\":\"https:\/\/potenciaradiofonicadominicana.com\/portal\/sectores-y-empresas-quedaran-sin-luz-este-sabado-por-trabajos-tecnicos\/#primaryimage\"},\"thumbnailUrl\":\"https:\/\/potenciaradiofonicadominicana.com\/portal\/wp-content\/uploads\/2026\/03\/cortes-electricos-afectaran-sectores-y-empresas-este-sabado-1e6d3617-focus-min0.06-0.51-896-504.jpg\",\"datePublished\":\"2026-03-30T03:27:25+00:00\",\"breadcrumb\":{\"@id\":\"https:\/\/potenciaradiofonicadominicana.com\/portal\/sectores-y-empresas-quedaran-sin-luz-este-sabado-por-trabajos-tecnicos\/#breadcrumb\"},\"inLanguage\":\"es\",\"potentialAction\":[{\"@type\":\"ReadAction\",\"target\":[\"https:\/\/potenciaradiofonicadominicana.com\/portal\/sectores-y-empresas-quedaran-sin-luz-este-sabado-por-trabajos-tecnicos\/\"]}]},{\"@type\":\"ImageObject\",\"inLanguage\":\"es\",\"@id\":\"https:\/\/potenciaradiofonicadominicana.com\/portal\/sectores-y-empresas-quedaran-sin-luz-este-sabado-por-trabajos-tecnicos\/#primaryimage\",\"url\":\"https:\/\/potenciaradiofonicadominicana.com\/portal\/wp-content\/uploads\/2026\/03\/cortes-electricos-afectaran-sectores-y-empresas-este-sabado-1e6d3617-focus-min0.06-0.51-896-504.jpg\",\"contentUrl\":\"https:\/\/potenciaradiofonicadominicana.com\/portal\/wp-content\/uploads\/2026\/03\/cortes-electricos-afectaran-sectores-y-empresas-este-sabado-1e6d3617-focus-min0.06-0.51-896-504.jpg\",\"width\":895,\"height\":504},{\"@type\":\"BreadcrumbList\",\"@id\":\"https:\/\/potenciaradiofonicadominicana.com\/portal\/sectores-y-empresas-quedaran-sin-luz-este-sabado-por-trabajos-tecnicos\/#breadcrumb\",\"itemListElement\":[{\"@type\":\"ListItem\",\"position\":1,\"name\":\"Portada\",\"item\":\"https:\/\/potenciaradiofonicadominicana.com\/portal\/\"},{\"@type\":\"ListItem\",\"position\":2,\"name\":\"Sectores y empresas quedar\u00e1n sin luz este s\u00e1bado por trabajos t\u00e9cnicos\"}]},{\"@type\":\"WebSite\",\"@id\":\"https:\/\/potenciaradiofonicadominicana.com\/portal\/#website\",\"url\":\"https:\/\/potenciaradiofonicadominicana.com\/portal\/\",\"name\":\"PotenciaRadiofonicaDominicana.com\",\"description\":\"Peri\u00f3dico Digital\",\"publisher\":{\"@id\":\"https:\/\/potenciaradiofonicadominicana.com\/portal\/#organization\"},\"potentialAction\":[{\"@type\":\"SearchAction\",\"target\":{\"@type\":\"EntryPoint\",\"urlTemplate\":\"https:\/\/potenciaradiofonicadominicana.com\/portal\/?s={search_term_string}\"},\"query-input\":{\"@type\":\"PropertyValueSpecification\",\"valueRequired\":true,\"valueName\":\"search_term_string\"}}],\"inLanguage\":\"es\"},{\"@type\":\"Organization\",\"@id\":\"https:\/\/potenciaradiofonicadominicana.com\/portal\/#organization\",\"name\":\"PotenciaRadiofonicaDominicana.com\",\"url\":\"https:\/\/potenciaradiofonicadominicana.com\/portal\/\",\"logo\":{\"@type\":\"ImageObject\",\"inLanguage\":\"es\",\"@id\":\"https:\/\/potenciaradiofonicadominicana.com\/portal\/#\/schema\/logo\/image\/\",\"url\":\"https:\/\/potenciaradiofonicadominicana.com\/portal\/wp-content\/uploads\/2022\/01\/descarga.png\",\"contentUrl\":\"https:\/\/potenciaradiofonicadominicana.com\/portal\/wp-content\/uploads\/2022\/01\/descarga.png\",\"width\":300,\"height\":100,\"caption\":\"PotenciaRadiofonicaDominicana.com\"},\"image\":{\"@id\":\"https:\/\/potenciaradiofonicadominicana.com\/portal\/#\/schema\/logo\/image\/\"},\"sameAs\":[\"https:\/\/web.facebook.com\/PotenciaRadiofonicaD\"]},{\"@type\":\"Person\",\"@id\":\"https:\/\/potenciaradiofonicadominicana.com\/portal\/#\/schema\/person\/a5cf1fea13877803ee0573ac18b03490\",\"name\":\"Potencia Radiof\u00f3nica Dominicana\",\"image\":{\"@type\":\"ImageObject\",\"inLanguage\":\"es\",\"@id\":\"https:\/\/potenciaradiofonicadominicana.com\/portal\/#\/schema\/person\/image\/\",\"url\":\"https:\/\/secure.gravatar.com\/avatar\/42a55ab9e8ccc656ba34cd791990602a?s=96&d=mm&r=g\",\"contentUrl\":\"https:\/\/secure.gravatar.com\/avatar\/42a55ab9e8ccc656ba34cd791990602a?s=96&d=mm&r=g\",\"caption\":\"Potencia Radiof\u00f3nica Dominicana\"},\"url\":\"https:\/\/potenciaradiofonicadominicana.com\/portal\/author\/johannyalmanzar\/\"}]}<\/script>\n<!-- \/ Yoast SEO plugin. -->","yoast_head_json":{"title":"Sectores y empresas quedar\u00e1n sin luz este s\u00e1bado por trabajos t\u00e9cnicos - PotenciaRadiofonicaDominicana.com","robots":{"index":"index","follow":"follow","max-snippet":"max-snippet:-1","max-image-preview":"max-image-preview:large","max-video-preview":"max-video-preview:-1"},"canonical":"https:\/\/potenciaradiofonicadominicana.com\/portal\/sectores-y-empresas-quedaran-sin-luz-este-sabado-por-trabajos-tecnicos\/","og_locale":"es_ES","og_type":"article","og_title":"Sectores y empresas quedar\u00e1n sin luz este s\u00e1bado por trabajos t\u00e9cnicos - PotenciaRadiofonicaDominicana.com","og_description":"La Empresa de Transmisi\u00f3n El\u00e9ctrica Dominicana (ETED) inform\u00f3 que este s\u00e1bado 28 de marzo realizar\u00e1 una serie de\u00a0trabajos de mantenimiento\u00a0y ...","og_url":"https:\/\/potenciaradiofonicadominicana.com\/portal\/sectores-y-empresas-quedaran-sin-luz-este-sabado-por-trabajos-tecnicos\/","og_site_name":"PotenciaRadiofonicaDominicana.com","article_publisher":"https:\/\/web.facebook.com\/PotenciaRadiofonicaD","article_published_time":"2026-03-30T03:27:25+00:00","og_image":[{"width":895,"height":504,"url":"https:\/\/potenciaradiofonicadominicana.com\/portal\/wp-content\/uploads\/2026\/03\/cortes-electricos-afectaran-sectores-y-empresas-este-sabado-1e6d3617-focus-min0.06-0.51-896-504.jpg","type":"image\/jpeg"}],"author":"Potencia Radiof\u00f3nica Dominicana","twitter_card":"summary_large_image","twitter_misc":{"Escrito por":"Potencia Radiof\u00f3nica Dominicana","Tiempo de lectura":"3 minutos"},"schema":{"@context":"https:\/\/schema.org","@graph":[{"@type":"Article","@id":"https:\/\/potenciaradiofonicadominicana.com\/portal\/sectores-y-empresas-quedaran-sin-luz-este-sabado-por-trabajos-tecnicos\/#article","isPartOf":{"@id":"https:\/\/potenciaradiofonicadominicana.com\/portal\/sectores-y-empresas-quedaran-sin-luz-este-sabado-por-trabajos-tecnicos\/"},"author":{"name":"Potencia Radiof\u00f3nica Dominicana","@id":"https:\/\/potenciaradiofonicadominicana.com\/portal\/#\/schema\/person\/a5cf1fea13877803ee0573ac18b03490"},"headline":"Sectores y empresas quedar\u00e1n sin luz este s\u00e1bado por trabajos t\u00e9cnicos","datePublished":"2026-03-30T03:27:25+00:00","mainEntityOfPage":{"@id":"https:\/\/potenciaradiofonicadominicana.com\/portal\/sectores-y-empresas-quedaran-sin-luz-este-sabado-por-trabajos-tecnicos\/"},"wordCount":447,"publisher":{"@id":"https:\/\/potenciaradiofonicadominicana.com\/portal\/#organization"},"image":{"@id":"https:\/\/potenciaradiofonicadominicana.com\/portal\/sectores-y-empresas-quedaran-sin-luz-este-sabado-por-trabajos-tecnicos\/#primaryimage"},"thumbnailUrl":"https:\/\/potenciaradiofonicadominicana.com\/portal\/wp-content\/uploads\/2026\/03\/cortes-electricos-afectaran-sectores-y-empresas-este-sabado-1e6d3617-focus-min0.06-0.51-896-504.jpg","articleSection":["Econom\u00eda"],"inLanguage":"es"},{"@type":"WebPage","@id":"https:\/\/potenciaradiofonicadominicana.com\/portal\/sectores-y-empresas-quedaran-sin-luz-este-sabado-por-trabajos-tecnicos\/","url":"https:\/\/potenciaradiofonicadominicana.com\/portal\/sectores-y-empresas-quedaran-sin-luz-este-sabado-por-trabajos-tecnicos\/","name":"Sectores y empresas quedar\u00e1n sin luz este s\u00e1bado por trabajos t\u00e9cnicos - PotenciaRadiofonicaDominicana.com","isPartOf":{"@id":"https:\/\/potenciaradiofonicadominicana.com\/portal\/#website"},"primaryImageOfPage":{"@id":"https:\/\/potenciaradiofonicadominicana.com\/portal\/sectores-y-empresas-quedaran-sin-luz-este-sabado-por-trabajos-tecnicos\/#primaryimage"},"image":{"@id":"https:\/\/potenciaradiofonicadominicana.com\/portal\/sectores-y-empresas-quedaran-sin-luz-este-sabado-por-trabajos-tecnicos\/#primaryimage"},"thumbnailUrl":"https:\/\/potenciaradiofonicadominicana.com\/portal\/wp-content\/uploads\/2026\/03\/cortes-electricos-afectaran-sectores-y-empresas-este-sabado-1e6d3617-focus-min0.06-0.51-896-504.jpg","datePublished":"2026-03-30T03:27:25+00:00","breadcrumb":{"@id":"https:\/\/potenciaradiofonicadominicana.com\/portal\/sectores-y-empresas-quedaran-sin-luz-este-sabado-por-trabajos-tecnicos\/#breadcrumb"},"inLanguage":"es","potentialAction":[{"@type":"ReadAction","target":["https:\/\/potenciaradiofonicadominicana.com\/portal\/sectores-y-empresas-quedaran-sin-luz-este-sabado-por-trabajos-tecnicos\/"]}]},{"@type":"ImageObject","inLanguage":"es","@id":"https:\/\/potenciaradiofonicadominicana.com\/portal\/sectores-y-empresas-quedaran-sin-luz-este-sabado-por-trabajos-tecnicos\/#primaryimage","url":"https:\/\/potenciaradiofonicadominicana.com\/portal\/wp-content\/uploads\/2026\/03\/cortes-electricos-afectaran-sectores-y-empresas-este-sabado-1e6d3617-focus-min0.06-0.51-896-504.jpg","contentUrl":"https:\/\/potenciaradiofonicadominicana.com\/portal\/wp-content\/uploads\/2026\/03\/cortes-electricos-afectaran-sectores-y-empresas-este-sabado-1e6d3617-focus-min0.06-0.51-896-504.jpg","width":895,"height":504},{"@type":"BreadcrumbList","@id":"https:\/\/potenciaradiofonicadominicana.com\/portal\/sectores-y-empresas-quedaran-sin-luz-este-sabado-por-trabajos-tecnicos\/#breadcrumb","itemListElement":[{"@type":"ListItem","position":1,"name":"Portada","item":"https:\/\/potenciaradiofonicadominicana.com\/portal\/"},{"@type":"ListItem","position":2,"name":"Sectores y empresas quedar\u00e1n sin luz este s\u00e1bado por trabajos t\u00e9cnicos"}]},{"@type":"WebSite","@id":"https:\/\/potenciaradiofonicadominicana.com\/portal\/#website","url":"https:\/\/potenciaradiofonicadominicana.com\/portal\/","name":"PotenciaRadiofonicaDominicana.com","description":"Peri\u00f3dico Digital","publisher":{"@id":"https:\/\/potenciaradiofonicadominicana.com\/portal\/#organization"},"potentialAction":[{"@type":"SearchAction","target":{"@type":"EntryPoint","urlTemplate":"https:\/\/potenciaradiofonicadominicana.com\/portal\/?s={search_term_string}"},"query-input":{"@type":"PropertyValueSpecification","valueRequired":true,"valueName":"search_term_string"}}],"inLanguage":"es"},{"@type":"Organization","@id":"https:\/\/potenciaradiofonicadominicana.com\/portal\/#organization","name":"PotenciaRadiofonicaDominicana.com","url":"https:\/\/potenciaradiofonicadominicana.com\/portal\/","logo":{"@type":"ImageObject","inLanguage":"es","@id":"https:\/\/potenciaradiofonicadominicana.com\/portal\/#\/schema\/logo\/image\/","url":"https:\/\/potenciaradiofonicadominicana.com\/portal\/wp-content\/uploads\/2022\/01\/descarga.png","contentUrl":"https:\/\/potenciaradiofonicadominicana.com\/portal\/wp-content\/uploads\/2022\/01\/descarga.png","width":300,"height":100,"caption":"PotenciaRadiofonicaDominicana.com"},"image":{"@id":"https:\/\/potenciaradiofonicadominicana.com\/portal\/#\/schema\/logo\/image\/"},"sameAs":["https:\/\/web.facebook.com\/PotenciaRadiofonicaD"]},{"@type":"Person","@id":"https:\/\/potenciaradiofonicadominicana.com\/portal\/#\/schema\/person\/a5cf1fea13877803ee0573ac18b03490","name":"Potencia Radiof\u00f3nica Dominicana","image":{"@type":"ImageObject","inLanguage":"es","@id":"https:\/\/potenciaradiofonicadominicana.com\/portal\/#\/schema\/person\/image\/","url":"https:\/\/secure.gravatar.com\/avatar\/42a55ab9e8ccc656ba34cd791990602a?s=96&d=mm&r=g","contentUrl":"https:\/\/secure.gravatar.com\/avatar\/42a55ab9e8ccc656ba34cd791990602a?s=96&d=mm&r=g","caption":"Potencia Radiof\u00f3nica Dominicana"},"url":"https:\/\/potenciaradiofonicadominicana.com\/portal\/author\/johannyalmanzar\/"}]}},"_links":{"self":[{"href":"https:\/\/potenciaradiofonicadominicana.com\/portal\/wp-json\/wp\/v2\/posts\/213830","targetHints":{"allow":["GET"]}}],"collection":[{"href":"https:\/\/potenciaradiofonicadominicana.com\/portal\/wp-json\/wp\/v2\/posts"}],"about":[{"href":"https:\/\/potenciaradiofonicadominicana.com\/portal\/wp-json\/wp\/v2\/types\/post"}],"author":[{"embeddable":true,"href":"https:\/\/potenciaradiofonicadominicana.com\/portal\/wp-json\/wp\/v2\/users\/2"}],"replies":[{"embeddable":true,"href":"https:\/\/potenciaradiofonicadominicana.com\/portal\/wp-json\/wp\/v2\/comments?post=213830"}],"version-history":[{"count":1,"href":"https:\/\/potenciaradiofonicadominicana.com\/portal\/wp-json\/wp\/v2\/posts\/213830\/revisions"}],"predecessor-version":[{"id":213835,"href":"https:\/\/potenciaradiofonicadominicana.com\/portal\/wp-json\/wp\/v2\/posts\/213830\/revisions\/213835"}],"wp:featuredmedia":[{"embeddable":true,"href":"https:\/\/potenciaradiofonicadominicana.com\/portal\/wp-json\/wp\/v2\/media\/213833"}],"wp:attachment":[{"href":"https:\/\/potenciaradiofonicadominicana.com\/portal\/wp-json\/wp\/v2\/media?parent=213830"}],"wp:term":[{"taxonomy":"category","embeddable":true,"href":"https:\/\/potenciaradiofonicadominicana.com\/portal\/wp-json\/wp\/v2\/categories?post=213830"},{"taxonomy":"post_tag","embeddable":true,"href":"https:\/\/potenciaradiofonicadominicana.com\/portal\/wp-json\/wp\/v2\/tags?post=213830"}],"curies":[{"name":"wp","href":"https:\/\/api.w.org\/{rel}","templated":true}]}}