{"id":213827,"date":"2026-03-29T23:25:47","date_gmt":"2026-03-30T03:25:47","guid":{"rendered":"https:\/\/potenciaradiofonicadominicana.com\/portal\/?p=213827"},"modified":"2026-03-29T23:25:47","modified_gmt":"2026-03-30T03:25:47","slug":"marileidy-y-ogando-ganan-oro-en-6to-invitacional-isaac-ogando","status":"publish","type":"post","link":"https:\/\/potenciaradiofonicadominicana.com\/portal\/marileidy-y-ogando-ganan-oro-en-6to-invitacional-isaac-ogando\/","title":{"rendered":"Marileidy y Ogando ganan oro en 6to Invitacional Isaac Ogando"},"content":{"rendered":"<p><a href=\"https:\/\/potenciaradiofonicadominicana.com\/portal\/wp-content\/uploads\/2026\/03\/i.jpg\"><img loading=\"lazy\" decoding=\"async\" class=\"alignnone size-full wp-image-213829\" src=\"https:\/\/potenciaradiofonicadominicana.com\/portal\/wp-content\/uploads\/2026\/03\/i.jpg\" alt=\"\" width=\"1296\" height=\"729\" srcset=\"https:\/\/potenciaradiofonicadominicana.com\/portal\/wp-content\/uploads\/2026\/03\/i.jpg 1296w, https:\/\/potenciaradiofonicadominicana.com\/portal\/wp-content\/uploads\/2026\/03\/i-300x169.jpg 300w, https:\/\/potenciaradiofonicadominicana.com\/portal\/wp-content\/uploads\/2026\/03\/i-1024x576.jpg 1024w, https:\/\/potenciaradiofonicadominicana.com\/portal\/wp-content\/uploads\/2026\/03\/i-768x432.jpg 768w\" sizes=\"auto, (max-width: 1296px) 100vw, 1296px\" \/><\/a><\/p>\n<p>Los medallistas ol\u00edmpicos Marileidy Paulino y Alexander Ogando conquistaron oro en el 6to Invitacional Isaac Ogando 2026 que se celebr\u00f3 con rotundo \u00e9xito aqu\u00ed, mientras que Isaias Blese, quebr\u00f3 una marca que ten\u00eda 42 a\u00f1os establecida en los 110 metros con vallas, en el certamen donde la calidad estuvo en su punto m\u00e1s alto.<\/p>\n<p>La informaci\u00f3n la dio a conocer el presidente de la Federaci\u00f3n Dominicana de Atletismo, ingeniero Alexis Pegiuero.<\/p>\n<p>Afirm\u00f3 que se realiz\u00f3 un reconocimiento a las atletas Marileidy Paulino y Liranyi Alonzo y a la t\u00e9cnica de la Federaci\u00f3n de Atletismo, Belkys Ma\u00f1on, por motivo de la celebraci\u00f3n del D\u00eda de la Mujer. Estuvo presente Candida Asencio de la familia del atletismo. El evento cont\u00f3 con el auspicio de World Athletic, MIDEREC, Adidas, COD, Creso, INEFI<\/p>\n<p>Dijo que las bases de entrenamientos en el exterior y las pr\u00e1cticas en Santiago, Bayaguana y La Romana han encarecido en m\u00e1s de un 60 por ciento el presupuesto de preparaci\u00f3n para los Juegos, ya que se est\u00e1 trabajando en la terminaci\u00f3n de las dos pistas del Centro Ol\u00edmpico.<\/p>\n<p>Manifest\u00f3 que ese evento fue de gran apoyo, por la gran cantidad de competidores de alto nivel, para que la Federaci\u00f3n de Atletismo identificara los atletas que estar\u00e1n en la Selecci\u00f3n Nacional en los venideros Juegos Centroamericanos y del Caribe Santo Domingo 2026<\/p>\n<p>Otros ganadores por categor\u00edas<\/p>\n<p>En los 110 metros con vallas, el nativo de La Romana, Isaias Blese quebr\u00f3 la marca que ten\u00eda 42 que hab\u00eda impuesto Modesto Castillo, al cruzar la meta en 13:48. El r\u00e9cord era de 13:61 que fue logrado en una competencia en Puerto Rico en 1984.<\/p>\n<p>En Salto Alto, Evelina Minaya, de Puerto Plata, obtuvo el oro con salto de 6:55, Kel Polanco de San Pedro de Macor\u00eds lleg\u00f3 en segundo con 5:09 y su compa\u00f1era de provincia, Flor Alvarez arrib\u00f3 en tercero con 5:88.<\/p>\n<p>En los 100 metros varonil, Franquelo P\u00e9rez, de Independencia obtuvo el oro con 10:32, la plata para Melbin Marcedlino de Santiago con 10:32 y el bronce correspondi\u00f3 para Jos\u00e9 Gonz\u00e1lez de Peravia con 11:23.<\/p>\n<p>En los 200 metros, Jos\u00e9 Gonz\u00e1lez de Peravia se alz\u00f3 con el oro con tiempo de 20:41, en segundo lleg\u00f3 Melbin Marcelino de Santiago con 20_45 y el bronce para Yohandry And\u00fajar de SPM con 20:66.<\/p>\n<p>En los 400 metros femenino, Roxana G\u00f3mez, de Cuba, logr\u00f3 el oro con 5=.74, Estrella D\u2019Aza de La Romana se gan\u00f3 la plata con tiempo de 51:67 y el bronce para Fiordaliza Cofil de la Romana con 52:47.<\/p>\n<p>En los 400 metros con vallas, Ander Cueto de San Francisco de Macor\u00eds gan\u00f3 el oro con tiempo de 51.08, seguido de Jorge Acevedo de La Vega con 51:21 y el bronce para Yohan Cheverra de Colombia con 51.88.<\/p>\n","protected":false},"excerpt":{"rendered":"<p>Los medallistas ol\u00edmpicos Marileidy Paulino y Alexander Ogando conquistaron oro en el 6to Invitacional Isaac Ogando 2026 que se celebr\u00f3 &#8230;<\/p>\n","protected":false},"author":2,"featured_media":213829,"comment_status":"closed","ping_status":"closed","sticky":false,"template":"","format":"standard","meta":{"footnotes":""},"categories":[28],"tags":[],"class_list":["post-213827","post","type-post","status-publish","format-standard","has-post-thumbnail","hentry","category-deportes"],"yoast_head":"<!-- This site is optimized with the Yoast SEO plugin v24.8.1 - https:\/\/yoast.com\/wordpress\/plugins\/seo\/ -->\n<title>Marileidy y Ogando ganan oro en 6to Invitacional Isaac Ogando - PotenciaRadiofonicaDominicana.com<\/title>\n<meta name=\"robots\" content=\"index, follow, max-snippet:-1, max-image-preview:large, max-video-preview:-1\" \/>\n<link rel=\"canonical\" href=\"https:\/\/potenciaradiofonicadominicana.com\/portal\/marileidy-y-ogando-ganan-oro-en-6to-invitacional-isaac-ogando\/\" \/>\n<meta property=\"og:locale\" content=\"es_ES\" \/>\n<meta property=\"og:type\" content=\"article\" \/>\n<meta property=\"og:title\" content=\"Marileidy y Ogando ganan oro en 6to Invitacional Isaac Ogando - PotenciaRadiofonicaDominicana.com\" \/>\n<meta property=\"og:description\" content=\"Los medallistas ol\u00edmpicos Marileidy Paulino y Alexander Ogando conquistaron oro en el 6to Invitacional Isaac Ogando 2026 que se celebr\u00f3 ...\" \/>\n<meta property=\"og:url\" content=\"https:\/\/potenciaradiofonicadominicana.com\/portal\/marileidy-y-ogando-ganan-oro-en-6to-invitacional-isaac-ogando\/\" \/>\n<meta property=\"og:site_name\" content=\"PotenciaRadiofonicaDominicana.com\" \/>\n<meta property=\"article:publisher\" content=\"https:\/\/web.facebook.com\/PotenciaRadiofonicaD\" \/>\n<meta property=\"article:published_time\" content=\"2026-03-30T03:25:47+00:00\" \/>\n<meta property=\"og:image\" content=\"https:\/\/potenciaradiofonicadominicana.com\/portal\/wp-content\/uploads\/2026\/03\/i.jpg\" \/>\n\t<meta property=\"og:image:width\" content=\"1296\" \/>\n\t<meta property=\"og:image:height\" content=\"729\" \/>\n\t<meta property=\"og:image:type\" content=\"image\/jpeg\" \/>\n<meta name=\"author\" content=\"Potencia Radiof\u00f3nica Dominicana\" \/>\n<meta name=\"twitter:card\" content=\"summary_large_image\" \/>\n<meta name=\"twitter:label1\" content=\"Escrito por\" \/>\n\t<meta name=\"twitter:data1\" content=\"Potencia Radiof\u00f3nica Dominicana\" \/>\n\t<meta name=\"twitter:label2\" content=\"Tiempo de lectura\" \/>\n\t<meta name=\"twitter:data2\" content=\"3 minutos\" \/>\n<script type=\"application\/ld+json\" class=\"yoast-schema-graph\">{\"@context\":\"https:\/\/schema.org\",\"@graph\":[{\"@type\":\"Article\",\"@id\":\"https:\/\/potenciaradiofonicadominicana.com\/portal\/marileidy-y-ogando-ganan-oro-en-6to-invitacional-isaac-ogando\/#article\",\"isPartOf\":{\"@id\":\"https:\/\/potenciaradiofonicadominicana.com\/portal\/marileidy-y-ogando-ganan-oro-en-6to-invitacional-isaac-ogando\/\"},\"author\":{\"name\":\"Potencia Radiof\u00f3nica Dominicana\",\"@id\":\"https:\/\/potenciaradiofonicadominicana.com\/portal\/#\/schema\/person\/a5cf1fea13877803ee0573ac18b03490\"},\"headline\":\"Marileidy y Ogando ganan oro en 6to Invitacional Isaac Ogando\",\"datePublished\":\"2026-03-30T03:25:47+00:00\",\"mainEntityOfPage\":{\"@id\":\"https:\/\/potenciaradiofonicadominicana.com\/portal\/marileidy-y-ogando-ganan-oro-en-6to-invitacional-isaac-ogando\/\"},\"wordCount\":470,\"publisher\":{\"@id\":\"https:\/\/potenciaradiofonicadominicana.com\/portal\/#organization\"},\"image\":{\"@id\":\"https:\/\/potenciaradiofonicadominicana.com\/portal\/marileidy-y-ogando-ganan-oro-en-6to-invitacional-isaac-ogando\/#primaryimage\"},\"thumbnailUrl\":\"https:\/\/potenciaradiofonicadominicana.com\/portal\/wp-content\/uploads\/2026\/03\/i.jpg\",\"articleSection\":[\"Deportes\"],\"inLanguage\":\"es\"},{\"@type\":\"WebPage\",\"@id\":\"https:\/\/potenciaradiofonicadominicana.com\/portal\/marileidy-y-ogando-ganan-oro-en-6to-invitacional-isaac-ogando\/\",\"url\":\"https:\/\/potenciaradiofonicadominicana.com\/portal\/marileidy-y-ogando-ganan-oro-en-6to-invitacional-isaac-ogando\/\",\"name\":\"Marileidy y Ogando ganan oro en 6to Invitacional Isaac Ogando - PotenciaRadiofonicaDominicana.com\",\"isPartOf\":{\"@id\":\"https:\/\/potenciaradiofonicadominicana.com\/portal\/#website\"},\"primaryImageOfPage\":{\"@id\":\"https:\/\/potenciaradiofonicadominicana.com\/portal\/marileidy-y-ogando-ganan-oro-en-6to-invitacional-isaac-ogando\/#primaryimage\"},\"image\":{\"@id\":\"https:\/\/potenciaradiofonicadominicana.com\/portal\/marileidy-y-ogando-ganan-oro-en-6to-invitacional-isaac-ogando\/#primaryimage\"},\"thumbnailUrl\":\"https:\/\/potenciaradiofonicadominicana.com\/portal\/wp-content\/uploads\/2026\/03\/i.jpg\",\"datePublished\":\"2026-03-30T03:25:47+00:00\",\"breadcrumb\":{\"@id\":\"https:\/\/potenciaradiofonicadominicana.com\/portal\/marileidy-y-ogando-ganan-oro-en-6to-invitacional-isaac-ogando\/#breadcrumb\"},\"inLanguage\":\"es\",\"potentialAction\":[{\"@type\":\"ReadAction\",\"target\":[\"https:\/\/potenciaradiofonicadominicana.com\/portal\/marileidy-y-ogando-ganan-oro-en-6to-invitacional-isaac-ogando\/\"]}]},{\"@type\":\"ImageObject\",\"inLanguage\":\"es\",\"@id\":\"https:\/\/potenciaradiofonicadominicana.com\/portal\/marileidy-y-ogando-ganan-oro-en-6to-invitacional-isaac-ogando\/#primaryimage\",\"url\":\"https:\/\/potenciaradiofonicadominicana.com\/portal\/wp-content\/uploads\/2026\/03\/i.jpg\",\"contentUrl\":\"https:\/\/potenciaradiofonicadominicana.com\/portal\/wp-content\/uploads\/2026\/03\/i.jpg\",\"width\":1296,\"height\":729},{\"@type\":\"BreadcrumbList\",\"@id\":\"https:\/\/potenciaradiofonicadominicana.com\/portal\/marileidy-y-ogando-ganan-oro-en-6to-invitacional-isaac-ogando\/#breadcrumb\",\"itemListElement\":[{\"@type\":\"ListItem\",\"position\":1,\"name\":\"Portada\",\"item\":\"https:\/\/potenciaradiofonicadominicana.com\/portal\/\"},{\"@type\":\"ListItem\",\"position\":2,\"name\":\"Marileidy y Ogando ganan oro en 6to Invitacional Isaac Ogando\"}]},{\"@type\":\"WebSite\",\"@id\":\"https:\/\/potenciaradiofonicadominicana.com\/portal\/#website\",\"url\":\"https:\/\/potenciaradiofonicadominicana.com\/portal\/\",\"name\":\"PotenciaRadiofonicaDominicana.com\",\"description\":\"Peri\u00f3dico Digital\",\"publisher\":{\"@id\":\"https:\/\/potenciaradiofonicadominicana.com\/portal\/#organization\"},\"potentialAction\":[{\"@type\":\"SearchAction\",\"target\":{\"@type\":\"EntryPoint\",\"urlTemplate\":\"https:\/\/potenciaradiofonicadominicana.com\/portal\/?s={search_term_string}\"},\"query-input\":{\"@type\":\"PropertyValueSpecification\",\"valueRequired\":true,\"valueName\":\"search_term_string\"}}],\"inLanguage\":\"es\"},{\"@type\":\"Organization\",\"@id\":\"https:\/\/potenciaradiofonicadominicana.com\/portal\/#organization\",\"name\":\"PotenciaRadiofonicaDominicana.com\",\"url\":\"https:\/\/potenciaradiofonicadominicana.com\/portal\/\",\"logo\":{\"@type\":\"ImageObject\",\"inLanguage\":\"es\",\"@id\":\"https:\/\/potenciaradiofonicadominicana.com\/portal\/#\/schema\/logo\/image\/\",\"url\":\"https:\/\/potenciaradiofonicadominicana.com\/portal\/wp-content\/uploads\/2022\/01\/descarga.png\",\"contentUrl\":\"https:\/\/potenciaradiofonicadominicana.com\/portal\/wp-content\/uploads\/2022\/01\/descarga.png\",\"width\":300,\"height\":100,\"caption\":\"PotenciaRadiofonicaDominicana.com\"},\"image\":{\"@id\":\"https:\/\/potenciaradiofonicadominicana.com\/portal\/#\/schema\/logo\/image\/\"},\"sameAs\":[\"https:\/\/web.facebook.com\/PotenciaRadiofonicaD\"]},{\"@type\":\"Person\",\"@id\":\"https:\/\/potenciaradiofonicadominicana.com\/portal\/#\/schema\/person\/a5cf1fea13877803ee0573ac18b03490\",\"name\":\"Potencia Radiof\u00f3nica Dominicana\",\"image\":{\"@type\":\"ImageObject\",\"inLanguage\":\"es\",\"@id\":\"https:\/\/potenciaradiofonicadominicana.com\/portal\/#\/schema\/person\/image\/\",\"url\":\"https:\/\/secure.gravatar.com\/avatar\/42a55ab9e8ccc656ba34cd791990602a?s=96&d=mm&r=g\",\"contentUrl\":\"https:\/\/secure.gravatar.com\/avatar\/42a55ab9e8ccc656ba34cd791990602a?s=96&d=mm&r=g\",\"caption\":\"Potencia Radiof\u00f3nica Dominicana\"},\"url\":\"https:\/\/potenciaradiofonicadominicana.com\/portal\/author\/johannyalmanzar\/\"}]}<\/script>\n<!-- \/ Yoast SEO plugin. -->","yoast_head_json":{"title":"Marileidy y Ogando ganan oro en 6to Invitacional Isaac Ogando - PotenciaRadiofonicaDominicana.com","robots":{"index":"index","follow":"follow","max-snippet":"max-snippet:-1","max-image-preview":"max-image-preview:large","max-video-preview":"max-video-preview:-1"},"canonical":"https:\/\/potenciaradiofonicadominicana.com\/portal\/marileidy-y-ogando-ganan-oro-en-6to-invitacional-isaac-ogando\/","og_locale":"es_ES","og_type":"article","og_title":"Marileidy y Ogando ganan oro en 6to Invitacional Isaac Ogando - PotenciaRadiofonicaDominicana.com","og_description":"Los medallistas ol\u00edmpicos Marileidy Paulino y Alexander Ogando conquistaron oro en el 6to Invitacional Isaac Ogando 2026 que se celebr\u00f3 ...","og_url":"https:\/\/potenciaradiofonicadominicana.com\/portal\/marileidy-y-ogando-ganan-oro-en-6to-invitacional-isaac-ogando\/","og_site_name":"PotenciaRadiofonicaDominicana.com","article_publisher":"https:\/\/web.facebook.com\/PotenciaRadiofonicaD","article_published_time":"2026-03-30T03:25:47+00:00","og_image":[{"width":1296,"height":729,"url":"https:\/\/potenciaradiofonicadominicana.com\/portal\/wp-content\/uploads\/2026\/03\/i.jpg","type":"image\/jpeg"}],"author":"Potencia Radiof\u00f3nica Dominicana","twitter_card":"summary_large_image","twitter_misc":{"Escrito por":"Potencia Radiof\u00f3nica Dominicana","Tiempo de lectura":"3 minutos"},"schema":{"@context":"https:\/\/schema.org","@graph":[{"@type":"Article","@id":"https:\/\/potenciaradiofonicadominicana.com\/portal\/marileidy-y-ogando-ganan-oro-en-6to-invitacional-isaac-ogando\/#article","isPartOf":{"@id":"https:\/\/potenciaradiofonicadominicana.com\/portal\/marileidy-y-ogando-ganan-oro-en-6to-invitacional-isaac-ogando\/"},"author":{"name":"Potencia Radiof\u00f3nica Dominicana","@id":"https:\/\/potenciaradiofonicadominicana.com\/portal\/#\/schema\/person\/a5cf1fea13877803ee0573ac18b03490"},"headline":"Marileidy y Ogando ganan oro en 6to Invitacional Isaac Ogando","datePublished":"2026-03-30T03:25:47+00:00","mainEntityOfPage":{"@id":"https:\/\/potenciaradiofonicadominicana.com\/portal\/marileidy-y-ogando-ganan-oro-en-6to-invitacional-isaac-ogando\/"},"wordCount":470,"publisher":{"@id":"https:\/\/potenciaradiofonicadominicana.com\/portal\/#organization"},"image":{"@id":"https:\/\/potenciaradiofonicadominicana.com\/portal\/marileidy-y-ogando-ganan-oro-en-6to-invitacional-isaac-ogando\/#primaryimage"},"thumbnailUrl":"https:\/\/potenciaradiofonicadominicana.com\/portal\/wp-content\/uploads\/2026\/03\/i.jpg","articleSection":["Deportes"],"inLanguage":"es"},{"@type":"WebPage","@id":"https:\/\/potenciaradiofonicadominicana.com\/portal\/marileidy-y-ogando-ganan-oro-en-6to-invitacional-isaac-ogando\/","url":"https:\/\/potenciaradiofonicadominicana.com\/portal\/marileidy-y-ogando-ganan-oro-en-6to-invitacional-isaac-ogando\/","name":"Marileidy y Ogando ganan oro en 6to Invitacional Isaac Ogando - PotenciaRadiofonicaDominicana.com","isPartOf":{"@id":"https:\/\/potenciaradiofonicadominicana.com\/portal\/#website"},"primaryImageOfPage":{"@id":"https:\/\/potenciaradiofonicadominicana.com\/portal\/marileidy-y-ogando-ganan-oro-en-6to-invitacional-isaac-ogando\/#primaryimage"},"image":{"@id":"https:\/\/potenciaradiofonicadominicana.com\/portal\/marileidy-y-ogando-ganan-oro-en-6to-invitacional-isaac-ogando\/#primaryimage"},"thumbnailUrl":"https:\/\/potenciaradiofonicadominicana.com\/portal\/wp-content\/uploads\/2026\/03\/i.jpg","datePublished":"2026-03-30T03:25:47+00:00","breadcrumb":{"@id":"https:\/\/potenciaradiofonicadominicana.com\/portal\/marileidy-y-ogando-ganan-oro-en-6to-invitacional-isaac-ogando\/#breadcrumb"},"inLanguage":"es","potentialAction":[{"@type":"ReadAction","target":["https:\/\/potenciaradiofonicadominicana.com\/portal\/marileidy-y-ogando-ganan-oro-en-6to-invitacional-isaac-ogando\/"]}]},{"@type":"ImageObject","inLanguage":"es","@id":"https:\/\/potenciaradiofonicadominicana.com\/portal\/marileidy-y-ogando-ganan-oro-en-6to-invitacional-isaac-ogando\/#primaryimage","url":"https:\/\/potenciaradiofonicadominicana.com\/portal\/wp-content\/uploads\/2026\/03\/i.jpg","contentUrl":"https:\/\/potenciaradiofonicadominicana.com\/portal\/wp-content\/uploads\/2026\/03\/i.jpg","width":1296,"height":729},{"@type":"BreadcrumbList","@id":"https:\/\/potenciaradiofonicadominicana.com\/portal\/marileidy-y-ogando-ganan-oro-en-6to-invitacional-isaac-ogando\/#breadcrumb","itemListElement":[{"@type":"ListItem","position":1,"name":"Portada","item":"https:\/\/potenciaradiofonicadominicana.com\/portal\/"},{"@type":"ListItem","position":2,"name":"Marileidy y Ogando ganan oro en 6to Invitacional Isaac Ogando"}]},{"@type":"WebSite","@id":"https:\/\/potenciaradiofonicadominicana.com\/portal\/#website","url":"https:\/\/potenciaradiofonicadominicana.com\/portal\/","name":"PotenciaRadiofonicaDominicana.com","description":"Peri\u00f3dico Digital","publisher":{"@id":"https:\/\/potenciaradiofonicadominicana.com\/portal\/#organization"},"potentialAction":[{"@type":"SearchAction","target":{"@type":"EntryPoint","urlTemplate":"https:\/\/potenciaradiofonicadominicana.com\/portal\/?s={search_term_string}"},"query-input":{"@type":"PropertyValueSpecification","valueRequired":true,"valueName":"search_term_string"}}],"inLanguage":"es"},{"@type":"Organization","@id":"https:\/\/potenciaradiofonicadominicana.com\/portal\/#organization","name":"PotenciaRadiofonicaDominicana.com","url":"https:\/\/potenciaradiofonicadominicana.com\/portal\/","logo":{"@type":"ImageObject","inLanguage":"es","@id":"https:\/\/potenciaradiofonicadominicana.com\/portal\/#\/schema\/logo\/image\/","url":"https:\/\/potenciaradiofonicadominicana.com\/portal\/wp-content\/uploads\/2022\/01\/descarga.png","contentUrl":"https:\/\/potenciaradiofonicadominicana.com\/portal\/wp-content\/uploads\/2022\/01\/descarga.png","width":300,"height":100,"caption":"PotenciaRadiofonicaDominicana.com"},"image":{"@id":"https:\/\/potenciaradiofonicadominicana.com\/portal\/#\/schema\/logo\/image\/"},"sameAs":["https:\/\/web.facebook.com\/PotenciaRadiofonicaD"]},{"@type":"Person","@id":"https:\/\/potenciaradiofonicadominicana.com\/portal\/#\/schema\/person\/a5cf1fea13877803ee0573ac18b03490","name":"Potencia Radiof\u00f3nica Dominicana","image":{"@type":"ImageObject","inLanguage":"es","@id":"https:\/\/potenciaradiofonicadominicana.com\/portal\/#\/schema\/person\/image\/","url":"https:\/\/secure.gravatar.com\/avatar\/42a55ab9e8ccc656ba34cd791990602a?s=96&d=mm&r=g","contentUrl":"https:\/\/secure.gravatar.com\/avatar\/42a55ab9e8ccc656ba34cd791990602a?s=96&d=mm&r=g","caption":"Potencia Radiof\u00f3nica Dominicana"},"url":"https:\/\/potenciaradiofonicadominicana.com\/portal\/author\/johannyalmanzar\/"}]}},"_links":{"self":[{"href":"https:\/\/potenciaradiofonicadominicana.com\/portal\/wp-json\/wp\/v2\/posts\/213827","targetHints":{"allow":["GET"]}}],"collection":[{"href":"https:\/\/potenciaradiofonicadominicana.com\/portal\/wp-json\/wp\/v2\/posts"}],"about":[{"href":"https:\/\/potenciaradiofonicadominicana.com\/portal\/wp-json\/wp\/v2\/types\/post"}],"author":[{"embeddable":true,"href":"https:\/\/potenciaradiofonicadominicana.com\/portal\/wp-json\/wp\/v2\/users\/2"}],"replies":[{"embeddable":true,"href":"https:\/\/potenciaradiofonicadominicana.com\/portal\/wp-json\/wp\/v2\/comments?post=213827"}],"version-history":[{"count":1,"href":"https:\/\/potenciaradiofonicadominicana.com\/portal\/wp-json\/wp\/v2\/posts\/213827\/revisions"}],"predecessor-version":[{"id":213832,"href":"https:\/\/potenciaradiofonicadominicana.com\/portal\/wp-json\/wp\/v2\/posts\/213827\/revisions\/213832"}],"wp:featuredmedia":[{"embeddable":true,"href":"https:\/\/potenciaradiofonicadominicana.com\/portal\/wp-json\/wp\/v2\/media\/213829"}],"wp:attachment":[{"href":"https:\/\/potenciaradiofonicadominicana.com\/portal\/wp-json\/wp\/v2\/media?parent=213827"}],"wp:term":[{"taxonomy":"category","embeddable":true,"href":"https:\/\/potenciaradiofonicadominicana.com\/portal\/wp-json\/wp\/v2\/categories?post=213827"},{"taxonomy":"post_tag","embeddable":true,"href":"https:\/\/potenciaradiofonicadominicana.com\/portal\/wp-json\/wp\/v2\/tags?post=213827"}],"curies":[{"name":"wp","href":"https:\/\/api.w.org\/{rel}","templated":true}]}}