{"id":213812,"date":"2026-03-29T23:21:17","date_gmt":"2026-03-30T03:21:17","guid":{"rendered":"https:\/\/potenciaradiofonicadominicana.com\/portal\/?p=213812"},"modified":"2026-03-29T23:21:17","modified_gmt":"2026-03-30T03:21:17","slug":"calero-se-impone-a-los-mina-y-reconocen-a-alicia-ortega-en-el-tbs-santo-domingo-2026","status":"publish","type":"post","link":"https:\/\/potenciaradiofonicadominicana.com\/portal\/calero-se-impone-a-los-mina-y-reconocen-a-alicia-ortega-en-el-tbs-santo-domingo-2026\/","title":{"rendered":"Calero se impone a Los Mina y reconocen a Alicia Ortega en el TBS Santo Domingo 2026"},"content":{"rendered":"<p><a href=\"https:\/\/potenciaradiofonicadominicana.com\/portal\/wp-content\/uploads\/2026\/03\/IMG-20260328-WA0025.webp\"><img loading=\"lazy\" decoding=\"async\" class=\"alignnone size-full wp-image-213813\" src=\"https:\/\/potenciaradiofonicadominicana.com\/portal\/wp-content\/uploads\/2026\/03\/IMG-20260328-WA0025.webp\" alt=\"\" width=\"1590\" height=\"772\" srcset=\"https:\/\/potenciaradiofonicadominicana.com\/portal\/wp-content\/uploads\/2026\/03\/IMG-20260328-WA0025.webp 1590w, https:\/\/potenciaradiofonicadominicana.com\/portal\/wp-content\/uploads\/2026\/03\/IMG-20260328-WA0025-300x146.webp 300w, https:\/\/potenciaradiofonicadominicana.com\/portal\/wp-content\/uploads\/2026\/03\/IMG-20260328-WA0025-1024x497.webp 1024w, https:\/\/potenciaradiofonicadominicana.com\/portal\/wp-content\/uploads\/2026\/03\/IMG-20260328-WA0025-768x373.webp 768w, https:\/\/potenciaradiofonicadominicana.com\/portal\/wp-content\/uploads\/2026\/03\/IMG-20260328-WA0025-1536x746.webp 1536w\" sizes=\"auto, (max-width: 1590px) 100vw, 1590px\" \/><\/a><\/p>\n<p>El club Calero de Villa Duarte se impuso el viernes 98-76 a los Le\u00f1eros de Los Mina para ganar la serie regular del grupo A con marca de 5-1, en el partido de cierre de esa etapa en el X Torneo de Baloncesto Superior de la Provincia Santo Domingo.<\/p>\n<p>El campeonato est\u00e1 dedicado al presidente Luis Abinader, con el respaldo del Ministerio de Deportes y el ministro Kelvin Cruz, en el que se disputa la Copa Seaboard \u201cEnerg\u00eda Limpia\u201d.<\/p>\n<p>Los muchachos de Calero se envalentonaron al final del encuentro, luego de perder la primera mitad por tres puntos, 51-48, y en la segunda parte lo pusieron 47-28, la cual ganaron de 19, el culminar la jornada de que desarroll\u00f3 en el polideportivo del club Calero en Villa Duarte.<\/p>\n<div class=\"wp-block-image\">\n<figure class=\"aligncenter size-full\"><figcaption class=\"wp-element-caption\"><strong><em>Ronald Garc\u00eda, jugador estelar del club Calero, tuvo una noche de 24 puntos ante Los Mina<\/em><\/strong>.<\/figcaption><\/figure>\n<\/div>\n<p>La ofensiva tuvo como l\u00edder a Ronald Garc\u00eda, quien encest\u00f3 24 puntos, Isquendel Reyes con un doble-doble de 18 tantos y 10 rebotes, Axel Goris col\u00f3 16 d\u00edgitos m\u00e1s seis capturas de bal\u00f3n, Anferny Acevedo logr\u00f3 12, siete rebotes y siete asistencias, y Jeison Rivera lig\u00f3 10.<\/p>\n<p>Por los ca\u00eddos, el refuerzo capitalino Edgar Tejeda debut\u00f3 con 23 puntos, el refuerzo vegano Jerry Flores colabor\u00f3 con 17 tantos, y Yasuel Batista anot\u00f3 11 con seis pelotas capturadas.<\/p>\n<p>El grupo A otorga dos plazas a la ronda semifinalista, que est\u00e1n ancladas con Calero de Villa Duarte (5-1) y los Le\u00f1eros de Los Mina (3-3), y los Caminantes de Los Alcarrizos (6-1) conquistaron la serie regular del grupo B y la clasificaci\u00f3n a la semifinal, jun to a los Trenes de Santo Domingo Norte (3-3), segundo lugar, y las Caobas City de SDO, tuvo foja de 1-5.<\/p>\n<p>La destacada periodista Alicia Ortega, vicepresidenta del Grupo SIN, fue reconocida por el club Calero de Villa Duarte por parte de su presidente, profesor Andr\u00e9s Liberato, junto al ministro de Deportes Kelvin Cruz y el alcalde Dio Astacio, del Municipio Santo Domingo Este.<\/p>\n<p>En el acto de entrega del reconocimiento tambi\u00e9n estuvo Fernando Hasb\u00fan, presidente del Grupo SIN; el general Wandy Mad\u00e9 Montilla, director regional de Santo Domingo Oriental de la Polic\u00eda Nacional; y el 12 veces campe\u00f3n mundial de domin\u00f3, Joaqu\u00edn Mart\u00ednez.<\/p>\n<p>Por igual, William Cabral Lugo (Nemeneme), presidente de la Asociaci\u00f3n de Baloncesto de la Provincia de Santo Domingo (Abasado), y el regidor Felito Rodr\u00edguez, entre otros.<\/p>\n<p>Posteriormente, Ortega realiz\u00f3 el saque de honor previo al choque entre Calero y Los Mina.<\/p>\n<p><strong>Inicio semifinal<\/strong><br \/>\nLa serie semifinal del TBS Santo Domingo 2026 contin\u00faa el domingo, a las 5:00 de la tarde, cuando se midan Los Alcarrizos y Los Mina, en la ronda A, y a las 7:00 de la noche, la serie B entre Calero ante Los Trenes, en el techado de Calero. Ambas semifinales son a un 3-2.<\/p>\n","protected":false},"excerpt":{"rendered":"<p>El club Calero de Villa Duarte se impuso el viernes 98-76 a los Le\u00f1eros de Los Mina para ganar la &#8230;<\/p>\n","protected":false},"author":2,"featured_media":213813,"comment_status":"closed","ping_status":"closed","sticky":false,"template":"","format":"standard","meta":{"footnotes":""},"categories":[28],"tags":[],"class_list":["post-213812","post","type-post","status-publish","format-standard","has-post-thumbnail","hentry","category-deportes"],"yoast_head":"<!-- This site is optimized with the Yoast SEO plugin v24.8.1 - https:\/\/yoast.com\/wordpress\/plugins\/seo\/ -->\n<title>Calero se impone a Los Mina y reconocen a Alicia Ortega en el TBS Santo Domingo 2026 - PotenciaRadiofonicaDominicana.com<\/title>\n<meta name=\"robots\" content=\"index, follow, max-snippet:-1, max-image-preview:large, max-video-preview:-1\" \/>\n<link rel=\"canonical\" href=\"https:\/\/potenciaradiofonicadominicana.com\/portal\/calero-se-impone-a-los-mina-y-reconocen-a-alicia-ortega-en-el-tbs-santo-domingo-2026\/\" \/>\n<meta property=\"og:locale\" content=\"es_ES\" \/>\n<meta property=\"og:type\" content=\"article\" \/>\n<meta property=\"og:title\" content=\"Calero se impone a Los Mina y reconocen a Alicia Ortega en el TBS Santo Domingo 2026 - PotenciaRadiofonicaDominicana.com\" \/>\n<meta property=\"og:description\" content=\"El club Calero de Villa Duarte se impuso el viernes 98-76 a los Le\u00f1eros de Los Mina para ganar la ...\" \/>\n<meta property=\"og:url\" content=\"https:\/\/potenciaradiofonicadominicana.com\/portal\/calero-se-impone-a-los-mina-y-reconocen-a-alicia-ortega-en-el-tbs-santo-domingo-2026\/\" \/>\n<meta property=\"og:site_name\" content=\"PotenciaRadiofonicaDominicana.com\" \/>\n<meta property=\"article:publisher\" content=\"https:\/\/web.facebook.com\/PotenciaRadiofonicaD\" \/>\n<meta property=\"article:published_time\" content=\"2026-03-30T03:21:17+00:00\" \/>\n<meta property=\"og:image\" content=\"https:\/\/potenciaradiofonicadominicana.com\/portal\/wp-content\/uploads\/2026\/03\/IMG-20260328-WA0025.webp\" \/>\n\t<meta property=\"og:image:width\" content=\"1590\" \/>\n\t<meta property=\"og:image:height\" content=\"772\" \/>\n\t<meta property=\"og:image:type\" content=\"image\/webp\" \/>\n<meta name=\"author\" content=\"Potencia Radiof\u00f3nica Dominicana\" \/>\n<meta name=\"twitter:card\" content=\"summary_large_image\" \/>\n<meta name=\"twitter:label1\" content=\"Escrito por\" \/>\n\t<meta name=\"twitter:data1\" content=\"Potencia Radiof\u00f3nica Dominicana\" \/>\n\t<meta name=\"twitter:label2\" content=\"Tiempo de lectura\" \/>\n\t<meta name=\"twitter:data2\" content=\"3 minutos\" \/>\n<script type=\"application\/ld+json\" class=\"yoast-schema-graph\">{\"@context\":\"https:\/\/schema.org\",\"@graph\":[{\"@type\":\"Article\",\"@id\":\"https:\/\/potenciaradiofonicadominicana.com\/portal\/calero-se-impone-a-los-mina-y-reconocen-a-alicia-ortega-en-el-tbs-santo-domingo-2026\/#article\",\"isPartOf\":{\"@id\":\"https:\/\/potenciaradiofonicadominicana.com\/portal\/calero-se-impone-a-los-mina-y-reconocen-a-alicia-ortega-en-el-tbs-santo-domingo-2026\/\"},\"author\":{\"name\":\"Potencia Radiof\u00f3nica Dominicana\",\"@id\":\"https:\/\/potenciaradiofonicadominicana.com\/portal\/#\/schema\/person\/a5cf1fea13877803ee0573ac18b03490\"},\"headline\":\"Calero se impone a Los Mina y reconocen a Alicia Ortega en el TBS Santo Domingo 2026\",\"datePublished\":\"2026-03-30T03:21:17+00:00\",\"mainEntityOfPage\":{\"@id\":\"https:\/\/potenciaradiofonicadominicana.com\/portal\/calero-se-impone-a-los-mina-y-reconocen-a-alicia-ortega-en-el-tbs-santo-domingo-2026\/\"},\"wordCount\":493,\"publisher\":{\"@id\":\"https:\/\/potenciaradiofonicadominicana.com\/portal\/#organization\"},\"image\":{\"@id\":\"https:\/\/potenciaradiofonicadominicana.com\/portal\/calero-se-impone-a-los-mina-y-reconocen-a-alicia-ortega-en-el-tbs-santo-domingo-2026\/#primaryimage\"},\"thumbnailUrl\":\"https:\/\/potenciaradiofonicadominicana.com\/portal\/wp-content\/uploads\/2026\/03\/IMG-20260328-WA0025.webp\",\"articleSection\":[\"Deportes\"],\"inLanguage\":\"es\"},{\"@type\":\"WebPage\",\"@id\":\"https:\/\/potenciaradiofonicadominicana.com\/portal\/calero-se-impone-a-los-mina-y-reconocen-a-alicia-ortega-en-el-tbs-santo-domingo-2026\/\",\"url\":\"https:\/\/potenciaradiofonicadominicana.com\/portal\/calero-se-impone-a-los-mina-y-reconocen-a-alicia-ortega-en-el-tbs-santo-domingo-2026\/\",\"name\":\"Calero se impone a Los Mina y reconocen a Alicia Ortega en el TBS Santo Domingo 2026 - PotenciaRadiofonicaDominicana.com\",\"isPartOf\":{\"@id\":\"https:\/\/potenciaradiofonicadominicana.com\/portal\/#website\"},\"primaryImageOfPage\":{\"@id\":\"https:\/\/potenciaradiofonicadominicana.com\/portal\/calero-se-impone-a-los-mina-y-reconocen-a-alicia-ortega-en-el-tbs-santo-domingo-2026\/#primaryimage\"},\"image\":{\"@id\":\"https:\/\/potenciaradiofonicadominicana.com\/portal\/calero-se-impone-a-los-mina-y-reconocen-a-alicia-ortega-en-el-tbs-santo-domingo-2026\/#primaryimage\"},\"thumbnailUrl\":\"https:\/\/potenciaradiofonicadominicana.com\/portal\/wp-content\/uploads\/2026\/03\/IMG-20260328-WA0025.webp\",\"datePublished\":\"2026-03-30T03:21:17+00:00\",\"breadcrumb\":{\"@id\":\"https:\/\/potenciaradiofonicadominicana.com\/portal\/calero-se-impone-a-los-mina-y-reconocen-a-alicia-ortega-en-el-tbs-santo-domingo-2026\/#breadcrumb\"},\"inLanguage\":\"es\",\"potentialAction\":[{\"@type\":\"ReadAction\",\"target\":[\"https:\/\/potenciaradiofonicadominicana.com\/portal\/calero-se-impone-a-los-mina-y-reconocen-a-alicia-ortega-en-el-tbs-santo-domingo-2026\/\"]}]},{\"@type\":\"ImageObject\",\"inLanguage\":\"es\",\"@id\":\"https:\/\/potenciaradiofonicadominicana.com\/portal\/calero-se-impone-a-los-mina-y-reconocen-a-alicia-ortega-en-el-tbs-santo-domingo-2026\/#primaryimage\",\"url\":\"https:\/\/potenciaradiofonicadominicana.com\/portal\/wp-content\/uploads\/2026\/03\/IMG-20260328-WA0025.webp\",\"contentUrl\":\"https:\/\/potenciaradiofonicadominicana.com\/portal\/wp-content\/uploads\/2026\/03\/IMG-20260328-WA0025.webp\",\"width\":1590,\"height\":772},{\"@type\":\"BreadcrumbList\",\"@id\":\"https:\/\/potenciaradiofonicadominicana.com\/portal\/calero-se-impone-a-los-mina-y-reconocen-a-alicia-ortega-en-el-tbs-santo-domingo-2026\/#breadcrumb\",\"itemListElement\":[{\"@type\":\"ListItem\",\"position\":1,\"name\":\"Portada\",\"item\":\"https:\/\/potenciaradiofonicadominicana.com\/portal\/\"},{\"@type\":\"ListItem\",\"position\":2,\"name\":\"Calero se impone a Los Mina y reconocen a Alicia Ortega en el TBS Santo Domingo 2026\"}]},{\"@type\":\"WebSite\",\"@id\":\"https:\/\/potenciaradiofonicadominicana.com\/portal\/#website\",\"url\":\"https:\/\/potenciaradiofonicadominicana.com\/portal\/\",\"name\":\"PotenciaRadiofonicaDominicana.com\",\"description\":\"Peri\u00f3dico Digital\",\"publisher\":{\"@id\":\"https:\/\/potenciaradiofonicadominicana.com\/portal\/#organization\"},\"potentialAction\":[{\"@type\":\"SearchAction\",\"target\":{\"@type\":\"EntryPoint\",\"urlTemplate\":\"https:\/\/potenciaradiofonicadominicana.com\/portal\/?s={search_term_string}\"},\"query-input\":{\"@type\":\"PropertyValueSpecification\",\"valueRequired\":true,\"valueName\":\"search_term_string\"}}],\"inLanguage\":\"es\"},{\"@type\":\"Organization\",\"@id\":\"https:\/\/potenciaradiofonicadominicana.com\/portal\/#organization\",\"name\":\"PotenciaRadiofonicaDominicana.com\",\"url\":\"https:\/\/potenciaradiofonicadominicana.com\/portal\/\",\"logo\":{\"@type\":\"ImageObject\",\"inLanguage\":\"es\",\"@id\":\"https:\/\/potenciaradiofonicadominicana.com\/portal\/#\/schema\/logo\/image\/\",\"url\":\"https:\/\/potenciaradiofonicadominicana.com\/portal\/wp-content\/uploads\/2022\/01\/descarga.png\",\"contentUrl\":\"https:\/\/potenciaradiofonicadominicana.com\/portal\/wp-content\/uploads\/2022\/01\/descarga.png\",\"width\":300,\"height\":100,\"caption\":\"PotenciaRadiofonicaDominicana.com\"},\"image\":{\"@id\":\"https:\/\/potenciaradiofonicadominicana.com\/portal\/#\/schema\/logo\/image\/\"},\"sameAs\":[\"https:\/\/web.facebook.com\/PotenciaRadiofonicaD\"]},{\"@type\":\"Person\",\"@id\":\"https:\/\/potenciaradiofonicadominicana.com\/portal\/#\/schema\/person\/a5cf1fea13877803ee0573ac18b03490\",\"name\":\"Potencia Radiof\u00f3nica Dominicana\",\"image\":{\"@type\":\"ImageObject\",\"inLanguage\":\"es\",\"@id\":\"https:\/\/potenciaradiofonicadominicana.com\/portal\/#\/schema\/person\/image\/\",\"url\":\"https:\/\/secure.gravatar.com\/avatar\/42a55ab9e8ccc656ba34cd791990602a?s=96&d=mm&r=g\",\"contentUrl\":\"https:\/\/secure.gravatar.com\/avatar\/42a55ab9e8ccc656ba34cd791990602a?s=96&d=mm&r=g\",\"caption\":\"Potencia Radiof\u00f3nica Dominicana\"},\"url\":\"https:\/\/potenciaradiofonicadominicana.com\/portal\/author\/johannyalmanzar\/\"}]}<\/script>\n<!-- \/ Yoast SEO plugin. -->","yoast_head_json":{"title":"Calero se impone a Los Mina y reconocen a Alicia Ortega en el TBS Santo Domingo 2026 - PotenciaRadiofonicaDominicana.com","robots":{"index":"index","follow":"follow","max-snippet":"max-snippet:-1","max-image-preview":"max-image-preview:large","max-video-preview":"max-video-preview:-1"},"canonical":"https:\/\/potenciaradiofonicadominicana.com\/portal\/calero-se-impone-a-los-mina-y-reconocen-a-alicia-ortega-en-el-tbs-santo-domingo-2026\/","og_locale":"es_ES","og_type":"article","og_title":"Calero se impone a Los Mina y reconocen a Alicia Ortega en el TBS Santo Domingo 2026 - PotenciaRadiofonicaDominicana.com","og_description":"El club Calero de Villa Duarte se impuso el viernes 98-76 a los Le\u00f1eros de Los Mina para ganar la ...","og_url":"https:\/\/potenciaradiofonicadominicana.com\/portal\/calero-se-impone-a-los-mina-y-reconocen-a-alicia-ortega-en-el-tbs-santo-domingo-2026\/","og_site_name":"PotenciaRadiofonicaDominicana.com","article_publisher":"https:\/\/web.facebook.com\/PotenciaRadiofonicaD","article_published_time":"2026-03-30T03:21:17+00:00","og_image":[{"width":1590,"height":772,"url":"https:\/\/potenciaradiofonicadominicana.com\/portal\/wp-content\/uploads\/2026\/03\/IMG-20260328-WA0025.webp","type":"image\/webp"}],"author":"Potencia Radiof\u00f3nica Dominicana","twitter_card":"summary_large_image","twitter_misc":{"Escrito por":"Potencia Radiof\u00f3nica Dominicana","Tiempo de lectura":"3 minutos"},"schema":{"@context":"https:\/\/schema.org","@graph":[{"@type":"Article","@id":"https:\/\/potenciaradiofonicadominicana.com\/portal\/calero-se-impone-a-los-mina-y-reconocen-a-alicia-ortega-en-el-tbs-santo-domingo-2026\/#article","isPartOf":{"@id":"https:\/\/potenciaradiofonicadominicana.com\/portal\/calero-se-impone-a-los-mina-y-reconocen-a-alicia-ortega-en-el-tbs-santo-domingo-2026\/"},"author":{"name":"Potencia Radiof\u00f3nica Dominicana","@id":"https:\/\/potenciaradiofonicadominicana.com\/portal\/#\/schema\/person\/a5cf1fea13877803ee0573ac18b03490"},"headline":"Calero se impone a Los Mina y reconocen a Alicia Ortega en el TBS Santo Domingo 2026","datePublished":"2026-03-30T03:21:17+00:00","mainEntityOfPage":{"@id":"https:\/\/potenciaradiofonicadominicana.com\/portal\/calero-se-impone-a-los-mina-y-reconocen-a-alicia-ortega-en-el-tbs-santo-domingo-2026\/"},"wordCount":493,"publisher":{"@id":"https:\/\/potenciaradiofonicadominicana.com\/portal\/#organization"},"image":{"@id":"https:\/\/potenciaradiofonicadominicana.com\/portal\/calero-se-impone-a-los-mina-y-reconocen-a-alicia-ortega-en-el-tbs-santo-domingo-2026\/#primaryimage"},"thumbnailUrl":"https:\/\/potenciaradiofonicadominicana.com\/portal\/wp-content\/uploads\/2026\/03\/IMG-20260328-WA0025.webp","articleSection":["Deportes"],"inLanguage":"es"},{"@type":"WebPage","@id":"https:\/\/potenciaradiofonicadominicana.com\/portal\/calero-se-impone-a-los-mina-y-reconocen-a-alicia-ortega-en-el-tbs-santo-domingo-2026\/","url":"https:\/\/potenciaradiofonicadominicana.com\/portal\/calero-se-impone-a-los-mina-y-reconocen-a-alicia-ortega-en-el-tbs-santo-domingo-2026\/","name":"Calero se impone a Los Mina y reconocen a Alicia Ortega en el TBS Santo Domingo 2026 - PotenciaRadiofonicaDominicana.com","isPartOf":{"@id":"https:\/\/potenciaradiofonicadominicana.com\/portal\/#website"},"primaryImageOfPage":{"@id":"https:\/\/potenciaradiofonicadominicana.com\/portal\/calero-se-impone-a-los-mina-y-reconocen-a-alicia-ortega-en-el-tbs-santo-domingo-2026\/#primaryimage"},"image":{"@id":"https:\/\/potenciaradiofonicadominicana.com\/portal\/calero-se-impone-a-los-mina-y-reconocen-a-alicia-ortega-en-el-tbs-santo-domingo-2026\/#primaryimage"},"thumbnailUrl":"https:\/\/potenciaradiofonicadominicana.com\/portal\/wp-content\/uploads\/2026\/03\/IMG-20260328-WA0025.webp","datePublished":"2026-03-30T03:21:17+00:00","breadcrumb":{"@id":"https:\/\/potenciaradiofonicadominicana.com\/portal\/calero-se-impone-a-los-mina-y-reconocen-a-alicia-ortega-en-el-tbs-santo-domingo-2026\/#breadcrumb"},"inLanguage":"es","potentialAction":[{"@type":"ReadAction","target":["https:\/\/potenciaradiofonicadominicana.com\/portal\/calero-se-impone-a-los-mina-y-reconocen-a-alicia-ortega-en-el-tbs-santo-domingo-2026\/"]}]},{"@type":"ImageObject","inLanguage":"es","@id":"https:\/\/potenciaradiofonicadominicana.com\/portal\/calero-se-impone-a-los-mina-y-reconocen-a-alicia-ortega-en-el-tbs-santo-domingo-2026\/#primaryimage","url":"https:\/\/potenciaradiofonicadominicana.com\/portal\/wp-content\/uploads\/2026\/03\/IMG-20260328-WA0025.webp","contentUrl":"https:\/\/potenciaradiofonicadominicana.com\/portal\/wp-content\/uploads\/2026\/03\/IMG-20260328-WA0025.webp","width":1590,"height":772},{"@type":"BreadcrumbList","@id":"https:\/\/potenciaradiofonicadominicana.com\/portal\/calero-se-impone-a-los-mina-y-reconocen-a-alicia-ortega-en-el-tbs-santo-domingo-2026\/#breadcrumb","itemListElement":[{"@type":"ListItem","position":1,"name":"Portada","item":"https:\/\/potenciaradiofonicadominicana.com\/portal\/"},{"@type":"ListItem","position":2,"name":"Calero se impone a Los Mina y reconocen a Alicia Ortega en el TBS Santo Domingo 2026"}]},{"@type":"WebSite","@id":"https:\/\/potenciaradiofonicadominicana.com\/portal\/#website","url":"https:\/\/potenciaradiofonicadominicana.com\/portal\/","name":"PotenciaRadiofonicaDominicana.com","description":"Peri\u00f3dico Digital","publisher":{"@id":"https:\/\/potenciaradiofonicadominicana.com\/portal\/#organization"},"potentialAction":[{"@type":"SearchAction","target":{"@type":"EntryPoint","urlTemplate":"https:\/\/potenciaradiofonicadominicana.com\/portal\/?s={search_term_string}"},"query-input":{"@type":"PropertyValueSpecification","valueRequired":true,"valueName":"search_term_string"}}],"inLanguage":"es"},{"@type":"Organization","@id":"https:\/\/potenciaradiofonicadominicana.com\/portal\/#organization","name":"PotenciaRadiofonicaDominicana.com","url":"https:\/\/potenciaradiofonicadominicana.com\/portal\/","logo":{"@type":"ImageObject","inLanguage":"es","@id":"https:\/\/potenciaradiofonicadominicana.com\/portal\/#\/schema\/logo\/image\/","url":"https:\/\/potenciaradiofonicadominicana.com\/portal\/wp-content\/uploads\/2022\/01\/descarga.png","contentUrl":"https:\/\/potenciaradiofonicadominicana.com\/portal\/wp-content\/uploads\/2022\/01\/descarga.png","width":300,"height":100,"caption":"PotenciaRadiofonicaDominicana.com"},"image":{"@id":"https:\/\/potenciaradiofonicadominicana.com\/portal\/#\/schema\/logo\/image\/"},"sameAs":["https:\/\/web.facebook.com\/PotenciaRadiofonicaD"]},{"@type":"Person","@id":"https:\/\/potenciaradiofonicadominicana.com\/portal\/#\/schema\/person\/a5cf1fea13877803ee0573ac18b03490","name":"Potencia Radiof\u00f3nica Dominicana","image":{"@type":"ImageObject","inLanguage":"es","@id":"https:\/\/potenciaradiofonicadominicana.com\/portal\/#\/schema\/person\/image\/","url":"https:\/\/secure.gravatar.com\/avatar\/42a55ab9e8ccc656ba34cd791990602a?s=96&d=mm&r=g","contentUrl":"https:\/\/secure.gravatar.com\/avatar\/42a55ab9e8ccc656ba34cd791990602a?s=96&d=mm&r=g","caption":"Potencia Radiof\u00f3nica Dominicana"},"url":"https:\/\/potenciaradiofonicadominicana.com\/portal\/author\/johannyalmanzar\/"}]}},"_links":{"self":[{"href":"https:\/\/potenciaradiofonicadominicana.com\/portal\/wp-json\/wp\/v2\/posts\/213812","targetHints":{"allow":["GET"]}}],"collection":[{"href":"https:\/\/potenciaradiofonicadominicana.com\/portal\/wp-json\/wp\/v2\/posts"}],"about":[{"href":"https:\/\/potenciaradiofonicadominicana.com\/portal\/wp-json\/wp\/v2\/types\/post"}],"author":[{"embeddable":true,"href":"https:\/\/potenciaradiofonicadominicana.com\/portal\/wp-json\/wp\/v2\/users\/2"}],"replies":[{"embeddable":true,"href":"https:\/\/potenciaradiofonicadominicana.com\/portal\/wp-json\/wp\/v2\/comments?post=213812"}],"version-history":[{"count":1,"href":"https:\/\/potenciaradiofonicadominicana.com\/portal\/wp-json\/wp\/v2\/posts\/213812\/revisions"}],"predecessor-version":[{"id":213814,"href":"https:\/\/potenciaradiofonicadominicana.com\/portal\/wp-json\/wp\/v2\/posts\/213812\/revisions\/213814"}],"wp:featuredmedia":[{"embeddable":true,"href":"https:\/\/potenciaradiofonicadominicana.com\/portal\/wp-json\/wp\/v2\/media\/213813"}],"wp:attachment":[{"href":"https:\/\/potenciaradiofonicadominicana.com\/portal\/wp-json\/wp\/v2\/media?parent=213812"}],"wp:term":[{"taxonomy":"category","embeddable":true,"href":"https:\/\/potenciaradiofonicadominicana.com\/portal\/wp-json\/wp\/v2\/categories?post=213812"},{"taxonomy":"post_tag","embeddable":true,"href":"https:\/\/potenciaradiofonicadominicana.com\/portal\/wp-json\/wp\/v2\/tags?post=213812"}],"curies":[{"name":"wp","href":"https:\/\/api.w.org\/{rel}","templated":true}]}}