{"id":213638,"date":"2026-03-25T21:59:18","date_gmt":"2026-03-26T01:59:18","guid":{"rendered":"https:\/\/potenciaradiofonicadominicana.com\/portal\/?p=213638"},"modified":"2026-03-25T21:59:18","modified_gmt":"2026-03-26T01:59:18","slug":"jeremy-pena-esta-totalmente-recuperado-y-jugara-en-el-partido-inaugural-con-los-astros","status":"publish","type":"post","link":"https:\/\/potenciaradiofonicadominicana.com\/portal\/jeremy-pena-esta-totalmente-recuperado-y-jugara-en-el-partido-inaugural-con-los-astros\/","title":{"rendered":"Jeremy Pe\u00f1a est\u00e1 totalmente recuperado, y jugar\u00e1 en el partido inaugural con los Astros"},"content":{"rendered":"<p><a href=\"https:\/\/potenciaradiofonicadominicana.com\/portal\/wp-content\/uploads\/2026\/03\/ctmsh4saurvhsw3bjkq6.jpg\"><img loading=\"lazy\" decoding=\"async\" class=\"alignnone size-full wp-image-213639\" src=\"https:\/\/potenciaradiofonicadominicana.com\/portal\/wp-content\/uploads\/2026\/03\/ctmsh4saurvhsw3bjkq6.jpg\" alt=\"\" width=\"1024\" height=\"576\" srcset=\"https:\/\/potenciaradiofonicadominicana.com\/portal\/wp-content\/uploads\/2026\/03\/ctmsh4saurvhsw3bjkq6.jpg 1024w, https:\/\/potenciaradiofonicadominicana.com\/portal\/wp-content\/uploads\/2026\/03\/ctmsh4saurvhsw3bjkq6-300x169.jpg 300w, https:\/\/potenciaradiofonicadominicana.com\/portal\/wp-content\/uploads\/2026\/03\/ctmsh4saurvhsw3bjkq6-768x432.jpg 768w\" sizes=\"auto, (max-width: 1024px) 100vw, 1024px\" \/><\/a><\/p>\n<p>Las dudas alrededor sobre del torpedero dominicano Jeremy Pe\u00f1a, de Houston, sobre s\u00ed jugar\u00eda en el partido inaugural, se disiparon por completo.<\/p>\n<p>La participaci\u00f3n de Pe\u00f1a con los Astros para el D\u00eda Inaugural era incierta, ya que a\u00fan se recupera de una lesi\u00f3n en el dedo, que sufri\u00f3 en el estadio Quisqueya, Juan Marichal, cuando jugaba con el equipo dominicano en los juegos de exhibici\u00f3n frente a Detroit. Se preparaba para participar en la sexta versi\u00f3n del Cl\u00e1sico Mundial de B\u00e9isbol. \u201cEsa preocupaci\u00f3n desapareci\u00f3 , ya que jugar\u00e1\u201d, seg\u00fan Matt Kawahara, del Houston Chronicle.<\/p>\n<p>Pe\u00f1a coment\u00f3 recientemente que su mayor preocupaci\u00f3n no era su dedo, sino sentirse c\u00f3modo al momento de batear. \u201cSiento que ahora mismo la preocupaci\u00f3n no es el dedo. Se trata de tener turnos al bate y sentirme listo para el juego\u201d, dijo Pe\u00f1a. En su \u00faltimo partido de pretemporada contra los Cardenales, bate\u00f3 de 4-1 con un jonr\u00f3n, y luego dijo que se sinti\u00f3 mucho mejor de lo esperado en cuanto a sincronizaci\u00f3n en sus turnos al bate. \u201cEn mis primeros tres turnos, obviamente, no obtuve los resultados que quer\u00eda, pero me sent\u00ed competitivo en el plato y me sent\u00ed fuerte\u201d, dijo Pena.<\/p>\n<p>\u201cSent\u00ed que reconoc\u00eda los lanzamientos. En general, dir\u00eda que es una victoria\u201d. Esta es una buena noticia para Houston, y significa que Pe\u00f1a deber\u00eda poder tener un impacto contra los Angelinos de Los \u00c1ngeles en el D\u00eda Inaugural. Hay grandes expectativas puestas en el equipo al comienzo de la temporada, y contar con Pe\u00f1a deber\u00eda ayudarles a tener un buen a\u00f1o.<\/p>\n<p>Por otro lado, los Astros informaron que los lanzadores dominicanos Ronel Blanco (en recuperaci\u00f3n de una cirug\u00eda de codo derecho), Enyel De Los Santos (distensi\u00f3n de rodilla derecha), iniciar\u00e1n en la lista de incapacitados.<\/p>\n","protected":false},"excerpt":{"rendered":"<p>Las dudas alrededor sobre del torpedero dominicano Jeremy Pe\u00f1a, de Houston, sobre s\u00ed jugar\u00eda en el partido inaugural, se disiparon &#8230;<\/p>\n","protected":false},"author":2,"featured_media":213639,"comment_status":"closed","ping_status":"closed","sticky":false,"template":"","format":"standard","meta":{"footnotes":""},"categories":[28],"tags":[],"class_list":["post-213638","post","type-post","status-publish","format-standard","has-post-thumbnail","hentry","category-deportes"],"yoast_head":"<!-- This site is optimized with the Yoast SEO plugin v24.8.1 - https:\/\/yoast.com\/wordpress\/plugins\/seo\/ -->\n<title>Jeremy Pe\u00f1a est\u00e1 totalmente recuperado, y jugar\u00e1 en el partido inaugural con los Astros - PotenciaRadiofonicaDominicana.com<\/title>\n<meta name=\"robots\" content=\"index, follow, max-snippet:-1, max-image-preview:large, max-video-preview:-1\" \/>\n<link rel=\"canonical\" href=\"https:\/\/potenciaradiofonicadominicana.com\/portal\/jeremy-pena-esta-totalmente-recuperado-y-jugara-en-el-partido-inaugural-con-los-astros\/\" \/>\n<meta property=\"og:locale\" content=\"es_ES\" \/>\n<meta property=\"og:type\" content=\"article\" \/>\n<meta property=\"og:title\" content=\"Jeremy Pe\u00f1a est\u00e1 totalmente recuperado, y jugar\u00e1 en el partido inaugural con los Astros - PotenciaRadiofonicaDominicana.com\" \/>\n<meta property=\"og:description\" content=\"Las dudas alrededor sobre del torpedero dominicano Jeremy Pe\u00f1a, de Houston, sobre s\u00ed jugar\u00eda en el partido inaugural, se disiparon ...\" \/>\n<meta property=\"og:url\" content=\"https:\/\/potenciaradiofonicadominicana.com\/portal\/jeremy-pena-esta-totalmente-recuperado-y-jugara-en-el-partido-inaugural-con-los-astros\/\" \/>\n<meta property=\"og:site_name\" content=\"PotenciaRadiofonicaDominicana.com\" \/>\n<meta property=\"article:publisher\" content=\"https:\/\/web.facebook.com\/PotenciaRadiofonicaD\" \/>\n<meta property=\"article:published_time\" content=\"2026-03-26T01:59:18+00:00\" \/>\n<meta property=\"og:image\" content=\"https:\/\/potenciaradiofonicadominicana.com\/portal\/wp-content\/uploads\/2026\/03\/ctmsh4saurvhsw3bjkq6.jpg\" \/>\n\t<meta property=\"og:image:width\" content=\"1024\" \/>\n\t<meta property=\"og:image:height\" content=\"576\" \/>\n\t<meta property=\"og:image:type\" content=\"image\/jpeg\" \/>\n<meta name=\"author\" content=\"Potencia Radiof\u00f3nica Dominicana\" \/>\n<meta name=\"twitter:card\" content=\"summary_large_image\" \/>\n<meta name=\"twitter:label1\" content=\"Escrito por\" \/>\n\t<meta name=\"twitter:data1\" content=\"Potencia Radiof\u00f3nica Dominicana\" \/>\n\t<meta name=\"twitter:label2\" content=\"Tiempo de lectura\" \/>\n\t<meta name=\"twitter:data2\" content=\"2 minutos\" \/>\n<script type=\"application\/ld+json\" class=\"yoast-schema-graph\">{\"@context\":\"https:\/\/schema.org\",\"@graph\":[{\"@type\":\"Article\",\"@id\":\"https:\/\/potenciaradiofonicadominicana.com\/portal\/jeremy-pena-esta-totalmente-recuperado-y-jugara-en-el-partido-inaugural-con-los-astros\/#article\",\"isPartOf\":{\"@id\":\"https:\/\/potenciaradiofonicadominicana.com\/portal\/jeremy-pena-esta-totalmente-recuperado-y-jugara-en-el-partido-inaugural-con-los-astros\/\"},\"author\":{\"name\":\"Potencia Radiof\u00f3nica Dominicana\",\"@id\":\"https:\/\/potenciaradiofonicadominicana.com\/portal\/#\/schema\/person\/a5cf1fea13877803ee0573ac18b03490\"},\"headline\":\"Jeremy Pe\u00f1a est\u00e1 totalmente recuperado, y jugar\u00e1 en el partido inaugural con los Astros\",\"datePublished\":\"2026-03-26T01:59:18+00:00\",\"mainEntityOfPage\":{\"@id\":\"https:\/\/potenciaradiofonicadominicana.com\/portal\/jeremy-pena-esta-totalmente-recuperado-y-jugara-en-el-partido-inaugural-con-los-astros\/\"},\"wordCount\":339,\"publisher\":{\"@id\":\"https:\/\/potenciaradiofonicadominicana.com\/portal\/#organization\"},\"image\":{\"@id\":\"https:\/\/potenciaradiofonicadominicana.com\/portal\/jeremy-pena-esta-totalmente-recuperado-y-jugara-en-el-partido-inaugural-con-los-astros\/#primaryimage\"},\"thumbnailUrl\":\"https:\/\/potenciaradiofonicadominicana.com\/portal\/wp-content\/uploads\/2026\/03\/ctmsh4saurvhsw3bjkq6.jpg\",\"articleSection\":[\"Deportes\"],\"inLanguage\":\"es\"},{\"@type\":\"WebPage\",\"@id\":\"https:\/\/potenciaradiofonicadominicana.com\/portal\/jeremy-pena-esta-totalmente-recuperado-y-jugara-en-el-partido-inaugural-con-los-astros\/\",\"url\":\"https:\/\/potenciaradiofonicadominicana.com\/portal\/jeremy-pena-esta-totalmente-recuperado-y-jugara-en-el-partido-inaugural-con-los-astros\/\",\"name\":\"Jeremy Pe\u00f1a est\u00e1 totalmente recuperado, y jugar\u00e1 en el partido inaugural con los Astros - PotenciaRadiofonicaDominicana.com\",\"isPartOf\":{\"@id\":\"https:\/\/potenciaradiofonicadominicana.com\/portal\/#website\"},\"primaryImageOfPage\":{\"@id\":\"https:\/\/potenciaradiofonicadominicana.com\/portal\/jeremy-pena-esta-totalmente-recuperado-y-jugara-en-el-partido-inaugural-con-los-astros\/#primaryimage\"},\"image\":{\"@id\":\"https:\/\/potenciaradiofonicadominicana.com\/portal\/jeremy-pena-esta-totalmente-recuperado-y-jugara-en-el-partido-inaugural-con-los-astros\/#primaryimage\"},\"thumbnailUrl\":\"https:\/\/potenciaradiofonicadominicana.com\/portal\/wp-content\/uploads\/2026\/03\/ctmsh4saurvhsw3bjkq6.jpg\",\"datePublished\":\"2026-03-26T01:59:18+00:00\",\"breadcrumb\":{\"@id\":\"https:\/\/potenciaradiofonicadominicana.com\/portal\/jeremy-pena-esta-totalmente-recuperado-y-jugara-en-el-partido-inaugural-con-los-astros\/#breadcrumb\"},\"inLanguage\":\"es\",\"potentialAction\":[{\"@type\":\"ReadAction\",\"target\":[\"https:\/\/potenciaradiofonicadominicana.com\/portal\/jeremy-pena-esta-totalmente-recuperado-y-jugara-en-el-partido-inaugural-con-los-astros\/\"]}]},{\"@type\":\"ImageObject\",\"inLanguage\":\"es\",\"@id\":\"https:\/\/potenciaradiofonicadominicana.com\/portal\/jeremy-pena-esta-totalmente-recuperado-y-jugara-en-el-partido-inaugural-con-los-astros\/#primaryimage\",\"url\":\"https:\/\/potenciaradiofonicadominicana.com\/portal\/wp-content\/uploads\/2026\/03\/ctmsh4saurvhsw3bjkq6.jpg\",\"contentUrl\":\"https:\/\/potenciaradiofonicadominicana.com\/portal\/wp-content\/uploads\/2026\/03\/ctmsh4saurvhsw3bjkq6.jpg\",\"width\":1024,\"height\":576},{\"@type\":\"BreadcrumbList\",\"@id\":\"https:\/\/potenciaradiofonicadominicana.com\/portal\/jeremy-pena-esta-totalmente-recuperado-y-jugara-en-el-partido-inaugural-con-los-astros\/#breadcrumb\",\"itemListElement\":[{\"@type\":\"ListItem\",\"position\":1,\"name\":\"Portada\",\"item\":\"https:\/\/potenciaradiofonicadominicana.com\/portal\/\"},{\"@type\":\"ListItem\",\"position\":2,\"name\":\"Jeremy Pe\u00f1a est\u00e1 totalmente recuperado, y jugar\u00e1 en el partido inaugural con los Astros\"}]},{\"@type\":\"WebSite\",\"@id\":\"https:\/\/potenciaradiofonicadominicana.com\/portal\/#website\",\"url\":\"https:\/\/potenciaradiofonicadominicana.com\/portal\/\",\"name\":\"PotenciaRadiofonicaDominicana.com\",\"description\":\"Peri\u00f3dico Digital\",\"publisher\":{\"@id\":\"https:\/\/potenciaradiofonicadominicana.com\/portal\/#organization\"},\"potentialAction\":[{\"@type\":\"SearchAction\",\"target\":{\"@type\":\"EntryPoint\",\"urlTemplate\":\"https:\/\/potenciaradiofonicadominicana.com\/portal\/?s={search_term_string}\"},\"query-input\":{\"@type\":\"PropertyValueSpecification\",\"valueRequired\":true,\"valueName\":\"search_term_string\"}}],\"inLanguage\":\"es\"},{\"@type\":\"Organization\",\"@id\":\"https:\/\/potenciaradiofonicadominicana.com\/portal\/#organization\",\"name\":\"PotenciaRadiofonicaDominicana.com\",\"url\":\"https:\/\/potenciaradiofonicadominicana.com\/portal\/\",\"logo\":{\"@type\":\"ImageObject\",\"inLanguage\":\"es\",\"@id\":\"https:\/\/potenciaradiofonicadominicana.com\/portal\/#\/schema\/logo\/image\/\",\"url\":\"https:\/\/potenciaradiofonicadominicana.com\/portal\/wp-content\/uploads\/2022\/01\/descarga.png\",\"contentUrl\":\"https:\/\/potenciaradiofonicadominicana.com\/portal\/wp-content\/uploads\/2022\/01\/descarga.png\",\"width\":300,\"height\":100,\"caption\":\"PotenciaRadiofonicaDominicana.com\"},\"image\":{\"@id\":\"https:\/\/potenciaradiofonicadominicana.com\/portal\/#\/schema\/logo\/image\/\"},\"sameAs\":[\"https:\/\/web.facebook.com\/PotenciaRadiofonicaD\"]},{\"@type\":\"Person\",\"@id\":\"https:\/\/potenciaradiofonicadominicana.com\/portal\/#\/schema\/person\/a5cf1fea13877803ee0573ac18b03490\",\"name\":\"Potencia Radiof\u00f3nica Dominicana\",\"image\":{\"@type\":\"ImageObject\",\"inLanguage\":\"es\",\"@id\":\"https:\/\/potenciaradiofonicadominicana.com\/portal\/#\/schema\/person\/image\/\",\"url\":\"https:\/\/secure.gravatar.com\/avatar\/42a55ab9e8ccc656ba34cd791990602a?s=96&d=mm&r=g\",\"contentUrl\":\"https:\/\/secure.gravatar.com\/avatar\/42a55ab9e8ccc656ba34cd791990602a?s=96&d=mm&r=g\",\"caption\":\"Potencia Radiof\u00f3nica Dominicana\"},\"url\":\"https:\/\/potenciaradiofonicadominicana.com\/portal\/author\/johannyalmanzar\/\"}]}<\/script>\n<!-- \/ Yoast SEO plugin. -->","yoast_head_json":{"title":"Jeremy Pe\u00f1a est\u00e1 totalmente recuperado, y jugar\u00e1 en el partido inaugural con los Astros - PotenciaRadiofonicaDominicana.com","robots":{"index":"index","follow":"follow","max-snippet":"max-snippet:-1","max-image-preview":"max-image-preview:large","max-video-preview":"max-video-preview:-1"},"canonical":"https:\/\/potenciaradiofonicadominicana.com\/portal\/jeremy-pena-esta-totalmente-recuperado-y-jugara-en-el-partido-inaugural-con-los-astros\/","og_locale":"es_ES","og_type":"article","og_title":"Jeremy Pe\u00f1a est\u00e1 totalmente recuperado, y jugar\u00e1 en el partido inaugural con los Astros - PotenciaRadiofonicaDominicana.com","og_description":"Las dudas alrededor sobre del torpedero dominicano Jeremy Pe\u00f1a, de Houston, sobre s\u00ed jugar\u00eda en el partido inaugural, se disiparon ...","og_url":"https:\/\/potenciaradiofonicadominicana.com\/portal\/jeremy-pena-esta-totalmente-recuperado-y-jugara-en-el-partido-inaugural-con-los-astros\/","og_site_name":"PotenciaRadiofonicaDominicana.com","article_publisher":"https:\/\/web.facebook.com\/PotenciaRadiofonicaD","article_published_time":"2026-03-26T01:59:18+00:00","og_image":[{"width":1024,"height":576,"url":"https:\/\/potenciaradiofonicadominicana.com\/portal\/wp-content\/uploads\/2026\/03\/ctmsh4saurvhsw3bjkq6.jpg","type":"image\/jpeg"}],"author":"Potencia Radiof\u00f3nica Dominicana","twitter_card":"summary_large_image","twitter_misc":{"Escrito por":"Potencia Radiof\u00f3nica Dominicana","Tiempo de lectura":"2 minutos"},"schema":{"@context":"https:\/\/schema.org","@graph":[{"@type":"Article","@id":"https:\/\/potenciaradiofonicadominicana.com\/portal\/jeremy-pena-esta-totalmente-recuperado-y-jugara-en-el-partido-inaugural-con-los-astros\/#article","isPartOf":{"@id":"https:\/\/potenciaradiofonicadominicana.com\/portal\/jeremy-pena-esta-totalmente-recuperado-y-jugara-en-el-partido-inaugural-con-los-astros\/"},"author":{"name":"Potencia Radiof\u00f3nica Dominicana","@id":"https:\/\/potenciaradiofonicadominicana.com\/portal\/#\/schema\/person\/a5cf1fea13877803ee0573ac18b03490"},"headline":"Jeremy Pe\u00f1a est\u00e1 totalmente recuperado, y jugar\u00e1 en el partido inaugural con los Astros","datePublished":"2026-03-26T01:59:18+00:00","mainEntityOfPage":{"@id":"https:\/\/potenciaradiofonicadominicana.com\/portal\/jeremy-pena-esta-totalmente-recuperado-y-jugara-en-el-partido-inaugural-con-los-astros\/"},"wordCount":339,"publisher":{"@id":"https:\/\/potenciaradiofonicadominicana.com\/portal\/#organization"},"image":{"@id":"https:\/\/potenciaradiofonicadominicana.com\/portal\/jeremy-pena-esta-totalmente-recuperado-y-jugara-en-el-partido-inaugural-con-los-astros\/#primaryimage"},"thumbnailUrl":"https:\/\/potenciaradiofonicadominicana.com\/portal\/wp-content\/uploads\/2026\/03\/ctmsh4saurvhsw3bjkq6.jpg","articleSection":["Deportes"],"inLanguage":"es"},{"@type":"WebPage","@id":"https:\/\/potenciaradiofonicadominicana.com\/portal\/jeremy-pena-esta-totalmente-recuperado-y-jugara-en-el-partido-inaugural-con-los-astros\/","url":"https:\/\/potenciaradiofonicadominicana.com\/portal\/jeremy-pena-esta-totalmente-recuperado-y-jugara-en-el-partido-inaugural-con-los-astros\/","name":"Jeremy Pe\u00f1a est\u00e1 totalmente recuperado, y jugar\u00e1 en el partido inaugural con los Astros - PotenciaRadiofonicaDominicana.com","isPartOf":{"@id":"https:\/\/potenciaradiofonicadominicana.com\/portal\/#website"},"primaryImageOfPage":{"@id":"https:\/\/potenciaradiofonicadominicana.com\/portal\/jeremy-pena-esta-totalmente-recuperado-y-jugara-en-el-partido-inaugural-con-los-astros\/#primaryimage"},"image":{"@id":"https:\/\/potenciaradiofonicadominicana.com\/portal\/jeremy-pena-esta-totalmente-recuperado-y-jugara-en-el-partido-inaugural-con-los-astros\/#primaryimage"},"thumbnailUrl":"https:\/\/potenciaradiofonicadominicana.com\/portal\/wp-content\/uploads\/2026\/03\/ctmsh4saurvhsw3bjkq6.jpg","datePublished":"2026-03-26T01:59:18+00:00","breadcrumb":{"@id":"https:\/\/potenciaradiofonicadominicana.com\/portal\/jeremy-pena-esta-totalmente-recuperado-y-jugara-en-el-partido-inaugural-con-los-astros\/#breadcrumb"},"inLanguage":"es","potentialAction":[{"@type":"ReadAction","target":["https:\/\/potenciaradiofonicadominicana.com\/portal\/jeremy-pena-esta-totalmente-recuperado-y-jugara-en-el-partido-inaugural-con-los-astros\/"]}]},{"@type":"ImageObject","inLanguage":"es","@id":"https:\/\/potenciaradiofonicadominicana.com\/portal\/jeremy-pena-esta-totalmente-recuperado-y-jugara-en-el-partido-inaugural-con-los-astros\/#primaryimage","url":"https:\/\/potenciaradiofonicadominicana.com\/portal\/wp-content\/uploads\/2026\/03\/ctmsh4saurvhsw3bjkq6.jpg","contentUrl":"https:\/\/potenciaradiofonicadominicana.com\/portal\/wp-content\/uploads\/2026\/03\/ctmsh4saurvhsw3bjkq6.jpg","width":1024,"height":576},{"@type":"BreadcrumbList","@id":"https:\/\/potenciaradiofonicadominicana.com\/portal\/jeremy-pena-esta-totalmente-recuperado-y-jugara-en-el-partido-inaugural-con-los-astros\/#breadcrumb","itemListElement":[{"@type":"ListItem","position":1,"name":"Portada","item":"https:\/\/potenciaradiofonicadominicana.com\/portal\/"},{"@type":"ListItem","position":2,"name":"Jeremy Pe\u00f1a est\u00e1 totalmente recuperado, y jugar\u00e1 en el partido inaugural con los Astros"}]},{"@type":"WebSite","@id":"https:\/\/potenciaradiofonicadominicana.com\/portal\/#website","url":"https:\/\/potenciaradiofonicadominicana.com\/portal\/","name":"PotenciaRadiofonicaDominicana.com","description":"Peri\u00f3dico Digital","publisher":{"@id":"https:\/\/potenciaradiofonicadominicana.com\/portal\/#organization"},"potentialAction":[{"@type":"SearchAction","target":{"@type":"EntryPoint","urlTemplate":"https:\/\/potenciaradiofonicadominicana.com\/portal\/?s={search_term_string}"},"query-input":{"@type":"PropertyValueSpecification","valueRequired":true,"valueName":"search_term_string"}}],"inLanguage":"es"},{"@type":"Organization","@id":"https:\/\/potenciaradiofonicadominicana.com\/portal\/#organization","name":"PotenciaRadiofonicaDominicana.com","url":"https:\/\/potenciaradiofonicadominicana.com\/portal\/","logo":{"@type":"ImageObject","inLanguage":"es","@id":"https:\/\/potenciaradiofonicadominicana.com\/portal\/#\/schema\/logo\/image\/","url":"https:\/\/potenciaradiofonicadominicana.com\/portal\/wp-content\/uploads\/2022\/01\/descarga.png","contentUrl":"https:\/\/potenciaradiofonicadominicana.com\/portal\/wp-content\/uploads\/2022\/01\/descarga.png","width":300,"height":100,"caption":"PotenciaRadiofonicaDominicana.com"},"image":{"@id":"https:\/\/potenciaradiofonicadominicana.com\/portal\/#\/schema\/logo\/image\/"},"sameAs":["https:\/\/web.facebook.com\/PotenciaRadiofonicaD"]},{"@type":"Person","@id":"https:\/\/potenciaradiofonicadominicana.com\/portal\/#\/schema\/person\/a5cf1fea13877803ee0573ac18b03490","name":"Potencia Radiof\u00f3nica Dominicana","image":{"@type":"ImageObject","inLanguage":"es","@id":"https:\/\/potenciaradiofonicadominicana.com\/portal\/#\/schema\/person\/image\/","url":"https:\/\/secure.gravatar.com\/avatar\/42a55ab9e8ccc656ba34cd791990602a?s=96&d=mm&r=g","contentUrl":"https:\/\/secure.gravatar.com\/avatar\/42a55ab9e8ccc656ba34cd791990602a?s=96&d=mm&r=g","caption":"Potencia Radiof\u00f3nica Dominicana"},"url":"https:\/\/potenciaradiofonicadominicana.com\/portal\/author\/johannyalmanzar\/"}]}},"_links":{"self":[{"href":"https:\/\/potenciaradiofonicadominicana.com\/portal\/wp-json\/wp\/v2\/posts\/213638","targetHints":{"allow":["GET"]}}],"collection":[{"href":"https:\/\/potenciaradiofonicadominicana.com\/portal\/wp-json\/wp\/v2\/posts"}],"about":[{"href":"https:\/\/potenciaradiofonicadominicana.com\/portal\/wp-json\/wp\/v2\/types\/post"}],"author":[{"embeddable":true,"href":"https:\/\/potenciaradiofonicadominicana.com\/portal\/wp-json\/wp\/v2\/users\/2"}],"replies":[{"embeddable":true,"href":"https:\/\/potenciaradiofonicadominicana.com\/portal\/wp-json\/wp\/v2\/comments?post=213638"}],"version-history":[{"count":1,"href":"https:\/\/potenciaradiofonicadominicana.com\/portal\/wp-json\/wp\/v2\/posts\/213638\/revisions"}],"predecessor-version":[{"id":213640,"href":"https:\/\/potenciaradiofonicadominicana.com\/portal\/wp-json\/wp\/v2\/posts\/213638\/revisions\/213640"}],"wp:featuredmedia":[{"embeddable":true,"href":"https:\/\/potenciaradiofonicadominicana.com\/portal\/wp-json\/wp\/v2\/media\/213639"}],"wp:attachment":[{"href":"https:\/\/potenciaradiofonicadominicana.com\/portal\/wp-json\/wp\/v2\/media?parent=213638"}],"wp:term":[{"taxonomy":"category","embeddable":true,"href":"https:\/\/potenciaradiofonicadominicana.com\/portal\/wp-json\/wp\/v2\/categories?post=213638"},{"taxonomy":"post_tag","embeddable":true,"href":"https:\/\/potenciaradiofonicadominicana.com\/portal\/wp-json\/wp\/v2\/tags?post=213638"}],"curies":[{"name":"wp","href":"https:\/\/api.w.org\/{rel}","templated":true}]}}