{"id":213635,"date":"2026-03-25T21:57:20","date_gmt":"2026-03-26T01:57:20","guid":{"rendered":"https:\/\/potenciaradiofonicadominicana.com\/portal\/?p=213635"},"modified":"2026-03-25T21:57:20","modified_gmt":"2026-03-26T01:57:20","slug":"cuatro-suenos-y-doce-pesadillas-arranca-la-eliminatoria-europea-final-rumbo-al-mundial-2026","status":"publish","type":"post","link":"https:\/\/potenciaradiofonicadominicana.com\/portal\/cuatro-suenos-y-doce-pesadillas-arranca-la-eliminatoria-europea-final-rumbo-al-mundial-2026\/","title":{"rendered":"Cuatro sue\u00f1os y doce pesadillas: arranca la eliminatoria europea final rumbo al Mundial 2026"},"content":{"rendered":"<p><a href=\"https:\/\/potenciaradiofonicadominicana.com\/portal\/wp-content\/uploads\/2026\/03\/mundial-2026-el-11-de-diciembre-es-el-tercer-plazo-para-entradas-4ca56b52-focus-0-0.14-896-504.jpg\"><img loading=\"lazy\" decoding=\"async\" class=\"alignnone size-full wp-image-213636\" src=\"https:\/\/potenciaradiofonicadominicana.com\/portal\/wp-content\/uploads\/2026\/03\/mundial-2026-el-11-de-diciembre-es-el-tercer-plazo-para-entradas-4ca56b52-focus-0-0.14-896-504.jpg\" alt=\"\" width=\"896\" height=\"503\" srcset=\"https:\/\/potenciaradiofonicadominicana.com\/portal\/wp-content\/uploads\/2026\/03\/mundial-2026-el-11-de-diciembre-es-el-tercer-plazo-para-entradas-4ca56b52-focus-0-0.14-896-504.jpg 896w, https:\/\/potenciaradiofonicadominicana.com\/portal\/wp-content\/uploads\/2026\/03\/mundial-2026-el-11-de-diciembre-es-el-tercer-plazo-para-entradas-4ca56b52-focus-0-0.14-896-504-300x168.jpg 300w, https:\/\/potenciaradiofonicadominicana.com\/portal\/wp-content\/uploads\/2026\/03\/mundial-2026-el-11-de-diciembre-es-el-tercer-plazo-para-entradas-4ca56b52-focus-0-0.14-896-504-768x431.jpg 768w\" sizes=\"auto, (max-width: 896px) 100vw, 896px\" \/><\/a><\/p>\n<p>Algunas, como Dinamarca, Polonia o Gales, anhelan repetir. Pero para Italia, cuatro veces campeona mundial, es una obligaci\u00f3n tras perderse Rusia 2018 y Catar 2022: los play-offs europeos de acceso al Mundial dejar\u00e1n a cuatro selecciones satisfechas y a doce con la miel en los labios.<\/p>\n<p>Las diecis\u00e9is selecciones participantes en la repesca est\u00e1n repartidas en cuatro rutas. Cada uno de esos cuadros cuenta con una semifinal y una final a un \u00fanico partido.<\/p>\n<p>Y como ocurri\u00f3 antes de los Mundiales 2018 y 2022, todas las miradas est\u00e1n puestas en Italia. La tetracampeona mundial se ha perdido las dos \u00faltimas ediciones tras caer precisamente en el repechaje.<\/p>\n<p>Ad<br \/>\nEmparejados en la Ruta A, los jugadores entrenados por Gennaro Gattuso deber\u00e1n superar primero a Irlanda del Norte en B\u00e9rgamo, y en caso de victoria, se jugar\u00e1n su boleto contra el vencedor del Gales-Bosnia Herzegovina.<\/p>\n<p>Calendario eliminatoria europea final rumbo al Mundial 2026<br \/>\nFecha Ruta Partido Hora RD<br \/>\nJueves 26 de marzo A Italia &#8211; Irlanda del Norte 3:45 pm<br \/>\nJueves 26 de marzo A Gales &#8211; Bosnia-Herzegovina 3:45 pm<br \/>\nJueves 26 de marzo B Polonia &#8211; Albania 3:45 pm<br \/>\nJueves 26 de marzo B Ucrania &#8211; Suecia 3:45 pm<br \/>\nJueves 26 de marzo C Turqu\u00eda &#8211; Ruman\u00eda 12:00 pm<br \/>\nJueves 26 de marzo C Eslovaquia &#8211; Kosovo 3:45 pm<br \/>\nJueves 26 de marzo D Dinamarca &#8211; Macedonia del Norte 3:45 pm<br \/>\nJueves 26 de marzo D Rep\u00fablica Checa &#8211; Irlanda 3:45 pm<br \/>\nMartes 31 de marzo A-D Finales de cada ruta 1:45 pm<br \/>\nLos galeses, que disputaron en Catar 2022 el segundo Mundial de su historia tras Suecia 1958, se enfrentan en Cardiff a una selecci\u00f3n a la que todav\u00eda no han vencido en sus cuatro duelos previos, con dos derrotas y dos empates.<\/p>\n<p>La Ruta B tambi\u00e9n se presenta igualada, con selecciones de peso, como Polonia y Suecia, y &#8216;outsiders&#8217; como Albania o Ucrania.<\/p>\n<p>Los compa\u00f1eros de Robert Lewandowski, en mejor\u00eda desde la llegada de Jan Urban al banquillo en julio de 2025, se medir\u00e1n en b\u00fasqueda de su d\u00e9cimo Mundial a la Albania entrenada por el brasile\u00f1o Sylvinho.<\/p>\n<p>Por el otro lado del cuadro est\u00e1 Suecia, tras no haber ganado ninguno de sus seis partidos en la fase de grupos de la clasificaci\u00f3n europea.<\/p>\n<p>Suecia tambi\u00e9n aspira<br \/>\nTodav\u00eda desprovista del lesionado Alexander Isak, la p\u00f3lvora sueca estar\u00e1 en las botas de Viktor Gy\u00f6keres. El ariete del Arsenal suma ya once goles en Premier League y ser\u00e1 la referencia ofensiva contra Ucrania, en un partido que se disputar\u00e1 en Valencia como campo neutral.<\/p>\n<p>Los ucranianos mantienen vivo el sue\u00f1o de disputar un Mundial cuando se cumplen 20 a\u00f1os de su \u00fanica participaci\u00f3n, en Alemania 2006.<\/p>\n<p>A trav\u00e9s de la Ruta C, el seleccionador Mircea Lucescu tratar\u00e1 de llevar a Ruman\u00eda de vuelta a un Mundial tras seis ediciones ausente. Lo har\u00e1 contra un viejo conocido, Turqu\u00eda, selecci\u00f3n a la que Lucescu dirigi\u00f3 en dos periodos.<\/p>\n<p>Pese a que Arda G\u00fcler y sus compa\u00f1eros alcanzaron los cuartos de final en la reciente Eurocopa 2024, Turqu\u00eda no disputa un Mundial desde Corea y Jap\u00f3n 2002, edici\u00f3n en la que dieron la sorpresa quedando en tercera posici\u00f3n.<\/p>\n<p>El vencedor del duelo entre rumanos y turcos se jugar\u00e1 el boleto a Norteam\u00e9rica contra Eslovaquia o Kosovo, peque\u00f1o estado que aspira a su primer Mundial.<\/p>\n<p>Por \u00faltimo, en la Ruta D est\u00e1 Dinamarca, campeona de Europa en 1992 y que qued\u00f3 apeada de la clasificaci\u00f3n directa en las \u00faltimas dos jornadas.<\/p>\n<p>Su primer obst\u00e1culo ser\u00e1 Macedonia del Norte, verdugo de Italia en el repechaje hacia el Mundial 2022 pero que perdi\u00f3 entonces la final del playoff contra Portugal.<\/p>\n<p>Desde la otra semifinal de este cuadro, Rep\u00fablica Checa e Irlanda sue\u00f1an con volver al Mundial veinte y veinticuatro a\u00f1os despu\u00e9s respectivamente.<\/p>\n","protected":false},"excerpt":{"rendered":"<p>Algunas, como Dinamarca, Polonia o Gales, anhelan repetir. Pero para Italia, cuatro veces campeona mundial, es una obligaci\u00f3n tras perderse &#8230;<\/p>\n","protected":false},"author":2,"featured_media":213636,"comment_status":"closed","ping_status":"closed","sticky":false,"template":"","format":"standard","meta":{"footnotes":""},"categories":[28],"tags":[],"class_list":["post-213635","post","type-post","status-publish","format-standard","has-post-thumbnail","hentry","category-deportes"],"yoast_head":"<!-- This site is optimized with the Yoast SEO plugin v24.8.1 - https:\/\/yoast.com\/wordpress\/plugins\/seo\/ -->\n<title>Cuatro sue\u00f1os y doce pesadillas: arranca la eliminatoria europea final rumbo al Mundial 2026 - PotenciaRadiofonicaDominicana.com<\/title>\n<meta name=\"robots\" content=\"index, follow, max-snippet:-1, max-image-preview:large, max-video-preview:-1\" \/>\n<link rel=\"canonical\" href=\"https:\/\/potenciaradiofonicadominicana.com\/portal\/cuatro-suenos-y-doce-pesadillas-arranca-la-eliminatoria-europea-final-rumbo-al-mundial-2026\/\" \/>\n<meta property=\"og:locale\" content=\"es_ES\" \/>\n<meta property=\"og:type\" content=\"article\" \/>\n<meta property=\"og:title\" content=\"Cuatro sue\u00f1os y doce pesadillas: arranca la eliminatoria europea final rumbo al Mundial 2026 - PotenciaRadiofonicaDominicana.com\" \/>\n<meta property=\"og:description\" content=\"Algunas, como Dinamarca, Polonia o Gales, anhelan repetir. Pero para Italia, cuatro veces campeona mundial, es una obligaci\u00f3n tras perderse ...\" \/>\n<meta property=\"og:url\" content=\"https:\/\/potenciaradiofonicadominicana.com\/portal\/cuatro-suenos-y-doce-pesadillas-arranca-la-eliminatoria-europea-final-rumbo-al-mundial-2026\/\" \/>\n<meta property=\"og:site_name\" content=\"PotenciaRadiofonicaDominicana.com\" \/>\n<meta property=\"article:publisher\" content=\"https:\/\/web.facebook.com\/PotenciaRadiofonicaD\" \/>\n<meta property=\"article:published_time\" content=\"2026-03-26T01:57:20+00:00\" \/>\n<meta property=\"og:image\" content=\"https:\/\/potenciaradiofonicadominicana.com\/portal\/wp-content\/uploads\/2026\/03\/mundial-2026-el-11-de-diciembre-es-el-tercer-plazo-para-entradas-4ca56b52-focus-0-0.14-896-504.jpg\" \/>\n\t<meta property=\"og:image:width\" content=\"896\" \/>\n\t<meta property=\"og:image:height\" content=\"503\" \/>\n\t<meta property=\"og:image:type\" content=\"image\/jpeg\" \/>\n<meta name=\"author\" content=\"Potencia Radiof\u00f3nica Dominicana\" \/>\n<meta name=\"twitter:card\" content=\"summary_large_image\" \/>\n<meta name=\"twitter:label1\" content=\"Escrito por\" \/>\n\t<meta name=\"twitter:data1\" content=\"Potencia Radiof\u00f3nica Dominicana\" \/>\n\t<meta name=\"twitter:label2\" content=\"Tiempo de lectura\" \/>\n\t<meta name=\"twitter:data2\" content=\"4 minutos\" \/>\n<script type=\"application\/ld+json\" class=\"yoast-schema-graph\">{\"@context\":\"https:\/\/schema.org\",\"@graph\":[{\"@type\":\"Article\",\"@id\":\"https:\/\/potenciaradiofonicadominicana.com\/portal\/cuatro-suenos-y-doce-pesadillas-arranca-la-eliminatoria-europea-final-rumbo-al-mundial-2026\/#article\",\"isPartOf\":{\"@id\":\"https:\/\/potenciaradiofonicadominicana.com\/portal\/cuatro-suenos-y-doce-pesadillas-arranca-la-eliminatoria-europea-final-rumbo-al-mundial-2026\/\"},\"author\":{\"name\":\"Potencia Radiof\u00f3nica Dominicana\",\"@id\":\"https:\/\/potenciaradiofonicadominicana.com\/portal\/#\/schema\/person\/a5cf1fea13877803ee0573ac18b03490\"},\"headline\":\"Cuatro sue\u00f1os y doce pesadillas: arranca la eliminatoria europea final rumbo al Mundial 2026\",\"datePublished\":\"2026-03-26T01:57:20+00:00\",\"mainEntityOfPage\":{\"@id\":\"https:\/\/potenciaradiofonicadominicana.com\/portal\/cuatro-suenos-y-doce-pesadillas-arranca-la-eliminatoria-europea-final-rumbo-al-mundial-2026\/\"},\"wordCount\":653,\"publisher\":{\"@id\":\"https:\/\/potenciaradiofonicadominicana.com\/portal\/#organization\"},\"image\":{\"@id\":\"https:\/\/potenciaradiofonicadominicana.com\/portal\/cuatro-suenos-y-doce-pesadillas-arranca-la-eliminatoria-europea-final-rumbo-al-mundial-2026\/#primaryimage\"},\"thumbnailUrl\":\"https:\/\/potenciaradiofonicadominicana.com\/portal\/wp-content\/uploads\/2026\/03\/mundial-2026-el-11-de-diciembre-es-el-tercer-plazo-para-entradas-4ca56b52-focus-0-0.14-896-504.jpg\",\"articleSection\":[\"Deportes\"],\"inLanguage\":\"es\"},{\"@type\":\"WebPage\",\"@id\":\"https:\/\/potenciaradiofonicadominicana.com\/portal\/cuatro-suenos-y-doce-pesadillas-arranca-la-eliminatoria-europea-final-rumbo-al-mundial-2026\/\",\"url\":\"https:\/\/potenciaradiofonicadominicana.com\/portal\/cuatro-suenos-y-doce-pesadillas-arranca-la-eliminatoria-europea-final-rumbo-al-mundial-2026\/\",\"name\":\"Cuatro sue\u00f1os y doce pesadillas: arranca la eliminatoria europea final rumbo al Mundial 2026 - PotenciaRadiofonicaDominicana.com\",\"isPartOf\":{\"@id\":\"https:\/\/potenciaradiofonicadominicana.com\/portal\/#website\"},\"primaryImageOfPage\":{\"@id\":\"https:\/\/potenciaradiofonicadominicana.com\/portal\/cuatro-suenos-y-doce-pesadillas-arranca-la-eliminatoria-europea-final-rumbo-al-mundial-2026\/#primaryimage\"},\"image\":{\"@id\":\"https:\/\/potenciaradiofonicadominicana.com\/portal\/cuatro-suenos-y-doce-pesadillas-arranca-la-eliminatoria-europea-final-rumbo-al-mundial-2026\/#primaryimage\"},\"thumbnailUrl\":\"https:\/\/potenciaradiofonicadominicana.com\/portal\/wp-content\/uploads\/2026\/03\/mundial-2026-el-11-de-diciembre-es-el-tercer-plazo-para-entradas-4ca56b52-focus-0-0.14-896-504.jpg\",\"datePublished\":\"2026-03-26T01:57:20+00:00\",\"breadcrumb\":{\"@id\":\"https:\/\/potenciaradiofonicadominicana.com\/portal\/cuatro-suenos-y-doce-pesadillas-arranca-la-eliminatoria-europea-final-rumbo-al-mundial-2026\/#breadcrumb\"},\"inLanguage\":\"es\",\"potentialAction\":[{\"@type\":\"ReadAction\",\"target\":[\"https:\/\/potenciaradiofonicadominicana.com\/portal\/cuatro-suenos-y-doce-pesadillas-arranca-la-eliminatoria-europea-final-rumbo-al-mundial-2026\/\"]}]},{\"@type\":\"ImageObject\",\"inLanguage\":\"es\",\"@id\":\"https:\/\/potenciaradiofonicadominicana.com\/portal\/cuatro-suenos-y-doce-pesadillas-arranca-la-eliminatoria-europea-final-rumbo-al-mundial-2026\/#primaryimage\",\"url\":\"https:\/\/potenciaradiofonicadominicana.com\/portal\/wp-content\/uploads\/2026\/03\/mundial-2026-el-11-de-diciembre-es-el-tercer-plazo-para-entradas-4ca56b52-focus-0-0.14-896-504.jpg\",\"contentUrl\":\"https:\/\/potenciaradiofonicadominicana.com\/portal\/wp-content\/uploads\/2026\/03\/mundial-2026-el-11-de-diciembre-es-el-tercer-plazo-para-entradas-4ca56b52-focus-0-0.14-896-504.jpg\",\"width\":896,\"height\":503},{\"@type\":\"BreadcrumbList\",\"@id\":\"https:\/\/potenciaradiofonicadominicana.com\/portal\/cuatro-suenos-y-doce-pesadillas-arranca-la-eliminatoria-europea-final-rumbo-al-mundial-2026\/#breadcrumb\",\"itemListElement\":[{\"@type\":\"ListItem\",\"position\":1,\"name\":\"Portada\",\"item\":\"https:\/\/potenciaradiofonicadominicana.com\/portal\/\"},{\"@type\":\"ListItem\",\"position\":2,\"name\":\"Cuatro sue\u00f1os y doce pesadillas: arranca la eliminatoria europea final rumbo al Mundial 2026\"}]},{\"@type\":\"WebSite\",\"@id\":\"https:\/\/potenciaradiofonicadominicana.com\/portal\/#website\",\"url\":\"https:\/\/potenciaradiofonicadominicana.com\/portal\/\",\"name\":\"PotenciaRadiofonicaDominicana.com\",\"description\":\"Peri\u00f3dico Digital\",\"publisher\":{\"@id\":\"https:\/\/potenciaradiofonicadominicana.com\/portal\/#organization\"},\"potentialAction\":[{\"@type\":\"SearchAction\",\"target\":{\"@type\":\"EntryPoint\",\"urlTemplate\":\"https:\/\/potenciaradiofonicadominicana.com\/portal\/?s={search_term_string}\"},\"query-input\":{\"@type\":\"PropertyValueSpecification\",\"valueRequired\":true,\"valueName\":\"search_term_string\"}}],\"inLanguage\":\"es\"},{\"@type\":\"Organization\",\"@id\":\"https:\/\/potenciaradiofonicadominicana.com\/portal\/#organization\",\"name\":\"PotenciaRadiofonicaDominicana.com\",\"url\":\"https:\/\/potenciaradiofonicadominicana.com\/portal\/\",\"logo\":{\"@type\":\"ImageObject\",\"inLanguage\":\"es\",\"@id\":\"https:\/\/potenciaradiofonicadominicana.com\/portal\/#\/schema\/logo\/image\/\",\"url\":\"https:\/\/potenciaradiofonicadominicana.com\/portal\/wp-content\/uploads\/2022\/01\/descarga.png\",\"contentUrl\":\"https:\/\/potenciaradiofonicadominicana.com\/portal\/wp-content\/uploads\/2022\/01\/descarga.png\",\"width\":300,\"height\":100,\"caption\":\"PotenciaRadiofonicaDominicana.com\"},\"image\":{\"@id\":\"https:\/\/potenciaradiofonicadominicana.com\/portal\/#\/schema\/logo\/image\/\"},\"sameAs\":[\"https:\/\/web.facebook.com\/PotenciaRadiofonicaD\"]},{\"@type\":\"Person\",\"@id\":\"https:\/\/potenciaradiofonicadominicana.com\/portal\/#\/schema\/person\/a5cf1fea13877803ee0573ac18b03490\",\"name\":\"Potencia Radiof\u00f3nica Dominicana\",\"image\":{\"@type\":\"ImageObject\",\"inLanguage\":\"es\",\"@id\":\"https:\/\/potenciaradiofonicadominicana.com\/portal\/#\/schema\/person\/image\/\",\"url\":\"https:\/\/secure.gravatar.com\/avatar\/42a55ab9e8ccc656ba34cd791990602a?s=96&d=mm&r=g\",\"contentUrl\":\"https:\/\/secure.gravatar.com\/avatar\/42a55ab9e8ccc656ba34cd791990602a?s=96&d=mm&r=g\",\"caption\":\"Potencia Radiof\u00f3nica Dominicana\"},\"url\":\"https:\/\/potenciaradiofonicadominicana.com\/portal\/author\/johannyalmanzar\/\"}]}<\/script>\n<!-- \/ Yoast SEO plugin. -->","yoast_head_json":{"title":"Cuatro sue\u00f1os y doce pesadillas: arranca la eliminatoria europea final rumbo al Mundial 2026 - PotenciaRadiofonicaDominicana.com","robots":{"index":"index","follow":"follow","max-snippet":"max-snippet:-1","max-image-preview":"max-image-preview:large","max-video-preview":"max-video-preview:-1"},"canonical":"https:\/\/potenciaradiofonicadominicana.com\/portal\/cuatro-suenos-y-doce-pesadillas-arranca-la-eliminatoria-europea-final-rumbo-al-mundial-2026\/","og_locale":"es_ES","og_type":"article","og_title":"Cuatro sue\u00f1os y doce pesadillas: arranca la eliminatoria europea final rumbo al Mundial 2026 - PotenciaRadiofonicaDominicana.com","og_description":"Algunas, como Dinamarca, Polonia o Gales, anhelan repetir. Pero para Italia, cuatro veces campeona mundial, es una obligaci\u00f3n tras perderse ...","og_url":"https:\/\/potenciaradiofonicadominicana.com\/portal\/cuatro-suenos-y-doce-pesadillas-arranca-la-eliminatoria-europea-final-rumbo-al-mundial-2026\/","og_site_name":"PotenciaRadiofonicaDominicana.com","article_publisher":"https:\/\/web.facebook.com\/PotenciaRadiofonicaD","article_published_time":"2026-03-26T01:57:20+00:00","og_image":[{"width":896,"height":503,"url":"https:\/\/potenciaradiofonicadominicana.com\/portal\/wp-content\/uploads\/2026\/03\/mundial-2026-el-11-de-diciembre-es-el-tercer-plazo-para-entradas-4ca56b52-focus-0-0.14-896-504.jpg","type":"image\/jpeg"}],"author":"Potencia Radiof\u00f3nica Dominicana","twitter_card":"summary_large_image","twitter_misc":{"Escrito por":"Potencia Radiof\u00f3nica Dominicana","Tiempo de lectura":"4 minutos"},"schema":{"@context":"https:\/\/schema.org","@graph":[{"@type":"Article","@id":"https:\/\/potenciaradiofonicadominicana.com\/portal\/cuatro-suenos-y-doce-pesadillas-arranca-la-eliminatoria-europea-final-rumbo-al-mundial-2026\/#article","isPartOf":{"@id":"https:\/\/potenciaradiofonicadominicana.com\/portal\/cuatro-suenos-y-doce-pesadillas-arranca-la-eliminatoria-europea-final-rumbo-al-mundial-2026\/"},"author":{"name":"Potencia Radiof\u00f3nica Dominicana","@id":"https:\/\/potenciaradiofonicadominicana.com\/portal\/#\/schema\/person\/a5cf1fea13877803ee0573ac18b03490"},"headline":"Cuatro sue\u00f1os y doce pesadillas: arranca la eliminatoria europea final rumbo al Mundial 2026","datePublished":"2026-03-26T01:57:20+00:00","mainEntityOfPage":{"@id":"https:\/\/potenciaradiofonicadominicana.com\/portal\/cuatro-suenos-y-doce-pesadillas-arranca-la-eliminatoria-europea-final-rumbo-al-mundial-2026\/"},"wordCount":653,"publisher":{"@id":"https:\/\/potenciaradiofonicadominicana.com\/portal\/#organization"},"image":{"@id":"https:\/\/potenciaradiofonicadominicana.com\/portal\/cuatro-suenos-y-doce-pesadillas-arranca-la-eliminatoria-europea-final-rumbo-al-mundial-2026\/#primaryimage"},"thumbnailUrl":"https:\/\/potenciaradiofonicadominicana.com\/portal\/wp-content\/uploads\/2026\/03\/mundial-2026-el-11-de-diciembre-es-el-tercer-plazo-para-entradas-4ca56b52-focus-0-0.14-896-504.jpg","articleSection":["Deportes"],"inLanguage":"es"},{"@type":"WebPage","@id":"https:\/\/potenciaradiofonicadominicana.com\/portal\/cuatro-suenos-y-doce-pesadillas-arranca-la-eliminatoria-europea-final-rumbo-al-mundial-2026\/","url":"https:\/\/potenciaradiofonicadominicana.com\/portal\/cuatro-suenos-y-doce-pesadillas-arranca-la-eliminatoria-europea-final-rumbo-al-mundial-2026\/","name":"Cuatro sue\u00f1os y doce pesadillas: arranca la eliminatoria europea final rumbo al Mundial 2026 - PotenciaRadiofonicaDominicana.com","isPartOf":{"@id":"https:\/\/potenciaradiofonicadominicana.com\/portal\/#website"},"primaryImageOfPage":{"@id":"https:\/\/potenciaradiofonicadominicana.com\/portal\/cuatro-suenos-y-doce-pesadillas-arranca-la-eliminatoria-europea-final-rumbo-al-mundial-2026\/#primaryimage"},"image":{"@id":"https:\/\/potenciaradiofonicadominicana.com\/portal\/cuatro-suenos-y-doce-pesadillas-arranca-la-eliminatoria-europea-final-rumbo-al-mundial-2026\/#primaryimage"},"thumbnailUrl":"https:\/\/potenciaradiofonicadominicana.com\/portal\/wp-content\/uploads\/2026\/03\/mundial-2026-el-11-de-diciembre-es-el-tercer-plazo-para-entradas-4ca56b52-focus-0-0.14-896-504.jpg","datePublished":"2026-03-26T01:57:20+00:00","breadcrumb":{"@id":"https:\/\/potenciaradiofonicadominicana.com\/portal\/cuatro-suenos-y-doce-pesadillas-arranca-la-eliminatoria-europea-final-rumbo-al-mundial-2026\/#breadcrumb"},"inLanguage":"es","potentialAction":[{"@type":"ReadAction","target":["https:\/\/potenciaradiofonicadominicana.com\/portal\/cuatro-suenos-y-doce-pesadillas-arranca-la-eliminatoria-europea-final-rumbo-al-mundial-2026\/"]}]},{"@type":"ImageObject","inLanguage":"es","@id":"https:\/\/potenciaradiofonicadominicana.com\/portal\/cuatro-suenos-y-doce-pesadillas-arranca-la-eliminatoria-europea-final-rumbo-al-mundial-2026\/#primaryimage","url":"https:\/\/potenciaradiofonicadominicana.com\/portal\/wp-content\/uploads\/2026\/03\/mundial-2026-el-11-de-diciembre-es-el-tercer-plazo-para-entradas-4ca56b52-focus-0-0.14-896-504.jpg","contentUrl":"https:\/\/potenciaradiofonicadominicana.com\/portal\/wp-content\/uploads\/2026\/03\/mundial-2026-el-11-de-diciembre-es-el-tercer-plazo-para-entradas-4ca56b52-focus-0-0.14-896-504.jpg","width":896,"height":503},{"@type":"BreadcrumbList","@id":"https:\/\/potenciaradiofonicadominicana.com\/portal\/cuatro-suenos-y-doce-pesadillas-arranca-la-eliminatoria-europea-final-rumbo-al-mundial-2026\/#breadcrumb","itemListElement":[{"@type":"ListItem","position":1,"name":"Portada","item":"https:\/\/potenciaradiofonicadominicana.com\/portal\/"},{"@type":"ListItem","position":2,"name":"Cuatro sue\u00f1os y doce pesadillas: arranca la eliminatoria europea final rumbo al Mundial 2026"}]},{"@type":"WebSite","@id":"https:\/\/potenciaradiofonicadominicana.com\/portal\/#website","url":"https:\/\/potenciaradiofonicadominicana.com\/portal\/","name":"PotenciaRadiofonicaDominicana.com","description":"Peri\u00f3dico Digital","publisher":{"@id":"https:\/\/potenciaradiofonicadominicana.com\/portal\/#organization"},"potentialAction":[{"@type":"SearchAction","target":{"@type":"EntryPoint","urlTemplate":"https:\/\/potenciaradiofonicadominicana.com\/portal\/?s={search_term_string}"},"query-input":{"@type":"PropertyValueSpecification","valueRequired":true,"valueName":"search_term_string"}}],"inLanguage":"es"},{"@type":"Organization","@id":"https:\/\/potenciaradiofonicadominicana.com\/portal\/#organization","name":"PotenciaRadiofonicaDominicana.com","url":"https:\/\/potenciaradiofonicadominicana.com\/portal\/","logo":{"@type":"ImageObject","inLanguage":"es","@id":"https:\/\/potenciaradiofonicadominicana.com\/portal\/#\/schema\/logo\/image\/","url":"https:\/\/potenciaradiofonicadominicana.com\/portal\/wp-content\/uploads\/2022\/01\/descarga.png","contentUrl":"https:\/\/potenciaradiofonicadominicana.com\/portal\/wp-content\/uploads\/2022\/01\/descarga.png","width":300,"height":100,"caption":"PotenciaRadiofonicaDominicana.com"},"image":{"@id":"https:\/\/potenciaradiofonicadominicana.com\/portal\/#\/schema\/logo\/image\/"},"sameAs":["https:\/\/web.facebook.com\/PotenciaRadiofonicaD"]},{"@type":"Person","@id":"https:\/\/potenciaradiofonicadominicana.com\/portal\/#\/schema\/person\/a5cf1fea13877803ee0573ac18b03490","name":"Potencia Radiof\u00f3nica Dominicana","image":{"@type":"ImageObject","inLanguage":"es","@id":"https:\/\/potenciaradiofonicadominicana.com\/portal\/#\/schema\/person\/image\/","url":"https:\/\/secure.gravatar.com\/avatar\/42a55ab9e8ccc656ba34cd791990602a?s=96&d=mm&r=g","contentUrl":"https:\/\/secure.gravatar.com\/avatar\/42a55ab9e8ccc656ba34cd791990602a?s=96&d=mm&r=g","caption":"Potencia Radiof\u00f3nica Dominicana"},"url":"https:\/\/potenciaradiofonicadominicana.com\/portal\/author\/johannyalmanzar\/"}]}},"_links":{"self":[{"href":"https:\/\/potenciaradiofonicadominicana.com\/portal\/wp-json\/wp\/v2\/posts\/213635","targetHints":{"allow":["GET"]}}],"collection":[{"href":"https:\/\/potenciaradiofonicadominicana.com\/portal\/wp-json\/wp\/v2\/posts"}],"about":[{"href":"https:\/\/potenciaradiofonicadominicana.com\/portal\/wp-json\/wp\/v2\/types\/post"}],"author":[{"embeddable":true,"href":"https:\/\/potenciaradiofonicadominicana.com\/portal\/wp-json\/wp\/v2\/users\/2"}],"replies":[{"embeddable":true,"href":"https:\/\/potenciaradiofonicadominicana.com\/portal\/wp-json\/wp\/v2\/comments?post=213635"}],"version-history":[{"count":1,"href":"https:\/\/potenciaradiofonicadominicana.com\/portal\/wp-json\/wp\/v2\/posts\/213635\/revisions"}],"predecessor-version":[{"id":213637,"href":"https:\/\/potenciaradiofonicadominicana.com\/portal\/wp-json\/wp\/v2\/posts\/213635\/revisions\/213637"}],"wp:featuredmedia":[{"embeddable":true,"href":"https:\/\/potenciaradiofonicadominicana.com\/portal\/wp-json\/wp\/v2\/media\/213636"}],"wp:attachment":[{"href":"https:\/\/potenciaradiofonicadominicana.com\/portal\/wp-json\/wp\/v2\/media?parent=213635"}],"wp:term":[{"taxonomy":"category","embeddable":true,"href":"https:\/\/potenciaradiofonicadominicana.com\/portal\/wp-json\/wp\/v2\/categories?post=213635"},{"taxonomy":"post_tag","embeddable":true,"href":"https:\/\/potenciaradiofonicadominicana.com\/portal\/wp-json\/wp\/v2\/tags?post=213635"}],"curies":[{"name":"wp","href":"https:\/\/api.w.org\/{rel}","templated":true}]}}