{"id":213632,"date":"2026-03-25T21:56:20","date_gmt":"2026-03-26T01:56:20","guid":{"rendered":"https:\/\/potenciaradiofonicadominicana.com\/portal\/?p=213632"},"modified":"2026-03-25T21:56:20","modified_gmt":"2026-03-26T01:56:20","slug":"escandalo-real-madrid-diagnostico-la-pierna-equivocada-de-kylian-mbappe","status":"publish","type":"post","link":"https:\/\/potenciaradiofonicadominicana.com\/portal\/escandalo-real-madrid-diagnostico-la-pierna-equivocada-de-kylian-mbappe\/","title":{"rendered":"\u00a1Esc\u00e1ndalo! Real Madrid diagnostic\u00f3 la pierna equivocada de Kylian Mbapp\u00e9"},"content":{"rendered":"<p><a href=\"https:\/\/potenciaradiofonicadominicana.com\/portal\/wp-content\/uploads\/2026\/03\/mbappe-jugando-por-el-madrid-1.webp\"><img loading=\"lazy\" decoding=\"async\" class=\"alignnone size-full wp-image-213633\" src=\"https:\/\/potenciaradiofonicadominicana.com\/portal\/wp-content\/uploads\/2026\/03\/mbappe-jugando-por-el-madrid-1.webp\" alt=\"\" width=\"1440\" height=\"810\" srcset=\"https:\/\/potenciaradiofonicadominicana.com\/portal\/wp-content\/uploads\/2026\/03\/mbappe-jugando-por-el-madrid-1.webp 1440w, https:\/\/potenciaradiofonicadominicana.com\/portal\/wp-content\/uploads\/2026\/03\/mbappe-jugando-por-el-madrid-1-300x169.webp 300w, https:\/\/potenciaradiofonicadominicana.com\/portal\/wp-content\/uploads\/2026\/03\/mbappe-jugando-por-el-madrid-1-1024x576.webp 1024w, https:\/\/potenciaradiofonicadominicana.com\/portal\/wp-content\/uploads\/2026\/03\/mbappe-jugando-por-el-madrid-1-768x432.webp 768w\" sizes=\"auto, (max-width: 1440px) 100vw, 1440px\" \/><\/a><\/p>\n<p class=\"paragraph\">Un error en los servicios m\u00e9dicos del\u00a0<b>Real Madrid<\/b>\u00a0provoc\u00f3 que el delantero frances\u00a0<b>Kylian Mbapp\u00e9<\/b>\u00a0fuera evaluado de la rodilla equivocada, lo que deriv\u00f3 en un diagn\u00f3stico incorrecto, agravando su lesi\u00f3n y lo llev\u00f3 a disputar varios partidos con molestias.<\/p>\n<p class=\"paragraph\">El periodista franc\u00e9s\u00a0<b>Daniel Riolo<\/b>, en el programa &#8216;After Foot&#8217; de RMC, desat\u00f3 la pol\u00e9mica al revelar que el equipo m\u00e9dico del Real Madrid incurri\u00f3 en\u00a0<b>un error notable<\/b>\u00a0tras el reciente esguince de rodilla que sufri\u00f3 el delantero Kylian Mbapp\u00e9.<\/p>\n<p class=\"paragraph\">El informe se\u00f1ala que, sorprendentemente, el tratamiento se centr\u00f3 en la rodilla incorrecta, atendiendo la articulaci\u00f3n sana en lugar de la que realmente estaba afectada. Esta confusi\u00f3n complic\u00f3 el proceso y el tiempo de rehabilitaci\u00f3n. Por este motivo, el excampe\u00f3n mundial decidi\u00f3 quitarse la duda en Francia y se llev\u00f3 u<b>na enorme sorpresa.<\/b><\/p>\n<p class=\"paragraph\">La prensa francesa se\u00f1ala que el atacante se enoj\u00f3 e incluso casi termina en el quir\u00f3fano, ya que se complic\u00f3 la lesi\u00f3n<\/p>\n<p class=\"paragraph\">\u201cNo sab\u00eda por qu\u00e9 me dol\u00eda, por qu\u00e9 esos dolores, y saberlo es una primera etapa para curarse\u00bb, se\u00f1al\u00f3\u00a0Mbapp\u00e9 al hablar con la prensa francesa.<\/p>\n<p class=\"paragraph\">El informe citaba una fuente an\u00f3nima que confirmaba que Mbapp\u00e9 \u00abcontinu\u00f3 jugando tras la primera resonancia magn\u00e9tica err\u00f3nea, a pesar de presentar signos de inflamaci\u00f3n en la rodilla izquierda lesionada\u00bb.<\/p>\n<p class=\"paragraph\">El Real Madrid clasific\u00f3 la lesi\u00f3n de Mbapp\u00e9 como un\u00a0<b>esguince de rodilla<\/b>, pero una resonancia magn\u00e9tica realizada el 31 de diciembre en su pierna izquierda revel\u00f3 una rotura parcial del ligamento posterior de la rodilla.<\/p>\n<p class=\"paragraph\">Seg\u00fan Daniel Riolo, se habr\u00eda examinado la rodilla incorrecta de un jugador, lo que ha generado preocupaci\u00f3n entre los aficionados y la directiva. \u00abPara el Real Madrid es una verg\u00fcenza total lo que ha pasado, creo que hemos evitado lo peor para Mbapp\u00e9\u00bb, sentenci\u00f3 el periodista.<\/p>\n","protected":false},"excerpt":{"rendered":"<p>Un error en los servicios m\u00e9dicos del\u00a0Real Madrid\u00a0provoc\u00f3 que el delantero frances\u00a0Kylian Mbapp\u00e9\u00a0fuera evaluado de la rodilla equivocada, lo que &#8230;<\/p>\n","protected":false},"author":2,"featured_media":213633,"comment_status":"closed","ping_status":"closed","sticky":false,"template":"","format":"standard","meta":{"footnotes":""},"categories":[28],"tags":[],"class_list":["post-213632","post","type-post","status-publish","format-standard","has-post-thumbnail","hentry","category-deportes"],"yoast_head":"<!-- This site is optimized with the Yoast SEO plugin v24.8.1 - https:\/\/yoast.com\/wordpress\/plugins\/seo\/ -->\n<title>\u00a1Esc\u00e1ndalo! Real Madrid diagnostic\u00f3 la pierna equivocada de Kylian Mbapp\u00e9 - PotenciaRadiofonicaDominicana.com<\/title>\n<meta name=\"robots\" content=\"index, follow, max-snippet:-1, max-image-preview:large, max-video-preview:-1\" \/>\n<link rel=\"canonical\" href=\"https:\/\/potenciaradiofonicadominicana.com\/portal\/escandalo-real-madrid-diagnostico-la-pierna-equivocada-de-kylian-mbappe\/\" \/>\n<meta property=\"og:locale\" content=\"es_ES\" \/>\n<meta property=\"og:type\" content=\"article\" \/>\n<meta property=\"og:title\" content=\"\u00a1Esc\u00e1ndalo! Real Madrid diagnostic\u00f3 la pierna equivocada de Kylian Mbapp\u00e9 - PotenciaRadiofonicaDominicana.com\" \/>\n<meta property=\"og:description\" content=\"Un error en los servicios m\u00e9dicos del\u00a0Real Madrid\u00a0provoc\u00f3 que el delantero frances\u00a0Kylian Mbapp\u00e9\u00a0fuera evaluado de la rodilla equivocada, lo que ...\" \/>\n<meta property=\"og:url\" content=\"https:\/\/potenciaradiofonicadominicana.com\/portal\/escandalo-real-madrid-diagnostico-la-pierna-equivocada-de-kylian-mbappe\/\" \/>\n<meta property=\"og:site_name\" content=\"PotenciaRadiofonicaDominicana.com\" \/>\n<meta property=\"article:publisher\" content=\"https:\/\/web.facebook.com\/PotenciaRadiofonicaD\" \/>\n<meta property=\"article:published_time\" content=\"2026-03-26T01:56:20+00:00\" \/>\n<meta property=\"og:image\" content=\"https:\/\/potenciaradiofonicadominicana.com\/portal\/wp-content\/uploads\/2026\/03\/mbappe-jugando-por-el-madrid-1.webp\" \/>\n\t<meta property=\"og:image:width\" content=\"1440\" \/>\n\t<meta property=\"og:image:height\" content=\"810\" \/>\n\t<meta property=\"og:image:type\" content=\"image\/webp\" \/>\n<meta name=\"author\" content=\"Potencia Radiof\u00f3nica Dominicana\" \/>\n<meta name=\"twitter:card\" content=\"summary_large_image\" \/>\n<meta name=\"twitter:label1\" content=\"Escrito por\" \/>\n\t<meta name=\"twitter:data1\" content=\"Potencia Radiof\u00f3nica Dominicana\" \/>\n\t<meta name=\"twitter:label2\" content=\"Tiempo de lectura\" \/>\n\t<meta name=\"twitter:data2\" content=\"2 minutos\" \/>\n<script type=\"application\/ld+json\" class=\"yoast-schema-graph\">{\"@context\":\"https:\/\/schema.org\",\"@graph\":[{\"@type\":\"Article\",\"@id\":\"https:\/\/potenciaradiofonicadominicana.com\/portal\/escandalo-real-madrid-diagnostico-la-pierna-equivocada-de-kylian-mbappe\/#article\",\"isPartOf\":{\"@id\":\"https:\/\/potenciaradiofonicadominicana.com\/portal\/escandalo-real-madrid-diagnostico-la-pierna-equivocada-de-kylian-mbappe\/\"},\"author\":{\"name\":\"Potencia Radiof\u00f3nica Dominicana\",\"@id\":\"https:\/\/potenciaradiofonicadominicana.com\/portal\/#\/schema\/person\/a5cf1fea13877803ee0573ac18b03490\"},\"headline\":\"\u00a1Esc\u00e1ndalo! Real Madrid diagnostic\u00f3 la pierna equivocada de Kylian Mbapp\u00e9\",\"datePublished\":\"2026-03-26T01:56:20+00:00\",\"mainEntityOfPage\":{\"@id\":\"https:\/\/potenciaradiofonicadominicana.com\/portal\/escandalo-real-madrid-diagnostico-la-pierna-equivocada-de-kylian-mbappe\/\"},\"wordCount\":332,\"publisher\":{\"@id\":\"https:\/\/potenciaradiofonicadominicana.com\/portal\/#organization\"},\"image\":{\"@id\":\"https:\/\/potenciaradiofonicadominicana.com\/portal\/escandalo-real-madrid-diagnostico-la-pierna-equivocada-de-kylian-mbappe\/#primaryimage\"},\"thumbnailUrl\":\"https:\/\/potenciaradiofonicadominicana.com\/portal\/wp-content\/uploads\/2026\/03\/mbappe-jugando-por-el-madrid-1.webp\",\"articleSection\":[\"Deportes\"],\"inLanguage\":\"es\"},{\"@type\":\"WebPage\",\"@id\":\"https:\/\/potenciaradiofonicadominicana.com\/portal\/escandalo-real-madrid-diagnostico-la-pierna-equivocada-de-kylian-mbappe\/\",\"url\":\"https:\/\/potenciaradiofonicadominicana.com\/portal\/escandalo-real-madrid-diagnostico-la-pierna-equivocada-de-kylian-mbappe\/\",\"name\":\"\u00a1Esc\u00e1ndalo! Real Madrid diagnostic\u00f3 la pierna equivocada de Kylian Mbapp\u00e9 - PotenciaRadiofonicaDominicana.com\",\"isPartOf\":{\"@id\":\"https:\/\/potenciaradiofonicadominicana.com\/portal\/#website\"},\"primaryImageOfPage\":{\"@id\":\"https:\/\/potenciaradiofonicadominicana.com\/portal\/escandalo-real-madrid-diagnostico-la-pierna-equivocada-de-kylian-mbappe\/#primaryimage\"},\"image\":{\"@id\":\"https:\/\/potenciaradiofonicadominicana.com\/portal\/escandalo-real-madrid-diagnostico-la-pierna-equivocada-de-kylian-mbappe\/#primaryimage\"},\"thumbnailUrl\":\"https:\/\/potenciaradiofonicadominicana.com\/portal\/wp-content\/uploads\/2026\/03\/mbappe-jugando-por-el-madrid-1.webp\",\"datePublished\":\"2026-03-26T01:56:20+00:00\",\"breadcrumb\":{\"@id\":\"https:\/\/potenciaradiofonicadominicana.com\/portal\/escandalo-real-madrid-diagnostico-la-pierna-equivocada-de-kylian-mbappe\/#breadcrumb\"},\"inLanguage\":\"es\",\"potentialAction\":[{\"@type\":\"ReadAction\",\"target\":[\"https:\/\/potenciaradiofonicadominicana.com\/portal\/escandalo-real-madrid-diagnostico-la-pierna-equivocada-de-kylian-mbappe\/\"]}]},{\"@type\":\"ImageObject\",\"inLanguage\":\"es\",\"@id\":\"https:\/\/potenciaradiofonicadominicana.com\/portal\/escandalo-real-madrid-diagnostico-la-pierna-equivocada-de-kylian-mbappe\/#primaryimage\",\"url\":\"https:\/\/potenciaradiofonicadominicana.com\/portal\/wp-content\/uploads\/2026\/03\/mbappe-jugando-por-el-madrid-1.webp\",\"contentUrl\":\"https:\/\/potenciaradiofonicadominicana.com\/portal\/wp-content\/uploads\/2026\/03\/mbappe-jugando-por-el-madrid-1.webp\",\"width\":1440,\"height\":810},{\"@type\":\"BreadcrumbList\",\"@id\":\"https:\/\/potenciaradiofonicadominicana.com\/portal\/escandalo-real-madrid-diagnostico-la-pierna-equivocada-de-kylian-mbappe\/#breadcrumb\",\"itemListElement\":[{\"@type\":\"ListItem\",\"position\":1,\"name\":\"Portada\",\"item\":\"https:\/\/potenciaradiofonicadominicana.com\/portal\/\"},{\"@type\":\"ListItem\",\"position\":2,\"name\":\"\u00a1Esc\u00e1ndalo! Real Madrid diagnostic\u00f3 la pierna equivocada de Kylian Mbapp\u00e9\"}]},{\"@type\":\"WebSite\",\"@id\":\"https:\/\/potenciaradiofonicadominicana.com\/portal\/#website\",\"url\":\"https:\/\/potenciaradiofonicadominicana.com\/portal\/\",\"name\":\"PotenciaRadiofonicaDominicana.com\",\"description\":\"Peri\u00f3dico Digital\",\"publisher\":{\"@id\":\"https:\/\/potenciaradiofonicadominicana.com\/portal\/#organization\"},\"potentialAction\":[{\"@type\":\"SearchAction\",\"target\":{\"@type\":\"EntryPoint\",\"urlTemplate\":\"https:\/\/potenciaradiofonicadominicana.com\/portal\/?s={search_term_string}\"},\"query-input\":{\"@type\":\"PropertyValueSpecification\",\"valueRequired\":true,\"valueName\":\"search_term_string\"}}],\"inLanguage\":\"es\"},{\"@type\":\"Organization\",\"@id\":\"https:\/\/potenciaradiofonicadominicana.com\/portal\/#organization\",\"name\":\"PotenciaRadiofonicaDominicana.com\",\"url\":\"https:\/\/potenciaradiofonicadominicana.com\/portal\/\",\"logo\":{\"@type\":\"ImageObject\",\"inLanguage\":\"es\",\"@id\":\"https:\/\/potenciaradiofonicadominicana.com\/portal\/#\/schema\/logo\/image\/\",\"url\":\"https:\/\/potenciaradiofonicadominicana.com\/portal\/wp-content\/uploads\/2022\/01\/descarga.png\",\"contentUrl\":\"https:\/\/potenciaradiofonicadominicana.com\/portal\/wp-content\/uploads\/2022\/01\/descarga.png\",\"width\":300,\"height\":100,\"caption\":\"PotenciaRadiofonicaDominicana.com\"},\"image\":{\"@id\":\"https:\/\/potenciaradiofonicadominicana.com\/portal\/#\/schema\/logo\/image\/\"},\"sameAs\":[\"https:\/\/web.facebook.com\/PotenciaRadiofonicaD\"]},{\"@type\":\"Person\",\"@id\":\"https:\/\/potenciaradiofonicadominicana.com\/portal\/#\/schema\/person\/a5cf1fea13877803ee0573ac18b03490\",\"name\":\"Potencia Radiof\u00f3nica Dominicana\",\"image\":{\"@type\":\"ImageObject\",\"inLanguage\":\"es\",\"@id\":\"https:\/\/potenciaradiofonicadominicana.com\/portal\/#\/schema\/person\/image\/\",\"url\":\"https:\/\/secure.gravatar.com\/avatar\/42a55ab9e8ccc656ba34cd791990602a?s=96&d=mm&r=g\",\"contentUrl\":\"https:\/\/secure.gravatar.com\/avatar\/42a55ab9e8ccc656ba34cd791990602a?s=96&d=mm&r=g\",\"caption\":\"Potencia Radiof\u00f3nica Dominicana\"},\"url\":\"https:\/\/potenciaradiofonicadominicana.com\/portal\/author\/johannyalmanzar\/\"}]}<\/script>\n<!-- \/ Yoast SEO plugin. -->","yoast_head_json":{"title":"\u00a1Esc\u00e1ndalo! Real Madrid diagnostic\u00f3 la pierna equivocada de Kylian Mbapp\u00e9 - PotenciaRadiofonicaDominicana.com","robots":{"index":"index","follow":"follow","max-snippet":"max-snippet:-1","max-image-preview":"max-image-preview:large","max-video-preview":"max-video-preview:-1"},"canonical":"https:\/\/potenciaradiofonicadominicana.com\/portal\/escandalo-real-madrid-diagnostico-la-pierna-equivocada-de-kylian-mbappe\/","og_locale":"es_ES","og_type":"article","og_title":"\u00a1Esc\u00e1ndalo! Real Madrid diagnostic\u00f3 la pierna equivocada de Kylian Mbapp\u00e9 - PotenciaRadiofonicaDominicana.com","og_description":"Un error en los servicios m\u00e9dicos del\u00a0Real Madrid\u00a0provoc\u00f3 que el delantero frances\u00a0Kylian Mbapp\u00e9\u00a0fuera evaluado de la rodilla equivocada, lo que ...","og_url":"https:\/\/potenciaradiofonicadominicana.com\/portal\/escandalo-real-madrid-diagnostico-la-pierna-equivocada-de-kylian-mbappe\/","og_site_name":"PotenciaRadiofonicaDominicana.com","article_publisher":"https:\/\/web.facebook.com\/PotenciaRadiofonicaD","article_published_time":"2026-03-26T01:56:20+00:00","og_image":[{"width":1440,"height":810,"url":"https:\/\/potenciaradiofonicadominicana.com\/portal\/wp-content\/uploads\/2026\/03\/mbappe-jugando-por-el-madrid-1.webp","type":"image\/webp"}],"author":"Potencia Radiof\u00f3nica Dominicana","twitter_card":"summary_large_image","twitter_misc":{"Escrito por":"Potencia Radiof\u00f3nica Dominicana","Tiempo de lectura":"2 minutos"},"schema":{"@context":"https:\/\/schema.org","@graph":[{"@type":"Article","@id":"https:\/\/potenciaradiofonicadominicana.com\/portal\/escandalo-real-madrid-diagnostico-la-pierna-equivocada-de-kylian-mbappe\/#article","isPartOf":{"@id":"https:\/\/potenciaradiofonicadominicana.com\/portal\/escandalo-real-madrid-diagnostico-la-pierna-equivocada-de-kylian-mbappe\/"},"author":{"name":"Potencia Radiof\u00f3nica Dominicana","@id":"https:\/\/potenciaradiofonicadominicana.com\/portal\/#\/schema\/person\/a5cf1fea13877803ee0573ac18b03490"},"headline":"\u00a1Esc\u00e1ndalo! Real Madrid diagnostic\u00f3 la pierna equivocada de Kylian Mbapp\u00e9","datePublished":"2026-03-26T01:56:20+00:00","mainEntityOfPage":{"@id":"https:\/\/potenciaradiofonicadominicana.com\/portal\/escandalo-real-madrid-diagnostico-la-pierna-equivocada-de-kylian-mbappe\/"},"wordCount":332,"publisher":{"@id":"https:\/\/potenciaradiofonicadominicana.com\/portal\/#organization"},"image":{"@id":"https:\/\/potenciaradiofonicadominicana.com\/portal\/escandalo-real-madrid-diagnostico-la-pierna-equivocada-de-kylian-mbappe\/#primaryimage"},"thumbnailUrl":"https:\/\/potenciaradiofonicadominicana.com\/portal\/wp-content\/uploads\/2026\/03\/mbappe-jugando-por-el-madrid-1.webp","articleSection":["Deportes"],"inLanguage":"es"},{"@type":"WebPage","@id":"https:\/\/potenciaradiofonicadominicana.com\/portal\/escandalo-real-madrid-diagnostico-la-pierna-equivocada-de-kylian-mbappe\/","url":"https:\/\/potenciaradiofonicadominicana.com\/portal\/escandalo-real-madrid-diagnostico-la-pierna-equivocada-de-kylian-mbappe\/","name":"\u00a1Esc\u00e1ndalo! Real Madrid diagnostic\u00f3 la pierna equivocada de Kylian Mbapp\u00e9 - PotenciaRadiofonicaDominicana.com","isPartOf":{"@id":"https:\/\/potenciaradiofonicadominicana.com\/portal\/#website"},"primaryImageOfPage":{"@id":"https:\/\/potenciaradiofonicadominicana.com\/portal\/escandalo-real-madrid-diagnostico-la-pierna-equivocada-de-kylian-mbappe\/#primaryimage"},"image":{"@id":"https:\/\/potenciaradiofonicadominicana.com\/portal\/escandalo-real-madrid-diagnostico-la-pierna-equivocada-de-kylian-mbappe\/#primaryimage"},"thumbnailUrl":"https:\/\/potenciaradiofonicadominicana.com\/portal\/wp-content\/uploads\/2026\/03\/mbappe-jugando-por-el-madrid-1.webp","datePublished":"2026-03-26T01:56:20+00:00","breadcrumb":{"@id":"https:\/\/potenciaradiofonicadominicana.com\/portal\/escandalo-real-madrid-diagnostico-la-pierna-equivocada-de-kylian-mbappe\/#breadcrumb"},"inLanguage":"es","potentialAction":[{"@type":"ReadAction","target":["https:\/\/potenciaradiofonicadominicana.com\/portal\/escandalo-real-madrid-diagnostico-la-pierna-equivocada-de-kylian-mbappe\/"]}]},{"@type":"ImageObject","inLanguage":"es","@id":"https:\/\/potenciaradiofonicadominicana.com\/portal\/escandalo-real-madrid-diagnostico-la-pierna-equivocada-de-kylian-mbappe\/#primaryimage","url":"https:\/\/potenciaradiofonicadominicana.com\/portal\/wp-content\/uploads\/2026\/03\/mbappe-jugando-por-el-madrid-1.webp","contentUrl":"https:\/\/potenciaradiofonicadominicana.com\/portal\/wp-content\/uploads\/2026\/03\/mbappe-jugando-por-el-madrid-1.webp","width":1440,"height":810},{"@type":"BreadcrumbList","@id":"https:\/\/potenciaradiofonicadominicana.com\/portal\/escandalo-real-madrid-diagnostico-la-pierna-equivocada-de-kylian-mbappe\/#breadcrumb","itemListElement":[{"@type":"ListItem","position":1,"name":"Portada","item":"https:\/\/potenciaradiofonicadominicana.com\/portal\/"},{"@type":"ListItem","position":2,"name":"\u00a1Esc\u00e1ndalo! Real Madrid diagnostic\u00f3 la pierna equivocada de Kylian Mbapp\u00e9"}]},{"@type":"WebSite","@id":"https:\/\/potenciaradiofonicadominicana.com\/portal\/#website","url":"https:\/\/potenciaradiofonicadominicana.com\/portal\/","name":"PotenciaRadiofonicaDominicana.com","description":"Peri\u00f3dico Digital","publisher":{"@id":"https:\/\/potenciaradiofonicadominicana.com\/portal\/#organization"},"potentialAction":[{"@type":"SearchAction","target":{"@type":"EntryPoint","urlTemplate":"https:\/\/potenciaradiofonicadominicana.com\/portal\/?s={search_term_string}"},"query-input":{"@type":"PropertyValueSpecification","valueRequired":true,"valueName":"search_term_string"}}],"inLanguage":"es"},{"@type":"Organization","@id":"https:\/\/potenciaradiofonicadominicana.com\/portal\/#organization","name":"PotenciaRadiofonicaDominicana.com","url":"https:\/\/potenciaradiofonicadominicana.com\/portal\/","logo":{"@type":"ImageObject","inLanguage":"es","@id":"https:\/\/potenciaradiofonicadominicana.com\/portal\/#\/schema\/logo\/image\/","url":"https:\/\/potenciaradiofonicadominicana.com\/portal\/wp-content\/uploads\/2022\/01\/descarga.png","contentUrl":"https:\/\/potenciaradiofonicadominicana.com\/portal\/wp-content\/uploads\/2022\/01\/descarga.png","width":300,"height":100,"caption":"PotenciaRadiofonicaDominicana.com"},"image":{"@id":"https:\/\/potenciaradiofonicadominicana.com\/portal\/#\/schema\/logo\/image\/"},"sameAs":["https:\/\/web.facebook.com\/PotenciaRadiofonicaD"]},{"@type":"Person","@id":"https:\/\/potenciaradiofonicadominicana.com\/portal\/#\/schema\/person\/a5cf1fea13877803ee0573ac18b03490","name":"Potencia Radiof\u00f3nica Dominicana","image":{"@type":"ImageObject","inLanguage":"es","@id":"https:\/\/potenciaradiofonicadominicana.com\/portal\/#\/schema\/person\/image\/","url":"https:\/\/secure.gravatar.com\/avatar\/42a55ab9e8ccc656ba34cd791990602a?s=96&d=mm&r=g","contentUrl":"https:\/\/secure.gravatar.com\/avatar\/42a55ab9e8ccc656ba34cd791990602a?s=96&d=mm&r=g","caption":"Potencia Radiof\u00f3nica Dominicana"},"url":"https:\/\/potenciaradiofonicadominicana.com\/portal\/author\/johannyalmanzar\/"}]}},"_links":{"self":[{"href":"https:\/\/potenciaradiofonicadominicana.com\/portal\/wp-json\/wp\/v2\/posts\/213632","targetHints":{"allow":["GET"]}}],"collection":[{"href":"https:\/\/potenciaradiofonicadominicana.com\/portal\/wp-json\/wp\/v2\/posts"}],"about":[{"href":"https:\/\/potenciaradiofonicadominicana.com\/portal\/wp-json\/wp\/v2\/types\/post"}],"author":[{"embeddable":true,"href":"https:\/\/potenciaradiofonicadominicana.com\/portal\/wp-json\/wp\/v2\/users\/2"}],"replies":[{"embeddable":true,"href":"https:\/\/potenciaradiofonicadominicana.com\/portal\/wp-json\/wp\/v2\/comments?post=213632"}],"version-history":[{"count":1,"href":"https:\/\/potenciaradiofonicadominicana.com\/portal\/wp-json\/wp\/v2\/posts\/213632\/revisions"}],"predecessor-version":[{"id":213634,"href":"https:\/\/potenciaradiofonicadominicana.com\/portal\/wp-json\/wp\/v2\/posts\/213632\/revisions\/213634"}],"wp:featuredmedia":[{"embeddable":true,"href":"https:\/\/potenciaradiofonicadominicana.com\/portal\/wp-json\/wp\/v2\/media\/213633"}],"wp:attachment":[{"href":"https:\/\/potenciaradiofonicadominicana.com\/portal\/wp-json\/wp\/v2\/media?parent=213632"}],"wp:term":[{"taxonomy":"category","embeddable":true,"href":"https:\/\/potenciaradiofonicadominicana.com\/portal\/wp-json\/wp\/v2\/categories?post=213632"},{"taxonomy":"post_tag","embeddable":true,"href":"https:\/\/potenciaradiofonicadominicana.com\/portal\/wp-json\/wp\/v2\/tags?post=213632"}],"curies":[{"name":"wp","href":"https:\/\/api.w.org\/{rel}","templated":true}]}}