{"id":213629,"date":"2026-03-25T21:54:51","date_gmt":"2026-03-26T01:54:51","guid":{"rendered":"https:\/\/potenciaradiofonicadominicana.com\/portal\/?p=213629"},"modified":"2026-03-25T21:54:51","modified_gmt":"2026-03-26T01:54:51","slug":"alcaldia-acelera-obras-del-malecon-deportivo-para-centroamericanos-2026","status":"publish","type":"post","link":"https:\/\/potenciaradiofonicadominicana.com\/portal\/alcaldia-acelera-obras-del-malecon-deportivo-para-centroamericanos-2026\/","title":{"rendered":"Alcald\u00eda acelera obras del Malec\u00f3n Deportivo para Centroamericanos 2026"},"content":{"rendered":"<p><a href=\"https:\/\/potenciaradiofonicadominicana.com\/portal\/wp-content\/uploads\/2026\/03\/whatsapp-image-2026-03-19-at-123236-pm-1024x576-1.jpeg\"><img loading=\"lazy\" decoding=\"async\" class=\"alignnone size-full wp-image-213630\" src=\"https:\/\/potenciaradiofonicadominicana.com\/portal\/wp-content\/uploads\/2026\/03\/whatsapp-image-2026-03-19-at-123236-pm-1024x576-1.jpeg\" alt=\"\" width=\"1024\" height=\"576\" srcset=\"https:\/\/potenciaradiofonicadominicana.com\/portal\/wp-content\/uploads\/2026\/03\/whatsapp-image-2026-03-19-at-123236-pm-1024x576-1.jpeg 1024w, https:\/\/potenciaradiofonicadominicana.com\/portal\/wp-content\/uploads\/2026\/03\/whatsapp-image-2026-03-19-at-123236-pm-1024x576-1-300x169.jpeg 300w, https:\/\/potenciaradiofonicadominicana.com\/portal\/wp-content\/uploads\/2026\/03\/whatsapp-image-2026-03-19-at-123236-pm-1024x576-1-768x432.jpeg 768w\" sizes=\"auto, (max-width: 1024px) 100vw, 1024px\" \/><\/a><\/p>\n<p>La alcaldesa del Distrito Nacional, Carolina Mej\u00eda, realiz\u00f3 un recorrido de supervisi\u00f3n por los avances del Malec\u00f3n Deportivo, donde destac\u00f3 el progreso en la construcci\u00f3n de la cancha de f\u00fatbol y el skate park, como parte del proceso de recuperaci\u00f3n y transformaci\u00f3n del litoral capitalino.<\/p>\n<p>\u201cLa verdad es que esto es un sue\u00f1o\u201d, expres\u00f3 la ejecutiva municipal al resaltar el valor de estas nuevas instalaciones, ubicadas frente al mar Caribe, las cuales \u2014afirm\u00f3\u2014 marcan un hito en la modernizaci\u00f3n del malec\u00f3n de Santo Domingo.<\/p>\n<p>Mej\u00eda subray\u00f3 que las obras se desarrollan conforme al cronograma establecido, y record\u00f3 que parte de estas infraestructuras ser\u00e1n utilizadas durante los Juegos Centroamericanos y del Caribe Santo Domingo 2026, cuya apertura est\u00e1 prevista para el 24 de julio.<\/p>\n<p>Durante la visita, el presidente de la Asociaci\u00f3n de F\u00fatbol del Distrito Nacional, Jorge Dom\u00ednguez Michel\u00e9n, valor\u00f3 positivamente la cancha y adelant\u00f3 que a partir de abril ser\u00e1 utilizada para una competencia infantil.<\/p>\n<p>\u201cEst\u00e1 chul\u00edsimo porque es un espacio que no se estaba utilizando, y visualmente es precioso\u201d, manifest\u00f3.<\/p>\n<p>Actualmente, la cancha de f\u00fatbol se encuentra en su fase final, pendiente de la terminaci\u00f3n de las gradas y algunos detalles menores. En tanto, el skate park \u2014que servir\u00e1 como escenario para la categor\u00eda Street de los Juegos Centroamericanos\u2014 presenta un avance cercano al 85 %.<\/p>\n<p>Durante el recorrido tambi\u00e9n participaron la directora de Innovaci\u00f3n y Proyectos Especiales, Yolanda de la Rosa, y el director de Infraestructura Urbana, Alonzo Rosario Chalas, junto a contratistas y colaboradores.<\/p>\n<p>El Malec\u00f3n Deportivo incluye adem\u00e1s canchas de baloncesto, p\u00e1del y voleibol, as\u00ed como la ampliaci\u00f3n del \u00e1rea de parqueo, caminos internos, p\u00e9rgolas, gradas, un m\u00f3dulo para la Polic\u00eda Municipal y varios locales comerciales.<\/p>\n<p>Este proyecto, junto al Paseo 30 de Mayo, forma parte del Plan Integrado de Santo Domingo (PISD), una iniciativa impulsada por el presidente Luis Abinader y la alcald\u00eda del Distrito Nacional, orientada a promover el desarrollo urbano, la sostenibilidad y la movilidad en la capital.<\/p>\n","protected":false},"excerpt":{"rendered":"<p>La alcaldesa del Distrito Nacional, Carolina Mej\u00eda, realiz\u00f3 un recorrido de supervisi\u00f3n por los avances del Malec\u00f3n Deportivo, donde destac\u00f3 &#8230;<\/p>\n","protected":false},"author":2,"featured_media":213630,"comment_status":"closed","ping_status":"closed","sticky":false,"template":"","format":"standard","meta":{"footnotes":""},"categories":[28],"tags":[],"class_list":["post-213629","post","type-post","status-publish","format-standard","has-post-thumbnail","hentry","category-deportes"],"yoast_head":"<!-- This site is optimized with the Yoast SEO plugin v24.8.1 - https:\/\/yoast.com\/wordpress\/plugins\/seo\/ -->\n<title>Alcald\u00eda acelera obras del Malec\u00f3n Deportivo para Centroamericanos 2026 - PotenciaRadiofonicaDominicana.com<\/title>\n<meta name=\"robots\" content=\"index, follow, max-snippet:-1, max-image-preview:large, max-video-preview:-1\" \/>\n<link rel=\"canonical\" href=\"https:\/\/potenciaradiofonicadominicana.com\/portal\/alcaldia-acelera-obras-del-malecon-deportivo-para-centroamericanos-2026\/\" \/>\n<meta property=\"og:locale\" content=\"es_ES\" \/>\n<meta property=\"og:type\" content=\"article\" \/>\n<meta property=\"og:title\" content=\"Alcald\u00eda acelera obras del Malec\u00f3n Deportivo para Centroamericanos 2026 - PotenciaRadiofonicaDominicana.com\" \/>\n<meta property=\"og:description\" content=\"La alcaldesa del Distrito Nacional, Carolina Mej\u00eda, realiz\u00f3 un recorrido de supervisi\u00f3n por los avances del Malec\u00f3n Deportivo, donde destac\u00f3 ...\" \/>\n<meta property=\"og:url\" content=\"https:\/\/potenciaradiofonicadominicana.com\/portal\/alcaldia-acelera-obras-del-malecon-deportivo-para-centroamericanos-2026\/\" \/>\n<meta property=\"og:site_name\" content=\"PotenciaRadiofonicaDominicana.com\" \/>\n<meta property=\"article:publisher\" content=\"https:\/\/web.facebook.com\/PotenciaRadiofonicaD\" \/>\n<meta property=\"article:published_time\" content=\"2026-03-26T01:54:51+00:00\" \/>\n<meta property=\"og:image\" content=\"https:\/\/potenciaradiofonicadominicana.com\/portal\/wp-content\/uploads\/2026\/03\/whatsapp-image-2026-03-19-at-123236-pm-1024x576-1.jpeg\" \/>\n\t<meta property=\"og:image:width\" content=\"1024\" \/>\n\t<meta property=\"og:image:height\" content=\"576\" \/>\n\t<meta property=\"og:image:type\" content=\"image\/jpeg\" \/>\n<meta name=\"author\" content=\"Potencia Radiof\u00f3nica Dominicana\" \/>\n<meta name=\"twitter:card\" content=\"summary_large_image\" \/>\n<meta name=\"twitter:label1\" content=\"Escrito por\" \/>\n\t<meta name=\"twitter:data1\" content=\"Potencia Radiof\u00f3nica Dominicana\" \/>\n\t<meta name=\"twitter:label2\" content=\"Tiempo de lectura\" \/>\n\t<meta name=\"twitter:data2\" content=\"2 minutos\" \/>\n<script type=\"application\/ld+json\" class=\"yoast-schema-graph\">{\"@context\":\"https:\/\/schema.org\",\"@graph\":[{\"@type\":\"Article\",\"@id\":\"https:\/\/potenciaradiofonicadominicana.com\/portal\/alcaldia-acelera-obras-del-malecon-deportivo-para-centroamericanos-2026\/#article\",\"isPartOf\":{\"@id\":\"https:\/\/potenciaradiofonicadominicana.com\/portal\/alcaldia-acelera-obras-del-malecon-deportivo-para-centroamericanos-2026\/\"},\"author\":{\"name\":\"Potencia Radiof\u00f3nica Dominicana\",\"@id\":\"https:\/\/potenciaradiofonicadominicana.com\/portal\/#\/schema\/person\/a5cf1fea13877803ee0573ac18b03490\"},\"headline\":\"Alcald\u00eda acelera obras del Malec\u00f3n Deportivo para Centroamericanos 2026\",\"datePublished\":\"2026-03-26T01:54:51+00:00\",\"mainEntityOfPage\":{\"@id\":\"https:\/\/potenciaradiofonicadominicana.com\/portal\/alcaldia-acelera-obras-del-malecon-deportivo-para-centroamericanos-2026\/\"},\"wordCount\":361,\"publisher\":{\"@id\":\"https:\/\/potenciaradiofonicadominicana.com\/portal\/#organization\"},\"image\":{\"@id\":\"https:\/\/potenciaradiofonicadominicana.com\/portal\/alcaldia-acelera-obras-del-malecon-deportivo-para-centroamericanos-2026\/#primaryimage\"},\"thumbnailUrl\":\"https:\/\/potenciaradiofonicadominicana.com\/portal\/wp-content\/uploads\/2026\/03\/whatsapp-image-2026-03-19-at-123236-pm-1024x576-1.jpeg\",\"articleSection\":[\"Deportes\"],\"inLanguage\":\"es\"},{\"@type\":\"WebPage\",\"@id\":\"https:\/\/potenciaradiofonicadominicana.com\/portal\/alcaldia-acelera-obras-del-malecon-deportivo-para-centroamericanos-2026\/\",\"url\":\"https:\/\/potenciaradiofonicadominicana.com\/portal\/alcaldia-acelera-obras-del-malecon-deportivo-para-centroamericanos-2026\/\",\"name\":\"Alcald\u00eda acelera obras del Malec\u00f3n Deportivo para Centroamericanos 2026 - PotenciaRadiofonicaDominicana.com\",\"isPartOf\":{\"@id\":\"https:\/\/potenciaradiofonicadominicana.com\/portal\/#website\"},\"primaryImageOfPage\":{\"@id\":\"https:\/\/potenciaradiofonicadominicana.com\/portal\/alcaldia-acelera-obras-del-malecon-deportivo-para-centroamericanos-2026\/#primaryimage\"},\"image\":{\"@id\":\"https:\/\/potenciaradiofonicadominicana.com\/portal\/alcaldia-acelera-obras-del-malecon-deportivo-para-centroamericanos-2026\/#primaryimage\"},\"thumbnailUrl\":\"https:\/\/potenciaradiofonicadominicana.com\/portal\/wp-content\/uploads\/2026\/03\/whatsapp-image-2026-03-19-at-123236-pm-1024x576-1.jpeg\",\"datePublished\":\"2026-03-26T01:54:51+00:00\",\"breadcrumb\":{\"@id\":\"https:\/\/potenciaradiofonicadominicana.com\/portal\/alcaldia-acelera-obras-del-malecon-deportivo-para-centroamericanos-2026\/#breadcrumb\"},\"inLanguage\":\"es\",\"potentialAction\":[{\"@type\":\"ReadAction\",\"target\":[\"https:\/\/potenciaradiofonicadominicana.com\/portal\/alcaldia-acelera-obras-del-malecon-deportivo-para-centroamericanos-2026\/\"]}]},{\"@type\":\"ImageObject\",\"inLanguage\":\"es\",\"@id\":\"https:\/\/potenciaradiofonicadominicana.com\/portal\/alcaldia-acelera-obras-del-malecon-deportivo-para-centroamericanos-2026\/#primaryimage\",\"url\":\"https:\/\/potenciaradiofonicadominicana.com\/portal\/wp-content\/uploads\/2026\/03\/whatsapp-image-2026-03-19-at-123236-pm-1024x576-1.jpeg\",\"contentUrl\":\"https:\/\/potenciaradiofonicadominicana.com\/portal\/wp-content\/uploads\/2026\/03\/whatsapp-image-2026-03-19-at-123236-pm-1024x576-1.jpeg\",\"width\":1024,\"height\":576},{\"@type\":\"BreadcrumbList\",\"@id\":\"https:\/\/potenciaradiofonicadominicana.com\/portal\/alcaldia-acelera-obras-del-malecon-deportivo-para-centroamericanos-2026\/#breadcrumb\",\"itemListElement\":[{\"@type\":\"ListItem\",\"position\":1,\"name\":\"Portada\",\"item\":\"https:\/\/potenciaradiofonicadominicana.com\/portal\/\"},{\"@type\":\"ListItem\",\"position\":2,\"name\":\"Alcald\u00eda acelera obras del Malec\u00f3n Deportivo para Centroamericanos 2026\"}]},{\"@type\":\"WebSite\",\"@id\":\"https:\/\/potenciaradiofonicadominicana.com\/portal\/#website\",\"url\":\"https:\/\/potenciaradiofonicadominicana.com\/portal\/\",\"name\":\"PotenciaRadiofonicaDominicana.com\",\"description\":\"Peri\u00f3dico Digital\",\"publisher\":{\"@id\":\"https:\/\/potenciaradiofonicadominicana.com\/portal\/#organization\"},\"potentialAction\":[{\"@type\":\"SearchAction\",\"target\":{\"@type\":\"EntryPoint\",\"urlTemplate\":\"https:\/\/potenciaradiofonicadominicana.com\/portal\/?s={search_term_string}\"},\"query-input\":{\"@type\":\"PropertyValueSpecification\",\"valueRequired\":true,\"valueName\":\"search_term_string\"}}],\"inLanguage\":\"es\"},{\"@type\":\"Organization\",\"@id\":\"https:\/\/potenciaradiofonicadominicana.com\/portal\/#organization\",\"name\":\"PotenciaRadiofonicaDominicana.com\",\"url\":\"https:\/\/potenciaradiofonicadominicana.com\/portal\/\",\"logo\":{\"@type\":\"ImageObject\",\"inLanguage\":\"es\",\"@id\":\"https:\/\/potenciaradiofonicadominicana.com\/portal\/#\/schema\/logo\/image\/\",\"url\":\"https:\/\/potenciaradiofonicadominicana.com\/portal\/wp-content\/uploads\/2022\/01\/descarga.png\",\"contentUrl\":\"https:\/\/potenciaradiofonicadominicana.com\/portal\/wp-content\/uploads\/2022\/01\/descarga.png\",\"width\":300,\"height\":100,\"caption\":\"PotenciaRadiofonicaDominicana.com\"},\"image\":{\"@id\":\"https:\/\/potenciaradiofonicadominicana.com\/portal\/#\/schema\/logo\/image\/\"},\"sameAs\":[\"https:\/\/web.facebook.com\/PotenciaRadiofonicaD\"]},{\"@type\":\"Person\",\"@id\":\"https:\/\/potenciaradiofonicadominicana.com\/portal\/#\/schema\/person\/a5cf1fea13877803ee0573ac18b03490\",\"name\":\"Potencia Radiof\u00f3nica Dominicana\",\"image\":{\"@type\":\"ImageObject\",\"inLanguage\":\"es\",\"@id\":\"https:\/\/potenciaradiofonicadominicana.com\/portal\/#\/schema\/person\/image\/\",\"url\":\"https:\/\/secure.gravatar.com\/avatar\/42a55ab9e8ccc656ba34cd791990602a?s=96&d=mm&r=g\",\"contentUrl\":\"https:\/\/secure.gravatar.com\/avatar\/42a55ab9e8ccc656ba34cd791990602a?s=96&d=mm&r=g\",\"caption\":\"Potencia Radiof\u00f3nica Dominicana\"},\"url\":\"https:\/\/potenciaradiofonicadominicana.com\/portal\/author\/johannyalmanzar\/\"}]}<\/script>\n<!-- \/ Yoast SEO plugin. -->","yoast_head_json":{"title":"Alcald\u00eda acelera obras del Malec\u00f3n Deportivo para Centroamericanos 2026 - PotenciaRadiofonicaDominicana.com","robots":{"index":"index","follow":"follow","max-snippet":"max-snippet:-1","max-image-preview":"max-image-preview:large","max-video-preview":"max-video-preview:-1"},"canonical":"https:\/\/potenciaradiofonicadominicana.com\/portal\/alcaldia-acelera-obras-del-malecon-deportivo-para-centroamericanos-2026\/","og_locale":"es_ES","og_type":"article","og_title":"Alcald\u00eda acelera obras del Malec\u00f3n Deportivo para Centroamericanos 2026 - PotenciaRadiofonicaDominicana.com","og_description":"La alcaldesa del Distrito Nacional, Carolina Mej\u00eda, realiz\u00f3 un recorrido de supervisi\u00f3n por los avances del Malec\u00f3n Deportivo, donde destac\u00f3 ...","og_url":"https:\/\/potenciaradiofonicadominicana.com\/portal\/alcaldia-acelera-obras-del-malecon-deportivo-para-centroamericanos-2026\/","og_site_name":"PotenciaRadiofonicaDominicana.com","article_publisher":"https:\/\/web.facebook.com\/PotenciaRadiofonicaD","article_published_time":"2026-03-26T01:54:51+00:00","og_image":[{"width":1024,"height":576,"url":"https:\/\/potenciaradiofonicadominicana.com\/portal\/wp-content\/uploads\/2026\/03\/whatsapp-image-2026-03-19-at-123236-pm-1024x576-1.jpeg","type":"image\/jpeg"}],"author":"Potencia Radiof\u00f3nica Dominicana","twitter_card":"summary_large_image","twitter_misc":{"Escrito por":"Potencia Radiof\u00f3nica Dominicana","Tiempo de lectura":"2 minutos"},"schema":{"@context":"https:\/\/schema.org","@graph":[{"@type":"Article","@id":"https:\/\/potenciaradiofonicadominicana.com\/portal\/alcaldia-acelera-obras-del-malecon-deportivo-para-centroamericanos-2026\/#article","isPartOf":{"@id":"https:\/\/potenciaradiofonicadominicana.com\/portal\/alcaldia-acelera-obras-del-malecon-deportivo-para-centroamericanos-2026\/"},"author":{"name":"Potencia Radiof\u00f3nica Dominicana","@id":"https:\/\/potenciaradiofonicadominicana.com\/portal\/#\/schema\/person\/a5cf1fea13877803ee0573ac18b03490"},"headline":"Alcald\u00eda acelera obras del Malec\u00f3n Deportivo para Centroamericanos 2026","datePublished":"2026-03-26T01:54:51+00:00","mainEntityOfPage":{"@id":"https:\/\/potenciaradiofonicadominicana.com\/portal\/alcaldia-acelera-obras-del-malecon-deportivo-para-centroamericanos-2026\/"},"wordCount":361,"publisher":{"@id":"https:\/\/potenciaradiofonicadominicana.com\/portal\/#organization"},"image":{"@id":"https:\/\/potenciaradiofonicadominicana.com\/portal\/alcaldia-acelera-obras-del-malecon-deportivo-para-centroamericanos-2026\/#primaryimage"},"thumbnailUrl":"https:\/\/potenciaradiofonicadominicana.com\/portal\/wp-content\/uploads\/2026\/03\/whatsapp-image-2026-03-19-at-123236-pm-1024x576-1.jpeg","articleSection":["Deportes"],"inLanguage":"es"},{"@type":"WebPage","@id":"https:\/\/potenciaradiofonicadominicana.com\/portal\/alcaldia-acelera-obras-del-malecon-deportivo-para-centroamericanos-2026\/","url":"https:\/\/potenciaradiofonicadominicana.com\/portal\/alcaldia-acelera-obras-del-malecon-deportivo-para-centroamericanos-2026\/","name":"Alcald\u00eda acelera obras del Malec\u00f3n Deportivo para Centroamericanos 2026 - PotenciaRadiofonicaDominicana.com","isPartOf":{"@id":"https:\/\/potenciaradiofonicadominicana.com\/portal\/#website"},"primaryImageOfPage":{"@id":"https:\/\/potenciaradiofonicadominicana.com\/portal\/alcaldia-acelera-obras-del-malecon-deportivo-para-centroamericanos-2026\/#primaryimage"},"image":{"@id":"https:\/\/potenciaradiofonicadominicana.com\/portal\/alcaldia-acelera-obras-del-malecon-deportivo-para-centroamericanos-2026\/#primaryimage"},"thumbnailUrl":"https:\/\/potenciaradiofonicadominicana.com\/portal\/wp-content\/uploads\/2026\/03\/whatsapp-image-2026-03-19-at-123236-pm-1024x576-1.jpeg","datePublished":"2026-03-26T01:54:51+00:00","breadcrumb":{"@id":"https:\/\/potenciaradiofonicadominicana.com\/portal\/alcaldia-acelera-obras-del-malecon-deportivo-para-centroamericanos-2026\/#breadcrumb"},"inLanguage":"es","potentialAction":[{"@type":"ReadAction","target":["https:\/\/potenciaradiofonicadominicana.com\/portal\/alcaldia-acelera-obras-del-malecon-deportivo-para-centroamericanos-2026\/"]}]},{"@type":"ImageObject","inLanguage":"es","@id":"https:\/\/potenciaradiofonicadominicana.com\/portal\/alcaldia-acelera-obras-del-malecon-deportivo-para-centroamericanos-2026\/#primaryimage","url":"https:\/\/potenciaradiofonicadominicana.com\/portal\/wp-content\/uploads\/2026\/03\/whatsapp-image-2026-03-19-at-123236-pm-1024x576-1.jpeg","contentUrl":"https:\/\/potenciaradiofonicadominicana.com\/portal\/wp-content\/uploads\/2026\/03\/whatsapp-image-2026-03-19-at-123236-pm-1024x576-1.jpeg","width":1024,"height":576},{"@type":"BreadcrumbList","@id":"https:\/\/potenciaradiofonicadominicana.com\/portal\/alcaldia-acelera-obras-del-malecon-deportivo-para-centroamericanos-2026\/#breadcrumb","itemListElement":[{"@type":"ListItem","position":1,"name":"Portada","item":"https:\/\/potenciaradiofonicadominicana.com\/portal\/"},{"@type":"ListItem","position":2,"name":"Alcald\u00eda acelera obras del Malec\u00f3n Deportivo para Centroamericanos 2026"}]},{"@type":"WebSite","@id":"https:\/\/potenciaradiofonicadominicana.com\/portal\/#website","url":"https:\/\/potenciaradiofonicadominicana.com\/portal\/","name":"PotenciaRadiofonicaDominicana.com","description":"Peri\u00f3dico Digital","publisher":{"@id":"https:\/\/potenciaradiofonicadominicana.com\/portal\/#organization"},"potentialAction":[{"@type":"SearchAction","target":{"@type":"EntryPoint","urlTemplate":"https:\/\/potenciaradiofonicadominicana.com\/portal\/?s={search_term_string}"},"query-input":{"@type":"PropertyValueSpecification","valueRequired":true,"valueName":"search_term_string"}}],"inLanguage":"es"},{"@type":"Organization","@id":"https:\/\/potenciaradiofonicadominicana.com\/portal\/#organization","name":"PotenciaRadiofonicaDominicana.com","url":"https:\/\/potenciaradiofonicadominicana.com\/portal\/","logo":{"@type":"ImageObject","inLanguage":"es","@id":"https:\/\/potenciaradiofonicadominicana.com\/portal\/#\/schema\/logo\/image\/","url":"https:\/\/potenciaradiofonicadominicana.com\/portal\/wp-content\/uploads\/2022\/01\/descarga.png","contentUrl":"https:\/\/potenciaradiofonicadominicana.com\/portal\/wp-content\/uploads\/2022\/01\/descarga.png","width":300,"height":100,"caption":"PotenciaRadiofonicaDominicana.com"},"image":{"@id":"https:\/\/potenciaradiofonicadominicana.com\/portal\/#\/schema\/logo\/image\/"},"sameAs":["https:\/\/web.facebook.com\/PotenciaRadiofonicaD"]},{"@type":"Person","@id":"https:\/\/potenciaradiofonicadominicana.com\/portal\/#\/schema\/person\/a5cf1fea13877803ee0573ac18b03490","name":"Potencia Radiof\u00f3nica Dominicana","image":{"@type":"ImageObject","inLanguage":"es","@id":"https:\/\/potenciaradiofonicadominicana.com\/portal\/#\/schema\/person\/image\/","url":"https:\/\/secure.gravatar.com\/avatar\/42a55ab9e8ccc656ba34cd791990602a?s=96&d=mm&r=g","contentUrl":"https:\/\/secure.gravatar.com\/avatar\/42a55ab9e8ccc656ba34cd791990602a?s=96&d=mm&r=g","caption":"Potencia Radiof\u00f3nica Dominicana"},"url":"https:\/\/potenciaradiofonicadominicana.com\/portal\/author\/johannyalmanzar\/"}]}},"_links":{"self":[{"href":"https:\/\/potenciaradiofonicadominicana.com\/portal\/wp-json\/wp\/v2\/posts\/213629","targetHints":{"allow":["GET"]}}],"collection":[{"href":"https:\/\/potenciaradiofonicadominicana.com\/portal\/wp-json\/wp\/v2\/posts"}],"about":[{"href":"https:\/\/potenciaradiofonicadominicana.com\/portal\/wp-json\/wp\/v2\/types\/post"}],"author":[{"embeddable":true,"href":"https:\/\/potenciaradiofonicadominicana.com\/portal\/wp-json\/wp\/v2\/users\/2"}],"replies":[{"embeddable":true,"href":"https:\/\/potenciaradiofonicadominicana.com\/portal\/wp-json\/wp\/v2\/comments?post=213629"}],"version-history":[{"count":1,"href":"https:\/\/potenciaradiofonicadominicana.com\/portal\/wp-json\/wp\/v2\/posts\/213629\/revisions"}],"predecessor-version":[{"id":213631,"href":"https:\/\/potenciaradiofonicadominicana.com\/portal\/wp-json\/wp\/v2\/posts\/213629\/revisions\/213631"}],"wp:featuredmedia":[{"embeddable":true,"href":"https:\/\/potenciaradiofonicadominicana.com\/portal\/wp-json\/wp\/v2\/media\/213630"}],"wp:attachment":[{"href":"https:\/\/potenciaradiofonicadominicana.com\/portal\/wp-json\/wp\/v2\/media?parent=213629"}],"wp:term":[{"taxonomy":"category","embeddable":true,"href":"https:\/\/potenciaradiofonicadominicana.com\/portal\/wp-json\/wp\/v2\/categories?post=213629"},{"taxonomy":"post_tag","embeddable":true,"href":"https:\/\/potenciaradiofonicadominicana.com\/portal\/wp-json\/wp\/v2\/tags?post=213629"}],"curies":[{"name":"wp","href":"https:\/\/api.w.org\/{rel}","templated":true}]}}