{"id":213626,"date":"2026-03-25T21:51:49","date_gmt":"2026-03-26T01:51:49","guid":{"rendered":"https:\/\/potenciaradiofonicadominicana.com\/portal\/?p=213626"},"modified":"2026-03-25T21:51:49","modified_gmt":"2026-03-26T01:51:49","slug":"gobierno-inicia-reconstruccion-del-club-la-matica-con-inversion-de-rd32-8-millones","status":"publish","type":"post","link":"https:\/\/potenciaradiofonicadominicana.com\/portal\/gobierno-inicia-reconstruccion-del-club-la-matica-con-inversion-de-rd32-8-millones\/","title":{"rendered":"Gobierno inicia reconstrucci\u00f3n del Club La Matica con inversi\u00f3n de RD$32.8 millones"},"content":{"rendered":"<p><a href=\"https:\/\/potenciaradiofonicadominicana.com\/portal\/wp-content\/uploads\/2026\/03\/img-4971jpg-1024x576-1.jpg\"><img loading=\"lazy\" decoding=\"async\" class=\"alignnone size-full wp-image-213627\" src=\"https:\/\/potenciaradiofonicadominicana.com\/portal\/wp-content\/uploads\/2026\/03\/img-4971jpg-1024x576-1.jpg\" alt=\"\" width=\"1024\" height=\"576\" srcset=\"https:\/\/potenciaradiofonicadominicana.com\/portal\/wp-content\/uploads\/2026\/03\/img-4971jpg-1024x576-1.jpg 1024w, https:\/\/potenciaradiofonicadominicana.com\/portal\/wp-content\/uploads\/2026\/03\/img-4971jpg-1024x576-1-300x169.jpg 300w, https:\/\/potenciaradiofonicadominicana.com\/portal\/wp-content\/uploads\/2026\/03\/img-4971jpg-1024x576-1-768x432.jpg 768w\" sizes=\"auto, (max-width: 1024px) 100vw, 1024px\" \/><\/a><\/p>\n<p>El ministro de Deportes, Kelvin Cruz, dej\u00f3 iniciada la reconstrucci\u00f3n del Club La Matica, con una inversi\u00f3n de RD 32.8 millones, como parte de un conjunto de obras orientadas a fortalecer la infraestructura deportiva en esta provincia.<\/p>\n<p>El funcionario anunci\u00f3 que la intervenci\u00f3n incluir\u00e1 tambi\u00e9n la Casa Club, con el objetivo de garantizar una renovaci\u00f3n integral de las instalaciones.<\/p>\n<p>\u201cYo no puedo venir aqu\u00ed a pintar un pedazo y que por detr\u00e1s veamos otra cosa fea. No. Cuando entro a un lugar es para hacer una transformaci\u00f3n que se vea. Y si no lo incluyeron en el contrato, van a tener que incluirlo a partir de ma\u00f1ana, porque tambi\u00e9n vamos con la Casa Club; vamos a tocar todo lo que sea necesario para que se sienta el cambio\u201d, expres\u00f3 Cruz ante dirigentes comunitarios y deportistas presentes.<\/p>\n<p>El ministro proyect\u00f3 que los trabajos estar\u00e1n concluidos en un plazo aproximado de tres meses, lo que permitir\u00e1 que el tradicional Torneo Superior de Baloncesto de La Vega pueda celebrarse a finales de a\u00f1o en condiciones \u00f3ptimas.<\/p>\n<p>El Club La Matica es considerado uno de los m\u00e1s emblem\u00e1ticos del baloncesto dominicano y su remozamiento contribuir\u00e1 al desarrollo deportivo y social de la juventud vegana.<\/p>\n<p>Intervenciones complementarias en La Vega y otras provincias<\/p>\n<p>En el marco de su visita, Cruz destac\u00f3 otras iniciativas en ejecuci\u00f3n y en proceso que impactar\u00e1n tanto a La Vega como a distintas localidades del pa\u00eds. Entre ellas cit\u00f3 la construcci\u00f3n del estadio de b\u00e9isbol de San Juan y el estadio Ol\u00edmpico de San Francisco de Macor\u00eds.<\/p>\n<p>Asimismo, inform\u00f3 que se encuentran en proceso de licitaci\u00f3n obras como el Centro Ol\u00edmpico, incluyendo la arena deportiva, y que, tras la Semana Santa, iniciar\u00e1n los trabajos de rehabilitaci\u00f3n de la piscina ol\u00edmpica en esta provincia.<\/p>\n<p>El funcionario tambi\u00e9n resalt\u00f3 la finalizaci\u00f3n del multiuso de Constanza, as\u00ed como las intervenciones en los techados de Tireo y Jima.<\/p>\n<p>\u201cContinuamos trabajando de manera permanente para garantizar instalaciones deportivas dignas en todo el territorio nacional\u201d, afirm\u00f3.<\/p>\n<p><strong>Autoridades valoran impacto de la obra<\/strong><\/p>\n<p>La alcaldesa de La Vega, Amparo Custodio; la gobernadora provincial, Luisa de la Mota, y el presidente del Club La Matica, Julio Burdier, agradecieron al ministro por impulsar proyectos que fortalecen el acceso de la juventud a espacios adecuados para el deporte y la recreaci\u00f3n.<\/p>\n<p><strong>Alcance de la reconstrucci\u00f3n<\/strong><\/p>\n<p>El proyecto contempla la intervenci\u00f3n de un \u00e1rea aproximada de 2,389 metros cuadrados, que incluye la cancha, gradas, \u00e1reas de servicios y espacios exteriores<\/p>\n<p>Entre los trabajos a realizar se destacan la instalaci\u00f3n de tabloncillo de madera certificado por la FIBA; la colocaci\u00f3n de tableros profesionales, pizarra digital y reloj de 24 segundos, adem\u00e1s de la sustituci\u00f3n de asientos por butacas pl\u00e1sticas de alta resistencia.<\/p>\n<p>De igual forma, se realizar\u00e1 la modernizaci\u00f3n del sistema el\u00e9ctrico, el mantenimiento de la estructura met\u00e1lica y la colocaci\u00f3n de cubierta de aluzinc; el remozamiento de vestidores, ba\u00f1os y oficinas; la construcci\u00f3n de nuevas gradas con vestidores; la habilitaci\u00f3n de sal\u00f3n de reuniones y \u00e1reas administrativas; as\u00ed como pintura general y colocaci\u00f3n de barandas perimetrales.<\/p>\n","protected":false},"excerpt":{"rendered":"<p>El ministro de Deportes, Kelvin Cruz, dej\u00f3 iniciada la reconstrucci\u00f3n del Club La Matica, con una inversi\u00f3n de RD 32.8 &#8230;<\/p>\n","protected":false},"author":2,"featured_media":213627,"comment_status":"closed","ping_status":"closed","sticky":false,"template":"","format":"standard","meta":{"footnotes":""},"categories":[28],"tags":[],"class_list":["post-213626","post","type-post","status-publish","format-standard","has-post-thumbnail","hentry","category-deportes"],"yoast_head":"<!-- This site is optimized with the Yoast SEO plugin v24.8.1 - https:\/\/yoast.com\/wordpress\/plugins\/seo\/ -->\n<title>Gobierno inicia reconstrucci\u00f3n del Club La Matica con inversi\u00f3n de RD$32.8 millones - PotenciaRadiofonicaDominicana.com<\/title>\n<meta name=\"robots\" content=\"index, follow, max-snippet:-1, max-image-preview:large, max-video-preview:-1\" \/>\n<link rel=\"canonical\" href=\"https:\/\/potenciaradiofonicadominicana.com\/portal\/gobierno-inicia-reconstruccion-del-club-la-matica-con-inversion-de-rd32-8-millones\/\" \/>\n<meta property=\"og:locale\" content=\"es_ES\" \/>\n<meta property=\"og:type\" content=\"article\" \/>\n<meta property=\"og:title\" content=\"Gobierno inicia reconstrucci\u00f3n del Club La Matica con inversi\u00f3n de RD$32.8 millones - PotenciaRadiofonicaDominicana.com\" \/>\n<meta property=\"og:description\" content=\"El ministro de Deportes, Kelvin Cruz, dej\u00f3 iniciada la reconstrucci\u00f3n del Club La Matica, con una inversi\u00f3n de RD 32.8 ...\" \/>\n<meta property=\"og:url\" content=\"https:\/\/potenciaradiofonicadominicana.com\/portal\/gobierno-inicia-reconstruccion-del-club-la-matica-con-inversion-de-rd32-8-millones\/\" \/>\n<meta property=\"og:site_name\" content=\"PotenciaRadiofonicaDominicana.com\" \/>\n<meta property=\"article:publisher\" content=\"https:\/\/web.facebook.com\/PotenciaRadiofonicaD\" \/>\n<meta property=\"article:published_time\" content=\"2026-03-26T01:51:49+00:00\" \/>\n<meta property=\"og:image\" content=\"https:\/\/potenciaradiofonicadominicana.com\/portal\/wp-content\/uploads\/2026\/03\/img-4971jpg-1024x576-1.jpg\" \/>\n\t<meta property=\"og:image:width\" content=\"1024\" \/>\n\t<meta property=\"og:image:height\" content=\"576\" \/>\n\t<meta property=\"og:image:type\" content=\"image\/jpeg\" \/>\n<meta name=\"author\" content=\"Potencia Radiof\u00f3nica Dominicana\" \/>\n<meta name=\"twitter:card\" content=\"summary_large_image\" \/>\n<meta name=\"twitter:label1\" content=\"Escrito por\" \/>\n\t<meta name=\"twitter:data1\" content=\"Potencia Radiof\u00f3nica Dominicana\" \/>\n\t<meta name=\"twitter:label2\" content=\"Tiempo de lectura\" \/>\n\t<meta name=\"twitter:data2\" content=\"3 minutos\" \/>\n<script type=\"application\/ld+json\" class=\"yoast-schema-graph\">{\"@context\":\"https:\/\/schema.org\",\"@graph\":[{\"@type\":\"Article\",\"@id\":\"https:\/\/potenciaradiofonicadominicana.com\/portal\/gobierno-inicia-reconstruccion-del-club-la-matica-con-inversion-de-rd32-8-millones\/#article\",\"isPartOf\":{\"@id\":\"https:\/\/potenciaradiofonicadominicana.com\/portal\/gobierno-inicia-reconstruccion-del-club-la-matica-con-inversion-de-rd32-8-millones\/\"},\"author\":{\"name\":\"Potencia Radiof\u00f3nica Dominicana\",\"@id\":\"https:\/\/potenciaradiofonicadominicana.com\/portal\/#\/schema\/person\/a5cf1fea13877803ee0573ac18b03490\"},\"headline\":\"Gobierno inicia reconstrucci\u00f3n del Club La Matica con inversi\u00f3n de RD$32.8 millones\",\"datePublished\":\"2026-03-26T01:51:49+00:00\",\"mainEntityOfPage\":{\"@id\":\"https:\/\/potenciaradiofonicadominicana.com\/portal\/gobierno-inicia-reconstruccion-del-club-la-matica-con-inversion-de-rd32-8-millones\/\"},\"wordCount\":559,\"publisher\":{\"@id\":\"https:\/\/potenciaradiofonicadominicana.com\/portal\/#organization\"},\"image\":{\"@id\":\"https:\/\/potenciaradiofonicadominicana.com\/portal\/gobierno-inicia-reconstruccion-del-club-la-matica-con-inversion-de-rd32-8-millones\/#primaryimage\"},\"thumbnailUrl\":\"https:\/\/potenciaradiofonicadominicana.com\/portal\/wp-content\/uploads\/2026\/03\/img-4971jpg-1024x576-1.jpg\",\"articleSection\":[\"Deportes\"],\"inLanguage\":\"es\"},{\"@type\":\"WebPage\",\"@id\":\"https:\/\/potenciaradiofonicadominicana.com\/portal\/gobierno-inicia-reconstruccion-del-club-la-matica-con-inversion-de-rd32-8-millones\/\",\"url\":\"https:\/\/potenciaradiofonicadominicana.com\/portal\/gobierno-inicia-reconstruccion-del-club-la-matica-con-inversion-de-rd32-8-millones\/\",\"name\":\"Gobierno inicia reconstrucci\u00f3n del Club La Matica con inversi\u00f3n de RD$32.8 millones - PotenciaRadiofonicaDominicana.com\",\"isPartOf\":{\"@id\":\"https:\/\/potenciaradiofonicadominicana.com\/portal\/#website\"},\"primaryImageOfPage\":{\"@id\":\"https:\/\/potenciaradiofonicadominicana.com\/portal\/gobierno-inicia-reconstruccion-del-club-la-matica-con-inversion-de-rd32-8-millones\/#primaryimage\"},\"image\":{\"@id\":\"https:\/\/potenciaradiofonicadominicana.com\/portal\/gobierno-inicia-reconstruccion-del-club-la-matica-con-inversion-de-rd32-8-millones\/#primaryimage\"},\"thumbnailUrl\":\"https:\/\/potenciaradiofonicadominicana.com\/portal\/wp-content\/uploads\/2026\/03\/img-4971jpg-1024x576-1.jpg\",\"datePublished\":\"2026-03-26T01:51:49+00:00\",\"breadcrumb\":{\"@id\":\"https:\/\/potenciaradiofonicadominicana.com\/portal\/gobierno-inicia-reconstruccion-del-club-la-matica-con-inversion-de-rd32-8-millones\/#breadcrumb\"},\"inLanguage\":\"es\",\"potentialAction\":[{\"@type\":\"ReadAction\",\"target\":[\"https:\/\/potenciaradiofonicadominicana.com\/portal\/gobierno-inicia-reconstruccion-del-club-la-matica-con-inversion-de-rd32-8-millones\/\"]}]},{\"@type\":\"ImageObject\",\"inLanguage\":\"es\",\"@id\":\"https:\/\/potenciaradiofonicadominicana.com\/portal\/gobierno-inicia-reconstruccion-del-club-la-matica-con-inversion-de-rd32-8-millones\/#primaryimage\",\"url\":\"https:\/\/potenciaradiofonicadominicana.com\/portal\/wp-content\/uploads\/2026\/03\/img-4971jpg-1024x576-1.jpg\",\"contentUrl\":\"https:\/\/potenciaradiofonicadominicana.com\/portal\/wp-content\/uploads\/2026\/03\/img-4971jpg-1024x576-1.jpg\",\"width\":1024,\"height\":576},{\"@type\":\"BreadcrumbList\",\"@id\":\"https:\/\/potenciaradiofonicadominicana.com\/portal\/gobierno-inicia-reconstruccion-del-club-la-matica-con-inversion-de-rd32-8-millones\/#breadcrumb\",\"itemListElement\":[{\"@type\":\"ListItem\",\"position\":1,\"name\":\"Portada\",\"item\":\"https:\/\/potenciaradiofonicadominicana.com\/portal\/\"},{\"@type\":\"ListItem\",\"position\":2,\"name\":\"Gobierno inicia reconstrucci\u00f3n del Club La Matica con inversi\u00f3n de RD$32.8 millones\"}]},{\"@type\":\"WebSite\",\"@id\":\"https:\/\/potenciaradiofonicadominicana.com\/portal\/#website\",\"url\":\"https:\/\/potenciaradiofonicadominicana.com\/portal\/\",\"name\":\"PotenciaRadiofonicaDominicana.com\",\"description\":\"Peri\u00f3dico Digital\",\"publisher\":{\"@id\":\"https:\/\/potenciaradiofonicadominicana.com\/portal\/#organization\"},\"potentialAction\":[{\"@type\":\"SearchAction\",\"target\":{\"@type\":\"EntryPoint\",\"urlTemplate\":\"https:\/\/potenciaradiofonicadominicana.com\/portal\/?s={search_term_string}\"},\"query-input\":{\"@type\":\"PropertyValueSpecification\",\"valueRequired\":true,\"valueName\":\"search_term_string\"}}],\"inLanguage\":\"es\"},{\"@type\":\"Organization\",\"@id\":\"https:\/\/potenciaradiofonicadominicana.com\/portal\/#organization\",\"name\":\"PotenciaRadiofonicaDominicana.com\",\"url\":\"https:\/\/potenciaradiofonicadominicana.com\/portal\/\",\"logo\":{\"@type\":\"ImageObject\",\"inLanguage\":\"es\",\"@id\":\"https:\/\/potenciaradiofonicadominicana.com\/portal\/#\/schema\/logo\/image\/\",\"url\":\"https:\/\/potenciaradiofonicadominicana.com\/portal\/wp-content\/uploads\/2022\/01\/descarga.png\",\"contentUrl\":\"https:\/\/potenciaradiofonicadominicana.com\/portal\/wp-content\/uploads\/2022\/01\/descarga.png\",\"width\":300,\"height\":100,\"caption\":\"PotenciaRadiofonicaDominicana.com\"},\"image\":{\"@id\":\"https:\/\/potenciaradiofonicadominicana.com\/portal\/#\/schema\/logo\/image\/\"},\"sameAs\":[\"https:\/\/web.facebook.com\/PotenciaRadiofonicaD\"]},{\"@type\":\"Person\",\"@id\":\"https:\/\/potenciaradiofonicadominicana.com\/portal\/#\/schema\/person\/a5cf1fea13877803ee0573ac18b03490\",\"name\":\"Potencia Radiof\u00f3nica Dominicana\",\"image\":{\"@type\":\"ImageObject\",\"inLanguage\":\"es\",\"@id\":\"https:\/\/potenciaradiofonicadominicana.com\/portal\/#\/schema\/person\/image\/\",\"url\":\"https:\/\/secure.gravatar.com\/avatar\/42a55ab9e8ccc656ba34cd791990602a?s=96&d=mm&r=g\",\"contentUrl\":\"https:\/\/secure.gravatar.com\/avatar\/42a55ab9e8ccc656ba34cd791990602a?s=96&d=mm&r=g\",\"caption\":\"Potencia Radiof\u00f3nica Dominicana\"},\"url\":\"https:\/\/potenciaradiofonicadominicana.com\/portal\/author\/johannyalmanzar\/\"}]}<\/script>\n<!-- \/ Yoast SEO plugin. -->","yoast_head_json":{"title":"Gobierno inicia reconstrucci\u00f3n del Club La Matica con inversi\u00f3n de RD$32.8 millones - PotenciaRadiofonicaDominicana.com","robots":{"index":"index","follow":"follow","max-snippet":"max-snippet:-1","max-image-preview":"max-image-preview:large","max-video-preview":"max-video-preview:-1"},"canonical":"https:\/\/potenciaradiofonicadominicana.com\/portal\/gobierno-inicia-reconstruccion-del-club-la-matica-con-inversion-de-rd32-8-millones\/","og_locale":"es_ES","og_type":"article","og_title":"Gobierno inicia reconstrucci\u00f3n del Club La Matica con inversi\u00f3n de RD$32.8 millones - PotenciaRadiofonicaDominicana.com","og_description":"El ministro de Deportes, Kelvin Cruz, dej\u00f3 iniciada la reconstrucci\u00f3n del Club La Matica, con una inversi\u00f3n de RD 32.8 ...","og_url":"https:\/\/potenciaradiofonicadominicana.com\/portal\/gobierno-inicia-reconstruccion-del-club-la-matica-con-inversion-de-rd32-8-millones\/","og_site_name":"PotenciaRadiofonicaDominicana.com","article_publisher":"https:\/\/web.facebook.com\/PotenciaRadiofonicaD","article_published_time":"2026-03-26T01:51:49+00:00","og_image":[{"width":1024,"height":576,"url":"https:\/\/potenciaradiofonicadominicana.com\/portal\/wp-content\/uploads\/2026\/03\/img-4971jpg-1024x576-1.jpg","type":"image\/jpeg"}],"author":"Potencia Radiof\u00f3nica Dominicana","twitter_card":"summary_large_image","twitter_misc":{"Escrito por":"Potencia Radiof\u00f3nica Dominicana","Tiempo de lectura":"3 minutos"},"schema":{"@context":"https:\/\/schema.org","@graph":[{"@type":"Article","@id":"https:\/\/potenciaradiofonicadominicana.com\/portal\/gobierno-inicia-reconstruccion-del-club-la-matica-con-inversion-de-rd32-8-millones\/#article","isPartOf":{"@id":"https:\/\/potenciaradiofonicadominicana.com\/portal\/gobierno-inicia-reconstruccion-del-club-la-matica-con-inversion-de-rd32-8-millones\/"},"author":{"name":"Potencia Radiof\u00f3nica Dominicana","@id":"https:\/\/potenciaradiofonicadominicana.com\/portal\/#\/schema\/person\/a5cf1fea13877803ee0573ac18b03490"},"headline":"Gobierno inicia reconstrucci\u00f3n del Club La Matica con inversi\u00f3n de RD$32.8 millones","datePublished":"2026-03-26T01:51:49+00:00","mainEntityOfPage":{"@id":"https:\/\/potenciaradiofonicadominicana.com\/portal\/gobierno-inicia-reconstruccion-del-club-la-matica-con-inversion-de-rd32-8-millones\/"},"wordCount":559,"publisher":{"@id":"https:\/\/potenciaradiofonicadominicana.com\/portal\/#organization"},"image":{"@id":"https:\/\/potenciaradiofonicadominicana.com\/portal\/gobierno-inicia-reconstruccion-del-club-la-matica-con-inversion-de-rd32-8-millones\/#primaryimage"},"thumbnailUrl":"https:\/\/potenciaradiofonicadominicana.com\/portal\/wp-content\/uploads\/2026\/03\/img-4971jpg-1024x576-1.jpg","articleSection":["Deportes"],"inLanguage":"es"},{"@type":"WebPage","@id":"https:\/\/potenciaradiofonicadominicana.com\/portal\/gobierno-inicia-reconstruccion-del-club-la-matica-con-inversion-de-rd32-8-millones\/","url":"https:\/\/potenciaradiofonicadominicana.com\/portal\/gobierno-inicia-reconstruccion-del-club-la-matica-con-inversion-de-rd32-8-millones\/","name":"Gobierno inicia reconstrucci\u00f3n del Club La Matica con inversi\u00f3n de RD$32.8 millones - PotenciaRadiofonicaDominicana.com","isPartOf":{"@id":"https:\/\/potenciaradiofonicadominicana.com\/portal\/#website"},"primaryImageOfPage":{"@id":"https:\/\/potenciaradiofonicadominicana.com\/portal\/gobierno-inicia-reconstruccion-del-club-la-matica-con-inversion-de-rd32-8-millones\/#primaryimage"},"image":{"@id":"https:\/\/potenciaradiofonicadominicana.com\/portal\/gobierno-inicia-reconstruccion-del-club-la-matica-con-inversion-de-rd32-8-millones\/#primaryimage"},"thumbnailUrl":"https:\/\/potenciaradiofonicadominicana.com\/portal\/wp-content\/uploads\/2026\/03\/img-4971jpg-1024x576-1.jpg","datePublished":"2026-03-26T01:51:49+00:00","breadcrumb":{"@id":"https:\/\/potenciaradiofonicadominicana.com\/portal\/gobierno-inicia-reconstruccion-del-club-la-matica-con-inversion-de-rd32-8-millones\/#breadcrumb"},"inLanguage":"es","potentialAction":[{"@type":"ReadAction","target":["https:\/\/potenciaradiofonicadominicana.com\/portal\/gobierno-inicia-reconstruccion-del-club-la-matica-con-inversion-de-rd32-8-millones\/"]}]},{"@type":"ImageObject","inLanguage":"es","@id":"https:\/\/potenciaradiofonicadominicana.com\/portal\/gobierno-inicia-reconstruccion-del-club-la-matica-con-inversion-de-rd32-8-millones\/#primaryimage","url":"https:\/\/potenciaradiofonicadominicana.com\/portal\/wp-content\/uploads\/2026\/03\/img-4971jpg-1024x576-1.jpg","contentUrl":"https:\/\/potenciaradiofonicadominicana.com\/portal\/wp-content\/uploads\/2026\/03\/img-4971jpg-1024x576-1.jpg","width":1024,"height":576},{"@type":"BreadcrumbList","@id":"https:\/\/potenciaradiofonicadominicana.com\/portal\/gobierno-inicia-reconstruccion-del-club-la-matica-con-inversion-de-rd32-8-millones\/#breadcrumb","itemListElement":[{"@type":"ListItem","position":1,"name":"Portada","item":"https:\/\/potenciaradiofonicadominicana.com\/portal\/"},{"@type":"ListItem","position":2,"name":"Gobierno inicia reconstrucci\u00f3n del Club La Matica con inversi\u00f3n de RD$32.8 millones"}]},{"@type":"WebSite","@id":"https:\/\/potenciaradiofonicadominicana.com\/portal\/#website","url":"https:\/\/potenciaradiofonicadominicana.com\/portal\/","name":"PotenciaRadiofonicaDominicana.com","description":"Peri\u00f3dico Digital","publisher":{"@id":"https:\/\/potenciaradiofonicadominicana.com\/portal\/#organization"},"potentialAction":[{"@type":"SearchAction","target":{"@type":"EntryPoint","urlTemplate":"https:\/\/potenciaradiofonicadominicana.com\/portal\/?s={search_term_string}"},"query-input":{"@type":"PropertyValueSpecification","valueRequired":true,"valueName":"search_term_string"}}],"inLanguage":"es"},{"@type":"Organization","@id":"https:\/\/potenciaradiofonicadominicana.com\/portal\/#organization","name":"PotenciaRadiofonicaDominicana.com","url":"https:\/\/potenciaradiofonicadominicana.com\/portal\/","logo":{"@type":"ImageObject","inLanguage":"es","@id":"https:\/\/potenciaradiofonicadominicana.com\/portal\/#\/schema\/logo\/image\/","url":"https:\/\/potenciaradiofonicadominicana.com\/portal\/wp-content\/uploads\/2022\/01\/descarga.png","contentUrl":"https:\/\/potenciaradiofonicadominicana.com\/portal\/wp-content\/uploads\/2022\/01\/descarga.png","width":300,"height":100,"caption":"PotenciaRadiofonicaDominicana.com"},"image":{"@id":"https:\/\/potenciaradiofonicadominicana.com\/portal\/#\/schema\/logo\/image\/"},"sameAs":["https:\/\/web.facebook.com\/PotenciaRadiofonicaD"]},{"@type":"Person","@id":"https:\/\/potenciaradiofonicadominicana.com\/portal\/#\/schema\/person\/a5cf1fea13877803ee0573ac18b03490","name":"Potencia Radiof\u00f3nica Dominicana","image":{"@type":"ImageObject","inLanguage":"es","@id":"https:\/\/potenciaradiofonicadominicana.com\/portal\/#\/schema\/person\/image\/","url":"https:\/\/secure.gravatar.com\/avatar\/42a55ab9e8ccc656ba34cd791990602a?s=96&d=mm&r=g","contentUrl":"https:\/\/secure.gravatar.com\/avatar\/42a55ab9e8ccc656ba34cd791990602a?s=96&d=mm&r=g","caption":"Potencia Radiof\u00f3nica Dominicana"},"url":"https:\/\/potenciaradiofonicadominicana.com\/portal\/author\/johannyalmanzar\/"}]}},"_links":{"self":[{"href":"https:\/\/potenciaradiofonicadominicana.com\/portal\/wp-json\/wp\/v2\/posts\/213626","targetHints":{"allow":["GET"]}}],"collection":[{"href":"https:\/\/potenciaradiofonicadominicana.com\/portal\/wp-json\/wp\/v2\/posts"}],"about":[{"href":"https:\/\/potenciaradiofonicadominicana.com\/portal\/wp-json\/wp\/v2\/types\/post"}],"author":[{"embeddable":true,"href":"https:\/\/potenciaradiofonicadominicana.com\/portal\/wp-json\/wp\/v2\/users\/2"}],"replies":[{"embeddable":true,"href":"https:\/\/potenciaradiofonicadominicana.com\/portal\/wp-json\/wp\/v2\/comments?post=213626"}],"version-history":[{"count":1,"href":"https:\/\/potenciaradiofonicadominicana.com\/portal\/wp-json\/wp\/v2\/posts\/213626\/revisions"}],"predecessor-version":[{"id":213628,"href":"https:\/\/potenciaradiofonicadominicana.com\/portal\/wp-json\/wp\/v2\/posts\/213626\/revisions\/213628"}],"wp:featuredmedia":[{"embeddable":true,"href":"https:\/\/potenciaradiofonicadominicana.com\/portal\/wp-json\/wp\/v2\/media\/213627"}],"wp:attachment":[{"href":"https:\/\/potenciaradiofonicadominicana.com\/portal\/wp-json\/wp\/v2\/media?parent=213626"}],"wp:term":[{"taxonomy":"category","embeddable":true,"href":"https:\/\/potenciaradiofonicadominicana.com\/portal\/wp-json\/wp\/v2\/categories?post=213626"},{"taxonomy":"post_tag","embeddable":true,"href":"https:\/\/potenciaradiofonicadominicana.com\/portal\/wp-json\/wp\/v2\/tags?post=213626"}],"curies":[{"name":"wp","href":"https:\/\/api.w.org\/{rel}","templated":true}]}}