{"id":213620,"date":"2026-03-25T21:49:46","date_gmt":"2026-03-26T01:49:46","guid":{"rendered":"https:\/\/potenciaradiofonicadominicana.com\/portal\/?p=213620"},"modified":"2026-03-25T21:49:46","modified_gmt":"2026-03-26T01:49:46","slug":"ja-morant-fuera-el-resto-de-la-temporada-debido-a-una-lesion-en-el-codo-izquierdo","status":"publish","type":"post","link":"https:\/\/potenciaradiofonicadominicana.com\/portal\/ja-morant-fuera-el-resto-de-la-temporada-debido-a-una-lesion-en-el-codo-izquierdo\/","title":{"rendered":"Ja Morant, fuera el resto de la temporada debido a una lesi\u00f3n en el codo izquierdo"},"content":{"rendered":"<p><a href=\"https:\/\/potenciaradiofonicadominicana.com\/portal\/wp-content\/uploads\/2026\/03\/ja-morantjpg.webp\"><img loading=\"lazy\" decoding=\"async\" class=\"alignnone size-full wp-image-213621\" src=\"https:\/\/potenciaradiofonicadominicana.com\/portal\/wp-content\/uploads\/2026\/03\/ja-morantjpg.webp\" alt=\"\" width=\"1200\" height=\"675\" srcset=\"https:\/\/potenciaradiofonicadominicana.com\/portal\/wp-content\/uploads\/2026\/03\/ja-morantjpg.webp 1200w, https:\/\/potenciaradiofonicadominicana.com\/portal\/wp-content\/uploads\/2026\/03\/ja-morantjpg-300x169.webp 300w, https:\/\/potenciaradiofonicadominicana.com\/portal\/wp-content\/uploads\/2026\/03\/ja-morantjpg-1024x576.webp 1024w, https:\/\/potenciaradiofonicadominicana.com\/portal\/wp-content\/uploads\/2026\/03\/ja-morantjpg-768x432.webp 768w\" sizes=\"auto, (max-width: 1200px) 100vw, 1200px\" \/><\/a><\/p>\n<p>El base de los Memphis Grizzlies, Ja Morant, se perder\u00e1 el resto de la temporada debido a un esguince del ligamento colateral cubital del codo izquierdo, seg\u00fan anunci\u00f3 el equipo el martes por la noche.<\/p>\n<p>Morant, dos veces All-Star de la NBA, solo disput\u00f3 20 partidos esta temporada. Los Grizzlies exploraron el mercado de traspasos antes de la fecha l\u00edmite de febrero, pero no encontraron mucho inter\u00e9s entre los dem\u00e1s equipos.<\/p>\n<p>Morant sufri\u00f3 el esguince de codo el 21 de enero, en el segundo partido que jug\u00f3 tras su regreso despu\u00e9s de dos semanas de baja por molestias en la pantorrilla.<\/p>\n<p>Seg\u00fan el equipo, Morant consult\u00f3 recientemente sobre c\u00f3mo tratar la molestia persistente en su codo. Se le recomend\u00f3 una inyecci\u00f3n de plasma rico en plaquetas para optimizar la recuperaci\u00f3n de los ligamentos. Se espera que est\u00e9 listo para el inicio de la temporada 2026-27.<\/p>\n<p>Morant solo ha jugado 79 partidos en las \u00faltimas tres temporadas debido a m\u00faltiples suspensiones y diversas lesiones. Le quedan dos temporadas y 87 millones de d\u00f3lares en su contrato.<\/p>\n","protected":false},"excerpt":{"rendered":"<p>El base de los Memphis Grizzlies, Ja Morant, se perder\u00e1 el resto de la temporada debido a un esguince del &#8230;<\/p>\n","protected":false},"author":2,"featured_media":213621,"comment_status":"closed","ping_status":"closed","sticky":false,"template":"","format":"standard","meta":{"footnotes":""},"categories":[28],"tags":[],"class_list":["post-213620","post","type-post","status-publish","format-standard","has-post-thumbnail","hentry","category-deportes"],"yoast_head":"<!-- This site is optimized with the Yoast SEO plugin v24.8.1 - https:\/\/yoast.com\/wordpress\/plugins\/seo\/ -->\n<title>Ja Morant, fuera el resto de la temporada debido a una lesi\u00f3n en el codo izquierdo - PotenciaRadiofonicaDominicana.com<\/title>\n<meta name=\"robots\" content=\"index, follow, max-snippet:-1, max-image-preview:large, max-video-preview:-1\" \/>\n<link rel=\"canonical\" href=\"https:\/\/potenciaradiofonicadominicana.com\/portal\/ja-morant-fuera-el-resto-de-la-temporada-debido-a-una-lesion-en-el-codo-izquierdo\/\" \/>\n<meta property=\"og:locale\" content=\"es_ES\" \/>\n<meta property=\"og:type\" content=\"article\" \/>\n<meta property=\"og:title\" content=\"Ja Morant, fuera el resto de la temporada debido a una lesi\u00f3n en el codo izquierdo - PotenciaRadiofonicaDominicana.com\" \/>\n<meta property=\"og:description\" content=\"El base de los Memphis Grizzlies, Ja Morant, se perder\u00e1 el resto de la temporada debido a un esguince del ...\" \/>\n<meta property=\"og:url\" content=\"https:\/\/potenciaradiofonicadominicana.com\/portal\/ja-morant-fuera-el-resto-de-la-temporada-debido-a-una-lesion-en-el-codo-izquierdo\/\" \/>\n<meta property=\"og:site_name\" content=\"PotenciaRadiofonicaDominicana.com\" \/>\n<meta property=\"article:publisher\" content=\"https:\/\/web.facebook.com\/PotenciaRadiofonicaD\" \/>\n<meta property=\"article:published_time\" content=\"2026-03-26T01:49:46+00:00\" \/>\n<meta property=\"og:image\" content=\"https:\/\/potenciaradiofonicadominicana.com\/portal\/wp-content\/uploads\/2026\/03\/ja-morantjpg.webp\" \/>\n\t<meta property=\"og:image:width\" content=\"1200\" \/>\n\t<meta property=\"og:image:height\" content=\"675\" \/>\n\t<meta property=\"og:image:type\" content=\"image\/webp\" \/>\n<meta name=\"author\" content=\"Potencia Radiof\u00f3nica Dominicana\" \/>\n<meta name=\"twitter:card\" content=\"summary_large_image\" \/>\n<meta name=\"twitter:label1\" content=\"Escrito por\" \/>\n\t<meta name=\"twitter:data1\" content=\"Potencia Radiof\u00f3nica Dominicana\" \/>\n\t<meta name=\"twitter:label2\" content=\"Tiempo de lectura\" \/>\n\t<meta name=\"twitter:data2\" content=\"2 minutos\" \/>\n<script type=\"application\/ld+json\" class=\"yoast-schema-graph\">{\"@context\":\"https:\/\/schema.org\",\"@graph\":[{\"@type\":\"Article\",\"@id\":\"https:\/\/potenciaradiofonicadominicana.com\/portal\/ja-morant-fuera-el-resto-de-la-temporada-debido-a-una-lesion-en-el-codo-izquierdo\/#article\",\"isPartOf\":{\"@id\":\"https:\/\/potenciaradiofonicadominicana.com\/portal\/ja-morant-fuera-el-resto-de-la-temporada-debido-a-una-lesion-en-el-codo-izquierdo\/\"},\"author\":{\"name\":\"Potencia Radiof\u00f3nica Dominicana\",\"@id\":\"https:\/\/potenciaradiofonicadominicana.com\/portal\/#\/schema\/person\/a5cf1fea13877803ee0573ac18b03490\"},\"headline\":\"Ja Morant, fuera el resto de la temporada debido a una lesi\u00f3n en el codo izquierdo\",\"datePublished\":\"2026-03-26T01:49:46+00:00\",\"mainEntityOfPage\":{\"@id\":\"https:\/\/potenciaradiofonicadominicana.com\/portal\/ja-morant-fuera-el-resto-de-la-temporada-debido-a-una-lesion-en-el-codo-izquierdo\/\"},\"wordCount\":199,\"publisher\":{\"@id\":\"https:\/\/potenciaradiofonicadominicana.com\/portal\/#organization\"},\"image\":{\"@id\":\"https:\/\/potenciaradiofonicadominicana.com\/portal\/ja-morant-fuera-el-resto-de-la-temporada-debido-a-una-lesion-en-el-codo-izquierdo\/#primaryimage\"},\"thumbnailUrl\":\"https:\/\/potenciaradiofonicadominicana.com\/portal\/wp-content\/uploads\/2026\/03\/ja-morantjpg.webp\",\"articleSection\":[\"Deportes\"],\"inLanguage\":\"es\"},{\"@type\":\"WebPage\",\"@id\":\"https:\/\/potenciaradiofonicadominicana.com\/portal\/ja-morant-fuera-el-resto-de-la-temporada-debido-a-una-lesion-en-el-codo-izquierdo\/\",\"url\":\"https:\/\/potenciaradiofonicadominicana.com\/portal\/ja-morant-fuera-el-resto-de-la-temporada-debido-a-una-lesion-en-el-codo-izquierdo\/\",\"name\":\"Ja Morant, fuera el resto de la temporada debido a una lesi\u00f3n en el codo izquierdo - PotenciaRadiofonicaDominicana.com\",\"isPartOf\":{\"@id\":\"https:\/\/potenciaradiofonicadominicana.com\/portal\/#website\"},\"primaryImageOfPage\":{\"@id\":\"https:\/\/potenciaradiofonicadominicana.com\/portal\/ja-morant-fuera-el-resto-de-la-temporada-debido-a-una-lesion-en-el-codo-izquierdo\/#primaryimage\"},\"image\":{\"@id\":\"https:\/\/potenciaradiofonicadominicana.com\/portal\/ja-morant-fuera-el-resto-de-la-temporada-debido-a-una-lesion-en-el-codo-izquierdo\/#primaryimage\"},\"thumbnailUrl\":\"https:\/\/potenciaradiofonicadominicana.com\/portal\/wp-content\/uploads\/2026\/03\/ja-morantjpg.webp\",\"datePublished\":\"2026-03-26T01:49:46+00:00\",\"breadcrumb\":{\"@id\":\"https:\/\/potenciaradiofonicadominicana.com\/portal\/ja-morant-fuera-el-resto-de-la-temporada-debido-a-una-lesion-en-el-codo-izquierdo\/#breadcrumb\"},\"inLanguage\":\"es\",\"potentialAction\":[{\"@type\":\"ReadAction\",\"target\":[\"https:\/\/potenciaradiofonicadominicana.com\/portal\/ja-morant-fuera-el-resto-de-la-temporada-debido-a-una-lesion-en-el-codo-izquierdo\/\"]}]},{\"@type\":\"ImageObject\",\"inLanguage\":\"es\",\"@id\":\"https:\/\/potenciaradiofonicadominicana.com\/portal\/ja-morant-fuera-el-resto-de-la-temporada-debido-a-una-lesion-en-el-codo-izquierdo\/#primaryimage\",\"url\":\"https:\/\/potenciaradiofonicadominicana.com\/portal\/wp-content\/uploads\/2026\/03\/ja-morantjpg.webp\",\"contentUrl\":\"https:\/\/potenciaradiofonicadominicana.com\/portal\/wp-content\/uploads\/2026\/03\/ja-morantjpg.webp\",\"width\":1200,\"height\":675},{\"@type\":\"BreadcrumbList\",\"@id\":\"https:\/\/potenciaradiofonicadominicana.com\/portal\/ja-morant-fuera-el-resto-de-la-temporada-debido-a-una-lesion-en-el-codo-izquierdo\/#breadcrumb\",\"itemListElement\":[{\"@type\":\"ListItem\",\"position\":1,\"name\":\"Portada\",\"item\":\"https:\/\/potenciaradiofonicadominicana.com\/portal\/\"},{\"@type\":\"ListItem\",\"position\":2,\"name\":\"Ja Morant, fuera el resto de la temporada debido a una lesi\u00f3n en el codo izquierdo\"}]},{\"@type\":\"WebSite\",\"@id\":\"https:\/\/potenciaradiofonicadominicana.com\/portal\/#website\",\"url\":\"https:\/\/potenciaradiofonicadominicana.com\/portal\/\",\"name\":\"PotenciaRadiofonicaDominicana.com\",\"description\":\"Peri\u00f3dico Digital\",\"publisher\":{\"@id\":\"https:\/\/potenciaradiofonicadominicana.com\/portal\/#organization\"},\"potentialAction\":[{\"@type\":\"SearchAction\",\"target\":{\"@type\":\"EntryPoint\",\"urlTemplate\":\"https:\/\/potenciaradiofonicadominicana.com\/portal\/?s={search_term_string}\"},\"query-input\":{\"@type\":\"PropertyValueSpecification\",\"valueRequired\":true,\"valueName\":\"search_term_string\"}}],\"inLanguage\":\"es\"},{\"@type\":\"Organization\",\"@id\":\"https:\/\/potenciaradiofonicadominicana.com\/portal\/#organization\",\"name\":\"PotenciaRadiofonicaDominicana.com\",\"url\":\"https:\/\/potenciaradiofonicadominicana.com\/portal\/\",\"logo\":{\"@type\":\"ImageObject\",\"inLanguage\":\"es\",\"@id\":\"https:\/\/potenciaradiofonicadominicana.com\/portal\/#\/schema\/logo\/image\/\",\"url\":\"https:\/\/potenciaradiofonicadominicana.com\/portal\/wp-content\/uploads\/2022\/01\/descarga.png\",\"contentUrl\":\"https:\/\/potenciaradiofonicadominicana.com\/portal\/wp-content\/uploads\/2022\/01\/descarga.png\",\"width\":300,\"height\":100,\"caption\":\"PotenciaRadiofonicaDominicana.com\"},\"image\":{\"@id\":\"https:\/\/potenciaradiofonicadominicana.com\/portal\/#\/schema\/logo\/image\/\"},\"sameAs\":[\"https:\/\/web.facebook.com\/PotenciaRadiofonicaD\"]},{\"@type\":\"Person\",\"@id\":\"https:\/\/potenciaradiofonicadominicana.com\/portal\/#\/schema\/person\/a5cf1fea13877803ee0573ac18b03490\",\"name\":\"Potencia Radiof\u00f3nica Dominicana\",\"image\":{\"@type\":\"ImageObject\",\"inLanguage\":\"es\",\"@id\":\"https:\/\/potenciaradiofonicadominicana.com\/portal\/#\/schema\/person\/image\/\",\"url\":\"https:\/\/secure.gravatar.com\/avatar\/42a55ab9e8ccc656ba34cd791990602a?s=96&d=mm&r=g\",\"contentUrl\":\"https:\/\/secure.gravatar.com\/avatar\/42a55ab9e8ccc656ba34cd791990602a?s=96&d=mm&r=g\",\"caption\":\"Potencia Radiof\u00f3nica Dominicana\"},\"url\":\"https:\/\/potenciaradiofonicadominicana.com\/portal\/author\/johannyalmanzar\/\"}]}<\/script>\n<!-- \/ Yoast SEO plugin. -->","yoast_head_json":{"title":"Ja Morant, fuera el resto de la temporada debido a una lesi\u00f3n en el codo izquierdo - PotenciaRadiofonicaDominicana.com","robots":{"index":"index","follow":"follow","max-snippet":"max-snippet:-1","max-image-preview":"max-image-preview:large","max-video-preview":"max-video-preview:-1"},"canonical":"https:\/\/potenciaradiofonicadominicana.com\/portal\/ja-morant-fuera-el-resto-de-la-temporada-debido-a-una-lesion-en-el-codo-izquierdo\/","og_locale":"es_ES","og_type":"article","og_title":"Ja Morant, fuera el resto de la temporada debido a una lesi\u00f3n en el codo izquierdo - PotenciaRadiofonicaDominicana.com","og_description":"El base de los Memphis Grizzlies, Ja Morant, se perder\u00e1 el resto de la temporada debido a un esguince del ...","og_url":"https:\/\/potenciaradiofonicadominicana.com\/portal\/ja-morant-fuera-el-resto-de-la-temporada-debido-a-una-lesion-en-el-codo-izquierdo\/","og_site_name":"PotenciaRadiofonicaDominicana.com","article_publisher":"https:\/\/web.facebook.com\/PotenciaRadiofonicaD","article_published_time":"2026-03-26T01:49:46+00:00","og_image":[{"width":1200,"height":675,"url":"https:\/\/potenciaradiofonicadominicana.com\/portal\/wp-content\/uploads\/2026\/03\/ja-morantjpg.webp","type":"image\/webp"}],"author":"Potencia Radiof\u00f3nica Dominicana","twitter_card":"summary_large_image","twitter_misc":{"Escrito por":"Potencia Radiof\u00f3nica Dominicana","Tiempo de lectura":"2 minutos"},"schema":{"@context":"https:\/\/schema.org","@graph":[{"@type":"Article","@id":"https:\/\/potenciaradiofonicadominicana.com\/portal\/ja-morant-fuera-el-resto-de-la-temporada-debido-a-una-lesion-en-el-codo-izquierdo\/#article","isPartOf":{"@id":"https:\/\/potenciaradiofonicadominicana.com\/portal\/ja-morant-fuera-el-resto-de-la-temporada-debido-a-una-lesion-en-el-codo-izquierdo\/"},"author":{"name":"Potencia Radiof\u00f3nica Dominicana","@id":"https:\/\/potenciaradiofonicadominicana.com\/portal\/#\/schema\/person\/a5cf1fea13877803ee0573ac18b03490"},"headline":"Ja Morant, fuera el resto de la temporada debido a una lesi\u00f3n en el codo izquierdo","datePublished":"2026-03-26T01:49:46+00:00","mainEntityOfPage":{"@id":"https:\/\/potenciaradiofonicadominicana.com\/portal\/ja-morant-fuera-el-resto-de-la-temporada-debido-a-una-lesion-en-el-codo-izquierdo\/"},"wordCount":199,"publisher":{"@id":"https:\/\/potenciaradiofonicadominicana.com\/portal\/#organization"},"image":{"@id":"https:\/\/potenciaradiofonicadominicana.com\/portal\/ja-morant-fuera-el-resto-de-la-temporada-debido-a-una-lesion-en-el-codo-izquierdo\/#primaryimage"},"thumbnailUrl":"https:\/\/potenciaradiofonicadominicana.com\/portal\/wp-content\/uploads\/2026\/03\/ja-morantjpg.webp","articleSection":["Deportes"],"inLanguage":"es"},{"@type":"WebPage","@id":"https:\/\/potenciaradiofonicadominicana.com\/portal\/ja-morant-fuera-el-resto-de-la-temporada-debido-a-una-lesion-en-el-codo-izquierdo\/","url":"https:\/\/potenciaradiofonicadominicana.com\/portal\/ja-morant-fuera-el-resto-de-la-temporada-debido-a-una-lesion-en-el-codo-izquierdo\/","name":"Ja Morant, fuera el resto de la temporada debido a una lesi\u00f3n en el codo izquierdo - PotenciaRadiofonicaDominicana.com","isPartOf":{"@id":"https:\/\/potenciaradiofonicadominicana.com\/portal\/#website"},"primaryImageOfPage":{"@id":"https:\/\/potenciaradiofonicadominicana.com\/portal\/ja-morant-fuera-el-resto-de-la-temporada-debido-a-una-lesion-en-el-codo-izquierdo\/#primaryimage"},"image":{"@id":"https:\/\/potenciaradiofonicadominicana.com\/portal\/ja-morant-fuera-el-resto-de-la-temporada-debido-a-una-lesion-en-el-codo-izquierdo\/#primaryimage"},"thumbnailUrl":"https:\/\/potenciaradiofonicadominicana.com\/portal\/wp-content\/uploads\/2026\/03\/ja-morantjpg.webp","datePublished":"2026-03-26T01:49:46+00:00","breadcrumb":{"@id":"https:\/\/potenciaradiofonicadominicana.com\/portal\/ja-morant-fuera-el-resto-de-la-temporada-debido-a-una-lesion-en-el-codo-izquierdo\/#breadcrumb"},"inLanguage":"es","potentialAction":[{"@type":"ReadAction","target":["https:\/\/potenciaradiofonicadominicana.com\/portal\/ja-morant-fuera-el-resto-de-la-temporada-debido-a-una-lesion-en-el-codo-izquierdo\/"]}]},{"@type":"ImageObject","inLanguage":"es","@id":"https:\/\/potenciaradiofonicadominicana.com\/portal\/ja-morant-fuera-el-resto-de-la-temporada-debido-a-una-lesion-en-el-codo-izquierdo\/#primaryimage","url":"https:\/\/potenciaradiofonicadominicana.com\/portal\/wp-content\/uploads\/2026\/03\/ja-morantjpg.webp","contentUrl":"https:\/\/potenciaradiofonicadominicana.com\/portal\/wp-content\/uploads\/2026\/03\/ja-morantjpg.webp","width":1200,"height":675},{"@type":"BreadcrumbList","@id":"https:\/\/potenciaradiofonicadominicana.com\/portal\/ja-morant-fuera-el-resto-de-la-temporada-debido-a-una-lesion-en-el-codo-izquierdo\/#breadcrumb","itemListElement":[{"@type":"ListItem","position":1,"name":"Portada","item":"https:\/\/potenciaradiofonicadominicana.com\/portal\/"},{"@type":"ListItem","position":2,"name":"Ja Morant, fuera el resto de la temporada debido a una lesi\u00f3n en el codo izquierdo"}]},{"@type":"WebSite","@id":"https:\/\/potenciaradiofonicadominicana.com\/portal\/#website","url":"https:\/\/potenciaradiofonicadominicana.com\/portal\/","name":"PotenciaRadiofonicaDominicana.com","description":"Peri\u00f3dico Digital","publisher":{"@id":"https:\/\/potenciaradiofonicadominicana.com\/portal\/#organization"},"potentialAction":[{"@type":"SearchAction","target":{"@type":"EntryPoint","urlTemplate":"https:\/\/potenciaradiofonicadominicana.com\/portal\/?s={search_term_string}"},"query-input":{"@type":"PropertyValueSpecification","valueRequired":true,"valueName":"search_term_string"}}],"inLanguage":"es"},{"@type":"Organization","@id":"https:\/\/potenciaradiofonicadominicana.com\/portal\/#organization","name":"PotenciaRadiofonicaDominicana.com","url":"https:\/\/potenciaradiofonicadominicana.com\/portal\/","logo":{"@type":"ImageObject","inLanguage":"es","@id":"https:\/\/potenciaradiofonicadominicana.com\/portal\/#\/schema\/logo\/image\/","url":"https:\/\/potenciaradiofonicadominicana.com\/portal\/wp-content\/uploads\/2022\/01\/descarga.png","contentUrl":"https:\/\/potenciaradiofonicadominicana.com\/portal\/wp-content\/uploads\/2022\/01\/descarga.png","width":300,"height":100,"caption":"PotenciaRadiofonicaDominicana.com"},"image":{"@id":"https:\/\/potenciaradiofonicadominicana.com\/portal\/#\/schema\/logo\/image\/"},"sameAs":["https:\/\/web.facebook.com\/PotenciaRadiofonicaD"]},{"@type":"Person","@id":"https:\/\/potenciaradiofonicadominicana.com\/portal\/#\/schema\/person\/a5cf1fea13877803ee0573ac18b03490","name":"Potencia Radiof\u00f3nica Dominicana","image":{"@type":"ImageObject","inLanguage":"es","@id":"https:\/\/potenciaradiofonicadominicana.com\/portal\/#\/schema\/person\/image\/","url":"https:\/\/secure.gravatar.com\/avatar\/42a55ab9e8ccc656ba34cd791990602a?s=96&d=mm&r=g","contentUrl":"https:\/\/secure.gravatar.com\/avatar\/42a55ab9e8ccc656ba34cd791990602a?s=96&d=mm&r=g","caption":"Potencia Radiof\u00f3nica Dominicana"},"url":"https:\/\/potenciaradiofonicadominicana.com\/portal\/author\/johannyalmanzar\/"}]}},"_links":{"self":[{"href":"https:\/\/potenciaradiofonicadominicana.com\/portal\/wp-json\/wp\/v2\/posts\/213620","targetHints":{"allow":["GET"]}}],"collection":[{"href":"https:\/\/potenciaradiofonicadominicana.com\/portal\/wp-json\/wp\/v2\/posts"}],"about":[{"href":"https:\/\/potenciaradiofonicadominicana.com\/portal\/wp-json\/wp\/v2\/types\/post"}],"author":[{"embeddable":true,"href":"https:\/\/potenciaradiofonicadominicana.com\/portal\/wp-json\/wp\/v2\/users\/2"}],"replies":[{"embeddable":true,"href":"https:\/\/potenciaradiofonicadominicana.com\/portal\/wp-json\/wp\/v2\/comments?post=213620"}],"version-history":[{"count":1,"href":"https:\/\/potenciaradiofonicadominicana.com\/portal\/wp-json\/wp\/v2\/posts\/213620\/revisions"}],"predecessor-version":[{"id":213622,"href":"https:\/\/potenciaradiofonicadominicana.com\/portal\/wp-json\/wp\/v2\/posts\/213620\/revisions\/213622"}],"wp:featuredmedia":[{"embeddable":true,"href":"https:\/\/potenciaradiofonicadominicana.com\/portal\/wp-json\/wp\/v2\/media\/213621"}],"wp:attachment":[{"href":"https:\/\/potenciaradiofonicadominicana.com\/portal\/wp-json\/wp\/v2\/media?parent=213620"}],"wp:term":[{"taxonomy":"category","embeddable":true,"href":"https:\/\/potenciaradiofonicadominicana.com\/portal\/wp-json\/wp\/v2\/categories?post=213620"},{"taxonomy":"post_tag","embeddable":true,"href":"https:\/\/potenciaradiofonicadominicana.com\/portal\/wp-json\/wp\/v2\/tags?post=213620"}],"curies":[{"name":"wp","href":"https:\/\/api.w.org\/{rel}","templated":true}]}}