{"id":213617,"date":"2026-03-25T21:47:26","date_gmt":"2026-03-26T01:47:26","guid":{"rendered":"https:\/\/potenciaradiofonicadominicana.com\/portal\/?p=213617"},"modified":"2026-03-25T21:47:26","modified_gmt":"2026-03-26T01:47:26","slug":"tiger-woods-sobre-participar-en-augusta-lo-estoy-intentando-quiero-jugar","status":"publish","type":"post","link":"https:\/\/potenciaradiofonicadominicana.com\/portal\/tiger-woods-sobre-participar-en-augusta-lo-estoy-intentando-quiero-jugar\/","title":{"rendered":"Tiger Woods, sobre participar en Augusta: \u00abLo estoy intentando, quiero jugar\u00bb"},"content":{"rendered":"<p><a href=\"https:\/\/potenciaradiofonicadominicana.com\/portal\/wp-content\/uploads\/2026\/03\/7e2f94c7-augusta.jpg\"><img loading=\"lazy\" decoding=\"async\" class=\"alignnone size-full wp-image-213618\" src=\"https:\/\/potenciaradiofonicadominicana.com\/portal\/wp-content\/uploads\/2026\/03\/7e2f94c7-augusta.jpg\" alt=\"\" width=\"920\" height=\"368\" srcset=\"https:\/\/potenciaradiofonicadominicana.com\/portal\/wp-content\/uploads\/2026\/03\/7e2f94c7-augusta.jpg 920w, https:\/\/potenciaradiofonicadominicana.com\/portal\/wp-content\/uploads\/2026\/03\/7e2f94c7-augusta-300x120.jpg 300w, https:\/\/potenciaradiofonicadominicana.com\/portal\/wp-content\/uploads\/2026\/03\/7e2f94c7-augusta-768x307.jpg 768w\" sizes=\"auto, (max-width: 920px) 100vw, 920px\" \/><\/a><\/p>\n<p>El golfista estadounidense Tiger Woods asegura que su deseo es participar en la pr\u00f3xima edici\u00f3n del Masters de Augusta, que se celebrar\u00e1 del 9 al 12 de abril, y que est\u00e1 intentando recuperar la forma despu\u00e9s de la operaci\u00f3n de espalda a la que se someti\u00f3 el pasado 11 de octubre, aunque admiti\u00f3 que su cuerpo \u00abno se recupera como cuando ten\u00eda 24 o 25 a\u00f1os\u00bb.<\/p>\n<p>Woods, que el pasado 30 de diciembre cumpli\u00f3 50 a\u00f1os, se refiri\u00f3 a su estado f\u00edsico en una rueda de prensa despu\u00e9s de jugar ayer, martes, la final de la liga virtual TGL en Florida (Estados Unidos), en su regreso a una competici\u00f3n despu\u00e9s de casi dos a\u00f1os de inactividad.<\/p>\n<p>\u00abMe siento bien f\u00edsicamente (&#8230;) Mi cuerpo no se recupera como cuando ten\u00eda 24 o 25 a\u00f1os. Eso no significa que no lo est\u00e9 intentando. Llevo un tiempo intent\u00e1ndolo. He tenido un par de lesiones graves en los \u00faltimos a\u00f1os con las que he tenido que lidiar y me ha llevado tiempo. Pero sigo intent\u00e1ndolo. Quiero jugar.<\/p>\n<p>Me encanta el torneo. Me encanta estar all\u00ed desde que ten\u00eda 19 a\u00f1os. Ha significado mucho para m\u00ed y mi familia a lo largo de los a\u00f1os\u00bb, coment\u00f3 el exn\u00famero uno del mundo.<\/p>\n<p>Preguntado cu\u00e1ndo tomar\u00e1 la decisi\u00f3n, respondi\u00f3: \u00abNo lo s\u00e9, ya veremos. Estar\u00e9 practicando, jugando en casa esta semana y seguir\u00e9 intentando mejorar\u00bb.<\/p>\n<p>Volver a su h\u00e1bitat<br \/>\nEl legendario jugador, ganador de quince &#8216;majors&#8217;, cinco de ellos en Augusta, confirm\u00f3 por ahora su presencia en la llamada cena de campeones que precede el inicio del primer torneo grande de la temporada.<\/p>\n<p>&nbsp;<\/p>\n<p>El \u00faltimo campeonato que Tiger Woods jug\u00f3 fue el Abierto Brit\u00e1nico en julio de 2024 y desde entonces, sufri\u00f3 la rotura del tend\u00f3n de Aquiles y se someti\u00f3 a su s\u00e9ptima operaci\u00f3n de espalda, lo que le impidi\u00f3 competir durante todo el pasado a\u00f1o.<\/p>\n<p>Respecto a su rendimiento en el TGL, una liga estadounidense por equipos en la que se juega con simuladores, Tiger Woods se mostr\u00f3 satisfecho: \u00abLos golpes fueron interesantes porque normalmente tienes m\u00e1s ritmo cuando juegas una ronda normal de golf, golpeando la bola. Aqu\u00ed, a veces, siento como si me congelaran un poco\u00bb.<\/p>\n<p>\u00abEs un ritmo diferente. Es como cuando juegas la Ryder Cup o la Presidents Cup en foursomes (modalidad de juego por parejas). En algunos partidos, no embocas un &#8216;putt&#8217; durante diez u once hoyos y, de repente, tienes que meter uno de un metro (&#8230;) Fue muy divertido formar parte de esto\u00bb, a\u00f1adi\u00f3.<\/p>\n","protected":false},"excerpt":{"rendered":"<p>El golfista estadounidense Tiger Woods asegura que su deseo es participar en la pr\u00f3xima edici\u00f3n del Masters de Augusta, que &#8230;<\/p>\n","protected":false},"author":2,"featured_media":213618,"comment_status":"closed","ping_status":"closed","sticky":false,"template":"","format":"standard","meta":{"footnotes":""},"categories":[28],"tags":[],"class_list":["post-213617","post","type-post","status-publish","format-standard","has-post-thumbnail","hentry","category-deportes"],"yoast_head":"<!-- This site is optimized with the Yoast SEO plugin v24.8.1 - https:\/\/yoast.com\/wordpress\/plugins\/seo\/ -->\n<title>Tiger Woods, sobre participar en Augusta: &quot;Lo estoy intentando, quiero jugar&quot; - PotenciaRadiofonicaDominicana.com<\/title>\n<meta name=\"robots\" content=\"index, follow, max-snippet:-1, max-image-preview:large, max-video-preview:-1\" \/>\n<link rel=\"canonical\" href=\"https:\/\/potenciaradiofonicadominicana.com\/portal\/tiger-woods-sobre-participar-en-augusta-lo-estoy-intentando-quiero-jugar\/\" \/>\n<meta property=\"og:locale\" content=\"es_ES\" \/>\n<meta property=\"og:type\" content=\"article\" \/>\n<meta property=\"og:title\" content=\"Tiger Woods, sobre participar en Augusta: &quot;Lo estoy intentando, quiero jugar&quot; - PotenciaRadiofonicaDominicana.com\" \/>\n<meta property=\"og:description\" content=\"El golfista estadounidense Tiger Woods asegura que su deseo es participar en la pr\u00f3xima edici\u00f3n del Masters de Augusta, que ...\" \/>\n<meta property=\"og:url\" content=\"https:\/\/potenciaradiofonicadominicana.com\/portal\/tiger-woods-sobre-participar-en-augusta-lo-estoy-intentando-quiero-jugar\/\" \/>\n<meta property=\"og:site_name\" content=\"PotenciaRadiofonicaDominicana.com\" \/>\n<meta property=\"article:publisher\" content=\"https:\/\/web.facebook.com\/PotenciaRadiofonicaD\" \/>\n<meta property=\"article:published_time\" content=\"2026-03-26T01:47:26+00:00\" \/>\n<meta property=\"og:image\" content=\"https:\/\/potenciaradiofonicadominicana.com\/portal\/wp-content\/uploads\/2026\/03\/7e2f94c7-augusta.jpg\" \/>\n\t<meta property=\"og:image:width\" content=\"920\" \/>\n\t<meta property=\"og:image:height\" content=\"368\" \/>\n\t<meta property=\"og:image:type\" content=\"image\/jpeg\" \/>\n<meta name=\"author\" content=\"Potencia Radiof\u00f3nica Dominicana\" \/>\n<meta name=\"twitter:card\" content=\"summary_large_image\" \/>\n<meta name=\"twitter:label1\" content=\"Escrito por\" \/>\n\t<meta name=\"twitter:data1\" content=\"Potencia Radiof\u00f3nica Dominicana\" \/>\n\t<meta name=\"twitter:label2\" content=\"Tiempo de lectura\" \/>\n\t<meta name=\"twitter:data2\" content=\"3 minutos\" \/>\n<script type=\"application\/ld+json\" class=\"yoast-schema-graph\">{\"@context\":\"https:\/\/schema.org\",\"@graph\":[{\"@type\":\"Article\",\"@id\":\"https:\/\/potenciaradiofonicadominicana.com\/portal\/tiger-woods-sobre-participar-en-augusta-lo-estoy-intentando-quiero-jugar\/#article\",\"isPartOf\":{\"@id\":\"https:\/\/potenciaradiofonicadominicana.com\/portal\/tiger-woods-sobre-participar-en-augusta-lo-estoy-intentando-quiero-jugar\/\"},\"author\":{\"name\":\"Potencia Radiof\u00f3nica Dominicana\",\"@id\":\"https:\/\/potenciaradiofonicadominicana.com\/portal\/#\/schema\/person\/a5cf1fea13877803ee0573ac18b03490\"},\"headline\":\"Tiger Woods, sobre participar en Augusta: \u00abLo estoy intentando, quiero jugar\u00bb\",\"datePublished\":\"2026-03-26T01:47:26+00:00\",\"mainEntityOfPage\":{\"@id\":\"https:\/\/potenciaradiofonicadominicana.com\/portal\/tiger-woods-sobre-participar-en-augusta-lo-estoy-intentando-quiero-jugar\/\"},\"wordCount\":447,\"publisher\":{\"@id\":\"https:\/\/potenciaradiofonicadominicana.com\/portal\/#organization\"},\"image\":{\"@id\":\"https:\/\/potenciaradiofonicadominicana.com\/portal\/tiger-woods-sobre-participar-en-augusta-lo-estoy-intentando-quiero-jugar\/#primaryimage\"},\"thumbnailUrl\":\"https:\/\/potenciaradiofonicadominicana.com\/portal\/wp-content\/uploads\/2026\/03\/7e2f94c7-augusta.jpg\",\"articleSection\":[\"Deportes\"],\"inLanguage\":\"es\"},{\"@type\":\"WebPage\",\"@id\":\"https:\/\/potenciaradiofonicadominicana.com\/portal\/tiger-woods-sobre-participar-en-augusta-lo-estoy-intentando-quiero-jugar\/\",\"url\":\"https:\/\/potenciaradiofonicadominicana.com\/portal\/tiger-woods-sobre-participar-en-augusta-lo-estoy-intentando-quiero-jugar\/\",\"name\":\"Tiger Woods, sobre participar en Augusta: \\\"Lo estoy intentando, quiero jugar\\\" - PotenciaRadiofonicaDominicana.com\",\"isPartOf\":{\"@id\":\"https:\/\/potenciaradiofonicadominicana.com\/portal\/#website\"},\"primaryImageOfPage\":{\"@id\":\"https:\/\/potenciaradiofonicadominicana.com\/portal\/tiger-woods-sobre-participar-en-augusta-lo-estoy-intentando-quiero-jugar\/#primaryimage\"},\"image\":{\"@id\":\"https:\/\/potenciaradiofonicadominicana.com\/portal\/tiger-woods-sobre-participar-en-augusta-lo-estoy-intentando-quiero-jugar\/#primaryimage\"},\"thumbnailUrl\":\"https:\/\/potenciaradiofonicadominicana.com\/portal\/wp-content\/uploads\/2026\/03\/7e2f94c7-augusta.jpg\",\"datePublished\":\"2026-03-26T01:47:26+00:00\",\"breadcrumb\":{\"@id\":\"https:\/\/potenciaradiofonicadominicana.com\/portal\/tiger-woods-sobre-participar-en-augusta-lo-estoy-intentando-quiero-jugar\/#breadcrumb\"},\"inLanguage\":\"es\",\"potentialAction\":[{\"@type\":\"ReadAction\",\"target\":[\"https:\/\/potenciaradiofonicadominicana.com\/portal\/tiger-woods-sobre-participar-en-augusta-lo-estoy-intentando-quiero-jugar\/\"]}]},{\"@type\":\"ImageObject\",\"inLanguage\":\"es\",\"@id\":\"https:\/\/potenciaradiofonicadominicana.com\/portal\/tiger-woods-sobre-participar-en-augusta-lo-estoy-intentando-quiero-jugar\/#primaryimage\",\"url\":\"https:\/\/potenciaradiofonicadominicana.com\/portal\/wp-content\/uploads\/2026\/03\/7e2f94c7-augusta.jpg\",\"contentUrl\":\"https:\/\/potenciaradiofonicadominicana.com\/portal\/wp-content\/uploads\/2026\/03\/7e2f94c7-augusta.jpg\",\"width\":920,\"height\":368},{\"@type\":\"BreadcrumbList\",\"@id\":\"https:\/\/potenciaradiofonicadominicana.com\/portal\/tiger-woods-sobre-participar-en-augusta-lo-estoy-intentando-quiero-jugar\/#breadcrumb\",\"itemListElement\":[{\"@type\":\"ListItem\",\"position\":1,\"name\":\"Portada\",\"item\":\"https:\/\/potenciaradiofonicadominicana.com\/portal\/\"},{\"@type\":\"ListItem\",\"position\":2,\"name\":\"Tiger Woods, sobre participar en Augusta: \u00abLo estoy intentando, quiero jugar\u00bb\"}]},{\"@type\":\"WebSite\",\"@id\":\"https:\/\/potenciaradiofonicadominicana.com\/portal\/#website\",\"url\":\"https:\/\/potenciaradiofonicadominicana.com\/portal\/\",\"name\":\"PotenciaRadiofonicaDominicana.com\",\"description\":\"Peri\u00f3dico Digital\",\"publisher\":{\"@id\":\"https:\/\/potenciaradiofonicadominicana.com\/portal\/#organization\"},\"potentialAction\":[{\"@type\":\"SearchAction\",\"target\":{\"@type\":\"EntryPoint\",\"urlTemplate\":\"https:\/\/potenciaradiofonicadominicana.com\/portal\/?s={search_term_string}\"},\"query-input\":{\"@type\":\"PropertyValueSpecification\",\"valueRequired\":true,\"valueName\":\"search_term_string\"}}],\"inLanguage\":\"es\"},{\"@type\":\"Organization\",\"@id\":\"https:\/\/potenciaradiofonicadominicana.com\/portal\/#organization\",\"name\":\"PotenciaRadiofonicaDominicana.com\",\"url\":\"https:\/\/potenciaradiofonicadominicana.com\/portal\/\",\"logo\":{\"@type\":\"ImageObject\",\"inLanguage\":\"es\",\"@id\":\"https:\/\/potenciaradiofonicadominicana.com\/portal\/#\/schema\/logo\/image\/\",\"url\":\"https:\/\/potenciaradiofonicadominicana.com\/portal\/wp-content\/uploads\/2022\/01\/descarga.png\",\"contentUrl\":\"https:\/\/potenciaradiofonicadominicana.com\/portal\/wp-content\/uploads\/2022\/01\/descarga.png\",\"width\":300,\"height\":100,\"caption\":\"PotenciaRadiofonicaDominicana.com\"},\"image\":{\"@id\":\"https:\/\/potenciaradiofonicadominicana.com\/portal\/#\/schema\/logo\/image\/\"},\"sameAs\":[\"https:\/\/web.facebook.com\/PotenciaRadiofonicaD\"]},{\"@type\":\"Person\",\"@id\":\"https:\/\/potenciaradiofonicadominicana.com\/portal\/#\/schema\/person\/a5cf1fea13877803ee0573ac18b03490\",\"name\":\"Potencia Radiof\u00f3nica Dominicana\",\"image\":{\"@type\":\"ImageObject\",\"inLanguage\":\"es\",\"@id\":\"https:\/\/potenciaradiofonicadominicana.com\/portal\/#\/schema\/person\/image\/\",\"url\":\"https:\/\/secure.gravatar.com\/avatar\/42a55ab9e8ccc656ba34cd791990602a?s=96&d=mm&r=g\",\"contentUrl\":\"https:\/\/secure.gravatar.com\/avatar\/42a55ab9e8ccc656ba34cd791990602a?s=96&d=mm&r=g\",\"caption\":\"Potencia Radiof\u00f3nica Dominicana\"},\"url\":\"https:\/\/potenciaradiofonicadominicana.com\/portal\/author\/johannyalmanzar\/\"}]}<\/script>\n<!-- \/ Yoast SEO plugin. -->","yoast_head_json":{"title":"Tiger Woods, sobre participar en Augusta: \"Lo estoy intentando, quiero jugar\" - PotenciaRadiofonicaDominicana.com","robots":{"index":"index","follow":"follow","max-snippet":"max-snippet:-1","max-image-preview":"max-image-preview:large","max-video-preview":"max-video-preview:-1"},"canonical":"https:\/\/potenciaradiofonicadominicana.com\/portal\/tiger-woods-sobre-participar-en-augusta-lo-estoy-intentando-quiero-jugar\/","og_locale":"es_ES","og_type":"article","og_title":"Tiger Woods, sobre participar en Augusta: \"Lo estoy intentando, quiero jugar\" - PotenciaRadiofonicaDominicana.com","og_description":"El golfista estadounidense Tiger Woods asegura que su deseo es participar en la pr\u00f3xima edici\u00f3n del Masters de Augusta, que ...","og_url":"https:\/\/potenciaradiofonicadominicana.com\/portal\/tiger-woods-sobre-participar-en-augusta-lo-estoy-intentando-quiero-jugar\/","og_site_name":"PotenciaRadiofonicaDominicana.com","article_publisher":"https:\/\/web.facebook.com\/PotenciaRadiofonicaD","article_published_time":"2026-03-26T01:47:26+00:00","og_image":[{"width":920,"height":368,"url":"https:\/\/potenciaradiofonicadominicana.com\/portal\/wp-content\/uploads\/2026\/03\/7e2f94c7-augusta.jpg","type":"image\/jpeg"}],"author":"Potencia Radiof\u00f3nica Dominicana","twitter_card":"summary_large_image","twitter_misc":{"Escrito por":"Potencia Radiof\u00f3nica Dominicana","Tiempo de lectura":"3 minutos"},"schema":{"@context":"https:\/\/schema.org","@graph":[{"@type":"Article","@id":"https:\/\/potenciaradiofonicadominicana.com\/portal\/tiger-woods-sobre-participar-en-augusta-lo-estoy-intentando-quiero-jugar\/#article","isPartOf":{"@id":"https:\/\/potenciaradiofonicadominicana.com\/portal\/tiger-woods-sobre-participar-en-augusta-lo-estoy-intentando-quiero-jugar\/"},"author":{"name":"Potencia Radiof\u00f3nica Dominicana","@id":"https:\/\/potenciaradiofonicadominicana.com\/portal\/#\/schema\/person\/a5cf1fea13877803ee0573ac18b03490"},"headline":"Tiger Woods, sobre participar en Augusta: \u00abLo estoy intentando, quiero jugar\u00bb","datePublished":"2026-03-26T01:47:26+00:00","mainEntityOfPage":{"@id":"https:\/\/potenciaradiofonicadominicana.com\/portal\/tiger-woods-sobre-participar-en-augusta-lo-estoy-intentando-quiero-jugar\/"},"wordCount":447,"publisher":{"@id":"https:\/\/potenciaradiofonicadominicana.com\/portal\/#organization"},"image":{"@id":"https:\/\/potenciaradiofonicadominicana.com\/portal\/tiger-woods-sobre-participar-en-augusta-lo-estoy-intentando-quiero-jugar\/#primaryimage"},"thumbnailUrl":"https:\/\/potenciaradiofonicadominicana.com\/portal\/wp-content\/uploads\/2026\/03\/7e2f94c7-augusta.jpg","articleSection":["Deportes"],"inLanguage":"es"},{"@type":"WebPage","@id":"https:\/\/potenciaradiofonicadominicana.com\/portal\/tiger-woods-sobre-participar-en-augusta-lo-estoy-intentando-quiero-jugar\/","url":"https:\/\/potenciaradiofonicadominicana.com\/portal\/tiger-woods-sobre-participar-en-augusta-lo-estoy-intentando-quiero-jugar\/","name":"Tiger Woods, sobre participar en Augusta: \"Lo estoy intentando, quiero jugar\" - PotenciaRadiofonicaDominicana.com","isPartOf":{"@id":"https:\/\/potenciaradiofonicadominicana.com\/portal\/#website"},"primaryImageOfPage":{"@id":"https:\/\/potenciaradiofonicadominicana.com\/portal\/tiger-woods-sobre-participar-en-augusta-lo-estoy-intentando-quiero-jugar\/#primaryimage"},"image":{"@id":"https:\/\/potenciaradiofonicadominicana.com\/portal\/tiger-woods-sobre-participar-en-augusta-lo-estoy-intentando-quiero-jugar\/#primaryimage"},"thumbnailUrl":"https:\/\/potenciaradiofonicadominicana.com\/portal\/wp-content\/uploads\/2026\/03\/7e2f94c7-augusta.jpg","datePublished":"2026-03-26T01:47:26+00:00","breadcrumb":{"@id":"https:\/\/potenciaradiofonicadominicana.com\/portal\/tiger-woods-sobre-participar-en-augusta-lo-estoy-intentando-quiero-jugar\/#breadcrumb"},"inLanguage":"es","potentialAction":[{"@type":"ReadAction","target":["https:\/\/potenciaradiofonicadominicana.com\/portal\/tiger-woods-sobre-participar-en-augusta-lo-estoy-intentando-quiero-jugar\/"]}]},{"@type":"ImageObject","inLanguage":"es","@id":"https:\/\/potenciaradiofonicadominicana.com\/portal\/tiger-woods-sobre-participar-en-augusta-lo-estoy-intentando-quiero-jugar\/#primaryimage","url":"https:\/\/potenciaradiofonicadominicana.com\/portal\/wp-content\/uploads\/2026\/03\/7e2f94c7-augusta.jpg","contentUrl":"https:\/\/potenciaradiofonicadominicana.com\/portal\/wp-content\/uploads\/2026\/03\/7e2f94c7-augusta.jpg","width":920,"height":368},{"@type":"BreadcrumbList","@id":"https:\/\/potenciaradiofonicadominicana.com\/portal\/tiger-woods-sobre-participar-en-augusta-lo-estoy-intentando-quiero-jugar\/#breadcrumb","itemListElement":[{"@type":"ListItem","position":1,"name":"Portada","item":"https:\/\/potenciaradiofonicadominicana.com\/portal\/"},{"@type":"ListItem","position":2,"name":"Tiger Woods, sobre participar en Augusta: \u00abLo estoy intentando, quiero jugar\u00bb"}]},{"@type":"WebSite","@id":"https:\/\/potenciaradiofonicadominicana.com\/portal\/#website","url":"https:\/\/potenciaradiofonicadominicana.com\/portal\/","name":"PotenciaRadiofonicaDominicana.com","description":"Peri\u00f3dico Digital","publisher":{"@id":"https:\/\/potenciaradiofonicadominicana.com\/portal\/#organization"},"potentialAction":[{"@type":"SearchAction","target":{"@type":"EntryPoint","urlTemplate":"https:\/\/potenciaradiofonicadominicana.com\/portal\/?s={search_term_string}"},"query-input":{"@type":"PropertyValueSpecification","valueRequired":true,"valueName":"search_term_string"}}],"inLanguage":"es"},{"@type":"Organization","@id":"https:\/\/potenciaradiofonicadominicana.com\/portal\/#organization","name":"PotenciaRadiofonicaDominicana.com","url":"https:\/\/potenciaradiofonicadominicana.com\/portal\/","logo":{"@type":"ImageObject","inLanguage":"es","@id":"https:\/\/potenciaradiofonicadominicana.com\/portal\/#\/schema\/logo\/image\/","url":"https:\/\/potenciaradiofonicadominicana.com\/portal\/wp-content\/uploads\/2022\/01\/descarga.png","contentUrl":"https:\/\/potenciaradiofonicadominicana.com\/portal\/wp-content\/uploads\/2022\/01\/descarga.png","width":300,"height":100,"caption":"PotenciaRadiofonicaDominicana.com"},"image":{"@id":"https:\/\/potenciaradiofonicadominicana.com\/portal\/#\/schema\/logo\/image\/"},"sameAs":["https:\/\/web.facebook.com\/PotenciaRadiofonicaD"]},{"@type":"Person","@id":"https:\/\/potenciaradiofonicadominicana.com\/portal\/#\/schema\/person\/a5cf1fea13877803ee0573ac18b03490","name":"Potencia Radiof\u00f3nica Dominicana","image":{"@type":"ImageObject","inLanguage":"es","@id":"https:\/\/potenciaradiofonicadominicana.com\/portal\/#\/schema\/person\/image\/","url":"https:\/\/secure.gravatar.com\/avatar\/42a55ab9e8ccc656ba34cd791990602a?s=96&d=mm&r=g","contentUrl":"https:\/\/secure.gravatar.com\/avatar\/42a55ab9e8ccc656ba34cd791990602a?s=96&d=mm&r=g","caption":"Potencia Radiof\u00f3nica Dominicana"},"url":"https:\/\/potenciaradiofonicadominicana.com\/portal\/author\/johannyalmanzar\/"}]}},"_links":{"self":[{"href":"https:\/\/potenciaradiofonicadominicana.com\/portal\/wp-json\/wp\/v2\/posts\/213617","targetHints":{"allow":["GET"]}}],"collection":[{"href":"https:\/\/potenciaradiofonicadominicana.com\/portal\/wp-json\/wp\/v2\/posts"}],"about":[{"href":"https:\/\/potenciaradiofonicadominicana.com\/portal\/wp-json\/wp\/v2\/types\/post"}],"author":[{"embeddable":true,"href":"https:\/\/potenciaradiofonicadominicana.com\/portal\/wp-json\/wp\/v2\/users\/2"}],"replies":[{"embeddable":true,"href":"https:\/\/potenciaradiofonicadominicana.com\/portal\/wp-json\/wp\/v2\/comments?post=213617"}],"version-history":[{"count":1,"href":"https:\/\/potenciaradiofonicadominicana.com\/portal\/wp-json\/wp\/v2\/posts\/213617\/revisions"}],"predecessor-version":[{"id":213619,"href":"https:\/\/potenciaradiofonicadominicana.com\/portal\/wp-json\/wp\/v2\/posts\/213617\/revisions\/213619"}],"wp:featuredmedia":[{"embeddable":true,"href":"https:\/\/potenciaradiofonicadominicana.com\/portal\/wp-json\/wp\/v2\/media\/213618"}],"wp:attachment":[{"href":"https:\/\/potenciaradiofonicadominicana.com\/portal\/wp-json\/wp\/v2\/media?parent=213617"}],"wp:term":[{"taxonomy":"category","embeddable":true,"href":"https:\/\/potenciaradiofonicadominicana.com\/portal\/wp-json\/wp\/v2\/categories?post=213617"},{"taxonomy":"post_tag","embeddable":true,"href":"https:\/\/potenciaradiofonicadominicana.com\/portal\/wp-json\/wp\/v2\/tags?post=213617"}],"curies":[{"name":"wp","href":"https:\/\/api.w.org\/{rel}","templated":true}]}}