{"id":213458,"date":"2026-03-22T20:25:36","date_gmt":"2026-03-23T00:25:36","guid":{"rendered":"https:\/\/potenciaradiofonicadominicana.com\/portal\/?p=213458"},"modified":"2026-03-22T20:25:52","modified_gmt":"2026-03-23T00:25:52","slug":"medio-oriente-el-centro-de-la-energia-mundial-y-dominio-del-petroleo","status":"publish","type":"post","link":"https:\/\/potenciaradiofonicadominicana.com\/portal\/medio-oriente-el-centro-de-la-energia-mundial-y-dominio-del-petroleo\/","title":{"rendered":"Medio Oriente, el centro de la energ\u00eda mundial y dominio del petr\u00f3leo"},"content":{"rendered":"<p><a href=\"https:\/\/potenciaradiofonicadominicana.com\/portal\/wp-content\/uploads\/2026\/03\/2JW42OUKPFDMFJIEXB4LHA6WDU-scaled.jpg\"><img loading=\"lazy\" decoding=\"async\" class=\"alignnone size-full wp-image-213459\" src=\"https:\/\/potenciaradiofonicadominicana.com\/portal\/wp-content\/uploads\/2026\/03\/2JW42OUKPFDMFJIEXB4LHA6WDU-scaled.jpg\" alt=\"\" width=\"2560\" height=\"1592\" srcset=\"https:\/\/potenciaradiofonicadominicana.com\/portal\/wp-content\/uploads\/2026\/03\/2JW42OUKPFDMFJIEXB4LHA6WDU-scaled.jpg 2560w, https:\/\/potenciaradiofonicadominicana.com\/portal\/wp-content\/uploads\/2026\/03\/2JW42OUKPFDMFJIEXB4LHA6WDU-300x187.jpg 300w, https:\/\/potenciaradiofonicadominicana.com\/portal\/wp-content\/uploads\/2026\/03\/2JW42OUKPFDMFJIEXB4LHA6WDU-1024x637.jpg 1024w, https:\/\/potenciaradiofonicadominicana.com\/portal\/wp-content\/uploads\/2026\/03\/2JW42OUKPFDMFJIEXB4LHA6WDU-768x478.jpg 768w, https:\/\/potenciaradiofonicadominicana.com\/portal\/wp-content\/uploads\/2026\/03\/2JW42OUKPFDMFJIEXB4LHA6WDU-1536x955.jpg 1536w, https:\/\/potenciaradiofonicadominicana.com\/portal\/wp-content\/uploads\/2026\/03\/2JW42OUKPFDMFJIEXB4LHA6WDU-2048x1274.jpg 2048w\" sizes=\"auto, (max-width: 2560px) 100vw, 2560px\" \/><\/a><\/p>\n<p>Para entender por qu\u00e9 un<strong>\u00a0conflicto en Irak tiene repercusiones globales\u00a0<\/strong>y termina afectando<strong>\u00a0econom\u00edas como la dominicana,<\/strong>\u00a0es necesario observar el\u00a0<strong>mapa del petr\u00f3leo y comprender c\u00f3mo est\u00e1 estructurado el sistema energ\u00e9tico mundial.<\/strong><\/p>\n<p>Medio Oriente ocupa un lugar central en la importancia estrat\u00e9gica del petr\u00f3leo, ya que en esa regi\u00f3n es que se concentra la mayor producci\u00f3n de ese combustible y de manera particular el<strong>\u00a0estrecho de Ormuz,\u00a0<\/strong>controlado por Ir\u00e1n, ya que a trav\u00e9s de esa v\u00eda mar\u00edtima pasa el 20 por ciento del petr\u00f3leo que consume el mundo.<\/p>\n<p>Pa\u00edses como\u00a0<strong>Arabia Saudita, Irak, Ir\u00e1n, Kuwait y los Emiratos \u00c1rabes Unidos\u00a0<\/strong>poseen algunas de las mayores reservas de\u00a0<strong>petr\u00f3leo del mundo.\u00a0<\/strong>Esta concentraci\u00f3n les permite influir de manera significativa en la oferta global de crudo. Su capacidad de producci\u00f3n no solo tiene implicaciones econ\u00f3micas, sino tambi\u00e9n geopol\u00edticas.<\/p>\n<p>&nbsp;<\/p>\n<div class=\"puede-leer-module\">\n<div class=\"puede-leer-content\">\n<h3 class=\"puede-leer-title\">El d\u00f3lar y el petr\u00f3leo: la doble presi\u00f3n sobre la econom\u00eda dominicana<\/h3>\n<\/div>\n<\/div>\n<p>En el centro de ese<strong>\u00a0sistema se encuentra Irak.<\/strong>\u00a0A pesar de d\u00e9cadas de conflictos, sanciones e inestabilidad, el pa\u00eds mantiene una producci\u00f3n relevante que lo convierte en un actor clave en el mercado internacional.<\/p>\n<p>Cualquier alteraci\u00f3n en su capacidad de exportaci\u00f3n genera un efecto inmediato en los precios.<\/p>\n<p>Pero el mapa del petr\u00f3leo no se limita a los productores. Tambi\u00e9n es fundamental entender qui\u00e9nes son los grandes consumidores. Econom\u00edas como Estados Unidos, China y la Uni\u00f3n Europea dependen del suministro constante de energ\u00eda para sostener su actividad industrial, su transporte y su crecimiento econ\u00f3mico.<\/p>\n<p>Esta relaci\u00f3n entre productores y consumidores crea una interdependencia compleja. Los primeros\u00a0<strong>necesitan vender su petr\u00f3leo para sostener sus econom\u00edas,<\/strong>\u00a0mientras que los segundos requieren un flujo continuo de energ\u00eda para mantener su funcionamiento. Sin embargo, ese equilibrio es fr\u00e1gil.<br \/>\nEl control del petr\u00f3leo, su transporte y su precio est\u00e1n influenciados por decisiones gubernamentales, alianzas geopol\u00edticas y, en muchos casos, conflictos armados.<\/p>\n<div class=\"puede-leer-module\">\n<div class=\"puede-leer-content\">\n<h3><\/h3>\n<h3 class=\"puede-leer-title\">\u00bfGolpe al bolsillo dominicano? El cierre del Estrecho de Ormuz disparar\u00eda combustibles y alimentos<\/h3>\n<\/div>\n<\/div>\n<p>Medio Oriente ha sido escenario de m\u00faltiples conflictos en los que el petr\u00f3leo ha jugado un papel central, ya sea como causa directa o como factor determinante en las decisiones de los actores involucrados.<\/p>\n<p>Irak representa un punto neur\u00e1lgico dentro de ese entramado. Su ubicaci\u00f3n geogr\u00e1fica, su nivel de producci\u00f3n y su historia lo convierten en un actor cuya estabilidad es clave para el equilibrio del mercado energ\u00e9tico global. Cuando surgen tensiones en su territorio, el mercado no solo reacciona a lo que est\u00e1 ocurriendo, sino a lo que podr\u00eda ocurrir.<\/p>\n<p>El mercado del petr\u00f3leo es altamente sensible a la incertidumbre, lo que lo convierte en un mercado muy especulativo y dependiente de las expectativas o las\u00a0<strong>proyecciones sobre conflictos.<\/strong><\/p>\n<p>A esta din\u00e1mica se suma el papel de<strong>\u00a0organizaciones como la OPEP<\/strong>\u00a0(pa\u00edses exportadores de petr\u00f3leo), que agrupa a varios de los principales pa\u00edses productores.<\/p>\n<p>A trav\u00e9s de acuerdos sobre niveles de producci\u00f3n, estos pa\u00edses pueden influir en la oferta global y tratar de estabilizar el mercado. Sin embargo, su capacidad tiene l\u00edmites, especialmente cuando la volatilidad proviene de conflictos geopol\u00edticos.<\/p>\n<p>En los \u00faltimos a\u00f1os, la aparici\u00f3n de nuevos actores, como Estados Unidos con su producci\u00f3n de petr\u00f3leo de esquisto, ha introducido cambios en el equilibrio del mercado. No obstante, el petr\u00f3leo sigue siendo un recurso global cuyo precio se determina en funci\u00f3n de factores que trascienden cualquier pa\u00eds individual.<\/p>\n<h2 class=\"wp-block-heading\">Rep\u00fablica Dominicana con las manos atadas<\/h2>\n<p>Para Rep\u00fablica Dominicana, esta realidad implica una dependencia estructural. El pa\u00eds no produce petr\u00f3leo, no participa en las decisiones que afectan su precio y debe adaptarse a las condiciones del mercado internacional.<\/p>\n<p>Cuando el precio del crudo sube, el costo de importaci\u00f3n aumenta. Y ese incremento se traduce en presiones sobre la econom\u00eda local.\u00a0<strong>El impacto no se limita a los combustibles.<\/strong>\u00a0Se extiende a la inflaci\u00f3n, al costo del transporte y al precio de los alimentos.<\/p>\n<p>El mapa del petr\u00f3leo es una red compleja de relaciones econ\u00f3micas, pol\u00edticas y estrat\u00e9gicas que conecta regiones distantes y afecta la vida cotidiana de millones de personas.<\/p>\n","protected":false},"excerpt":{"rendered":"<p>Para entender por qu\u00e9 un\u00a0conflicto en Irak tiene repercusiones globales\u00a0y termina afectando\u00a0econom\u00edas como la dominicana,\u00a0es necesario observar el\u00a0mapa del petr\u00f3leo &#8230;<\/p>\n","protected":false},"author":2,"featured_media":213459,"comment_status":"closed","ping_status":"closed","sticky":false,"template":"","format":"standard","meta":{"footnotes":""},"categories":[26],"tags":[],"class_list":["post-213458","post","type-post","status-publish","format-standard","has-post-thumbnail","hentry","category-economia"],"yoast_head":"<!-- This site is optimized with the Yoast SEO plugin v24.8.1 - https:\/\/yoast.com\/wordpress\/plugins\/seo\/ -->\n<title>Medio Oriente, el centro de la energ\u00eda mundial y dominio del petr\u00f3leo - PotenciaRadiofonicaDominicana.com<\/title>\n<meta name=\"robots\" content=\"index, follow, max-snippet:-1, max-image-preview:large, max-video-preview:-1\" \/>\n<link rel=\"canonical\" href=\"https:\/\/potenciaradiofonicadominicana.com\/portal\/medio-oriente-el-centro-de-la-energia-mundial-y-dominio-del-petroleo\/\" \/>\n<meta property=\"og:locale\" content=\"es_ES\" \/>\n<meta property=\"og:type\" content=\"article\" \/>\n<meta property=\"og:title\" content=\"Medio Oriente, el centro de la energ\u00eda mundial y dominio del petr\u00f3leo - PotenciaRadiofonicaDominicana.com\" \/>\n<meta property=\"og:description\" content=\"Para entender por qu\u00e9 un\u00a0conflicto en Irak tiene repercusiones globales\u00a0y termina afectando\u00a0econom\u00edas como la dominicana,\u00a0es necesario observar el\u00a0mapa del petr\u00f3leo ...\" \/>\n<meta property=\"og:url\" content=\"https:\/\/potenciaradiofonicadominicana.com\/portal\/medio-oriente-el-centro-de-la-energia-mundial-y-dominio-del-petroleo\/\" \/>\n<meta property=\"og:site_name\" content=\"PotenciaRadiofonicaDominicana.com\" \/>\n<meta property=\"article:publisher\" content=\"https:\/\/web.facebook.com\/PotenciaRadiofonicaD\" \/>\n<meta property=\"article:published_time\" content=\"2026-03-23T00:25:36+00:00\" \/>\n<meta property=\"article:modified_time\" content=\"2026-03-23T00:25:52+00:00\" \/>\n<meta property=\"og:image\" content=\"https:\/\/potenciaradiofonicadominicana.com\/portal\/wp-content\/uploads\/2026\/03\/2JW42OUKPFDMFJIEXB4LHA6WDU-scaled.jpg\" \/>\n\t<meta property=\"og:image:width\" content=\"2560\" \/>\n\t<meta property=\"og:image:height\" content=\"1592\" \/>\n\t<meta property=\"og:image:type\" content=\"image\/jpeg\" \/>\n<meta name=\"author\" content=\"Potencia Radiof\u00f3nica Dominicana\" \/>\n<meta name=\"twitter:card\" content=\"summary_large_image\" \/>\n<meta name=\"twitter:label1\" content=\"Escrito por\" \/>\n\t<meta name=\"twitter:data1\" content=\"Potencia Radiof\u00f3nica Dominicana\" \/>\n\t<meta name=\"twitter:label2\" content=\"Tiempo de lectura\" \/>\n\t<meta name=\"twitter:data2\" content=\"4 minutos\" \/>\n<script type=\"application\/ld+json\" class=\"yoast-schema-graph\">{\"@context\":\"https:\/\/schema.org\",\"@graph\":[{\"@type\":\"Article\",\"@id\":\"https:\/\/potenciaradiofonicadominicana.com\/portal\/medio-oriente-el-centro-de-la-energia-mundial-y-dominio-del-petroleo\/#article\",\"isPartOf\":{\"@id\":\"https:\/\/potenciaradiofonicadominicana.com\/portal\/medio-oriente-el-centro-de-la-energia-mundial-y-dominio-del-petroleo\/\"},\"author\":{\"name\":\"Potencia Radiof\u00f3nica Dominicana\",\"@id\":\"https:\/\/potenciaradiofonicadominicana.com\/portal\/#\/schema\/person\/a5cf1fea13877803ee0573ac18b03490\"},\"headline\":\"Medio Oriente, el centro de la energ\u00eda mundial y dominio del petr\u00f3leo\",\"datePublished\":\"2026-03-23T00:25:36+00:00\",\"dateModified\":\"2026-03-23T00:25:52+00:00\",\"mainEntityOfPage\":{\"@id\":\"https:\/\/potenciaradiofonicadominicana.com\/portal\/medio-oriente-el-centro-de-la-energia-mundial-y-dominio-del-petroleo\/\"},\"wordCount\":758,\"publisher\":{\"@id\":\"https:\/\/potenciaradiofonicadominicana.com\/portal\/#organization\"},\"image\":{\"@id\":\"https:\/\/potenciaradiofonicadominicana.com\/portal\/medio-oriente-el-centro-de-la-energia-mundial-y-dominio-del-petroleo\/#primaryimage\"},\"thumbnailUrl\":\"https:\/\/potenciaradiofonicadominicana.com\/portal\/wp-content\/uploads\/2026\/03\/2JW42OUKPFDMFJIEXB4LHA6WDU-scaled.jpg\",\"articleSection\":[\"Econom\u00eda\"],\"inLanguage\":\"es\"},{\"@type\":\"WebPage\",\"@id\":\"https:\/\/potenciaradiofonicadominicana.com\/portal\/medio-oriente-el-centro-de-la-energia-mundial-y-dominio-del-petroleo\/\",\"url\":\"https:\/\/potenciaradiofonicadominicana.com\/portal\/medio-oriente-el-centro-de-la-energia-mundial-y-dominio-del-petroleo\/\",\"name\":\"Medio Oriente, el centro de la energ\u00eda mundial y dominio del petr\u00f3leo - PotenciaRadiofonicaDominicana.com\",\"isPartOf\":{\"@id\":\"https:\/\/potenciaradiofonicadominicana.com\/portal\/#website\"},\"primaryImageOfPage\":{\"@id\":\"https:\/\/potenciaradiofonicadominicana.com\/portal\/medio-oriente-el-centro-de-la-energia-mundial-y-dominio-del-petroleo\/#primaryimage\"},\"image\":{\"@id\":\"https:\/\/potenciaradiofonicadominicana.com\/portal\/medio-oriente-el-centro-de-la-energia-mundial-y-dominio-del-petroleo\/#primaryimage\"},\"thumbnailUrl\":\"https:\/\/potenciaradiofonicadominicana.com\/portal\/wp-content\/uploads\/2026\/03\/2JW42OUKPFDMFJIEXB4LHA6WDU-scaled.jpg\",\"datePublished\":\"2026-03-23T00:25:36+00:00\",\"dateModified\":\"2026-03-23T00:25:52+00:00\",\"breadcrumb\":{\"@id\":\"https:\/\/potenciaradiofonicadominicana.com\/portal\/medio-oriente-el-centro-de-la-energia-mundial-y-dominio-del-petroleo\/#breadcrumb\"},\"inLanguage\":\"es\",\"potentialAction\":[{\"@type\":\"ReadAction\",\"target\":[\"https:\/\/potenciaradiofonicadominicana.com\/portal\/medio-oriente-el-centro-de-la-energia-mundial-y-dominio-del-petroleo\/\"]}]},{\"@type\":\"ImageObject\",\"inLanguage\":\"es\",\"@id\":\"https:\/\/potenciaradiofonicadominicana.com\/portal\/medio-oriente-el-centro-de-la-energia-mundial-y-dominio-del-petroleo\/#primaryimage\",\"url\":\"https:\/\/potenciaradiofonicadominicana.com\/portal\/wp-content\/uploads\/2026\/03\/2JW42OUKPFDMFJIEXB4LHA6WDU-scaled.jpg\",\"contentUrl\":\"https:\/\/potenciaradiofonicadominicana.com\/portal\/wp-content\/uploads\/2026\/03\/2JW42OUKPFDMFJIEXB4LHA6WDU-scaled.jpg\",\"width\":2560,\"height\":1592},{\"@type\":\"BreadcrumbList\",\"@id\":\"https:\/\/potenciaradiofonicadominicana.com\/portal\/medio-oriente-el-centro-de-la-energia-mundial-y-dominio-del-petroleo\/#breadcrumb\",\"itemListElement\":[{\"@type\":\"ListItem\",\"position\":1,\"name\":\"Portada\",\"item\":\"https:\/\/potenciaradiofonicadominicana.com\/portal\/\"},{\"@type\":\"ListItem\",\"position\":2,\"name\":\"Medio Oriente, el centro de la energ\u00eda mundial y dominio del petr\u00f3leo\"}]},{\"@type\":\"WebSite\",\"@id\":\"https:\/\/potenciaradiofonicadominicana.com\/portal\/#website\",\"url\":\"https:\/\/potenciaradiofonicadominicana.com\/portal\/\",\"name\":\"PotenciaRadiofonicaDominicana.com\",\"description\":\"Peri\u00f3dico Digital\",\"publisher\":{\"@id\":\"https:\/\/potenciaradiofonicadominicana.com\/portal\/#organization\"},\"potentialAction\":[{\"@type\":\"SearchAction\",\"target\":{\"@type\":\"EntryPoint\",\"urlTemplate\":\"https:\/\/potenciaradiofonicadominicana.com\/portal\/?s={search_term_string}\"},\"query-input\":{\"@type\":\"PropertyValueSpecification\",\"valueRequired\":true,\"valueName\":\"search_term_string\"}}],\"inLanguage\":\"es\"},{\"@type\":\"Organization\",\"@id\":\"https:\/\/potenciaradiofonicadominicana.com\/portal\/#organization\",\"name\":\"PotenciaRadiofonicaDominicana.com\",\"url\":\"https:\/\/potenciaradiofonicadominicana.com\/portal\/\",\"logo\":{\"@type\":\"ImageObject\",\"inLanguage\":\"es\",\"@id\":\"https:\/\/potenciaradiofonicadominicana.com\/portal\/#\/schema\/logo\/image\/\",\"url\":\"https:\/\/potenciaradiofonicadominicana.com\/portal\/wp-content\/uploads\/2022\/01\/descarga.png\",\"contentUrl\":\"https:\/\/potenciaradiofonicadominicana.com\/portal\/wp-content\/uploads\/2022\/01\/descarga.png\",\"width\":300,\"height\":100,\"caption\":\"PotenciaRadiofonicaDominicana.com\"},\"image\":{\"@id\":\"https:\/\/potenciaradiofonicadominicana.com\/portal\/#\/schema\/logo\/image\/\"},\"sameAs\":[\"https:\/\/web.facebook.com\/PotenciaRadiofonicaD\"]},{\"@type\":\"Person\",\"@id\":\"https:\/\/potenciaradiofonicadominicana.com\/portal\/#\/schema\/person\/a5cf1fea13877803ee0573ac18b03490\",\"name\":\"Potencia Radiof\u00f3nica Dominicana\",\"image\":{\"@type\":\"ImageObject\",\"inLanguage\":\"es\",\"@id\":\"https:\/\/potenciaradiofonicadominicana.com\/portal\/#\/schema\/person\/image\/\",\"url\":\"https:\/\/secure.gravatar.com\/avatar\/42a55ab9e8ccc656ba34cd791990602a?s=96&d=mm&r=g\",\"contentUrl\":\"https:\/\/secure.gravatar.com\/avatar\/42a55ab9e8ccc656ba34cd791990602a?s=96&d=mm&r=g\",\"caption\":\"Potencia Radiof\u00f3nica Dominicana\"},\"url\":\"https:\/\/potenciaradiofonicadominicana.com\/portal\/author\/johannyalmanzar\/\"}]}<\/script>\n<!-- \/ Yoast SEO plugin. -->","yoast_head_json":{"title":"Medio Oriente, el centro de la energ\u00eda mundial y dominio del petr\u00f3leo - PotenciaRadiofonicaDominicana.com","robots":{"index":"index","follow":"follow","max-snippet":"max-snippet:-1","max-image-preview":"max-image-preview:large","max-video-preview":"max-video-preview:-1"},"canonical":"https:\/\/potenciaradiofonicadominicana.com\/portal\/medio-oriente-el-centro-de-la-energia-mundial-y-dominio-del-petroleo\/","og_locale":"es_ES","og_type":"article","og_title":"Medio Oriente, el centro de la energ\u00eda mundial y dominio del petr\u00f3leo - PotenciaRadiofonicaDominicana.com","og_description":"Para entender por qu\u00e9 un\u00a0conflicto en Irak tiene repercusiones globales\u00a0y termina afectando\u00a0econom\u00edas como la dominicana,\u00a0es necesario observar el\u00a0mapa del petr\u00f3leo ...","og_url":"https:\/\/potenciaradiofonicadominicana.com\/portal\/medio-oriente-el-centro-de-la-energia-mundial-y-dominio-del-petroleo\/","og_site_name":"PotenciaRadiofonicaDominicana.com","article_publisher":"https:\/\/web.facebook.com\/PotenciaRadiofonicaD","article_published_time":"2026-03-23T00:25:36+00:00","article_modified_time":"2026-03-23T00:25:52+00:00","og_image":[{"width":2560,"height":1592,"url":"https:\/\/potenciaradiofonicadominicana.com\/portal\/wp-content\/uploads\/2026\/03\/2JW42OUKPFDMFJIEXB4LHA6WDU-scaled.jpg","type":"image\/jpeg"}],"author":"Potencia Radiof\u00f3nica Dominicana","twitter_card":"summary_large_image","twitter_misc":{"Escrito por":"Potencia Radiof\u00f3nica Dominicana","Tiempo de lectura":"4 minutos"},"schema":{"@context":"https:\/\/schema.org","@graph":[{"@type":"Article","@id":"https:\/\/potenciaradiofonicadominicana.com\/portal\/medio-oriente-el-centro-de-la-energia-mundial-y-dominio-del-petroleo\/#article","isPartOf":{"@id":"https:\/\/potenciaradiofonicadominicana.com\/portal\/medio-oriente-el-centro-de-la-energia-mundial-y-dominio-del-petroleo\/"},"author":{"name":"Potencia Radiof\u00f3nica Dominicana","@id":"https:\/\/potenciaradiofonicadominicana.com\/portal\/#\/schema\/person\/a5cf1fea13877803ee0573ac18b03490"},"headline":"Medio Oriente, el centro de la energ\u00eda mundial y dominio del petr\u00f3leo","datePublished":"2026-03-23T00:25:36+00:00","dateModified":"2026-03-23T00:25:52+00:00","mainEntityOfPage":{"@id":"https:\/\/potenciaradiofonicadominicana.com\/portal\/medio-oriente-el-centro-de-la-energia-mundial-y-dominio-del-petroleo\/"},"wordCount":758,"publisher":{"@id":"https:\/\/potenciaradiofonicadominicana.com\/portal\/#organization"},"image":{"@id":"https:\/\/potenciaradiofonicadominicana.com\/portal\/medio-oriente-el-centro-de-la-energia-mundial-y-dominio-del-petroleo\/#primaryimage"},"thumbnailUrl":"https:\/\/potenciaradiofonicadominicana.com\/portal\/wp-content\/uploads\/2026\/03\/2JW42OUKPFDMFJIEXB4LHA6WDU-scaled.jpg","articleSection":["Econom\u00eda"],"inLanguage":"es"},{"@type":"WebPage","@id":"https:\/\/potenciaradiofonicadominicana.com\/portal\/medio-oriente-el-centro-de-la-energia-mundial-y-dominio-del-petroleo\/","url":"https:\/\/potenciaradiofonicadominicana.com\/portal\/medio-oriente-el-centro-de-la-energia-mundial-y-dominio-del-petroleo\/","name":"Medio Oriente, el centro de la energ\u00eda mundial y dominio del petr\u00f3leo - PotenciaRadiofonicaDominicana.com","isPartOf":{"@id":"https:\/\/potenciaradiofonicadominicana.com\/portal\/#website"},"primaryImageOfPage":{"@id":"https:\/\/potenciaradiofonicadominicana.com\/portal\/medio-oriente-el-centro-de-la-energia-mundial-y-dominio-del-petroleo\/#primaryimage"},"image":{"@id":"https:\/\/potenciaradiofonicadominicana.com\/portal\/medio-oriente-el-centro-de-la-energia-mundial-y-dominio-del-petroleo\/#primaryimage"},"thumbnailUrl":"https:\/\/potenciaradiofonicadominicana.com\/portal\/wp-content\/uploads\/2026\/03\/2JW42OUKPFDMFJIEXB4LHA6WDU-scaled.jpg","datePublished":"2026-03-23T00:25:36+00:00","dateModified":"2026-03-23T00:25:52+00:00","breadcrumb":{"@id":"https:\/\/potenciaradiofonicadominicana.com\/portal\/medio-oriente-el-centro-de-la-energia-mundial-y-dominio-del-petroleo\/#breadcrumb"},"inLanguage":"es","potentialAction":[{"@type":"ReadAction","target":["https:\/\/potenciaradiofonicadominicana.com\/portal\/medio-oriente-el-centro-de-la-energia-mundial-y-dominio-del-petroleo\/"]}]},{"@type":"ImageObject","inLanguage":"es","@id":"https:\/\/potenciaradiofonicadominicana.com\/portal\/medio-oriente-el-centro-de-la-energia-mundial-y-dominio-del-petroleo\/#primaryimage","url":"https:\/\/potenciaradiofonicadominicana.com\/portal\/wp-content\/uploads\/2026\/03\/2JW42OUKPFDMFJIEXB4LHA6WDU-scaled.jpg","contentUrl":"https:\/\/potenciaradiofonicadominicana.com\/portal\/wp-content\/uploads\/2026\/03\/2JW42OUKPFDMFJIEXB4LHA6WDU-scaled.jpg","width":2560,"height":1592},{"@type":"BreadcrumbList","@id":"https:\/\/potenciaradiofonicadominicana.com\/portal\/medio-oriente-el-centro-de-la-energia-mundial-y-dominio-del-petroleo\/#breadcrumb","itemListElement":[{"@type":"ListItem","position":1,"name":"Portada","item":"https:\/\/potenciaradiofonicadominicana.com\/portal\/"},{"@type":"ListItem","position":2,"name":"Medio Oriente, el centro de la energ\u00eda mundial y dominio del petr\u00f3leo"}]},{"@type":"WebSite","@id":"https:\/\/potenciaradiofonicadominicana.com\/portal\/#website","url":"https:\/\/potenciaradiofonicadominicana.com\/portal\/","name":"PotenciaRadiofonicaDominicana.com","description":"Peri\u00f3dico Digital","publisher":{"@id":"https:\/\/potenciaradiofonicadominicana.com\/portal\/#organization"},"potentialAction":[{"@type":"SearchAction","target":{"@type":"EntryPoint","urlTemplate":"https:\/\/potenciaradiofonicadominicana.com\/portal\/?s={search_term_string}"},"query-input":{"@type":"PropertyValueSpecification","valueRequired":true,"valueName":"search_term_string"}}],"inLanguage":"es"},{"@type":"Organization","@id":"https:\/\/potenciaradiofonicadominicana.com\/portal\/#organization","name":"PotenciaRadiofonicaDominicana.com","url":"https:\/\/potenciaradiofonicadominicana.com\/portal\/","logo":{"@type":"ImageObject","inLanguage":"es","@id":"https:\/\/potenciaradiofonicadominicana.com\/portal\/#\/schema\/logo\/image\/","url":"https:\/\/potenciaradiofonicadominicana.com\/portal\/wp-content\/uploads\/2022\/01\/descarga.png","contentUrl":"https:\/\/potenciaradiofonicadominicana.com\/portal\/wp-content\/uploads\/2022\/01\/descarga.png","width":300,"height":100,"caption":"PotenciaRadiofonicaDominicana.com"},"image":{"@id":"https:\/\/potenciaradiofonicadominicana.com\/portal\/#\/schema\/logo\/image\/"},"sameAs":["https:\/\/web.facebook.com\/PotenciaRadiofonicaD"]},{"@type":"Person","@id":"https:\/\/potenciaradiofonicadominicana.com\/portal\/#\/schema\/person\/a5cf1fea13877803ee0573ac18b03490","name":"Potencia Radiof\u00f3nica Dominicana","image":{"@type":"ImageObject","inLanguage":"es","@id":"https:\/\/potenciaradiofonicadominicana.com\/portal\/#\/schema\/person\/image\/","url":"https:\/\/secure.gravatar.com\/avatar\/42a55ab9e8ccc656ba34cd791990602a?s=96&d=mm&r=g","contentUrl":"https:\/\/secure.gravatar.com\/avatar\/42a55ab9e8ccc656ba34cd791990602a?s=96&d=mm&r=g","caption":"Potencia Radiof\u00f3nica Dominicana"},"url":"https:\/\/potenciaradiofonicadominicana.com\/portal\/author\/johannyalmanzar\/"}]}},"_links":{"self":[{"href":"https:\/\/potenciaradiofonicadominicana.com\/portal\/wp-json\/wp\/v2\/posts\/213458","targetHints":{"allow":["GET"]}}],"collection":[{"href":"https:\/\/potenciaradiofonicadominicana.com\/portal\/wp-json\/wp\/v2\/posts"}],"about":[{"href":"https:\/\/potenciaradiofonicadominicana.com\/portal\/wp-json\/wp\/v2\/types\/post"}],"author":[{"embeddable":true,"href":"https:\/\/potenciaradiofonicadominicana.com\/portal\/wp-json\/wp\/v2\/users\/2"}],"replies":[{"embeddable":true,"href":"https:\/\/potenciaradiofonicadominicana.com\/portal\/wp-json\/wp\/v2\/comments?post=213458"}],"version-history":[{"count":2,"href":"https:\/\/potenciaradiofonicadominicana.com\/portal\/wp-json\/wp\/v2\/posts\/213458\/revisions"}],"predecessor-version":[{"id":213461,"href":"https:\/\/potenciaradiofonicadominicana.com\/portal\/wp-json\/wp\/v2\/posts\/213458\/revisions\/213461"}],"wp:featuredmedia":[{"embeddable":true,"href":"https:\/\/potenciaradiofonicadominicana.com\/portal\/wp-json\/wp\/v2\/media\/213459"}],"wp:attachment":[{"href":"https:\/\/potenciaradiofonicadominicana.com\/portal\/wp-json\/wp\/v2\/media?parent=213458"}],"wp:term":[{"taxonomy":"category","embeddable":true,"href":"https:\/\/potenciaradiofonicadominicana.com\/portal\/wp-json\/wp\/v2\/categories?post=213458"},{"taxonomy":"post_tag","embeddable":true,"href":"https:\/\/potenciaradiofonicadominicana.com\/portal\/wp-json\/wp\/v2\/tags?post=213458"}],"curies":[{"name":"wp","href":"https:\/\/api.w.org\/{rel}","templated":true}]}}