{"id":213455,"date":"2026-03-22T20:23:19","date_gmt":"2026-03-23T00:23:19","guid":{"rendered":"https:\/\/potenciaradiofonicadominicana.com\/portal\/?p=213455"},"modified":"2026-03-22T20:23:19","modified_gmt":"2026-03-23T00:23:19","slug":"abinader-asegura-rd-esta-preparada-para-enfrentar-impacto-economico-de-guerra-en-iran","status":"publish","type":"post","link":"https:\/\/potenciaradiofonicadominicana.com\/portal\/abinader-asegura-rd-esta-preparada-para-enfrentar-impacto-economico-de-guerra-en-iran\/","title":{"rendered":"Abinader asegura RD est\u00e1 preparada para enfrentar impacto econ\u00f3mico de guerra en Ir\u00e1n"},"content":{"rendered":"<p><a href=\"https:\/\/potenciaradiofonicadominicana.com\/portal\/wp-content\/uploads\/2026\/03\/a539c791-564a-423c-9a07-bc098e20143f-scaled-1.webp\"><img loading=\"lazy\" decoding=\"async\" class=\"alignnone size-full wp-image-213456\" src=\"https:\/\/potenciaradiofonicadominicana.com\/portal\/wp-content\/uploads\/2026\/03\/a539c791-564a-423c-9a07-bc098e20143f-scaled-1.webp\" alt=\"\" width=\"1920\" height=\"1279\" srcset=\"https:\/\/potenciaradiofonicadominicana.com\/portal\/wp-content\/uploads\/2026\/03\/a539c791-564a-423c-9a07-bc098e20143f-scaled-1.webp 1920w, https:\/\/potenciaradiofonicadominicana.com\/portal\/wp-content\/uploads\/2026\/03\/a539c791-564a-423c-9a07-bc098e20143f-scaled-1-300x200.webp 300w, https:\/\/potenciaradiofonicadominicana.com\/portal\/wp-content\/uploads\/2026\/03\/a539c791-564a-423c-9a07-bc098e20143f-scaled-1-1024x682.webp 1024w, https:\/\/potenciaradiofonicadominicana.com\/portal\/wp-content\/uploads\/2026\/03\/a539c791-564a-423c-9a07-bc098e20143f-scaled-1-768x512.webp 768w, https:\/\/potenciaradiofonicadominicana.com\/portal\/wp-content\/uploads\/2026\/03\/a539c791-564a-423c-9a07-bc098e20143f-scaled-1-1536x1023.webp 1536w\" sizes=\"auto, (max-width: 1920px) 100vw, 1920px\" \/><\/a><\/p>\n<p>El presidente Luis Abinader asegur\u00f3 este domingo que la Rep\u00fablica Dominicana est\u00e1 preparada para enfrentar las consecuencias econ\u00f3micas derivadas de la guerra en Ir\u00e1n, al tiempo que anunci\u00f3 un conjunto de medidas para mitigar el impacto del alza en los precios internacionales del petr\u00f3leo, los combustibles y algunos alimentos.<\/p>\n<p>Durante un mensaje dirigido al pa\u00eds en cadena nacional, el mandatario explic\u00f3 que el Gobierno ha definido tres objetivos fundamentales: preservar la estabilidad macroecon\u00f3mica, proteger a los sectores m\u00e1s vulnerables y mantener la inversi\u00f3n p\u00fablica como motor del crecimiento.<\/p>\n<p>En ese sentido, inform\u00f3 que se han identificado cerca de RD$10,000 millones que ser\u00e1n reasignados para fortalecer programas sociales sin aumentar el gasto p\u00fablico. Adem\u00e1s, anunci\u00f3 un subsidio inicial de RD$1,000 millones a los fertilizantes, con el prop\u00f3sito de evitar que el aumento de los precios internacionales se traduzca en mayores costos para los alimentos.<\/p>\n<p>Abinader tambi\u00e9n indic\u00f3 que el Gobierno mantiene un monitoreo constante de los mercados internacionales y ha activado mecanismos de seguimiento diario para anticipar posibles impactos en la econom\u00eda nacional.<\/p>\n<p><strong>Subsidios y ajustes<\/strong><\/p>\n<p>El jefe de Estado destac\u00f3 que el pa\u00eds ha destinado importantes recursos para mitigar el impacto de la crisis. Precis\u00f3 que en 2025 se invirtieron RD$11,500 millones en subsidios a combustibles y m\u00e1s de RD$105,000 millones en el sector el\u00e9ctrico, mientras que en lo que va de 2026 el subsidio a los combustibles ronda los RD$4,000 millones.<\/p>\n<p>Explic\u00f3 que el aumento del precio del petr\u00f3leo \u2014de 65 a casi 100 d\u00f3lares por barril\u2014 ha generado presiones fiscales, lo que ha obligado a realizar ajustes graduales en los combustibles, entre un 5.2 % y 6.7 %, como una medida responsable para garantizar la sostenibilidad de las finanzas p\u00fablicas.<\/p>\n<p>No obstante, subray\u00f3 que los combustibles contin\u00faan siendo subsidiados de manera significativa y asegur\u00f3 que el gas licuado de petr\u00f3leo (GLP) se mantendr\u00e1 sin variaci\u00f3n para proteger a los sectores m\u00e1s vulnerables.<\/p>\n<p><strong>Llamado a la corresponsabilidad<\/strong><\/p>\n<p>El mandatario reconoci\u00f3 que la situaci\u00f3n implicar\u00e1 ciertos sacrificios, con posibles presiones en tarifas el\u00e9ctricas, transporte y precios de alimentos, aunque enfatiz\u00f3 que el Gobierno asumir\u00e1 la mayor parte del impacto.<\/p>\n<p>En ese contexto, hizo un llamado a la corresponsabilidad, exhortando a las empresas a implementar modalidades como el trabajo remoto y a la ciudadan\u00eda a optimizar el uso del combustible.<\/p>\n<p><strong>Fortaleza econ\u00f3mica<\/strong><\/p>\n<p>Abinader resalt\u00f3 que la Rep\u00fablica Dominicana mantiene una econom\u00eda s\u00f3lida, con estabilidad, acceso a financiamiento internacional y reservas superiores a los 16,000 millones de d\u00f3lares.<\/p>\n<p>Indic\u00f3 que el pa\u00eds enfrenta un choque externo y no una crisis interna, lo que \u2014seg\u00fan afirm\u00f3\u2014 permite responder con mayor capacidad y resiliencia.<\/p>\n<p>Asimismo, destac\u00f3 avances en el sector energ\u00e9tico, como la diversificaci\u00f3n de la matriz, el impulso a las energ\u00edas renovables y acuerdos estrat\u00e9gicos en generaci\u00f3n el\u00e9ctrica, que contribuyen a mitigar el impacto de la coyuntura internacional.<\/p>\n<p><strong>Contexto global<\/strong><\/p>\n<p>El presidente explic\u00f3 que el conflicto ha generado tensiones en los mercados internacionales, especialmente por su impacto en el Estrecho de Hormuz, por donde transita cerca del 20 % del petr\u00f3leo y gas natural del mundo, lo que ha provocado incrementos en los precios del crudo y sus derivados.<\/p>\n<p>Record\u00f3 que la Rep\u00fablica Dominicana importa la totalidad de los combustibles que consume, por lo que es especialmente vulnerable a las variaciones del mercado internacional.<\/p>\n<p><strong>Confianza y estabilidad<\/strong><\/p>\n<p>Finalmente, el mandatario reiter\u00f3 que el pa\u00eds ha demostrado su capacidad para enfrentar crisis globales, como la pandemia y los choques inflacionarios recientes, y asegur\u00f3 que el Gobierno continuar\u00e1 tomando decisiones para proteger la estabilidad econ\u00f3mica y el poder adquisitivo de la poblaci\u00f3n.<\/p>\n<p>\u201cEste pa\u00eds no se detiene. Se adapta y sigue avanzando\u201d, afirm\u00f3.<\/p>\n","protected":false},"excerpt":{"rendered":"<p>El presidente Luis Abinader asegur\u00f3 este domingo que la Rep\u00fablica Dominicana est\u00e1 preparada para enfrentar las consecuencias econ\u00f3micas derivadas de &#8230;<\/p>\n","protected":false},"author":2,"featured_media":213456,"comment_status":"closed","ping_status":"closed","sticky":false,"template":"","format":"standard","meta":{"footnotes":""},"categories":[26],"tags":[],"class_list":["post-213455","post","type-post","status-publish","format-standard","has-post-thumbnail","hentry","category-economia"],"yoast_head":"<!-- This site is optimized with the Yoast SEO plugin v24.8.1 - https:\/\/yoast.com\/wordpress\/plugins\/seo\/ -->\n<title>Abinader asegura RD est\u00e1 preparada para enfrentar impacto econ\u00f3mico de guerra en Ir\u00e1n - PotenciaRadiofonicaDominicana.com<\/title>\n<meta name=\"robots\" content=\"index, follow, max-snippet:-1, max-image-preview:large, max-video-preview:-1\" \/>\n<link rel=\"canonical\" href=\"https:\/\/potenciaradiofonicadominicana.com\/portal\/abinader-asegura-rd-esta-preparada-para-enfrentar-impacto-economico-de-guerra-en-iran\/\" \/>\n<meta property=\"og:locale\" content=\"es_ES\" \/>\n<meta property=\"og:type\" content=\"article\" \/>\n<meta property=\"og:title\" content=\"Abinader asegura RD est\u00e1 preparada para enfrentar impacto econ\u00f3mico de guerra en Ir\u00e1n - PotenciaRadiofonicaDominicana.com\" \/>\n<meta property=\"og:description\" content=\"El presidente Luis Abinader asegur\u00f3 este domingo que la Rep\u00fablica Dominicana est\u00e1 preparada para enfrentar las consecuencias econ\u00f3micas derivadas de ...\" \/>\n<meta property=\"og:url\" content=\"https:\/\/potenciaradiofonicadominicana.com\/portal\/abinader-asegura-rd-esta-preparada-para-enfrentar-impacto-economico-de-guerra-en-iran\/\" \/>\n<meta property=\"og:site_name\" content=\"PotenciaRadiofonicaDominicana.com\" \/>\n<meta property=\"article:publisher\" content=\"https:\/\/web.facebook.com\/PotenciaRadiofonicaD\" \/>\n<meta property=\"article:published_time\" content=\"2026-03-23T00:23:19+00:00\" \/>\n<meta property=\"og:image\" content=\"https:\/\/potenciaradiofonicadominicana.com\/portal\/wp-content\/uploads\/2026\/03\/a539c791-564a-423c-9a07-bc098e20143f-scaled-1.webp\" \/>\n\t<meta property=\"og:image:width\" content=\"1920\" \/>\n\t<meta property=\"og:image:height\" content=\"1279\" \/>\n\t<meta property=\"og:image:type\" content=\"image\/webp\" \/>\n<meta name=\"author\" content=\"Potencia Radiof\u00f3nica Dominicana\" \/>\n<meta name=\"twitter:card\" content=\"summary_large_image\" \/>\n<meta name=\"twitter:label1\" content=\"Escrito por\" \/>\n\t<meta name=\"twitter:data1\" content=\"Potencia Radiof\u00f3nica Dominicana\" \/>\n\t<meta name=\"twitter:label2\" content=\"Tiempo de lectura\" \/>\n\t<meta name=\"twitter:data2\" content=\"4 minutos\" \/>\n<script type=\"application\/ld+json\" class=\"yoast-schema-graph\">{\"@context\":\"https:\/\/schema.org\",\"@graph\":[{\"@type\":\"Article\",\"@id\":\"https:\/\/potenciaradiofonicadominicana.com\/portal\/abinader-asegura-rd-esta-preparada-para-enfrentar-impacto-economico-de-guerra-en-iran\/#article\",\"isPartOf\":{\"@id\":\"https:\/\/potenciaradiofonicadominicana.com\/portal\/abinader-asegura-rd-esta-preparada-para-enfrentar-impacto-economico-de-guerra-en-iran\/\"},\"author\":{\"name\":\"Potencia Radiof\u00f3nica Dominicana\",\"@id\":\"https:\/\/potenciaradiofonicadominicana.com\/portal\/#\/schema\/person\/a5cf1fea13877803ee0573ac18b03490\"},\"headline\":\"Abinader asegura RD est\u00e1 preparada para enfrentar impacto econ\u00f3mico de guerra en Ir\u00e1n\",\"datePublished\":\"2026-03-23T00:23:19+00:00\",\"mainEntityOfPage\":{\"@id\":\"https:\/\/potenciaradiofonicadominicana.com\/portal\/abinader-asegura-rd-esta-preparada-para-enfrentar-impacto-economico-de-guerra-en-iran\/\"},\"wordCount\":649,\"publisher\":{\"@id\":\"https:\/\/potenciaradiofonicadominicana.com\/portal\/#organization\"},\"image\":{\"@id\":\"https:\/\/potenciaradiofonicadominicana.com\/portal\/abinader-asegura-rd-esta-preparada-para-enfrentar-impacto-economico-de-guerra-en-iran\/#primaryimage\"},\"thumbnailUrl\":\"https:\/\/potenciaradiofonicadominicana.com\/portal\/wp-content\/uploads\/2026\/03\/a539c791-564a-423c-9a07-bc098e20143f-scaled-1.webp\",\"articleSection\":[\"Econom\u00eda\"],\"inLanguage\":\"es\"},{\"@type\":\"WebPage\",\"@id\":\"https:\/\/potenciaradiofonicadominicana.com\/portal\/abinader-asegura-rd-esta-preparada-para-enfrentar-impacto-economico-de-guerra-en-iran\/\",\"url\":\"https:\/\/potenciaradiofonicadominicana.com\/portal\/abinader-asegura-rd-esta-preparada-para-enfrentar-impacto-economico-de-guerra-en-iran\/\",\"name\":\"Abinader asegura RD est\u00e1 preparada para enfrentar impacto econ\u00f3mico de guerra en Ir\u00e1n - PotenciaRadiofonicaDominicana.com\",\"isPartOf\":{\"@id\":\"https:\/\/potenciaradiofonicadominicana.com\/portal\/#website\"},\"primaryImageOfPage\":{\"@id\":\"https:\/\/potenciaradiofonicadominicana.com\/portal\/abinader-asegura-rd-esta-preparada-para-enfrentar-impacto-economico-de-guerra-en-iran\/#primaryimage\"},\"image\":{\"@id\":\"https:\/\/potenciaradiofonicadominicana.com\/portal\/abinader-asegura-rd-esta-preparada-para-enfrentar-impacto-economico-de-guerra-en-iran\/#primaryimage\"},\"thumbnailUrl\":\"https:\/\/potenciaradiofonicadominicana.com\/portal\/wp-content\/uploads\/2026\/03\/a539c791-564a-423c-9a07-bc098e20143f-scaled-1.webp\",\"datePublished\":\"2026-03-23T00:23:19+00:00\",\"breadcrumb\":{\"@id\":\"https:\/\/potenciaradiofonicadominicana.com\/portal\/abinader-asegura-rd-esta-preparada-para-enfrentar-impacto-economico-de-guerra-en-iran\/#breadcrumb\"},\"inLanguage\":\"es\",\"potentialAction\":[{\"@type\":\"ReadAction\",\"target\":[\"https:\/\/potenciaradiofonicadominicana.com\/portal\/abinader-asegura-rd-esta-preparada-para-enfrentar-impacto-economico-de-guerra-en-iran\/\"]}]},{\"@type\":\"ImageObject\",\"inLanguage\":\"es\",\"@id\":\"https:\/\/potenciaradiofonicadominicana.com\/portal\/abinader-asegura-rd-esta-preparada-para-enfrentar-impacto-economico-de-guerra-en-iran\/#primaryimage\",\"url\":\"https:\/\/potenciaradiofonicadominicana.com\/portal\/wp-content\/uploads\/2026\/03\/a539c791-564a-423c-9a07-bc098e20143f-scaled-1.webp\",\"contentUrl\":\"https:\/\/potenciaradiofonicadominicana.com\/portal\/wp-content\/uploads\/2026\/03\/a539c791-564a-423c-9a07-bc098e20143f-scaled-1.webp\",\"width\":1920,\"height\":1279},{\"@type\":\"BreadcrumbList\",\"@id\":\"https:\/\/potenciaradiofonicadominicana.com\/portal\/abinader-asegura-rd-esta-preparada-para-enfrentar-impacto-economico-de-guerra-en-iran\/#breadcrumb\",\"itemListElement\":[{\"@type\":\"ListItem\",\"position\":1,\"name\":\"Portada\",\"item\":\"https:\/\/potenciaradiofonicadominicana.com\/portal\/\"},{\"@type\":\"ListItem\",\"position\":2,\"name\":\"Abinader asegura RD est\u00e1 preparada para enfrentar impacto econ\u00f3mico de guerra en Ir\u00e1n\"}]},{\"@type\":\"WebSite\",\"@id\":\"https:\/\/potenciaradiofonicadominicana.com\/portal\/#website\",\"url\":\"https:\/\/potenciaradiofonicadominicana.com\/portal\/\",\"name\":\"PotenciaRadiofonicaDominicana.com\",\"description\":\"Peri\u00f3dico Digital\",\"publisher\":{\"@id\":\"https:\/\/potenciaradiofonicadominicana.com\/portal\/#organization\"},\"potentialAction\":[{\"@type\":\"SearchAction\",\"target\":{\"@type\":\"EntryPoint\",\"urlTemplate\":\"https:\/\/potenciaradiofonicadominicana.com\/portal\/?s={search_term_string}\"},\"query-input\":{\"@type\":\"PropertyValueSpecification\",\"valueRequired\":true,\"valueName\":\"search_term_string\"}}],\"inLanguage\":\"es\"},{\"@type\":\"Organization\",\"@id\":\"https:\/\/potenciaradiofonicadominicana.com\/portal\/#organization\",\"name\":\"PotenciaRadiofonicaDominicana.com\",\"url\":\"https:\/\/potenciaradiofonicadominicana.com\/portal\/\",\"logo\":{\"@type\":\"ImageObject\",\"inLanguage\":\"es\",\"@id\":\"https:\/\/potenciaradiofonicadominicana.com\/portal\/#\/schema\/logo\/image\/\",\"url\":\"https:\/\/potenciaradiofonicadominicana.com\/portal\/wp-content\/uploads\/2022\/01\/descarga.png\",\"contentUrl\":\"https:\/\/potenciaradiofonicadominicana.com\/portal\/wp-content\/uploads\/2022\/01\/descarga.png\",\"width\":300,\"height\":100,\"caption\":\"PotenciaRadiofonicaDominicana.com\"},\"image\":{\"@id\":\"https:\/\/potenciaradiofonicadominicana.com\/portal\/#\/schema\/logo\/image\/\"},\"sameAs\":[\"https:\/\/web.facebook.com\/PotenciaRadiofonicaD\"]},{\"@type\":\"Person\",\"@id\":\"https:\/\/potenciaradiofonicadominicana.com\/portal\/#\/schema\/person\/a5cf1fea13877803ee0573ac18b03490\",\"name\":\"Potencia Radiof\u00f3nica Dominicana\",\"image\":{\"@type\":\"ImageObject\",\"inLanguage\":\"es\",\"@id\":\"https:\/\/potenciaradiofonicadominicana.com\/portal\/#\/schema\/person\/image\/\",\"url\":\"https:\/\/secure.gravatar.com\/avatar\/42a55ab9e8ccc656ba34cd791990602a?s=96&d=mm&r=g\",\"contentUrl\":\"https:\/\/secure.gravatar.com\/avatar\/42a55ab9e8ccc656ba34cd791990602a?s=96&d=mm&r=g\",\"caption\":\"Potencia Radiof\u00f3nica Dominicana\"},\"url\":\"https:\/\/potenciaradiofonicadominicana.com\/portal\/author\/johannyalmanzar\/\"}]}<\/script>\n<!-- \/ Yoast SEO plugin. -->","yoast_head_json":{"title":"Abinader asegura RD est\u00e1 preparada para enfrentar impacto econ\u00f3mico de guerra en Ir\u00e1n - PotenciaRadiofonicaDominicana.com","robots":{"index":"index","follow":"follow","max-snippet":"max-snippet:-1","max-image-preview":"max-image-preview:large","max-video-preview":"max-video-preview:-1"},"canonical":"https:\/\/potenciaradiofonicadominicana.com\/portal\/abinader-asegura-rd-esta-preparada-para-enfrentar-impacto-economico-de-guerra-en-iran\/","og_locale":"es_ES","og_type":"article","og_title":"Abinader asegura RD est\u00e1 preparada para enfrentar impacto econ\u00f3mico de guerra en Ir\u00e1n - PotenciaRadiofonicaDominicana.com","og_description":"El presidente Luis Abinader asegur\u00f3 este domingo que la Rep\u00fablica Dominicana est\u00e1 preparada para enfrentar las consecuencias econ\u00f3micas derivadas de ...","og_url":"https:\/\/potenciaradiofonicadominicana.com\/portal\/abinader-asegura-rd-esta-preparada-para-enfrentar-impacto-economico-de-guerra-en-iran\/","og_site_name":"PotenciaRadiofonicaDominicana.com","article_publisher":"https:\/\/web.facebook.com\/PotenciaRadiofonicaD","article_published_time":"2026-03-23T00:23:19+00:00","og_image":[{"width":1920,"height":1279,"url":"https:\/\/potenciaradiofonicadominicana.com\/portal\/wp-content\/uploads\/2026\/03\/a539c791-564a-423c-9a07-bc098e20143f-scaled-1.webp","type":"image\/webp"}],"author":"Potencia Radiof\u00f3nica Dominicana","twitter_card":"summary_large_image","twitter_misc":{"Escrito por":"Potencia Radiof\u00f3nica Dominicana","Tiempo de lectura":"4 minutos"},"schema":{"@context":"https:\/\/schema.org","@graph":[{"@type":"Article","@id":"https:\/\/potenciaradiofonicadominicana.com\/portal\/abinader-asegura-rd-esta-preparada-para-enfrentar-impacto-economico-de-guerra-en-iran\/#article","isPartOf":{"@id":"https:\/\/potenciaradiofonicadominicana.com\/portal\/abinader-asegura-rd-esta-preparada-para-enfrentar-impacto-economico-de-guerra-en-iran\/"},"author":{"name":"Potencia Radiof\u00f3nica Dominicana","@id":"https:\/\/potenciaradiofonicadominicana.com\/portal\/#\/schema\/person\/a5cf1fea13877803ee0573ac18b03490"},"headline":"Abinader asegura RD est\u00e1 preparada para enfrentar impacto econ\u00f3mico de guerra en Ir\u00e1n","datePublished":"2026-03-23T00:23:19+00:00","mainEntityOfPage":{"@id":"https:\/\/potenciaradiofonicadominicana.com\/portal\/abinader-asegura-rd-esta-preparada-para-enfrentar-impacto-economico-de-guerra-en-iran\/"},"wordCount":649,"publisher":{"@id":"https:\/\/potenciaradiofonicadominicana.com\/portal\/#organization"},"image":{"@id":"https:\/\/potenciaradiofonicadominicana.com\/portal\/abinader-asegura-rd-esta-preparada-para-enfrentar-impacto-economico-de-guerra-en-iran\/#primaryimage"},"thumbnailUrl":"https:\/\/potenciaradiofonicadominicana.com\/portal\/wp-content\/uploads\/2026\/03\/a539c791-564a-423c-9a07-bc098e20143f-scaled-1.webp","articleSection":["Econom\u00eda"],"inLanguage":"es"},{"@type":"WebPage","@id":"https:\/\/potenciaradiofonicadominicana.com\/portal\/abinader-asegura-rd-esta-preparada-para-enfrentar-impacto-economico-de-guerra-en-iran\/","url":"https:\/\/potenciaradiofonicadominicana.com\/portal\/abinader-asegura-rd-esta-preparada-para-enfrentar-impacto-economico-de-guerra-en-iran\/","name":"Abinader asegura RD est\u00e1 preparada para enfrentar impacto econ\u00f3mico de guerra en Ir\u00e1n - PotenciaRadiofonicaDominicana.com","isPartOf":{"@id":"https:\/\/potenciaradiofonicadominicana.com\/portal\/#website"},"primaryImageOfPage":{"@id":"https:\/\/potenciaradiofonicadominicana.com\/portal\/abinader-asegura-rd-esta-preparada-para-enfrentar-impacto-economico-de-guerra-en-iran\/#primaryimage"},"image":{"@id":"https:\/\/potenciaradiofonicadominicana.com\/portal\/abinader-asegura-rd-esta-preparada-para-enfrentar-impacto-economico-de-guerra-en-iran\/#primaryimage"},"thumbnailUrl":"https:\/\/potenciaradiofonicadominicana.com\/portal\/wp-content\/uploads\/2026\/03\/a539c791-564a-423c-9a07-bc098e20143f-scaled-1.webp","datePublished":"2026-03-23T00:23:19+00:00","breadcrumb":{"@id":"https:\/\/potenciaradiofonicadominicana.com\/portal\/abinader-asegura-rd-esta-preparada-para-enfrentar-impacto-economico-de-guerra-en-iran\/#breadcrumb"},"inLanguage":"es","potentialAction":[{"@type":"ReadAction","target":["https:\/\/potenciaradiofonicadominicana.com\/portal\/abinader-asegura-rd-esta-preparada-para-enfrentar-impacto-economico-de-guerra-en-iran\/"]}]},{"@type":"ImageObject","inLanguage":"es","@id":"https:\/\/potenciaradiofonicadominicana.com\/portal\/abinader-asegura-rd-esta-preparada-para-enfrentar-impacto-economico-de-guerra-en-iran\/#primaryimage","url":"https:\/\/potenciaradiofonicadominicana.com\/portal\/wp-content\/uploads\/2026\/03\/a539c791-564a-423c-9a07-bc098e20143f-scaled-1.webp","contentUrl":"https:\/\/potenciaradiofonicadominicana.com\/portal\/wp-content\/uploads\/2026\/03\/a539c791-564a-423c-9a07-bc098e20143f-scaled-1.webp","width":1920,"height":1279},{"@type":"BreadcrumbList","@id":"https:\/\/potenciaradiofonicadominicana.com\/portal\/abinader-asegura-rd-esta-preparada-para-enfrentar-impacto-economico-de-guerra-en-iran\/#breadcrumb","itemListElement":[{"@type":"ListItem","position":1,"name":"Portada","item":"https:\/\/potenciaradiofonicadominicana.com\/portal\/"},{"@type":"ListItem","position":2,"name":"Abinader asegura RD est\u00e1 preparada para enfrentar impacto econ\u00f3mico de guerra en Ir\u00e1n"}]},{"@type":"WebSite","@id":"https:\/\/potenciaradiofonicadominicana.com\/portal\/#website","url":"https:\/\/potenciaradiofonicadominicana.com\/portal\/","name":"PotenciaRadiofonicaDominicana.com","description":"Peri\u00f3dico Digital","publisher":{"@id":"https:\/\/potenciaradiofonicadominicana.com\/portal\/#organization"},"potentialAction":[{"@type":"SearchAction","target":{"@type":"EntryPoint","urlTemplate":"https:\/\/potenciaradiofonicadominicana.com\/portal\/?s={search_term_string}"},"query-input":{"@type":"PropertyValueSpecification","valueRequired":true,"valueName":"search_term_string"}}],"inLanguage":"es"},{"@type":"Organization","@id":"https:\/\/potenciaradiofonicadominicana.com\/portal\/#organization","name":"PotenciaRadiofonicaDominicana.com","url":"https:\/\/potenciaradiofonicadominicana.com\/portal\/","logo":{"@type":"ImageObject","inLanguage":"es","@id":"https:\/\/potenciaradiofonicadominicana.com\/portal\/#\/schema\/logo\/image\/","url":"https:\/\/potenciaradiofonicadominicana.com\/portal\/wp-content\/uploads\/2022\/01\/descarga.png","contentUrl":"https:\/\/potenciaradiofonicadominicana.com\/portal\/wp-content\/uploads\/2022\/01\/descarga.png","width":300,"height":100,"caption":"PotenciaRadiofonicaDominicana.com"},"image":{"@id":"https:\/\/potenciaradiofonicadominicana.com\/portal\/#\/schema\/logo\/image\/"},"sameAs":["https:\/\/web.facebook.com\/PotenciaRadiofonicaD"]},{"@type":"Person","@id":"https:\/\/potenciaradiofonicadominicana.com\/portal\/#\/schema\/person\/a5cf1fea13877803ee0573ac18b03490","name":"Potencia Radiof\u00f3nica Dominicana","image":{"@type":"ImageObject","inLanguage":"es","@id":"https:\/\/potenciaradiofonicadominicana.com\/portal\/#\/schema\/person\/image\/","url":"https:\/\/secure.gravatar.com\/avatar\/42a55ab9e8ccc656ba34cd791990602a?s=96&d=mm&r=g","contentUrl":"https:\/\/secure.gravatar.com\/avatar\/42a55ab9e8ccc656ba34cd791990602a?s=96&d=mm&r=g","caption":"Potencia Radiof\u00f3nica Dominicana"},"url":"https:\/\/potenciaradiofonicadominicana.com\/portal\/author\/johannyalmanzar\/"}]}},"_links":{"self":[{"href":"https:\/\/potenciaradiofonicadominicana.com\/portal\/wp-json\/wp\/v2\/posts\/213455","targetHints":{"allow":["GET"]}}],"collection":[{"href":"https:\/\/potenciaradiofonicadominicana.com\/portal\/wp-json\/wp\/v2\/posts"}],"about":[{"href":"https:\/\/potenciaradiofonicadominicana.com\/portal\/wp-json\/wp\/v2\/types\/post"}],"author":[{"embeddable":true,"href":"https:\/\/potenciaradiofonicadominicana.com\/portal\/wp-json\/wp\/v2\/users\/2"}],"replies":[{"embeddable":true,"href":"https:\/\/potenciaradiofonicadominicana.com\/portal\/wp-json\/wp\/v2\/comments?post=213455"}],"version-history":[{"count":1,"href":"https:\/\/potenciaradiofonicadominicana.com\/portal\/wp-json\/wp\/v2\/posts\/213455\/revisions"}],"predecessor-version":[{"id":213457,"href":"https:\/\/potenciaradiofonicadominicana.com\/portal\/wp-json\/wp\/v2\/posts\/213455\/revisions\/213457"}],"wp:featuredmedia":[{"embeddable":true,"href":"https:\/\/potenciaradiofonicadominicana.com\/portal\/wp-json\/wp\/v2\/media\/213456"}],"wp:attachment":[{"href":"https:\/\/potenciaradiofonicadominicana.com\/portal\/wp-json\/wp\/v2\/media?parent=213455"}],"wp:term":[{"taxonomy":"category","embeddable":true,"href":"https:\/\/potenciaradiofonicadominicana.com\/portal\/wp-json\/wp\/v2\/categories?post=213455"},{"taxonomy":"post_tag","embeddable":true,"href":"https:\/\/potenciaradiofonicadominicana.com\/portal\/wp-json\/wp\/v2\/tags?post=213455"}],"curies":[{"name":"wp","href":"https:\/\/api.w.org\/{rel}","templated":true}]}}