{"id":213289,"date":"2026-03-17T21:27:52","date_gmt":"2026-03-18T01:27:52","guid":{"rendered":"https:\/\/potenciaradiofonicadominicana.com\/portal\/?p=213289"},"modified":"2026-03-17T21:27:52","modified_gmt":"2026-03-18T01:27:52","slug":"autoridades-identifican-fondos-para-contener-crisis-petroleo","status":"publish","type":"post","link":"https:\/\/potenciaradiofonicadominicana.com\/portal\/autoridades-identifican-fondos-para-contener-crisis-petroleo\/","title":{"rendered":"Autoridades identifican fondos para contener crisis petr\u00f3leo"},"content":{"rendered":"<p>&nbsp;<\/p>\n<p>El gobernador del Banco Central de la Rep\u00fablica Dominicana, H\u00e9ctor Valdez Albizu, expres\u00f3 que analizan la situaci\u00f3n y el impacto a nivel internacional de la guerra en el Medio Oriente antes de tomar medidas internas.<\/p>\n<p>Indic\u00f3 que lo primero es dar seguimiento a lo que est\u00e1 ocurriendo en el exterior, donde en Estados Unidos y Europa se han registrado alzas en la gasolina y una escasez de petr\u00f3leo que podr\u00eda generar problemas inflacionarios en Estados Unidos.<\/p>\n<p>Valdez Albizu expres\u00f3 que Rep\u00fablica Dominicana debe estar atenta a lo que est\u00e1 pasando a nivel internacional y exhort\u00f3 a manejar la situaci\u00f3n con prudencia, debido a la incertidumbre que se registra a nivel mundial por la subida del petr\u00f3leo, calific\u00e1ndola como una subida mayor a la esperada.<br \/>\nValdez Albizu habl\u00f3 tras inaugurar la 12.\u00aa Semana Econ\u00f3mica y Financiera 2026.<\/p>\n<div id=\"div-gpt-ad-1519409790919-2\" class=\"gpt-ad-slot d-flex align-items-center justify-content-center my-2\" aria-label=\"div-gpt-ad-1519409790919-2\" data-google-query-id=\"CKHrgaalqJMDFQ_llAkd5bUA0A\">\n<div id=\"google_ads_iframe_\/1018679\/ElDia_Articulo\/ElDia_Articulo_300x250_3_0__container__\"><\/div>\n<\/div>\n<div class=\"puede-leer-module\">\n<div class=\"puede-leer-image\"><img decoding=\"async\" src=\"https:\/\/eldia.com.do\/wp-content\/uploads\/2026\/03\/Hector-Valdez-Albizu.jpg\" alt=\"H\u00e9ctor Valdez Albizu dice eval\u00faan situaci\u00f3n internacional antes de adoptar medidas\" \/><\/div>\n<div class=\"puede-leer-content\">\n<h3 class=\"puede-leer-title\">H\u00e9ctor Valdez Albizu dice eval\u00faan situaci\u00f3n internacional antes de adoptar medidas<\/h3>\n<\/div>\n<\/div>\n<h3 class=\"wp-block-heading\">Reajuste presupuesto<\/h3>\n<p>En ese escenario, el ministro de Hacienda y Econom\u00eda, Mag\u00edn D\u00edaz, expres\u00f3 que el Gobierno tomar\u00e1 las medidas econ\u00f3micas necesarias para evitar que las familias vulnerables sean afectadas por la crisis generada por la guerra en Ir\u00e1n y el cierre del estrecho de Ormuz.<\/p>\n<p>Detall\u00f3 que el presupuesto inicial preve\u00eda unos 12 mil millones de pesos para el subsidio a los combustibles. Dijo que, en caso de requerir m\u00e1s recursos para subsidios, ya est\u00e1n identificadas las partidas presupuestarias para reasignarlos.<\/p>\n<p>El funcionario se\u00f1al\u00f3 que esta situaci\u00f3n ha generado una gran incertidumbre a nivel internacional y ha impactado los precios del petr\u00f3leo, que se acercan a los 100 d\u00f3lares por barril.<\/p>\n<p>Cit\u00f3 que un informe de la Agencia Internacional de Energ\u00eda se\u00f1ala que se trata de la disrupci\u00f3n m\u00e1s grande en la historia del mercado del petr\u00f3leo, es decir, una crisis grande cuyo tiempo de duraci\u00f3n a\u00fan no se sabe.<\/p>\n<p>Asegur\u00f3 que desde el Gobierno se est\u00e1 preparado.<br \/>\n\u201cYa lo hemos anunciado: el Gobierno tiene suficiente liquidez, tiene solvencia, tenemos financiamiento asegurado del a\u00f1o, que lo hicimos en el primer trimestre. O sea, tenemos dinero para hacer frente a esta situaci\u00f3n. Tenemos d\u00f3lares, casi 3 mil millones de d\u00f3lares depositados en el Banco Central, para hacer frente a los compromisos en d\u00f3lares. Entonces estamos monitoreando la situaci\u00f3n d\u00eda a d\u00eda\u201d, dijo.<\/p>\n<p>Expres\u00f3 que, de extenderse la situaci\u00f3n, habr\u00e1 que hacer reajustes en el presupuesto. Dijo que ya est\u00e1n verificando partidas presupuestarias adicionales en caso de que haya que aumentar los subsidios.<\/p>\n<p>Detall\u00f3 que el presupuesto inicial preve\u00eda unos 12 mil millones de pesos para el subsidio a los combustibles. \u201cYa est\u00e1n identificadas partidas presupuestarias para reasignar recursos en caso de que sea necesario\u201d.<\/p>\n<p>Al ser preguntado sobre nuevos ajustes al alza a los combustibles, dijo que la prioridad es proteger a la poblaci\u00f3n vulnerable. Indic\u00f3 que esta semana el alza fue de apenas 1.7 % del precio fiscal.<\/p>\n<p>\u201cEn vista de que hay un subsidio generalizado, el 50 por ciento de eso lo paga el 20 por ciento m\u00e1s rico de la poblaci\u00f3n; entonces eso no afectar\u00e1 a los grupos m\u00e1s pobres, y por eso se dej\u00f3 fijo el precio del Gas licuado de petr\u00f3leo, que es el que m\u00e1s se consume en ese grupo\u201d.<\/p>\n<p>BCRD inaugura la 12.\u00aa Semana Econ\u00f3mica y Financiera 2026 con la participaci\u00f3n de 58 instituciones p\u00fablicas y privadas. En el evento, Valdez Albizu puso en circulaci\u00f3n la obra Rojilandia, un cuento dirigido a los ni\u00f1os.<\/p>\n<p><strong>Petr\u00f3leo WTI, referente de RD, empieza a ceder<\/strong><br \/>\nPrecio. Despu\u00e9s de 17 d\u00edas desde que Estados Unidos e Israel bombardearon Ir\u00e1n y el conflicto escal\u00f3 a los pa\u00edses de la regi\u00f3n, el petr\u00f3leo intermedio de Texas bajaba este lunes un 4.39 %, hasta 94.38 d\u00f3lares el barril, pese a la incertidumbre sobre el estrecho de Ormuz.<\/p>\n<p>El WTI hab\u00eda cerrado el viernes en 98.71 d\u00f3lares tras una semana de oscilaciones en la que el precio del crudo mantuvo su tendencia alcista, especialmente despu\u00e9s de que el nuevo l\u00edder supremo iran\u00ed, Mojtaba Jamene\u00ed, ordenara mantener cerrado el estrecho de Ormuz.<\/p>\n<p>Estados Unidos permiti\u00f3 a pa\u00edses adquirir crudo ruso sancionado que ya se encontraba en alta desde inicios de marzo.<\/p>\n","protected":false},"excerpt":{"rendered":"<p>&nbsp; El gobernador del Banco Central de la Rep\u00fablica Dominicana, H\u00e9ctor Valdez Albizu, expres\u00f3 que analizan la situaci\u00f3n y el &#8230;<\/p>\n","protected":false},"author":2,"featured_media":213290,"comment_status":"closed","ping_status":"closed","sticky":false,"template":"","format":"standard","meta":{"footnotes":""},"categories":[26],"tags":[],"class_list":["post-213289","post","type-post","status-publish","format-standard","has-post-thumbnail","hentry","category-economia"],"yoast_head":"<!-- This site is optimized with the Yoast SEO plugin v24.8.1 - https:\/\/yoast.com\/wordpress\/plugins\/seo\/ -->\n<title>Autoridades identifican fondos para contener crisis petr\u00f3leo - PotenciaRadiofonicaDominicana.com<\/title>\n<meta name=\"robots\" content=\"index, follow, max-snippet:-1, max-image-preview:large, max-video-preview:-1\" \/>\n<link rel=\"canonical\" href=\"https:\/\/potenciaradiofonicadominicana.com\/portal\/autoridades-identifican-fondos-para-contener-crisis-petroleo\/\" \/>\n<meta property=\"og:locale\" content=\"es_ES\" \/>\n<meta property=\"og:type\" content=\"article\" \/>\n<meta property=\"og:title\" content=\"Autoridades identifican fondos para contener crisis petr\u00f3leo - PotenciaRadiofonicaDominicana.com\" \/>\n<meta property=\"og:description\" content=\"&nbsp; El gobernador del Banco Central de la Rep\u00fablica Dominicana, H\u00e9ctor Valdez Albizu, expres\u00f3 que analizan la situaci\u00f3n y el ...\" \/>\n<meta property=\"og:url\" content=\"https:\/\/potenciaradiofonicadominicana.com\/portal\/autoridades-identifican-fondos-para-contener-crisis-petroleo\/\" \/>\n<meta property=\"og:site_name\" content=\"PotenciaRadiofonicaDominicana.com\" \/>\n<meta property=\"article:publisher\" content=\"https:\/\/web.facebook.com\/PotenciaRadiofonicaD\" \/>\n<meta property=\"article:published_time\" content=\"2026-03-18T01:27:52+00:00\" \/>\n<meta property=\"og:image\" content=\"https:\/\/potenciaradiofonicadominicana.com\/portal\/wp-content\/uploads\/2026\/03\/12_econo_17_1p01-900x633-1.jpg\" \/>\n\t<meta property=\"og:image:width\" content=\"900\" \/>\n\t<meta property=\"og:image:height\" content=\"633\" \/>\n\t<meta property=\"og:image:type\" content=\"image\/jpeg\" \/>\n<meta name=\"author\" content=\"Potencia Radiof\u00f3nica Dominicana\" \/>\n<meta name=\"twitter:card\" content=\"summary_large_image\" \/>\n<meta name=\"twitter:label1\" content=\"Escrito por\" \/>\n\t<meta name=\"twitter:data1\" content=\"Potencia Radiof\u00f3nica Dominicana\" \/>\n\t<meta name=\"twitter:label2\" content=\"Tiempo de lectura\" \/>\n\t<meta name=\"twitter:data2\" content=\"4 minutos\" \/>\n<script type=\"application\/ld+json\" class=\"yoast-schema-graph\">{\"@context\":\"https:\/\/schema.org\",\"@graph\":[{\"@type\":\"Article\",\"@id\":\"https:\/\/potenciaradiofonicadominicana.com\/portal\/autoridades-identifican-fondos-para-contener-crisis-petroleo\/#article\",\"isPartOf\":{\"@id\":\"https:\/\/potenciaradiofonicadominicana.com\/portal\/autoridades-identifican-fondos-para-contener-crisis-petroleo\/\"},\"author\":{\"name\":\"Potencia Radiof\u00f3nica Dominicana\",\"@id\":\"https:\/\/potenciaradiofonicadominicana.com\/portal\/#\/schema\/person\/a5cf1fea13877803ee0573ac18b03490\"},\"headline\":\"Autoridades identifican fondos para contener crisis petr\u00f3leo\",\"datePublished\":\"2026-03-18T01:27:52+00:00\",\"mainEntityOfPage\":{\"@id\":\"https:\/\/potenciaradiofonicadominicana.com\/portal\/autoridades-identifican-fondos-para-contener-crisis-petroleo\/\"},\"wordCount\":735,\"publisher\":{\"@id\":\"https:\/\/potenciaradiofonicadominicana.com\/portal\/#organization\"},\"image\":{\"@id\":\"https:\/\/potenciaradiofonicadominicana.com\/portal\/autoridades-identifican-fondos-para-contener-crisis-petroleo\/#primaryimage\"},\"thumbnailUrl\":\"https:\/\/potenciaradiofonicadominicana.com\/portal\/wp-content\/uploads\/2026\/03\/12_econo_17_1p01-900x633-1.jpg\",\"articleSection\":[\"Econom\u00eda\"],\"inLanguage\":\"es\"},{\"@type\":\"WebPage\",\"@id\":\"https:\/\/potenciaradiofonicadominicana.com\/portal\/autoridades-identifican-fondos-para-contener-crisis-petroleo\/\",\"url\":\"https:\/\/potenciaradiofonicadominicana.com\/portal\/autoridades-identifican-fondos-para-contener-crisis-petroleo\/\",\"name\":\"Autoridades identifican fondos para contener crisis petr\u00f3leo - PotenciaRadiofonicaDominicana.com\",\"isPartOf\":{\"@id\":\"https:\/\/potenciaradiofonicadominicana.com\/portal\/#website\"},\"primaryImageOfPage\":{\"@id\":\"https:\/\/potenciaradiofonicadominicana.com\/portal\/autoridades-identifican-fondos-para-contener-crisis-petroleo\/#primaryimage\"},\"image\":{\"@id\":\"https:\/\/potenciaradiofonicadominicana.com\/portal\/autoridades-identifican-fondos-para-contener-crisis-petroleo\/#primaryimage\"},\"thumbnailUrl\":\"https:\/\/potenciaradiofonicadominicana.com\/portal\/wp-content\/uploads\/2026\/03\/12_econo_17_1p01-900x633-1.jpg\",\"datePublished\":\"2026-03-18T01:27:52+00:00\",\"breadcrumb\":{\"@id\":\"https:\/\/potenciaradiofonicadominicana.com\/portal\/autoridades-identifican-fondos-para-contener-crisis-petroleo\/#breadcrumb\"},\"inLanguage\":\"es\",\"potentialAction\":[{\"@type\":\"ReadAction\",\"target\":[\"https:\/\/potenciaradiofonicadominicana.com\/portal\/autoridades-identifican-fondos-para-contener-crisis-petroleo\/\"]}]},{\"@type\":\"ImageObject\",\"inLanguage\":\"es\",\"@id\":\"https:\/\/potenciaradiofonicadominicana.com\/portal\/autoridades-identifican-fondos-para-contener-crisis-petroleo\/#primaryimage\",\"url\":\"https:\/\/potenciaradiofonicadominicana.com\/portal\/wp-content\/uploads\/2026\/03\/12_econo_17_1p01-900x633-1.jpg\",\"contentUrl\":\"https:\/\/potenciaradiofonicadominicana.com\/portal\/wp-content\/uploads\/2026\/03\/12_econo_17_1p01-900x633-1.jpg\",\"width\":900,\"height\":633},{\"@type\":\"BreadcrumbList\",\"@id\":\"https:\/\/potenciaradiofonicadominicana.com\/portal\/autoridades-identifican-fondos-para-contener-crisis-petroleo\/#breadcrumb\",\"itemListElement\":[{\"@type\":\"ListItem\",\"position\":1,\"name\":\"Portada\",\"item\":\"https:\/\/potenciaradiofonicadominicana.com\/portal\/\"},{\"@type\":\"ListItem\",\"position\":2,\"name\":\"Autoridades identifican fondos para contener crisis petr\u00f3leo\"}]},{\"@type\":\"WebSite\",\"@id\":\"https:\/\/potenciaradiofonicadominicana.com\/portal\/#website\",\"url\":\"https:\/\/potenciaradiofonicadominicana.com\/portal\/\",\"name\":\"PotenciaRadiofonicaDominicana.com\",\"description\":\"Peri\u00f3dico Digital\",\"publisher\":{\"@id\":\"https:\/\/potenciaradiofonicadominicana.com\/portal\/#organization\"},\"potentialAction\":[{\"@type\":\"SearchAction\",\"target\":{\"@type\":\"EntryPoint\",\"urlTemplate\":\"https:\/\/potenciaradiofonicadominicana.com\/portal\/?s={search_term_string}\"},\"query-input\":{\"@type\":\"PropertyValueSpecification\",\"valueRequired\":true,\"valueName\":\"search_term_string\"}}],\"inLanguage\":\"es\"},{\"@type\":\"Organization\",\"@id\":\"https:\/\/potenciaradiofonicadominicana.com\/portal\/#organization\",\"name\":\"PotenciaRadiofonicaDominicana.com\",\"url\":\"https:\/\/potenciaradiofonicadominicana.com\/portal\/\",\"logo\":{\"@type\":\"ImageObject\",\"inLanguage\":\"es\",\"@id\":\"https:\/\/potenciaradiofonicadominicana.com\/portal\/#\/schema\/logo\/image\/\",\"url\":\"https:\/\/potenciaradiofonicadominicana.com\/portal\/wp-content\/uploads\/2022\/01\/descarga.png\",\"contentUrl\":\"https:\/\/potenciaradiofonicadominicana.com\/portal\/wp-content\/uploads\/2022\/01\/descarga.png\",\"width\":300,\"height\":100,\"caption\":\"PotenciaRadiofonicaDominicana.com\"},\"image\":{\"@id\":\"https:\/\/potenciaradiofonicadominicana.com\/portal\/#\/schema\/logo\/image\/\"},\"sameAs\":[\"https:\/\/web.facebook.com\/PotenciaRadiofonicaD\"]},{\"@type\":\"Person\",\"@id\":\"https:\/\/potenciaradiofonicadominicana.com\/portal\/#\/schema\/person\/a5cf1fea13877803ee0573ac18b03490\",\"name\":\"Potencia Radiof\u00f3nica Dominicana\",\"image\":{\"@type\":\"ImageObject\",\"inLanguage\":\"es\",\"@id\":\"https:\/\/potenciaradiofonicadominicana.com\/portal\/#\/schema\/person\/image\/\",\"url\":\"https:\/\/secure.gravatar.com\/avatar\/42a55ab9e8ccc656ba34cd791990602a?s=96&d=mm&r=g\",\"contentUrl\":\"https:\/\/secure.gravatar.com\/avatar\/42a55ab9e8ccc656ba34cd791990602a?s=96&d=mm&r=g\",\"caption\":\"Potencia Radiof\u00f3nica Dominicana\"},\"url\":\"https:\/\/potenciaradiofonicadominicana.com\/portal\/author\/johannyalmanzar\/\"}]}<\/script>\n<!-- \/ Yoast SEO plugin. -->","yoast_head_json":{"title":"Autoridades identifican fondos para contener crisis petr\u00f3leo - PotenciaRadiofonicaDominicana.com","robots":{"index":"index","follow":"follow","max-snippet":"max-snippet:-1","max-image-preview":"max-image-preview:large","max-video-preview":"max-video-preview:-1"},"canonical":"https:\/\/potenciaradiofonicadominicana.com\/portal\/autoridades-identifican-fondos-para-contener-crisis-petroleo\/","og_locale":"es_ES","og_type":"article","og_title":"Autoridades identifican fondos para contener crisis petr\u00f3leo - PotenciaRadiofonicaDominicana.com","og_description":"&nbsp; El gobernador del Banco Central de la Rep\u00fablica Dominicana, H\u00e9ctor Valdez Albizu, expres\u00f3 que analizan la situaci\u00f3n y el ...","og_url":"https:\/\/potenciaradiofonicadominicana.com\/portal\/autoridades-identifican-fondos-para-contener-crisis-petroleo\/","og_site_name":"PotenciaRadiofonicaDominicana.com","article_publisher":"https:\/\/web.facebook.com\/PotenciaRadiofonicaD","article_published_time":"2026-03-18T01:27:52+00:00","og_image":[{"width":900,"height":633,"url":"https:\/\/potenciaradiofonicadominicana.com\/portal\/wp-content\/uploads\/2026\/03\/12_econo_17_1p01-900x633-1.jpg","type":"image\/jpeg"}],"author":"Potencia Radiof\u00f3nica Dominicana","twitter_card":"summary_large_image","twitter_misc":{"Escrito por":"Potencia Radiof\u00f3nica Dominicana","Tiempo de lectura":"4 minutos"},"schema":{"@context":"https:\/\/schema.org","@graph":[{"@type":"Article","@id":"https:\/\/potenciaradiofonicadominicana.com\/portal\/autoridades-identifican-fondos-para-contener-crisis-petroleo\/#article","isPartOf":{"@id":"https:\/\/potenciaradiofonicadominicana.com\/portal\/autoridades-identifican-fondos-para-contener-crisis-petroleo\/"},"author":{"name":"Potencia Radiof\u00f3nica Dominicana","@id":"https:\/\/potenciaradiofonicadominicana.com\/portal\/#\/schema\/person\/a5cf1fea13877803ee0573ac18b03490"},"headline":"Autoridades identifican fondos para contener crisis petr\u00f3leo","datePublished":"2026-03-18T01:27:52+00:00","mainEntityOfPage":{"@id":"https:\/\/potenciaradiofonicadominicana.com\/portal\/autoridades-identifican-fondos-para-contener-crisis-petroleo\/"},"wordCount":735,"publisher":{"@id":"https:\/\/potenciaradiofonicadominicana.com\/portal\/#organization"},"image":{"@id":"https:\/\/potenciaradiofonicadominicana.com\/portal\/autoridades-identifican-fondos-para-contener-crisis-petroleo\/#primaryimage"},"thumbnailUrl":"https:\/\/potenciaradiofonicadominicana.com\/portal\/wp-content\/uploads\/2026\/03\/12_econo_17_1p01-900x633-1.jpg","articleSection":["Econom\u00eda"],"inLanguage":"es"},{"@type":"WebPage","@id":"https:\/\/potenciaradiofonicadominicana.com\/portal\/autoridades-identifican-fondos-para-contener-crisis-petroleo\/","url":"https:\/\/potenciaradiofonicadominicana.com\/portal\/autoridades-identifican-fondos-para-contener-crisis-petroleo\/","name":"Autoridades identifican fondos para contener crisis petr\u00f3leo - PotenciaRadiofonicaDominicana.com","isPartOf":{"@id":"https:\/\/potenciaradiofonicadominicana.com\/portal\/#website"},"primaryImageOfPage":{"@id":"https:\/\/potenciaradiofonicadominicana.com\/portal\/autoridades-identifican-fondos-para-contener-crisis-petroleo\/#primaryimage"},"image":{"@id":"https:\/\/potenciaradiofonicadominicana.com\/portal\/autoridades-identifican-fondos-para-contener-crisis-petroleo\/#primaryimage"},"thumbnailUrl":"https:\/\/potenciaradiofonicadominicana.com\/portal\/wp-content\/uploads\/2026\/03\/12_econo_17_1p01-900x633-1.jpg","datePublished":"2026-03-18T01:27:52+00:00","breadcrumb":{"@id":"https:\/\/potenciaradiofonicadominicana.com\/portal\/autoridades-identifican-fondos-para-contener-crisis-petroleo\/#breadcrumb"},"inLanguage":"es","potentialAction":[{"@type":"ReadAction","target":["https:\/\/potenciaradiofonicadominicana.com\/portal\/autoridades-identifican-fondos-para-contener-crisis-petroleo\/"]}]},{"@type":"ImageObject","inLanguage":"es","@id":"https:\/\/potenciaradiofonicadominicana.com\/portal\/autoridades-identifican-fondos-para-contener-crisis-petroleo\/#primaryimage","url":"https:\/\/potenciaradiofonicadominicana.com\/portal\/wp-content\/uploads\/2026\/03\/12_econo_17_1p01-900x633-1.jpg","contentUrl":"https:\/\/potenciaradiofonicadominicana.com\/portal\/wp-content\/uploads\/2026\/03\/12_econo_17_1p01-900x633-1.jpg","width":900,"height":633},{"@type":"BreadcrumbList","@id":"https:\/\/potenciaradiofonicadominicana.com\/portal\/autoridades-identifican-fondos-para-contener-crisis-petroleo\/#breadcrumb","itemListElement":[{"@type":"ListItem","position":1,"name":"Portada","item":"https:\/\/potenciaradiofonicadominicana.com\/portal\/"},{"@type":"ListItem","position":2,"name":"Autoridades identifican fondos para contener crisis petr\u00f3leo"}]},{"@type":"WebSite","@id":"https:\/\/potenciaradiofonicadominicana.com\/portal\/#website","url":"https:\/\/potenciaradiofonicadominicana.com\/portal\/","name":"PotenciaRadiofonicaDominicana.com","description":"Peri\u00f3dico Digital","publisher":{"@id":"https:\/\/potenciaradiofonicadominicana.com\/portal\/#organization"},"potentialAction":[{"@type":"SearchAction","target":{"@type":"EntryPoint","urlTemplate":"https:\/\/potenciaradiofonicadominicana.com\/portal\/?s={search_term_string}"},"query-input":{"@type":"PropertyValueSpecification","valueRequired":true,"valueName":"search_term_string"}}],"inLanguage":"es"},{"@type":"Organization","@id":"https:\/\/potenciaradiofonicadominicana.com\/portal\/#organization","name":"PotenciaRadiofonicaDominicana.com","url":"https:\/\/potenciaradiofonicadominicana.com\/portal\/","logo":{"@type":"ImageObject","inLanguage":"es","@id":"https:\/\/potenciaradiofonicadominicana.com\/portal\/#\/schema\/logo\/image\/","url":"https:\/\/potenciaradiofonicadominicana.com\/portal\/wp-content\/uploads\/2022\/01\/descarga.png","contentUrl":"https:\/\/potenciaradiofonicadominicana.com\/portal\/wp-content\/uploads\/2022\/01\/descarga.png","width":300,"height":100,"caption":"PotenciaRadiofonicaDominicana.com"},"image":{"@id":"https:\/\/potenciaradiofonicadominicana.com\/portal\/#\/schema\/logo\/image\/"},"sameAs":["https:\/\/web.facebook.com\/PotenciaRadiofonicaD"]},{"@type":"Person","@id":"https:\/\/potenciaradiofonicadominicana.com\/portal\/#\/schema\/person\/a5cf1fea13877803ee0573ac18b03490","name":"Potencia Radiof\u00f3nica Dominicana","image":{"@type":"ImageObject","inLanguage":"es","@id":"https:\/\/potenciaradiofonicadominicana.com\/portal\/#\/schema\/person\/image\/","url":"https:\/\/secure.gravatar.com\/avatar\/42a55ab9e8ccc656ba34cd791990602a?s=96&d=mm&r=g","contentUrl":"https:\/\/secure.gravatar.com\/avatar\/42a55ab9e8ccc656ba34cd791990602a?s=96&d=mm&r=g","caption":"Potencia Radiof\u00f3nica Dominicana"},"url":"https:\/\/potenciaradiofonicadominicana.com\/portal\/author\/johannyalmanzar\/"}]}},"_links":{"self":[{"href":"https:\/\/potenciaradiofonicadominicana.com\/portal\/wp-json\/wp\/v2\/posts\/213289","targetHints":{"allow":["GET"]}}],"collection":[{"href":"https:\/\/potenciaradiofonicadominicana.com\/portal\/wp-json\/wp\/v2\/posts"}],"about":[{"href":"https:\/\/potenciaradiofonicadominicana.com\/portal\/wp-json\/wp\/v2\/types\/post"}],"author":[{"embeddable":true,"href":"https:\/\/potenciaradiofonicadominicana.com\/portal\/wp-json\/wp\/v2\/users\/2"}],"replies":[{"embeddable":true,"href":"https:\/\/potenciaradiofonicadominicana.com\/portal\/wp-json\/wp\/v2\/comments?post=213289"}],"version-history":[{"count":1,"href":"https:\/\/potenciaradiofonicadominicana.com\/portal\/wp-json\/wp\/v2\/posts\/213289\/revisions"}],"predecessor-version":[{"id":213291,"href":"https:\/\/potenciaradiofonicadominicana.com\/portal\/wp-json\/wp\/v2\/posts\/213289\/revisions\/213291"}],"wp:featuredmedia":[{"embeddable":true,"href":"https:\/\/potenciaradiofonicadominicana.com\/portal\/wp-json\/wp\/v2\/media\/213290"}],"wp:attachment":[{"href":"https:\/\/potenciaradiofonicadominicana.com\/portal\/wp-json\/wp\/v2\/media?parent=213289"}],"wp:term":[{"taxonomy":"category","embeddable":true,"href":"https:\/\/potenciaradiofonicadominicana.com\/portal\/wp-json\/wp\/v2\/categories?post=213289"},{"taxonomy":"post_tag","embeddable":true,"href":"https:\/\/potenciaradiofonicadominicana.com\/portal\/wp-json\/wp\/v2\/tags?post=213289"}],"curies":[{"name":"wp","href":"https:\/\/api.w.org\/{rel}","templated":true}]}}