{"id":213286,"date":"2026-03-17T21:25:20","date_gmt":"2026-03-18T01:25:20","guid":{"rendered":"https:\/\/potenciaradiofonicadominicana.com\/portal\/?p=213286"},"modified":"2026-03-17T21:25:20","modified_gmt":"2026-03-18T01:25:20","slug":"se-espera-que-la-reserva-federal-de-ee-uu-mantenga-sus-tasas-de-interes-sin-cambios-ante-la-guerra-con-iran","status":"publish","type":"post","link":"https:\/\/potenciaradiofonicadominicana.com\/portal\/se-espera-que-la-reserva-federal-de-ee-uu-mantenga-sus-tasas-de-interes-sin-cambios-ante-la-guerra-con-iran\/","title":{"rendered":"Se espera que la Reserva Federal de EE. UU. mantenga sus tasas de inter\u00e9s sin cambios ante la guerra con Ir\u00e1n"},"content":{"rendered":"<p><a href=\"https:\/\/potenciaradiofonicadominicana.com\/portal\/wp-content\/uploads\/2026\/03\/rss-efe3c08d5ab0011ee0fbd675b56da8187e7849797c8w.jpg\"><img loading=\"lazy\" decoding=\"async\" class=\"size-full wp-image-213287\" src=\"https:\/\/potenciaradiofonicadominicana.com\/portal\/wp-content\/uploads\/2026\/03\/rss-efe3c08d5ab0011ee0fbd675b56da8187e7849797c8w.jpg\" alt=\"\" width=\"1920\" height=\"1281\" srcset=\"https:\/\/potenciaradiofonicadominicana.com\/portal\/wp-content\/uploads\/2026\/03\/rss-efe3c08d5ab0011ee0fbd675b56da8187e7849797c8w.jpg 1920w, https:\/\/potenciaradiofonicadominicana.com\/portal\/wp-content\/uploads\/2026\/03\/rss-efe3c08d5ab0011ee0fbd675b56da8187e7849797c8w-300x200.jpg 300w, https:\/\/potenciaradiofonicadominicana.com\/portal\/wp-content\/uploads\/2026\/03\/rss-efe3c08d5ab0011ee0fbd675b56da8187e7849797c8w-1024x683.jpg 1024w, https:\/\/potenciaradiofonicadominicana.com\/portal\/wp-content\/uploads\/2026\/03\/rss-efe3c08d5ab0011ee0fbd675b56da8187e7849797c8w-768x512.jpg 768w, https:\/\/potenciaradiofonicadominicana.com\/portal\/wp-content\/uploads\/2026\/03\/rss-efe3c08d5ab0011ee0fbd675b56da8187e7849797c8w-1536x1025.jpg 1536w\" sizes=\"auto, (max-width: 1920px) 100vw, 1920px\" \/><\/a><\/p>\n<p>WASHINGTON, AFP.-La Reserva Federal de Estados Unidos inaugur\u00f3 el martes su reuni\u00f3n de dos d\u00edas, y se espera que los responsables de la pol\u00edtica monetaria mantengan los tipos de inter\u00e9s sin cambios mientras analizan los d\u00e9biles datos econ\u00f3micos y eval\u00faan los efectos econ\u00f3micos de la guerra con Ir\u00e1n.<\/p>\n<p>El Comit\u00e9 Federal de Mercado Abierto (FOMC) del banco central, encargado de fijar los tipos de inter\u00e9s, inici\u00f3 su reuni\u00f3n a las 10:30 de la ma\u00f1ana, hora del este, seg\u00fan inform\u00f3 un portavoz del banco central.<\/p>\n<p>La reuni\u00f3n se produce en un momento en que la Reserva Federal lucha contra una inflaci\u00f3n persistentemente alta y una demanda d\u00e9bil en el mercado laboral estadounidense, con sus dos mandatos potencialmente contradictorios.<\/p>\n<p>Se prev\u00e9 que la guerra de Estados Unidos e Israel contra Ir\u00e1n, iniciada el 28 de febrero, tenga tambi\u00e9n importantes repercusiones econ\u00f3micas, con un\u00a0<strong>aumento vertiginoso de los precios del petr\u00f3leo<\/strong> y la interrupci\u00f3n de las cadenas de suministro.<\/p>\n<p>Se prev\u00e9 que el aumento de los precios del petr\u00f3leo tenga efectos inflacionarios globales en cadena, incluso en Estados Unidos, donde las subidas de precios se han mantenido por encima del objetivo a largo plazo del dos por ciento de la Reserva Federal durante a\u00f1os.<\/p>\n<p>Seg\u00fan el indicador del club automovil\u00edstico AAA, el precio medio de la gasolina en Estados Unidos ha aumentado alrededor de un 27 por ciento desde el comienzo de la guerra.<\/p>\n<p>Los analistas tambi\u00e9n han advertido que el conflicto provocar\u00e1 interrupciones en las cadenas de suministro y escasez de petr\u00f3leo, lo que frenar\u00e1 el crecimiento econ\u00f3mico.<\/p>\n<p>Los bancos centrales tienden a ignorar los efectos inflacionarios de las fluctuaciones de precios a corto plazo, pero no est\u00e1 claro cu\u00e1nto tiempo se prolongar\u00e1 la guerra en Ir\u00e1n.<\/p>\n<p>Los hogares estadounidenses se han visto gravemente afectados por a\u00f1os de inflaci\u00f3n superior a la prevista tras la pandemia de Covid.<\/p>\n<p>En enero, el indicador de inflaci\u00f3n preferido de la Reserva Federal se situ\u00f3 en el 2,8 por ciento, mientras que la inflaci\u00f3n subyacente aument\u00f3 un 3,1 por ciento, su nivel m\u00e1s alto desde marzo de 2024.<\/p>\n<p>El mercado laboral estadounidense tambi\u00e9n ha mostrado debilidad en los \u00faltimos meses, con un ligero aumento del desempleo en febrero debido a la d\u00e9bil demanda de mano de obra.<\/p>\n<p>La semana pasada llegaron m\u00e1s malas noticias, con nuevos datos que mostraban que la econom\u00eda estadounidense creci\u00f3 a un ritmo significativamente m\u00e1s lento de lo estimado inicialmente para los \u00faltimos meses de 2025.<\/p>\n<p>Los nuevos datos y las perspectivas sobre los efectos de la guerra con Ir\u00e1n han provocado que los operadores modifiquen sus expectativas respecto a la Reserva Federal.<\/p>\n<p>Antes de la guerra, se esperaba una bajada de tipos de inter\u00e9s ya en verano, y otra posible m\u00e1s adelante ese mismo a\u00f1o.<\/p>\n<p>El martes, la herramienta FedWatch de CME mostr\u00f3 expectativas de un solo recorte de tasas para finales de a\u00f1o, que probablemente se producir\u00e1 despu\u00e9s de septiembre.<\/p>\n<p>La Reserva Federal recort\u00f3 las tasas de inter\u00e9s en tres reuniones consecutivas a finales del a\u00f1o pasado, pero estas se mantienen por encima de los niveles exigidos por el presidente estadounidense Donald Trump.<\/p>\n<p>Trump ha insultado y criticado repetidamente al presidente de la Reserva Federal, Jerome Powell, e intent\u00f3 destituir a otro gobernador de la Reserva Federal.<\/p>\n<p>La semana pasada, una investigaci\u00f3n del Departamento de Justicia sobre Powell por los sobrecostos relacionados con las renovaciones de edificios de la Reserva Federal se top\u00f3 con un obst\u00e1culo cuando un juez federal anul\u00f3 las citaciones judiciales en el caso.<\/p>\n<p>El mandato de Powell como presidente de la Reserva Federal finaliza en mayo, por lo que esta ser\u00e1 su pen\u00faltima reuni\u00f3n.<\/p>\n<p>Trump ha propuesto a Kevin Warsh para sustituir, pero a\u00fan no ha sido confirmado por el Senado.<\/p>\n","protected":false},"excerpt":{"rendered":"<p>WASHINGTON, AFP.-La Reserva Federal de Estados Unidos inaugur\u00f3 el martes su reuni\u00f3n de dos d\u00edas, y se espera que los &#8230;<\/p>\n","protected":false},"author":2,"featured_media":213287,"comment_status":"closed","ping_status":"closed","sticky":false,"template":"","format":"standard","meta":{"footnotes":""},"categories":[26],"tags":[],"class_list":["post-213286","post","type-post","status-publish","format-standard","has-post-thumbnail","hentry","category-economia"],"yoast_head":"<!-- This site is optimized with the Yoast SEO plugin v24.8.1 - https:\/\/yoast.com\/wordpress\/plugins\/seo\/ -->\n<title>Se espera que la Reserva Federal de EE. UU. mantenga sus tasas de inter\u00e9s sin cambios ante la guerra con Ir\u00e1n - PotenciaRadiofonicaDominicana.com<\/title>\n<meta name=\"robots\" content=\"index, follow, max-snippet:-1, max-image-preview:large, max-video-preview:-1\" \/>\n<link rel=\"canonical\" href=\"https:\/\/potenciaradiofonicadominicana.com\/portal\/se-espera-que-la-reserva-federal-de-ee-uu-mantenga-sus-tasas-de-interes-sin-cambios-ante-la-guerra-con-iran\/\" \/>\n<meta property=\"og:locale\" content=\"es_ES\" \/>\n<meta property=\"og:type\" content=\"article\" \/>\n<meta property=\"og:title\" content=\"Se espera que la Reserva Federal de EE. UU. mantenga sus tasas de inter\u00e9s sin cambios ante la guerra con Ir\u00e1n - PotenciaRadiofonicaDominicana.com\" \/>\n<meta property=\"og:description\" content=\"WASHINGTON, AFP.-La Reserva Federal de Estados Unidos inaugur\u00f3 el martes su reuni\u00f3n de dos d\u00edas, y se espera que los ...\" \/>\n<meta property=\"og:url\" content=\"https:\/\/potenciaradiofonicadominicana.com\/portal\/se-espera-que-la-reserva-federal-de-ee-uu-mantenga-sus-tasas-de-interes-sin-cambios-ante-la-guerra-con-iran\/\" \/>\n<meta property=\"og:site_name\" content=\"PotenciaRadiofonicaDominicana.com\" \/>\n<meta property=\"article:publisher\" content=\"https:\/\/web.facebook.com\/PotenciaRadiofonicaD\" \/>\n<meta property=\"article:published_time\" content=\"2026-03-18T01:25:20+00:00\" \/>\n<meta property=\"og:image\" content=\"https:\/\/potenciaradiofonicadominicana.com\/portal\/wp-content\/uploads\/2026\/03\/rss-efe3c08d5ab0011ee0fbd675b56da8187e7849797c8w.jpg\" \/>\n\t<meta property=\"og:image:width\" content=\"1920\" \/>\n\t<meta property=\"og:image:height\" content=\"1281\" \/>\n\t<meta property=\"og:image:type\" content=\"image\/jpeg\" \/>\n<meta name=\"author\" content=\"Potencia Radiof\u00f3nica Dominicana\" \/>\n<meta name=\"twitter:card\" content=\"summary_large_image\" \/>\n<meta name=\"twitter:label1\" content=\"Escrito por\" \/>\n\t<meta name=\"twitter:data1\" content=\"Potencia Radiof\u00f3nica Dominicana\" \/>\n\t<meta name=\"twitter:label2\" content=\"Tiempo de lectura\" \/>\n\t<meta name=\"twitter:data2\" content=\"4 minutos\" \/>\n<script type=\"application\/ld+json\" class=\"yoast-schema-graph\">{\"@context\":\"https:\/\/schema.org\",\"@graph\":[{\"@type\":\"Article\",\"@id\":\"https:\/\/potenciaradiofonicadominicana.com\/portal\/se-espera-que-la-reserva-federal-de-ee-uu-mantenga-sus-tasas-de-interes-sin-cambios-ante-la-guerra-con-iran\/#article\",\"isPartOf\":{\"@id\":\"https:\/\/potenciaradiofonicadominicana.com\/portal\/se-espera-que-la-reserva-federal-de-ee-uu-mantenga-sus-tasas-de-interes-sin-cambios-ante-la-guerra-con-iran\/\"},\"author\":{\"name\":\"Potencia Radiof\u00f3nica Dominicana\",\"@id\":\"https:\/\/potenciaradiofonicadominicana.com\/portal\/#\/schema\/person\/a5cf1fea13877803ee0573ac18b03490\"},\"headline\":\"Se espera que la Reserva Federal de EE. UU. mantenga sus tasas de inter\u00e9s sin cambios ante la guerra con Ir\u00e1n\",\"datePublished\":\"2026-03-18T01:25:20+00:00\",\"mainEntityOfPage\":{\"@id\":\"https:\/\/potenciaradiofonicadominicana.com\/portal\/se-espera-que-la-reserva-federal-de-ee-uu-mantenga-sus-tasas-de-interes-sin-cambios-ante-la-guerra-con-iran\/\"},\"wordCount\":685,\"publisher\":{\"@id\":\"https:\/\/potenciaradiofonicadominicana.com\/portal\/#organization\"},\"image\":{\"@id\":\"https:\/\/potenciaradiofonicadominicana.com\/portal\/se-espera-que-la-reserva-federal-de-ee-uu-mantenga-sus-tasas-de-interes-sin-cambios-ante-la-guerra-con-iran\/#primaryimage\"},\"thumbnailUrl\":\"https:\/\/potenciaradiofonicadominicana.com\/portal\/wp-content\/uploads\/2026\/03\/rss-efe3c08d5ab0011ee0fbd675b56da8187e7849797c8w.jpg\",\"articleSection\":[\"Econom\u00eda\"],\"inLanguage\":\"es\"},{\"@type\":\"WebPage\",\"@id\":\"https:\/\/potenciaradiofonicadominicana.com\/portal\/se-espera-que-la-reserva-federal-de-ee-uu-mantenga-sus-tasas-de-interes-sin-cambios-ante-la-guerra-con-iran\/\",\"url\":\"https:\/\/potenciaradiofonicadominicana.com\/portal\/se-espera-que-la-reserva-federal-de-ee-uu-mantenga-sus-tasas-de-interes-sin-cambios-ante-la-guerra-con-iran\/\",\"name\":\"Se espera que la Reserva Federal de EE. UU. mantenga sus tasas de inter\u00e9s sin cambios ante la guerra con Ir\u00e1n - PotenciaRadiofonicaDominicana.com\",\"isPartOf\":{\"@id\":\"https:\/\/potenciaradiofonicadominicana.com\/portal\/#website\"},\"primaryImageOfPage\":{\"@id\":\"https:\/\/potenciaradiofonicadominicana.com\/portal\/se-espera-que-la-reserva-federal-de-ee-uu-mantenga-sus-tasas-de-interes-sin-cambios-ante-la-guerra-con-iran\/#primaryimage\"},\"image\":{\"@id\":\"https:\/\/potenciaradiofonicadominicana.com\/portal\/se-espera-que-la-reserva-federal-de-ee-uu-mantenga-sus-tasas-de-interes-sin-cambios-ante-la-guerra-con-iran\/#primaryimage\"},\"thumbnailUrl\":\"https:\/\/potenciaradiofonicadominicana.com\/portal\/wp-content\/uploads\/2026\/03\/rss-efe3c08d5ab0011ee0fbd675b56da8187e7849797c8w.jpg\",\"datePublished\":\"2026-03-18T01:25:20+00:00\",\"breadcrumb\":{\"@id\":\"https:\/\/potenciaradiofonicadominicana.com\/portal\/se-espera-que-la-reserva-federal-de-ee-uu-mantenga-sus-tasas-de-interes-sin-cambios-ante-la-guerra-con-iran\/#breadcrumb\"},\"inLanguage\":\"es\",\"potentialAction\":[{\"@type\":\"ReadAction\",\"target\":[\"https:\/\/potenciaradiofonicadominicana.com\/portal\/se-espera-que-la-reserva-federal-de-ee-uu-mantenga-sus-tasas-de-interes-sin-cambios-ante-la-guerra-con-iran\/\"]}]},{\"@type\":\"ImageObject\",\"inLanguage\":\"es\",\"@id\":\"https:\/\/potenciaradiofonicadominicana.com\/portal\/se-espera-que-la-reserva-federal-de-ee-uu-mantenga-sus-tasas-de-interes-sin-cambios-ante-la-guerra-con-iran\/#primaryimage\",\"url\":\"https:\/\/potenciaradiofonicadominicana.com\/portal\/wp-content\/uploads\/2026\/03\/rss-efe3c08d5ab0011ee0fbd675b56da8187e7849797c8w.jpg\",\"contentUrl\":\"https:\/\/potenciaradiofonicadominicana.com\/portal\/wp-content\/uploads\/2026\/03\/rss-efe3c08d5ab0011ee0fbd675b56da8187e7849797c8w.jpg\",\"width\":1920,\"height\":1281,\"caption\":\"Imagen de archivo. EFE\/EPA\/WILL OLIVER\"},{\"@type\":\"BreadcrumbList\",\"@id\":\"https:\/\/potenciaradiofonicadominicana.com\/portal\/se-espera-que-la-reserva-federal-de-ee-uu-mantenga-sus-tasas-de-interes-sin-cambios-ante-la-guerra-con-iran\/#breadcrumb\",\"itemListElement\":[{\"@type\":\"ListItem\",\"position\":1,\"name\":\"Portada\",\"item\":\"https:\/\/potenciaradiofonicadominicana.com\/portal\/\"},{\"@type\":\"ListItem\",\"position\":2,\"name\":\"Se espera que la Reserva Federal de EE. UU. mantenga sus tasas de inter\u00e9s sin cambios ante la guerra con Ir\u00e1n\"}]},{\"@type\":\"WebSite\",\"@id\":\"https:\/\/potenciaradiofonicadominicana.com\/portal\/#website\",\"url\":\"https:\/\/potenciaradiofonicadominicana.com\/portal\/\",\"name\":\"PotenciaRadiofonicaDominicana.com\",\"description\":\"Peri\u00f3dico Digital\",\"publisher\":{\"@id\":\"https:\/\/potenciaradiofonicadominicana.com\/portal\/#organization\"},\"potentialAction\":[{\"@type\":\"SearchAction\",\"target\":{\"@type\":\"EntryPoint\",\"urlTemplate\":\"https:\/\/potenciaradiofonicadominicana.com\/portal\/?s={search_term_string}\"},\"query-input\":{\"@type\":\"PropertyValueSpecification\",\"valueRequired\":true,\"valueName\":\"search_term_string\"}}],\"inLanguage\":\"es\"},{\"@type\":\"Organization\",\"@id\":\"https:\/\/potenciaradiofonicadominicana.com\/portal\/#organization\",\"name\":\"PotenciaRadiofonicaDominicana.com\",\"url\":\"https:\/\/potenciaradiofonicadominicana.com\/portal\/\",\"logo\":{\"@type\":\"ImageObject\",\"inLanguage\":\"es\",\"@id\":\"https:\/\/potenciaradiofonicadominicana.com\/portal\/#\/schema\/logo\/image\/\",\"url\":\"https:\/\/potenciaradiofonicadominicana.com\/portal\/wp-content\/uploads\/2022\/01\/descarga.png\",\"contentUrl\":\"https:\/\/potenciaradiofonicadominicana.com\/portal\/wp-content\/uploads\/2022\/01\/descarga.png\",\"width\":300,\"height\":100,\"caption\":\"PotenciaRadiofonicaDominicana.com\"},\"image\":{\"@id\":\"https:\/\/potenciaradiofonicadominicana.com\/portal\/#\/schema\/logo\/image\/\"},\"sameAs\":[\"https:\/\/web.facebook.com\/PotenciaRadiofonicaD\"]},{\"@type\":\"Person\",\"@id\":\"https:\/\/potenciaradiofonicadominicana.com\/portal\/#\/schema\/person\/a5cf1fea13877803ee0573ac18b03490\",\"name\":\"Potencia Radiof\u00f3nica Dominicana\",\"image\":{\"@type\":\"ImageObject\",\"inLanguage\":\"es\",\"@id\":\"https:\/\/potenciaradiofonicadominicana.com\/portal\/#\/schema\/person\/image\/\",\"url\":\"https:\/\/secure.gravatar.com\/avatar\/42a55ab9e8ccc656ba34cd791990602a?s=96&d=mm&r=g\",\"contentUrl\":\"https:\/\/secure.gravatar.com\/avatar\/42a55ab9e8ccc656ba34cd791990602a?s=96&d=mm&r=g\",\"caption\":\"Potencia Radiof\u00f3nica Dominicana\"},\"url\":\"https:\/\/potenciaradiofonicadominicana.com\/portal\/author\/johannyalmanzar\/\"}]}<\/script>\n<!-- \/ Yoast SEO plugin. -->","yoast_head_json":{"title":"Se espera que la Reserva Federal de EE. UU. mantenga sus tasas de inter\u00e9s sin cambios ante la guerra con Ir\u00e1n - PotenciaRadiofonicaDominicana.com","robots":{"index":"index","follow":"follow","max-snippet":"max-snippet:-1","max-image-preview":"max-image-preview:large","max-video-preview":"max-video-preview:-1"},"canonical":"https:\/\/potenciaradiofonicadominicana.com\/portal\/se-espera-que-la-reserva-federal-de-ee-uu-mantenga-sus-tasas-de-interes-sin-cambios-ante-la-guerra-con-iran\/","og_locale":"es_ES","og_type":"article","og_title":"Se espera que la Reserva Federal de EE. UU. mantenga sus tasas de inter\u00e9s sin cambios ante la guerra con Ir\u00e1n - PotenciaRadiofonicaDominicana.com","og_description":"WASHINGTON, AFP.-La Reserva Federal de Estados Unidos inaugur\u00f3 el martes su reuni\u00f3n de dos d\u00edas, y se espera que los ...","og_url":"https:\/\/potenciaradiofonicadominicana.com\/portal\/se-espera-que-la-reserva-federal-de-ee-uu-mantenga-sus-tasas-de-interes-sin-cambios-ante-la-guerra-con-iran\/","og_site_name":"PotenciaRadiofonicaDominicana.com","article_publisher":"https:\/\/web.facebook.com\/PotenciaRadiofonicaD","article_published_time":"2026-03-18T01:25:20+00:00","og_image":[{"width":1920,"height":1281,"url":"https:\/\/potenciaradiofonicadominicana.com\/portal\/wp-content\/uploads\/2026\/03\/rss-efe3c08d5ab0011ee0fbd675b56da8187e7849797c8w.jpg","type":"image\/jpeg"}],"author":"Potencia Radiof\u00f3nica Dominicana","twitter_card":"summary_large_image","twitter_misc":{"Escrito por":"Potencia Radiof\u00f3nica Dominicana","Tiempo de lectura":"4 minutos"},"schema":{"@context":"https:\/\/schema.org","@graph":[{"@type":"Article","@id":"https:\/\/potenciaradiofonicadominicana.com\/portal\/se-espera-que-la-reserva-federal-de-ee-uu-mantenga-sus-tasas-de-interes-sin-cambios-ante-la-guerra-con-iran\/#article","isPartOf":{"@id":"https:\/\/potenciaradiofonicadominicana.com\/portal\/se-espera-que-la-reserva-federal-de-ee-uu-mantenga-sus-tasas-de-interes-sin-cambios-ante-la-guerra-con-iran\/"},"author":{"name":"Potencia Radiof\u00f3nica Dominicana","@id":"https:\/\/potenciaradiofonicadominicana.com\/portal\/#\/schema\/person\/a5cf1fea13877803ee0573ac18b03490"},"headline":"Se espera que la Reserva Federal de EE. UU. mantenga sus tasas de inter\u00e9s sin cambios ante la guerra con Ir\u00e1n","datePublished":"2026-03-18T01:25:20+00:00","mainEntityOfPage":{"@id":"https:\/\/potenciaradiofonicadominicana.com\/portal\/se-espera-que-la-reserva-federal-de-ee-uu-mantenga-sus-tasas-de-interes-sin-cambios-ante-la-guerra-con-iran\/"},"wordCount":685,"publisher":{"@id":"https:\/\/potenciaradiofonicadominicana.com\/portal\/#organization"},"image":{"@id":"https:\/\/potenciaradiofonicadominicana.com\/portal\/se-espera-que-la-reserva-federal-de-ee-uu-mantenga-sus-tasas-de-interes-sin-cambios-ante-la-guerra-con-iran\/#primaryimage"},"thumbnailUrl":"https:\/\/potenciaradiofonicadominicana.com\/portal\/wp-content\/uploads\/2026\/03\/rss-efe3c08d5ab0011ee0fbd675b56da8187e7849797c8w.jpg","articleSection":["Econom\u00eda"],"inLanguage":"es"},{"@type":"WebPage","@id":"https:\/\/potenciaradiofonicadominicana.com\/portal\/se-espera-que-la-reserva-federal-de-ee-uu-mantenga-sus-tasas-de-interes-sin-cambios-ante-la-guerra-con-iran\/","url":"https:\/\/potenciaradiofonicadominicana.com\/portal\/se-espera-que-la-reserva-federal-de-ee-uu-mantenga-sus-tasas-de-interes-sin-cambios-ante-la-guerra-con-iran\/","name":"Se espera que la Reserva Federal de EE. UU. mantenga sus tasas de inter\u00e9s sin cambios ante la guerra con Ir\u00e1n - PotenciaRadiofonicaDominicana.com","isPartOf":{"@id":"https:\/\/potenciaradiofonicadominicana.com\/portal\/#website"},"primaryImageOfPage":{"@id":"https:\/\/potenciaradiofonicadominicana.com\/portal\/se-espera-que-la-reserva-federal-de-ee-uu-mantenga-sus-tasas-de-interes-sin-cambios-ante-la-guerra-con-iran\/#primaryimage"},"image":{"@id":"https:\/\/potenciaradiofonicadominicana.com\/portal\/se-espera-que-la-reserva-federal-de-ee-uu-mantenga-sus-tasas-de-interes-sin-cambios-ante-la-guerra-con-iran\/#primaryimage"},"thumbnailUrl":"https:\/\/potenciaradiofonicadominicana.com\/portal\/wp-content\/uploads\/2026\/03\/rss-efe3c08d5ab0011ee0fbd675b56da8187e7849797c8w.jpg","datePublished":"2026-03-18T01:25:20+00:00","breadcrumb":{"@id":"https:\/\/potenciaradiofonicadominicana.com\/portal\/se-espera-que-la-reserva-federal-de-ee-uu-mantenga-sus-tasas-de-interes-sin-cambios-ante-la-guerra-con-iran\/#breadcrumb"},"inLanguage":"es","potentialAction":[{"@type":"ReadAction","target":["https:\/\/potenciaradiofonicadominicana.com\/portal\/se-espera-que-la-reserva-federal-de-ee-uu-mantenga-sus-tasas-de-interes-sin-cambios-ante-la-guerra-con-iran\/"]}]},{"@type":"ImageObject","inLanguage":"es","@id":"https:\/\/potenciaradiofonicadominicana.com\/portal\/se-espera-que-la-reserva-federal-de-ee-uu-mantenga-sus-tasas-de-interes-sin-cambios-ante-la-guerra-con-iran\/#primaryimage","url":"https:\/\/potenciaradiofonicadominicana.com\/portal\/wp-content\/uploads\/2026\/03\/rss-efe3c08d5ab0011ee0fbd675b56da8187e7849797c8w.jpg","contentUrl":"https:\/\/potenciaradiofonicadominicana.com\/portal\/wp-content\/uploads\/2026\/03\/rss-efe3c08d5ab0011ee0fbd675b56da8187e7849797c8w.jpg","width":1920,"height":1281,"caption":"Imagen de archivo. EFE\/EPA\/WILL OLIVER"},{"@type":"BreadcrumbList","@id":"https:\/\/potenciaradiofonicadominicana.com\/portal\/se-espera-que-la-reserva-federal-de-ee-uu-mantenga-sus-tasas-de-interes-sin-cambios-ante-la-guerra-con-iran\/#breadcrumb","itemListElement":[{"@type":"ListItem","position":1,"name":"Portada","item":"https:\/\/potenciaradiofonicadominicana.com\/portal\/"},{"@type":"ListItem","position":2,"name":"Se espera que la Reserva Federal de EE. UU. mantenga sus tasas de inter\u00e9s sin cambios ante la guerra con Ir\u00e1n"}]},{"@type":"WebSite","@id":"https:\/\/potenciaradiofonicadominicana.com\/portal\/#website","url":"https:\/\/potenciaradiofonicadominicana.com\/portal\/","name":"PotenciaRadiofonicaDominicana.com","description":"Peri\u00f3dico Digital","publisher":{"@id":"https:\/\/potenciaradiofonicadominicana.com\/portal\/#organization"},"potentialAction":[{"@type":"SearchAction","target":{"@type":"EntryPoint","urlTemplate":"https:\/\/potenciaradiofonicadominicana.com\/portal\/?s={search_term_string}"},"query-input":{"@type":"PropertyValueSpecification","valueRequired":true,"valueName":"search_term_string"}}],"inLanguage":"es"},{"@type":"Organization","@id":"https:\/\/potenciaradiofonicadominicana.com\/portal\/#organization","name":"PotenciaRadiofonicaDominicana.com","url":"https:\/\/potenciaradiofonicadominicana.com\/portal\/","logo":{"@type":"ImageObject","inLanguage":"es","@id":"https:\/\/potenciaradiofonicadominicana.com\/portal\/#\/schema\/logo\/image\/","url":"https:\/\/potenciaradiofonicadominicana.com\/portal\/wp-content\/uploads\/2022\/01\/descarga.png","contentUrl":"https:\/\/potenciaradiofonicadominicana.com\/portal\/wp-content\/uploads\/2022\/01\/descarga.png","width":300,"height":100,"caption":"PotenciaRadiofonicaDominicana.com"},"image":{"@id":"https:\/\/potenciaradiofonicadominicana.com\/portal\/#\/schema\/logo\/image\/"},"sameAs":["https:\/\/web.facebook.com\/PotenciaRadiofonicaD"]},{"@type":"Person","@id":"https:\/\/potenciaradiofonicadominicana.com\/portal\/#\/schema\/person\/a5cf1fea13877803ee0573ac18b03490","name":"Potencia Radiof\u00f3nica Dominicana","image":{"@type":"ImageObject","inLanguage":"es","@id":"https:\/\/potenciaradiofonicadominicana.com\/portal\/#\/schema\/person\/image\/","url":"https:\/\/secure.gravatar.com\/avatar\/42a55ab9e8ccc656ba34cd791990602a?s=96&d=mm&r=g","contentUrl":"https:\/\/secure.gravatar.com\/avatar\/42a55ab9e8ccc656ba34cd791990602a?s=96&d=mm&r=g","caption":"Potencia Radiof\u00f3nica Dominicana"},"url":"https:\/\/potenciaradiofonicadominicana.com\/portal\/author\/johannyalmanzar\/"}]}},"_links":{"self":[{"href":"https:\/\/potenciaradiofonicadominicana.com\/portal\/wp-json\/wp\/v2\/posts\/213286","targetHints":{"allow":["GET"]}}],"collection":[{"href":"https:\/\/potenciaradiofonicadominicana.com\/portal\/wp-json\/wp\/v2\/posts"}],"about":[{"href":"https:\/\/potenciaradiofonicadominicana.com\/portal\/wp-json\/wp\/v2\/types\/post"}],"author":[{"embeddable":true,"href":"https:\/\/potenciaradiofonicadominicana.com\/portal\/wp-json\/wp\/v2\/users\/2"}],"replies":[{"embeddable":true,"href":"https:\/\/potenciaradiofonicadominicana.com\/portal\/wp-json\/wp\/v2\/comments?post=213286"}],"version-history":[{"count":1,"href":"https:\/\/potenciaradiofonicadominicana.com\/portal\/wp-json\/wp\/v2\/posts\/213286\/revisions"}],"predecessor-version":[{"id":213288,"href":"https:\/\/potenciaradiofonicadominicana.com\/portal\/wp-json\/wp\/v2\/posts\/213286\/revisions\/213288"}],"wp:featuredmedia":[{"embeddable":true,"href":"https:\/\/potenciaradiofonicadominicana.com\/portal\/wp-json\/wp\/v2\/media\/213287"}],"wp:attachment":[{"href":"https:\/\/potenciaradiofonicadominicana.com\/portal\/wp-json\/wp\/v2\/media?parent=213286"}],"wp:term":[{"taxonomy":"category","embeddable":true,"href":"https:\/\/potenciaradiofonicadominicana.com\/portal\/wp-json\/wp\/v2\/categories?post=213286"},{"taxonomy":"post_tag","embeddable":true,"href":"https:\/\/potenciaradiofonicadominicana.com\/portal\/wp-json\/wp\/v2\/tags?post=213286"}],"curies":[{"name":"wp","href":"https:\/\/api.w.org\/{rel}","templated":true}]}}