{"id":213283,"date":"2026-03-17T21:23:25","date_gmt":"2026-03-18T01:23:25","guid":{"rendered":"https:\/\/potenciaradiofonicadominicana.com\/portal\/?p=213283"},"modified":"2026-03-17T21:23:25","modified_gmt":"2026-03-18T01:23:25","slug":"conatra-pide-al-gobierno-congelar-precios-de-combustibles-por-seis-meses","status":"publish","type":"post","link":"https:\/\/potenciaradiofonicadominicana.com\/portal\/conatra-pide-al-gobierno-congelar-precios-de-combustibles-por-seis-meses\/","title":{"rendered":"Conatra pide al gobierno congelar precios de combustibles por seis meses"},"content":{"rendered":"<p><a href=\"https:\/\/potenciaradiofonicadominicana.com\/portal\/wp-content\/uploads\/2026\/03\/Antonio-Marte-presidente-Conatra-.jpeg\"><img loading=\"lazy\" decoding=\"async\" class=\"alignnone size-full wp-image-213284\" src=\"https:\/\/potenciaradiofonicadominicana.com\/portal\/wp-content\/uploads\/2026\/03\/Antonio-Marte-presidente-Conatra-.jpeg\" alt=\"\" width=\"900\" height=\"675\" srcset=\"https:\/\/potenciaradiofonicadominicana.com\/portal\/wp-content\/uploads\/2026\/03\/Antonio-Marte-presidente-Conatra-.jpeg 900w, https:\/\/potenciaradiofonicadominicana.com\/portal\/wp-content\/uploads\/2026\/03\/Antonio-Marte-presidente-Conatra--300x225.jpeg 300w, https:\/\/potenciaradiofonicadominicana.com\/portal\/wp-content\/uploads\/2026\/03\/Antonio-Marte-presidente-Conatra--768x576.jpeg 768w\" sizes=\"auto, (max-width: 900px) 100vw, 900px\" \/><\/a><\/p>\n<p>El presidente de la Confederaci\u00f3n Nacional de Organizaciones del Transporte (Conatra), Antonio Marte, solicit\u00f3 este martes al gobierno que congele durante seis meses los precios de los combustibles, y asegur\u00f3 que pese al aumento de RD$5, el gremio no tiene previsto aumentar los pasajes.<\/p>\n<p>El dirigente detall\u00f3 mediante un comunicado de prensa que, el Gas Licuado de Petr\u00f3leo (GLP) as\u00ed como el gasoil premium y el regular, combustibles usados mayormente para el transporte de carga, de pasajeros y de uso dom\u00e9stico e industrial, deber\u00edan mantener su precio.<\/p>\n<p>A\u00f1ade que, tomando esas medidas, evitar\u00eda aumentos en los precios de la canasta familiar, de bienes y otros servicios, que afirman, ya no soportar\u00eda ning\u00fan otro incremento en los insumos para las unidades sin que se produzca un reajuste en los pasajes, proporcional al que reciben por los combustibles.<\/p>\n<p>En ese sentido, el presidente de Conatra record\u00f3 que el sector transporte asumi\u00f3 en el \u00faltimo trimestre del a\u00f1o 2025 y el primer trimestre de este a\u00f1o, un aumento entre un 18 a 20 % en insumos como pagos de peajes, p\u00f3lizas de seguros, adquisici\u00f3n de nuevas unidades, gomas, bater\u00edas, lubricantes, grasas, terminales, punta de eje, bolas de esf\u00e9ricas, bandas de frenos, zapatillas, l\u00edquido de frenos, y mano de obra.<\/p>\n<p>Advirti\u00f3 Marte que sus t\u00e9cnicos se mantiene vigilantes para cualquier decisi\u00f3n, ante las variables futuras que podr\u00edan provocar otros aumentos en los precios de los carburantes.<\/p>\n<p>El presidente de Conatra, concluy\u00f3 que el aumento presupuestario es que los obliga a recurrir a tomar dinero prestado a la banca privada o informal, pagando altos intereses.<\/p>\n","protected":false},"excerpt":{"rendered":"<p>El presidente de la Confederaci\u00f3n Nacional de Organizaciones del Transporte (Conatra), Antonio Marte, solicit\u00f3 este martes al gobierno que congele &#8230;<\/p>\n","protected":false},"author":2,"featured_media":213284,"comment_status":"closed","ping_status":"closed","sticky":false,"template":"","format":"standard","meta":{"footnotes":""},"categories":[26],"tags":[],"class_list":["post-213283","post","type-post","status-publish","format-standard","has-post-thumbnail","hentry","category-economia"],"yoast_head":"<!-- This site is optimized with the Yoast SEO plugin v24.8.1 - https:\/\/yoast.com\/wordpress\/plugins\/seo\/ -->\n<title>Conatra pide al gobierno congelar precios de combustibles por seis meses - PotenciaRadiofonicaDominicana.com<\/title>\n<meta name=\"robots\" content=\"index, follow, max-snippet:-1, max-image-preview:large, max-video-preview:-1\" \/>\n<link rel=\"canonical\" href=\"https:\/\/potenciaradiofonicadominicana.com\/portal\/conatra-pide-al-gobierno-congelar-precios-de-combustibles-por-seis-meses\/\" \/>\n<meta property=\"og:locale\" content=\"es_ES\" \/>\n<meta property=\"og:type\" content=\"article\" \/>\n<meta property=\"og:title\" content=\"Conatra pide al gobierno congelar precios de combustibles por seis meses - PotenciaRadiofonicaDominicana.com\" \/>\n<meta property=\"og:description\" content=\"El presidente de la Confederaci\u00f3n Nacional de Organizaciones del Transporte (Conatra), Antonio Marte, solicit\u00f3 este martes al gobierno que congele ...\" \/>\n<meta property=\"og:url\" content=\"https:\/\/potenciaradiofonicadominicana.com\/portal\/conatra-pide-al-gobierno-congelar-precios-de-combustibles-por-seis-meses\/\" \/>\n<meta property=\"og:site_name\" content=\"PotenciaRadiofonicaDominicana.com\" \/>\n<meta property=\"article:publisher\" content=\"https:\/\/web.facebook.com\/PotenciaRadiofonicaD\" \/>\n<meta property=\"article:published_time\" content=\"2026-03-18T01:23:25+00:00\" \/>\n<meta property=\"og:image\" content=\"https:\/\/potenciaradiofonicadominicana.com\/portal\/wp-content\/uploads\/2026\/03\/Antonio-Marte-presidente-Conatra-.jpeg\" \/>\n\t<meta property=\"og:image:width\" content=\"900\" \/>\n\t<meta property=\"og:image:height\" content=\"675\" \/>\n\t<meta property=\"og:image:type\" content=\"image\/jpeg\" \/>\n<meta name=\"author\" content=\"Potencia Radiof\u00f3nica Dominicana\" \/>\n<meta name=\"twitter:card\" content=\"summary_large_image\" \/>\n<meta name=\"twitter:label1\" content=\"Escrito por\" \/>\n\t<meta name=\"twitter:data1\" content=\"Potencia Radiof\u00f3nica Dominicana\" \/>\n\t<meta name=\"twitter:label2\" content=\"Tiempo de lectura\" \/>\n\t<meta name=\"twitter:data2\" content=\"2 minutos\" \/>\n<script type=\"application\/ld+json\" class=\"yoast-schema-graph\">{\"@context\":\"https:\/\/schema.org\",\"@graph\":[{\"@type\":\"Article\",\"@id\":\"https:\/\/potenciaradiofonicadominicana.com\/portal\/conatra-pide-al-gobierno-congelar-precios-de-combustibles-por-seis-meses\/#article\",\"isPartOf\":{\"@id\":\"https:\/\/potenciaradiofonicadominicana.com\/portal\/conatra-pide-al-gobierno-congelar-precios-de-combustibles-por-seis-meses\/\"},\"author\":{\"name\":\"Potencia Radiof\u00f3nica Dominicana\",\"@id\":\"https:\/\/potenciaradiofonicadominicana.com\/portal\/#\/schema\/person\/a5cf1fea13877803ee0573ac18b03490\"},\"headline\":\"Conatra pide al gobierno congelar precios de combustibles por seis meses\",\"datePublished\":\"2026-03-18T01:23:25+00:00\",\"mainEntityOfPage\":{\"@id\":\"https:\/\/potenciaradiofonicadominicana.com\/portal\/conatra-pide-al-gobierno-congelar-precios-de-combustibles-por-seis-meses\/\"},\"wordCount\":285,\"publisher\":{\"@id\":\"https:\/\/potenciaradiofonicadominicana.com\/portal\/#organization\"},\"image\":{\"@id\":\"https:\/\/potenciaradiofonicadominicana.com\/portal\/conatra-pide-al-gobierno-congelar-precios-de-combustibles-por-seis-meses\/#primaryimage\"},\"thumbnailUrl\":\"https:\/\/potenciaradiofonicadominicana.com\/portal\/wp-content\/uploads\/2026\/03\/Antonio-Marte-presidente-Conatra-.jpeg\",\"articleSection\":[\"Econom\u00eda\"],\"inLanguage\":\"es\"},{\"@type\":\"WebPage\",\"@id\":\"https:\/\/potenciaradiofonicadominicana.com\/portal\/conatra-pide-al-gobierno-congelar-precios-de-combustibles-por-seis-meses\/\",\"url\":\"https:\/\/potenciaradiofonicadominicana.com\/portal\/conatra-pide-al-gobierno-congelar-precios-de-combustibles-por-seis-meses\/\",\"name\":\"Conatra pide al gobierno congelar precios de combustibles por seis meses - PotenciaRadiofonicaDominicana.com\",\"isPartOf\":{\"@id\":\"https:\/\/potenciaradiofonicadominicana.com\/portal\/#website\"},\"primaryImageOfPage\":{\"@id\":\"https:\/\/potenciaradiofonicadominicana.com\/portal\/conatra-pide-al-gobierno-congelar-precios-de-combustibles-por-seis-meses\/#primaryimage\"},\"image\":{\"@id\":\"https:\/\/potenciaradiofonicadominicana.com\/portal\/conatra-pide-al-gobierno-congelar-precios-de-combustibles-por-seis-meses\/#primaryimage\"},\"thumbnailUrl\":\"https:\/\/potenciaradiofonicadominicana.com\/portal\/wp-content\/uploads\/2026\/03\/Antonio-Marte-presidente-Conatra-.jpeg\",\"datePublished\":\"2026-03-18T01:23:25+00:00\",\"breadcrumb\":{\"@id\":\"https:\/\/potenciaradiofonicadominicana.com\/portal\/conatra-pide-al-gobierno-congelar-precios-de-combustibles-por-seis-meses\/#breadcrumb\"},\"inLanguage\":\"es\",\"potentialAction\":[{\"@type\":\"ReadAction\",\"target\":[\"https:\/\/potenciaradiofonicadominicana.com\/portal\/conatra-pide-al-gobierno-congelar-precios-de-combustibles-por-seis-meses\/\"]}]},{\"@type\":\"ImageObject\",\"inLanguage\":\"es\",\"@id\":\"https:\/\/potenciaradiofonicadominicana.com\/portal\/conatra-pide-al-gobierno-congelar-precios-de-combustibles-por-seis-meses\/#primaryimage\",\"url\":\"https:\/\/potenciaradiofonicadominicana.com\/portal\/wp-content\/uploads\/2026\/03\/Antonio-Marte-presidente-Conatra-.jpeg\",\"contentUrl\":\"https:\/\/potenciaradiofonicadominicana.com\/portal\/wp-content\/uploads\/2026\/03\/Antonio-Marte-presidente-Conatra-.jpeg\",\"width\":900,\"height\":675},{\"@type\":\"BreadcrumbList\",\"@id\":\"https:\/\/potenciaradiofonicadominicana.com\/portal\/conatra-pide-al-gobierno-congelar-precios-de-combustibles-por-seis-meses\/#breadcrumb\",\"itemListElement\":[{\"@type\":\"ListItem\",\"position\":1,\"name\":\"Portada\",\"item\":\"https:\/\/potenciaradiofonicadominicana.com\/portal\/\"},{\"@type\":\"ListItem\",\"position\":2,\"name\":\"Conatra pide al gobierno congelar precios de combustibles por seis meses\"}]},{\"@type\":\"WebSite\",\"@id\":\"https:\/\/potenciaradiofonicadominicana.com\/portal\/#website\",\"url\":\"https:\/\/potenciaradiofonicadominicana.com\/portal\/\",\"name\":\"PotenciaRadiofonicaDominicana.com\",\"description\":\"Peri\u00f3dico Digital\",\"publisher\":{\"@id\":\"https:\/\/potenciaradiofonicadominicana.com\/portal\/#organization\"},\"potentialAction\":[{\"@type\":\"SearchAction\",\"target\":{\"@type\":\"EntryPoint\",\"urlTemplate\":\"https:\/\/potenciaradiofonicadominicana.com\/portal\/?s={search_term_string}\"},\"query-input\":{\"@type\":\"PropertyValueSpecification\",\"valueRequired\":true,\"valueName\":\"search_term_string\"}}],\"inLanguage\":\"es\"},{\"@type\":\"Organization\",\"@id\":\"https:\/\/potenciaradiofonicadominicana.com\/portal\/#organization\",\"name\":\"PotenciaRadiofonicaDominicana.com\",\"url\":\"https:\/\/potenciaradiofonicadominicana.com\/portal\/\",\"logo\":{\"@type\":\"ImageObject\",\"inLanguage\":\"es\",\"@id\":\"https:\/\/potenciaradiofonicadominicana.com\/portal\/#\/schema\/logo\/image\/\",\"url\":\"https:\/\/potenciaradiofonicadominicana.com\/portal\/wp-content\/uploads\/2022\/01\/descarga.png\",\"contentUrl\":\"https:\/\/potenciaradiofonicadominicana.com\/portal\/wp-content\/uploads\/2022\/01\/descarga.png\",\"width\":300,\"height\":100,\"caption\":\"PotenciaRadiofonicaDominicana.com\"},\"image\":{\"@id\":\"https:\/\/potenciaradiofonicadominicana.com\/portal\/#\/schema\/logo\/image\/\"},\"sameAs\":[\"https:\/\/web.facebook.com\/PotenciaRadiofonicaD\"]},{\"@type\":\"Person\",\"@id\":\"https:\/\/potenciaradiofonicadominicana.com\/portal\/#\/schema\/person\/a5cf1fea13877803ee0573ac18b03490\",\"name\":\"Potencia Radiof\u00f3nica Dominicana\",\"image\":{\"@type\":\"ImageObject\",\"inLanguage\":\"es\",\"@id\":\"https:\/\/potenciaradiofonicadominicana.com\/portal\/#\/schema\/person\/image\/\",\"url\":\"https:\/\/secure.gravatar.com\/avatar\/42a55ab9e8ccc656ba34cd791990602a?s=96&d=mm&r=g\",\"contentUrl\":\"https:\/\/secure.gravatar.com\/avatar\/42a55ab9e8ccc656ba34cd791990602a?s=96&d=mm&r=g\",\"caption\":\"Potencia Radiof\u00f3nica Dominicana\"},\"url\":\"https:\/\/potenciaradiofonicadominicana.com\/portal\/author\/johannyalmanzar\/\"}]}<\/script>\n<!-- \/ Yoast SEO plugin. -->","yoast_head_json":{"title":"Conatra pide al gobierno congelar precios de combustibles por seis meses - PotenciaRadiofonicaDominicana.com","robots":{"index":"index","follow":"follow","max-snippet":"max-snippet:-1","max-image-preview":"max-image-preview:large","max-video-preview":"max-video-preview:-1"},"canonical":"https:\/\/potenciaradiofonicadominicana.com\/portal\/conatra-pide-al-gobierno-congelar-precios-de-combustibles-por-seis-meses\/","og_locale":"es_ES","og_type":"article","og_title":"Conatra pide al gobierno congelar precios de combustibles por seis meses - PotenciaRadiofonicaDominicana.com","og_description":"El presidente de la Confederaci\u00f3n Nacional de Organizaciones del Transporte (Conatra), Antonio Marte, solicit\u00f3 este martes al gobierno que congele ...","og_url":"https:\/\/potenciaradiofonicadominicana.com\/portal\/conatra-pide-al-gobierno-congelar-precios-de-combustibles-por-seis-meses\/","og_site_name":"PotenciaRadiofonicaDominicana.com","article_publisher":"https:\/\/web.facebook.com\/PotenciaRadiofonicaD","article_published_time":"2026-03-18T01:23:25+00:00","og_image":[{"width":900,"height":675,"url":"https:\/\/potenciaradiofonicadominicana.com\/portal\/wp-content\/uploads\/2026\/03\/Antonio-Marte-presidente-Conatra-.jpeg","type":"image\/jpeg"}],"author":"Potencia Radiof\u00f3nica Dominicana","twitter_card":"summary_large_image","twitter_misc":{"Escrito por":"Potencia Radiof\u00f3nica Dominicana","Tiempo de lectura":"2 minutos"},"schema":{"@context":"https:\/\/schema.org","@graph":[{"@type":"Article","@id":"https:\/\/potenciaradiofonicadominicana.com\/portal\/conatra-pide-al-gobierno-congelar-precios-de-combustibles-por-seis-meses\/#article","isPartOf":{"@id":"https:\/\/potenciaradiofonicadominicana.com\/portal\/conatra-pide-al-gobierno-congelar-precios-de-combustibles-por-seis-meses\/"},"author":{"name":"Potencia Radiof\u00f3nica Dominicana","@id":"https:\/\/potenciaradiofonicadominicana.com\/portal\/#\/schema\/person\/a5cf1fea13877803ee0573ac18b03490"},"headline":"Conatra pide al gobierno congelar precios de combustibles por seis meses","datePublished":"2026-03-18T01:23:25+00:00","mainEntityOfPage":{"@id":"https:\/\/potenciaradiofonicadominicana.com\/portal\/conatra-pide-al-gobierno-congelar-precios-de-combustibles-por-seis-meses\/"},"wordCount":285,"publisher":{"@id":"https:\/\/potenciaradiofonicadominicana.com\/portal\/#organization"},"image":{"@id":"https:\/\/potenciaradiofonicadominicana.com\/portal\/conatra-pide-al-gobierno-congelar-precios-de-combustibles-por-seis-meses\/#primaryimage"},"thumbnailUrl":"https:\/\/potenciaradiofonicadominicana.com\/portal\/wp-content\/uploads\/2026\/03\/Antonio-Marte-presidente-Conatra-.jpeg","articleSection":["Econom\u00eda"],"inLanguage":"es"},{"@type":"WebPage","@id":"https:\/\/potenciaradiofonicadominicana.com\/portal\/conatra-pide-al-gobierno-congelar-precios-de-combustibles-por-seis-meses\/","url":"https:\/\/potenciaradiofonicadominicana.com\/portal\/conatra-pide-al-gobierno-congelar-precios-de-combustibles-por-seis-meses\/","name":"Conatra pide al gobierno congelar precios de combustibles por seis meses - PotenciaRadiofonicaDominicana.com","isPartOf":{"@id":"https:\/\/potenciaradiofonicadominicana.com\/portal\/#website"},"primaryImageOfPage":{"@id":"https:\/\/potenciaradiofonicadominicana.com\/portal\/conatra-pide-al-gobierno-congelar-precios-de-combustibles-por-seis-meses\/#primaryimage"},"image":{"@id":"https:\/\/potenciaradiofonicadominicana.com\/portal\/conatra-pide-al-gobierno-congelar-precios-de-combustibles-por-seis-meses\/#primaryimage"},"thumbnailUrl":"https:\/\/potenciaradiofonicadominicana.com\/portal\/wp-content\/uploads\/2026\/03\/Antonio-Marte-presidente-Conatra-.jpeg","datePublished":"2026-03-18T01:23:25+00:00","breadcrumb":{"@id":"https:\/\/potenciaradiofonicadominicana.com\/portal\/conatra-pide-al-gobierno-congelar-precios-de-combustibles-por-seis-meses\/#breadcrumb"},"inLanguage":"es","potentialAction":[{"@type":"ReadAction","target":["https:\/\/potenciaradiofonicadominicana.com\/portal\/conatra-pide-al-gobierno-congelar-precios-de-combustibles-por-seis-meses\/"]}]},{"@type":"ImageObject","inLanguage":"es","@id":"https:\/\/potenciaradiofonicadominicana.com\/portal\/conatra-pide-al-gobierno-congelar-precios-de-combustibles-por-seis-meses\/#primaryimage","url":"https:\/\/potenciaradiofonicadominicana.com\/portal\/wp-content\/uploads\/2026\/03\/Antonio-Marte-presidente-Conatra-.jpeg","contentUrl":"https:\/\/potenciaradiofonicadominicana.com\/portal\/wp-content\/uploads\/2026\/03\/Antonio-Marte-presidente-Conatra-.jpeg","width":900,"height":675},{"@type":"BreadcrumbList","@id":"https:\/\/potenciaradiofonicadominicana.com\/portal\/conatra-pide-al-gobierno-congelar-precios-de-combustibles-por-seis-meses\/#breadcrumb","itemListElement":[{"@type":"ListItem","position":1,"name":"Portada","item":"https:\/\/potenciaradiofonicadominicana.com\/portal\/"},{"@type":"ListItem","position":2,"name":"Conatra pide al gobierno congelar precios de combustibles por seis meses"}]},{"@type":"WebSite","@id":"https:\/\/potenciaradiofonicadominicana.com\/portal\/#website","url":"https:\/\/potenciaradiofonicadominicana.com\/portal\/","name":"PotenciaRadiofonicaDominicana.com","description":"Peri\u00f3dico Digital","publisher":{"@id":"https:\/\/potenciaradiofonicadominicana.com\/portal\/#organization"},"potentialAction":[{"@type":"SearchAction","target":{"@type":"EntryPoint","urlTemplate":"https:\/\/potenciaradiofonicadominicana.com\/portal\/?s={search_term_string}"},"query-input":{"@type":"PropertyValueSpecification","valueRequired":true,"valueName":"search_term_string"}}],"inLanguage":"es"},{"@type":"Organization","@id":"https:\/\/potenciaradiofonicadominicana.com\/portal\/#organization","name":"PotenciaRadiofonicaDominicana.com","url":"https:\/\/potenciaradiofonicadominicana.com\/portal\/","logo":{"@type":"ImageObject","inLanguage":"es","@id":"https:\/\/potenciaradiofonicadominicana.com\/portal\/#\/schema\/logo\/image\/","url":"https:\/\/potenciaradiofonicadominicana.com\/portal\/wp-content\/uploads\/2022\/01\/descarga.png","contentUrl":"https:\/\/potenciaradiofonicadominicana.com\/portal\/wp-content\/uploads\/2022\/01\/descarga.png","width":300,"height":100,"caption":"PotenciaRadiofonicaDominicana.com"},"image":{"@id":"https:\/\/potenciaradiofonicadominicana.com\/portal\/#\/schema\/logo\/image\/"},"sameAs":["https:\/\/web.facebook.com\/PotenciaRadiofonicaD"]},{"@type":"Person","@id":"https:\/\/potenciaradiofonicadominicana.com\/portal\/#\/schema\/person\/a5cf1fea13877803ee0573ac18b03490","name":"Potencia Radiof\u00f3nica Dominicana","image":{"@type":"ImageObject","inLanguage":"es","@id":"https:\/\/potenciaradiofonicadominicana.com\/portal\/#\/schema\/person\/image\/","url":"https:\/\/secure.gravatar.com\/avatar\/42a55ab9e8ccc656ba34cd791990602a?s=96&d=mm&r=g","contentUrl":"https:\/\/secure.gravatar.com\/avatar\/42a55ab9e8ccc656ba34cd791990602a?s=96&d=mm&r=g","caption":"Potencia Radiof\u00f3nica Dominicana"},"url":"https:\/\/potenciaradiofonicadominicana.com\/portal\/author\/johannyalmanzar\/"}]}},"_links":{"self":[{"href":"https:\/\/potenciaradiofonicadominicana.com\/portal\/wp-json\/wp\/v2\/posts\/213283","targetHints":{"allow":["GET"]}}],"collection":[{"href":"https:\/\/potenciaradiofonicadominicana.com\/portal\/wp-json\/wp\/v2\/posts"}],"about":[{"href":"https:\/\/potenciaradiofonicadominicana.com\/portal\/wp-json\/wp\/v2\/types\/post"}],"author":[{"embeddable":true,"href":"https:\/\/potenciaradiofonicadominicana.com\/portal\/wp-json\/wp\/v2\/users\/2"}],"replies":[{"embeddable":true,"href":"https:\/\/potenciaradiofonicadominicana.com\/portal\/wp-json\/wp\/v2\/comments?post=213283"}],"version-history":[{"count":1,"href":"https:\/\/potenciaradiofonicadominicana.com\/portal\/wp-json\/wp\/v2\/posts\/213283\/revisions"}],"predecessor-version":[{"id":213285,"href":"https:\/\/potenciaradiofonicadominicana.com\/portal\/wp-json\/wp\/v2\/posts\/213283\/revisions\/213285"}],"wp:featuredmedia":[{"embeddable":true,"href":"https:\/\/potenciaradiofonicadominicana.com\/portal\/wp-json\/wp\/v2\/media\/213284"}],"wp:attachment":[{"href":"https:\/\/potenciaradiofonicadominicana.com\/portal\/wp-json\/wp\/v2\/media?parent=213283"}],"wp:term":[{"taxonomy":"category","embeddable":true,"href":"https:\/\/potenciaradiofonicadominicana.com\/portal\/wp-json\/wp\/v2\/categories?post=213283"},{"taxonomy":"post_tag","embeddable":true,"href":"https:\/\/potenciaradiofonicadominicana.com\/portal\/wp-json\/wp\/v2\/tags?post=213283"}],"curies":[{"name":"wp","href":"https:\/\/api.w.org\/{rel}","templated":true}]}}