{"id":213265,"date":"2026-03-17T21:11:24","date_gmt":"2026-03-18T01:11:24","guid":{"rendered":"https:\/\/potenciaradiofonicadominicana.com\/portal\/?p=213265"},"modified":"2026-03-17T21:15:10","modified_gmt":"2026-03-18T01:15:10","slug":"la-feria-agropecuaria-nacional-sorprende-con-una-alta-gama-de-tecnologias-para-los-productores","status":"publish","type":"post","link":"https:\/\/potenciaradiofonicadominicana.com\/portal\/la-feria-agropecuaria-nacional-sorprende-con-una-alta-gama-de-tecnologias-para-los-productores\/","title":{"rendered":"La feria agropecuaria nacional sorprende con una alta gama de tecnolog\u00edas para los productores"},"content":{"rendered":"<p><a href=\"https:\/\/potenciaradiofonicadominicana.com\/portal\/wp-content\/uploads\/2026\/03\/tecnologia-al-servicio-de-produccion-nacional-en-la-feria-agropecuaria-5e2b1cf5-focus-0-0-896-504.jpg\"><img loading=\"lazy\" decoding=\"async\" class=\"alignnone size-full wp-image-213266\" src=\"https:\/\/potenciaradiofonicadominicana.com\/portal\/wp-content\/uploads\/2026\/03\/tecnologia-al-servicio-de-produccion-nacional-en-la-feria-agropecuaria-5e2b1cf5-focus-0-0-896-504.jpg\" alt=\"\" width=\"896\" height=\"504\" srcset=\"https:\/\/potenciaradiofonicadominicana.com\/portal\/wp-content\/uploads\/2026\/03\/tecnologia-al-servicio-de-produccion-nacional-en-la-feria-agropecuaria-5e2b1cf5-focus-0-0-896-504.jpg 896w, https:\/\/potenciaradiofonicadominicana.com\/portal\/wp-content\/uploads\/2026\/03\/tecnologia-al-servicio-de-produccion-nacional-en-la-feria-agropecuaria-5e2b1cf5-focus-0-0-896-504-300x169.jpg 300w, https:\/\/potenciaradiofonicadominicana.com\/portal\/wp-content\/uploads\/2026\/03\/tecnologia-al-servicio-de-produccion-nacional-en-la-feria-agropecuaria-5e2b1cf5-focus-0-0-896-504-768x432.jpg 768w\" sizes=\"auto, (max-width: 896px) 100vw, 896px\" \/><\/a><\/p>\n<p>El pasado 12 de marzo, el presidente de la Rep\u00fablica, Luis Abinader, dej\u00f3 inaugurada la 38.\u00aa Feria Agropecuaria Nacional, un evento que se celebra cada a\u00f1o para impulsar la producci\u00f3n nacional y resaltar el valor de los productores.<\/p>\n<p>Este a\u00f1o la feria destaca la mecanizaci\u00f3n del campo dominicano y el uso de tecnolog\u00edas para aumentar la productividad del sector.<\/p>\n<p>Desde que se camina dentro de las instalaciones de la feria se puede notar el inter\u00e9s que tiene el Patronato Nacional de Ganaderos (PNG) \u2014entidad encargada de la celebraci\u00f3n del evento\u2014 en dejar claro que la tecnolog\u00eda forma parte esencial de los trabajados en el campo dominicano.<\/p>\n<p>Drones gigantes, tractores, robots, sistemas digitales, nuevos m\u00e9todos de agricultura y cr\u00eda de peces son solo algunas de las tantas maneras en c\u00f3mo, tanto los productores como los visitantes, pueden admirar la evoluci\u00f3n del sector en el siglo XXI.<\/p>\n<p>Robot canino<br \/>\nRandy Corpor\u00e1n, representante del Organismo Internacional Regional de Sanidad Agropecuaria (Oirsa), explic\u00f3 sobre el uso de un can rob\u00f3tico en exhibici\u00f3n. Est\u00e1 dise\u00f1ado para ayudar a las unidades caninas en la \u00abidentificaci\u00f3n de los productos que puedan estar dentro de una maleta que no pueden salir del pa\u00eds\u00bb.<\/p>\n<p>&nbsp;<\/p>\n<p>\u00abAunque, actualmente, (el robot) todav\u00eda no puede identificar olores, s\u00ed de manera visual puede hacer un escaneo sobre un producto que se tenga de manera externa\u00bb, expres\u00f3 Corpor\u00e1n.<\/p>\n<p>Corpor\u00e1n destac\u00f3 que el robot perro es bien din\u00e1mico y que sus capacidades no solo se limitan a la identificaci\u00f3n de productos, sino que tambi\u00e9n puede hacer mapeo de lugares y otras cosas.<\/p>\n<p>\u00abSi lo llevamos a una plantaci\u00f3n o lo alimentamos con una base de datos que pueda identificar plagas en plantas, \u00e9l tambi\u00e9n podr\u00eda hacer un mapeo de la zona, identificarse con im\u00e1genes sobre una planta que puede estar afectada y no debes t\u00fa, como persona, rodear la granja completa para poder identificar las mismas\u00bb, dijo.<\/p>\n<p>Drones agr\u00edcolas<br \/>\nEn los \u00faltimos a\u00f1os los drones han sido tendencia por sus m\u00faltiples usos: recreaci\u00f3n, creaci\u00f3n de contenido audiovisual y hasta en guerras. Sin embargo, la agricultura no ha sido la excepci\u00f3n.<\/p>\n<p>Un enorme dron agr\u00edcola de DJI Agriculture se exhibe en la feria. Su uso es para la fumigaci\u00f3n. Est\u00e1 el modelo T100, que es la \u00faltima generaci\u00f3n de estos drones, y tambi\u00e9n el T70, que es una versi\u00f3n menos avanzada.<\/p>\n<p>Estos drones tienen un costo de 35,500 d\u00f3lares sin el tanque. Con este ascender\u00eda a un valor de 38,900.<\/p>\n<p>Los drones agr\u00edcolas son aeronaves no tripuladas clave en la agricultura de precisi\u00f3n, utilizados para mapeo, monitoreo de salud de cultivos con sensores multiespectrales, y aplicaci\u00f3n aut\u00f3noma de fertilizantes, herbicidas y plaguicidas. Permiten mayor eficiencia, ahorro de agua\/combustible y operaci\u00f3n sin pisar el terreno.<\/p>\n<p>Acuapon\u00eda<br \/>\nHeriberto Matos, t\u00e9cnico en acuicultura en el Consejo Dominicano de Pesca y Acuicultura, comparti\u00f3 un poco sobre la acuapon\u00eda, un sistema de producci\u00f3n que a pesar de llevar varios a\u00f1os implement\u00e1ndose en varios pa\u00edses es desconocido en la Rep\u00fablica Dominicana.<\/p>\n<p>\u00abLa acuapon\u00eda es una metodolog\u00eda relativamente novedosa que se basa en el aprovechamiento de los desechos de los peces para nutrir medios de cultivo sin necesidad de tierra, solamente en el medio de agua, o sea, utilizando desperdicio de los peces, y con eso vamos a alimentar en la planta\u00bb, explic\u00f3 el t\u00e9cnico.<\/p>\n<p>Matos tambi\u00e9n agreg\u00f3 que \u00abla acuapon\u00eda es una fusi\u00f3n de dos conceptos: la acuicultura que es la producci\u00f3n de peces en un medio controlado para consumo, y la hidropon\u00eda, que es un m\u00e9todo de la producci\u00f3n agr\u00edcola que sirve para poder generar plantas sin necesidad de mucho espacio de tierra\u00bb.<\/p>\n<p>Entre las ventajas que tiene esta metodolog\u00eda de cultivo est\u00e1n el ahorro de espacios y la posibilidad de producir alimentos en lugares donde la tierra no es propicia para la agricultura tradicional, como lugares des\u00e9rticos o muy calurosos.<\/p>\n<p>\u00abLa agricultura convencional a nivel global hist\u00f3ricamente se hab\u00eda basado en aislamiento de grandes extensiones de tierra para poder producir cultivos. Eso genera en el tiempo una afecci\u00f3n al medioambiente, porque la explotaci\u00f3n de la tierra llega a un punto en el que no hay manera de recuperarla y destruyes todo\u00bb, se\u00f1al\u00f3 Matos.<\/p>\n<p>\u00abCon todo esto hemos podido producir, no solo a nivel nacional, sino tambi\u00e9n a nivel mundial grandes cantidades de alimentos aprovechando el m\u00ednimo espacio posible\u00bb, destac\u00f3 Matos.<\/p>\n<p>Por \u00faltimo, Matos dej\u00f3 claro la cantidad de beneficios que ofrece la implementaci\u00f3n de este m\u00e9todo, como es la posibilidad de lograr los Objetivos de Desarrollo Sostenible (ODS).<\/p>\n<p>\u00abTodo lo anteriormente dicho da un beneficio a nivel de producci\u00f3n alimenticia, a nivel de cuidado y aprovechamiento de los suelos, y a nivel de reutilizaci\u00f3n de recursos naturales\u00bb, dijo. \u00abLo que implica que estas estrategias atraviesan de manera transversal los objetivos de desarrollo sostenible, que por eso es que se hace tanta publicidad y promoci\u00f3n de eso a nivel local e internacional.<\/p>\n<p>Pa\u00eds invitado y colaboraci\u00f3n<br \/>\nEn esta edici\u00f3n, Corea del Sur participa como pa\u00eds invitado, con el objetivo de promover el intercambio de conocimientos sobre innovaci\u00f3n tecnol\u00f3gica y agricultura inteligente.<\/p>\n<p>La representaci\u00f3n de la empresa Taekwang destac\u00f3 las m\u00e1quinas que prometen transformar la manera en c\u00f3mo los agricultores realizan sus labores, debido a que son capaces de realizar m\u00faltiples trabajos, a la vez que ahorra tiempo y dinero.<\/p>\n<p>\u00abEstas m\u00e1quinas son para que los agricultores puedan arar la tierra m\u00e1s f\u00e1cil\u00bb, expres\u00f3. \u00abEl productor o la productora que tenga esta m\u00e1quina lo \u00fanico que va a tener que hacer es seguir a la m\u00e1quina\u00bb.<\/p>\n","protected":false},"excerpt":{"rendered":"<p>El pasado 12 de marzo, el presidente de la Rep\u00fablica, Luis Abinader, dej\u00f3 inaugurada la 38.\u00aa Feria Agropecuaria Nacional, un &#8230;<\/p>\n","protected":false},"author":2,"featured_media":213266,"comment_status":"closed","ping_status":"closed","sticky":false,"template":"","format":"standard","meta":{"footnotes":""},"categories":[26],"tags":[],"class_list":["post-213265","post","type-post","status-publish","format-standard","has-post-thumbnail","hentry","category-economia"],"yoast_head":"<!-- This site is optimized with the Yoast SEO plugin v24.8.1 - https:\/\/yoast.com\/wordpress\/plugins\/seo\/ -->\n<title>La feria agropecuaria nacional sorprende con una alta gama de tecnolog\u00edas para los productores - PotenciaRadiofonicaDominicana.com<\/title>\n<meta name=\"robots\" content=\"index, follow, max-snippet:-1, max-image-preview:large, max-video-preview:-1\" \/>\n<link rel=\"canonical\" href=\"https:\/\/potenciaradiofonicadominicana.com\/portal\/la-feria-agropecuaria-nacional-sorprende-con-una-alta-gama-de-tecnologias-para-los-productores\/\" \/>\n<meta property=\"og:locale\" content=\"es_ES\" \/>\n<meta property=\"og:type\" content=\"article\" \/>\n<meta property=\"og:title\" content=\"La feria agropecuaria nacional sorprende con una alta gama de tecnolog\u00edas para los productores - PotenciaRadiofonicaDominicana.com\" \/>\n<meta property=\"og:description\" content=\"El pasado 12 de marzo, el presidente de la Rep\u00fablica, Luis Abinader, dej\u00f3 inaugurada la 38.\u00aa Feria Agropecuaria Nacional, un ...\" \/>\n<meta property=\"og:url\" content=\"https:\/\/potenciaradiofonicadominicana.com\/portal\/la-feria-agropecuaria-nacional-sorprende-con-una-alta-gama-de-tecnologias-para-los-productores\/\" \/>\n<meta property=\"og:site_name\" content=\"PotenciaRadiofonicaDominicana.com\" \/>\n<meta property=\"article:publisher\" content=\"https:\/\/web.facebook.com\/PotenciaRadiofonicaD\" \/>\n<meta property=\"article:published_time\" content=\"2026-03-18T01:11:24+00:00\" \/>\n<meta property=\"article:modified_time\" content=\"2026-03-18T01:15:10+00:00\" \/>\n<meta property=\"og:image\" content=\"https:\/\/potenciaradiofonicadominicana.com\/portal\/wp-content\/uploads\/2026\/03\/tecnologia-al-servicio-de-produccion-nacional-en-la-feria-agropecuaria-5e2b1cf5-focus-0-0-896-504.jpg\" \/>\n\t<meta property=\"og:image:width\" content=\"896\" \/>\n\t<meta property=\"og:image:height\" content=\"504\" \/>\n\t<meta property=\"og:image:type\" content=\"image\/jpeg\" \/>\n<meta name=\"author\" content=\"Potencia Radiof\u00f3nica Dominicana\" \/>\n<meta name=\"twitter:card\" content=\"summary_large_image\" \/>\n<meta name=\"twitter:label1\" content=\"Escrito por\" \/>\n\t<meta name=\"twitter:data1\" content=\"Potencia Radiof\u00f3nica Dominicana\" \/>\n\t<meta name=\"twitter:label2\" content=\"Tiempo de lectura\" \/>\n\t<meta name=\"twitter:data2\" content=\"5 minutos\" \/>\n<script type=\"application\/ld+json\" class=\"yoast-schema-graph\">{\"@context\":\"https:\/\/schema.org\",\"@graph\":[{\"@type\":\"Article\",\"@id\":\"https:\/\/potenciaradiofonicadominicana.com\/portal\/la-feria-agropecuaria-nacional-sorprende-con-una-alta-gama-de-tecnologias-para-los-productores\/#article\",\"isPartOf\":{\"@id\":\"https:\/\/potenciaradiofonicadominicana.com\/portal\/la-feria-agropecuaria-nacional-sorprende-con-una-alta-gama-de-tecnologias-para-los-productores\/\"},\"author\":{\"name\":\"Potencia Radiof\u00f3nica Dominicana\",\"@id\":\"https:\/\/potenciaradiofonicadominicana.com\/portal\/#\/schema\/person\/a5cf1fea13877803ee0573ac18b03490\"},\"headline\":\"La feria agropecuaria nacional sorprende con una alta gama de tecnolog\u00edas para los productores\",\"datePublished\":\"2026-03-18T01:11:24+00:00\",\"dateModified\":\"2026-03-18T01:15:10+00:00\",\"mainEntityOfPage\":{\"@id\":\"https:\/\/potenciaradiofonicadominicana.com\/portal\/la-feria-agropecuaria-nacional-sorprende-con-una-alta-gama-de-tecnologias-para-los-productores\/\"},\"wordCount\":1012,\"publisher\":{\"@id\":\"https:\/\/potenciaradiofonicadominicana.com\/portal\/#organization\"},\"image\":{\"@id\":\"https:\/\/potenciaradiofonicadominicana.com\/portal\/la-feria-agropecuaria-nacional-sorprende-con-una-alta-gama-de-tecnologias-para-los-productores\/#primaryimage\"},\"thumbnailUrl\":\"https:\/\/potenciaradiofonicadominicana.com\/portal\/wp-content\/uploads\/2026\/03\/tecnologia-al-servicio-de-produccion-nacional-en-la-feria-agropecuaria-5e2b1cf5-focus-0-0-896-504.jpg\",\"articleSection\":[\"Econom\u00eda\"],\"inLanguage\":\"es\"},{\"@type\":\"WebPage\",\"@id\":\"https:\/\/potenciaradiofonicadominicana.com\/portal\/la-feria-agropecuaria-nacional-sorprende-con-una-alta-gama-de-tecnologias-para-los-productores\/\",\"url\":\"https:\/\/potenciaradiofonicadominicana.com\/portal\/la-feria-agropecuaria-nacional-sorprende-con-una-alta-gama-de-tecnologias-para-los-productores\/\",\"name\":\"La feria agropecuaria nacional sorprende con una alta gama de tecnolog\u00edas para los productores - PotenciaRadiofonicaDominicana.com\",\"isPartOf\":{\"@id\":\"https:\/\/potenciaradiofonicadominicana.com\/portal\/#website\"},\"primaryImageOfPage\":{\"@id\":\"https:\/\/potenciaradiofonicadominicana.com\/portal\/la-feria-agropecuaria-nacional-sorprende-con-una-alta-gama-de-tecnologias-para-los-productores\/#primaryimage\"},\"image\":{\"@id\":\"https:\/\/potenciaradiofonicadominicana.com\/portal\/la-feria-agropecuaria-nacional-sorprende-con-una-alta-gama-de-tecnologias-para-los-productores\/#primaryimage\"},\"thumbnailUrl\":\"https:\/\/potenciaradiofonicadominicana.com\/portal\/wp-content\/uploads\/2026\/03\/tecnologia-al-servicio-de-produccion-nacional-en-la-feria-agropecuaria-5e2b1cf5-focus-0-0-896-504.jpg\",\"datePublished\":\"2026-03-18T01:11:24+00:00\",\"dateModified\":\"2026-03-18T01:15:10+00:00\",\"breadcrumb\":{\"@id\":\"https:\/\/potenciaradiofonicadominicana.com\/portal\/la-feria-agropecuaria-nacional-sorprende-con-una-alta-gama-de-tecnologias-para-los-productores\/#breadcrumb\"},\"inLanguage\":\"es\",\"potentialAction\":[{\"@type\":\"ReadAction\",\"target\":[\"https:\/\/potenciaradiofonicadominicana.com\/portal\/la-feria-agropecuaria-nacional-sorprende-con-una-alta-gama-de-tecnologias-para-los-productores\/\"]}]},{\"@type\":\"ImageObject\",\"inLanguage\":\"es\",\"@id\":\"https:\/\/potenciaradiofonicadominicana.com\/portal\/la-feria-agropecuaria-nacional-sorprende-con-una-alta-gama-de-tecnologias-para-los-productores\/#primaryimage\",\"url\":\"https:\/\/potenciaradiofonicadominicana.com\/portal\/wp-content\/uploads\/2026\/03\/tecnologia-al-servicio-de-produccion-nacional-en-la-feria-agropecuaria-5e2b1cf5-focus-0-0-896-504.jpg\",\"contentUrl\":\"https:\/\/potenciaradiofonicadominicana.com\/portal\/wp-content\/uploads\/2026\/03\/tecnologia-al-servicio-de-produccion-nacional-en-la-feria-agropecuaria-5e2b1cf5-focus-0-0-896-504.jpg\",\"width\":896,\"height\":504},{\"@type\":\"BreadcrumbList\",\"@id\":\"https:\/\/potenciaradiofonicadominicana.com\/portal\/la-feria-agropecuaria-nacional-sorprende-con-una-alta-gama-de-tecnologias-para-los-productores\/#breadcrumb\",\"itemListElement\":[{\"@type\":\"ListItem\",\"position\":1,\"name\":\"Portada\",\"item\":\"https:\/\/potenciaradiofonicadominicana.com\/portal\/\"},{\"@type\":\"ListItem\",\"position\":2,\"name\":\"La feria agropecuaria nacional sorprende con una alta gama de tecnolog\u00edas para los productores\"}]},{\"@type\":\"WebSite\",\"@id\":\"https:\/\/potenciaradiofonicadominicana.com\/portal\/#website\",\"url\":\"https:\/\/potenciaradiofonicadominicana.com\/portal\/\",\"name\":\"PotenciaRadiofonicaDominicana.com\",\"description\":\"Peri\u00f3dico Digital\",\"publisher\":{\"@id\":\"https:\/\/potenciaradiofonicadominicana.com\/portal\/#organization\"},\"potentialAction\":[{\"@type\":\"SearchAction\",\"target\":{\"@type\":\"EntryPoint\",\"urlTemplate\":\"https:\/\/potenciaradiofonicadominicana.com\/portal\/?s={search_term_string}\"},\"query-input\":{\"@type\":\"PropertyValueSpecification\",\"valueRequired\":true,\"valueName\":\"search_term_string\"}}],\"inLanguage\":\"es\"},{\"@type\":\"Organization\",\"@id\":\"https:\/\/potenciaradiofonicadominicana.com\/portal\/#organization\",\"name\":\"PotenciaRadiofonicaDominicana.com\",\"url\":\"https:\/\/potenciaradiofonicadominicana.com\/portal\/\",\"logo\":{\"@type\":\"ImageObject\",\"inLanguage\":\"es\",\"@id\":\"https:\/\/potenciaradiofonicadominicana.com\/portal\/#\/schema\/logo\/image\/\",\"url\":\"https:\/\/potenciaradiofonicadominicana.com\/portal\/wp-content\/uploads\/2022\/01\/descarga.png\",\"contentUrl\":\"https:\/\/potenciaradiofonicadominicana.com\/portal\/wp-content\/uploads\/2022\/01\/descarga.png\",\"width\":300,\"height\":100,\"caption\":\"PotenciaRadiofonicaDominicana.com\"},\"image\":{\"@id\":\"https:\/\/potenciaradiofonicadominicana.com\/portal\/#\/schema\/logo\/image\/\"},\"sameAs\":[\"https:\/\/web.facebook.com\/PotenciaRadiofonicaD\"]},{\"@type\":\"Person\",\"@id\":\"https:\/\/potenciaradiofonicadominicana.com\/portal\/#\/schema\/person\/a5cf1fea13877803ee0573ac18b03490\",\"name\":\"Potencia Radiof\u00f3nica Dominicana\",\"image\":{\"@type\":\"ImageObject\",\"inLanguage\":\"es\",\"@id\":\"https:\/\/potenciaradiofonicadominicana.com\/portal\/#\/schema\/person\/image\/\",\"url\":\"https:\/\/secure.gravatar.com\/avatar\/42a55ab9e8ccc656ba34cd791990602a?s=96&d=mm&r=g\",\"contentUrl\":\"https:\/\/secure.gravatar.com\/avatar\/42a55ab9e8ccc656ba34cd791990602a?s=96&d=mm&r=g\",\"caption\":\"Potencia Radiof\u00f3nica Dominicana\"},\"url\":\"https:\/\/potenciaradiofonicadominicana.com\/portal\/author\/johannyalmanzar\/\"}]}<\/script>\n<!-- \/ Yoast SEO plugin. -->","yoast_head_json":{"title":"La feria agropecuaria nacional sorprende con una alta gama de tecnolog\u00edas para los productores - PotenciaRadiofonicaDominicana.com","robots":{"index":"index","follow":"follow","max-snippet":"max-snippet:-1","max-image-preview":"max-image-preview:large","max-video-preview":"max-video-preview:-1"},"canonical":"https:\/\/potenciaradiofonicadominicana.com\/portal\/la-feria-agropecuaria-nacional-sorprende-con-una-alta-gama-de-tecnologias-para-los-productores\/","og_locale":"es_ES","og_type":"article","og_title":"La feria agropecuaria nacional sorprende con una alta gama de tecnolog\u00edas para los productores - PotenciaRadiofonicaDominicana.com","og_description":"El pasado 12 de marzo, el presidente de la Rep\u00fablica, Luis Abinader, dej\u00f3 inaugurada la 38.\u00aa Feria Agropecuaria Nacional, un ...","og_url":"https:\/\/potenciaradiofonicadominicana.com\/portal\/la-feria-agropecuaria-nacional-sorprende-con-una-alta-gama-de-tecnologias-para-los-productores\/","og_site_name":"PotenciaRadiofonicaDominicana.com","article_publisher":"https:\/\/web.facebook.com\/PotenciaRadiofonicaD","article_published_time":"2026-03-18T01:11:24+00:00","article_modified_time":"2026-03-18T01:15:10+00:00","og_image":[{"width":896,"height":504,"url":"https:\/\/potenciaradiofonicadominicana.com\/portal\/wp-content\/uploads\/2026\/03\/tecnologia-al-servicio-de-produccion-nacional-en-la-feria-agropecuaria-5e2b1cf5-focus-0-0-896-504.jpg","type":"image\/jpeg"}],"author":"Potencia Radiof\u00f3nica Dominicana","twitter_card":"summary_large_image","twitter_misc":{"Escrito por":"Potencia Radiof\u00f3nica Dominicana","Tiempo de lectura":"5 minutos"},"schema":{"@context":"https:\/\/schema.org","@graph":[{"@type":"Article","@id":"https:\/\/potenciaradiofonicadominicana.com\/portal\/la-feria-agropecuaria-nacional-sorprende-con-una-alta-gama-de-tecnologias-para-los-productores\/#article","isPartOf":{"@id":"https:\/\/potenciaradiofonicadominicana.com\/portal\/la-feria-agropecuaria-nacional-sorprende-con-una-alta-gama-de-tecnologias-para-los-productores\/"},"author":{"name":"Potencia Radiof\u00f3nica Dominicana","@id":"https:\/\/potenciaradiofonicadominicana.com\/portal\/#\/schema\/person\/a5cf1fea13877803ee0573ac18b03490"},"headline":"La feria agropecuaria nacional sorprende con una alta gama de tecnolog\u00edas para los productores","datePublished":"2026-03-18T01:11:24+00:00","dateModified":"2026-03-18T01:15:10+00:00","mainEntityOfPage":{"@id":"https:\/\/potenciaradiofonicadominicana.com\/portal\/la-feria-agropecuaria-nacional-sorprende-con-una-alta-gama-de-tecnologias-para-los-productores\/"},"wordCount":1012,"publisher":{"@id":"https:\/\/potenciaradiofonicadominicana.com\/portal\/#organization"},"image":{"@id":"https:\/\/potenciaradiofonicadominicana.com\/portal\/la-feria-agropecuaria-nacional-sorprende-con-una-alta-gama-de-tecnologias-para-los-productores\/#primaryimage"},"thumbnailUrl":"https:\/\/potenciaradiofonicadominicana.com\/portal\/wp-content\/uploads\/2026\/03\/tecnologia-al-servicio-de-produccion-nacional-en-la-feria-agropecuaria-5e2b1cf5-focus-0-0-896-504.jpg","articleSection":["Econom\u00eda"],"inLanguage":"es"},{"@type":"WebPage","@id":"https:\/\/potenciaradiofonicadominicana.com\/portal\/la-feria-agropecuaria-nacional-sorprende-con-una-alta-gama-de-tecnologias-para-los-productores\/","url":"https:\/\/potenciaradiofonicadominicana.com\/portal\/la-feria-agropecuaria-nacional-sorprende-con-una-alta-gama-de-tecnologias-para-los-productores\/","name":"La feria agropecuaria nacional sorprende con una alta gama de tecnolog\u00edas para los productores - PotenciaRadiofonicaDominicana.com","isPartOf":{"@id":"https:\/\/potenciaradiofonicadominicana.com\/portal\/#website"},"primaryImageOfPage":{"@id":"https:\/\/potenciaradiofonicadominicana.com\/portal\/la-feria-agropecuaria-nacional-sorprende-con-una-alta-gama-de-tecnologias-para-los-productores\/#primaryimage"},"image":{"@id":"https:\/\/potenciaradiofonicadominicana.com\/portal\/la-feria-agropecuaria-nacional-sorprende-con-una-alta-gama-de-tecnologias-para-los-productores\/#primaryimage"},"thumbnailUrl":"https:\/\/potenciaradiofonicadominicana.com\/portal\/wp-content\/uploads\/2026\/03\/tecnologia-al-servicio-de-produccion-nacional-en-la-feria-agropecuaria-5e2b1cf5-focus-0-0-896-504.jpg","datePublished":"2026-03-18T01:11:24+00:00","dateModified":"2026-03-18T01:15:10+00:00","breadcrumb":{"@id":"https:\/\/potenciaradiofonicadominicana.com\/portal\/la-feria-agropecuaria-nacional-sorprende-con-una-alta-gama-de-tecnologias-para-los-productores\/#breadcrumb"},"inLanguage":"es","potentialAction":[{"@type":"ReadAction","target":["https:\/\/potenciaradiofonicadominicana.com\/portal\/la-feria-agropecuaria-nacional-sorprende-con-una-alta-gama-de-tecnologias-para-los-productores\/"]}]},{"@type":"ImageObject","inLanguage":"es","@id":"https:\/\/potenciaradiofonicadominicana.com\/portal\/la-feria-agropecuaria-nacional-sorprende-con-una-alta-gama-de-tecnologias-para-los-productores\/#primaryimage","url":"https:\/\/potenciaradiofonicadominicana.com\/portal\/wp-content\/uploads\/2026\/03\/tecnologia-al-servicio-de-produccion-nacional-en-la-feria-agropecuaria-5e2b1cf5-focus-0-0-896-504.jpg","contentUrl":"https:\/\/potenciaradiofonicadominicana.com\/portal\/wp-content\/uploads\/2026\/03\/tecnologia-al-servicio-de-produccion-nacional-en-la-feria-agropecuaria-5e2b1cf5-focus-0-0-896-504.jpg","width":896,"height":504},{"@type":"BreadcrumbList","@id":"https:\/\/potenciaradiofonicadominicana.com\/portal\/la-feria-agropecuaria-nacional-sorprende-con-una-alta-gama-de-tecnologias-para-los-productores\/#breadcrumb","itemListElement":[{"@type":"ListItem","position":1,"name":"Portada","item":"https:\/\/potenciaradiofonicadominicana.com\/portal\/"},{"@type":"ListItem","position":2,"name":"La feria agropecuaria nacional sorprende con una alta gama de tecnolog\u00edas para los productores"}]},{"@type":"WebSite","@id":"https:\/\/potenciaradiofonicadominicana.com\/portal\/#website","url":"https:\/\/potenciaradiofonicadominicana.com\/portal\/","name":"PotenciaRadiofonicaDominicana.com","description":"Peri\u00f3dico Digital","publisher":{"@id":"https:\/\/potenciaradiofonicadominicana.com\/portal\/#organization"},"potentialAction":[{"@type":"SearchAction","target":{"@type":"EntryPoint","urlTemplate":"https:\/\/potenciaradiofonicadominicana.com\/portal\/?s={search_term_string}"},"query-input":{"@type":"PropertyValueSpecification","valueRequired":true,"valueName":"search_term_string"}}],"inLanguage":"es"},{"@type":"Organization","@id":"https:\/\/potenciaradiofonicadominicana.com\/portal\/#organization","name":"PotenciaRadiofonicaDominicana.com","url":"https:\/\/potenciaradiofonicadominicana.com\/portal\/","logo":{"@type":"ImageObject","inLanguage":"es","@id":"https:\/\/potenciaradiofonicadominicana.com\/portal\/#\/schema\/logo\/image\/","url":"https:\/\/potenciaradiofonicadominicana.com\/portal\/wp-content\/uploads\/2022\/01\/descarga.png","contentUrl":"https:\/\/potenciaradiofonicadominicana.com\/portal\/wp-content\/uploads\/2022\/01\/descarga.png","width":300,"height":100,"caption":"PotenciaRadiofonicaDominicana.com"},"image":{"@id":"https:\/\/potenciaradiofonicadominicana.com\/portal\/#\/schema\/logo\/image\/"},"sameAs":["https:\/\/web.facebook.com\/PotenciaRadiofonicaD"]},{"@type":"Person","@id":"https:\/\/potenciaradiofonicadominicana.com\/portal\/#\/schema\/person\/a5cf1fea13877803ee0573ac18b03490","name":"Potencia Radiof\u00f3nica Dominicana","image":{"@type":"ImageObject","inLanguage":"es","@id":"https:\/\/potenciaradiofonicadominicana.com\/portal\/#\/schema\/person\/image\/","url":"https:\/\/secure.gravatar.com\/avatar\/42a55ab9e8ccc656ba34cd791990602a?s=96&d=mm&r=g","contentUrl":"https:\/\/secure.gravatar.com\/avatar\/42a55ab9e8ccc656ba34cd791990602a?s=96&d=mm&r=g","caption":"Potencia Radiof\u00f3nica Dominicana"},"url":"https:\/\/potenciaradiofonicadominicana.com\/portal\/author\/johannyalmanzar\/"}]}},"_links":{"self":[{"href":"https:\/\/potenciaradiofonicadominicana.com\/portal\/wp-json\/wp\/v2\/posts\/213265","targetHints":{"allow":["GET"]}}],"collection":[{"href":"https:\/\/potenciaradiofonicadominicana.com\/portal\/wp-json\/wp\/v2\/posts"}],"about":[{"href":"https:\/\/potenciaradiofonicadominicana.com\/portal\/wp-json\/wp\/v2\/types\/post"}],"author":[{"embeddable":true,"href":"https:\/\/potenciaradiofonicadominicana.com\/portal\/wp-json\/wp\/v2\/users\/2"}],"replies":[{"embeddable":true,"href":"https:\/\/potenciaradiofonicadominicana.com\/portal\/wp-json\/wp\/v2\/comments?post=213265"}],"version-history":[{"count":3,"href":"https:\/\/potenciaradiofonicadominicana.com\/portal\/wp-json\/wp\/v2\/posts\/213265\/revisions"}],"predecessor-version":[{"id":213269,"href":"https:\/\/potenciaradiofonicadominicana.com\/portal\/wp-json\/wp\/v2\/posts\/213265\/revisions\/213269"}],"wp:featuredmedia":[{"embeddable":true,"href":"https:\/\/potenciaradiofonicadominicana.com\/portal\/wp-json\/wp\/v2\/media\/213266"}],"wp:attachment":[{"href":"https:\/\/potenciaradiofonicadominicana.com\/portal\/wp-json\/wp\/v2\/media?parent=213265"}],"wp:term":[{"taxonomy":"category","embeddable":true,"href":"https:\/\/potenciaradiofonicadominicana.com\/portal\/wp-json\/wp\/v2\/categories?post=213265"},{"taxonomy":"post_tag","embeddable":true,"href":"https:\/\/potenciaradiofonicadominicana.com\/portal\/wp-json\/wp\/v2\/tags?post=213265"}],"curies":[{"name":"wp","href":"https:\/\/api.w.org\/{rel}","templated":true}]}}