{"id":213243,"date":"2026-03-17T20:48:36","date_gmt":"2026-03-18T00:48:36","guid":{"rendered":"https:\/\/potenciaradiofonicadominicana.com\/portal\/?p=213243"},"modified":"2026-03-17T20:48:36","modified_gmt":"2026-03-18T00:48:36","slug":"manuel-sanchez-encuentra-en-el-tenis-en-silla-de-ruedas-una-pasion-que-impulsa-su-vida","status":"publish","type":"post","link":"https:\/\/potenciaradiofonicadominicana.com\/portal\/manuel-sanchez-encuentra-en-el-tenis-en-silla-de-ruedas-una-pasion-que-impulsa-su-vida\/","title":{"rendered":"Manuel S\u00e1nchez encuentra en el tenis en silla de ruedas una pasi\u00f3n que impulsa su vida"},"content":{"rendered":"<p><a href=\"https:\/\/potenciaradiofonicadominicana.com\/portal\/wp-content\/uploads\/2026\/03\/manuel-sanchez.jpeg\"><img loading=\"lazy\" decoding=\"async\" class=\"alignnone size-full wp-image-213244\" src=\"https:\/\/potenciaradiofonicadominicana.com\/portal\/wp-content\/uploads\/2026\/03\/manuel-sanchez.jpeg\" alt=\"\" width=\"1280\" height=\"853\" srcset=\"https:\/\/potenciaradiofonicadominicana.com\/portal\/wp-content\/uploads\/2026\/03\/manuel-sanchez.jpeg 1280w, https:\/\/potenciaradiofonicadominicana.com\/portal\/wp-content\/uploads\/2026\/03\/manuel-sanchez-300x200.jpeg 300w, https:\/\/potenciaradiofonicadominicana.com\/portal\/wp-content\/uploads\/2026\/03\/manuel-sanchez-1024x682.jpeg 1024w, https:\/\/potenciaradiofonicadominicana.com\/portal\/wp-content\/uploads\/2026\/03\/manuel-sanchez-768x512.jpeg 768w\" sizes=\"auto, (max-width: 1280px) 100vw, 1280px\" \/><\/a><\/p>\n<p>CAP CANA.- Lo que inici\u00f3 como una invitaci\u00f3n termin\u00f3 marcando un antes y un despu\u00e9s en la vida del atleta Manuel S\u00e1nchez, quien hoy se ha consolidado en el tenis en silla de ruedas tras m\u00e1s de 15 a\u00f1os en la disciplina.<\/p>\n<p>S\u00e1nchez relat\u00f3 que su acercamiento al deporte se produjo luego de sufrir una lesi\u00f3n medular, momento en el que fue invitado a conocer esta modalidad.<\/p>\n<p>Lo que comenz\u00f3 como una experiencia ocasional, r\u00e1pidamente se transform\u00f3 en una pr\u00e1ctica constante.<\/p>\n<p>\u201cMe invitaron a probarlo y me encant\u00f3. Ahora es una pasi\u00f3n. Me gusta competir y sentir la adrenalina en cada partido\u201d, expres\u00f3.<\/p>\n<p>El atleta destac\u00f3 que uno de los principales atractivos del tenis en silla de ruedas es el componente competitivo, as\u00ed como la posibilidad de superaci\u00f3n personal dentro y fuera de la cancha.<\/p>\n<p>En ese sentido, se\u00f1al\u00f3 que esta disciplina ha experimentado un crecimiento sostenido a nivel internacional, con m\u00e1s de 140 torneos en el circuito, lo que ha permitido aumentar su visibilidad y participaci\u00f3n.<\/p>\n<p>\u201cEl deporte cada vez es m\u00e1s visible. Ahora forma parte de eventos importantes junto al tenis convencional\u201d, indic\u00f3.<\/p>\n<p>S\u00e1nchez tambi\u00e9n mencion\u00f3 como referentes a figuras del tenis mundial como Rafael Nadal, Roger Federer y Carlos Alcaraz, quienes han influido en su admiraci\u00f3n por este deporte.<\/p>\n<p>Adem\u00e1s, resalt\u00f3 iniciativas que buscan expandir esta modalidad en nuevos escenarios, incluyendo la posibilidad de realizar torneos en Rep\u00fablica Dominicana, lo que representar\u00eda un avance significativo para el desarrollo local.<\/p>\n<p>Finalmente, hizo un llamado a las personas con discapacidad f\u00edsica a integrarse a esta disciplina, destacando sus beneficios tanto deportivos como sociales.<\/p>\n<p>\u201cEl tenis en silla de ruedas abre oportunidades. Invito a todos a que se animen a practicarlo\u201d, concluy\u00f3.<\/p>\n","protected":false},"excerpt":{"rendered":"<p>CAP CANA.- Lo que inici\u00f3 como una invitaci\u00f3n termin\u00f3 marcando un antes y un despu\u00e9s en la vida del atleta &#8230;<\/p>\n","protected":false},"author":2,"featured_media":213244,"comment_status":"closed","ping_status":"closed","sticky":false,"template":"","format":"standard","meta":{"footnotes":""},"categories":[28],"tags":[],"class_list":["post-213243","post","type-post","status-publish","format-standard","has-post-thumbnail","hentry","category-deportes"],"yoast_head":"<!-- This site is optimized with the Yoast SEO plugin v24.8.1 - https:\/\/yoast.com\/wordpress\/plugins\/seo\/ -->\n<title>Manuel S\u00e1nchez encuentra en el tenis en silla de ruedas una pasi\u00f3n que impulsa su vida - PotenciaRadiofonicaDominicana.com<\/title>\n<meta name=\"robots\" content=\"index, follow, max-snippet:-1, max-image-preview:large, max-video-preview:-1\" \/>\n<link rel=\"canonical\" href=\"https:\/\/potenciaradiofonicadominicana.com\/portal\/manuel-sanchez-encuentra-en-el-tenis-en-silla-de-ruedas-una-pasion-que-impulsa-su-vida\/\" \/>\n<meta property=\"og:locale\" content=\"es_ES\" \/>\n<meta property=\"og:type\" content=\"article\" \/>\n<meta property=\"og:title\" content=\"Manuel S\u00e1nchez encuentra en el tenis en silla de ruedas una pasi\u00f3n que impulsa su vida - PotenciaRadiofonicaDominicana.com\" \/>\n<meta property=\"og:description\" content=\"CAP CANA.- Lo que inici\u00f3 como una invitaci\u00f3n termin\u00f3 marcando un antes y un despu\u00e9s en la vida del atleta ...\" \/>\n<meta property=\"og:url\" content=\"https:\/\/potenciaradiofonicadominicana.com\/portal\/manuel-sanchez-encuentra-en-el-tenis-en-silla-de-ruedas-una-pasion-que-impulsa-su-vida\/\" \/>\n<meta property=\"og:site_name\" content=\"PotenciaRadiofonicaDominicana.com\" \/>\n<meta property=\"article:publisher\" content=\"https:\/\/web.facebook.com\/PotenciaRadiofonicaD\" \/>\n<meta property=\"article:published_time\" content=\"2026-03-18T00:48:36+00:00\" \/>\n<meta property=\"og:image\" content=\"https:\/\/potenciaradiofonicadominicana.com\/portal\/wp-content\/uploads\/2026\/03\/manuel-sanchez.jpeg\" \/>\n\t<meta property=\"og:image:width\" content=\"1280\" \/>\n\t<meta property=\"og:image:height\" content=\"853\" \/>\n\t<meta property=\"og:image:type\" content=\"image\/jpeg\" \/>\n<meta name=\"author\" content=\"Potencia Radiof\u00f3nica Dominicana\" \/>\n<meta name=\"twitter:card\" content=\"summary_large_image\" \/>\n<meta name=\"twitter:label1\" content=\"Escrito por\" \/>\n\t<meta name=\"twitter:data1\" content=\"Potencia Radiof\u00f3nica Dominicana\" \/>\n\t<meta name=\"twitter:label2\" content=\"Tiempo de lectura\" \/>\n\t<meta name=\"twitter:data2\" content=\"2 minutos\" \/>\n<script type=\"application\/ld+json\" class=\"yoast-schema-graph\">{\"@context\":\"https:\/\/schema.org\",\"@graph\":[{\"@type\":\"Article\",\"@id\":\"https:\/\/potenciaradiofonicadominicana.com\/portal\/manuel-sanchez-encuentra-en-el-tenis-en-silla-de-ruedas-una-pasion-que-impulsa-su-vida\/#article\",\"isPartOf\":{\"@id\":\"https:\/\/potenciaradiofonicadominicana.com\/portal\/manuel-sanchez-encuentra-en-el-tenis-en-silla-de-ruedas-una-pasion-que-impulsa-su-vida\/\"},\"author\":{\"name\":\"Potencia Radiof\u00f3nica Dominicana\",\"@id\":\"https:\/\/potenciaradiofonicadominicana.com\/portal\/#\/schema\/person\/a5cf1fea13877803ee0573ac18b03490\"},\"headline\":\"Manuel S\u00e1nchez encuentra en el tenis en silla de ruedas una pasi\u00f3n que impulsa su vida\",\"datePublished\":\"2026-03-18T00:48:36+00:00\",\"mainEntityOfPage\":{\"@id\":\"https:\/\/potenciaradiofonicadominicana.com\/portal\/manuel-sanchez-encuentra-en-el-tenis-en-silla-de-ruedas-una-pasion-que-impulsa-su-vida\/\"},\"wordCount\":321,\"publisher\":{\"@id\":\"https:\/\/potenciaradiofonicadominicana.com\/portal\/#organization\"},\"image\":{\"@id\":\"https:\/\/potenciaradiofonicadominicana.com\/portal\/manuel-sanchez-encuentra-en-el-tenis-en-silla-de-ruedas-una-pasion-que-impulsa-su-vida\/#primaryimage\"},\"thumbnailUrl\":\"https:\/\/potenciaradiofonicadominicana.com\/portal\/wp-content\/uploads\/2026\/03\/manuel-sanchez.jpeg\",\"articleSection\":[\"Deportes\"],\"inLanguage\":\"es\"},{\"@type\":\"WebPage\",\"@id\":\"https:\/\/potenciaradiofonicadominicana.com\/portal\/manuel-sanchez-encuentra-en-el-tenis-en-silla-de-ruedas-una-pasion-que-impulsa-su-vida\/\",\"url\":\"https:\/\/potenciaradiofonicadominicana.com\/portal\/manuel-sanchez-encuentra-en-el-tenis-en-silla-de-ruedas-una-pasion-que-impulsa-su-vida\/\",\"name\":\"Manuel S\u00e1nchez encuentra en el tenis en silla de ruedas una pasi\u00f3n que impulsa su vida - PotenciaRadiofonicaDominicana.com\",\"isPartOf\":{\"@id\":\"https:\/\/potenciaradiofonicadominicana.com\/portal\/#website\"},\"primaryImageOfPage\":{\"@id\":\"https:\/\/potenciaradiofonicadominicana.com\/portal\/manuel-sanchez-encuentra-en-el-tenis-en-silla-de-ruedas-una-pasion-que-impulsa-su-vida\/#primaryimage\"},\"image\":{\"@id\":\"https:\/\/potenciaradiofonicadominicana.com\/portal\/manuel-sanchez-encuentra-en-el-tenis-en-silla-de-ruedas-una-pasion-que-impulsa-su-vida\/#primaryimage\"},\"thumbnailUrl\":\"https:\/\/potenciaradiofonicadominicana.com\/portal\/wp-content\/uploads\/2026\/03\/manuel-sanchez.jpeg\",\"datePublished\":\"2026-03-18T00:48:36+00:00\",\"breadcrumb\":{\"@id\":\"https:\/\/potenciaradiofonicadominicana.com\/portal\/manuel-sanchez-encuentra-en-el-tenis-en-silla-de-ruedas-una-pasion-que-impulsa-su-vida\/#breadcrumb\"},\"inLanguage\":\"es\",\"potentialAction\":[{\"@type\":\"ReadAction\",\"target\":[\"https:\/\/potenciaradiofonicadominicana.com\/portal\/manuel-sanchez-encuentra-en-el-tenis-en-silla-de-ruedas-una-pasion-que-impulsa-su-vida\/\"]}]},{\"@type\":\"ImageObject\",\"inLanguage\":\"es\",\"@id\":\"https:\/\/potenciaradiofonicadominicana.com\/portal\/manuel-sanchez-encuentra-en-el-tenis-en-silla-de-ruedas-una-pasion-que-impulsa-su-vida\/#primaryimage\",\"url\":\"https:\/\/potenciaradiofonicadominicana.com\/portal\/wp-content\/uploads\/2026\/03\/manuel-sanchez.jpeg\",\"contentUrl\":\"https:\/\/potenciaradiofonicadominicana.com\/portal\/wp-content\/uploads\/2026\/03\/manuel-sanchez.jpeg\",\"width\":1280,\"height\":853},{\"@type\":\"BreadcrumbList\",\"@id\":\"https:\/\/potenciaradiofonicadominicana.com\/portal\/manuel-sanchez-encuentra-en-el-tenis-en-silla-de-ruedas-una-pasion-que-impulsa-su-vida\/#breadcrumb\",\"itemListElement\":[{\"@type\":\"ListItem\",\"position\":1,\"name\":\"Portada\",\"item\":\"https:\/\/potenciaradiofonicadominicana.com\/portal\/\"},{\"@type\":\"ListItem\",\"position\":2,\"name\":\"Manuel S\u00e1nchez encuentra en el tenis en silla de ruedas una pasi\u00f3n que impulsa su vida\"}]},{\"@type\":\"WebSite\",\"@id\":\"https:\/\/potenciaradiofonicadominicana.com\/portal\/#website\",\"url\":\"https:\/\/potenciaradiofonicadominicana.com\/portal\/\",\"name\":\"PotenciaRadiofonicaDominicana.com\",\"description\":\"Peri\u00f3dico Digital\",\"publisher\":{\"@id\":\"https:\/\/potenciaradiofonicadominicana.com\/portal\/#organization\"},\"potentialAction\":[{\"@type\":\"SearchAction\",\"target\":{\"@type\":\"EntryPoint\",\"urlTemplate\":\"https:\/\/potenciaradiofonicadominicana.com\/portal\/?s={search_term_string}\"},\"query-input\":{\"@type\":\"PropertyValueSpecification\",\"valueRequired\":true,\"valueName\":\"search_term_string\"}}],\"inLanguage\":\"es\"},{\"@type\":\"Organization\",\"@id\":\"https:\/\/potenciaradiofonicadominicana.com\/portal\/#organization\",\"name\":\"PotenciaRadiofonicaDominicana.com\",\"url\":\"https:\/\/potenciaradiofonicadominicana.com\/portal\/\",\"logo\":{\"@type\":\"ImageObject\",\"inLanguage\":\"es\",\"@id\":\"https:\/\/potenciaradiofonicadominicana.com\/portal\/#\/schema\/logo\/image\/\",\"url\":\"https:\/\/potenciaradiofonicadominicana.com\/portal\/wp-content\/uploads\/2022\/01\/descarga.png\",\"contentUrl\":\"https:\/\/potenciaradiofonicadominicana.com\/portal\/wp-content\/uploads\/2022\/01\/descarga.png\",\"width\":300,\"height\":100,\"caption\":\"PotenciaRadiofonicaDominicana.com\"},\"image\":{\"@id\":\"https:\/\/potenciaradiofonicadominicana.com\/portal\/#\/schema\/logo\/image\/\"},\"sameAs\":[\"https:\/\/web.facebook.com\/PotenciaRadiofonicaD\"]},{\"@type\":\"Person\",\"@id\":\"https:\/\/potenciaradiofonicadominicana.com\/portal\/#\/schema\/person\/a5cf1fea13877803ee0573ac18b03490\",\"name\":\"Potencia Radiof\u00f3nica Dominicana\",\"image\":{\"@type\":\"ImageObject\",\"inLanguage\":\"es\",\"@id\":\"https:\/\/potenciaradiofonicadominicana.com\/portal\/#\/schema\/person\/image\/\",\"url\":\"https:\/\/secure.gravatar.com\/avatar\/42a55ab9e8ccc656ba34cd791990602a?s=96&d=mm&r=g\",\"contentUrl\":\"https:\/\/secure.gravatar.com\/avatar\/42a55ab9e8ccc656ba34cd791990602a?s=96&d=mm&r=g\",\"caption\":\"Potencia Radiof\u00f3nica Dominicana\"},\"url\":\"https:\/\/potenciaradiofonicadominicana.com\/portal\/author\/johannyalmanzar\/\"}]}<\/script>\n<!-- \/ Yoast SEO plugin. -->","yoast_head_json":{"title":"Manuel S\u00e1nchez encuentra en el tenis en silla de ruedas una pasi\u00f3n que impulsa su vida - PotenciaRadiofonicaDominicana.com","robots":{"index":"index","follow":"follow","max-snippet":"max-snippet:-1","max-image-preview":"max-image-preview:large","max-video-preview":"max-video-preview:-1"},"canonical":"https:\/\/potenciaradiofonicadominicana.com\/portal\/manuel-sanchez-encuentra-en-el-tenis-en-silla-de-ruedas-una-pasion-que-impulsa-su-vida\/","og_locale":"es_ES","og_type":"article","og_title":"Manuel S\u00e1nchez encuentra en el tenis en silla de ruedas una pasi\u00f3n que impulsa su vida - PotenciaRadiofonicaDominicana.com","og_description":"CAP CANA.- Lo que inici\u00f3 como una invitaci\u00f3n termin\u00f3 marcando un antes y un despu\u00e9s en la vida del atleta ...","og_url":"https:\/\/potenciaradiofonicadominicana.com\/portal\/manuel-sanchez-encuentra-en-el-tenis-en-silla-de-ruedas-una-pasion-que-impulsa-su-vida\/","og_site_name":"PotenciaRadiofonicaDominicana.com","article_publisher":"https:\/\/web.facebook.com\/PotenciaRadiofonicaD","article_published_time":"2026-03-18T00:48:36+00:00","og_image":[{"width":1280,"height":853,"url":"https:\/\/potenciaradiofonicadominicana.com\/portal\/wp-content\/uploads\/2026\/03\/manuel-sanchez.jpeg","type":"image\/jpeg"}],"author":"Potencia Radiof\u00f3nica Dominicana","twitter_card":"summary_large_image","twitter_misc":{"Escrito por":"Potencia Radiof\u00f3nica Dominicana","Tiempo de lectura":"2 minutos"},"schema":{"@context":"https:\/\/schema.org","@graph":[{"@type":"Article","@id":"https:\/\/potenciaradiofonicadominicana.com\/portal\/manuel-sanchez-encuentra-en-el-tenis-en-silla-de-ruedas-una-pasion-que-impulsa-su-vida\/#article","isPartOf":{"@id":"https:\/\/potenciaradiofonicadominicana.com\/portal\/manuel-sanchez-encuentra-en-el-tenis-en-silla-de-ruedas-una-pasion-que-impulsa-su-vida\/"},"author":{"name":"Potencia Radiof\u00f3nica Dominicana","@id":"https:\/\/potenciaradiofonicadominicana.com\/portal\/#\/schema\/person\/a5cf1fea13877803ee0573ac18b03490"},"headline":"Manuel S\u00e1nchez encuentra en el tenis en silla de ruedas una pasi\u00f3n que impulsa su vida","datePublished":"2026-03-18T00:48:36+00:00","mainEntityOfPage":{"@id":"https:\/\/potenciaradiofonicadominicana.com\/portal\/manuel-sanchez-encuentra-en-el-tenis-en-silla-de-ruedas-una-pasion-que-impulsa-su-vida\/"},"wordCount":321,"publisher":{"@id":"https:\/\/potenciaradiofonicadominicana.com\/portal\/#organization"},"image":{"@id":"https:\/\/potenciaradiofonicadominicana.com\/portal\/manuel-sanchez-encuentra-en-el-tenis-en-silla-de-ruedas-una-pasion-que-impulsa-su-vida\/#primaryimage"},"thumbnailUrl":"https:\/\/potenciaradiofonicadominicana.com\/portal\/wp-content\/uploads\/2026\/03\/manuel-sanchez.jpeg","articleSection":["Deportes"],"inLanguage":"es"},{"@type":"WebPage","@id":"https:\/\/potenciaradiofonicadominicana.com\/portal\/manuel-sanchez-encuentra-en-el-tenis-en-silla-de-ruedas-una-pasion-que-impulsa-su-vida\/","url":"https:\/\/potenciaradiofonicadominicana.com\/portal\/manuel-sanchez-encuentra-en-el-tenis-en-silla-de-ruedas-una-pasion-que-impulsa-su-vida\/","name":"Manuel S\u00e1nchez encuentra en el tenis en silla de ruedas una pasi\u00f3n que impulsa su vida - PotenciaRadiofonicaDominicana.com","isPartOf":{"@id":"https:\/\/potenciaradiofonicadominicana.com\/portal\/#website"},"primaryImageOfPage":{"@id":"https:\/\/potenciaradiofonicadominicana.com\/portal\/manuel-sanchez-encuentra-en-el-tenis-en-silla-de-ruedas-una-pasion-que-impulsa-su-vida\/#primaryimage"},"image":{"@id":"https:\/\/potenciaradiofonicadominicana.com\/portal\/manuel-sanchez-encuentra-en-el-tenis-en-silla-de-ruedas-una-pasion-que-impulsa-su-vida\/#primaryimage"},"thumbnailUrl":"https:\/\/potenciaradiofonicadominicana.com\/portal\/wp-content\/uploads\/2026\/03\/manuel-sanchez.jpeg","datePublished":"2026-03-18T00:48:36+00:00","breadcrumb":{"@id":"https:\/\/potenciaradiofonicadominicana.com\/portal\/manuel-sanchez-encuentra-en-el-tenis-en-silla-de-ruedas-una-pasion-que-impulsa-su-vida\/#breadcrumb"},"inLanguage":"es","potentialAction":[{"@type":"ReadAction","target":["https:\/\/potenciaradiofonicadominicana.com\/portal\/manuel-sanchez-encuentra-en-el-tenis-en-silla-de-ruedas-una-pasion-que-impulsa-su-vida\/"]}]},{"@type":"ImageObject","inLanguage":"es","@id":"https:\/\/potenciaradiofonicadominicana.com\/portal\/manuel-sanchez-encuentra-en-el-tenis-en-silla-de-ruedas-una-pasion-que-impulsa-su-vida\/#primaryimage","url":"https:\/\/potenciaradiofonicadominicana.com\/portal\/wp-content\/uploads\/2026\/03\/manuel-sanchez.jpeg","contentUrl":"https:\/\/potenciaradiofonicadominicana.com\/portal\/wp-content\/uploads\/2026\/03\/manuel-sanchez.jpeg","width":1280,"height":853},{"@type":"BreadcrumbList","@id":"https:\/\/potenciaradiofonicadominicana.com\/portal\/manuel-sanchez-encuentra-en-el-tenis-en-silla-de-ruedas-una-pasion-que-impulsa-su-vida\/#breadcrumb","itemListElement":[{"@type":"ListItem","position":1,"name":"Portada","item":"https:\/\/potenciaradiofonicadominicana.com\/portal\/"},{"@type":"ListItem","position":2,"name":"Manuel S\u00e1nchez encuentra en el tenis en silla de ruedas una pasi\u00f3n que impulsa su vida"}]},{"@type":"WebSite","@id":"https:\/\/potenciaradiofonicadominicana.com\/portal\/#website","url":"https:\/\/potenciaradiofonicadominicana.com\/portal\/","name":"PotenciaRadiofonicaDominicana.com","description":"Peri\u00f3dico Digital","publisher":{"@id":"https:\/\/potenciaradiofonicadominicana.com\/portal\/#organization"},"potentialAction":[{"@type":"SearchAction","target":{"@type":"EntryPoint","urlTemplate":"https:\/\/potenciaradiofonicadominicana.com\/portal\/?s={search_term_string}"},"query-input":{"@type":"PropertyValueSpecification","valueRequired":true,"valueName":"search_term_string"}}],"inLanguage":"es"},{"@type":"Organization","@id":"https:\/\/potenciaradiofonicadominicana.com\/portal\/#organization","name":"PotenciaRadiofonicaDominicana.com","url":"https:\/\/potenciaradiofonicadominicana.com\/portal\/","logo":{"@type":"ImageObject","inLanguage":"es","@id":"https:\/\/potenciaradiofonicadominicana.com\/portal\/#\/schema\/logo\/image\/","url":"https:\/\/potenciaradiofonicadominicana.com\/portal\/wp-content\/uploads\/2022\/01\/descarga.png","contentUrl":"https:\/\/potenciaradiofonicadominicana.com\/portal\/wp-content\/uploads\/2022\/01\/descarga.png","width":300,"height":100,"caption":"PotenciaRadiofonicaDominicana.com"},"image":{"@id":"https:\/\/potenciaradiofonicadominicana.com\/portal\/#\/schema\/logo\/image\/"},"sameAs":["https:\/\/web.facebook.com\/PotenciaRadiofonicaD"]},{"@type":"Person","@id":"https:\/\/potenciaradiofonicadominicana.com\/portal\/#\/schema\/person\/a5cf1fea13877803ee0573ac18b03490","name":"Potencia Radiof\u00f3nica Dominicana","image":{"@type":"ImageObject","inLanguage":"es","@id":"https:\/\/potenciaradiofonicadominicana.com\/portal\/#\/schema\/person\/image\/","url":"https:\/\/secure.gravatar.com\/avatar\/42a55ab9e8ccc656ba34cd791990602a?s=96&d=mm&r=g","contentUrl":"https:\/\/secure.gravatar.com\/avatar\/42a55ab9e8ccc656ba34cd791990602a?s=96&d=mm&r=g","caption":"Potencia Radiof\u00f3nica Dominicana"},"url":"https:\/\/potenciaradiofonicadominicana.com\/portal\/author\/johannyalmanzar\/"}]}},"_links":{"self":[{"href":"https:\/\/potenciaradiofonicadominicana.com\/portal\/wp-json\/wp\/v2\/posts\/213243","targetHints":{"allow":["GET"]}}],"collection":[{"href":"https:\/\/potenciaradiofonicadominicana.com\/portal\/wp-json\/wp\/v2\/posts"}],"about":[{"href":"https:\/\/potenciaradiofonicadominicana.com\/portal\/wp-json\/wp\/v2\/types\/post"}],"author":[{"embeddable":true,"href":"https:\/\/potenciaradiofonicadominicana.com\/portal\/wp-json\/wp\/v2\/users\/2"}],"replies":[{"embeddable":true,"href":"https:\/\/potenciaradiofonicadominicana.com\/portal\/wp-json\/wp\/v2\/comments?post=213243"}],"version-history":[{"count":1,"href":"https:\/\/potenciaradiofonicadominicana.com\/portal\/wp-json\/wp\/v2\/posts\/213243\/revisions"}],"predecessor-version":[{"id":213245,"href":"https:\/\/potenciaradiofonicadominicana.com\/portal\/wp-json\/wp\/v2\/posts\/213243\/revisions\/213245"}],"wp:featuredmedia":[{"embeddable":true,"href":"https:\/\/potenciaradiofonicadominicana.com\/portal\/wp-json\/wp\/v2\/media\/213244"}],"wp:attachment":[{"href":"https:\/\/potenciaradiofonicadominicana.com\/portal\/wp-json\/wp\/v2\/media?parent=213243"}],"wp:term":[{"taxonomy":"category","embeddable":true,"href":"https:\/\/potenciaradiofonicadominicana.com\/portal\/wp-json\/wp\/v2\/categories?post=213243"},{"taxonomy":"post_tag","embeddable":true,"href":"https:\/\/potenciaradiofonicadominicana.com\/portal\/wp-json\/wp\/v2\/tags?post=213243"}],"curies":[{"name":"wp","href":"https:\/\/api.w.org\/{rel}","templated":true}]}}