{"id":213240,"date":"2026-03-17T20:47:21","date_gmt":"2026-03-18T00:47:21","guid":{"rendered":"https:\/\/potenciaradiofonicadominicana.com\/portal\/?p=213240"},"modified":"2026-03-17T20:47:21","modified_gmt":"2026-03-18T00:47:21","slug":"jose-ramirez-mejora-de-lesion-que-sufrio-en-el-hombro-su-situacion-es-de-dia-a-dia","status":"publish","type":"post","link":"https:\/\/potenciaradiofonicadominicana.com\/portal\/jose-ramirez-mejora-de-lesion-que-sufrio-en-el-hombro-su-situacion-es-de-dia-a-dia\/","title":{"rendered":"Jos\u00e9 Ram\u00edrez mejora de lesi\u00f3n que sufri\u00f3 en el hombro. Su situaci\u00f3n es de d\u00eda a d\u00eda"},"content":{"rendered":"<p><a href=\"https:\/\/potenciaradiofonicadominicana.com\/portal\/wp-content\/uploads\/2026\/03\/28389082.jpg\"><img loading=\"lazy\" decoding=\"async\" class=\"alignnone size-full wp-image-213241\" src=\"https:\/\/potenciaradiofonicadominicana.com\/portal\/wp-content\/uploads\/2026\/03\/28389082.jpg\" alt=\"\" width=\"1100\" height=\"733\" srcset=\"https:\/\/potenciaradiofonicadominicana.com\/portal\/wp-content\/uploads\/2026\/03\/28389082.jpg 1100w, https:\/\/potenciaradiofonicadominicana.com\/portal\/wp-content\/uploads\/2026\/03\/28389082-300x200.jpg 300w, https:\/\/potenciaradiofonicadominicana.com\/portal\/wp-content\/uploads\/2026\/03\/28389082-1024x682.jpg 1024w, https:\/\/potenciaradiofonicadominicana.com\/portal\/wp-content\/uploads\/2026\/03\/28389082-768x512.jpg 768w\" sizes=\"auto, (max-width: 1100px) 100vw, 1100px\" \/><\/a><\/p>\n<p>Tranquilos, fan\u00e1ticos de los Guardians. El hombro izquierdo del dominicano Jos\u00e9 Ram\u00edrez parece estar bien.<br \/>\nRam\u00edrez abandon\u00f3 el partido del domingo, en el que los Guardians ganaron 12-6 a los Athletics, tras lesionarse el hombro izquierdo al deslizarse hacia la tercera base.<\/p>\n<p>Sin embargo, los Guardians parecen haber evitado un problema grave, ya que el m\u00e1nager Stephen Vogt se\u00f1al\u00f3 que Ram\u00edrez se siente mucho mejor. \u201cEst\u00e1 mucho mejor\u201d, dijo Vogt. \u201cRam\u00edrez sali\u00f3 del partido con algo de dolor y rigidez en el hombro. Pero se siente mucho mejor, as\u00ed que lo evaluaremos d\u00eda a d\u00eda. Deber\u00eda estar bien en unos d\u00edas\u00bb.<\/p>\n<p>Ram\u00edrez ten\u00eda algo de inflamaci\u00f3n en el hombro el domingo, pero Vogt se\u00f1al\u00f3 que el jugador de 33 a\u00f1os no se someti\u00f3 a ninguna prueba de imagen. El personal m\u00e9dico de los Guardians revis\u00f3 c\u00f3mo se sent\u00eda Ram\u00edrez el lunes y le examin\u00f3 el hombro.<\/p>\n<p>Dado ese proceso y la mejor\u00eda que sinti\u00f3 Ram\u00edrez de la noche a la ma\u00f1ana, por el momento no hay planes para que se someta a ninguna prueba de imagen. Ram\u00edrez peg\u00f3 un doble en la segunda entrada del domingo y luego rob\u00f3 la tercera base.<\/p>\n<p>Permaneci\u00f3 en el juego durante la tercera y la parte alta de la cuarta entrada, y le tocaba batear en la segunda base en la parte baja de la cuarta. Pero Ram\u00edrez le dijo a Vogt que necesitaba salir del juego, y Carter Kieboom lo reemplaz\u00f3 como bateador emergente.<\/p>\n<p>\u00ab[Ram\u00edrez] fue evaluado despu\u00e9s del partido\u00bb, dijo Vogt. \u00abEl factor clave era &#8216;\u00bfC\u00f3mo se siente al entrar hoy?&#8217; Y se sent\u00eda mucho mejor\u00bb.<\/p>\n<p>Ram\u00edrez estaba de buen humor cuando pas\u00f3 brevemente por el vestuario de los Guardians durante la rueda de prensa del lunes, y no llevaba ning\u00fan vendaje en el hombro. Por supuesto, con el D\u00eda Inaugural a solo 10 d\u00edas, los Guardians proceder\u00e1n con mucha precauci\u00f3n. No tiene sentido arriesgarse a tener m\u00e1s problemas con la fecha en la que se encuentran.<\/p>\n<p>Es casi seguro que Ram\u00edrez no habr\u00eda jugado el lunes incluso si no se hubiera lesionado el hombro. Varios jugadores titulares de los Guardians no estuvieron en la alineaci\u00f3n inicial para el partido nocturno contra los Cubs. Es probable que Ram\u00edrez hubiera regresado a la alineaci\u00f3n el martes (y podr\u00eda hacerlo).<\/p>\n<p>Dado que los Guardians tienen d\u00eda libre el mi\u00e9rcoles, podr\u00edan optar por darle tres d\u00edas completos de descanso y ver c\u00f3mo se siente para el partido del jueves contra los Royals.<\/p>\n<p>Estos, por supuesto, son solo planes de contingencia potenciales en el peor de los casos, un escenario que los Guardianes esperan haber evitado.<\/p>\n<p>Ram\u00edrez ha demostrado una notable resistencia durante su destacada carrera de 13 a\u00f1os, habiendo estado en la lista de lesionados solo una vez. En 2019, se someti\u00f3 a una cirug\u00eda por una fractura del ganchoso derecho el 26 de agosto y se le dio un plazo de cinco a siete semanas antes de poder regresar a jugar.<\/p>\n<p>Ram\u00edrez regres\u00f3 a la alineaci\u00f3n el 24 de septiembre, cuando bate\u00f3 de 2-3 con dos jonrones (incluido un grand slam) y siete carreras impulsadas en la victoria de 11-0 sobre los White Sox.<\/p>\n<p>Incluso la temporada pasada, Ram\u00edrez particip\u00f3 en 158 juegos a pesar de sufrir varias lesiones. Se torci\u00f3 la mu\u00f1eca derecha el 29 de marzo contra los Royals, se torci\u00f3 el tobillo derecho el 2 de mayo contra los Blue Jays y se lastim\u00f3 la mu\u00f1eca derecha al ser golpeado por un lanzamiento de Kevin Gausman el 26 de junio.<\/p>\n<p>Ram\u00edrez ha jugado al menos 152 juegos en cada una de las \u00faltimas cinco temporadas. Es sumamente talentoso, pero su capacidad para jugar todos los d\u00edas es realmente destacable.<\/p>\n","protected":false},"excerpt":{"rendered":"<p>Tranquilos, fan\u00e1ticos de los Guardians. El hombro izquierdo del dominicano Jos\u00e9 Ram\u00edrez parece estar bien. Ram\u00edrez abandon\u00f3 el partido del &#8230;<\/p>\n","protected":false},"author":2,"featured_media":213241,"comment_status":"closed","ping_status":"closed","sticky":false,"template":"","format":"standard","meta":{"footnotes":""},"categories":[28],"tags":[],"class_list":["post-213240","post","type-post","status-publish","format-standard","has-post-thumbnail","hentry","category-deportes"],"yoast_head":"<!-- This site is optimized with the Yoast SEO plugin v24.8.1 - https:\/\/yoast.com\/wordpress\/plugins\/seo\/ -->\n<title>Jos\u00e9 Ram\u00edrez mejora de lesi\u00f3n que sufri\u00f3 en el hombro. Su situaci\u00f3n es de d\u00eda a d\u00eda - PotenciaRadiofonicaDominicana.com<\/title>\n<meta name=\"robots\" content=\"index, follow, max-snippet:-1, max-image-preview:large, max-video-preview:-1\" \/>\n<link rel=\"canonical\" href=\"https:\/\/potenciaradiofonicadominicana.com\/portal\/jose-ramirez-mejora-de-lesion-que-sufrio-en-el-hombro-su-situacion-es-de-dia-a-dia\/\" \/>\n<meta property=\"og:locale\" content=\"es_ES\" \/>\n<meta property=\"og:type\" content=\"article\" \/>\n<meta property=\"og:title\" content=\"Jos\u00e9 Ram\u00edrez mejora de lesi\u00f3n que sufri\u00f3 en el hombro. Su situaci\u00f3n es de d\u00eda a d\u00eda - PotenciaRadiofonicaDominicana.com\" \/>\n<meta property=\"og:description\" content=\"Tranquilos, fan\u00e1ticos de los Guardians. El hombro izquierdo del dominicano Jos\u00e9 Ram\u00edrez parece estar bien. Ram\u00edrez abandon\u00f3 el partido del ...\" \/>\n<meta property=\"og:url\" content=\"https:\/\/potenciaradiofonicadominicana.com\/portal\/jose-ramirez-mejora-de-lesion-que-sufrio-en-el-hombro-su-situacion-es-de-dia-a-dia\/\" \/>\n<meta property=\"og:site_name\" content=\"PotenciaRadiofonicaDominicana.com\" \/>\n<meta property=\"article:publisher\" content=\"https:\/\/web.facebook.com\/PotenciaRadiofonicaD\" \/>\n<meta property=\"article:published_time\" content=\"2026-03-18T00:47:21+00:00\" \/>\n<meta property=\"og:image\" content=\"https:\/\/potenciaradiofonicadominicana.com\/portal\/wp-content\/uploads\/2026\/03\/28389082.jpg\" \/>\n\t<meta property=\"og:image:width\" content=\"1100\" \/>\n\t<meta property=\"og:image:height\" content=\"733\" \/>\n\t<meta property=\"og:image:type\" content=\"image\/jpeg\" \/>\n<meta name=\"author\" content=\"Potencia Radiof\u00f3nica Dominicana\" \/>\n<meta name=\"twitter:card\" content=\"summary_large_image\" \/>\n<meta name=\"twitter:label1\" content=\"Escrito por\" \/>\n\t<meta name=\"twitter:data1\" content=\"Potencia Radiof\u00f3nica Dominicana\" \/>\n\t<meta name=\"twitter:label2\" content=\"Tiempo de lectura\" \/>\n\t<meta name=\"twitter:data2\" content=\"4 minutos\" \/>\n<script type=\"application\/ld+json\" class=\"yoast-schema-graph\">{\"@context\":\"https:\/\/schema.org\",\"@graph\":[{\"@type\":\"Article\",\"@id\":\"https:\/\/potenciaradiofonicadominicana.com\/portal\/jose-ramirez-mejora-de-lesion-que-sufrio-en-el-hombro-su-situacion-es-de-dia-a-dia\/#article\",\"isPartOf\":{\"@id\":\"https:\/\/potenciaradiofonicadominicana.com\/portal\/jose-ramirez-mejora-de-lesion-que-sufrio-en-el-hombro-su-situacion-es-de-dia-a-dia\/\"},\"author\":{\"name\":\"Potencia Radiof\u00f3nica Dominicana\",\"@id\":\"https:\/\/potenciaradiofonicadominicana.com\/portal\/#\/schema\/person\/a5cf1fea13877803ee0573ac18b03490\"},\"headline\":\"Jos\u00e9 Ram\u00edrez mejora de lesi\u00f3n que sufri\u00f3 en el hombro. Su situaci\u00f3n es de d\u00eda a d\u00eda\",\"datePublished\":\"2026-03-18T00:47:21+00:00\",\"mainEntityOfPage\":{\"@id\":\"https:\/\/potenciaradiofonicadominicana.com\/portal\/jose-ramirez-mejora-de-lesion-que-sufrio-en-el-hombro-su-situacion-es-de-dia-a-dia\/\"},\"wordCount\":678,\"publisher\":{\"@id\":\"https:\/\/potenciaradiofonicadominicana.com\/portal\/#organization\"},\"image\":{\"@id\":\"https:\/\/potenciaradiofonicadominicana.com\/portal\/jose-ramirez-mejora-de-lesion-que-sufrio-en-el-hombro-su-situacion-es-de-dia-a-dia\/#primaryimage\"},\"thumbnailUrl\":\"https:\/\/potenciaradiofonicadominicana.com\/portal\/wp-content\/uploads\/2026\/03\/28389082.jpg\",\"articleSection\":[\"Deportes\"],\"inLanguage\":\"es\"},{\"@type\":\"WebPage\",\"@id\":\"https:\/\/potenciaradiofonicadominicana.com\/portal\/jose-ramirez-mejora-de-lesion-que-sufrio-en-el-hombro-su-situacion-es-de-dia-a-dia\/\",\"url\":\"https:\/\/potenciaradiofonicadominicana.com\/portal\/jose-ramirez-mejora-de-lesion-que-sufrio-en-el-hombro-su-situacion-es-de-dia-a-dia\/\",\"name\":\"Jos\u00e9 Ram\u00edrez mejora de lesi\u00f3n que sufri\u00f3 en el hombro. Su situaci\u00f3n es de d\u00eda a d\u00eda - PotenciaRadiofonicaDominicana.com\",\"isPartOf\":{\"@id\":\"https:\/\/potenciaradiofonicadominicana.com\/portal\/#website\"},\"primaryImageOfPage\":{\"@id\":\"https:\/\/potenciaradiofonicadominicana.com\/portal\/jose-ramirez-mejora-de-lesion-que-sufrio-en-el-hombro-su-situacion-es-de-dia-a-dia\/#primaryimage\"},\"image\":{\"@id\":\"https:\/\/potenciaradiofonicadominicana.com\/portal\/jose-ramirez-mejora-de-lesion-que-sufrio-en-el-hombro-su-situacion-es-de-dia-a-dia\/#primaryimage\"},\"thumbnailUrl\":\"https:\/\/potenciaradiofonicadominicana.com\/portal\/wp-content\/uploads\/2026\/03\/28389082.jpg\",\"datePublished\":\"2026-03-18T00:47:21+00:00\",\"breadcrumb\":{\"@id\":\"https:\/\/potenciaradiofonicadominicana.com\/portal\/jose-ramirez-mejora-de-lesion-que-sufrio-en-el-hombro-su-situacion-es-de-dia-a-dia\/#breadcrumb\"},\"inLanguage\":\"es\",\"potentialAction\":[{\"@type\":\"ReadAction\",\"target\":[\"https:\/\/potenciaradiofonicadominicana.com\/portal\/jose-ramirez-mejora-de-lesion-que-sufrio-en-el-hombro-su-situacion-es-de-dia-a-dia\/\"]}]},{\"@type\":\"ImageObject\",\"inLanguage\":\"es\",\"@id\":\"https:\/\/potenciaradiofonicadominicana.com\/portal\/jose-ramirez-mejora-de-lesion-que-sufrio-en-el-hombro-su-situacion-es-de-dia-a-dia\/#primaryimage\",\"url\":\"https:\/\/potenciaradiofonicadominicana.com\/portal\/wp-content\/uploads\/2026\/03\/28389082.jpg\",\"contentUrl\":\"https:\/\/potenciaradiofonicadominicana.com\/portal\/wp-content\/uploads\/2026\/03\/28389082.jpg\",\"width\":1100,\"height\":733},{\"@type\":\"BreadcrumbList\",\"@id\":\"https:\/\/potenciaradiofonicadominicana.com\/portal\/jose-ramirez-mejora-de-lesion-que-sufrio-en-el-hombro-su-situacion-es-de-dia-a-dia\/#breadcrumb\",\"itemListElement\":[{\"@type\":\"ListItem\",\"position\":1,\"name\":\"Portada\",\"item\":\"https:\/\/potenciaradiofonicadominicana.com\/portal\/\"},{\"@type\":\"ListItem\",\"position\":2,\"name\":\"Jos\u00e9 Ram\u00edrez mejora de lesi\u00f3n que sufri\u00f3 en el hombro. Su situaci\u00f3n es de d\u00eda a d\u00eda\"}]},{\"@type\":\"WebSite\",\"@id\":\"https:\/\/potenciaradiofonicadominicana.com\/portal\/#website\",\"url\":\"https:\/\/potenciaradiofonicadominicana.com\/portal\/\",\"name\":\"PotenciaRadiofonicaDominicana.com\",\"description\":\"Peri\u00f3dico Digital\",\"publisher\":{\"@id\":\"https:\/\/potenciaradiofonicadominicana.com\/portal\/#organization\"},\"potentialAction\":[{\"@type\":\"SearchAction\",\"target\":{\"@type\":\"EntryPoint\",\"urlTemplate\":\"https:\/\/potenciaradiofonicadominicana.com\/portal\/?s={search_term_string}\"},\"query-input\":{\"@type\":\"PropertyValueSpecification\",\"valueRequired\":true,\"valueName\":\"search_term_string\"}}],\"inLanguage\":\"es\"},{\"@type\":\"Organization\",\"@id\":\"https:\/\/potenciaradiofonicadominicana.com\/portal\/#organization\",\"name\":\"PotenciaRadiofonicaDominicana.com\",\"url\":\"https:\/\/potenciaradiofonicadominicana.com\/portal\/\",\"logo\":{\"@type\":\"ImageObject\",\"inLanguage\":\"es\",\"@id\":\"https:\/\/potenciaradiofonicadominicana.com\/portal\/#\/schema\/logo\/image\/\",\"url\":\"https:\/\/potenciaradiofonicadominicana.com\/portal\/wp-content\/uploads\/2022\/01\/descarga.png\",\"contentUrl\":\"https:\/\/potenciaradiofonicadominicana.com\/portal\/wp-content\/uploads\/2022\/01\/descarga.png\",\"width\":300,\"height\":100,\"caption\":\"PotenciaRadiofonicaDominicana.com\"},\"image\":{\"@id\":\"https:\/\/potenciaradiofonicadominicana.com\/portal\/#\/schema\/logo\/image\/\"},\"sameAs\":[\"https:\/\/web.facebook.com\/PotenciaRadiofonicaD\"]},{\"@type\":\"Person\",\"@id\":\"https:\/\/potenciaradiofonicadominicana.com\/portal\/#\/schema\/person\/a5cf1fea13877803ee0573ac18b03490\",\"name\":\"Potencia Radiof\u00f3nica Dominicana\",\"image\":{\"@type\":\"ImageObject\",\"inLanguage\":\"es\",\"@id\":\"https:\/\/potenciaradiofonicadominicana.com\/portal\/#\/schema\/person\/image\/\",\"url\":\"https:\/\/secure.gravatar.com\/avatar\/42a55ab9e8ccc656ba34cd791990602a?s=96&d=mm&r=g\",\"contentUrl\":\"https:\/\/secure.gravatar.com\/avatar\/42a55ab9e8ccc656ba34cd791990602a?s=96&d=mm&r=g\",\"caption\":\"Potencia Radiof\u00f3nica Dominicana\"},\"url\":\"https:\/\/potenciaradiofonicadominicana.com\/portal\/author\/johannyalmanzar\/\"}]}<\/script>\n<!-- \/ Yoast SEO plugin. -->","yoast_head_json":{"title":"Jos\u00e9 Ram\u00edrez mejora de lesi\u00f3n que sufri\u00f3 en el hombro. Su situaci\u00f3n es de d\u00eda a d\u00eda - PotenciaRadiofonicaDominicana.com","robots":{"index":"index","follow":"follow","max-snippet":"max-snippet:-1","max-image-preview":"max-image-preview:large","max-video-preview":"max-video-preview:-1"},"canonical":"https:\/\/potenciaradiofonicadominicana.com\/portal\/jose-ramirez-mejora-de-lesion-que-sufrio-en-el-hombro-su-situacion-es-de-dia-a-dia\/","og_locale":"es_ES","og_type":"article","og_title":"Jos\u00e9 Ram\u00edrez mejora de lesi\u00f3n que sufri\u00f3 en el hombro. Su situaci\u00f3n es de d\u00eda a d\u00eda - PotenciaRadiofonicaDominicana.com","og_description":"Tranquilos, fan\u00e1ticos de los Guardians. El hombro izquierdo del dominicano Jos\u00e9 Ram\u00edrez parece estar bien. Ram\u00edrez abandon\u00f3 el partido del ...","og_url":"https:\/\/potenciaradiofonicadominicana.com\/portal\/jose-ramirez-mejora-de-lesion-que-sufrio-en-el-hombro-su-situacion-es-de-dia-a-dia\/","og_site_name":"PotenciaRadiofonicaDominicana.com","article_publisher":"https:\/\/web.facebook.com\/PotenciaRadiofonicaD","article_published_time":"2026-03-18T00:47:21+00:00","og_image":[{"width":1100,"height":733,"url":"https:\/\/potenciaradiofonicadominicana.com\/portal\/wp-content\/uploads\/2026\/03\/28389082.jpg","type":"image\/jpeg"}],"author":"Potencia Radiof\u00f3nica Dominicana","twitter_card":"summary_large_image","twitter_misc":{"Escrito por":"Potencia Radiof\u00f3nica Dominicana","Tiempo de lectura":"4 minutos"},"schema":{"@context":"https:\/\/schema.org","@graph":[{"@type":"Article","@id":"https:\/\/potenciaradiofonicadominicana.com\/portal\/jose-ramirez-mejora-de-lesion-que-sufrio-en-el-hombro-su-situacion-es-de-dia-a-dia\/#article","isPartOf":{"@id":"https:\/\/potenciaradiofonicadominicana.com\/portal\/jose-ramirez-mejora-de-lesion-que-sufrio-en-el-hombro-su-situacion-es-de-dia-a-dia\/"},"author":{"name":"Potencia Radiof\u00f3nica Dominicana","@id":"https:\/\/potenciaradiofonicadominicana.com\/portal\/#\/schema\/person\/a5cf1fea13877803ee0573ac18b03490"},"headline":"Jos\u00e9 Ram\u00edrez mejora de lesi\u00f3n que sufri\u00f3 en el hombro. Su situaci\u00f3n es de d\u00eda a d\u00eda","datePublished":"2026-03-18T00:47:21+00:00","mainEntityOfPage":{"@id":"https:\/\/potenciaradiofonicadominicana.com\/portal\/jose-ramirez-mejora-de-lesion-que-sufrio-en-el-hombro-su-situacion-es-de-dia-a-dia\/"},"wordCount":678,"publisher":{"@id":"https:\/\/potenciaradiofonicadominicana.com\/portal\/#organization"},"image":{"@id":"https:\/\/potenciaradiofonicadominicana.com\/portal\/jose-ramirez-mejora-de-lesion-que-sufrio-en-el-hombro-su-situacion-es-de-dia-a-dia\/#primaryimage"},"thumbnailUrl":"https:\/\/potenciaradiofonicadominicana.com\/portal\/wp-content\/uploads\/2026\/03\/28389082.jpg","articleSection":["Deportes"],"inLanguage":"es"},{"@type":"WebPage","@id":"https:\/\/potenciaradiofonicadominicana.com\/portal\/jose-ramirez-mejora-de-lesion-que-sufrio-en-el-hombro-su-situacion-es-de-dia-a-dia\/","url":"https:\/\/potenciaradiofonicadominicana.com\/portal\/jose-ramirez-mejora-de-lesion-que-sufrio-en-el-hombro-su-situacion-es-de-dia-a-dia\/","name":"Jos\u00e9 Ram\u00edrez mejora de lesi\u00f3n que sufri\u00f3 en el hombro. Su situaci\u00f3n es de d\u00eda a d\u00eda - PotenciaRadiofonicaDominicana.com","isPartOf":{"@id":"https:\/\/potenciaradiofonicadominicana.com\/portal\/#website"},"primaryImageOfPage":{"@id":"https:\/\/potenciaradiofonicadominicana.com\/portal\/jose-ramirez-mejora-de-lesion-que-sufrio-en-el-hombro-su-situacion-es-de-dia-a-dia\/#primaryimage"},"image":{"@id":"https:\/\/potenciaradiofonicadominicana.com\/portal\/jose-ramirez-mejora-de-lesion-que-sufrio-en-el-hombro-su-situacion-es-de-dia-a-dia\/#primaryimage"},"thumbnailUrl":"https:\/\/potenciaradiofonicadominicana.com\/portal\/wp-content\/uploads\/2026\/03\/28389082.jpg","datePublished":"2026-03-18T00:47:21+00:00","breadcrumb":{"@id":"https:\/\/potenciaradiofonicadominicana.com\/portal\/jose-ramirez-mejora-de-lesion-que-sufrio-en-el-hombro-su-situacion-es-de-dia-a-dia\/#breadcrumb"},"inLanguage":"es","potentialAction":[{"@type":"ReadAction","target":["https:\/\/potenciaradiofonicadominicana.com\/portal\/jose-ramirez-mejora-de-lesion-que-sufrio-en-el-hombro-su-situacion-es-de-dia-a-dia\/"]}]},{"@type":"ImageObject","inLanguage":"es","@id":"https:\/\/potenciaradiofonicadominicana.com\/portal\/jose-ramirez-mejora-de-lesion-que-sufrio-en-el-hombro-su-situacion-es-de-dia-a-dia\/#primaryimage","url":"https:\/\/potenciaradiofonicadominicana.com\/portal\/wp-content\/uploads\/2026\/03\/28389082.jpg","contentUrl":"https:\/\/potenciaradiofonicadominicana.com\/portal\/wp-content\/uploads\/2026\/03\/28389082.jpg","width":1100,"height":733},{"@type":"BreadcrumbList","@id":"https:\/\/potenciaradiofonicadominicana.com\/portal\/jose-ramirez-mejora-de-lesion-que-sufrio-en-el-hombro-su-situacion-es-de-dia-a-dia\/#breadcrumb","itemListElement":[{"@type":"ListItem","position":1,"name":"Portada","item":"https:\/\/potenciaradiofonicadominicana.com\/portal\/"},{"@type":"ListItem","position":2,"name":"Jos\u00e9 Ram\u00edrez mejora de lesi\u00f3n que sufri\u00f3 en el hombro. Su situaci\u00f3n es de d\u00eda a d\u00eda"}]},{"@type":"WebSite","@id":"https:\/\/potenciaradiofonicadominicana.com\/portal\/#website","url":"https:\/\/potenciaradiofonicadominicana.com\/portal\/","name":"PotenciaRadiofonicaDominicana.com","description":"Peri\u00f3dico Digital","publisher":{"@id":"https:\/\/potenciaradiofonicadominicana.com\/portal\/#organization"},"potentialAction":[{"@type":"SearchAction","target":{"@type":"EntryPoint","urlTemplate":"https:\/\/potenciaradiofonicadominicana.com\/portal\/?s={search_term_string}"},"query-input":{"@type":"PropertyValueSpecification","valueRequired":true,"valueName":"search_term_string"}}],"inLanguage":"es"},{"@type":"Organization","@id":"https:\/\/potenciaradiofonicadominicana.com\/portal\/#organization","name":"PotenciaRadiofonicaDominicana.com","url":"https:\/\/potenciaradiofonicadominicana.com\/portal\/","logo":{"@type":"ImageObject","inLanguage":"es","@id":"https:\/\/potenciaradiofonicadominicana.com\/portal\/#\/schema\/logo\/image\/","url":"https:\/\/potenciaradiofonicadominicana.com\/portal\/wp-content\/uploads\/2022\/01\/descarga.png","contentUrl":"https:\/\/potenciaradiofonicadominicana.com\/portal\/wp-content\/uploads\/2022\/01\/descarga.png","width":300,"height":100,"caption":"PotenciaRadiofonicaDominicana.com"},"image":{"@id":"https:\/\/potenciaradiofonicadominicana.com\/portal\/#\/schema\/logo\/image\/"},"sameAs":["https:\/\/web.facebook.com\/PotenciaRadiofonicaD"]},{"@type":"Person","@id":"https:\/\/potenciaradiofonicadominicana.com\/portal\/#\/schema\/person\/a5cf1fea13877803ee0573ac18b03490","name":"Potencia Radiof\u00f3nica Dominicana","image":{"@type":"ImageObject","inLanguage":"es","@id":"https:\/\/potenciaradiofonicadominicana.com\/portal\/#\/schema\/person\/image\/","url":"https:\/\/secure.gravatar.com\/avatar\/42a55ab9e8ccc656ba34cd791990602a?s=96&d=mm&r=g","contentUrl":"https:\/\/secure.gravatar.com\/avatar\/42a55ab9e8ccc656ba34cd791990602a?s=96&d=mm&r=g","caption":"Potencia Radiof\u00f3nica Dominicana"},"url":"https:\/\/potenciaradiofonicadominicana.com\/portal\/author\/johannyalmanzar\/"}]}},"_links":{"self":[{"href":"https:\/\/potenciaradiofonicadominicana.com\/portal\/wp-json\/wp\/v2\/posts\/213240","targetHints":{"allow":["GET"]}}],"collection":[{"href":"https:\/\/potenciaradiofonicadominicana.com\/portal\/wp-json\/wp\/v2\/posts"}],"about":[{"href":"https:\/\/potenciaradiofonicadominicana.com\/portal\/wp-json\/wp\/v2\/types\/post"}],"author":[{"embeddable":true,"href":"https:\/\/potenciaradiofonicadominicana.com\/portal\/wp-json\/wp\/v2\/users\/2"}],"replies":[{"embeddable":true,"href":"https:\/\/potenciaradiofonicadominicana.com\/portal\/wp-json\/wp\/v2\/comments?post=213240"}],"version-history":[{"count":1,"href":"https:\/\/potenciaradiofonicadominicana.com\/portal\/wp-json\/wp\/v2\/posts\/213240\/revisions"}],"predecessor-version":[{"id":213242,"href":"https:\/\/potenciaradiofonicadominicana.com\/portal\/wp-json\/wp\/v2\/posts\/213240\/revisions\/213242"}],"wp:featuredmedia":[{"embeddable":true,"href":"https:\/\/potenciaradiofonicadominicana.com\/portal\/wp-json\/wp\/v2\/media\/213241"}],"wp:attachment":[{"href":"https:\/\/potenciaradiofonicadominicana.com\/portal\/wp-json\/wp\/v2\/media?parent=213240"}],"wp:term":[{"taxonomy":"category","embeddable":true,"href":"https:\/\/potenciaradiofonicadominicana.com\/portal\/wp-json\/wp\/v2\/categories?post=213240"},{"taxonomy":"post_tag","embeddable":true,"href":"https:\/\/potenciaradiofonicadominicana.com\/portal\/wp-json\/wp\/v2\/tags?post=213240"}],"curies":[{"name":"wp","href":"https:\/\/api.w.org\/{rel}","templated":true}]}}