{"id":213234,"date":"2026-03-17T20:44:33","date_gmt":"2026-03-18T00:44:33","guid":{"rendered":"https:\/\/potenciaradiofonicadominicana.com\/portal\/?p=213234"},"modified":"2026-03-17T20:44:48","modified_gmt":"2026-03-18T00:44:48","slug":"fifa-no-preve-modificar-el-calendario-anunciado-en-diciembre","status":"publish","type":"post","link":"https:\/\/potenciaradiofonicadominicana.com\/portal\/fifa-no-preve-modificar-el-calendario-anunciado-en-diciembre\/","title":{"rendered":"FIFA no prev\u00e9 modificar el calendario anunciado en diciembre"},"content":{"rendered":"<p><a href=\"https:\/\/potenciaradiofonicadominicana.com\/portal\/wp-content\/uploads\/2026\/03\/infantinojpg.webp\"><img loading=\"lazy\" decoding=\"async\" class=\"alignnone size-full wp-image-213235\" src=\"https:\/\/potenciaradiofonicadominicana.com\/portal\/wp-content\/uploads\/2026\/03\/infantinojpg.webp\" alt=\"\" width=\"730\" height=\"497\" srcset=\"https:\/\/potenciaradiofonicadominicana.com\/portal\/wp-content\/uploads\/2026\/03\/infantinojpg.webp 730w, https:\/\/potenciaradiofonicadominicana.com\/portal\/wp-content\/uploads\/2026\/03\/infantinojpg-300x204.webp 300w\" sizes=\"auto, (max-width: 730px) 100vw, 730px\" \/><\/a><\/p>\n<p>La FIFA no tiene previsto modificar el calendario del Mundial 2026 anunciado el pasado diciembre, indicaron a EFE fuentes del organismo ante la pretensi\u00f3n de la Federaci\u00f3n de F\u00fatbol de Ir\u00e1n (Ffiri) de que la selecci\u00f3n &#8216;Melli&#8217; dispute sus partidos en M\u00e9xico.<\/p>\n<p>\u00abLa FIFA tiene un contacto regular con todas las federaciones participantes, incluida la Federaci\u00f3n Iran\u00ed, para debatir la planificaci\u00f3n de la Copa Mundial 2026\u00bb, se\u00f1alaron estas fuentes a EFE, que apuntaron que la organizaci\u00f3n internacional \u00abespera que todos los equipos participantes compitan seg\u00fan el calendario de partidos anunciado en diciembre\u00bb.<\/p>\n<p>La embajada iran\u00ed en territorio mexicano inform\u00f3 el lunes de que la Ffiri lleva a cabo negociaciones para que su selecci\u00f3n nacional juegue sus partidos correspondientes al grupo G del Mundial de F\u00fatbol 2026 en M\u00e9xico.<\/p>\n<p>En su p\u00e1gina web (mexico.mfa.gov.ir), la legaci\u00f3n diplom\u00e1tica asegur\u00f3 que \u00aben referencia a la falta de cooperaci\u00f3n del gobierno estadounidense en la emisi\u00f3n de visas y la prestaci\u00f3n de apoyo log\u00edstico a la selecci\u00f3n nacional de f\u00fatbol de Ir\u00e1n en la preparaci\u00f3n para la Copa Mundial de 2026, Abolfazl Psedniddeh (embajador iran\u00ed en M\u00e9xico) sugiri\u00f3 a la FIFA que los partidos de Ir\u00e1n en dicho evento se trasladen de Estados Unidos a M\u00e9xico\u00bb.<\/p>\n<p>\u00abReiteramos que Estados Unidos no coopera con nosotros en el tema de las visas. Estamos interesados en asistir al Mundial, pero el gobierno estadounidense no proporciona el apoyo log\u00edstico ni administrativo necesario\u00bb, subray\u00f3 Psedniddeh en declaraciones a la agencia estatal IRNA citadas por la web de la embajada.<\/p>\n<p>\u00abLa FIFA puede intervenir de manera que la selecci\u00f3n nacional iran\u00ed pueda participar en la Copa del Mundo, pero en M\u00e9xico. El Ministerio de Deportes y Juventud de Ir\u00e1n ser\u00e1 quien tome la decisi\u00f3n final al respecto\u00bb, a\u00f1adi\u00f3 Psedniddeh, quien afirm\u00f3: \u00abQueremos mucho al pueblo mexicano y, para nosotros, la mejor opci\u00f3n es que nuestros juegos se celebren en M\u00e9xico\u00bb.<\/p>\n<p>El jueves pasado, Trump asegur\u00f3 que la selecci\u00f3n de f\u00fatbol de Ir\u00e1n es \u00abbienvenida\u00bb en el Mundial en Estados Unidos, pero le recomend\u00f3 no participar por \u00absu propia seguridad\u00bb.<\/p>\n<p>Ir\u00e1n est\u00e1 encuadrada en el grupo G del certamen junto a las selecciones de B\u00e9lgica, Egipto y Nueva Zelanda. El combinado dirigido por Amir Ghalenoei tiene previsto debutar contra Nueva Zelanda el 15 de junio en Inglewood, con un segundo partido contra B\u00e9lgica el d\u00eda 21 en la misma ciudad californiana y el tercero ante Egipto el 26 de junio en Seattle.<\/p>\n","protected":false},"excerpt":{"rendered":"<p>La FIFA no tiene previsto modificar el calendario del Mundial 2026 anunciado el pasado diciembre, indicaron a EFE fuentes del &#8230;<\/p>\n","protected":false},"author":2,"featured_media":213235,"comment_status":"closed","ping_status":"closed","sticky":false,"template":"","format":"standard","meta":{"footnotes":""},"categories":[28],"tags":[],"class_list":["post-213234","post","type-post","status-publish","format-standard","has-post-thumbnail","hentry","category-deportes"],"yoast_head":"<!-- This site is optimized with the Yoast SEO plugin v24.8.1 - https:\/\/yoast.com\/wordpress\/plugins\/seo\/ -->\n<title>FIFA no prev\u00e9 modificar el calendario anunciado en diciembre - PotenciaRadiofonicaDominicana.com<\/title>\n<meta name=\"robots\" content=\"index, follow, max-snippet:-1, max-image-preview:large, max-video-preview:-1\" \/>\n<link rel=\"canonical\" href=\"https:\/\/potenciaradiofonicadominicana.com\/portal\/fifa-no-preve-modificar-el-calendario-anunciado-en-diciembre\/\" \/>\n<meta property=\"og:locale\" content=\"es_ES\" \/>\n<meta property=\"og:type\" content=\"article\" \/>\n<meta property=\"og:title\" content=\"FIFA no prev\u00e9 modificar el calendario anunciado en diciembre - PotenciaRadiofonicaDominicana.com\" \/>\n<meta property=\"og:description\" content=\"La FIFA no tiene previsto modificar el calendario del Mundial 2026 anunciado el pasado diciembre, indicaron a EFE fuentes del ...\" \/>\n<meta property=\"og:url\" content=\"https:\/\/potenciaradiofonicadominicana.com\/portal\/fifa-no-preve-modificar-el-calendario-anunciado-en-diciembre\/\" \/>\n<meta property=\"og:site_name\" content=\"PotenciaRadiofonicaDominicana.com\" \/>\n<meta property=\"article:publisher\" content=\"https:\/\/web.facebook.com\/PotenciaRadiofonicaD\" \/>\n<meta property=\"article:published_time\" content=\"2026-03-18T00:44:33+00:00\" \/>\n<meta property=\"article:modified_time\" content=\"2026-03-18T00:44:48+00:00\" \/>\n<meta property=\"og:image\" content=\"https:\/\/potenciaradiofonicadominicana.com\/portal\/wp-content\/uploads\/2026\/03\/infantinojpg.webp\" \/>\n\t<meta property=\"og:image:width\" content=\"730\" \/>\n\t<meta property=\"og:image:height\" content=\"497\" \/>\n\t<meta property=\"og:image:type\" content=\"image\/webp\" \/>\n<meta name=\"author\" content=\"Potencia Radiof\u00f3nica Dominicana\" \/>\n<meta name=\"twitter:card\" content=\"summary_large_image\" \/>\n<meta name=\"twitter:label1\" content=\"Escrito por\" \/>\n\t<meta name=\"twitter:data1\" content=\"Potencia Radiof\u00f3nica Dominicana\" \/>\n\t<meta name=\"twitter:label2\" content=\"Tiempo de lectura\" \/>\n\t<meta name=\"twitter:data2\" content=\"3 minutos\" \/>\n<script type=\"application\/ld+json\" class=\"yoast-schema-graph\">{\"@context\":\"https:\/\/schema.org\",\"@graph\":[{\"@type\":\"Article\",\"@id\":\"https:\/\/potenciaradiofonicadominicana.com\/portal\/fifa-no-preve-modificar-el-calendario-anunciado-en-diciembre\/#article\",\"isPartOf\":{\"@id\":\"https:\/\/potenciaradiofonicadominicana.com\/portal\/fifa-no-preve-modificar-el-calendario-anunciado-en-diciembre\/\"},\"author\":{\"name\":\"Potencia Radiof\u00f3nica Dominicana\",\"@id\":\"https:\/\/potenciaradiofonicadominicana.com\/portal\/#\/schema\/person\/a5cf1fea13877803ee0573ac18b03490\"},\"headline\":\"FIFA no prev\u00e9 modificar el calendario anunciado en diciembre\",\"datePublished\":\"2026-03-18T00:44:33+00:00\",\"dateModified\":\"2026-03-18T00:44:48+00:00\",\"mainEntityOfPage\":{\"@id\":\"https:\/\/potenciaradiofonicadominicana.com\/portal\/fifa-no-preve-modificar-el-calendario-anunciado-en-diciembre\/\"},\"wordCount\":448,\"publisher\":{\"@id\":\"https:\/\/potenciaradiofonicadominicana.com\/portal\/#organization\"},\"image\":{\"@id\":\"https:\/\/potenciaradiofonicadominicana.com\/portal\/fifa-no-preve-modificar-el-calendario-anunciado-en-diciembre\/#primaryimage\"},\"thumbnailUrl\":\"https:\/\/potenciaradiofonicadominicana.com\/portal\/wp-content\/uploads\/2026\/03\/infantinojpg.webp\",\"articleSection\":[\"Deportes\"],\"inLanguage\":\"es\"},{\"@type\":\"WebPage\",\"@id\":\"https:\/\/potenciaradiofonicadominicana.com\/portal\/fifa-no-preve-modificar-el-calendario-anunciado-en-diciembre\/\",\"url\":\"https:\/\/potenciaradiofonicadominicana.com\/portal\/fifa-no-preve-modificar-el-calendario-anunciado-en-diciembre\/\",\"name\":\"FIFA no prev\u00e9 modificar el calendario anunciado en diciembre - PotenciaRadiofonicaDominicana.com\",\"isPartOf\":{\"@id\":\"https:\/\/potenciaradiofonicadominicana.com\/portal\/#website\"},\"primaryImageOfPage\":{\"@id\":\"https:\/\/potenciaradiofonicadominicana.com\/portal\/fifa-no-preve-modificar-el-calendario-anunciado-en-diciembre\/#primaryimage\"},\"image\":{\"@id\":\"https:\/\/potenciaradiofonicadominicana.com\/portal\/fifa-no-preve-modificar-el-calendario-anunciado-en-diciembre\/#primaryimage\"},\"thumbnailUrl\":\"https:\/\/potenciaradiofonicadominicana.com\/portal\/wp-content\/uploads\/2026\/03\/infantinojpg.webp\",\"datePublished\":\"2026-03-18T00:44:33+00:00\",\"dateModified\":\"2026-03-18T00:44:48+00:00\",\"breadcrumb\":{\"@id\":\"https:\/\/potenciaradiofonicadominicana.com\/portal\/fifa-no-preve-modificar-el-calendario-anunciado-en-diciembre\/#breadcrumb\"},\"inLanguage\":\"es\",\"potentialAction\":[{\"@type\":\"ReadAction\",\"target\":[\"https:\/\/potenciaradiofonicadominicana.com\/portal\/fifa-no-preve-modificar-el-calendario-anunciado-en-diciembre\/\"]}]},{\"@type\":\"ImageObject\",\"inLanguage\":\"es\",\"@id\":\"https:\/\/potenciaradiofonicadominicana.com\/portal\/fifa-no-preve-modificar-el-calendario-anunciado-en-diciembre\/#primaryimage\",\"url\":\"https:\/\/potenciaradiofonicadominicana.com\/portal\/wp-content\/uploads\/2026\/03\/infantinojpg.webp\",\"contentUrl\":\"https:\/\/potenciaradiofonicadominicana.com\/portal\/wp-content\/uploads\/2026\/03\/infantinojpg.webp\",\"width\":730,\"height\":497},{\"@type\":\"BreadcrumbList\",\"@id\":\"https:\/\/potenciaradiofonicadominicana.com\/portal\/fifa-no-preve-modificar-el-calendario-anunciado-en-diciembre\/#breadcrumb\",\"itemListElement\":[{\"@type\":\"ListItem\",\"position\":1,\"name\":\"Portada\",\"item\":\"https:\/\/potenciaradiofonicadominicana.com\/portal\/\"},{\"@type\":\"ListItem\",\"position\":2,\"name\":\"FIFA no prev\u00e9 modificar el calendario anunciado en diciembre\"}]},{\"@type\":\"WebSite\",\"@id\":\"https:\/\/potenciaradiofonicadominicana.com\/portal\/#website\",\"url\":\"https:\/\/potenciaradiofonicadominicana.com\/portal\/\",\"name\":\"PotenciaRadiofonicaDominicana.com\",\"description\":\"Peri\u00f3dico Digital\",\"publisher\":{\"@id\":\"https:\/\/potenciaradiofonicadominicana.com\/portal\/#organization\"},\"potentialAction\":[{\"@type\":\"SearchAction\",\"target\":{\"@type\":\"EntryPoint\",\"urlTemplate\":\"https:\/\/potenciaradiofonicadominicana.com\/portal\/?s={search_term_string}\"},\"query-input\":{\"@type\":\"PropertyValueSpecification\",\"valueRequired\":true,\"valueName\":\"search_term_string\"}}],\"inLanguage\":\"es\"},{\"@type\":\"Organization\",\"@id\":\"https:\/\/potenciaradiofonicadominicana.com\/portal\/#organization\",\"name\":\"PotenciaRadiofonicaDominicana.com\",\"url\":\"https:\/\/potenciaradiofonicadominicana.com\/portal\/\",\"logo\":{\"@type\":\"ImageObject\",\"inLanguage\":\"es\",\"@id\":\"https:\/\/potenciaradiofonicadominicana.com\/portal\/#\/schema\/logo\/image\/\",\"url\":\"https:\/\/potenciaradiofonicadominicana.com\/portal\/wp-content\/uploads\/2022\/01\/descarga.png\",\"contentUrl\":\"https:\/\/potenciaradiofonicadominicana.com\/portal\/wp-content\/uploads\/2022\/01\/descarga.png\",\"width\":300,\"height\":100,\"caption\":\"PotenciaRadiofonicaDominicana.com\"},\"image\":{\"@id\":\"https:\/\/potenciaradiofonicadominicana.com\/portal\/#\/schema\/logo\/image\/\"},\"sameAs\":[\"https:\/\/web.facebook.com\/PotenciaRadiofonicaD\"]},{\"@type\":\"Person\",\"@id\":\"https:\/\/potenciaradiofonicadominicana.com\/portal\/#\/schema\/person\/a5cf1fea13877803ee0573ac18b03490\",\"name\":\"Potencia Radiof\u00f3nica Dominicana\",\"image\":{\"@type\":\"ImageObject\",\"inLanguage\":\"es\",\"@id\":\"https:\/\/potenciaradiofonicadominicana.com\/portal\/#\/schema\/person\/image\/\",\"url\":\"https:\/\/secure.gravatar.com\/avatar\/42a55ab9e8ccc656ba34cd791990602a?s=96&d=mm&r=g\",\"contentUrl\":\"https:\/\/secure.gravatar.com\/avatar\/42a55ab9e8ccc656ba34cd791990602a?s=96&d=mm&r=g\",\"caption\":\"Potencia Radiof\u00f3nica Dominicana\"},\"url\":\"https:\/\/potenciaradiofonicadominicana.com\/portal\/author\/johannyalmanzar\/\"}]}<\/script>\n<!-- \/ Yoast SEO plugin. -->","yoast_head_json":{"title":"FIFA no prev\u00e9 modificar el calendario anunciado en diciembre - PotenciaRadiofonicaDominicana.com","robots":{"index":"index","follow":"follow","max-snippet":"max-snippet:-1","max-image-preview":"max-image-preview:large","max-video-preview":"max-video-preview:-1"},"canonical":"https:\/\/potenciaradiofonicadominicana.com\/portal\/fifa-no-preve-modificar-el-calendario-anunciado-en-diciembre\/","og_locale":"es_ES","og_type":"article","og_title":"FIFA no prev\u00e9 modificar el calendario anunciado en diciembre - PotenciaRadiofonicaDominicana.com","og_description":"La FIFA no tiene previsto modificar el calendario del Mundial 2026 anunciado el pasado diciembre, indicaron a EFE fuentes del ...","og_url":"https:\/\/potenciaradiofonicadominicana.com\/portal\/fifa-no-preve-modificar-el-calendario-anunciado-en-diciembre\/","og_site_name":"PotenciaRadiofonicaDominicana.com","article_publisher":"https:\/\/web.facebook.com\/PotenciaRadiofonicaD","article_published_time":"2026-03-18T00:44:33+00:00","article_modified_time":"2026-03-18T00:44:48+00:00","og_image":[{"width":730,"height":497,"url":"https:\/\/potenciaradiofonicadominicana.com\/portal\/wp-content\/uploads\/2026\/03\/infantinojpg.webp","type":"image\/webp"}],"author":"Potencia Radiof\u00f3nica Dominicana","twitter_card":"summary_large_image","twitter_misc":{"Escrito por":"Potencia Radiof\u00f3nica Dominicana","Tiempo de lectura":"3 minutos"},"schema":{"@context":"https:\/\/schema.org","@graph":[{"@type":"Article","@id":"https:\/\/potenciaradiofonicadominicana.com\/portal\/fifa-no-preve-modificar-el-calendario-anunciado-en-diciembre\/#article","isPartOf":{"@id":"https:\/\/potenciaradiofonicadominicana.com\/portal\/fifa-no-preve-modificar-el-calendario-anunciado-en-diciembre\/"},"author":{"name":"Potencia Radiof\u00f3nica Dominicana","@id":"https:\/\/potenciaradiofonicadominicana.com\/portal\/#\/schema\/person\/a5cf1fea13877803ee0573ac18b03490"},"headline":"FIFA no prev\u00e9 modificar el calendario anunciado en diciembre","datePublished":"2026-03-18T00:44:33+00:00","dateModified":"2026-03-18T00:44:48+00:00","mainEntityOfPage":{"@id":"https:\/\/potenciaradiofonicadominicana.com\/portal\/fifa-no-preve-modificar-el-calendario-anunciado-en-diciembre\/"},"wordCount":448,"publisher":{"@id":"https:\/\/potenciaradiofonicadominicana.com\/portal\/#organization"},"image":{"@id":"https:\/\/potenciaradiofonicadominicana.com\/portal\/fifa-no-preve-modificar-el-calendario-anunciado-en-diciembre\/#primaryimage"},"thumbnailUrl":"https:\/\/potenciaradiofonicadominicana.com\/portal\/wp-content\/uploads\/2026\/03\/infantinojpg.webp","articleSection":["Deportes"],"inLanguage":"es"},{"@type":"WebPage","@id":"https:\/\/potenciaradiofonicadominicana.com\/portal\/fifa-no-preve-modificar-el-calendario-anunciado-en-diciembre\/","url":"https:\/\/potenciaradiofonicadominicana.com\/portal\/fifa-no-preve-modificar-el-calendario-anunciado-en-diciembre\/","name":"FIFA no prev\u00e9 modificar el calendario anunciado en diciembre - PotenciaRadiofonicaDominicana.com","isPartOf":{"@id":"https:\/\/potenciaradiofonicadominicana.com\/portal\/#website"},"primaryImageOfPage":{"@id":"https:\/\/potenciaradiofonicadominicana.com\/portal\/fifa-no-preve-modificar-el-calendario-anunciado-en-diciembre\/#primaryimage"},"image":{"@id":"https:\/\/potenciaradiofonicadominicana.com\/portal\/fifa-no-preve-modificar-el-calendario-anunciado-en-diciembre\/#primaryimage"},"thumbnailUrl":"https:\/\/potenciaradiofonicadominicana.com\/portal\/wp-content\/uploads\/2026\/03\/infantinojpg.webp","datePublished":"2026-03-18T00:44:33+00:00","dateModified":"2026-03-18T00:44:48+00:00","breadcrumb":{"@id":"https:\/\/potenciaradiofonicadominicana.com\/portal\/fifa-no-preve-modificar-el-calendario-anunciado-en-diciembre\/#breadcrumb"},"inLanguage":"es","potentialAction":[{"@type":"ReadAction","target":["https:\/\/potenciaradiofonicadominicana.com\/portal\/fifa-no-preve-modificar-el-calendario-anunciado-en-diciembre\/"]}]},{"@type":"ImageObject","inLanguage":"es","@id":"https:\/\/potenciaradiofonicadominicana.com\/portal\/fifa-no-preve-modificar-el-calendario-anunciado-en-diciembre\/#primaryimage","url":"https:\/\/potenciaradiofonicadominicana.com\/portal\/wp-content\/uploads\/2026\/03\/infantinojpg.webp","contentUrl":"https:\/\/potenciaradiofonicadominicana.com\/portal\/wp-content\/uploads\/2026\/03\/infantinojpg.webp","width":730,"height":497},{"@type":"BreadcrumbList","@id":"https:\/\/potenciaradiofonicadominicana.com\/portal\/fifa-no-preve-modificar-el-calendario-anunciado-en-diciembre\/#breadcrumb","itemListElement":[{"@type":"ListItem","position":1,"name":"Portada","item":"https:\/\/potenciaradiofonicadominicana.com\/portal\/"},{"@type":"ListItem","position":2,"name":"FIFA no prev\u00e9 modificar el calendario anunciado en diciembre"}]},{"@type":"WebSite","@id":"https:\/\/potenciaradiofonicadominicana.com\/portal\/#website","url":"https:\/\/potenciaradiofonicadominicana.com\/portal\/","name":"PotenciaRadiofonicaDominicana.com","description":"Peri\u00f3dico Digital","publisher":{"@id":"https:\/\/potenciaradiofonicadominicana.com\/portal\/#organization"},"potentialAction":[{"@type":"SearchAction","target":{"@type":"EntryPoint","urlTemplate":"https:\/\/potenciaradiofonicadominicana.com\/portal\/?s={search_term_string}"},"query-input":{"@type":"PropertyValueSpecification","valueRequired":true,"valueName":"search_term_string"}}],"inLanguage":"es"},{"@type":"Organization","@id":"https:\/\/potenciaradiofonicadominicana.com\/portal\/#organization","name":"PotenciaRadiofonicaDominicana.com","url":"https:\/\/potenciaradiofonicadominicana.com\/portal\/","logo":{"@type":"ImageObject","inLanguage":"es","@id":"https:\/\/potenciaradiofonicadominicana.com\/portal\/#\/schema\/logo\/image\/","url":"https:\/\/potenciaradiofonicadominicana.com\/portal\/wp-content\/uploads\/2022\/01\/descarga.png","contentUrl":"https:\/\/potenciaradiofonicadominicana.com\/portal\/wp-content\/uploads\/2022\/01\/descarga.png","width":300,"height":100,"caption":"PotenciaRadiofonicaDominicana.com"},"image":{"@id":"https:\/\/potenciaradiofonicadominicana.com\/portal\/#\/schema\/logo\/image\/"},"sameAs":["https:\/\/web.facebook.com\/PotenciaRadiofonicaD"]},{"@type":"Person","@id":"https:\/\/potenciaradiofonicadominicana.com\/portal\/#\/schema\/person\/a5cf1fea13877803ee0573ac18b03490","name":"Potencia Radiof\u00f3nica Dominicana","image":{"@type":"ImageObject","inLanguage":"es","@id":"https:\/\/potenciaradiofonicadominicana.com\/portal\/#\/schema\/person\/image\/","url":"https:\/\/secure.gravatar.com\/avatar\/42a55ab9e8ccc656ba34cd791990602a?s=96&d=mm&r=g","contentUrl":"https:\/\/secure.gravatar.com\/avatar\/42a55ab9e8ccc656ba34cd791990602a?s=96&d=mm&r=g","caption":"Potencia Radiof\u00f3nica Dominicana"},"url":"https:\/\/potenciaradiofonicadominicana.com\/portal\/author\/johannyalmanzar\/"}]}},"_links":{"self":[{"href":"https:\/\/potenciaradiofonicadominicana.com\/portal\/wp-json\/wp\/v2\/posts\/213234","targetHints":{"allow":["GET"]}}],"collection":[{"href":"https:\/\/potenciaradiofonicadominicana.com\/portal\/wp-json\/wp\/v2\/posts"}],"about":[{"href":"https:\/\/potenciaradiofonicadominicana.com\/portal\/wp-json\/wp\/v2\/types\/post"}],"author":[{"embeddable":true,"href":"https:\/\/potenciaradiofonicadominicana.com\/portal\/wp-json\/wp\/v2\/users\/2"}],"replies":[{"embeddable":true,"href":"https:\/\/potenciaradiofonicadominicana.com\/portal\/wp-json\/wp\/v2\/comments?post=213234"}],"version-history":[{"count":1,"href":"https:\/\/potenciaradiofonicadominicana.com\/portal\/wp-json\/wp\/v2\/posts\/213234\/revisions"}],"predecessor-version":[{"id":213236,"href":"https:\/\/potenciaradiofonicadominicana.com\/portal\/wp-json\/wp\/v2\/posts\/213234\/revisions\/213236"}],"wp:featuredmedia":[{"embeddable":true,"href":"https:\/\/potenciaradiofonicadominicana.com\/portal\/wp-json\/wp\/v2\/media\/213235"}],"wp:attachment":[{"href":"https:\/\/potenciaradiofonicadominicana.com\/portal\/wp-json\/wp\/v2\/media?parent=213234"}],"wp:term":[{"taxonomy":"category","embeddable":true,"href":"https:\/\/potenciaradiofonicadominicana.com\/portal\/wp-json\/wp\/v2\/categories?post=213234"},{"taxonomy":"post_tag","embeddable":true,"href":"https:\/\/potenciaradiofonicadominicana.com\/portal\/wp-json\/wp\/v2\/tags?post=213234"}],"curies":[{"name":"wp","href":"https:\/\/api.w.org\/{rel}","templated":true}]}}