{"id":213101,"date":"2026-03-15T21:29:10","date_gmt":"2026-03-16T01:29:10","guid":{"rendered":"https:\/\/potenciaradiofonicadominicana.com\/portal\/?p=213101"},"modified":"2026-03-15T21:29:10","modified_gmt":"2026-03-16T01:29:10","slug":"julio-brache-sobre-la-indexacion-ha-habido-un-aumento-del-salario-pero-se-cobran-mas-impuestos","status":"publish","type":"post","link":"https:\/\/potenciaradiofonicadominicana.com\/portal\/julio-brache-sobre-la-indexacion-ha-habido-un-aumento-del-salario-pero-se-cobran-mas-impuestos\/","title":{"rendered":"Julio Brache sobre la indexaci\u00f3n: \u00abHa habido un aumento del salario, pero se cobran m\u00e1s impuestos\u00bb"},"content":{"rendered":"<p><a href=\"https:\/\/potenciaradiofonicadominicana.com\/portal\/wp-content\/uploads\/2026\/03\/WhatsApp-Image-2025-02-06-at-9.54.15-AM-1.webp\"><img loading=\"lazy\" decoding=\"async\" class=\"alignnone size-full wp-image-213102\" src=\"https:\/\/potenciaradiofonicadominicana.com\/portal\/wp-content\/uploads\/2026\/03\/WhatsApp-Image-2025-02-06-at-9.54.15-AM-1.webp\" alt=\"\" width=\"1600\" height=\"1064\" srcset=\"https:\/\/potenciaradiofonicadominicana.com\/portal\/wp-content\/uploads\/2026\/03\/WhatsApp-Image-2025-02-06-at-9.54.15-AM-1.webp 1600w, https:\/\/potenciaradiofonicadominicana.com\/portal\/wp-content\/uploads\/2026\/03\/WhatsApp-Image-2025-02-06-at-9.54.15-AM-1-300x200.webp 300w, https:\/\/potenciaradiofonicadominicana.com\/portal\/wp-content\/uploads\/2026\/03\/WhatsApp-Image-2025-02-06-at-9.54.15-AM-1-1024x681.webp 1024w, https:\/\/potenciaradiofonicadominicana.com\/portal\/wp-content\/uploads\/2026\/03\/WhatsApp-Image-2025-02-06-at-9.54.15-AM-1-768x511.webp 768w, https:\/\/potenciaradiofonicadominicana.com\/portal\/wp-content\/uploads\/2026\/03\/WhatsApp-Image-2025-02-06-at-9.54.15-AM-1-1536x1021.webp 1536w\" sizes=\"auto, (max-width: 1600px) 100vw, 1600px\" \/><\/a><\/p>\n<p>El presidente de la Asociaci\u00f3n de Industrias de la Rep\u00fablica Dominicana (AIRD),\u00a0<strong>Julio Brache<\/strong>, manifest\u00f3 estar de acuerdo con la acci\u00f3n directa de inconstitucionalidad depositada ayer por legisladores de la oposici\u00f3n ante el\u00a0<strong>Tribunal Constitucional<\/strong>\u00a0por la congelaci\u00f3n de la\u00a0<strong>indexaci\u00f3n salarial<\/strong>\u00a0en el Presupuesto General del Estado de este a\u00f1o.<\/p>\n<p>Brache reconoci\u00f3 que el tema preocupa a los empresarios, quienes han recibido \u00abmuchas quejas\u00bb de sus trabajadores por no sentir el impacto de los\u00a0<strong>aumentos salariales<\/strong>\u00a0que se han aplicado progresivamente en los \u00faltimos a\u00f1os.<\/p>\n<p>\u00abTenemos muchas quejas de nuestros empleados, en cuanto a que ha habido un aumento del salario, sin embargo ahora se le est\u00e1n cobrando\u00a0<strong>m\u00e1s impuestos<\/strong>\u00a0y eso es negativo no solamente para el trabajador, sino para la\u00a0<strong>econom\u00eda dominicana<\/strong>\u00ab, asegur\u00f3.<\/p>\n<div id=\"dl_300x250_inread\" data-google-query-id=\"CPa29IGio5MDFXG2rgUdsnMF2g\">\n<div id=\"google_ads_iframe_\/1659553\/dl_300x250_inread_0__container__\">\n<div id=\"genecyAd_expander_138547426227_69463\" class=\"genecyAd-expander-eCont genecyAd-eCont\" aria-live=\"polite\">\n<div class=\"genecyAd-eAdBase\"><\/div>\n<\/div>\n<\/div>\n<\/div>\n<p>Indic\u00f3 que los\u00a0<strong>aumentos salariales<\/strong>\u00a0est\u00e1n buscando mejorar los ingresos de los trabajadores, lo cual \u00ab<strong>no ha sucedido<\/strong>\u00bb por una\u00a0<strong>tasa impositiva alta<\/strong>\u00a0en cuanto a los tramos salariales para la retenci\u00f3n del\u00a0<strong>Impuesto sobre la Renta<\/strong>\u00a0(ISR), que se aplican a partir de los 34,685 pesos mensuales, por lo que \u00abtodo el mundo ha quedado afectado\u00bb.<\/p>\n<p>\u00abEse\u00a0<strong>aumento de salarios<\/strong> que se realiz\u00f3 el a\u00f1o pasado y ahora que tuvo efecto el primero de febrero, ha quedado pr\u00e1cticamente neutralizado, porque el impuesto (sobre la renta) se lo ha retirado pr\u00e1cticamente todo\u00bb, asever\u00f3.<\/p>\n<p>\u00abLo que queremos ver es que la\u00a0<strong>tasa de deducci\u00f3n<\/strong>\u00a0efectivamente, y eso fue lo que se deposit\u00f3 ayer frente al\u00a0<strong>Tribunal Constitucional<\/strong>, que sea\u00a0<strong>elevada a 50,000 pesos<\/strong>\u00ab, enfatiz\u00f3.<\/p>\n<p>Desde su perspectiva, el\u00a0<strong>Gobierno<\/strong>\u00a0debe tomar las\u00a0<strong>medidas necesarias<\/strong> para que no se castiguen los salarios menores a 50,000 pesos, y que los trabajadores no sufran erosiones negativas en sus ingresos.<\/p>\n<p>Brache se refiri\u00f3 a la prensa sobre este tema tras realizar el\u00a0<strong>Encuentro Industrial de la\u00a0AIRD<\/strong>, en el que se debati\u00f3 el nuevo marco legal de defensa de la competencia en el pa\u00eds.<\/p>\n","protected":false},"excerpt":{"rendered":"<p>El presidente de la Asociaci\u00f3n de Industrias de la Rep\u00fablica Dominicana (AIRD),\u00a0Julio Brache, manifest\u00f3 estar de acuerdo con la acci\u00f3n &#8230;<\/p>\n","protected":false},"author":2,"featured_media":213102,"comment_status":"closed","ping_status":"closed","sticky":false,"template":"","format":"standard","meta":{"footnotes":""},"categories":[26],"tags":[],"class_list":["post-213101","post","type-post","status-publish","format-standard","has-post-thumbnail","hentry","category-economia"],"yoast_head":"<!-- This site is optimized with the Yoast SEO plugin v24.8.1 - https:\/\/yoast.com\/wordpress\/plugins\/seo\/ -->\n<title>Julio Brache sobre la indexaci\u00f3n: &quot;Ha habido un aumento del salario, pero se cobran m\u00e1s impuestos&quot; - PotenciaRadiofonicaDominicana.com<\/title>\n<meta name=\"robots\" content=\"index, follow, max-snippet:-1, max-image-preview:large, max-video-preview:-1\" \/>\n<link rel=\"canonical\" href=\"https:\/\/potenciaradiofonicadominicana.com\/portal\/julio-brache-sobre-la-indexacion-ha-habido-un-aumento-del-salario-pero-se-cobran-mas-impuestos\/\" \/>\n<meta property=\"og:locale\" content=\"es_ES\" \/>\n<meta property=\"og:type\" content=\"article\" \/>\n<meta property=\"og:title\" content=\"Julio Brache sobre la indexaci\u00f3n: &quot;Ha habido un aumento del salario, pero se cobran m\u00e1s impuestos&quot; - PotenciaRadiofonicaDominicana.com\" \/>\n<meta property=\"og:description\" content=\"El presidente de la Asociaci\u00f3n de Industrias de la Rep\u00fablica Dominicana (AIRD),\u00a0Julio Brache, manifest\u00f3 estar de acuerdo con la acci\u00f3n ...\" \/>\n<meta property=\"og:url\" content=\"https:\/\/potenciaradiofonicadominicana.com\/portal\/julio-brache-sobre-la-indexacion-ha-habido-un-aumento-del-salario-pero-se-cobran-mas-impuestos\/\" \/>\n<meta property=\"og:site_name\" content=\"PotenciaRadiofonicaDominicana.com\" \/>\n<meta property=\"article:publisher\" content=\"https:\/\/web.facebook.com\/PotenciaRadiofonicaD\" \/>\n<meta property=\"article:published_time\" content=\"2026-03-16T01:29:10+00:00\" \/>\n<meta property=\"og:image\" content=\"https:\/\/potenciaradiofonicadominicana.com\/portal\/wp-content\/uploads\/2026\/03\/WhatsApp-Image-2025-02-06-at-9.54.15-AM-1.webp\" \/>\n\t<meta property=\"og:image:width\" content=\"1600\" \/>\n\t<meta property=\"og:image:height\" content=\"1064\" \/>\n\t<meta property=\"og:image:type\" content=\"image\/webp\" \/>\n<meta name=\"author\" content=\"Potencia Radiof\u00f3nica Dominicana\" \/>\n<meta name=\"twitter:card\" content=\"summary_large_image\" \/>\n<meta name=\"twitter:label1\" content=\"Escrito por\" \/>\n\t<meta name=\"twitter:data1\" content=\"Potencia Radiof\u00f3nica Dominicana\" \/>\n\t<meta name=\"twitter:label2\" content=\"Tiempo de lectura\" \/>\n\t<meta name=\"twitter:data2\" content=\"2 minutos\" \/>\n<script type=\"application\/ld+json\" class=\"yoast-schema-graph\">{\"@context\":\"https:\/\/schema.org\",\"@graph\":[{\"@type\":\"Article\",\"@id\":\"https:\/\/potenciaradiofonicadominicana.com\/portal\/julio-brache-sobre-la-indexacion-ha-habido-un-aumento-del-salario-pero-se-cobran-mas-impuestos\/#article\",\"isPartOf\":{\"@id\":\"https:\/\/potenciaradiofonicadominicana.com\/portal\/julio-brache-sobre-la-indexacion-ha-habido-un-aumento-del-salario-pero-se-cobran-mas-impuestos\/\"},\"author\":{\"name\":\"Potencia Radiof\u00f3nica Dominicana\",\"@id\":\"https:\/\/potenciaradiofonicadominicana.com\/portal\/#\/schema\/person\/a5cf1fea13877803ee0573ac18b03490\"},\"headline\":\"Julio Brache sobre la indexaci\u00f3n: \u00abHa habido un aumento del salario, pero se cobran m\u00e1s impuestos\u00bb\",\"datePublished\":\"2026-03-16T01:29:10+00:00\",\"mainEntityOfPage\":{\"@id\":\"https:\/\/potenciaradiofonicadominicana.com\/portal\/julio-brache-sobre-la-indexacion-ha-habido-un-aumento-del-salario-pero-se-cobran-mas-impuestos\/\"},\"wordCount\":348,\"publisher\":{\"@id\":\"https:\/\/potenciaradiofonicadominicana.com\/portal\/#organization\"},\"image\":{\"@id\":\"https:\/\/potenciaradiofonicadominicana.com\/portal\/julio-brache-sobre-la-indexacion-ha-habido-un-aumento-del-salario-pero-se-cobran-mas-impuestos\/#primaryimage\"},\"thumbnailUrl\":\"https:\/\/potenciaradiofonicadominicana.com\/portal\/wp-content\/uploads\/2026\/03\/WhatsApp-Image-2025-02-06-at-9.54.15-AM-1.webp\",\"articleSection\":[\"Econom\u00eda\"],\"inLanguage\":\"es\"},{\"@type\":\"WebPage\",\"@id\":\"https:\/\/potenciaradiofonicadominicana.com\/portal\/julio-brache-sobre-la-indexacion-ha-habido-un-aumento-del-salario-pero-se-cobran-mas-impuestos\/\",\"url\":\"https:\/\/potenciaradiofonicadominicana.com\/portal\/julio-brache-sobre-la-indexacion-ha-habido-un-aumento-del-salario-pero-se-cobran-mas-impuestos\/\",\"name\":\"Julio Brache sobre la indexaci\u00f3n: \\\"Ha habido un aumento del salario, pero se cobran m\u00e1s impuestos\\\" - PotenciaRadiofonicaDominicana.com\",\"isPartOf\":{\"@id\":\"https:\/\/potenciaradiofonicadominicana.com\/portal\/#website\"},\"primaryImageOfPage\":{\"@id\":\"https:\/\/potenciaradiofonicadominicana.com\/portal\/julio-brache-sobre-la-indexacion-ha-habido-un-aumento-del-salario-pero-se-cobran-mas-impuestos\/#primaryimage\"},\"image\":{\"@id\":\"https:\/\/potenciaradiofonicadominicana.com\/portal\/julio-brache-sobre-la-indexacion-ha-habido-un-aumento-del-salario-pero-se-cobran-mas-impuestos\/#primaryimage\"},\"thumbnailUrl\":\"https:\/\/potenciaradiofonicadominicana.com\/portal\/wp-content\/uploads\/2026\/03\/WhatsApp-Image-2025-02-06-at-9.54.15-AM-1.webp\",\"datePublished\":\"2026-03-16T01:29:10+00:00\",\"breadcrumb\":{\"@id\":\"https:\/\/potenciaradiofonicadominicana.com\/portal\/julio-brache-sobre-la-indexacion-ha-habido-un-aumento-del-salario-pero-se-cobran-mas-impuestos\/#breadcrumb\"},\"inLanguage\":\"es\",\"potentialAction\":[{\"@type\":\"ReadAction\",\"target\":[\"https:\/\/potenciaradiofonicadominicana.com\/portal\/julio-brache-sobre-la-indexacion-ha-habido-un-aumento-del-salario-pero-se-cobran-mas-impuestos\/\"]}]},{\"@type\":\"ImageObject\",\"inLanguage\":\"es\",\"@id\":\"https:\/\/potenciaradiofonicadominicana.com\/portal\/julio-brache-sobre-la-indexacion-ha-habido-un-aumento-del-salario-pero-se-cobran-mas-impuestos\/#primaryimage\",\"url\":\"https:\/\/potenciaradiofonicadominicana.com\/portal\/wp-content\/uploads\/2026\/03\/WhatsApp-Image-2025-02-06-at-9.54.15-AM-1.webp\",\"contentUrl\":\"https:\/\/potenciaradiofonicadominicana.com\/portal\/wp-content\/uploads\/2026\/03\/WhatsApp-Image-2025-02-06-at-9.54.15-AM-1.webp\",\"width\":1600,\"height\":1064},{\"@type\":\"BreadcrumbList\",\"@id\":\"https:\/\/potenciaradiofonicadominicana.com\/portal\/julio-brache-sobre-la-indexacion-ha-habido-un-aumento-del-salario-pero-se-cobran-mas-impuestos\/#breadcrumb\",\"itemListElement\":[{\"@type\":\"ListItem\",\"position\":1,\"name\":\"Portada\",\"item\":\"https:\/\/potenciaradiofonicadominicana.com\/portal\/\"},{\"@type\":\"ListItem\",\"position\":2,\"name\":\"Julio Brache sobre la indexaci\u00f3n: \u00abHa habido un aumento del salario, pero se cobran m\u00e1s impuestos\u00bb\"}]},{\"@type\":\"WebSite\",\"@id\":\"https:\/\/potenciaradiofonicadominicana.com\/portal\/#website\",\"url\":\"https:\/\/potenciaradiofonicadominicana.com\/portal\/\",\"name\":\"PotenciaRadiofonicaDominicana.com\",\"description\":\"Peri\u00f3dico Digital\",\"publisher\":{\"@id\":\"https:\/\/potenciaradiofonicadominicana.com\/portal\/#organization\"},\"potentialAction\":[{\"@type\":\"SearchAction\",\"target\":{\"@type\":\"EntryPoint\",\"urlTemplate\":\"https:\/\/potenciaradiofonicadominicana.com\/portal\/?s={search_term_string}\"},\"query-input\":{\"@type\":\"PropertyValueSpecification\",\"valueRequired\":true,\"valueName\":\"search_term_string\"}}],\"inLanguage\":\"es\"},{\"@type\":\"Organization\",\"@id\":\"https:\/\/potenciaradiofonicadominicana.com\/portal\/#organization\",\"name\":\"PotenciaRadiofonicaDominicana.com\",\"url\":\"https:\/\/potenciaradiofonicadominicana.com\/portal\/\",\"logo\":{\"@type\":\"ImageObject\",\"inLanguage\":\"es\",\"@id\":\"https:\/\/potenciaradiofonicadominicana.com\/portal\/#\/schema\/logo\/image\/\",\"url\":\"https:\/\/potenciaradiofonicadominicana.com\/portal\/wp-content\/uploads\/2022\/01\/descarga.png\",\"contentUrl\":\"https:\/\/potenciaradiofonicadominicana.com\/portal\/wp-content\/uploads\/2022\/01\/descarga.png\",\"width\":300,\"height\":100,\"caption\":\"PotenciaRadiofonicaDominicana.com\"},\"image\":{\"@id\":\"https:\/\/potenciaradiofonicadominicana.com\/portal\/#\/schema\/logo\/image\/\"},\"sameAs\":[\"https:\/\/web.facebook.com\/PotenciaRadiofonicaD\"]},{\"@type\":\"Person\",\"@id\":\"https:\/\/potenciaradiofonicadominicana.com\/portal\/#\/schema\/person\/a5cf1fea13877803ee0573ac18b03490\",\"name\":\"Potencia Radiof\u00f3nica Dominicana\",\"image\":{\"@type\":\"ImageObject\",\"inLanguage\":\"es\",\"@id\":\"https:\/\/potenciaradiofonicadominicana.com\/portal\/#\/schema\/person\/image\/\",\"url\":\"https:\/\/secure.gravatar.com\/avatar\/42a55ab9e8ccc656ba34cd791990602a?s=96&d=mm&r=g\",\"contentUrl\":\"https:\/\/secure.gravatar.com\/avatar\/42a55ab9e8ccc656ba34cd791990602a?s=96&d=mm&r=g\",\"caption\":\"Potencia Radiof\u00f3nica Dominicana\"},\"url\":\"https:\/\/potenciaradiofonicadominicana.com\/portal\/author\/johannyalmanzar\/\"}]}<\/script>\n<!-- \/ Yoast SEO plugin. -->","yoast_head_json":{"title":"Julio Brache sobre la indexaci\u00f3n: \"Ha habido un aumento del salario, pero se cobran m\u00e1s impuestos\" - PotenciaRadiofonicaDominicana.com","robots":{"index":"index","follow":"follow","max-snippet":"max-snippet:-1","max-image-preview":"max-image-preview:large","max-video-preview":"max-video-preview:-1"},"canonical":"https:\/\/potenciaradiofonicadominicana.com\/portal\/julio-brache-sobre-la-indexacion-ha-habido-un-aumento-del-salario-pero-se-cobran-mas-impuestos\/","og_locale":"es_ES","og_type":"article","og_title":"Julio Brache sobre la indexaci\u00f3n: \"Ha habido un aumento del salario, pero se cobran m\u00e1s impuestos\" - PotenciaRadiofonicaDominicana.com","og_description":"El presidente de la Asociaci\u00f3n de Industrias de la Rep\u00fablica Dominicana (AIRD),\u00a0Julio Brache, manifest\u00f3 estar de acuerdo con la acci\u00f3n ...","og_url":"https:\/\/potenciaradiofonicadominicana.com\/portal\/julio-brache-sobre-la-indexacion-ha-habido-un-aumento-del-salario-pero-se-cobran-mas-impuestos\/","og_site_name":"PotenciaRadiofonicaDominicana.com","article_publisher":"https:\/\/web.facebook.com\/PotenciaRadiofonicaD","article_published_time":"2026-03-16T01:29:10+00:00","og_image":[{"width":1600,"height":1064,"url":"https:\/\/potenciaradiofonicadominicana.com\/portal\/wp-content\/uploads\/2026\/03\/WhatsApp-Image-2025-02-06-at-9.54.15-AM-1.webp","type":"image\/webp"}],"author":"Potencia Radiof\u00f3nica Dominicana","twitter_card":"summary_large_image","twitter_misc":{"Escrito por":"Potencia Radiof\u00f3nica Dominicana","Tiempo de lectura":"2 minutos"},"schema":{"@context":"https:\/\/schema.org","@graph":[{"@type":"Article","@id":"https:\/\/potenciaradiofonicadominicana.com\/portal\/julio-brache-sobre-la-indexacion-ha-habido-un-aumento-del-salario-pero-se-cobran-mas-impuestos\/#article","isPartOf":{"@id":"https:\/\/potenciaradiofonicadominicana.com\/portal\/julio-brache-sobre-la-indexacion-ha-habido-un-aumento-del-salario-pero-se-cobran-mas-impuestos\/"},"author":{"name":"Potencia Radiof\u00f3nica Dominicana","@id":"https:\/\/potenciaradiofonicadominicana.com\/portal\/#\/schema\/person\/a5cf1fea13877803ee0573ac18b03490"},"headline":"Julio Brache sobre la indexaci\u00f3n: \u00abHa habido un aumento del salario, pero se cobran m\u00e1s impuestos\u00bb","datePublished":"2026-03-16T01:29:10+00:00","mainEntityOfPage":{"@id":"https:\/\/potenciaradiofonicadominicana.com\/portal\/julio-brache-sobre-la-indexacion-ha-habido-un-aumento-del-salario-pero-se-cobran-mas-impuestos\/"},"wordCount":348,"publisher":{"@id":"https:\/\/potenciaradiofonicadominicana.com\/portal\/#organization"},"image":{"@id":"https:\/\/potenciaradiofonicadominicana.com\/portal\/julio-brache-sobre-la-indexacion-ha-habido-un-aumento-del-salario-pero-se-cobran-mas-impuestos\/#primaryimage"},"thumbnailUrl":"https:\/\/potenciaradiofonicadominicana.com\/portal\/wp-content\/uploads\/2026\/03\/WhatsApp-Image-2025-02-06-at-9.54.15-AM-1.webp","articleSection":["Econom\u00eda"],"inLanguage":"es"},{"@type":"WebPage","@id":"https:\/\/potenciaradiofonicadominicana.com\/portal\/julio-brache-sobre-la-indexacion-ha-habido-un-aumento-del-salario-pero-se-cobran-mas-impuestos\/","url":"https:\/\/potenciaradiofonicadominicana.com\/portal\/julio-brache-sobre-la-indexacion-ha-habido-un-aumento-del-salario-pero-se-cobran-mas-impuestos\/","name":"Julio Brache sobre la indexaci\u00f3n: \"Ha habido un aumento del salario, pero se cobran m\u00e1s impuestos\" - PotenciaRadiofonicaDominicana.com","isPartOf":{"@id":"https:\/\/potenciaradiofonicadominicana.com\/portal\/#website"},"primaryImageOfPage":{"@id":"https:\/\/potenciaradiofonicadominicana.com\/portal\/julio-brache-sobre-la-indexacion-ha-habido-un-aumento-del-salario-pero-se-cobran-mas-impuestos\/#primaryimage"},"image":{"@id":"https:\/\/potenciaradiofonicadominicana.com\/portal\/julio-brache-sobre-la-indexacion-ha-habido-un-aumento-del-salario-pero-se-cobran-mas-impuestos\/#primaryimage"},"thumbnailUrl":"https:\/\/potenciaradiofonicadominicana.com\/portal\/wp-content\/uploads\/2026\/03\/WhatsApp-Image-2025-02-06-at-9.54.15-AM-1.webp","datePublished":"2026-03-16T01:29:10+00:00","breadcrumb":{"@id":"https:\/\/potenciaradiofonicadominicana.com\/portal\/julio-brache-sobre-la-indexacion-ha-habido-un-aumento-del-salario-pero-se-cobran-mas-impuestos\/#breadcrumb"},"inLanguage":"es","potentialAction":[{"@type":"ReadAction","target":["https:\/\/potenciaradiofonicadominicana.com\/portal\/julio-brache-sobre-la-indexacion-ha-habido-un-aumento-del-salario-pero-se-cobran-mas-impuestos\/"]}]},{"@type":"ImageObject","inLanguage":"es","@id":"https:\/\/potenciaradiofonicadominicana.com\/portal\/julio-brache-sobre-la-indexacion-ha-habido-un-aumento-del-salario-pero-se-cobran-mas-impuestos\/#primaryimage","url":"https:\/\/potenciaradiofonicadominicana.com\/portal\/wp-content\/uploads\/2026\/03\/WhatsApp-Image-2025-02-06-at-9.54.15-AM-1.webp","contentUrl":"https:\/\/potenciaradiofonicadominicana.com\/portal\/wp-content\/uploads\/2026\/03\/WhatsApp-Image-2025-02-06-at-9.54.15-AM-1.webp","width":1600,"height":1064},{"@type":"BreadcrumbList","@id":"https:\/\/potenciaradiofonicadominicana.com\/portal\/julio-brache-sobre-la-indexacion-ha-habido-un-aumento-del-salario-pero-se-cobran-mas-impuestos\/#breadcrumb","itemListElement":[{"@type":"ListItem","position":1,"name":"Portada","item":"https:\/\/potenciaradiofonicadominicana.com\/portal\/"},{"@type":"ListItem","position":2,"name":"Julio Brache sobre la indexaci\u00f3n: \u00abHa habido un aumento del salario, pero se cobran m\u00e1s impuestos\u00bb"}]},{"@type":"WebSite","@id":"https:\/\/potenciaradiofonicadominicana.com\/portal\/#website","url":"https:\/\/potenciaradiofonicadominicana.com\/portal\/","name":"PotenciaRadiofonicaDominicana.com","description":"Peri\u00f3dico Digital","publisher":{"@id":"https:\/\/potenciaradiofonicadominicana.com\/portal\/#organization"},"potentialAction":[{"@type":"SearchAction","target":{"@type":"EntryPoint","urlTemplate":"https:\/\/potenciaradiofonicadominicana.com\/portal\/?s={search_term_string}"},"query-input":{"@type":"PropertyValueSpecification","valueRequired":true,"valueName":"search_term_string"}}],"inLanguage":"es"},{"@type":"Organization","@id":"https:\/\/potenciaradiofonicadominicana.com\/portal\/#organization","name":"PotenciaRadiofonicaDominicana.com","url":"https:\/\/potenciaradiofonicadominicana.com\/portal\/","logo":{"@type":"ImageObject","inLanguage":"es","@id":"https:\/\/potenciaradiofonicadominicana.com\/portal\/#\/schema\/logo\/image\/","url":"https:\/\/potenciaradiofonicadominicana.com\/portal\/wp-content\/uploads\/2022\/01\/descarga.png","contentUrl":"https:\/\/potenciaradiofonicadominicana.com\/portal\/wp-content\/uploads\/2022\/01\/descarga.png","width":300,"height":100,"caption":"PotenciaRadiofonicaDominicana.com"},"image":{"@id":"https:\/\/potenciaradiofonicadominicana.com\/portal\/#\/schema\/logo\/image\/"},"sameAs":["https:\/\/web.facebook.com\/PotenciaRadiofonicaD"]},{"@type":"Person","@id":"https:\/\/potenciaradiofonicadominicana.com\/portal\/#\/schema\/person\/a5cf1fea13877803ee0573ac18b03490","name":"Potencia Radiof\u00f3nica Dominicana","image":{"@type":"ImageObject","inLanguage":"es","@id":"https:\/\/potenciaradiofonicadominicana.com\/portal\/#\/schema\/person\/image\/","url":"https:\/\/secure.gravatar.com\/avatar\/42a55ab9e8ccc656ba34cd791990602a?s=96&d=mm&r=g","contentUrl":"https:\/\/secure.gravatar.com\/avatar\/42a55ab9e8ccc656ba34cd791990602a?s=96&d=mm&r=g","caption":"Potencia Radiof\u00f3nica Dominicana"},"url":"https:\/\/potenciaradiofonicadominicana.com\/portal\/author\/johannyalmanzar\/"}]}},"_links":{"self":[{"href":"https:\/\/potenciaradiofonicadominicana.com\/portal\/wp-json\/wp\/v2\/posts\/213101","targetHints":{"allow":["GET"]}}],"collection":[{"href":"https:\/\/potenciaradiofonicadominicana.com\/portal\/wp-json\/wp\/v2\/posts"}],"about":[{"href":"https:\/\/potenciaradiofonicadominicana.com\/portal\/wp-json\/wp\/v2\/types\/post"}],"author":[{"embeddable":true,"href":"https:\/\/potenciaradiofonicadominicana.com\/portal\/wp-json\/wp\/v2\/users\/2"}],"replies":[{"embeddable":true,"href":"https:\/\/potenciaradiofonicadominicana.com\/portal\/wp-json\/wp\/v2\/comments?post=213101"}],"version-history":[{"count":1,"href":"https:\/\/potenciaradiofonicadominicana.com\/portal\/wp-json\/wp\/v2\/posts\/213101\/revisions"}],"predecessor-version":[{"id":213103,"href":"https:\/\/potenciaradiofonicadominicana.com\/portal\/wp-json\/wp\/v2\/posts\/213101\/revisions\/213103"}],"wp:featuredmedia":[{"embeddable":true,"href":"https:\/\/potenciaradiofonicadominicana.com\/portal\/wp-json\/wp\/v2\/media\/213102"}],"wp:attachment":[{"href":"https:\/\/potenciaradiofonicadominicana.com\/portal\/wp-json\/wp\/v2\/media?parent=213101"}],"wp:term":[{"taxonomy":"category","embeddable":true,"href":"https:\/\/potenciaradiofonicadominicana.com\/portal\/wp-json\/wp\/v2\/categories?post=213101"},{"taxonomy":"post_tag","embeddable":true,"href":"https:\/\/potenciaradiofonicadominicana.com\/portal\/wp-json\/wp\/v2\/tags?post=213101"}],"curies":[{"name":"wp","href":"https:\/\/api.w.org\/{rel}","templated":true}]}}