{"id":213071,"date":"2026-03-15T21:10:36","date_gmt":"2026-03-16T01:10:36","guid":{"rendered":"https:\/\/potenciaradiofonicadominicana.com\/portal\/?p=213071"},"modified":"2026-03-15T21:10:36","modified_gmt":"2026-03-16T01:10:36","slug":"raphinha-y-cancelo-lideran-goleada-del-barcelona-el-sevilla","status":"publish","type":"post","link":"https:\/\/potenciaradiofonicadominicana.com\/portal\/raphinha-y-cancelo-lideran-goleada-del-barcelona-el-sevilla\/","title":{"rendered":"Raphinha y Cancelo lideran goleada del Barcelona el Sevilla"},"content":{"rendered":"<p><a href=\"https:\/\/potenciaradiofonicadominicana.com\/portal\/wp-content\/uploads\/2026\/03\/16975275.jpg\"><img loading=\"lazy\" decoding=\"async\" class=\"alignnone size-full wp-image-213072\" src=\"https:\/\/potenciaradiofonicadominicana.com\/portal\/wp-content\/uploads\/2026\/03\/16975275.jpg\" alt=\"\" width=\"1600\" height=\"900\" srcset=\"https:\/\/potenciaradiofonicadominicana.com\/portal\/wp-content\/uploads\/2026\/03\/16975275.jpg 1600w, https:\/\/potenciaradiofonicadominicana.com\/portal\/wp-content\/uploads\/2026\/03\/16975275-300x169.jpg 300w, https:\/\/potenciaradiofonicadominicana.com\/portal\/wp-content\/uploads\/2026\/03\/16975275-1024x576.jpg 1024w, https:\/\/potenciaradiofonicadominicana.com\/portal\/wp-content\/uploads\/2026\/03\/16975275-768x432.jpg 768w, https:\/\/potenciaradiofonicadominicana.com\/portal\/wp-content\/uploads\/2026\/03\/16975275-1536x864.jpg 1536w\" sizes=\"auto, (max-width: 1600px) 100vw, 1600px\" \/><\/a><\/p>\n<p>BARACELONA.- El d\u00eda en que los socios del Barcelona estaban llamados a las urnas para votar a quien ser\u00e1 su presidente los pr\u00f3ximos cinco a\u00f1os, Raphael Dias \u2018Raphinha\u2019 y Joao Cancelo eligieron LaLiga, liderando una goleada ante un triste Sevilla (5-2) para consolidar al conjunto azulgrana una jornada m\u00e1s en el liderato.<\/p>\n<p>Un partido sorprendentemente pl\u00e1cido para el cuadro catal\u00e1n, que se le puso muy pronto de cara y que adem\u00e1s le permiti\u00f3 vengar aquel 4-1 que encaj\u00f3 en el duelo de la primera vuelta disputado en el S\u00e1nchez Pizju\u00e1n.<\/p>\n<p>Flick entendi\u00f3 la visita del Sevilla como un partido de entre guerras y, pensando en el decisivo duelo de \u2018Champions\u2019 ante el Newcastle, reserv\u00f3 en el once a Lamine Yamal y Eric Garc\u00eda.<\/p>\n<p>Y as\u00ed, con una banda derecha in\u00e9dita con el joven Xavi Espart debutando como titular en el lateral y Roony ocupando la plaza del \u201910\u2019 en el extremo, casi todo el peligro azulgrana lleg\u00f3 por el costado izquierdo de Cancelo y Raphinha.<\/p>\n<p>Ambos fueron los protagonistas de los dos primeros tantos del conjunto local, tras sendos penaltis forzados por Cancelo: en el primero fue derribado por Sow y en el segundo su internada en el \u00e1rea acab\u00f3 interrumpida por una mano de Carmona.<\/p>\n<p>Raphinha fue el encargado de transformar ambos: el primero al estilo Panenka y el segundo ajustando el bal\u00f3n a la cepa del poste derecho y haciendo in\u00fatil la estirada de Vlachodimos.<\/p>\n<p>Apenas hab\u00edan transcurrido veinte minutos y el Bar\u00e7a ya ganaba 2-0 sin hacer nada especial, porque el Sevilla ni hab\u00eda ido a buscar a su rival con la presi\u00f3n alta ni era capaz de robar encerrado atr\u00e1s para salir a la contra.<\/p>\n<p>El equipo dirigido este domingo por Javi Mart\u00ednez, el sustituto habitual del sancionado Mat\u00edas Almeyda, era adem\u00e1s incapaz de tener el bal\u00f3n el tiempo suficiente para llegar a amenazar a Joan Garc\u00eda, que solo hab\u00eda tenido que intervenir en un remata inocente de Oso a un centro de Suazo.<\/p>\n<p>Olmo hac\u00eda el tercero en el minuto 37 tras recibir una asistencia -tambi\u00e9n desde la izquierda- de Bernal. El mediapunta catal\u00e1n, que ya hab\u00eda avisado a Vlachodimos con un duro disparo desde la frontal minutos antes, llegaba en carrera al coraz\u00f3n del \u00e1rea para conectar con el interior el bal\u00f3n al fondo de la red.<\/p>\n<p>Lewandowski pudo hacer el cuarto poco despu\u00e9s, pero cabeceaba ligeramente desviado un centro de Olmo a segundo palo. Y cuando parec\u00eda que la primera parte acabar\u00eda con un 3-0 inapelable, Oso, en la segunda llegada del Sevilla en todo el partido, conectaba una volea cruzada al segundo palo a centro de Juanlu que sorprend\u00eda a Joan Garc\u00eda y daba esperanzas al cuadro andaluz para el segundo tiempo.<\/p>\n<p>Almeyda movi\u00f3 ficha al descanso dando entrada a Ejuke y Vargas por Carmona y Suazo, para buscar m\u00e1s velocidad por banda. Y tambi\u00e9n sentando a Akor para poner a Maupay como referencia ofensiva.<\/p>\n<p>Sin embargo, Raphinha sentenciaba a los seis minutos de la reanudaci\u00f3n con un chut dentro del \u00e1rea que despistaba a Vlachodimos despu\u00e9s de golpear en Gudelj.<\/p>\n<p>El tercero del brasile\u00f1o naci\u00f3 de un eslalon el\u00e9ctrico de Ferm\u00edn, al que Flick hab\u00eda dado entrada en el entreacto para dosificar a Pedri pensando de nuevo en la visita del Newcastle del pr\u00f3ximo mi\u00e9rcoles.<\/p>\n<p>El quinto llegar\u00eda cuatro minutos despu\u00e9s, obra de Cancelo, que redondeaba su gran tarde recibiendo de Raphinha en el centro del campo un bal\u00f3n que dejaba pasar Lewandoski, para plantarse frente a Vlachodimos, recortar a Gudelj y salvar la entrada de Oso para rematar a gol.<\/p>\n<p>Faltaba media hora a\u00fan de partido y el Spotify Camp Nou, que este domingo abri\u00f3 el gol norte para aumentar su capacidad hasta los 62.000 espectadores y recuper\u00f3 la ubicaci\u00f3n habitual de la Grada de Animaci\u00f3n en el Gol Sur, era una fiesta.<\/p>\n<p>Era el momento de que el estadio, que coreaba el nombre de Gavi nada m\u00e1s salir a calentar, disfrutara de la reaparici\u00f3n del centrocampista andaluz tras seis meses de baja por una grave lesi\u00f3n de menisco.<\/p>\n<p>Pero antes, Araujo cabece\u00f3 alto, Vlachodimos frustr\u00f3 la redenci\u00f3n de Lewandowski y Vargas, a pase del exazugrana Alexis -partido muy gris el del internacional chileno en su regreso al Camp Nou- oblig\u00f3 a Joan Garc\u00eda a desviar su disparo a c\u00f3rner.<\/p>\n<p>Con Gavi reci\u00e9n ingresado en el campo luciendo el brazalete de capit\u00e1n que se apresur\u00f3 a cederle a Araujo, Lewandowski alarg\u00f3 su mala racha enviando fuera su disparo en un mano a mano con el portero visitante tras recibir un pase filtrado de Ferm\u00edn.<\/p>\n<p>Y, como en la primera mitad, el Sevilla vio puerta en el a\u00f1adido con un cabezazo de Sow -libre de marca- a centro de Oso que coloc\u00f3 el definitivo 5-2 en el marcador.<\/p>\n","protected":false},"excerpt":{"rendered":"<p>BARACELONA.- El d\u00eda en que los socios del Barcelona estaban llamados a las urnas para votar a quien ser\u00e1 su &#8230;<\/p>\n","protected":false},"author":2,"featured_media":213072,"comment_status":"closed","ping_status":"closed","sticky":false,"template":"","format":"standard","meta":{"footnotes":""},"categories":[28],"tags":[],"class_list":["post-213071","post","type-post","status-publish","format-standard","has-post-thumbnail","hentry","category-deportes"],"yoast_head":"<!-- This site is optimized with the Yoast SEO plugin v24.8.1 - https:\/\/yoast.com\/wordpress\/plugins\/seo\/ -->\n<title>Raphinha y Cancelo lideran goleada del Barcelona el Sevilla - PotenciaRadiofonicaDominicana.com<\/title>\n<meta name=\"robots\" content=\"index, follow, max-snippet:-1, max-image-preview:large, max-video-preview:-1\" \/>\n<link rel=\"canonical\" href=\"https:\/\/potenciaradiofonicadominicana.com\/portal\/raphinha-y-cancelo-lideran-goleada-del-barcelona-el-sevilla\/\" \/>\n<meta property=\"og:locale\" content=\"es_ES\" \/>\n<meta property=\"og:type\" content=\"article\" \/>\n<meta property=\"og:title\" content=\"Raphinha y Cancelo lideran goleada del Barcelona el Sevilla - PotenciaRadiofonicaDominicana.com\" \/>\n<meta property=\"og:description\" content=\"BARACELONA.- El d\u00eda en que los socios del Barcelona estaban llamados a las urnas para votar a quien ser\u00e1 su ...\" \/>\n<meta property=\"og:url\" content=\"https:\/\/potenciaradiofonicadominicana.com\/portal\/raphinha-y-cancelo-lideran-goleada-del-barcelona-el-sevilla\/\" \/>\n<meta property=\"og:site_name\" content=\"PotenciaRadiofonicaDominicana.com\" \/>\n<meta property=\"article:publisher\" content=\"https:\/\/web.facebook.com\/PotenciaRadiofonicaD\" \/>\n<meta property=\"article:published_time\" content=\"2026-03-16T01:10:36+00:00\" \/>\n<meta property=\"og:image\" content=\"https:\/\/potenciaradiofonicadominicana.com\/portal\/wp-content\/uploads\/2026\/03\/16975275.jpg\" \/>\n\t<meta property=\"og:image:width\" content=\"1600\" \/>\n\t<meta property=\"og:image:height\" content=\"900\" \/>\n\t<meta property=\"og:image:type\" content=\"image\/jpeg\" \/>\n<meta name=\"author\" content=\"Potencia Radiof\u00f3nica Dominicana\" \/>\n<meta name=\"twitter:card\" content=\"summary_large_image\" \/>\n<meta name=\"twitter:label1\" content=\"Escrito por\" \/>\n\t<meta name=\"twitter:data1\" content=\"Potencia Radiof\u00f3nica Dominicana\" \/>\n\t<meta name=\"twitter:label2\" content=\"Tiempo de lectura\" \/>\n\t<meta name=\"twitter:data2\" content=\"5 minutos\" \/>\n<script type=\"application\/ld+json\" class=\"yoast-schema-graph\">{\"@context\":\"https:\/\/schema.org\",\"@graph\":[{\"@type\":\"Article\",\"@id\":\"https:\/\/potenciaradiofonicadominicana.com\/portal\/raphinha-y-cancelo-lideran-goleada-del-barcelona-el-sevilla\/#article\",\"isPartOf\":{\"@id\":\"https:\/\/potenciaradiofonicadominicana.com\/portal\/raphinha-y-cancelo-lideran-goleada-del-barcelona-el-sevilla\/\"},\"author\":{\"name\":\"Potencia Radiof\u00f3nica Dominicana\",\"@id\":\"https:\/\/potenciaradiofonicadominicana.com\/portal\/#\/schema\/person\/a5cf1fea13877803ee0573ac18b03490\"},\"headline\":\"Raphinha y Cancelo lideran goleada del Barcelona el Sevilla\",\"datePublished\":\"2026-03-16T01:10:36+00:00\",\"mainEntityOfPage\":{\"@id\":\"https:\/\/potenciaradiofonicadominicana.com\/portal\/raphinha-y-cancelo-lideran-goleada-del-barcelona-el-sevilla\/\"},\"wordCount\":855,\"publisher\":{\"@id\":\"https:\/\/potenciaradiofonicadominicana.com\/portal\/#organization\"},\"image\":{\"@id\":\"https:\/\/potenciaradiofonicadominicana.com\/portal\/raphinha-y-cancelo-lideran-goleada-del-barcelona-el-sevilla\/#primaryimage\"},\"thumbnailUrl\":\"https:\/\/potenciaradiofonicadominicana.com\/portal\/wp-content\/uploads\/2026\/03\/16975275.jpg\",\"articleSection\":[\"Deportes\"],\"inLanguage\":\"es\"},{\"@type\":\"WebPage\",\"@id\":\"https:\/\/potenciaradiofonicadominicana.com\/portal\/raphinha-y-cancelo-lideran-goleada-del-barcelona-el-sevilla\/\",\"url\":\"https:\/\/potenciaradiofonicadominicana.com\/portal\/raphinha-y-cancelo-lideran-goleada-del-barcelona-el-sevilla\/\",\"name\":\"Raphinha y Cancelo lideran goleada del Barcelona el Sevilla - PotenciaRadiofonicaDominicana.com\",\"isPartOf\":{\"@id\":\"https:\/\/potenciaradiofonicadominicana.com\/portal\/#website\"},\"primaryImageOfPage\":{\"@id\":\"https:\/\/potenciaradiofonicadominicana.com\/portal\/raphinha-y-cancelo-lideran-goleada-del-barcelona-el-sevilla\/#primaryimage\"},\"image\":{\"@id\":\"https:\/\/potenciaradiofonicadominicana.com\/portal\/raphinha-y-cancelo-lideran-goleada-del-barcelona-el-sevilla\/#primaryimage\"},\"thumbnailUrl\":\"https:\/\/potenciaradiofonicadominicana.com\/portal\/wp-content\/uploads\/2026\/03\/16975275.jpg\",\"datePublished\":\"2026-03-16T01:10:36+00:00\",\"breadcrumb\":{\"@id\":\"https:\/\/potenciaradiofonicadominicana.com\/portal\/raphinha-y-cancelo-lideran-goleada-del-barcelona-el-sevilla\/#breadcrumb\"},\"inLanguage\":\"es\",\"potentialAction\":[{\"@type\":\"ReadAction\",\"target\":[\"https:\/\/potenciaradiofonicadominicana.com\/portal\/raphinha-y-cancelo-lideran-goleada-del-barcelona-el-sevilla\/\"]}]},{\"@type\":\"ImageObject\",\"inLanguage\":\"es\",\"@id\":\"https:\/\/potenciaradiofonicadominicana.com\/portal\/raphinha-y-cancelo-lideran-goleada-del-barcelona-el-sevilla\/#primaryimage\",\"url\":\"https:\/\/potenciaradiofonicadominicana.com\/portal\/wp-content\/uploads\/2026\/03\/16975275.jpg\",\"contentUrl\":\"https:\/\/potenciaradiofonicadominicana.com\/portal\/wp-content\/uploads\/2026\/03\/16975275.jpg\",\"width\":1600,\"height\":900},{\"@type\":\"BreadcrumbList\",\"@id\":\"https:\/\/potenciaradiofonicadominicana.com\/portal\/raphinha-y-cancelo-lideran-goleada-del-barcelona-el-sevilla\/#breadcrumb\",\"itemListElement\":[{\"@type\":\"ListItem\",\"position\":1,\"name\":\"Portada\",\"item\":\"https:\/\/potenciaradiofonicadominicana.com\/portal\/\"},{\"@type\":\"ListItem\",\"position\":2,\"name\":\"Raphinha y Cancelo lideran goleada del Barcelona el Sevilla\"}]},{\"@type\":\"WebSite\",\"@id\":\"https:\/\/potenciaradiofonicadominicana.com\/portal\/#website\",\"url\":\"https:\/\/potenciaradiofonicadominicana.com\/portal\/\",\"name\":\"PotenciaRadiofonicaDominicana.com\",\"description\":\"Peri\u00f3dico Digital\",\"publisher\":{\"@id\":\"https:\/\/potenciaradiofonicadominicana.com\/portal\/#organization\"},\"potentialAction\":[{\"@type\":\"SearchAction\",\"target\":{\"@type\":\"EntryPoint\",\"urlTemplate\":\"https:\/\/potenciaradiofonicadominicana.com\/portal\/?s={search_term_string}\"},\"query-input\":{\"@type\":\"PropertyValueSpecification\",\"valueRequired\":true,\"valueName\":\"search_term_string\"}}],\"inLanguage\":\"es\"},{\"@type\":\"Organization\",\"@id\":\"https:\/\/potenciaradiofonicadominicana.com\/portal\/#organization\",\"name\":\"PotenciaRadiofonicaDominicana.com\",\"url\":\"https:\/\/potenciaradiofonicadominicana.com\/portal\/\",\"logo\":{\"@type\":\"ImageObject\",\"inLanguage\":\"es\",\"@id\":\"https:\/\/potenciaradiofonicadominicana.com\/portal\/#\/schema\/logo\/image\/\",\"url\":\"https:\/\/potenciaradiofonicadominicana.com\/portal\/wp-content\/uploads\/2022\/01\/descarga.png\",\"contentUrl\":\"https:\/\/potenciaradiofonicadominicana.com\/portal\/wp-content\/uploads\/2022\/01\/descarga.png\",\"width\":300,\"height\":100,\"caption\":\"PotenciaRadiofonicaDominicana.com\"},\"image\":{\"@id\":\"https:\/\/potenciaradiofonicadominicana.com\/portal\/#\/schema\/logo\/image\/\"},\"sameAs\":[\"https:\/\/web.facebook.com\/PotenciaRadiofonicaD\"]},{\"@type\":\"Person\",\"@id\":\"https:\/\/potenciaradiofonicadominicana.com\/portal\/#\/schema\/person\/a5cf1fea13877803ee0573ac18b03490\",\"name\":\"Potencia Radiof\u00f3nica Dominicana\",\"image\":{\"@type\":\"ImageObject\",\"inLanguage\":\"es\",\"@id\":\"https:\/\/potenciaradiofonicadominicana.com\/portal\/#\/schema\/person\/image\/\",\"url\":\"https:\/\/secure.gravatar.com\/avatar\/42a55ab9e8ccc656ba34cd791990602a?s=96&d=mm&r=g\",\"contentUrl\":\"https:\/\/secure.gravatar.com\/avatar\/42a55ab9e8ccc656ba34cd791990602a?s=96&d=mm&r=g\",\"caption\":\"Potencia Radiof\u00f3nica Dominicana\"},\"url\":\"https:\/\/potenciaradiofonicadominicana.com\/portal\/author\/johannyalmanzar\/\"}]}<\/script>\n<!-- \/ Yoast SEO plugin. -->","yoast_head_json":{"title":"Raphinha y Cancelo lideran goleada del Barcelona el Sevilla - PotenciaRadiofonicaDominicana.com","robots":{"index":"index","follow":"follow","max-snippet":"max-snippet:-1","max-image-preview":"max-image-preview:large","max-video-preview":"max-video-preview:-1"},"canonical":"https:\/\/potenciaradiofonicadominicana.com\/portal\/raphinha-y-cancelo-lideran-goleada-del-barcelona-el-sevilla\/","og_locale":"es_ES","og_type":"article","og_title":"Raphinha y Cancelo lideran goleada del Barcelona el Sevilla - PotenciaRadiofonicaDominicana.com","og_description":"BARACELONA.- El d\u00eda en que los socios del Barcelona estaban llamados a las urnas para votar a quien ser\u00e1 su ...","og_url":"https:\/\/potenciaradiofonicadominicana.com\/portal\/raphinha-y-cancelo-lideran-goleada-del-barcelona-el-sevilla\/","og_site_name":"PotenciaRadiofonicaDominicana.com","article_publisher":"https:\/\/web.facebook.com\/PotenciaRadiofonicaD","article_published_time":"2026-03-16T01:10:36+00:00","og_image":[{"width":1600,"height":900,"url":"https:\/\/potenciaradiofonicadominicana.com\/portal\/wp-content\/uploads\/2026\/03\/16975275.jpg","type":"image\/jpeg"}],"author":"Potencia Radiof\u00f3nica Dominicana","twitter_card":"summary_large_image","twitter_misc":{"Escrito por":"Potencia Radiof\u00f3nica Dominicana","Tiempo de lectura":"5 minutos"},"schema":{"@context":"https:\/\/schema.org","@graph":[{"@type":"Article","@id":"https:\/\/potenciaradiofonicadominicana.com\/portal\/raphinha-y-cancelo-lideran-goleada-del-barcelona-el-sevilla\/#article","isPartOf":{"@id":"https:\/\/potenciaradiofonicadominicana.com\/portal\/raphinha-y-cancelo-lideran-goleada-del-barcelona-el-sevilla\/"},"author":{"name":"Potencia Radiof\u00f3nica Dominicana","@id":"https:\/\/potenciaradiofonicadominicana.com\/portal\/#\/schema\/person\/a5cf1fea13877803ee0573ac18b03490"},"headline":"Raphinha y Cancelo lideran goleada del Barcelona el Sevilla","datePublished":"2026-03-16T01:10:36+00:00","mainEntityOfPage":{"@id":"https:\/\/potenciaradiofonicadominicana.com\/portal\/raphinha-y-cancelo-lideran-goleada-del-barcelona-el-sevilla\/"},"wordCount":855,"publisher":{"@id":"https:\/\/potenciaradiofonicadominicana.com\/portal\/#organization"},"image":{"@id":"https:\/\/potenciaradiofonicadominicana.com\/portal\/raphinha-y-cancelo-lideran-goleada-del-barcelona-el-sevilla\/#primaryimage"},"thumbnailUrl":"https:\/\/potenciaradiofonicadominicana.com\/portal\/wp-content\/uploads\/2026\/03\/16975275.jpg","articleSection":["Deportes"],"inLanguage":"es"},{"@type":"WebPage","@id":"https:\/\/potenciaradiofonicadominicana.com\/portal\/raphinha-y-cancelo-lideran-goleada-del-barcelona-el-sevilla\/","url":"https:\/\/potenciaradiofonicadominicana.com\/portal\/raphinha-y-cancelo-lideran-goleada-del-barcelona-el-sevilla\/","name":"Raphinha y Cancelo lideran goleada del Barcelona el Sevilla - PotenciaRadiofonicaDominicana.com","isPartOf":{"@id":"https:\/\/potenciaradiofonicadominicana.com\/portal\/#website"},"primaryImageOfPage":{"@id":"https:\/\/potenciaradiofonicadominicana.com\/portal\/raphinha-y-cancelo-lideran-goleada-del-barcelona-el-sevilla\/#primaryimage"},"image":{"@id":"https:\/\/potenciaradiofonicadominicana.com\/portal\/raphinha-y-cancelo-lideran-goleada-del-barcelona-el-sevilla\/#primaryimage"},"thumbnailUrl":"https:\/\/potenciaradiofonicadominicana.com\/portal\/wp-content\/uploads\/2026\/03\/16975275.jpg","datePublished":"2026-03-16T01:10:36+00:00","breadcrumb":{"@id":"https:\/\/potenciaradiofonicadominicana.com\/portal\/raphinha-y-cancelo-lideran-goleada-del-barcelona-el-sevilla\/#breadcrumb"},"inLanguage":"es","potentialAction":[{"@type":"ReadAction","target":["https:\/\/potenciaradiofonicadominicana.com\/portal\/raphinha-y-cancelo-lideran-goleada-del-barcelona-el-sevilla\/"]}]},{"@type":"ImageObject","inLanguage":"es","@id":"https:\/\/potenciaradiofonicadominicana.com\/portal\/raphinha-y-cancelo-lideran-goleada-del-barcelona-el-sevilla\/#primaryimage","url":"https:\/\/potenciaradiofonicadominicana.com\/portal\/wp-content\/uploads\/2026\/03\/16975275.jpg","contentUrl":"https:\/\/potenciaradiofonicadominicana.com\/portal\/wp-content\/uploads\/2026\/03\/16975275.jpg","width":1600,"height":900},{"@type":"BreadcrumbList","@id":"https:\/\/potenciaradiofonicadominicana.com\/portal\/raphinha-y-cancelo-lideran-goleada-del-barcelona-el-sevilla\/#breadcrumb","itemListElement":[{"@type":"ListItem","position":1,"name":"Portada","item":"https:\/\/potenciaradiofonicadominicana.com\/portal\/"},{"@type":"ListItem","position":2,"name":"Raphinha y Cancelo lideran goleada del Barcelona el Sevilla"}]},{"@type":"WebSite","@id":"https:\/\/potenciaradiofonicadominicana.com\/portal\/#website","url":"https:\/\/potenciaradiofonicadominicana.com\/portal\/","name":"PotenciaRadiofonicaDominicana.com","description":"Peri\u00f3dico Digital","publisher":{"@id":"https:\/\/potenciaradiofonicadominicana.com\/portal\/#organization"},"potentialAction":[{"@type":"SearchAction","target":{"@type":"EntryPoint","urlTemplate":"https:\/\/potenciaradiofonicadominicana.com\/portal\/?s={search_term_string}"},"query-input":{"@type":"PropertyValueSpecification","valueRequired":true,"valueName":"search_term_string"}}],"inLanguage":"es"},{"@type":"Organization","@id":"https:\/\/potenciaradiofonicadominicana.com\/portal\/#organization","name":"PotenciaRadiofonicaDominicana.com","url":"https:\/\/potenciaradiofonicadominicana.com\/portal\/","logo":{"@type":"ImageObject","inLanguage":"es","@id":"https:\/\/potenciaradiofonicadominicana.com\/portal\/#\/schema\/logo\/image\/","url":"https:\/\/potenciaradiofonicadominicana.com\/portal\/wp-content\/uploads\/2022\/01\/descarga.png","contentUrl":"https:\/\/potenciaradiofonicadominicana.com\/portal\/wp-content\/uploads\/2022\/01\/descarga.png","width":300,"height":100,"caption":"PotenciaRadiofonicaDominicana.com"},"image":{"@id":"https:\/\/potenciaradiofonicadominicana.com\/portal\/#\/schema\/logo\/image\/"},"sameAs":["https:\/\/web.facebook.com\/PotenciaRadiofonicaD"]},{"@type":"Person","@id":"https:\/\/potenciaradiofonicadominicana.com\/portal\/#\/schema\/person\/a5cf1fea13877803ee0573ac18b03490","name":"Potencia Radiof\u00f3nica Dominicana","image":{"@type":"ImageObject","inLanguage":"es","@id":"https:\/\/potenciaradiofonicadominicana.com\/portal\/#\/schema\/person\/image\/","url":"https:\/\/secure.gravatar.com\/avatar\/42a55ab9e8ccc656ba34cd791990602a?s=96&d=mm&r=g","contentUrl":"https:\/\/secure.gravatar.com\/avatar\/42a55ab9e8ccc656ba34cd791990602a?s=96&d=mm&r=g","caption":"Potencia Radiof\u00f3nica Dominicana"},"url":"https:\/\/potenciaradiofonicadominicana.com\/portal\/author\/johannyalmanzar\/"}]}},"_links":{"self":[{"href":"https:\/\/potenciaradiofonicadominicana.com\/portal\/wp-json\/wp\/v2\/posts\/213071","targetHints":{"allow":["GET"]}}],"collection":[{"href":"https:\/\/potenciaradiofonicadominicana.com\/portal\/wp-json\/wp\/v2\/posts"}],"about":[{"href":"https:\/\/potenciaradiofonicadominicana.com\/portal\/wp-json\/wp\/v2\/types\/post"}],"author":[{"embeddable":true,"href":"https:\/\/potenciaradiofonicadominicana.com\/portal\/wp-json\/wp\/v2\/users\/2"}],"replies":[{"embeddable":true,"href":"https:\/\/potenciaradiofonicadominicana.com\/portal\/wp-json\/wp\/v2\/comments?post=213071"}],"version-history":[{"count":1,"href":"https:\/\/potenciaradiofonicadominicana.com\/portal\/wp-json\/wp\/v2\/posts\/213071\/revisions"}],"predecessor-version":[{"id":213073,"href":"https:\/\/potenciaradiofonicadominicana.com\/portal\/wp-json\/wp\/v2\/posts\/213071\/revisions\/213073"}],"wp:featuredmedia":[{"embeddable":true,"href":"https:\/\/potenciaradiofonicadominicana.com\/portal\/wp-json\/wp\/v2\/media\/213072"}],"wp:attachment":[{"href":"https:\/\/potenciaradiofonicadominicana.com\/portal\/wp-json\/wp\/v2\/media?parent=213071"}],"wp:term":[{"taxonomy":"category","embeddable":true,"href":"https:\/\/potenciaradiofonicadominicana.com\/portal\/wp-json\/wp\/v2\/categories?post=213071"},{"taxonomy":"post_tag","embeddable":true,"href":"https:\/\/potenciaradiofonicadominicana.com\/portal\/wp-json\/wp\/v2\/tags?post=213071"}],"curies":[{"name":"wp","href":"https:\/\/api.w.org\/{rel}","templated":true}]}}