{"id":213065,"date":"2026-03-15T21:05:13","date_gmt":"2026-03-16T01:05:13","guid":{"rendered":"https:\/\/potenciaradiofonicadominicana.com\/portal\/?p=213065"},"modified":"2026-03-15T21:05:13","modified_gmt":"2026-03-16T01:05:13","slug":"inefi-entrega-canchas-remozadas-para-fortalecer-el-deporte-escolar","status":"publish","type":"post","link":"https:\/\/potenciaradiofonicadominicana.com\/portal\/inefi-entrega-canchas-remozadas-para-fortalecer-el-deporte-escolar\/","title":{"rendered":"Inefi entrega canchas remozadas para fortalecer el deporte escolar"},"content":{"rendered":"<p><a href=\"https:\/\/potenciaradiofonicadominicana.com\/portal\/wp-content\/uploads\/2026\/03\/foto-web-20-1-1024x576-1.jpg\"><img loading=\"lazy\" decoding=\"async\" class=\"alignnone size-full wp-image-213066\" src=\"https:\/\/potenciaradiofonicadominicana.com\/portal\/wp-content\/uploads\/2026\/03\/foto-web-20-1-1024x576-1.jpg\" alt=\"\" width=\"1024\" height=\"576\" srcset=\"https:\/\/potenciaradiofonicadominicana.com\/portal\/wp-content\/uploads\/2026\/03\/foto-web-20-1-1024x576-1.jpg 1024w, https:\/\/potenciaradiofonicadominicana.com\/portal\/wp-content\/uploads\/2026\/03\/foto-web-20-1-1024x576-1-300x169.jpg 300w, https:\/\/potenciaradiofonicadominicana.com\/portal\/wp-content\/uploads\/2026\/03\/foto-web-20-1-1024x576-1-768x432.jpg 768w\" sizes=\"auto, (max-width: 1024px) 100vw, 1024px\" \/><\/a><\/p>\n<p>El Instituto Nacional de Educaci\u00f3n F\u00edsica (Inefi) contin\u00faa fortaleciendo el deporte escolar con la entrega, en los meses de enero y febrero, de 48 canchas remozadas en distintos municipios y centros educativos del pa\u00eds, ejecutando los trabajos en tiempo r\u00e9cord, a un ritmo aproximado de dos canchas por d\u00eda laboral.<\/p>\n<p>As\u00ed lo manifest\u00f3 el director ejecutivo del Inefi, Alberto Rodr\u00edguez Mella, en el momento de evaluar las 48 instalaciones deportivas entregadas por ese organismo descentralizado, con el auspicio del Ministerio de Educaci\u00f3n de la Rep\u00fablica (Minerd).<\/p>\n<p>\u201cSon 48 canchas que hoy se convierten en escenarios de respeto, alegr\u00eda y valores. Porque en Inefi no levantamos estructuras, tambi\u00e9n sembramos oportunidades y futuro\u201d, expres\u00f3 Rodr\u00edguez Mella.<\/p>\n<p>\u201cEn el Inefi seguimos creando espacios dignos y adecuados para la educaci\u00f3n f\u00edsica y la pr\u00e1ctica deportiva escolar. Cada cancha que renovamos no es solo un espacio deportivo. Es un lugar donde los ni\u00f1os r\u00eden, donde los j\u00f3venes sue\u00f1an y donde las comunidades se encuentran\u201d, manifest\u00f3 Rodr\u00edguez Mella.<\/p>\n<p>Inform\u00f3 que entre los centros escolares beneficiados est\u00e1n los ubicados en el Distrito Nacional, Gran Santo Domingo (San Antonio de Guerra), Cibao (La Vega y San Francisco de Macor\u00eds), el sur (Barahona, Bahoruco, Neiba, San Crist\u00f3bal, Nizao y Villa Altagracia) y en la zona este (R\u00edo San Juan y Miches).<\/p>\n<p>Sobre ese particular, Rodr\u00edguez Mella concluy\u00f3 que \u201ccada obra lleva consigo esperanza, disciplina y salud. Desde el Distrito Nacional hasta Miches, desde R\u00edo San Juan hasta Barahona, cada obra lleva consigo esperanza, disciplina y salud\u201d.<\/p>\n<div class=\"single-post-ads-footer hidden-xs\"><\/div>\n","protected":false},"excerpt":{"rendered":"<p>El Instituto Nacional de Educaci\u00f3n F\u00edsica (Inefi) contin\u00faa fortaleciendo el deporte escolar con la entrega, en los meses de enero &#8230;<\/p>\n","protected":false},"author":2,"featured_media":213066,"comment_status":"closed","ping_status":"closed","sticky":false,"template":"","format":"standard","meta":{"footnotes":""},"categories":[28],"tags":[],"class_list":["post-213065","post","type-post","status-publish","format-standard","has-post-thumbnail","hentry","category-deportes"],"yoast_head":"<!-- This site is optimized with the Yoast SEO plugin v24.8.1 - https:\/\/yoast.com\/wordpress\/plugins\/seo\/ -->\n<title>Inefi entrega canchas remozadas para fortalecer el deporte escolar - PotenciaRadiofonicaDominicana.com<\/title>\n<meta name=\"robots\" content=\"index, follow, max-snippet:-1, max-image-preview:large, max-video-preview:-1\" \/>\n<link rel=\"canonical\" href=\"https:\/\/potenciaradiofonicadominicana.com\/portal\/inefi-entrega-canchas-remozadas-para-fortalecer-el-deporte-escolar\/\" \/>\n<meta property=\"og:locale\" content=\"es_ES\" \/>\n<meta property=\"og:type\" content=\"article\" \/>\n<meta property=\"og:title\" content=\"Inefi entrega canchas remozadas para fortalecer el deporte escolar - PotenciaRadiofonicaDominicana.com\" \/>\n<meta property=\"og:description\" content=\"El Instituto Nacional de Educaci\u00f3n F\u00edsica (Inefi) contin\u00faa fortaleciendo el deporte escolar con la entrega, en los meses de enero ...\" \/>\n<meta property=\"og:url\" content=\"https:\/\/potenciaradiofonicadominicana.com\/portal\/inefi-entrega-canchas-remozadas-para-fortalecer-el-deporte-escolar\/\" \/>\n<meta property=\"og:site_name\" content=\"PotenciaRadiofonicaDominicana.com\" \/>\n<meta property=\"article:publisher\" content=\"https:\/\/web.facebook.com\/PotenciaRadiofonicaD\" \/>\n<meta property=\"article:published_time\" content=\"2026-03-16T01:05:13+00:00\" \/>\n<meta property=\"og:image\" content=\"https:\/\/potenciaradiofonicadominicana.com\/portal\/wp-content\/uploads\/2026\/03\/foto-web-20-1-1024x576-1.jpg\" \/>\n\t<meta property=\"og:image:width\" content=\"1024\" \/>\n\t<meta property=\"og:image:height\" content=\"576\" \/>\n\t<meta property=\"og:image:type\" content=\"image\/jpeg\" \/>\n<meta name=\"author\" content=\"Potencia Radiof\u00f3nica Dominicana\" \/>\n<meta name=\"twitter:card\" content=\"summary_large_image\" \/>\n<meta name=\"twitter:label1\" content=\"Escrito por\" \/>\n\t<meta name=\"twitter:data1\" content=\"Potencia Radiof\u00f3nica Dominicana\" \/>\n\t<meta name=\"twitter:label2\" content=\"Tiempo de lectura\" \/>\n\t<meta name=\"twitter:data2\" content=\"2 minutos\" \/>\n<script type=\"application\/ld+json\" class=\"yoast-schema-graph\">{\"@context\":\"https:\/\/schema.org\",\"@graph\":[{\"@type\":\"Article\",\"@id\":\"https:\/\/potenciaradiofonicadominicana.com\/portal\/inefi-entrega-canchas-remozadas-para-fortalecer-el-deporte-escolar\/#article\",\"isPartOf\":{\"@id\":\"https:\/\/potenciaradiofonicadominicana.com\/portal\/inefi-entrega-canchas-remozadas-para-fortalecer-el-deporte-escolar\/\"},\"author\":{\"name\":\"Potencia Radiof\u00f3nica Dominicana\",\"@id\":\"https:\/\/potenciaradiofonicadominicana.com\/portal\/#\/schema\/person\/a5cf1fea13877803ee0573ac18b03490\"},\"headline\":\"Inefi entrega canchas remozadas para fortalecer el deporte escolar\",\"datePublished\":\"2026-03-16T01:05:13+00:00\",\"mainEntityOfPage\":{\"@id\":\"https:\/\/potenciaradiofonicadominicana.com\/portal\/inefi-entrega-canchas-remozadas-para-fortalecer-el-deporte-escolar\/\"},\"wordCount\":279,\"publisher\":{\"@id\":\"https:\/\/potenciaradiofonicadominicana.com\/portal\/#organization\"},\"image\":{\"@id\":\"https:\/\/potenciaradiofonicadominicana.com\/portal\/inefi-entrega-canchas-remozadas-para-fortalecer-el-deporte-escolar\/#primaryimage\"},\"thumbnailUrl\":\"https:\/\/potenciaradiofonicadominicana.com\/portal\/wp-content\/uploads\/2026\/03\/foto-web-20-1-1024x576-1.jpg\",\"articleSection\":[\"Deportes\"],\"inLanguage\":\"es\"},{\"@type\":\"WebPage\",\"@id\":\"https:\/\/potenciaradiofonicadominicana.com\/portal\/inefi-entrega-canchas-remozadas-para-fortalecer-el-deporte-escolar\/\",\"url\":\"https:\/\/potenciaradiofonicadominicana.com\/portal\/inefi-entrega-canchas-remozadas-para-fortalecer-el-deporte-escolar\/\",\"name\":\"Inefi entrega canchas remozadas para fortalecer el deporte escolar - PotenciaRadiofonicaDominicana.com\",\"isPartOf\":{\"@id\":\"https:\/\/potenciaradiofonicadominicana.com\/portal\/#website\"},\"primaryImageOfPage\":{\"@id\":\"https:\/\/potenciaradiofonicadominicana.com\/portal\/inefi-entrega-canchas-remozadas-para-fortalecer-el-deporte-escolar\/#primaryimage\"},\"image\":{\"@id\":\"https:\/\/potenciaradiofonicadominicana.com\/portal\/inefi-entrega-canchas-remozadas-para-fortalecer-el-deporte-escolar\/#primaryimage\"},\"thumbnailUrl\":\"https:\/\/potenciaradiofonicadominicana.com\/portal\/wp-content\/uploads\/2026\/03\/foto-web-20-1-1024x576-1.jpg\",\"datePublished\":\"2026-03-16T01:05:13+00:00\",\"breadcrumb\":{\"@id\":\"https:\/\/potenciaradiofonicadominicana.com\/portal\/inefi-entrega-canchas-remozadas-para-fortalecer-el-deporte-escolar\/#breadcrumb\"},\"inLanguage\":\"es\",\"potentialAction\":[{\"@type\":\"ReadAction\",\"target\":[\"https:\/\/potenciaradiofonicadominicana.com\/portal\/inefi-entrega-canchas-remozadas-para-fortalecer-el-deporte-escolar\/\"]}]},{\"@type\":\"ImageObject\",\"inLanguage\":\"es\",\"@id\":\"https:\/\/potenciaradiofonicadominicana.com\/portal\/inefi-entrega-canchas-remozadas-para-fortalecer-el-deporte-escolar\/#primaryimage\",\"url\":\"https:\/\/potenciaradiofonicadominicana.com\/portal\/wp-content\/uploads\/2026\/03\/foto-web-20-1-1024x576-1.jpg\",\"contentUrl\":\"https:\/\/potenciaradiofonicadominicana.com\/portal\/wp-content\/uploads\/2026\/03\/foto-web-20-1-1024x576-1.jpg\",\"width\":1024,\"height\":576},{\"@type\":\"BreadcrumbList\",\"@id\":\"https:\/\/potenciaradiofonicadominicana.com\/portal\/inefi-entrega-canchas-remozadas-para-fortalecer-el-deporte-escolar\/#breadcrumb\",\"itemListElement\":[{\"@type\":\"ListItem\",\"position\":1,\"name\":\"Portada\",\"item\":\"https:\/\/potenciaradiofonicadominicana.com\/portal\/\"},{\"@type\":\"ListItem\",\"position\":2,\"name\":\"Inefi entrega canchas remozadas para fortalecer el deporte escolar\"}]},{\"@type\":\"WebSite\",\"@id\":\"https:\/\/potenciaradiofonicadominicana.com\/portal\/#website\",\"url\":\"https:\/\/potenciaradiofonicadominicana.com\/portal\/\",\"name\":\"PotenciaRadiofonicaDominicana.com\",\"description\":\"Peri\u00f3dico Digital\",\"publisher\":{\"@id\":\"https:\/\/potenciaradiofonicadominicana.com\/portal\/#organization\"},\"potentialAction\":[{\"@type\":\"SearchAction\",\"target\":{\"@type\":\"EntryPoint\",\"urlTemplate\":\"https:\/\/potenciaradiofonicadominicana.com\/portal\/?s={search_term_string}\"},\"query-input\":{\"@type\":\"PropertyValueSpecification\",\"valueRequired\":true,\"valueName\":\"search_term_string\"}}],\"inLanguage\":\"es\"},{\"@type\":\"Organization\",\"@id\":\"https:\/\/potenciaradiofonicadominicana.com\/portal\/#organization\",\"name\":\"PotenciaRadiofonicaDominicana.com\",\"url\":\"https:\/\/potenciaradiofonicadominicana.com\/portal\/\",\"logo\":{\"@type\":\"ImageObject\",\"inLanguage\":\"es\",\"@id\":\"https:\/\/potenciaradiofonicadominicana.com\/portal\/#\/schema\/logo\/image\/\",\"url\":\"https:\/\/potenciaradiofonicadominicana.com\/portal\/wp-content\/uploads\/2022\/01\/descarga.png\",\"contentUrl\":\"https:\/\/potenciaradiofonicadominicana.com\/portal\/wp-content\/uploads\/2022\/01\/descarga.png\",\"width\":300,\"height\":100,\"caption\":\"PotenciaRadiofonicaDominicana.com\"},\"image\":{\"@id\":\"https:\/\/potenciaradiofonicadominicana.com\/portal\/#\/schema\/logo\/image\/\"},\"sameAs\":[\"https:\/\/web.facebook.com\/PotenciaRadiofonicaD\"]},{\"@type\":\"Person\",\"@id\":\"https:\/\/potenciaradiofonicadominicana.com\/portal\/#\/schema\/person\/a5cf1fea13877803ee0573ac18b03490\",\"name\":\"Potencia Radiof\u00f3nica Dominicana\",\"image\":{\"@type\":\"ImageObject\",\"inLanguage\":\"es\",\"@id\":\"https:\/\/potenciaradiofonicadominicana.com\/portal\/#\/schema\/person\/image\/\",\"url\":\"https:\/\/secure.gravatar.com\/avatar\/42a55ab9e8ccc656ba34cd791990602a?s=96&d=mm&r=g\",\"contentUrl\":\"https:\/\/secure.gravatar.com\/avatar\/42a55ab9e8ccc656ba34cd791990602a?s=96&d=mm&r=g\",\"caption\":\"Potencia Radiof\u00f3nica Dominicana\"},\"url\":\"https:\/\/potenciaradiofonicadominicana.com\/portal\/author\/johannyalmanzar\/\"}]}<\/script>\n<!-- \/ Yoast SEO plugin. -->","yoast_head_json":{"title":"Inefi entrega canchas remozadas para fortalecer el deporte escolar - PotenciaRadiofonicaDominicana.com","robots":{"index":"index","follow":"follow","max-snippet":"max-snippet:-1","max-image-preview":"max-image-preview:large","max-video-preview":"max-video-preview:-1"},"canonical":"https:\/\/potenciaradiofonicadominicana.com\/portal\/inefi-entrega-canchas-remozadas-para-fortalecer-el-deporte-escolar\/","og_locale":"es_ES","og_type":"article","og_title":"Inefi entrega canchas remozadas para fortalecer el deporte escolar - PotenciaRadiofonicaDominicana.com","og_description":"El Instituto Nacional de Educaci\u00f3n F\u00edsica (Inefi) contin\u00faa fortaleciendo el deporte escolar con la entrega, en los meses de enero ...","og_url":"https:\/\/potenciaradiofonicadominicana.com\/portal\/inefi-entrega-canchas-remozadas-para-fortalecer-el-deporte-escolar\/","og_site_name":"PotenciaRadiofonicaDominicana.com","article_publisher":"https:\/\/web.facebook.com\/PotenciaRadiofonicaD","article_published_time":"2026-03-16T01:05:13+00:00","og_image":[{"width":1024,"height":576,"url":"https:\/\/potenciaradiofonicadominicana.com\/portal\/wp-content\/uploads\/2026\/03\/foto-web-20-1-1024x576-1.jpg","type":"image\/jpeg"}],"author":"Potencia Radiof\u00f3nica Dominicana","twitter_card":"summary_large_image","twitter_misc":{"Escrito por":"Potencia Radiof\u00f3nica Dominicana","Tiempo de lectura":"2 minutos"},"schema":{"@context":"https:\/\/schema.org","@graph":[{"@type":"Article","@id":"https:\/\/potenciaradiofonicadominicana.com\/portal\/inefi-entrega-canchas-remozadas-para-fortalecer-el-deporte-escolar\/#article","isPartOf":{"@id":"https:\/\/potenciaradiofonicadominicana.com\/portal\/inefi-entrega-canchas-remozadas-para-fortalecer-el-deporte-escolar\/"},"author":{"name":"Potencia Radiof\u00f3nica Dominicana","@id":"https:\/\/potenciaradiofonicadominicana.com\/portal\/#\/schema\/person\/a5cf1fea13877803ee0573ac18b03490"},"headline":"Inefi entrega canchas remozadas para fortalecer el deporte escolar","datePublished":"2026-03-16T01:05:13+00:00","mainEntityOfPage":{"@id":"https:\/\/potenciaradiofonicadominicana.com\/portal\/inefi-entrega-canchas-remozadas-para-fortalecer-el-deporte-escolar\/"},"wordCount":279,"publisher":{"@id":"https:\/\/potenciaradiofonicadominicana.com\/portal\/#organization"},"image":{"@id":"https:\/\/potenciaradiofonicadominicana.com\/portal\/inefi-entrega-canchas-remozadas-para-fortalecer-el-deporte-escolar\/#primaryimage"},"thumbnailUrl":"https:\/\/potenciaradiofonicadominicana.com\/portal\/wp-content\/uploads\/2026\/03\/foto-web-20-1-1024x576-1.jpg","articleSection":["Deportes"],"inLanguage":"es"},{"@type":"WebPage","@id":"https:\/\/potenciaradiofonicadominicana.com\/portal\/inefi-entrega-canchas-remozadas-para-fortalecer-el-deporte-escolar\/","url":"https:\/\/potenciaradiofonicadominicana.com\/portal\/inefi-entrega-canchas-remozadas-para-fortalecer-el-deporte-escolar\/","name":"Inefi entrega canchas remozadas para fortalecer el deporte escolar - PotenciaRadiofonicaDominicana.com","isPartOf":{"@id":"https:\/\/potenciaradiofonicadominicana.com\/portal\/#website"},"primaryImageOfPage":{"@id":"https:\/\/potenciaradiofonicadominicana.com\/portal\/inefi-entrega-canchas-remozadas-para-fortalecer-el-deporte-escolar\/#primaryimage"},"image":{"@id":"https:\/\/potenciaradiofonicadominicana.com\/portal\/inefi-entrega-canchas-remozadas-para-fortalecer-el-deporte-escolar\/#primaryimage"},"thumbnailUrl":"https:\/\/potenciaradiofonicadominicana.com\/portal\/wp-content\/uploads\/2026\/03\/foto-web-20-1-1024x576-1.jpg","datePublished":"2026-03-16T01:05:13+00:00","breadcrumb":{"@id":"https:\/\/potenciaradiofonicadominicana.com\/portal\/inefi-entrega-canchas-remozadas-para-fortalecer-el-deporte-escolar\/#breadcrumb"},"inLanguage":"es","potentialAction":[{"@type":"ReadAction","target":["https:\/\/potenciaradiofonicadominicana.com\/portal\/inefi-entrega-canchas-remozadas-para-fortalecer-el-deporte-escolar\/"]}]},{"@type":"ImageObject","inLanguage":"es","@id":"https:\/\/potenciaradiofonicadominicana.com\/portal\/inefi-entrega-canchas-remozadas-para-fortalecer-el-deporte-escolar\/#primaryimage","url":"https:\/\/potenciaradiofonicadominicana.com\/portal\/wp-content\/uploads\/2026\/03\/foto-web-20-1-1024x576-1.jpg","contentUrl":"https:\/\/potenciaradiofonicadominicana.com\/portal\/wp-content\/uploads\/2026\/03\/foto-web-20-1-1024x576-1.jpg","width":1024,"height":576},{"@type":"BreadcrumbList","@id":"https:\/\/potenciaradiofonicadominicana.com\/portal\/inefi-entrega-canchas-remozadas-para-fortalecer-el-deporte-escolar\/#breadcrumb","itemListElement":[{"@type":"ListItem","position":1,"name":"Portada","item":"https:\/\/potenciaradiofonicadominicana.com\/portal\/"},{"@type":"ListItem","position":2,"name":"Inefi entrega canchas remozadas para fortalecer el deporte escolar"}]},{"@type":"WebSite","@id":"https:\/\/potenciaradiofonicadominicana.com\/portal\/#website","url":"https:\/\/potenciaradiofonicadominicana.com\/portal\/","name":"PotenciaRadiofonicaDominicana.com","description":"Peri\u00f3dico Digital","publisher":{"@id":"https:\/\/potenciaradiofonicadominicana.com\/portal\/#organization"},"potentialAction":[{"@type":"SearchAction","target":{"@type":"EntryPoint","urlTemplate":"https:\/\/potenciaradiofonicadominicana.com\/portal\/?s={search_term_string}"},"query-input":{"@type":"PropertyValueSpecification","valueRequired":true,"valueName":"search_term_string"}}],"inLanguage":"es"},{"@type":"Organization","@id":"https:\/\/potenciaradiofonicadominicana.com\/portal\/#organization","name":"PotenciaRadiofonicaDominicana.com","url":"https:\/\/potenciaradiofonicadominicana.com\/portal\/","logo":{"@type":"ImageObject","inLanguage":"es","@id":"https:\/\/potenciaradiofonicadominicana.com\/portal\/#\/schema\/logo\/image\/","url":"https:\/\/potenciaradiofonicadominicana.com\/portal\/wp-content\/uploads\/2022\/01\/descarga.png","contentUrl":"https:\/\/potenciaradiofonicadominicana.com\/portal\/wp-content\/uploads\/2022\/01\/descarga.png","width":300,"height":100,"caption":"PotenciaRadiofonicaDominicana.com"},"image":{"@id":"https:\/\/potenciaradiofonicadominicana.com\/portal\/#\/schema\/logo\/image\/"},"sameAs":["https:\/\/web.facebook.com\/PotenciaRadiofonicaD"]},{"@type":"Person","@id":"https:\/\/potenciaradiofonicadominicana.com\/portal\/#\/schema\/person\/a5cf1fea13877803ee0573ac18b03490","name":"Potencia Radiof\u00f3nica Dominicana","image":{"@type":"ImageObject","inLanguage":"es","@id":"https:\/\/potenciaradiofonicadominicana.com\/portal\/#\/schema\/person\/image\/","url":"https:\/\/secure.gravatar.com\/avatar\/42a55ab9e8ccc656ba34cd791990602a?s=96&d=mm&r=g","contentUrl":"https:\/\/secure.gravatar.com\/avatar\/42a55ab9e8ccc656ba34cd791990602a?s=96&d=mm&r=g","caption":"Potencia Radiof\u00f3nica Dominicana"},"url":"https:\/\/potenciaradiofonicadominicana.com\/portal\/author\/johannyalmanzar\/"}]}},"_links":{"self":[{"href":"https:\/\/potenciaradiofonicadominicana.com\/portal\/wp-json\/wp\/v2\/posts\/213065","targetHints":{"allow":["GET"]}}],"collection":[{"href":"https:\/\/potenciaradiofonicadominicana.com\/portal\/wp-json\/wp\/v2\/posts"}],"about":[{"href":"https:\/\/potenciaradiofonicadominicana.com\/portal\/wp-json\/wp\/v2\/types\/post"}],"author":[{"embeddable":true,"href":"https:\/\/potenciaradiofonicadominicana.com\/portal\/wp-json\/wp\/v2\/users\/2"}],"replies":[{"embeddable":true,"href":"https:\/\/potenciaradiofonicadominicana.com\/portal\/wp-json\/wp\/v2\/comments?post=213065"}],"version-history":[{"count":1,"href":"https:\/\/potenciaradiofonicadominicana.com\/portal\/wp-json\/wp\/v2\/posts\/213065\/revisions"}],"predecessor-version":[{"id":213067,"href":"https:\/\/potenciaradiofonicadominicana.com\/portal\/wp-json\/wp\/v2\/posts\/213065\/revisions\/213067"}],"wp:featuredmedia":[{"embeddable":true,"href":"https:\/\/potenciaradiofonicadominicana.com\/portal\/wp-json\/wp\/v2\/media\/213066"}],"wp:attachment":[{"href":"https:\/\/potenciaradiofonicadominicana.com\/portal\/wp-json\/wp\/v2\/media?parent=213065"}],"wp:term":[{"taxonomy":"category","embeddable":true,"href":"https:\/\/potenciaradiofonicadominicana.com\/portal\/wp-json\/wp\/v2\/categories?post=213065"},{"taxonomy":"post_tag","embeddable":true,"href":"https:\/\/potenciaradiofonicadominicana.com\/portal\/wp-json\/wp\/v2\/tags?post=213065"}],"curies":[{"name":"wp","href":"https:\/\/api.w.org\/{rel}","templated":true}]}}