{"id":212912,"date":"2026-03-08T18:47:44","date_gmt":"2026-03-08T22:47:44","guid":{"rendered":"https:\/\/potenciaradiofonicadominicana.com\/portal\/?p=212912"},"modified":"2026-03-08T18:47:44","modified_gmt":"2026-03-08T22:47:44","slug":"alex-rodriguez-resalta-gestion-de-abinader-y-collado-en-proyecto-del-aeropuerto-de-playa-grande","status":"publish","type":"post","link":"https:\/\/potenciaradiofonicadominicana.com\/portal\/alex-rodriguez-resalta-gestion-de-abinader-y-collado-en-proyecto-del-aeropuerto-de-playa-grande\/","title":{"rendered":"Alex Rodr\u00edguez resalta gesti\u00f3n de Abinader y Collado en proyecto del aeropuerto de Playa Grande"},"content":{"rendered":"<p><a href=\"https:\/\/potenciaradiofonicadominicana.com\/portal\/wp-content\/uploads\/2026\/03\/WhatsApp-Image-2026-03-06-at-2.19.33-PM-1.webp\"><img loading=\"lazy\" decoding=\"async\" class=\"alignnone size-full wp-image-212913\" src=\"https:\/\/potenciaradiofonicadominicana.com\/portal\/wp-content\/uploads\/2026\/03\/WhatsApp-Image-2026-03-06-at-2.19.33-PM-1.webp\" alt=\"\" width=\"1024\" height=\"610\" srcset=\"https:\/\/potenciaradiofonicadominicana.com\/portal\/wp-content\/uploads\/2026\/03\/WhatsApp-Image-2026-03-06-at-2.19.33-PM-1.webp 1024w, https:\/\/potenciaradiofonicadominicana.com\/portal\/wp-content\/uploads\/2026\/03\/WhatsApp-Image-2026-03-06-at-2.19.33-PM-1-300x179.webp 300w, https:\/\/potenciaradiofonicadominicana.com\/portal\/wp-content\/uploads\/2026\/03\/WhatsApp-Image-2026-03-06-at-2.19.33-PM-1-768x458.webp 768w\" sizes=\"auto, (max-width: 1024px) 100vw, 1024px\" \/><\/a><\/p>\n<p>El expelotero\u00a0<strong>Alex Rodr\u00edguez<\/strong>\u00a0<strong>felicit\u00f3<\/strong>\u00a0al presidente\u00a0<strong>Luis Abinader<\/strong>\u00a0y al ministro de Turismo,\u00a0<strong>David Collado<\/strong>, tras el anuncio de la construcci\u00f3n del Aeropuerto Internacional de Playa Grande, en R\u00edo San Juan, proyecto en el que es socio y que reunir\u00e1 una inversi\u00f3n de 1,000 millones de d\u00f3lares.<\/p>\n<p>La\u00a0<strong>terminal privada<\/strong>\u00a0brindar\u00e1\u00a0<strong>acceso a\u00e9reo directo<\/strong>\u00a0a la costa norte de la Rep\u00fablica Dominicana y servir\u00e1 de ancla para una serie de inversiones durante la evoluci\u00f3n del\u00a0<strong>complejo tur\u00edstico Playa Grande<\/strong>\u00a0Golf &amp; Ocean Club.<\/p>\n<p>En un mensaje publicado en su cuenta de la red social Instagram, Rodr\u00edguez calific\u00f3 de<strong>\u00a0\u00abtransparente y eficiente\u00bb<\/strong>\u00a0la gesti\u00f3n de Abinader y de Collado.<\/p>\n<p>\u00abGracias, presidente\u00a0<strong>Luis Abinader<\/strong>\u00a0y ministro\u00a0<strong>David Collado<\/strong>, por su apoyo\u00bb, expres\u00f3 el exjugador de Grandes Ligas y empresario.<\/p>\n<div class=\"social-embed mb-4\"><iframe id=\"instagram-embed-0\" class=\"instagram-media instagram-media-rendered\" src=\"https:\/\/www.instagram.com\/p\/DVmyNh2FLBv\/embed\/captioned\/?cr=1&amp;v=14&amp;wp=540&amp;rd=https%3A%2F%2Fwww.diariolibre.com&amp;rp=%2Feconomia%2Fturismo%2F2026%2F03%2F08%2Falex-rodriguez-resalta-gestion-en-el-aeropuerto-de-playa-grande%2F3461793#%7B%22ci%22%3A0%2C%22os%22%3A30299.80000001192%2C%22ls%22%3A30291.5%2C%22le%22%3A30293.80000001192%7D\" height=\"1149\" frameborder=\"0\" scrolling=\"no\" allowfullscreen=\"allowfullscreen\" data-instgrm-payload-id=\"instagram-media-payload-0\" data-mce-fragment=\"1\"><\/iframe><\/p>\n<div class=\" lazyloaded\" data-script=\"https:\/\/www.instagram.com\/embed.js\"><\/div>\n<\/div>\n<p>El\u00a0<strong>aeropuerto proyectado<\/strong>, junto con los desarrollos inmobiliarios asociados, representa una inversi\u00f3n en infraestructura destinada a mejorar el\u00a0<strong>acceso internacional<\/strong> a la regi\u00f3n para residentes, socios y visitantes.<\/p>\n<div id=\"dl_1x1_inread\"><\/div>\n<p>Se espera que la construcci\u00f3n de la terminal a\u00e9rea comience en los\u00a0<strong>pr\u00f3ximos meses<\/strong>\u00a0una vez se obtengan las\u00a0<strong>aprobaciones regulatorias<\/strong>\u00a0finales.<\/p>\n<h2>Participaci\u00f3n de \u00c1lex Rodr\u00edguez<\/h2>\n<p><strong>Rodr\u00edguez<\/strong>\u00a0figura como uno de los socios inversionistas de este proyecto. En el acto de lanzamiento del proyecto, el exastro del b\u00e9isbol afirm\u00f3 que la iniciativa\u00a0permitir\u00e1 mostrar al mundo el\u00a0<strong>potencial tur\u00edstico<\/strong>\u00a0del\u00a0pa\u00eds.<\/p>\n<ul class=\"list-text\">\n<li>Asimismo, destac\u00f3 que el desarrollo en\u00a0Playa Grande\u00a0tiene el potencial de convertirse en uno de los destinos m\u00e1s atractivos del\u00a0Caribe, gracias a la combinaci\u00f3n de infraestructura,\u00a0inversi\u00f3n\u00a0privada y\u00a0<strong>apoyo gubernamental<\/strong>.<\/li>\n<\/ul>\n<p>Los dem\u00e1s\u00a0inversionistas\u00a0son\u00a0<strong>Dan Loeb<\/strong>, CEO de Third Point;\u00a0<strong>Michael Meldman<\/strong>, presidente de Discovery Land Company; y\u00a0<strong>Alicia Goldstein<\/strong>, de Advisor for Third Point.<\/p>\n","protected":false},"excerpt":{"rendered":"<p>El expelotero\u00a0Alex Rodr\u00edguez\u00a0felicit\u00f3\u00a0al presidente\u00a0Luis Abinader\u00a0y al ministro de Turismo,\u00a0David Collado, tras el anuncio de la construcci\u00f3n del Aeropuerto Internacional de &#8230;<\/p>\n","protected":false},"author":2,"featured_media":212913,"comment_status":"closed","ping_status":"closed","sticky":false,"template":"","format":"standard","meta":{"footnotes":""},"categories":[26],"tags":[],"class_list":["post-212912","post","type-post","status-publish","format-standard","has-post-thumbnail","hentry","category-economia"],"yoast_head":"<!-- This site is optimized with the Yoast SEO plugin v24.8.1 - https:\/\/yoast.com\/wordpress\/plugins\/seo\/ -->\n<title>Alex Rodr\u00edguez resalta gesti\u00f3n de Abinader y Collado en proyecto del aeropuerto de Playa Grande - PotenciaRadiofonicaDominicana.com<\/title>\n<meta name=\"robots\" content=\"index, follow, max-snippet:-1, max-image-preview:large, max-video-preview:-1\" \/>\n<link rel=\"canonical\" href=\"https:\/\/potenciaradiofonicadominicana.com\/portal\/alex-rodriguez-resalta-gestion-de-abinader-y-collado-en-proyecto-del-aeropuerto-de-playa-grande\/\" \/>\n<meta property=\"og:locale\" content=\"es_ES\" \/>\n<meta property=\"og:type\" content=\"article\" \/>\n<meta property=\"og:title\" content=\"Alex Rodr\u00edguez resalta gesti\u00f3n de Abinader y Collado en proyecto del aeropuerto de Playa Grande - PotenciaRadiofonicaDominicana.com\" \/>\n<meta property=\"og:description\" content=\"El expelotero\u00a0Alex Rodr\u00edguez\u00a0felicit\u00f3\u00a0al presidente\u00a0Luis Abinader\u00a0y al ministro de Turismo,\u00a0David Collado, tras el anuncio de la construcci\u00f3n del Aeropuerto Internacional de ...\" \/>\n<meta property=\"og:url\" content=\"https:\/\/potenciaradiofonicadominicana.com\/portal\/alex-rodriguez-resalta-gestion-de-abinader-y-collado-en-proyecto-del-aeropuerto-de-playa-grande\/\" \/>\n<meta property=\"og:site_name\" content=\"PotenciaRadiofonicaDominicana.com\" \/>\n<meta property=\"article:publisher\" content=\"https:\/\/web.facebook.com\/PotenciaRadiofonicaD\" \/>\n<meta property=\"article:published_time\" content=\"2026-03-08T22:47:44+00:00\" \/>\n<meta property=\"og:image\" content=\"https:\/\/potenciaradiofonicadominicana.com\/portal\/wp-content\/uploads\/2026\/03\/WhatsApp-Image-2026-03-06-at-2.19.33-PM-1.webp\" \/>\n\t<meta property=\"og:image:width\" content=\"1024\" \/>\n\t<meta property=\"og:image:height\" content=\"610\" \/>\n\t<meta property=\"og:image:type\" content=\"image\/webp\" \/>\n<meta name=\"author\" content=\"Potencia Radiof\u00f3nica Dominicana\" \/>\n<meta name=\"twitter:card\" content=\"summary_large_image\" \/>\n<meta name=\"twitter:label1\" content=\"Escrito por\" \/>\n\t<meta name=\"twitter:data1\" content=\"Potencia Radiof\u00f3nica Dominicana\" \/>\n\t<meta name=\"twitter:label2\" content=\"Tiempo de lectura\" \/>\n\t<meta name=\"twitter:data2\" content=\"2 minutos\" \/>\n<script type=\"application\/ld+json\" class=\"yoast-schema-graph\">{\"@context\":\"https:\/\/schema.org\",\"@graph\":[{\"@type\":\"Article\",\"@id\":\"https:\/\/potenciaradiofonicadominicana.com\/portal\/alex-rodriguez-resalta-gestion-de-abinader-y-collado-en-proyecto-del-aeropuerto-de-playa-grande\/#article\",\"isPartOf\":{\"@id\":\"https:\/\/potenciaradiofonicadominicana.com\/portal\/alex-rodriguez-resalta-gestion-de-abinader-y-collado-en-proyecto-del-aeropuerto-de-playa-grande\/\"},\"author\":{\"name\":\"Potencia Radiof\u00f3nica Dominicana\",\"@id\":\"https:\/\/potenciaradiofonicadominicana.com\/portal\/#\/schema\/person\/a5cf1fea13877803ee0573ac18b03490\"},\"headline\":\"Alex Rodr\u00edguez resalta gesti\u00f3n de Abinader y Collado en proyecto del aeropuerto de Playa Grande\",\"datePublished\":\"2026-03-08T22:47:44+00:00\",\"mainEntityOfPage\":{\"@id\":\"https:\/\/potenciaradiofonicadominicana.com\/portal\/alex-rodriguez-resalta-gestion-de-abinader-y-collado-en-proyecto-del-aeropuerto-de-playa-grande\/\"},\"wordCount\":317,\"publisher\":{\"@id\":\"https:\/\/potenciaradiofonicadominicana.com\/portal\/#organization\"},\"image\":{\"@id\":\"https:\/\/potenciaradiofonicadominicana.com\/portal\/alex-rodriguez-resalta-gestion-de-abinader-y-collado-en-proyecto-del-aeropuerto-de-playa-grande\/#primaryimage\"},\"thumbnailUrl\":\"https:\/\/potenciaradiofonicadominicana.com\/portal\/wp-content\/uploads\/2026\/03\/WhatsApp-Image-2026-03-06-at-2.19.33-PM-1.webp\",\"articleSection\":[\"Econom\u00eda\"],\"inLanguage\":\"es\"},{\"@type\":\"WebPage\",\"@id\":\"https:\/\/potenciaradiofonicadominicana.com\/portal\/alex-rodriguez-resalta-gestion-de-abinader-y-collado-en-proyecto-del-aeropuerto-de-playa-grande\/\",\"url\":\"https:\/\/potenciaradiofonicadominicana.com\/portal\/alex-rodriguez-resalta-gestion-de-abinader-y-collado-en-proyecto-del-aeropuerto-de-playa-grande\/\",\"name\":\"Alex Rodr\u00edguez resalta gesti\u00f3n de Abinader y Collado en proyecto del aeropuerto de Playa Grande - PotenciaRadiofonicaDominicana.com\",\"isPartOf\":{\"@id\":\"https:\/\/potenciaradiofonicadominicana.com\/portal\/#website\"},\"primaryImageOfPage\":{\"@id\":\"https:\/\/potenciaradiofonicadominicana.com\/portal\/alex-rodriguez-resalta-gestion-de-abinader-y-collado-en-proyecto-del-aeropuerto-de-playa-grande\/#primaryimage\"},\"image\":{\"@id\":\"https:\/\/potenciaradiofonicadominicana.com\/portal\/alex-rodriguez-resalta-gestion-de-abinader-y-collado-en-proyecto-del-aeropuerto-de-playa-grande\/#primaryimage\"},\"thumbnailUrl\":\"https:\/\/potenciaradiofonicadominicana.com\/portal\/wp-content\/uploads\/2026\/03\/WhatsApp-Image-2026-03-06-at-2.19.33-PM-1.webp\",\"datePublished\":\"2026-03-08T22:47:44+00:00\",\"breadcrumb\":{\"@id\":\"https:\/\/potenciaradiofonicadominicana.com\/portal\/alex-rodriguez-resalta-gestion-de-abinader-y-collado-en-proyecto-del-aeropuerto-de-playa-grande\/#breadcrumb\"},\"inLanguage\":\"es\",\"potentialAction\":[{\"@type\":\"ReadAction\",\"target\":[\"https:\/\/potenciaradiofonicadominicana.com\/portal\/alex-rodriguez-resalta-gestion-de-abinader-y-collado-en-proyecto-del-aeropuerto-de-playa-grande\/\"]}]},{\"@type\":\"ImageObject\",\"inLanguage\":\"es\",\"@id\":\"https:\/\/potenciaradiofonicadominicana.com\/portal\/alex-rodriguez-resalta-gestion-de-abinader-y-collado-en-proyecto-del-aeropuerto-de-playa-grande\/#primaryimage\",\"url\":\"https:\/\/potenciaradiofonicadominicana.com\/portal\/wp-content\/uploads\/2026\/03\/WhatsApp-Image-2026-03-06-at-2.19.33-PM-1.webp\",\"contentUrl\":\"https:\/\/potenciaradiofonicadominicana.com\/portal\/wp-content\/uploads\/2026\/03\/WhatsApp-Image-2026-03-06-at-2.19.33-PM-1.webp\",\"width\":1024,\"height\":610},{\"@type\":\"BreadcrumbList\",\"@id\":\"https:\/\/potenciaradiofonicadominicana.com\/portal\/alex-rodriguez-resalta-gestion-de-abinader-y-collado-en-proyecto-del-aeropuerto-de-playa-grande\/#breadcrumb\",\"itemListElement\":[{\"@type\":\"ListItem\",\"position\":1,\"name\":\"Portada\",\"item\":\"https:\/\/potenciaradiofonicadominicana.com\/portal\/\"},{\"@type\":\"ListItem\",\"position\":2,\"name\":\"Alex Rodr\u00edguez resalta gesti\u00f3n de Abinader y Collado en proyecto del aeropuerto de Playa Grande\"}]},{\"@type\":\"WebSite\",\"@id\":\"https:\/\/potenciaradiofonicadominicana.com\/portal\/#website\",\"url\":\"https:\/\/potenciaradiofonicadominicana.com\/portal\/\",\"name\":\"PotenciaRadiofonicaDominicana.com\",\"description\":\"Peri\u00f3dico Digital\",\"publisher\":{\"@id\":\"https:\/\/potenciaradiofonicadominicana.com\/portal\/#organization\"},\"potentialAction\":[{\"@type\":\"SearchAction\",\"target\":{\"@type\":\"EntryPoint\",\"urlTemplate\":\"https:\/\/potenciaradiofonicadominicana.com\/portal\/?s={search_term_string}\"},\"query-input\":{\"@type\":\"PropertyValueSpecification\",\"valueRequired\":true,\"valueName\":\"search_term_string\"}}],\"inLanguage\":\"es\"},{\"@type\":\"Organization\",\"@id\":\"https:\/\/potenciaradiofonicadominicana.com\/portal\/#organization\",\"name\":\"PotenciaRadiofonicaDominicana.com\",\"url\":\"https:\/\/potenciaradiofonicadominicana.com\/portal\/\",\"logo\":{\"@type\":\"ImageObject\",\"inLanguage\":\"es\",\"@id\":\"https:\/\/potenciaradiofonicadominicana.com\/portal\/#\/schema\/logo\/image\/\",\"url\":\"https:\/\/potenciaradiofonicadominicana.com\/portal\/wp-content\/uploads\/2022\/01\/descarga.png\",\"contentUrl\":\"https:\/\/potenciaradiofonicadominicana.com\/portal\/wp-content\/uploads\/2022\/01\/descarga.png\",\"width\":300,\"height\":100,\"caption\":\"PotenciaRadiofonicaDominicana.com\"},\"image\":{\"@id\":\"https:\/\/potenciaradiofonicadominicana.com\/portal\/#\/schema\/logo\/image\/\"},\"sameAs\":[\"https:\/\/web.facebook.com\/PotenciaRadiofonicaD\"]},{\"@type\":\"Person\",\"@id\":\"https:\/\/potenciaradiofonicadominicana.com\/portal\/#\/schema\/person\/a5cf1fea13877803ee0573ac18b03490\",\"name\":\"Potencia Radiof\u00f3nica Dominicana\",\"image\":{\"@type\":\"ImageObject\",\"inLanguage\":\"es\",\"@id\":\"https:\/\/potenciaradiofonicadominicana.com\/portal\/#\/schema\/person\/image\/\",\"url\":\"https:\/\/secure.gravatar.com\/avatar\/42a55ab9e8ccc656ba34cd791990602a?s=96&d=mm&r=g\",\"contentUrl\":\"https:\/\/secure.gravatar.com\/avatar\/42a55ab9e8ccc656ba34cd791990602a?s=96&d=mm&r=g\",\"caption\":\"Potencia Radiof\u00f3nica Dominicana\"},\"url\":\"https:\/\/potenciaradiofonicadominicana.com\/portal\/author\/johannyalmanzar\/\"}]}<\/script>\n<!-- \/ Yoast SEO plugin. -->","yoast_head_json":{"title":"Alex Rodr\u00edguez resalta gesti\u00f3n de Abinader y Collado en proyecto del aeropuerto de Playa Grande - PotenciaRadiofonicaDominicana.com","robots":{"index":"index","follow":"follow","max-snippet":"max-snippet:-1","max-image-preview":"max-image-preview:large","max-video-preview":"max-video-preview:-1"},"canonical":"https:\/\/potenciaradiofonicadominicana.com\/portal\/alex-rodriguez-resalta-gestion-de-abinader-y-collado-en-proyecto-del-aeropuerto-de-playa-grande\/","og_locale":"es_ES","og_type":"article","og_title":"Alex Rodr\u00edguez resalta gesti\u00f3n de Abinader y Collado en proyecto del aeropuerto de Playa Grande - PotenciaRadiofonicaDominicana.com","og_description":"El expelotero\u00a0Alex Rodr\u00edguez\u00a0felicit\u00f3\u00a0al presidente\u00a0Luis Abinader\u00a0y al ministro de Turismo,\u00a0David Collado, tras el anuncio de la construcci\u00f3n del Aeropuerto Internacional de ...","og_url":"https:\/\/potenciaradiofonicadominicana.com\/portal\/alex-rodriguez-resalta-gestion-de-abinader-y-collado-en-proyecto-del-aeropuerto-de-playa-grande\/","og_site_name":"PotenciaRadiofonicaDominicana.com","article_publisher":"https:\/\/web.facebook.com\/PotenciaRadiofonicaD","article_published_time":"2026-03-08T22:47:44+00:00","og_image":[{"width":1024,"height":610,"url":"https:\/\/potenciaradiofonicadominicana.com\/portal\/wp-content\/uploads\/2026\/03\/WhatsApp-Image-2026-03-06-at-2.19.33-PM-1.webp","type":"image\/webp"}],"author":"Potencia Radiof\u00f3nica Dominicana","twitter_card":"summary_large_image","twitter_misc":{"Escrito por":"Potencia Radiof\u00f3nica Dominicana","Tiempo de lectura":"2 minutos"},"schema":{"@context":"https:\/\/schema.org","@graph":[{"@type":"Article","@id":"https:\/\/potenciaradiofonicadominicana.com\/portal\/alex-rodriguez-resalta-gestion-de-abinader-y-collado-en-proyecto-del-aeropuerto-de-playa-grande\/#article","isPartOf":{"@id":"https:\/\/potenciaradiofonicadominicana.com\/portal\/alex-rodriguez-resalta-gestion-de-abinader-y-collado-en-proyecto-del-aeropuerto-de-playa-grande\/"},"author":{"name":"Potencia Radiof\u00f3nica Dominicana","@id":"https:\/\/potenciaradiofonicadominicana.com\/portal\/#\/schema\/person\/a5cf1fea13877803ee0573ac18b03490"},"headline":"Alex Rodr\u00edguez resalta gesti\u00f3n de Abinader y Collado en proyecto del aeropuerto de Playa Grande","datePublished":"2026-03-08T22:47:44+00:00","mainEntityOfPage":{"@id":"https:\/\/potenciaradiofonicadominicana.com\/portal\/alex-rodriguez-resalta-gestion-de-abinader-y-collado-en-proyecto-del-aeropuerto-de-playa-grande\/"},"wordCount":317,"publisher":{"@id":"https:\/\/potenciaradiofonicadominicana.com\/portal\/#organization"},"image":{"@id":"https:\/\/potenciaradiofonicadominicana.com\/portal\/alex-rodriguez-resalta-gestion-de-abinader-y-collado-en-proyecto-del-aeropuerto-de-playa-grande\/#primaryimage"},"thumbnailUrl":"https:\/\/potenciaradiofonicadominicana.com\/portal\/wp-content\/uploads\/2026\/03\/WhatsApp-Image-2026-03-06-at-2.19.33-PM-1.webp","articleSection":["Econom\u00eda"],"inLanguage":"es"},{"@type":"WebPage","@id":"https:\/\/potenciaradiofonicadominicana.com\/portal\/alex-rodriguez-resalta-gestion-de-abinader-y-collado-en-proyecto-del-aeropuerto-de-playa-grande\/","url":"https:\/\/potenciaradiofonicadominicana.com\/portal\/alex-rodriguez-resalta-gestion-de-abinader-y-collado-en-proyecto-del-aeropuerto-de-playa-grande\/","name":"Alex Rodr\u00edguez resalta gesti\u00f3n de Abinader y Collado en proyecto del aeropuerto de Playa Grande - PotenciaRadiofonicaDominicana.com","isPartOf":{"@id":"https:\/\/potenciaradiofonicadominicana.com\/portal\/#website"},"primaryImageOfPage":{"@id":"https:\/\/potenciaradiofonicadominicana.com\/portal\/alex-rodriguez-resalta-gestion-de-abinader-y-collado-en-proyecto-del-aeropuerto-de-playa-grande\/#primaryimage"},"image":{"@id":"https:\/\/potenciaradiofonicadominicana.com\/portal\/alex-rodriguez-resalta-gestion-de-abinader-y-collado-en-proyecto-del-aeropuerto-de-playa-grande\/#primaryimage"},"thumbnailUrl":"https:\/\/potenciaradiofonicadominicana.com\/portal\/wp-content\/uploads\/2026\/03\/WhatsApp-Image-2026-03-06-at-2.19.33-PM-1.webp","datePublished":"2026-03-08T22:47:44+00:00","breadcrumb":{"@id":"https:\/\/potenciaradiofonicadominicana.com\/portal\/alex-rodriguez-resalta-gestion-de-abinader-y-collado-en-proyecto-del-aeropuerto-de-playa-grande\/#breadcrumb"},"inLanguage":"es","potentialAction":[{"@type":"ReadAction","target":["https:\/\/potenciaradiofonicadominicana.com\/portal\/alex-rodriguez-resalta-gestion-de-abinader-y-collado-en-proyecto-del-aeropuerto-de-playa-grande\/"]}]},{"@type":"ImageObject","inLanguage":"es","@id":"https:\/\/potenciaradiofonicadominicana.com\/portal\/alex-rodriguez-resalta-gestion-de-abinader-y-collado-en-proyecto-del-aeropuerto-de-playa-grande\/#primaryimage","url":"https:\/\/potenciaradiofonicadominicana.com\/portal\/wp-content\/uploads\/2026\/03\/WhatsApp-Image-2026-03-06-at-2.19.33-PM-1.webp","contentUrl":"https:\/\/potenciaradiofonicadominicana.com\/portal\/wp-content\/uploads\/2026\/03\/WhatsApp-Image-2026-03-06-at-2.19.33-PM-1.webp","width":1024,"height":610},{"@type":"BreadcrumbList","@id":"https:\/\/potenciaradiofonicadominicana.com\/portal\/alex-rodriguez-resalta-gestion-de-abinader-y-collado-en-proyecto-del-aeropuerto-de-playa-grande\/#breadcrumb","itemListElement":[{"@type":"ListItem","position":1,"name":"Portada","item":"https:\/\/potenciaradiofonicadominicana.com\/portal\/"},{"@type":"ListItem","position":2,"name":"Alex Rodr\u00edguez resalta gesti\u00f3n de Abinader y Collado en proyecto del aeropuerto de Playa Grande"}]},{"@type":"WebSite","@id":"https:\/\/potenciaradiofonicadominicana.com\/portal\/#website","url":"https:\/\/potenciaradiofonicadominicana.com\/portal\/","name":"PotenciaRadiofonicaDominicana.com","description":"Peri\u00f3dico Digital","publisher":{"@id":"https:\/\/potenciaradiofonicadominicana.com\/portal\/#organization"},"potentialAction":[{"@type":"SearchAction","target":{"@type":"EntryPoint","urlTemplate":"https:\/\/potenciaradiofonicadominicana.com\/portal\/?s={search_term_string}"},"query-input":{"@type":"PropertyValueSpecification","valueRequired":true,"valueName":"search_term_string"}}],"inLanguage":"es"},{"@type":"Organization","@id":"https:\/\/potenciaradiofonicadominicana.com\/portal\/#organization","name":"PotenciaRadiofonicaDominicana.com","url":"https:\/\/potenciaradiofonicadominicana.com\/portal\/","logo":{"@type":"ImageObject","inLanguage":"es","@id":"https:\/\/potenciaradiofonicadominicana.com\/portal\/#\/schema\/logo\/image\/","url":"https:\/\/potenciaradiofonicadominicana.com\/portal\/wp-content\/uploads\/2022\/01\/descarga.png","contentUrl":"https:\/\/potenciaradiofonicadominicana.com\/portal\/wp-content\/uploads\/2022\/01\/descarga.png","width":300,"height":100,"caption":"PotenciaRadiofonicaDominicana.com"},"image":{"@id":"https:\/\/potenciaradiofonicadominicana.com\/portal\/#\/schema\/logo\/image\/"},"sameAs":["https:\/\/web.facebook.com\/PotenciaRadiofonicaD"]},{"@type":"Person","@id":"https:\/\/potenciaradiofonicadominicana.com\/portal\/#\/schema\/person\/a5cf1fea13877803ee0573ac18b03490","name":"Potencia Radiof\u00f3nica Dominicana","image":{"@type":"ImageObject","inLanguage":"es","@id":"https:\/\/potenciaradiofonicadominicana.com\/portal\/#\/schema\/person\/image\/","url":"https:\/\/secure.gravatar.com\/avatar\/42a55ab9e8ccc656ba34cd791990602a?s=96&d=mm&r=g","contentUrl":"https:\/\/secure.gravatar.com\/avatar\/42a55ab9e8ccc656ba34cd791990602a?s=96&d=mm&r=g","caption":"Potencia Radiof\u00f3nica Dominicana"},"url":"https:\/\/potenciaradiofonicadominicana.com\/portal\/author\/johannyalmanzar\/"}]}},"_links":{"self":[{"href":"https:\/\/potenciaradiofonicadominicana.com\/portal\/wp-json\/wp\/v2\/posts\/212912","targetHints":{"allow":["GET"]}}],"collection":[{"href":"https:\/\/potenciaradiofonicadominicana.com\/portal\/wp-json\/wp\/v2\/posts"}],"about":[{"href":"https:\/\/potenciaradiofonicadominicana.com\/portal\/wp-json\/wp\/v2\/types\/post"}],"author":[{"embeddable":true,"href":"https:\/\/potenciaradiofonicadominicana.com\/portal\/wp-json\/wp\/v2\/users\/2"}],"replies":[{"embeddable":true,"href":"https:\/\/potenciaradiofonicadominicana.com\/portal\/wp-json\/wp\/v2\/comments?post=212912"}],"version-history":[{"count":1,"href":"https:\/\/potenciaradiofonicadominicana.com\/portal\/wp-json\/wp\/v2\/posts\/212912\/revisions"}],"predecessor-version":[{"id":212914,"href":"https:\/\/potenciaradiofonicadominicana.com\/portal\/wp-json\/wp\/v2\/posts\/212912\/revisions\/212914"}],"wp:featuredmedia":[{"embeddable":true,"href":"https:\/\/potenciaradiofonicadominicana.com\/portal\/wp-json\/wp\/v2\/media\/212913"}],"wp:attachment":[{"href":"https:\/\/potenciaradiofonicadominicana.com\/portal\/wp-json\/wp\/v2\/media?parent=212912"}],"wp:term":[{"taxonomy":"category","embeddable":true,"href":"https:\/\/potenciaradiofonicadominicana.com\/portal\/wp-json\/wp\/v2\/categories?post=212912"},{"taxonomy":"post_tag","embeddable":true,"href":"https:\/\/potenciaradiofonicadominicana.com\/portal\/wp-json\/wp\/v2\/tags?post=212912"}],"curies":[{"name":"wp","href":"https:\/\/api.w.org\/{rel}","templated":true}]}}