{"id":212872,"date":"2026-03-08T18:19:53","date_gmt":"2026-03-08T22:19:53","guid":{"rendered":"https:\/\/potenciaradiofonicadominicana.com\/portal\/?p=212872"},"modified":"2026-03-08T18:19:53","modified_gmt":"2026-03-08T22:19:53","slug":"banreservas-reconoce-a-winston-chilote-llenas-en-homenaje-a-los-93-anos-de-las-aguilas","status":"publish","type":"post","link":"https:\/\/potenciaradiofonicadominicana.com\/portal\/banreservas-reconoce-a-winston-chilote-llenas-en-homenaje-a-los-93-anos-de-las-aguilas\/","title":{"rendered":"Banreservas reconoce a Winston \u201cChilote\u201d Llenas en homenaje a los 93 a\u00f1os de las \u00c1guilas"},"content":{"rendered":"<p><a href=\"https:\/\/potenciaradiofonicadominicana.com\/portal\/wp-content\/uploads\/2026\/03\/Banreservas-reconoce-a-Winston-Chilote-Llenas-en-homenaje-a-los-93-anos-de-las-Aguilas-Cibaenas-3.webp\"><img loading=\"lazy\" decoding=\"async\" class=\"alignnone size-full wp-image-212873\" src=\"https:\/\/potenciaradiofonicadominicana.com\/portal\/wp-content\/uploads\/2026\/03\/Banreservas-reconoce-a-Winston-Chilote-Llenas-en-homenaje-a-los-93-anos-de-las-Aguilas-Cibaenas-3.webp\" alt=\"\" width=\"1051\" height=\"755\" srcset=\"https:\/\/potenciaradiofonicadominicana.com\/portal\/wp-content\/uploads\/2026\/03\/Banreservas-reconoce-a-Winston-Chilote-Llenas-en-homenaje-a-los-93-anos-de-las-Aguilas-Cibaenas-3.webp 1051w, https:\/\/potenciaradiofonicadominicana.com\/portal\/wp-content\/uploads\/2026\/03\/Banreservas-reconoce-a-Winston-Chilote-Llenas-en-homenaje-a-los-93-anos-de-las-Aguilas-Cibaenas-3-300x216.webp 300w, https:\/\/potenciaradiofonicadominicana.com\/portal\/wp-content\/uploads\/2026\/03\/Banreservas-reconoce-a-Winston-Chilote-Llenas-en-homenaje-a-los-93-anos-de-las-Aguilas-Cibaenas-3-1024x736.webp 1024w, https:\/\/potenciaradiofonicadominicana.com\/portal\/wp-content\/uploads\/2026\/03\/Banreservas-reconoce-a-Winston-Chilote-Llenas-en-homenaje-a-los-93-anos-de-las-Aguilas-Cibaenas-3-768x552.webp 768w\" sizes=\"auto, (max-width: 1051px) 100vw, 1051px\" \/><\/a><\/p>\n<p>El Banco de Reservas de la Rep\u00fablica Dominicana entreg\u00f3 un reconocimiento especial a Winston \u201cChilote\u201d Llenas, una de las figuras m\u00e1s emblem\u00e1ticas del b\u00e9isbol dominicano, durante un acto conmemorativo por el 93 aniversario de las \u00c1guilas Cibae\u00f1as.<\/p>\n<p>La distinci\u00f3n fue entregada por el presidente ejecutivo de Banreservas, doctor Leonardo Aguilera, en una actividad celebrada en el Centro Cultural Banreservas en Santiago, donde se resalt\u00f3 la extraordinaria trayectoria de Llenas dentro del conjunto cibae\u00f1o y su impacto en el desarrollo del b\u00e9isbol profesional dominicano.<\/p>\n<p>Aguilera destac\u00f3 que Llenas ha sido una pieza clave en la historia de las \u00c1guilas Cibae\u00f1as, organizaci\u00f3n a la que ha servido en distintos roles a lo largo de d\u00e9cadas, incluyendo jugador, dirigente, gerente general, vicepresidente y presidente del equipo.<\/p>\n<p>\u201cWinston ha sido jugador, coach, gerente general, vicepresidente y presidente de las \u00c1guilas. Es el \u00eddolo de todas las \u00e9pocas del equipo y un ejemplo para el deporte dominicano\u201d, expres\u00f3 Aguilera al entregar la distinci\u00f3n en nombre del Banco de Reservas y de los m\u00e1s de 14 mil colaboradores de la instituci\u00f3n.<\/p>\n<p>El ejecutivo bancario tambi\u00e9n resalt\u00f3 los valores que han marcado la vida de Llenas dentro y fuera del terreno de juego. \u201cHablar de Winston es hablar de un \u00edcono del pa\u00eds, un emblema de honestidad, seriedad y pulcritud. Por eso el Banco de Reservas se honra en reconocer su trayectoria y su aporte al b\u00e9isbol dominicano\u201d, afirm\u00f3.<\/p>\n<p>Durante la noche tambi\u00e9n se realiz\u00f3 un conversatorio dedicado a la historia y legado de las \u00c1guilas Cibae\u00f1as, en el que se abordaron momentos emblem\u00e1ticos del equipo, sus principales haza\u00f1as deportivas y la influencia que ha tenido la organizaci\u00f3n en el desarrollo del b\u00e9isbol profesional dominicano.<\/p>\n<p>Asimismo, los asistentes pudieron apreciar una exposici\u00f3n especial de trofeos, fotograf\u00edas y objetos hist\u00f3ricos del equipo, presentados por primera vez fuera del Estadio Cibao, como parte de una muestra instalada durante toda la noche en el Centro Cultural Banreservas.<\/p>\n<p>Al recibir el reconocimiento, Llenas agradeci\u00f3 el gesto de Banreservas y expres\u00f3 que la distinci\u00f3n representa un honor tanto para \u00e9l como para las \u00c1guilas Cibae\u00f1as, instituci\u00f3n a la que ha dedicado gran parte de su vida como jugador, dirigente y ejecutivo.<\/p>\n<p>En la ceremonia tambi\u00e9n particip\u00f3 la presidenta del Voluntariado Banreservas, doctora Carmen Alicia Quijano de Aguilera, junto a ex peloteros, deportistas y personalidades ligadas al b\u00e9isbol dominicano que compartieron con Llenas en distintas etapas de su carrera.<\/p>\n","protected":false},"excerpt":{"rendered":"<p>El Banco de Reservas de la Rep\u00fablica Dominicana entreg\u00f3 un reconocimiento especial a Winston \u201cChilote\u201d Llenas, una de las figuras &#8230;<\/p>\n","protected":false},"author":2,"featured_media":212873,"comment_status":"closed","ping_status":"closed","sticky":false,"template":"","format":"standard","meta":{"footnotes":""},"categories":[28],"tags":[],"class_list":["post-212872","post","type-post","status-publish","format-standard","has-post-thumbnail","hentry","category-deportes"],"yoast_head":"<!-- This site is optimized with the Yoast SEO plugin v24.8.1 - https:\/\/yoast.com\/wordpress\/plugins\/seo\/ -->\n<title>Banreservas reconoce a Winston \u201cChilote\u201d Llenas en homenaje a los 93 a\u00f1os de las \u00c1guilas - PotenciaRadiofonicaDominicana.com<\/title>\n<meta name=\"robots\" content=\"index, follow, max-snippet:-1, max-image-preview:large, max-video-preview:-1\" \/>\n<link rel=\"canonical\" href=\"https:\/\/potenciaradiofonicadominicana.com\/portal\/banreservas-reconoce-a-winston-chilote-llenas-en-homenaje-a-los-93-anos-de-las-aguilas\/\" \/>\n<meta property=\"og:locale\" content=\"es_ES\" \/>\n<meta property=\"og:type\" content=\"article\" \/>\n<meta property=\"og:title\" content=\"Banreservas reconoce a Winston \u201cChilote\u201d Llenas en homenaje a los 93 a\u00f1os de las \u00c1guilas - PotenciaRadiofonicaDominicana.com\" \/>\n<meta property=\"og:description\" content=\"El Banco de Reservas de la Rep\u00fablica Dominicana entreg\u00f3 un reconocimiento especial a Winston \u201cChilote\u201d Llenas, una de las figuras ...\" \/>\n<meta property=\"og:url\" content=\"https:\/\/potenciaradiofonicadominicana.com\/portal\/banreservas-reconoce-a-winston-chilote-llenas-en-homenaje-a-los-93-anos-de-las-aguilas\/\" \/>\n<meta property=\"og:site_name\" content=\"PotenciaRadiofonicaDominicana.com\" \/>\n<meta property=\"article:publisher\" content=\"https:\/\/web.facebook.com\/PotenciaRadiofonicaD\" \/>\n<meta property=\"article:published_time\" content=\"2026-03-08T22:19:53+00:00\" \/>\n<meta property=\"og:image\" content=\"https:\/\/potenciaradiofonicadominicana.com\/portal\/wp-content\/uploads\/2026\/03\/Banreservas-reconoce-a-Winston-Chilote-Llenas-en-homenaje-a-los-93-anos-de-las-Aguilas-Cibaenas-3.webp\" \/>\n\t<meta property=\"og:image:width\" content=\"1051\" \/>\n\t<meta property=\"og:image:height\" content=\"755\" \/>\n\t<meta property=\"og:image:type\" content=\"image\/webp\" \/>\n<meta name=\"author\" content=\"Potencia Radiof\u00f3nica Dominicana\" \/>\n<meta name=\"twitter:card\" content=\"summary_large_image\" \/>\n<meta name=\"twitter:label1\" content=\"Escrito por\" \/>\n\t<meta name=\"twitter:data1\" content=\"Potencia Radiof\u00f3nica Dominicana\" \/>\n\t<meta name=\"twitter:label2\" content=\"Tiempo de lectura\" \/>\n\t<meta name=\"twitter:data2\" content=\"3 minutos\" \/>\n<script type=\"application\/ld+json\" class=\"yoast-schema-graph\">{\"@context\":\"https:\/\/schema.org\",\"@graph\":[{\"@type\":\"Article\",\"@id\":\"https:\/\/potenciaradiofonicadominicana.com\/portal\/banreservas-reconoce-a-winston-chilote-llenas-en-homenaje-a-los-93-anos-de-las-aguilas\/#article\",\"isPartOf\":{\"@id\":\"https:\/\/potenciaradiofonicadominicana.com\/portal\/banreservas-reconoce-a-winston-chilote-llenas-en-homenaje-a-los-93-anos-de-las-aguilas\/\"},\"author\":{\"name\":\"Potencia Radiof\u00f3nica Dominicana\",\"@id\":\"https:\/\/potenciaradiofonicadominicana.com\/portal\/#\/schema\/person\/a5cf1fea13877803ee0573ac18b03490\"},\"headline\":\"Banreservas reconoce a Winston \u201cChilote\u201d Llenas en homenaje a los 93 a\u00f1os de las \u00c1guilas\",\"datePublished\":\"2026-03-08T22:19:53+00:00\",\"mainEntityOfPage\":{\"@id\":\"https:\/\/potenciaradiofonicadominicana.com\/portal\/banreservas-reconoce-a-winston-chilote-llenas-en-homenaje-a-los-93-anos-de-las-aguilas\/\"},\"wordCount\":440,\"publisher\":{\"@id\":\"https:\/\/potenciaradiofonicadominicana.com\/portal\/#organization\"},\"image\":{\"@id\":\"https:\/\/potenciaradiofonicadominicana.com\/portal\/banreservas-reconoce-a-winston-chilote-llenas-en-homenaje-a-los-93-anos-de-las-aguilas\/#primaryimage\"},\"thumbnailUrl\":\"https:\/\/potenciaradiofonicadominicana.com\/portal\/wp-content\/uploads\/2026\/03\/Banreservas-reconoce-a-Winston-Chilote-Llenas-en-homenaje-a-los-93-anos-de-las-Aguilas-Cibaenas-3.webp\",\"articleSection\":[\"Deportes\"],\"inLanguage\":\"es\"},{\"@type\":\"WebPage\",\"@id\":\"https:\/\/potenciaradiofonicadominicana.com\/portal\/banreservas-reconoce-a-winston-chilote-llenas-en-homenaje-a-los-93-anos-de-las-aguilas\/\",\"url\":\"https:\/\/potenciaradiofonicadominicana.com\/portal\/banreservas-reconoce-a-winston-chilote-llenas-en-homenaje-a-los-93-anos-de-las-aguilas\/\",\"name\":\"Banreservas reconoce a Winston \u201cChilote\u201d Llenas en homenaje a los 93 a\u00f1os de las \u00c1guilas - PotenciaRadiofonicaDominicana.com\",\"isPartOf\":{\"@id\":\"https:\/\/potenciaradiofonicadominicana.com\/portal\/#website\"},\"primaryImageOfPage\":{\"@id\":\"https:\/\/potenciaradiofonicadominicana.com\/portal\/banreservas-reconoce-a-winston-chilote-llenas-en-homenaje-a-los-93-anos-de-las-aguilas\/#primaryimage\"},\"image\":{\"@id\":\"https:\/\/potenciaradiofonicadominicana.com\/portal\/banreservas-reconoce-a-winston-chilote-llenas-en-homenaje-a-los-93-anos-de-las-aguilas\/#primaryimage\"},\"thumbnailUrl\":\"https:\/\/potenciaradiofonicadominicana.com\/portal\/wp-content\/uploads\/2026\/03\/Banreservas-reconoce-a-Winston-Chilote-Llenas-en-homenaje-a-los-93-anos-de-las-Aguilas-Cibaenas-3.webp\",\"datePublished\":\"2026-03-08T22:19:53+00:00\",\"breadcrumb\":{\"@id\":\"https:\/\/potenciaradiofonicadominicana.com\/portal\/banreservas-reconoce-a-winston-chilote-llenas-en-homenaje-a-los-93-anos-de-las-aguilas\/#breadcrumb\"},\"inLanguage\":\"es\",\"potentialAction\":[{\"@type\":\"ReadAction\",\"target\":[\"https:\/\/potenciaradiofonicadominicana.com\/portal\/banreservas-reconoce-a-winston-chilote-llenas-en-homenaje-a-los-93-anos-de-las-aguilas\/\"]}]},{\"@type\":\"ImageObject\",\"inLanguage\":\"es\",\"@id\":\"https:\/\/potenciaradiofonicadominicana.com\/portal\/banreservas-reconoce-a-winston-chilote-llenas-en-homenaje-a-los-93-anos-de-las-aguilas\/#primaryimage\",\"url\":\"https:\/\/potenciaradiofonicadominicana.com\/portal\/wp-content\/uploads\/2026\/03\/Banreservas-reconoce-a-Winston-Chilote-Llenas-en-homenaje-a-los-93-anos-de-las-Aguilas-Cibaenas-3.webp\",\"contentUrl\":\"https:\/\/potenciaradiofonicadominicana.com\/portal\/wp-content\/uploads\/2026\/03\/Banreservas-reconoce-a-Winston-Chilote-Llenas-en-homenaje-a-los-93-anos-de-las-Aguilas-Cibaenas-3.webp\",\"width\":1051,\"height\":755},{\"@type\":\"BreadcrumbList\",\"@id\":\"https:\/\/potenciaradiofonicadominicana.com\/portal\/banreservas-reconoce-a-winston-chilote-llenas-en-homenaje-a-los-93-anos-de-las-aguilas\/#breadcrumb\",\"itemListElement\":[{\"@type\":\"ListItem\",\"position\":1,\"name\":\"Portada\",\"item\":\"https:\/\/potenciaradiofonicadominicana.com\/portal\/\"},{\"@type\":\"ListItem\",\"position\":2,\"name\":\"Banreservas reconoce a Winston \u201cChilote\u201d Llenas en homenaje a los 93 a\u00f1os de las \u00c1guilas\"}]},{\"@type\":\"WebSite\",\"@id\":\"https:\/\/potenciaradiofonicadominicana.com\/portal\/#website\",\"url\":\"https:\/\/potenciaradiofonicadominicana.com\/portal\/\",\"name\":\"PotenciaRadiofonicaDominicana.com\",\"description\":\"Peri\u00f3dico Digital\",\"publisher\":{\"@id\":\"https:\/\/potenciaradiofonicadominicana.com\/portal\/#organization\"},\"potentialAction\":[{\"@type\":\"SearchAction\",\"target\":{\"@type\":\"EntryPoint\",\"urlTemplate\":\"https:\/\/potenciaradiofonicadominicana.com\/portal\/?s={search_term_string}\"},\"query-input\":{\"@type\":\"PropertyValueSpecification\",\"valueRequired\":true,\"valueName\":\"search_term_string\"}}],\"inLanguage\":\"es\"},{\"@type\":\"Organization\",\"@id\":\"https:\/\/potenciaradiofonicadominicana.com\/portal\/#organization\",\"name\":\"PotenciaRadiofonicaDominicana.com\",\"url\":\"https:\/\/potenciaradiofonicadominicana.com\/portal\/\",\"logo\":{\"@type\":\"ImageObject\",\"inLanguage\":\"es\",\"@id\":\"https:\/\/potenciaradiofonicadominicana.com\/portal\/#\/schema\/logo\/image\/\",\"url\":\"https:\/\/potenciaradiofonicadominicana.com\/portal\/wp-content\/uploads\/2022\/01\/descarga.png\",\"contentUrl\":\"https:\/\/potenciaradiofonicadominicana.com\/portal\/wp-content\/uploads\/2022\/01\/descarga.png\",\"width\":300,\"height\":100,\"caption\":\"PotenciaRadiofonicaDominicana.com\"},\"image\":{\"@id\":\"https:\/\/potenciaradiofonicadominicana.com\/portal\/#\/schema\/logo\/image\/\"},\"sameAs\":[\"https:\/\/web.facebook.com\/PotenciaRadiofonicaD\"]},{\"@type\":\"Person\",\"@id\":\"https:\/\/potenciaradiofonicadominicana.com\/portal\/#\/schema\/person\/a5cf1fea13877803ee0573ac18b03490\",\"name\":\"Potencia Radiof\u00f3nica Dominicana\",\"image\":{\"@type\":\"ImageObject\",\"inLanguage\":\"es\",\"@id\":\"https:\/\/potenciaradiofonicadominicana.com\/portal\/#\/schema\/person\/image\/\",\"url\":\"https:\/\/secure.gravatar.com\/avatar\/42a55ab9e8ccc656ba34cd791990602a?s=96&d=mm&r=g\",\"contentUrl\":\"https:\/\/secure.gravatar.com\/avatar\/42a55ab9e8ccc656ba34cd791990602a?s=96&d=mm&r=g\",\"caption\":\"Potencia Radiof\u00f3nica Dominicana\"},\"url\":\"https:\/\/potenciaradiofonicadominicana.com\/portal\/author\/johannyalmanzar\/\"}]}<\/script>\n<!-- \/ Yoast SEO plugin. -->","yoast_head_json":{"title":"Banreservas reconoce a Winston \u201cChilote\u201d Llenas en homenaje a los 93 a\u00f1os de las \u00c1guilas - PotenciaRadiofonicaDominicana.com","robots":{"index":"index","follow":"follow","max-snippet":"max-snippet:-1","max-image-preview":"max-image-preview:large","max-video-preview":"max-video-preview:-1"},"canonical":"https:\/\/potenciaradiofonicadominicana.com\/portal\/banreservas-reconoce-a-winston-chilote-llenas-en-homenaje-a-los-93-anos-de-las-aguilas\/","og_locale":"es_ES","og_type":"article","og_title":"Banreservas reconoce a Winston \u201cChilote\u201d Llenas en homenaje a los 93 a\u00f1os de las \u00c1guilas - PotenciaRadiofonicaDominicana.com","og_description":"El Banco de Reservas de la Rep\u00fablica Dominicana entreg\u00f3 un reconocimiento especial a Winston \u201cChilote\u201d Llenas, una de las figuras ...","og_url":"https:\/\/potenciaradiofonicadominicana.com\/portal\/banreservas-reconoce-a-winston-chilote-llenas-en-homenaje-a-los-93-anos-de-las-aguilas\/","og_site_name":"PotenciaRadiofonicaDominicana.com","article_publisher":"https:\/\/web.facebook.com\/PotenciaRadiofonicaD","article_published_time":"2026-03-08T22:19:53+00:00","og_image":[{"width":1051,"height":755,"url":"https:\/\/potenciaradiofonicadominicana.com\/portal\/wp-content\/uploads\/2026\/03\/Banreservas-reconoce-a-Winston-Chilote-Llenas-en-homenaje-a-los-93-anos-de-las-Aguilas-Cibaenas-3.webp","type":"image\/webp"}],"author":"Potencia Radiof\u00f3nica Dominicana","twitter_card":"summary_large_image","twitter_misc":{"Escrito por":"Potencia Radiof\u00f3nica Dominicana","Tiempo de lectura":"3 minutos"},"schema":{"@context":"https:\/\/schema.org","@graph":[{"@type":"Article","@id":"https:\/\/potenciaradiofonicadominicana.com\/portal\/banreservas-reconoce-a-winston-chilote-llenas-en-homenaje-a-los-93-anos-de-las-aguilas\/#article","isPartOf":{"@id":"https:\/\/potenciaradiofonicadominicana.com\/portal\/banreservas-reconoce-a-winston-chilote-llenas-en-homenaje-a-los-93-anos-de-las-aguilas\/"},"author":{"name":"Potencia Radiof\u00f3nica Dominicana","@id":"https:\/\/potenciaradiofonicadominicana.com\/portal\/#\/schema\/person\/a5cf1fea13877803ee0573ac18b03490"},"headline":"Banreservas reconoce a Winston \u201cChilote\u201d Llenas en homenaje a los 93 a\u00f1os de las \u00c1guilas","datePublished":"2026-03-08T22:19:53+00:00","mainEntityOfPage":{"@id":"https:\/\/potenciaradiofonicadominicana.com\/portal\/banreservas-reconoce-a-winston-chilote-llenas-en-homenaje-a-los-93-anos-de-las-aguilas\/"},"wordCount":440,"publisher":{"@id":"https:\/\/potenciaradiofonicadominicana.com\/portal\/#organization"},"image":{"@id":"https:\/\/potenciaradiofonicadominicana.com\/portal\/banreservas-reconoce-a-winston-chilote-llenas-en-homenaje-a-los-93-anos-de-las-aguilas\/#primaryimage"},"thumbnailUrl":"https:\/\/potenciaradiofonicadominicana.com\/portal\/wp-content\/uploads\/2026\/03\/Banreservas-reconoce-a-Winston-Chilote-Llenas-en-homenaje-a-los-93-anos-de-las-Aguilas-Cibaenas-3.webp","articleSection":["Deportes"],"inLanguage":"es"},{"@type":"WebPage","@id":"https:\/\/potenciaradiofonicadominicana.com\/portal\/banreservas-reconoce-a-winston-chilote-llenas-en-homenaje-a-los-93-anos-de-las-aguilas\/","url":"https:\/\/potenciaradiofonicadominicana.com\/portal\/banreservas-reconoce-a-winston-chilote-llenas-en-homenaje-a-los-93-anos-de-las-aguilas\/","name":"Banreservas reconoce a Winston \u201cChilote\u201d Llenas en homenaje a los 93 a\u00f1os de las \u00c1guilas - PotenciaRadiofonicaDominicana.com","isPartOf":{"@id":"https:\/\/potenciaradiofonicadominicana.com\/portal\/#website"},"primaryImageOfPage":{"@id":"https:\/\/potenciaradiofonicadominicana.com\/portal\/banreservas-reconoce-a-winston-chilote-llenas-en-homenaje-a-los-93-anos-de-las-aguilas\/#primaryimage"},"image":{"@id":"https:\/\/potenciaradiofonicadominicana.com\/portal\/banreservas-reconoce-a-winston-chilote-llenas-en-homenaje-a-los-93-anos-de-las-aguilas\/#primaryimage"},"thumbnailUrl":"https:\/\/potenciaradiofonicadominicana.com\/portal\/wp-content\/uploads\/2026\/03\/Banreservas-reconoce-a-Winston-Chilote-Llenas-en-homenaje-a-los-93-anos-de-las-Aguilas-Cibaenas-3.webp","datePublished":"2026-03-08T22:19:53+00:00","breadcrumb":{"@id":"https:\/\/potenciaradiofonicadominicana.com\/portal\/banreservas-reconoce-a-winston-chilote-llenas-en-homenaje-a-los-93-anos-de-las-aguilas\/#breadcrumb"},"inLanguage":"es","potentialAction":[{"@type":"ReadAction","target":["https:\/\/potenciaradiofonicadominicana.com\/portal\/banreservas-reconoce-a-winston-chilote-llenas-en-homenaje-a-los-93-anos-de-las-aguilas\/"]}]},{"@type":"ImageObject","inLanguage":"es","@id":"https:\/\/potenciaradiofonicadominicana.com\/portal\/banreservas-reconoce-a-winston-chilote-llenas-en-homenaje-a-los-93-anos-de-las-aguilas\/#primaryimage","url":"https:\/\/potenciaradiofonicadominicana.com\/portal\/wp-content\/uploads\/2026\/03\/Banreservas-reconoce-a-Winston-Chilote-Llenas-en-homenaje-a-los-93-anos-de-las-Aguilas-Cibaenas-3.webp","contentUrl":"https:\/\/potenciaradiofonicadominicana.com\/portal\/wp-content\/uploads\/2026\/03\/Banreservas-reconoce-a-Winston-Chilote-Llenas-en-homenaje-a-los-93-anos-de-las-Aguilas-Cibaenas-3.webp","width":1051,"height":755},{"@type":"BreadcrumbList","@id":"https:\/\/potenciaradiofonicadominicana.com\/portal\/banreservas-reconoce-a-winston-chilote-llenas-en-homenaje-a-los-93-anos-de-las-aguilas\/#breadcrumb","itemListElement":[{"@type":"ListItem","position":1,"name":"Portada","item":"https:\/\/potenciaradiofonicadominicana.com\/portal\/"},{"@type":"ListItem","position":2,"name":"Banreservas reconoce a Winston \u201cChilote\u201d Llenas en homenaje a los 93 a\u00f1os de las \u00c1guilas"}]},{"@type":"WebSite","@id":"https:\/\/potenciaradiofonicadominicana.com\/portal\/#website","url":"https:\/\/potenciaradiofonicadominicana.com\/portal\/","name":"PotenciaRadiofonicaDominicana.com","description":"Peri\u00f3dico Digital","publisher":{"@id":"https:\/\/potenciaradiofonicadominicana.com\/portal\/#organization"},"potentialAction":[{"@type":"SearchAction","target":{"@type":"EntryPoint","urlTemplate":"https:\/\/potenciaradiofonicadominicana.com\/portal\/?s={search_term_string}"},"query-input":{"@type":"PropertyValueSpecification","valueRequired":true,"valueName":"search_term_string"}}],"inLanguage":"es"},{"@type":"Organization","@id":"https:\/\/potenciaradiofonicadominicana.com\/portal\/#organization","name":"PotenciaRadiofonicaDominicana.com","url":"https:\/\/potenciaradiofonicadominicana.com\/portal\/","logo":{"@type":"ImageObject","inLanguage":"es","@id":"https:\/\/potenciaradiofonicadominicana.com\/portal\/#\/schema\/logo\/image\/","url":"https:\/\/potenciaradiofonicadominicana.com\/portal\/wp-content\/uploads\/2022\/01\/descarga.png","contentUrl":"https:\/\/potenciaradiofonicadominicana.com\/portal\/wp-content\/uploads\/2022\/01\/descarga.png","width":300,"height":100,"caption":"PotenciaRadiofonicaDominicana.com"},"image":{"@id":"https:\/\/potenciaradiofonicadominicana.com\/portal\/#\/schema\/logo\/image\/"},"sameAs":["https:\/\/web.facebook.com\/PotenciaRadiofonicaD"]},{"@type":"Person","@id":"https:\/\/potenciaradiofonicadominicana.com\/portal\/#\/schema\/person\/a5cf1fea13877803ee0573ac18b03490","name":"Potencia Radiof\u00f3nica Dominicana","image":{"@type":"ImageObject","inLanguage":"es","@id":"https:\/\/potenciaradiofonicadominicana.com\/portal\/#\/schema\/person\/image\/","url":"https:\/\/secure.gravatar.com\/avatar\/42a55ab9e8ccc656ba34cd791990602a?s=96&d=mm&r=g","contentUrl":"https:\/\/secure.gravatar.com\/avatar\/42a55ab9e8ccc656ba34cd791990602a?s=96&d=mm&r=g","caption":"Potencia Radiof\u00f3nica Dominicana"},"url":"https:\/\/potenciaradiofonicadominicana.com\/portal\/author\/johannyalmanzar\/"}]}},"_links":{"self":[{"href":"https:\/\/potenciaradiofonicadominicana.com\/portal\/wp-json\/wp\/v2\/posts\/212872","targetHints":{"allow":["GET"]}}],"collection":[{"href":"https:\/\/potenciaradiofonicadominicana.com\/portal\/wp-json\/wp\/v2\/posts"}],"about":[{"href":"https:\/\/potenciaradiofonicadominicana.com\/portal\/wp-json\/wp\/v2\/types\/post"}],"author":[{"embeddable":true,"href":"https:\/\/potenciaradiofonicadominicana.com\/portal\/wp-json\/wp\/v2\/users\/2"}],"replies":[{"embeddable":true,"href":"https:\/\/potenciaradiofonicadominicana.com\/portal\/wp-json\/wp\/v2\/comments?post=212872"}],"version-history":[{"count":1,"href":"https:\/\/potenciaradiofonicadominicana.com\/portal\/wp-json\/wp\/v2\/posts\/212872\/revisions"}],"predecessor-version":[{"id":212874,"href":"https:\/\/potenciaradiofonicadominicana.com\/portal\/wp-json\/wp\/v2\/posts\/212872\/revisions\/212874"}],"wp:featuredmedia":[{"embeddable":true,"href":"https:\/\/potenciaradiofonicadominicana.com\/portal\/wp-json\/wp\/v2\/media\/212873"}],"wp:attachment":[{"href":"https:\/\/potenciaradiofonicadominicana.com\/portal\/wp-json\/wp\/v2\/media?parent=212872"}],"wp:term":[{"taxonomy":"category","embeddable":true,"href":"https:\/\/potenciaradiofonicadominicana.com\/portal\/wp-json\/wp\/v2\/categories?post=212872"},{"taxonomy":"post_tag","embeddable":true,"href":"https:\/\/potenciaradiofonicadominicana.com\/portal\/wp-json\/wp\/v2\/tags?post=212872"}],"curies":[{"name":"wp","href":"https:\/\/api.w.org\/{rel}","templated":true}]}}