{"id":212866,"date":"2026-03-08T18:15:39","date_gmt":"2026-03-08T22:15:39","guid":{"rendered":"https:\/\/potenciaradiofonicadominicana.com\/portal\/?p=212866"},"modified":"2026-03-08T18:15:39","modified_gmt":"2026-03-08T22:15:39","slug":"george-russell-gana-el-gp-de-australia-de-f1-donde-mercedes-hace-el-1-2","status":"publish","type":"post","link":"https:\/\/potenciaradiofonicadominicana.com\/portal\/george-russell-gana-el-gp-de-australia-de-f1-donde-mercedes-hace-el-1-2\/","title":{"rendered":"George Russell gana el GP de Australia de F1, donde Mercedes hace el 1-2"},"content":{"rendered":"<p><a href=\"https:\/\/potenciaradiofonicadominicana.com\/portal\/wp-content\/uploads\/2026\/03\/rosselEFE.jpg\"><img loading=\"lazy\" decoding=\"async\" class=\"size-full wp-image-212867\" src=\"https:\/\/potenciaradiofonicadominicana.com\/portal\/wp-content\/uploads\/2026\/03\/rosselEFE.jpg\" alt=\"\" width=\"992\" height=\"680\" srcset=\"https:\/\/potenciaradiofonicadominicana.com\/portal\/wp-content\/uploads\/2026\/03\/rosselEFE.jpg 992w, https:\/\/potenciaradiofonicadominicana.com\/portal\/wp-content\/uploads\/2026\/03\/rosselEFE-300x206.jpg 300w, https:\/\/potenciaradiofonicadominicana.com\/portal\/wp-content\/uploads\/2026\/03\/rosselEFE-768x526.jpg 768w\" sizes=\"auto, (max-width: 992px) 100vw, 992px\" \/><\/a><\/p>\n<p>MELBOURNE (AP) \u2014\u00a0<strong>George Russell\u00a0<\/strong>de\u00a0<strong>Mercedes<\/strong>\u00a0gan\u00f3 un emocionante\u00a0<strong>Gran Premio de Australia<\/strong>\u00a0que marc\u00f3 el comienzo de la temporada de la\u00a0<strong>F\u00f3rmula Uno<\/strong>, seguido de cerca por su compa\u00f1ero de equipo\u00a0<strong>Kimi Antonelli<\/strong>\u00a0para que la escuder\u00eda hiciera el 1-2 por 61ra vez en la historia.<\/p>\n<p><em>En la\u00a0<strong>F1<\/strong>\u00a0no se registraba el 1-2 por parte de alg\u00fan equipo desde el\u00a0<strong>Gran Premio de Las Vegas<\/strong>\u00a0de 2024.<\/em><\/p>\n<p>Fue posible gracias a una doble parada en fosos, que eclips\u00f3 un comienzo r\u00e1pido de Ferrari.<\/p>\n<p>\u201cSab\u00edamos que iba a ser desafiante\u201d, dijo Russell. \u201cLlegu\u00e9 a la parrilla, vi mi nivel de bater\u00eda y no ten\u00eda nada en el tanque. Tuve un mal comienzo y libr\u00e9 unas batallas muy arpetadas con Charles\u201d Leclerc.<\/p>\n<p>\u201cMe encant\u00f3 realmente cruzar la meta pero, sinceramente, gracias a todo el equipo, porque se ha requerido de mucho tiempo para tener este b\u00f3lido. Y s\u00ed, voy a comenzar de una mejor manera\u201d.<\/p>\n<p>El brit\u00e1nico Russell, que sal\u00eda desde la pole position, arranc\u00f3 lento, al igual que el italiano Antonelli, quien cay\u00f3 al s\u00e9ptimo lugar.<\/p>\n<p>Ello permiti\u00f3 que Charles Leclerc de Ferrari \u2014aprovechando al m\u00e1ximo su turbo m\u00e1s peque\u00f1o para una carga m\u00e1s r\u00e1pida y una mejor salida\u2014 tomara el liderato en la primera curva.<\/p>\n<p>El monegasco luch\u00f3 luego por el primer puesto, en una sucesi\u00f3n de rebases con Russell, antes del despliegue el auto de seguridad virtual en la duod\u00e9cima vuelta para cubrir el Red Bull detenido de Isack Hadjar, momento en el que ambos autos de Mercedes entraron a boxes.<\/p>\n<p>Leclerc fue tercero para su primer podio con Ferrari desde el Gran Premio de M\u00e9xico del a\u00f1o pasado. El piloto de 28 a\u00f1os se mostr\u00f3 frustrado por dejar que se escapara una posible victoria despu\u00e9s de que Ferrari se equivoc\u00f3 al no seguir la r\u00e1pida decisi\u00f3n de Mercedes de hacer una parada conveniente en boxes bajo el auto de seguridad virtual, mientras el resto del pelot\u00f3n circulaba a un ritmo m\u00e1s lento.<\/p>\n<p>Lewis Hamilton, compa\u00f1ero de equipo de Leclerc, fue cuarto.<\/p>\n<p>Antes, muchos aficionados locales en las gradas quedaron desconsolados por Oscar Piastri de McLaren, quien se accident\u00f3 cuando se dirig\u00eda a la parrilla de salida, en la cuarta curva, probablemente debido a un pico de energ\u00eda en su unidad de potencia, lo que le dej\u00f3 fuera de la carrera en su pa\u00eds antes de la largada.<\/p>\n<p>En el debut de Cadillac en la F1, el mexicano Sergio P\u00e9rez ocup\u00f3 el 16to puesto. Su compa\u00f1ero Valtteri Bottas se ugic\u00f3 19no.<\/p>\n","protected":false},"excerpt":{"rendered":"<p>MELBOURNE (AP) \u2014\u00a0George Russell\u00a0de\u00a0Mercedes\u00a0gan\u00f3 un emocionante\u00a0Gran Premio de Australia\u00a0que marc\u00f3 el comienzo de la temporada de la\u00a0F\u00f3rmula Uno, seguido de &#8230;<\/p>\n","protected":false},"author":2,"featured_media":212867,"comment_status":"closed","ping_status":"closed","sticky":false,"template":"","format":"standard","meta":{"footnotes":""},"categories":[28],"tags":[],"class_list":["post-212866","post","type-post","status-publish","format-standard","has-post-thumbnail","hentry","category-deportes"],"yoast_head":"<!-- This site is optimized with the Yoast SEO plugin v24.8.1 - https:\/\/yoast.com\/wordpress\/plugins\/seo\/ -->\n<title>George Russell gana el GP de Australia de F1, donde Mercedes hace el 1-2 - PotenciaRadiofonicaDominicana.com<\/title>\n<meta name=\"robots\" content=\"index, follow, max-snippet:-1, max-image-preview:large, max-video-preview:-1\" \/>\n<link rel=\"canonical\" href=\"https:\/\/potenciaradiofonicadominicana.com\/portal\/george-russell-gana-el-gp-de-australia-de-f1-donde-mercedes-hace-el-1-2\/\" \/>\n<meta property=\"og:locale\" content=\"es_ES\" \/>\n<meta property=\"og:type\" content=\"article\" \/>\n<meta property=\"og:title\" content=\"George Russell gana el GP de Australia de F1, donde Mercedes hace el 1-2 - PotenciaRadiofonicaDominicana.com\" \/>\n<meta property=\"og:description\" content=\"MELBOURNE (AP) \u2014\u00a0George Russell\u00a0de\u00a0Mercedes\u00a0gan\u00f3 un emocionante\u00a0Gran Premio de Australia\u00a0que marc\u00f3 el comienzo de la temporada de la\u00a0F\u00f3rmula Uno, seguido de ...\" \/>\n<meta property=\"og:url\" content=\"https:\/\/potenciaradiofonicadominicana.com\/portal\/george-russell-gana-el-gp-de-australia-de-f1-donde-mercedes-hace-el-1-2\/\" \/>\n<meta property=\"og:site_name\" content=\"PotenciaRadiofonicaDominicana.com\" \/>\n<meta property=\"article:publisher\" content=\"https:\/\/web.facebook.com\/PotenciaRadiofonicaD\" \/>\n<meta property=\"article:published_time\" content=\"2026-03-08T22:15:39+00:00\" \/>\n<meta property=\"og:image\" content=\"https:\/\/potenciaradiofonicadominicana.com\/portal\/wp-content\/uploads\/2026\/03\/rosselEFE.jpg\" \/>\n\t<meta property=\"og:image:width\" content=\"992\" \/>\n\t<meta property=\"og:image:height\" content=\"680\" \/>\n\t<meta property=\"og:image:type\" content=\"image\/jpeg\" \/>\n<meta name=\"author\" content=\"Potencia Radiof\u00f3nica Dominicana\" \/>\n<meta name=\"twitter:card\" content=\"summary_large_image\" \/>\n<meta name=\"twitter:label1\" content=\"Escrito por\" \/>\n\t<meta name=\"twitter:data1\" content=\"Potencia Radiof\u00f3nica Dominicana\" \/>\n\t<meta name=\"twitter:label2\" content=\"Tiempo de lectura\" \/>\n\t<meta name=\"twitter:data2\" content=\"3 minutos\" \/>\n<script type=\"application\/ld+json\" class=\"yoast-schema-graph\">{\"@context\":\"https:\/\/schema.org\",\"@graph\":[{\"@type\":\"Article\",\"@id\":\"https:\/\/potenciaradiofonicadominicana.com\/portal\/george-russell-gana-el-gp-de-australia-de-f1-donde-mercedes-hace-el-1-2\/#article\",\"isPartOf\":{\"@id\":\"https:\/\/potenciaradiofonicadominicana.com\/portal\/george-russell-gana-el-gp-de-australia-de-f1-donde-mercedes-hace-el-1-2\/\"},\"author\":{\"name\":\"Potencia Radiof\u00f3nica Dominicana\",\"@id\":\"https:\/\/potenciaradiofonicadominicana.com\/portal\/#\/schema\/person\/a5cf1fea13877803ee0573ac18b03490\"},\"headline\":\"George Russell gana el GP de Australia de F1, donde Mercedes hace el 1-2\",\"datePublished\":\"2026-03-08T22:15:39+00:00\",\"mainEntityOfPage\":{\"@id\":\"https:\/\/potenciaradiofonicadominicana.com\/portal\/george-russell-gana-el-gp-de-australia-de-f1-donde-mercedes-hace-el-1-2\/\"},\"wordCount\":459,\"publisher\":{\"@id\":\"https:\/\/potenciaradiofonicadominicana.com\/portal\/#organization\"},\"image\":{\"@id\":\"https:\/\/potenciaradiofonicadominicana.com\/portal\/george-russell-gana-el-gp-de-australia-de-f1-donde-mercedes-hace-el-1-2\/#primaryimage\"},\"thumbnailUrl\":\"https:\/\/potenciaradiofonicadominicana.com\/portal\/wp-content\/uploads\/2026\/03\/rosselEFE.jpg\",\"articleSection\":[\"Deportes\"],\"inLanguage\":\"es\"},{\"@type\":\"WebPage\",\"@id\":\"https:\/\/potenciaradiofonicadominicana.com\/portal\/george-russell-gana-el-gp-de-australia-de-f1-donde-mercedes-hace-el-1-2\/\",\"url\":\"https:\/\/potenciaradiofonicadominicana.com\/portal\/george-russell-gana-el-gp-de-australia-de-f1-donde-mercedes-hace-el-1-2\/\",\"name\":\"George Russell gana el GP de Australia de F1, donde Mercedes hace el 1-2 - PotenciaRadiofonicaDominicana.com\",\"isPartOf\":{\"@id\":\"https:\/\/potenciaradiofonicadominicana.com\/portal\/#website\"},\"primaryImageOfPage\":{\"@id\":\"https:\/\/potenciaradiofonicadominicana.com\/portal\/george-russell-gana-el-gp-de-australia-de-f1-donde-mercedes-hace-el-1-2\/#primaryimage\"},\"image\":{\"@id\":\"https:\/\/potenciaradiofonicadominicana.com\/portal\/george-russell-gana-el-gp-de-australia-de-f1-donde-mercedes-hace-el-1-2\/#primaryimage\"},\"thumbnailUrl\":\"https:\/\/potenciaradiofonicadominicana.com\/portal\/wp-content\/uploads\/2026\/03\/rosselEFE.jpg\",\"datePublished\":\"2026-03-08T22:15:39+00:00\",\"breadcrumb\":{\"@id\":\"https:\/\/potenciaradiofonicadominicana.com\/portal\/george-russell-gana-el-gp-de-australia-de-f1-donde-mercedes-hace-el-1-2\/#breadcrumb\"},\"inLanguage\":\"es\",\"potentialAction\":[{\"@type\":\"ReadAction\",\"target\":[\"https:\/\/potenciaradiofonicadominicana.com\/portal\/george-russell-gana-el-gp-de-australia-de-f1-donde-mercedes-hace-el-1-2\/\"]}]},{\"@type\":\"ImageObject\",\"inLanguage\":\"es\",\"@id\":\"https:\/\/potenciaradiofonicadominicana.com\/portal\/george-russell-gana-el-gp-de-australia-de-f1-donde-mercedes-hace-el-1-2\/#primaryimage\",\"url\":\"https:\/\/potenciaradiofonicadominicana.com\/portal\/wp-content\/uploads\/2026\/03\/rosselEFE.jpg\",\"contentUrl\":\"https:\/\/potenciaradiofonicadominicana.com\/portal\/wp-content\/uploads\/2026\/03\/rosselEFE.jpg\",\"width\":992,\"height\":680,\"caption\":\"-FOTODELD\u00cdA- MELBOURNE (Australia), 08\/03\/2026.- El piloto de F\u00f3rmula Uno de la escuder\u00eda Mercedes-AMG PETRONAS George Russell celebra en el podio su victoria en el Gran Premio de Australia de F\u00f3rmula Uno disputado este domingo en el Circuito Albert Park de Melbourne. EFE\/Joel Carrett\"},{\"@type\":\"BreadcrumbList\",\"@id\":\"https:\/\/potenciaradiofonicadominicana.com\/portal\/george-russell-gana-el-gp-de-australia-de-f1-donde-mercedes-hace-el-1-2\/#breadcrumb\",\"itemListElement\":[{\"@type\":\"ListItem\",\"position\":1,\"name\":\"Portada\",\"item\":\"https:\/\/potenciaradiofonicadominicana.com\/portal\/\"},{\"@type\":\"ListItem\",\"position\":2,\"name\":\"George Russell gana el GP de Australia de F1, donde Mercedes hace el 1-2\"}]},{\"@type\":\"WebSite\",\"@id\":\"https:\/\/potenciaradiofonicadominicana.com\/portal\/#website\",\"url\":\"https:\/\/potenciaradiofonicadominicana.com\/portal\/\",\"name\":\"PotenciaRadiofonicaDominicana.com\",\"description\":\"Peri\u00f3dico Digital\",\"publisher\":{\"@id\":\"https:\/\/potenciaradiofonicadominicana.com\/portal\/#organization\"},\"potentialAction\":[{\"@type\":\"SearchAction\",\"target\":{\"@type\":\"EntryPoint\",\"urlTemplate\":\"https:\/\/potenciaradiofonicadominicana.com\/portal\/?s={search_term_string}\"},\"query-input\":{\"@type\":\"PropertyValueSpecification\",\"valueRequired\":true,\"valueName\":\"search_term_string\"}}],\"inLanguage\":\"es\"},{\"@type\":\"Organization\",\"@id\":\"https:\/\/potenciaradiofonicadominicana.com\/portal\/#organization\",\"name\":\"PotenciaRadiofonicaDominicana.com\",\"url\":\"https:\/\/potenciaradiofonicadominicana.com\/portal\/\",\"logo\":{\"@type\":\"ImageObject\",\"inLanguage\":\"es\",\"@id\":\"https:\/\/potenciaradiofonicadominicana.com\/portal\/#\/schema\/logo\/image\/\",\"url\":\"https:\/\/potenciaradiofonicadominicana.com\/portal\/wp-content\/uploads\/2022\/01\/descarga.png\",\"contentUrl\":\"https:\/\/potenciaradiofonicadominicana.com\/portal\/wp-content\/uploads\/2022\/01\/descarga.png\",\"width\":300,\"height\":100,\"caption\":\"PotenciaRadiofonicaDominicana.com\"},\"image\":{\"@id\":\"https:\/\/potenciaradiofonicadominicana.com\/portal\/#\/schema\/logo\/image\/\"},\"sameAs\":[\"https:\/\/web.facebook.com\/PotenciaRadiofonicaD\"]},{\"@type\":\"Person\",\"@id\":\"https:\/\/potenciaradiofonicadominicana.com\/portal\/#\/schema\/person\/a5cf1fea13877803ee0573ac18b03490\",\"name\":\"Potencia Radiof\u00f3nica Dominicana\",\"image\":{\"@type\":\"ImageObject\",\"inLanguage\":\"es\",\"@id\":\"https:\/\/potenciaradiofonicadominicana.com\/portal\/#\/schema\/person\/image\/\",\"url\":\"https:\/\/secure.gravatar.com\/avatar\/42a55ab9e8ccc656ba34cd791990602a?s=96&d=mm&r=g\",\"contentUrl\":\"https:\/\/secure.gravatar.com\/avatar\/42a55ab9e8ccc656ba34cd791990602a?s=96&d=mm&r=g\",\"caption\":\"Potencia Radiof\u00f3nica Dominicana\"},\"url\":\"https:\/\/potenciaradiofonicadominicana.com\/portal\/author\/johannyalmanzar\/\"}]}<\/script>\n<!-- \/ Yoast SEO plugin. -->","yoast_head_json":{"title":"George Russell gana el GP de Australia de F1, donde Mercedes hace el 1-2 - PotenciaRadiofonicaDominicana.com","robots":{"index":"index","follow":"follow","max-snippet":"max-snippet:-1","max-image-preview":"max-image-preview:large","max-video-preview":"max-video-preview:-1"},"canonical":"https:\/\/potenciaradiofonicadominicana.com\/portal\/george-russell-gana-el-gp-de-australia-de-f1-donde-mercedes-hace-el-1-2\/","og_locale":"es_ES","og_type":"article","og_title":"George Russell gana el GP de Australia de F1, donde Mercedes hace el 1-2 - PotenciaRadiofonicaDominicana.com","og_description":"MELBOURNE (AP) \u2014\u00a0George Russell\u00a0de\u00a0Mercedes\u00a0gan\u00f3 un emocionante\u00a0Gran Premio de Australia\u00a0que marc\u00f3 el comienzo de la temporada de la\u00a0F\u00f3rmula Uno, seguido de ...","og_url":"https:\/\/potenciaradiofonicadominicana.com\/portal\/george-russell-gana-el-gp-de-australia-de-f1-donde-mercedes-hace-el-1-2\/","og_site_name":"PotenciaRadiofonicaDominicana.com","article_publisher":"https:\/\/web.facebook.com\/PotenciaRadiofonicaD","article_published_time":"2026-03-08T22:15:39+00:00","og_image":[{"width":992,"height":680,"url":"https:\/\/potenciaradiofonicadominicana.com\/portal\/wp-content\/uploads\/2026\/03\/rosselEFE.jpg","type":"image\/jpeg"}],"author":"Potencia Radiof\u00f3nica Dominicana","twitter_card":"summary_large_image","twitter_misc":{"Escrito por":"Potencia Radiof\u00f3nica Dominicana","Tiempo de lectura":"3 minutos"},"schema":{"@context":"https:\/\/schema.org","@graph":[{"@type":"Article","@id":"https:\/\/potenciaradiofonicadominicana.com\/portal\/george-russell-gana-el-gp-de-australia-de-f1-donde-mercedes-hace-el-1-2\/#article","isPartOf":{"@id":"https:\/\/potenciaradiofonicadominicana.com\/portal\/george-russell-gana-el-gp-de-australia-de-f1-donde-mercedes-hace-el-1-2\/"},"author":{"name":"Potencia Radiof\u00f3nica Dominicana","@id":"https:\/\/potenciaradiofonicadominicana.com\/portal\/#\/schema\/person\/a5cf1fea13877803ee0573ac18b03490"},"headline":"George Russell gana el GP de Australia de F1, donde Mercedes hace el 1-2","datePublished":"2026-03-08T22:15:39+00:00","mainEntityOfPage":{"@id":"https:\/\/potenciaradiofonicadominicana.com\/portal\/george-russell-gana-el-gp-de-australia-de-f1-donde-mercedes-hace-el-1-2\/"},"wordCount":459,"publisher":{"@id":"https:\/\/potenciaradiofonicadominicana.com\/portal\/#organization"},"image":{"@id":"https:\/\/potenciaradiofonicadominicana.com\/portal\/george-russell-gana-el-gp-de-australia-de-f1-donde-mercedes-hace-el-1-2\/#primaryimage"},"thumbnailUrl":"https:\/\/potenciaradiofonicadominicana.com\/portal\/wp-content\/uploads\/2026\/03\/rosselEFE.jpg","articleSection":["Deportes"],"inLanguage":"es"},{"@type":"WebPage","@id":"https:\/\/potenciaradiofonicadominicana.com\/portal\/george-russell-gana-el-gp-de-australia-de-f1-donde-mercedes-hace-el-1-2\/","url":"https:\/\/potenciaradiofonicadominicana.com\/portal\/george-russell-gana-el-gp-de-australia-de-f1-donde-mercedes-hace-el-1-2\/","name":"George Russell gana el GP de Australia de F1, donde Mercedes hace el 1-2 - PotenciaRadiofonicaDominicana.com","isPartOf":{"@id":"https:\/\/potenciaradiofonicadominicana.com\/portal\/#website"},"primaryImageOfPage":{"@id":"https:\/\/potenciaradiofonicadominicana.com\/portal\/george-russell-gana-el-gp-de-australia-de-f1-donde-mercedes-hace-el-1-2\/#primaryimage"},"image":{"@id":"https:\/\/potenciaradiofonicadominicana.com\/portal\/george-russell-gana-el-gp-de-australia-de-f1-donde-mercedes-hace-el-1-2\/#primaryimage"},"thumbnailUrl":"https:\/\/potenciaradiofonicadominicana.com\/portal\/wp-content\/uploads\/2026\/03\/rosselEFE.jpg","datePublished":"2026-03-08T22:15:39+00:00","breadcrumb":{"@id":"https:\/\/potenciaradiofonicadominicana.com\/portal\/george-russell-gana-el-gp-de-australia-de-f1-donde-mercedes-hace-el-1-2\/#breadcrumb"},"inLanguage":"es","potentialAction":[{"@type":"ReadAction","target":["https:\/\/potenciaradiofonicadominicana.com\/portal\/george-russell-gana-el-gp-de-australia-de-f1-donde-mercedes-hace-el-1-2\/"]}]},{"@type":"ImageObject","inLanguage":"es","@id":"https:\/\/potenciaradiofonicadominicana.com\/portal\/george-russell-gana-el-gp-de-australia-de-f1-donde-mercedes-hace-el-1-2\/#primaryimage","url":"https:\/\/potenciaradiofonicadominicana.com\/portal\/wp-content\/uploads\/2026\/03\/rosselEFE.jpg","contentUrl":"https:\/\/potenciaradiofonicadominicana.com\/portal\/wp-content\/uploads\/2026\/03\/rosselEFE.jpg","width":992,"height":680,"caption":"-FOTODELD\u00cdA- MELBOURNE (Australia), 08\/03\/2026.- El piloto de F\u00f3rmula Uno de la escuder\u00eda Mercedes-AMG PETRONAS George Russell celebra en el podio su victoria en el Gran Premio de Australia de F\u00f3rmula Uno disputado este domingo en el Circuito Albert Park de Melbourne. EFE\/Joel Carrett"},{"@type":"BreadcrumbList","@id":"https:\/\/potenciaradiofonicadominicana.com\/portal\/george-russell-gana-el-gp-de-australia-de-f1-donde-mercedes-hace-el-1-2\/#breadcrumb","itemListElement":[{"@type":"ListItem","position":1,"name":"Portada","item":"https:\/\/potenciaradiofonicadominicana.com\/portal\/"},{"@type":"ListItem","position":2,"name":"George Russell gana el GP de Australia de F1, donde Mercedes hace el 1-2"}]},{"@type":"WebSite","@id":"https:\/\/potenciaradiofonicadominicana.com\/portal\/#website","url":"https:\/\/potenciaradiofonicadominicana.com\/portal\/","name":"PotenciaRadiofonicaDominicana.com","description":"Peri\u00f3dico Digital","publisher":{"@id":"https:\/\/potenciaradiofonicadominicana.com\/portal\/#organization"},"potentialAction":[{"@type":"SearchAction","target":{"@type":"EntryPoint","urlTemplate":"https:\/\/potenciaradiofonicadominicana.com\/portal\/?s={search_term_string}"},"query-input":{"@type":"PropertyValueSpecification","valueRequired":true,"valueName":"search_term_string"}}],"inLanguage":"es"},{"@type":"Organization","@id":"https:\/\/potenciaradiofonicadominicana.com\/portal\/#organization","name":"PotenciaRadiofonicaDominicana.com","url":"https:\/\/potenciaradiofonicadominicana.com\/portal\/","logo":{"@type":"ImageObject","inLanguage":"es","@id":"https:\/\/potenciaradiofonicadominicana.com\/portal\/#\/schema\/logo\/image\/","url":"https:\/\/potenciaradiofonicadominicana.com\/portal\/wp-content\/uploads\/2022\/01\/descarga.png","contentUrl":"https:\/\/potenciaradiofonicadominicana.com\/portal\/wp-content\/uploads\/2022\/01\/descarga.png","width":300,"height":100,"caption":"PotenciaRadiofonicaDominicana.com"},"image":{"@id":"https:\/\/potenciaradiofonicadominicana.com\/portal\/#\/schema\/logo\/image\/"},"sameAs":["https:\/\/web.facebook.com\/PotenciaRadiofonicaD"]},{"@type":"Person","@id":"https:\/\/potenciaradiofonicadominicana.com\/portal\/#\/schema\/person\/a5cf1fea13877803ee0573ac18b03490","name":"Potencia Radiof\u00f3nica Dominicana","image":{"@type":"ImageObject","inLanguage":"es","@id":"https:\/\/potenciaradiofonicadominicana.com\/portal\/#\/schema\/person\/image\/","url":"https:\/\/secure.gravatar.com\/avatar\/42a55ab9e8ccc656ba34cd791990602a?s=96&d=mm&r=g","contentUrl":"https:\/\/secure.gravatar.com\/avatar\/42a55ab9e8ccc656ba34cd791990602a?s=96&d=mm&r=g","caption":"Potencia Radiof\u00f3nica Dominicana"},"url":"https:\/\/potenciaradiofonicadominicana.com\/portal\/author\/johannyalmanzar\/"}]}},"_links":{"self":[{"href":"https:\/\/potenciaradiofonicadominicana.com\/portal\/wp-json\/wp\/v2\/posts\/212866","targetHints":{"allow":["GET"]}}],"collection":[{"href":"https:\/\/potenciaradiofonicadominicana.com\/portal\/wp-json\/wp\/v2\/posts"}],"about":[{"href":"https:\/\/potenciaradiofonicadominicana.com\/portal\/wp-json\/wp\/v2\/types\/post"}],"author":[{"embeddable":true,"href":"https:\/\/potenciaradiofonicadominicana.com\/portal\/wp-json\/wp\/v2\/users\/2"}],"replies":[{"embeddable":true,"href":"https:\/\/potenciaradiofonicadominicana.com\/portal\/wp-json\/wp\/v2\/comments?post=212866"}],"version-history":[{"count":1,"href":"https:\/\/potenciaradiofonicadominicana.com\/portal\/wp-json\/wp\/v2\/posts\/212866\/revisions"}],"predecessor-version":[{"id":212868,"href":"https:\/\/potenciaradiofonicadominicana.com\/portal\/wp-json\/wp\/v2\/posts\/212866\/revisions\/212868"}],"wp:featuredmedia":[{"embeddable":true,"href":"https:\/\/potenciaradiofonicadominicana.com\/portal\/wp-json\/wp\/v2\/media\/212867"}],"wp:attachment":[{"href":"https:\/\/potenciaradiofonicadominicana.com\/portal\/wp-json\/wp\/v2\/media?parent=212866"}],"wp:term":[{"taxonomy":"category","embeddable":true,"href":"https:\/\/potenciaradiofonicadominicana.com\/portal\/wp-json\/wp\/v2\/categories?post=212866"},{"taxonomy":"post_tag","embeddable":true,"href":"https:\/\/potenciaradiofonicadominicana.com\/portal\/wp-json\/wp\/v2\/tags?post=212866"}],"curies":[{"name":"wp","href":"https:\/\/api.w.org\/{rel}","templated":true}]}}