{"id":212863,"date":"2026-03-08T18:13:49","date_gmt":"2026-03-08T22:13:49","guid":{"rendered":"https:\/\/potenciaradiofonicadominicana.com\/portal\/?p=212863"},"modified":"2026-03-08T18:13:49","modified_gmt":"2026-03-08T22:13:49","slug":"soto-deja-en-el-terreno-a-holanda-por-nocaut-vladi-jr-caminero-y-wells-tambien-pegan-jonron","status":"publish","type":"post","link":"https:\/\/potenciaradiofonicadominicana.com\/portal\/soto-deja-en-el-terreno-a-holanda-por-nocaut-vladi-jr-caminero-y-wells-tambien-pegan-jonron\/","title":{"rendered":"Soto deja en el terreno a Holanda por nocaut; Vladi Jr, Caminero y Wells tambi\u00e9n pegan jonr\u00f3n"},"content":{"rendered":"<p><a href=\"https:\/\/potenciaradiofonicadominicana.com\/portal\/wp-content\/uploads\/2026\/03\/soto.webp\"><img loading=\"lazy\" decoding=\"async\" class=\"alignnone size-full wp-image-212864\" src=\"https:\/\/potenciaradiofonicadominicana.com\/portal\/wp-content\/uploads\/2026\/03\/soto.webp\" alt=\"\" width=\"810\" height=\"540\" srcset=\"https:\/\/potenciaradiofonicadominicana.com\/portal\/wp-content\/uploads\/2026\/03\/soto.webp 810w, https:\/\/potenciaradiofonicadominicana.com\/portal\/wp-content\/uploads\/2026\/03\/soto-300x200.webp 300w, https:\/\/potenciaradiofonicadominicana.com\/portal\/wp-content\/uploads\/2026\/03\/soto-768x512.webp 768w\" sizes=\"auto, (max-width: 810px) 100vw, 810px\" \/><\/a><\/p>\n<p>Una peque\u00f1a banda march\u00f3 por el vest\u00edbulo del parque LoanDepot poco antes del partido del domingo, animando a los aficionados dominicanos incluso antes del primer lanzamiento.<\/p>\n<p><strong>La fiesta no se detuvo por m\u00e1s de dos horas, ya que la alineaci\u00f3n dominicana mantuvo a los tambores ocupados toda la tarde, conectando cuatro jonrones en camino a una victoria de 12-1 sobre Holanda.<\/strong><\/p>\n<p>El jonr\u00f3n de Juan Soto en la s\u00e9ptima entrada result\u00f3 ser el ganador, ya que el juego termin\u00f3 gracias a la regla de carreras del Cl\u00e1sico Mundial de B\u00e9isbol, que declara un juego en tiempo reglamentario durante la fase de grupos si un equipo gana por 15 o m\u00e1s carreras despu\u00e9s de la quinta entrada o por 10 o m\u00e1s carreras despu\u00e9s de la s\u00e9ptima.<\/p>\n<div class=\"wp-block-image\">\n<figure class=\"alignleft size-large is-resized\"><figcaption class=\"wp-element-caption\"><\/figcaption><\/figure>\n<\/div>\n<p><strong>El jonr\u00f3n de dos carreras de Vladimir Guerrero Jr. en la tercera entrada dio a los dominicanos un respiro temprano, mientras que Junior Caminero y Austin Wells continuaron la fiesta de poder con jonrones en una quinta entrada de seis carreras que abri\u00f3 el juego.<\/strong><\/p>\n<p>La Rep\u00fablica Dominicana Ha conectado siete jonrones en sus primeros dos juegos, uni\u00e9ndose a Venezuela como los \u00fanicos equipos con 2-0 en el Grupo D. La derrota dej\u00f3 a Holanda con marca de 1-2, dej\u00e1ndola en una posici\u00f3n precaria.<\/p>\n<p><strong>Luis Severino permiti\u00f3 una carrera en cuatro entradas, la \u00fanica mancha fue un jonr\u00f3n de Didi Gregorius, su excompa\u00f1ero de los Yankees.<\/strong><\/p>\n<p>La estrategia de bullpen de Holanda no fue rival para la alineaci\u00f3n estelar de los dominicanos, aunque el desfile de relevistas no ayud\u00f3, otorgando ocho bases por bolas a los dominicanos.<\/p>\n<p><strong>Guerrero conect\u00f3 su primer jonr\u00f3n del Cl\u00e1sico Mundial de B\u00e9isbol en la tercera entrada, desatando una escena de celebraci\u00f3n entre el home y el dugout dominicano que incluy\u00f3 m\u00faltiples rutinas de apretones de manos y una chaqueta y cadena de jonrones personalizadas.<\/strong><\/p>\n<p>No se aferrar\u00eda a la chaqueta y la cadena por mucho tiempo.<\/p>\n<p><strong>El jonr\u00f3n de Caminero fue su segundo en dos juegos, un turno al bate despu\u00e9s de ser golpeado por un lanzamiento. Conect\u00f3 con Statcast un lanzamiento con cuenta de 3-1 del lanzador derecho Wendell Floranus, proyectado por Statcast, de 424 pies al jard\u00edn izquierdo, d\u00e1ndole a los dominicanos una ventaja de 7-1. El jonr\u00f3n se dispar\u00f3 a 115.8 mph, el segundo m\u00e1s potente en los \u00faltimos dos Cl\u00e1sicos (desde que se comenz\u00f3 a rastrear el lanzamiento), detr\u00e1s del batazo de 116.8 mph de su compa\u00f1ero Oneil Cruz el viernes.<\/strong><\/p>\n<p>Dos bateadores despu\u00e9s, Wells conect\u00f3 un jonr\u00f3n de dos carreras que le dio a Rep\u00fablica Dominicana una ventaja de 9-1, mientras que el elevado de sacrificio de Ketel Marte coron\u00f3 la racha de seis carreras.<\/p>\n<p><strong>Rep\u00fablica Dominicana intentar\u00e1 mejorar su marca a 3-0 el lunes por la tarde cuando se enfrente a Israel (12 p.m. ET por FS1), mientras que Pa\u00edses Bajos jugar\u00e1 su pr\u00f3ximo partido el martes por la noche, tambi\u00e9n contra Israel (7 p.m. ET por FOX Sports App), buscando terminar la fase de grupos con un r\u00e9cord de 2-2.<\/strong><\/p>\n","protected":false},"excerpt":{"rendered":"<p>Una peque\u00f1a banda march\u00f3 por el vest\u00edbulo del parque LoanDepot poco antes del partido del domingo, animando a los aficionados &#8230;<\/p>\n","protected":false},"author":2,"featured_media":212864,"comment_status":"closed","ping_status":"closed","sticky":false,"template":"","format":"standard","meta":{"footnotes":""},"categories":[28],"tags":[],"class_list":["post-212863","post","type-post","status-publish","format-standard","has-post-thumbnail","hentry","category-deportes"],"yoast_head":"<!-- This site is optimized with the Yoast SEO plugin v24.8.1 - https:\/\/yoast.com\/wordpress\/plugins\/seo\/ -->\n<title>Soto deja en el terreno a Holanda por nocaut; Vladi Jr, Caminero y Wells tambi\u00e9n pegan jonr\u00f3n - PotenciaRadiofonicaDominicana.com<\/title>\n<meta name=\"robots\" content=\"index, follow, max-snippet:-1, max-image-preview:large, max-video-preview:-1\" \/>\n<link rel=\"canonical\" href=\"https:\/\/potenciaradiofonicadominicana.com\/portal\/soto-deja-en-el-terreno-a-holanda-por-nocaut-vladi-jr-caminero-y-wells-tambien-pegan-jonron\/\" \/>\n<meta property=\"og:locale\" content=\"es_ES\" \/>\n<meta property=\"og:type\" content=\"article\" \/>\n<meta property=\"og:title\" content=\"Soto deja en el terreno a Holanda por nocaut; Vladi Jr, Caminero y Wells tambi\u00e9n pegan jonr\u00f3n - PotenciaRadiofonicaDominicana.com\" \/>\n<meta property=\"og:description\" content=\"Una peque\u00f1a banda march\u00f3 por el vest\u00edbulo del parque LoanDepot poco antes del partido del domingo, animando a los aficionados ...\" \/>\n<meta property=\"og:url\" content=\"https:\/\/potenciaradiofonicadominicana.com\/portal\/soto-deja-en-el-terreno-a-holanda-por-nocaut-vladi-jr-caminero-y-wells-tambien-pegan-jonron\/\" \/>\n<meta property=\"og:site_name\" content=\"PotenciaRadiofonicaDominicana.com\" \/>\n<meta property=\"article:publisher\" content=\"https:\/\/web.facebook.com\/PotenciaRadiofonicaD\" \/>\n<meta property=\"article:published_time\" content=\"2026-03-08T22:13:49+00:00\" \/>\n<meta property=\"og:image\" content=\"https:\/\/potenciaradiofonicadominicana.com\/portal\/wp-content\/uploads\/2026\/03\/soto.webp\" \/>\n\t<meta property=\"og:image:width\" content=\"810\" \/>\n\t<meta property=\"og:image:height\" content=\"540\" \/>\n\t<meta property=\"og:image:type\" content=\"image\/webp\" \/>\n<meta name=\"author\" content=\"Potencia Radiof\u00f3nica Dominicana\" \/>\n<meta name=\"twitter:card\" content=\"summary_large_image\" \/>\n<meta name=\"twitter:label1\" content=\"Escrito por\" \/>\n\t<meta name=\"twitter:data1\" content=\"Potencia Radiof\u00f3nica Dominicana\" \/>\n\t<meta name=\"twitter:label2\" content=\"Tiempo de lectura\" \/>\n\t<meta name=\"twitter:data2\" content=\"3 minutos\" \/>\n<script type=\"application\/ld+json\" class=\"yoast-schema-graph\">{\"@context\":\"https:\/\/schema.org\",\"@graph\":[{\"@type\":\"Article\",\"@id\":\"https:\/\/potenciaradiofonicadominicana.com\/portal\/soto-deja-en-el-terreno-a-holanda-por-nocaut-vladi-jr-caminero-y-wells-tambien-pegan-jonron\/#article\",\"isPartOf\":{\"@id\":\"https:\/\/potenciaradiofonicadominicana.com\/portal\/soto-deja-en-el-terreno-a-holanda-por-nocaut-vladi-jr-caminero-y-wells-tambien-pegan-jonron\/\"},\"author\":{\"name\":\"Potencia Radiof\u00f3nica Dominicana\",\"@id\":\"https:\/\/potenciaradiofonicadominicana.com\/portal\/#\/schema\/person\/a5cf1fea13877803ee0573ac18b03490\"},\"headline\":\"Soto deja en el terreno a Holanda por nocaut; Vladi Jr, Caminero y Wells tambi\u00e9n pegan jonr\u00f3n\",\"datePublished\":\"2026-03-08T22:13:49+00:00\",\"mainEntityOfPage\":{\"@id\":\"https:\/\/potenciaradiofonicadominicana.com\/portal\/soto-deja-en-el-terreno-a-holanda-por-nocaut-vladi-jr-caminero-y-wells-tambien-pegan-jonron\/\"},\"wordCount\":556,\"publisher\":{\"@id\":\"https:\/\/potenciaradiofonicadominicana.com\/portal\/#organization\"},\"image\":{\"@id\":\"https:\/\/potenciaradiofonicadominicana.com\/portal\/soto-deja-en-el-terreno-a-holanda-por-nocaut-vladi-jr-caminero-y-wells-tambien-pegan-jonron\/#primaryimage\"},\"thumbnailUrl\":\"https:\/\/potenciaradiofonicadominicana.com\/portal\/wp-content\/uploads\/2026\/03\/soto.webp\",\"articleSection\":[\"Deportes\"],\"inLanguage\":\"es\"},{\"@type\":\"WebPage\",\"@id\":\"https:\/\/potenciaradiofonicadominicana.com\/portal\/soto-deja-en-el-terreno-a-holanda-por-nocaut-vladi-jr-caminero-y-wells-tambien-pegan-jonron\/\",\"url\":\"https:\/\/potenciaradiofonicadominicana.com\/portal\/soto-deja-en-el-terreno-a-holanda-por-nocaut-vladi-jr-caminero-y-wells-tambien-pegan-jonron\/\",\"name\":\"Soto deja en el terreno a Holanda por nocaut; Vladi Jr, Caminero y Wells tambi\u00e9n pegan jonr\u00f3n - PotenciaRadiofonicaDominicana.com\",\"isPartOf\":{\"@id\":\"https:\/\/potenciaradiofonicadominicana.com\/portal\/#website\"},\"primaryImageOfPage\":{\"@id\":\"https:\/\/potenciaradiofonicadominicana.com\/portal\/soto-deja-en-el-terreno-a-holanda-por-nocaut-vladi-jr-caminero-y-wells-tambien-pegan-jonron\/#primaryimage\"},\"image\":{\"@id\":\"https:\/\/potenciaradiofonicadominicana.com\/portal\/soto-deja-en-el-terreno-a-holanda-por-nocaut-vladi-jr-caminero-y-wells-tambien-pegan-jonron\/#primaryimage\"},\"thumbnailUrl\":\"https:\/\/potenciaradiofonicadominicana.com\/portal\/wp-content\/uploads\/2026\/03\/soto.webp\",\"datePublished\":\"2026-03-08T22:13:49+00:00\",\"breadcrumb\":{\"@id\":\"https:\/\/potenciaradiofonicadominicana.com\/portal\/soto-deja-en-el-terreno-a-holanda-por-nocaut-vladi-jr-caminero-y-wells-tambien-pegan-jonron\/#breadcrumb\"},\"inLanguage\":\"es\",\"potentialAction\":[{\"@type\":\"ReadAction\",\"target\":[\"https:\/\/potenciaradiofonicadominicana.com\/portal\/soto-deja-en-el-terreno-a-holanda-por-nocaut-vladi-jr-caminero-y-wells-tambien-pegan-jonron\/\"]}]},{\"@type\":\"ImageObject\",\"inLanguage\":\"es\",\"@id\":\"https:\/\/potenciaradiofonicadominicana.com\/portal\/soto-deja-en-el-terreno-a-holanda-por-nocaut-vladi-jr-caminero-y-wells-tambien-pegan-jonron\/#primaryimage\",\"url\":\"https:\/\/potenciaradiofonicadominicana.com\/portal\/wp-content\/uploads\/2026\/03\/soto.webp\",\"contentUrl\":\"https:\/\/potenciaradiofonicadominicana.com\/portal\/wp-content\/uploads\/2026\/03\/soto.webp\",\"width\":810,\"height\":540},{\"@type\":\"BreadcrumbList\",\"@id\":\"https:\/\/potenciaradiofonicadominicana.com\/portal\/soto-deja-en-el-terreno-a-holanda-por-nocaut-vladi-jr-caminero-y-wells-tambien-pegan-jonron\/#breadcrumb\",\"itemListElement\":[{\"@type\":\"ListItem\",\"position\":1,\"name\":\"Portada\",\"item\":\"https:\/\/potenciaradiofonicadominicana.com\/portal\/\"},{\"@type\":\"ListItem\",\"position\":2,\"name\":\"Soto deja en el terreno a Holanda por nocaut; Vladi Jr, Caminero y Wells tambi\u00e9n pegan jonr\u00f3n\"}]},{\"@type\":\"WebSite\",\"@id\":\"https:\/\/potenciaradiofonicadominicana.com\/portal\/#website\",\"url\":\"https:\/\/potenciaradiofonicadominicana.com\/portal\/\",\"name\":\"PotenciaRadiofonicaDominicana.com\",\"description\":\"Peri\u00f3dico Digital\",\"publisher\":{\"@id\":\"https:\/\/potenciaradiofonicadominicana.com\/portal\/#organization\"},\"potentialAction\":[{\"@type\":\"SearchAction\",\"target\":{\"@type\":\"EntryPoint\",\"urlTemplate\":\"https:\/\/potenciaradiofonicadominicana.com\/portal\/?s={search_term_string}\"},\"query-input\":{\"@type\":\"PropertyValueSpecification\",\"valueRequired\":true,\"valueName\":\"search_term_string\"}}],\"inLanguage\":\"es\"},{\"@type\":\"Organization\",\"@id\":\"https:\/\/potenciaradiofonicadominicana.com\/portal\/#organization\",\"name\":\"PotenciaRadiofonicaDominicana.com\",\"url\":\"https:\/\/potenciaradiofonicadominicana.com\/portal\/\",\"logo\":{\"@type\":\"ImageObject\",\"inLanguage\":\"es\",\"@id\":\"https:\/\/potenciaradiofonicadominicana.com\/portal\/#\/schema\/logo\/image\/\",\"url\":\"https:\/\/potenciaradiofonicadominicana.com\/portal\/wp-content\/uploads\/2022\/01\/descarga.png\",\"contentUrl\":\"https:\/\/potenciaradiofonicadominicana.com\/portal\/wp-content\/uploads\/2022\/01\/descarga.png\",\"width\":300,\"height\":100,\"caption\":\"PotenciaRadiofonicaDominicana.com\"},\"image\":{\"@id\":\"https:\/\/potenciaradiofonicadominicana.com\/portal\/#\/schema\/logo\/image\/\"},\"sameAs\":[\"https:\/\/web.facebook.com\/PotenciaRadiofonicaD\"]},{\"@type\":\"Person\",\"@id\":\"https:\/\/potenciaradiofonicadominicana.com\/portal\/#\/schema\/person\/a5cf1fea13877803ee0573ac18b03490\",\"name\":\"Potencia Radiof\u00f3nica Dominicana\",\"image\":{\"@type\":\"ImageObject\",\"inLanguage\":\"es\",\"@id\":\"https:\/\/potenciaradiofonicadominicana.com\/portal\/#\/schema\/person\/image\/\",\"url\":\"https:\/\/secure.gravatar.com\/avatar\/42a55ab9e8ccc656ba34cd791990602a?s=96&d=mm&r=g\",\"contentUrl\":\"https:\/\/secure.gravatar.com\/avatar\/42a55ab9e8ccc656ba34cd791990602a?s=96&d=mm&r=g\",\"caption\":\"Potencia Radiof\u00f3nica Dominicana\"},\"url\":\"https:\/\/potenciaradiofonicadominicana.com\/portal\/author\/johannyalmanzar\/\"}]}<\/script>\n<!-- \/ Yoast SEO plugin. -->","yoast_head_json":{"title":"Soto deja en el terreno a Holanda por nocaut; Vladi Jr, Caminero y Wells tambi\u00e9n pegan jonr\u00f3n - PotenciaRadiofonicaDominicana.com","robots":{"index":"index","follow":"follow","max-snippet":"max-snippet:-1","max-image-preview":"max-image-preview:large","max-video-preview":"max-video-preview:-1"},"canonical":"https:\/\/potenciaradiofonicadominicana.com\/portal\/soto-deja-en-el-terreno-a-holanda-por-nocaut-vladi-jr-caminero-y-wells-tambien-pegan-jonron\/","og_locale":"es_ES","og_type":"article","og_title":"Soto deja en el terreno a Holanda por nocaut; Vladi Jr, Caminero y Wells tambi\u00e9n pegan jonr\u00f3n - PotenciaRadiofonicaDominicana.com","og_description":"Una peque\u00f1a banda march\u00f3 por el vest\u00edbulo del parque LoanDepot poco antes del partido del domingo, animando a los aficionados ...","og_url":"https:\/\/potenciaradiofonicadominicana.com\/portal\/soto-deja-en-el-terreno-a-holanda-por-nocaut-vladi-jr-caminero-y-wells-tambien-pegan-jonron\/","og_site_name":"PotenciaRadiofonicaDominicana.com","article_publisher":"https:\/\/web.facebook.com\/PotenciaRadiofonicaD","article_published_time":"2026-03-08T22:13:49+00:00","og_image":[{"width":810,"height":540,"url":"https:\/\/potenciaradiofonicadominicana.com\/portal\/wp-content\/uploads\/2026\/03\/soto.webp","type":"image\/webp"}],"author":"Potencia Radiof\u00f3nica Dominicana","twitter_card":"summary_large_image","twitter_misc":{"Escrito por":"Potencia Radiof\u00f3nica Dominicana","Tiempo de lectura":"3 minutos"},"schema":{"@context":"https:\/\/schema.org","@graph":[{"@type":"Article","@id":"https:\/\/potenciaradiofonicadominicana.com\/portal\/soto-deja-en-el-terreno-a-holanda-por-nocaut-vladi-jr-caminero-y-wells-tambien-pegan-jonron\/#article","isPartOf":{"@id":"https:\/\/potenciaradiofonicadominicana.com\/portal\/soto-deja-en-el-terreno-a-holanda-por-nocaut-vladi-jr-caminero-y-wells-tambien-pegan-jonron\/"},"author":{"name":"Potencia Radiof\u00f3nica Dominicana","@id":"https:\/\/potenciaradiofonicadominicana.com\/portal\/#\/schema\/person\/a5cf1fea13877803ee0573ac18b03490"},"headline":"Soto deja en el terreno a Holanda por nocaut; Vladi Jr, Caminero y Wells tambi\u00e9n pegan jonr\u00f3n","datePublished":"2026-03-08T22:13:49+00:00","mainEntityOfPage":{"@id":"https:\/\/potenciaradiofonicadominicana.com\/portal\/soto-deja-en-el-terreno-a-holanda-por-nocaut-vladi-jr-caminero-y-wells-tambien-pegan-jonron\/"},"wordCount":556,"publisher":{"@id":"https:\/\/potenciaradiofonicadominicana.com\/portal\/#organization"},"image":{"@id":"https:\/\/potenciaradiofonicadominicana.com\/portal\/soto-deja-en-el-terreno-a-holanda-por-nocaut-vladi-jr-caminero-y-wells-tambien-pegan-jonron\/#primaryimage"},"thumbnailUrl":"https:\/\/potenciaradiofonicadominicana.com\/portal\/wp-content\/uploads\/2026\/03\/soto.webp","articleSection":["Deportes"],"inLanguage":"es"},{"@type":"WebPage","@id":"https:\/\/potenciaradiofonicadominicana.com\/portal\/soto-deja-en-el-terreno-a-holanda-por-nocaut-vladi-jr-caminero-y-wells-tambien-pegan-jonron\/","url":"https:\/\/potenciaradiofonicadominicana.com\/portal\/soto-deja-en-el-terreno-a-holanda-por-nocaut-vladi-jr-caminero-y-wells-tambien-pegan-jonron\/","name":"Soto deja en el terreno a Holanda por nocaut; Vladi Jr, Caminero y Wells tambi\u00e9n pegan jonr\u00f3n - PotenciaRadiofonicaDominicana.com","isPartOf":{"@id":"https:\/\/potenciaradiofonicadominicana.com\/portal\/#website"},"primaryImageOfPage":{"@id":"https:\/\/potenciaradiofonicadominicana.com\/portal\/soto-deja-en-el-terreno-a-holanda-por-nocaut-vladi-jr-caminero-y-wells-tambien-pegan-jonron\/#primaryimage"},"image":{"@id":"https:\/\/potenciaradiofonicadominicana.com\/portal\/soto-deja-en-el-terreno-a-holanda-por-nocaut-vladi-jr-caminero-y-wells-tambien-pegan-jonron\/#primaryimage"},"thumbnailUrl":"https:\/\/potenciaradiofonicadominicana.com\/portal\/wp-content\/uploads\/2026\/03\/soto.webp","datePublished":"2026-03-08T22:13:49+00:00","breadcrumb":{"@id":"https:\/\/potenciaradiofonicadominicana.com\/portal\/soto-deja-en-el-terreno-a-holanda-por-nocaut-vladi-jr-caminero-y-wells-tambien-pegan-jonron\/#breadcrumb"},"inLanguage":"es","potentialAction":[{"@type":"ReadAction","target":["https:\/\/potenciaradiofonicadominicana.com\/portal\/soto-deja-en-el-terreno-a-holanda-por-nocaut-vladi-jr-caminero-y-wells-tambien-pegan-jonron\/"]}]},{"@type":"ImageObject","inLanguage":"es","@id":"https:\/\/potenciaradiofonicadominicana.com\/portal\/soto-deja-en-el-terreno-a-holanda-por-nocaut-vladi-jr-caminero-y-wells-tambien-pegan-jonron\/#primaryimage","url":"https:\/\/potenciaradiofonicadominicana.com\/portal\/wp-content\/uploads\/2026\/03\/soto.webp","contentUrl":"https:\/\/potenciaradiofonicadominicana.com\/portal\/wp-content\/uploads\/2026\/03\/soto.webp","width":810,"height":540},{"@type":"BreadcrumbList","@id":"https:\/\/potenciaradiofonicadominicana.com\/portal\/soto-deja-en-el-terreno-a-holanda-por-nocaut-vladi-jr-caminero-y-wells-tambien-pegan-jonron\/#breadcrumb","itemListElement":[{"@type":"ListItem","position":1,"name":"Portada","item":"https:\/\/potenciaradiofonicadominicana.com\/portal\/"},{"@type":"ListItem","position":2,"name":"Soto deja en el terreno a Holanda por nocaut; Vladi Jr, Caminero y Wells tambi\u00e9n pegan jonr\u00f3n"}]},{"@type":"WebSite","@id":"https:\/\/potenciaradiofonicadominicana.com\/portal\/#website","url":"https:\/\/potenciaradiofonicadominicana.com\/portal\/","name":"PotenciaRadiofonicaDominicana.com","description":"Peri\u00f3dico Digital","publisher":{"@id":"https:\/\/potenciaradiofonicadominicana.com\/portal\/#organization"},"potentialAction":[{"@type":"SearchAction","target":{"@type":"EntryPoint","urlTemplate":"https:\/\/potenciaradiofonicadominicana.com\/portal\/?s={search_term_string}"},"query-input":{"@type":"PropertyValueSpecification","valueRequired":true,"valueName":"search_term_string"}}],"inLanguage":"es"},{"@type":"Organization","@id":"https:\/\/potenciaradiofonicadominicana.com\/portal\/#organization","name":"PotenciaRadiofonicaDominicana.com","url":"https:\/\/potenciaradiofonicadominicana.com\/portal\/","logo":{"@type":"ImageObject","inLanguage":"es","@id":"https:\/\/potenciaradiofonicadominicana.com\/portal\/#\/schema\/logo\/image\/","url":"https:\/\/potenciaradiofonicadominicana.com\/portal\/wp-content\/uploads\/2022\/01\/descarga.png","contentUrl":"https:\/\/potenciaradiofonicadominicana.com\/portal\/wp-content\/uploads\/2022\/01\/descarga.png","width":300,"height":100,"caption":"PotenciaRadiofonicaDominicana.com"},"image":{"@id":"https:\/\/potenciaradiofonicadominicana.com\/portal\/#\/schema\/logo\/image\/"},"sameAs":["https:\/\/web.facebook.com\/PotenciaRadiofonicaD"]},{"@type":"Person","@id":"https:\/\/potenciaradiofonicadominicana.com\/portal\/#\/schema\/person\/a5cf1fea13877803ee0573ac18b03490","name":"Potencia Radiof\u00f3nica Dominicana","image":{"@type":"ImageObject","inLanguage":"es","@id":"https:\/\/potenciaradiofonicadominicana.com\/portal\/#\/schema\/person\/image\/","url":"https:\/\/secure.gravatar.com\/avatar\/42a55ab9e8ccc656ba34cd791990602a?s=96&d=mm&r=g","contentUrl":"https:\/\/secure.gravatar.com\/avatar\/42a55ab9e8ccc656ba34cd791990602a?s=96&d=mm&r=g","caption":"Potencia Radiof\u00f3nica Dominicana"},"url":"https:\/\/potenciaradiofonicadominicana.com\/portal\/author\/johannyalmanzar\/"}]}},"_links":{"self":[{"href":"https:\/\/potenciaradiofonicadominicana.com\/portal\/wp-json\/wp\/v2\/posts\/212863","targetHints":{"allow":["GET"]}}],"collection":[{"href":"https:\/\/potenciaradiofonicadominicana.com\/portal\/wp-json\/wp\/v2\/posts"}],"about":[{"href":"https:\/\/potenciaradiofonicadominicana.com\/portal\/wp-json\/wp\/v2\/types\/post"}],"author":[{"embeddable":true,"href":"https:\/\/potenciaradiofonicadominicana.com\/portal\/wp-json\/wp\/v2\/users\/2"}],"replies":[{"embeddable":true,"href":"https:\/\/potenciaradiofonicadominicana.com\/portal\/wp-json\/wp\/v2\/comments?post=212863"}],"version-history":[{"count":1,"href":"https:\/\/potenciaradiofonicadominicana.com\/portal\/wp-json\/wp\/v2\/posts\/212863\/revisions"}],"predecessor-version":[{"id":212865,"href":"https:\/\/potenciaradiofonicadominicana.com\/portal\/wp-json\/wp\/v2\/posts\/212863\/revisions\/212865"}],"wp:featuredmedia":[{"embeddable":true,"href":"https:\/\/potenciaradiofonicadominicana.com\/portal\/wp-json\/wp\/v2\/media\/212864"}],"wp:attachment":[{"href":"https:\/\/potenciaradiofonicadominicana.com\/portal\/wp-json\/wp\/v2\/media?parent=212863"}],"wp:term":[{"taxonomy":"category","embeddable":true,"href":"https:\/\/potenciaradiofonicadominicana.com\/portal\/wp-json\/wp\/v2\/categories?post=212863"},{"taxonomy":"post_tag","embeddable":true,"href":"https:\/\/potenciaradiofonicadominicana.com\/portal\/wp-json\/wp\/v2\/tags?post=212863"}],"curies":[{"name":"wp","href":"https:\/\/api.w.org\/{rel}","templated":true}]}}