{"id":212860,"date":"2026-03-08T18:10:24","date_gmt":"2026-03-08T22:10:24","guid":{"rendered":"https:\/\/potenciaradiofonicadominicana.com\/portal\/?p=212860"},"modified":"2026-03-08T18:10:24","modified_gmt":"2026-03-08T22:10:24","slug":"cuba-se-apoya-en-poder-errores-de-colombia-para-mantener-invicto","status":"publish","type":"post","link":"https:\/\/potenciaradiofonicadominicana.com\/portal\/cuba-se-apoya-en-poder-errores-de-colombia-para-mantener-invicto\/","title":{"rendered":"Cuba se apoya en poder, errores de Colombia para mantener invicto"},"content":{"rendered":"<p><a href=\"https:\/\/potenciaradiofonicadominicana.com\/portal\/wp-content\/uploads\/2026\/03\/cuba-e1772412661720-scaled.webp\"><img loading=\"lazy\" decoding=\"async\" class=\"alignnone size-full wp-image-212861\" src=\"https:\/\/potenciaradiofonicadominicana.com\/portal\/wp-content\/uploads\/2026\/03\/cuba-e1772412661720-scaled.webp\" alt=\"\" width=\"2560\" height=\"1442\" srcset=\"https:\/\/potenciaradiofonicadominicana.com\/portal\/wp-content\/uploads\/2026\/03\/cuba-e1772412661720-scaled.webp 2560w, https:\/\/potenciaradiofonicadominicana.com\/portal\/wp-content\/uploads\/2026\/03\/cuba-e1772412661720-300x169.webp 300w, https:\/\/potenciaradiofonicadominicana.com\/portal\/wp-content\/uploads\/2026\/03\/cuba-e1772412661720-1024x577.webp 1024w, https:\/\/potenciaradiofonicadominicana.com\/portal\/wp-content\/uploads\/2026\/03\/cuba-e1772412661720-768x433.webp 768w, https:\/\/potenciaradiofonicadominicana.com\/portal\/wp-content\/uploads\/2026\/03\/cuba-e1772412661720-1536x865.webp 1536w, https:\/\/potenciaradiofonicadominicana.com\/portal\/wp-content\/uploads\/2026\/03\/cuba-e1772412661720-2048x1154.webp 2048w\" sizes=\"auto, (max-width: 2560px) 100vw, 2560px\" \/><\/a><\/p>\n<p>Por segunda vez en igual n\u00famero de juegos del Cl\u00e1sico Mundial de B\u00e9isbol, una temprana demostraci\u00f3n de poder ofensivo impuls\u00f3 a Cuba hacia una victoria clave.<\/p>\n<p>Ariel Mart\u00ednez y Erisbel Arruebarrena conectaron cada uno un jonr\u00f3n en un primer inning de cuatro carreras que marc\u00f3 el tono en el triunfo de Cuba por 7-4 sobre Colombia en el Estadio Hiram Bithorn la tarde del domingo. Con la victoria, Cuba se mantiene al paso de Puerto Rico en la cima del Grupo A, ya que ambos equipos tienen id\u00e9ntico r\u00e9cord de 2-0 en el grupo.<\/p>\n<p>Colombia abri\u00f3 la pizarra en la parte alta del primer inning, cuando un elevado de sacrificio de Jordan D\u00edaz les dio a los colombianos su primera ventaja del Cl\u00e1sico Mundial. Pero esa ventaja dur\u00f3 poco.<\/p>\n<p>Los primeros dos bateadores de Cuba se embasaron en la parte baja del primer cap\u00edtulo ante el derecho colombiano Luis Pati\u00f1o, lo que llev\u00f3 a Mart\u00ednez al plato con oportunidad de hacer da\u00f1o. El inicialista respondi\u00f3, al desaparecer una recta en cuenta de 2-1 por encima de la cerca del jard\u00edn derecho para devolver el impulso a favor de Cuba.<\/p>\n<p>Dos bateadores m\u00e1s tarde, Arruebarrena agreg\u00f3 un cuadrangular propio, al enviar un slider en el primer pitcheo hacia los asientos del jard\u00edn izquierdo.<\/p>\n<p>Cuba no mostr\u00f3 este tipo de poder cuando termin\u00f3 en el cuarto lugar del Cl\u00e1sico de 2023. En aquel torneo, la alineaci\u00f3n cubana conect\u00f3 apenas dos jonrones. En apenas dos juegos del Cl\u00e1sico de este a\u00f1o, Cuba ya ha duplicado esa cifra.<\/p>\n<p>Cuba ampli\u00f3 su ventaja en la sexta entrada, aprovechando una defensa deficiente de Colombia. Tito Polo dej\u00f3 caer un elevado en el jard\u00edn central, que habr\u00eda sido el \u00faltimo out del episodio, y permiti\u00f3 anotar a Yoel Yanqui.<\/p>\n<p>Un bateador despu\u00e9s, el jardinero izquierdo Harold Ram\u00edrez no pudo controlar una l\u00ednea del bate de Yiddi Cappe, lo que deriv\u00f3 en un triple de dos carreras.<\/p>\n<p>Esos errores terminaron siendo importantes, ya que Colombia fabric\u00f3 dos rayitas en el s\u00e9ptimo episodio para acercarse a tres carreras.<\/p>\n<p>Colombia anot\u00f3 cuatro carreras contra Cuba luego de haber conseguido apenas dos en sus primeros dos juegos del torneo, aunque sus problemas con corredores en posici\u00f3n de anotar continuaron. Colombia bate\u00f3 de 11-1 (.091) con corredores en posici\u00f3n de anotar el domingo y ahora tiene marca de 28-2 (.071) en el torneo en esas situaciones.<\/p>\n<p>&nbsp;<\/p>\n","protected":false},"excerpt":{"rendered":"<p>Por segunda vez en igual n\u00famero de juegos del Cl\u00e1sico Mundial de B\u00e9isbol, una temprana demostraci\u00f3n de poder ofensivo impuls\u00f3 &#8230;<\/p>\n","protected":false},"author":2,"featured_media":212861,"comment_status":"closed","ping_status":"closed","sticky":false,"template":"","format":"standard","meta":{"footnotes":""},"categories":[28],"tags":[],"class_list":["post-212860","post","type-post","status-publish","format-standard","has-post-thumbnail","hentry","category-deportes"],"yoast_head":"<!-- This site is optimized with the Yoast SEO plugin v24.8.1 - https:\/\/yoast.com\/wordpress\/plugins\/seo\/ -->\n<title>Cuba se apoya en poder, errores de Colombia para mantener invicto - PotenciaRadiofonicaDominicana.com<\/title>\n<meta name=\"robots\" content=\"index, follow, max-snippet:-1, max-image-preview:large, max-video-preview:-1\" \/>\n<link rel=\"canonical\" href=\"https:\/\/potenciaradiofonicadominicana.com\/portal\/cuba-se-apoya-en-poder-errores-de-colombia-para-mantener-invicto\/\" \/>\n<meta property=\"og:locale\" content=\"es_ES\" \/>\n<meta property=\"og:type\" content=\"article\" \/>\n<meta property=\"og:title\" content=\"Cuba se apoya en poder, errores de Colombia para mantener invicto - PotenciaRadiofonicaDominicana.com\" \/>\n<meta property=\"og:description\" content=\"Por segunda vez en igual n\u00famero de juegos del Cl\u00e1sico Mundial de B\u00e9isbol, una temprana demostraci\u00f3n de poder ofensivo impuls\u00f3 ...\" \/>\n<meta property=\"og:url\" content=\"https:\/\/potenciaradiofonicadominicana.com\/portal\/cuba-se-apoya-en-poder-errores-de-colombia-para-mantener-invicto\/\" \/>\n<meta property=\"og:site_name\" content=\"PotenciaRadiofonicaDominicana.com\" \/>\n<meta property=\"article:publisher\" content=\"https:\/\/web.facebook.com\/PotenciaRadiofonicaD\" \/>\n<meta property=\"article:published_time\" content=\"2026-03-08T22:10:24+00:00\" \/>\n<meta property=\"og:image\" content=\"https:\/\/potenciaradiofonicadominicana.com\/portal\/wp-content\/uploads\/2026\/03\/cuba-e1772412661720-scaled.webp\" \/>\n\t<meta property=\"og:image:width\" content=\"2560\" \/>\n\t<meta property=\"og:image:height\" content=\"1442\" \/>\n\t<meta property=\"og:image:type\" content=\"image\/webp\" \/>\n<meta name=\"author\" content=\"Potencia Radiof\u00f3nica Dominicana\" \/>\n<meta name=\"twitter:card\" content=\"summary_large_image\" \/>\n<meta name=\"twitter:label1\" content=\"Escrito por\" \/>\n\t<meta name=\"twitter:data1\" content=\"Potencia Radiof\u00f3nica Dominicana\" \/>\n\t<meta name=\"twitter:label2\" content=\"Tiempo de lectura\" \/>\n\t<meta name=\"twitter:data2\" content=\"3 minutos\" \/>\n<script type=\"application\/ld+json\" class=\"yoast-schema-graph\">{\"@context\":\"https:\/\/schema.org\",\"@graph\":[{\"@type\":\"Article\",\"@id\":\"https:\/\/potenciaradiofonicadominicana.com\/portal\/cuba-se-apoya-en-poder-errores-de-colombia-para-mantener-invicto\/#article\",\"isPartOf\":{\"@id\":\"https:\/\/potenciaradiofonicadominicana.com\/portal\/cuba-se-apoya-en-poder-errores-de-colombia-para-mantener-invicto\/\"},\"author\":{\"name\":\"Potencia Radiof\u00f3nica Dominicana\",\"@id\":\"https:\/\/potenciaradiofonicadominicana.com\/portal\/#\/schema\/person\/a5cf1fea13877803ee0573ac18b03490\"},\"headline\":\"Cuba se apoya en poder, errores de Colombia para mantener invicto\",\"datePublished\":\"2026-03-08T22:10:24+00:00\",\"mainEntityOfPage\":{\"@id\":\"https:\/\/potenciaradiofonicadominicana.com\/portal\/cuba-se-apoya-en-poder-errores-de-colombia-para-mantener-invicto\/\"},\"wordCount\":432,\"publisher\":{\"@id\":\"https:\/\/potenciaradiofonicadominicana.com\/portal\/#organization\"},\"image\":{\"@id\":\"https:\/\/potenciaradiofonicadominicana.com\/portal\/cuba-se-apoya-en-poder-errores-de-colombia-para-mantener-invicto\/#primaryimage\"},\"thumbnailUrl\":\"https:\/\/potenciaradiofonicadominicana.com\/portal\/wp-content\/uploads\/2026\/03\/cuba-e1772412661720-scaled.webp\",\"articleSection\":[\"Deportes\"],\"inLanguage\":\"es\"},{\"@type\":\"WebPage\",\"@id\":\"https:\/\/potenciaradiofonicadominicana.com\/portal\/cuba-se-apoya-en-poder-errores-de-colombia-para-mantener-invicto\/\",\"url\":\"https:\/\/potenciaradiofonicadominicana.com\/portal\/cuba-se-apoya-en-poder-errores-de-colombia-para-mantener-invicto\/\",\"name\":\"Cuba se apoya en poder, errores de Colombia para mantener invicto - PotenciaRadiofonicaDominicana.com\",\"isPartOf\":{\"@id\":\"https:\/\/potenciaradiofonicadominicana.com\/portal\/#website\"},\"primaryImageOfPage\":{\"@id\":\"https:\/\/potenciaradiofonicadominicana.com\/portal\/cuba-se-apoya-en-poder-errores-de-colombia-para-mantener-invicto\/#primaryimage\"},\"image\":{\"@id\":\"https:\/\/potenciaradiofonicadominicana.com\/portal\/cuba-se-apoya-en-poder-errores-de-colombia-para-mantener-invicto\/#primaryimage\"},\"thumbnailUrl\":\"https:\/\/potenciaradiofonicadominicana.com\/portal\/wp-content\/uploads\/2026\/03\/cuba-e1772412661720-scaled.webp\",\"datePublished\":\"2026-03-08T22:10:24+00:00\",\"breadcrumb\":{\"@id\":\"https:\/\/potenciaradiofonicadominicana.com\/portal\/cuba-se-apoya-en-poder-errores-de-colombia-para-mantener-invicto\/#breadcrumb\"},\"inLanguage\":\"es\",\"potentialAction\":[{\"@type\":\"ReadAction\",\"target\":[\"https:\/\/potenciaradiofonicadominicana.com\/portal\/cuba-se-apoya-en-poder-errores-de-colombia-para-mantener-invicto\/\"]}]},{\"@type\":\"ImageObject\",\"inLanguage\":\"es\",\"@id\":\"https:\/\/potenciaradiofonicadominicana.com\/portal\/cuba-se-apoya-en-poder-errores-de-colombia-para-mantener-invicto\/#primaryimage\",\"url\":\"https:\/\/potenciaradiofonicadominicana.com\/portal\/wp-content\/uploads\/2026\/03\/cuba-e1772412661720-scaled.webp\",\"contentUrl\":\"https:\/\/potenciaradiofonicadominicana.com\/portal\/wp-content\/uploads\/2026\/03\/cuba-e1772412661720-scaled.webp\",\"width\":2560,\"height\":1442},{\"@type\":\"BreadcrumbList\",\"@id\":\"https:\/\/potenciaradiofonicadominicana.com\/portal\/cuba-se-apoya-en-poder-errores-de-colombia-para-mantener-invicto\/#breadcrumb\",\"itemListElement\":[{\"@type\":\"ListItem\",\"position\":1,\"name\":\"Portada\",\"item\":\"https:\/\/potenciaradiofonicadominicana.com\/portal\/\"},{\"@type\":\"ListItem\",\"position\":2,\"name\":\"Cuba se apoya en poder, errores de Colombia para mantener invicto\"}]},{\"@type\":\"WebSite\",\"@id\":\"https:\/\/potenciaradiofonicadominicana.com\/portal\/#website\",\"url\":\"https:\/\/potenciaradiofonicadominicana.com\/portal\/\",\"name\":\"PotenciaRadiofonicaDominicana.com\",\"description\":\"Peri\u00f3dico Digital\",\"publisher\":{\"@id\":\"https:\/\/potenciaradiofonicadominicana.com\/portal\/#organization\"},\"potentialAction\":[{\"@type\":\"SearchAction\",\"target\":{\"@type\":\"EntryPoint\",\"urlTemplate\":\"https:\/\/potenciaradiofonicadominicana.com\/portal\/?s={search_term_string}\"},\"query-input\":{\"@type\":\"PropertyValueSpecification\",\"valueRequired\":true,\"valueName\":\"search_term_string\"}}],\"inLanguage\":\"es\"},{\"@type\":\"Organization\",\"@id\":\"https:\/\/potenciaradiofonicadominicana.com\/portal\/#organization\",\"name\":\"PotenciaRadiofonicaDominicana.com\",\"url\":\"https:\/\/potenciaradiofonicadominicana.com\/portal\/\",\"logo\":{\"@type\":\"ImageObject\",\"inLanguage\":\"es\",\"@id\":\"https:\/\/potenciaradiofonicadominicana.com\/portal\/#\/schema\/logo\/image\/\",\"url\":\"https:\/\/potenciaradiofonicadominicana.com\/portal\/wp-content\/uploads\/2022\/01\/descarga.png\",\"contentUrl\":\"https:\/\/potenciaradiofonicadominicana.com\/portal\/wp-content\/uploads\/2022\/01\/descarga.png\",\"width\":300,\"height\":100,\"caption\":\"PotenciaRadiofonicaDominicana.com\"},\"image\":{\"@id\":\"https:\/\/potenciaradiofonicadominicana.com\/portal\/#\/schema\/logo\/image\/\"},\"sameAs\":[\"https:\/\/web.facebook.com\/PotenciaRadiofonicaD\"]},{\"@type\":\"Person\",\"@id\":\"https:\/\/potenciaradiofonicadominicana.com\/portal\/#\/schema\/person\/a5cf1fea13877803ee0573ac18b03490\",\"name\":\"Potencia Radiof\u00f3nica Dominicana\",\"image\":{\"@type\":\"ImageObject\",\"inLanguage\":\"es\",\"@id\":\"https:\/\/potenciaradiofonicadominicana.com\/portal\/#\/schema\/person\/image\/\",\"url\":\"https:\/\/secure.gravatar.com\/avatar\/42a55ab9e8ccc656ba34cd791990602a?s=96&d=mm&r=g\",\"contentUrl\":\"https:\/\/secure.gravatar.com\/avatar\/42a55ab9e8ccc656ba34cd791990602a?s=96&d=mm&r=g\",\"caption\":\"Potencia Radiof\u00f3nica Dominicana\"},\"url\":\"https:\/\/potenciaradiofonicadominicana.com\/portal\/author\/johannyalmanzar\/\"}]}<\/script>\n<!-- \/ Yoast SEO plugin. -->","yoast_head_json":{"title":"Cuba se apoya en poder, errores de Colombia para mantener invicto - PotenciaRadiofonicaDominicana.com","robots":{"index":"index","follow":"follow","max-snippet":"max-snippet:-1","max-image-preview":"max-image-preview:large","max-video-preview":"max-video-preview:-1"},"canonical":"https:\/\/potenciaradiofonicadominicana.com\/portal\/cuba-se-apoya-en-poder-errores-de-colombia-para-mantener-invicto\/","og_locale":"es_ES","og_type":"article","og_title":"Cuba se apoya en poder, errores de Colombia para mantener invicto - PotenciaRadiofonicaDominicana.com","og_description":"Por segunda vez en igual n\u00famero de juegos del Cl\u00e1sico Mundial de B\u00e9isbol, una temprana demostraci\u00f3n de poder ofensivo impuls\u00f3 ...","og_url":"https:\/\/potenciaradiofonicadominicana.com\/portal\/cuba-se-apoya-en-poder-errores-de-colombia-para-mantener-invicto\/","og_site_name":"PotenciaRadiofonicaDominicana.com","article_publisher":"https:\/\/web.facebook.com\/PotenciaRadiofonicaD","article_published_time":"2026-03-08T22:10:24+00:00","og_image":[{"width":2560,"height":1442,"url":"https:\/\/potenciaradiofonicadominicana.com\/portal\/wp-content\/uploads\/2026\/03\/cuba-e1772412661720-scaled.webp","type":"image\/webp"}],"author":"Potencia Radiof\u00f3nica Dominicana","twitter_card":"summary_large_image","twitter_misc":{"Escrito por":"Potencia Radiof\u00f3nica Dominicana","Tiempo de lectura":"3 minutos"},"schema":{"@context":"https:\/\/schema.org","@graph":[{"@type":"Article","@id":"https:\/\/potenciaradiofonicadominicana.com\/portal\/cuba-se-apoya-en-poder-errores-de-colombia-para-mantener-invicto\/#article","isPartOf":{"@id":"https:\/\/potenciaradiofonicadominicana.com\/portal\/cuba-se-apoya-en-poder-errores-de-colombia-para-mantener-invicto\/"},"author":{"name":"Potencia Radiof\u00f3nica Dominicana","@id":"https:\/\/potenciaradiofonicadominicana.com\/portal\/#\/schema\/person\/a5cf1fea13877803ee0573ac18b03490"},"headline":"Cuba se apoya en poder, errores de Colombia para mantener invicto","datePublished":"2026-03-08T22:10:24+00:00","mainEntityOfPage":{"@id":"https:\/\/potenciaradiofonicadominicana.com\/portal\/cuba-se-apoya-en-poder-errores-de-colombia-para-mantener-invicto\/"},"wordCount":432,"publisher":{"@id":"https:\/\/potenciaradiofonicadominicana.com\/portal\/#organization"},"image":{"@id":"https:\/\/potenciaradiofonicadominicana.com\/portal\/cuba-se-apoya-en-poder-errores-de-colombia-para-mantener-invicto\/#primaryimage"},"thumbnailUrl":"https:\/\/potenciaradiofonicadominicana.com\/portal\/wp-content\/uploads\/2026\/03\/cuba-e1772412661720-scaled.webp","articleSection":["Deportes"],"inLanguage":"es"},{"@type":"WebPage","@id":"https:\/\/potenciaradiofonicadominicana.com\/portal\/cuba-se-apoya-en-poder-errores-de-colombia-para-mantener-invicto\/","url":"https:\/\/potenciaradiofonicadominicana.com\/portal\/cuba-se-apoya-en-poder-errores-de-colombia-para-mantener-invicto\/","name":"Cuba se apoya en poder, errores de Colombia para mantener invicto - PotenciaRadiofonicaDominicana.com","isPartOf":{"@id":"https:\/\/potenciaradiofonicadominicana.com\/portal\/#website"},"primaryImageOfPage":{"@id":"https:\/\/potenciaradiofonicadominicana.com\/portal\/cuba-se-apoya-en-poder-errores-de-colombia-para-mantener-invicto\/#primaryimage"},"image":{"@id":"https:\/\/potenciaradiofonicadominicana.com\/portal\/cuba-se-apoya-en-poder-errores-de-colombia-para-mantener-invicto\/#primaryimage"},"thumbnailUrl":"https:\/\/potenciaradiofonicadominicana.com\/portal\/wp-content\/uploads\/2026\/03\/cuba-e1772412661720-scaled.webp","datePublished":"2026-03-08T22:10:24+00:00","breadcrumb":{"@id":"https:\/\/potenciaradiofonicadominicana.com\/portal\/cuba-se-apoya-en-poder-errores-de-colombia-para-mantener-invicto\/#breadcrumb"},"inLanguage":"es","potentialAction":[{"@type":"ReadAction","target":["https:\/\/potenciaradiofonicadominicana.com\/portal\/cuba-se-apoya-en-poder-errores-de-colombia-para-mantener-invicto\/"]}]},{"@type":"ImageObject","inLanguage":"es","@id":"https:\/\/potenciaradiofonicadominicana.com\/portal\/cuba-se-apoya-en-poder-errores-de-colombia-para-mantener-invicto\/#primaryimage","url":"https:\/\/potenciaradiofonicadominicana.com\/portal\/wp-content\/uploads\/2026\/03\/cuba-e1772412661720-scaled.webp","contentUrl":"https:\/\/potenciaradiofonicadominicana.com\/portal\/wp-content\/uploads\/2026\/03\/cuba-e1772412661720-scaled.webp","width":2560,"height":1442},{"@type":"BreadcrumbList","@id":"https:\/\/potenciaradiofonicadominicana.com\/portal\/cuba-se-apoya-en-poder-errores-de-colombia-para-mantener-invicto\/#breadcrumb","itemListElement":[{"@type":"ListItem","position":1,"name":"Portada","item":"https:\/\/potenciaradiofonicadominicana.com\/portal\/"},{"@type":"ListItem","position":2,"name":"Cuba se apoya en poder, errores de Colombia para mantener invicto"}]},{"@type":"WebSite","@id":"https:\/\/potenciaradiofonicadominicana.com\/portal\/#website","url":"https:\/\/potenciaradiofonicadominicana.com\/portal\/","name":"PotenciaRadiofonicaDominicana.com","description":"Peri\u00f3dico Digital","publisher":{"@id":"https:\/\/potenciaradiofonicadominicana.com\/portal\/#organization"},"potentialAction":[{"@type":"SearchAction","target":{"@type":"EntryPoint","urlTemplate":"https:\/\/potenciaradiofonicadominicana.com\/portal\/?s={search_term_string}"},"query-input":{"@type":"PropertyValueSpecification","valueRequired":true,"valueName":"search_term_string"}}],"inLanguage":"es"},{"@type":"Organization","@id":"https:\/\/potenciaradiofonicadominicana.com\/portal\/#organization","name":"PotenciaRadiofonicaDominicana.com","url":"https:\/\/potenciaradiofonicadominicana.com\/portal\/","logo":{"@type":"ImageObject","inLanguage":"es","@id":"https:\/\/potenciaradiofonicadominicana.com\/portal\/#\/schema\/logo\/image\/","url":"https:\/\/potenciaradiofonicadominicana.com\/portal\/wp-content\/uploads\/2022\/01\/descarga.png","contentUrl":"https:\/\/potenciaradiofonicadominicana.com\/portal\/wp-content\/uploads\/2022\/01\/descarga.png","width":300,"height":100,"caption":"PotenciaRadiofonicaDominicana.com"},"image":{"@id":"https:\/\/potenciaradiofonicadominicana.com\/portal\/#\/schema\/logo\/image\/"},"sameAs":["https:\/\/web.facebook.com\/PotenciaRadiofonicaD"]},{"@type":"Person","@id":"https:\/\/potenciaradiofonicadominicana.com\/portal\/#\/schema\/person\/a5cf1fea13877803ee0573ac18b03490","name":"Potencia Radiof\u00f3nica Dominicana","image":{"@type":"ImageObject","inLanguage":"es","@id":"https:\/\/potenciaradiofonicadominicana.com\/portal\/#\/schema\/person\/image\/","url":"https:\/\/secure.gravatar.com\/avatar\/42a55ab9e8ccc656ba34cd791990602a?s=96&d=mm&r=g","contentUrl":"https:\/\/secure.gravatar.com\/avatar\/42a55ab9e8ccc656ba34cd791990602a?s=96&d=mm&r=g","caption":"Potencia Radiof\u00f3nica Dominicana"},"url":"https:\/\/potenciaradiofonicadominicana.com\/portal\/author\/johannyalmanzar\/"}]}},"_links":{"self":[{"href":"https:\/\/potenciaradiofonicadominicana.com\/portal\/wp-json\/wp\/v2\/posts\/212860","targetHints":{"allow":["GET"]}}],"collection":[{"href":"https:\/\/potenciaradiofonicadominicana.com\/portal\/wp-json\/wp\/v2\/posts"}],"about":[{"href":"https:\/\/potenciaradiofonicadominicana.com\/portal\/wp-json\/wp\/v2\/types\/post"}],"author":[{"embeddable":true,"href":"https:\/\/potenciaradiofonicadominicana.com\/portal\/wp-json\/wp\/v2\/users\/2"}],"replies":[{"embeddable":true,"href":"https:\/\/potenciaradiofonicadominicana.com\/portal\/wp-json\/wp\/v2\/comments?post=212860"}],"version-history":[{"count":1,"href":"https:\/\/potenciaradiofonicadominicana.com\/portal\/wp-json\/wp\/v2\/posts\/212860\/revisions"}],"predecessor-version":[{"id":212862,"href":"https:\/\/potenciaradiofonicadominicana.com\/portal\/wp-json\/wp\/v2\/posts\/212860\/revisions\/212862"}],"wp:featuredmedia":[{"embeddable":true,"href":"https:\/\/potenciaradiofonicadominicana.com\/portal\/wp-json\/wp\/v2\/media\/212861"}],"wp:attachment":[{"href":"https:\/\/potenciaradiofonicadominicana.com\/portal\/wp-json\/wp\/v2\/media?parent=212860"}],"wp:term":[{"taxonomy":"category","embeddable":true,"href":"https:\/\/potenciaradiofonicadominicana.com\/portal\/wp-json\/wp\/v2\/categories?post=212860"},{"taxonomy":"post_tag","embeddable":true,"href":"https:\/\/potenciaradiofonicadominicana.com\/portal\/wp-json\/wp\/v2\/tags?post=212860"}],"curies":[{"name":"wp","href":"https:\/\/api.w.org\/{rel}","templated":true}]}}