{"id":212683,"date":"2026-03-05T22:16:53","date_gmt":"2026-03-06T02:16:53","guid":{"rendered":"https:\/\/potenciaradiofonicadominicana.com\/portal\/?p=212683"},"modified":"2026-03-05T22:16:53","modified_gmt":"2026-03-06T02:16:53","slug":"espana-ve-muy-complicada-la-ronda-con-chile-de-la-davis-y-no-concreta-si-estara-alcaraz","status":"publish","type":"post","link":"https:\/\/potenciaradiofonicadominicana.com\/portal\/espana-ve-muy-complicada-la-ronda-con-chile-de-la-davis-y-no-concreta-si-estara-alcaraz\/","title":{"rendered":"Espa\u00f1a ve \u00abmuy complicada\u00bb la ronda con Chile de la Davis y no concreta si estar\u00e1 Alcaraz"},"content":{"rendered":"<p><a href=\"https:\/\/potenciaradiofonicadominicana.com\/portal\/wp-content\/uploads\/2026\/03\/descarga.jpg\"><img loading=\"lazy\" decoding=\"async\" class=\"alignnone size-full wp-image-212684\" src=\"https:\/\/potenciaradiofonicadominicana.com\/portal\/wp-content\/uploads\/2026\/03\/descarga.jpg\" alt=\"\" width=\"1600\" height=\"900\" srcset=\"https:\/\/potenciaradiofonicadominicana.com\/portal\/wp-content\/uploads\/2026\/03\/descarga.jpg 1600w, https:\/\/potenciaradiofonicadominicana.com\/portal\/wp-content\/uploads\/2026\/03\/descarga-300x169.jpg 300w, https:\/\/potenciaradiofonicadominicana.com\/portal\/wp-content\/uploads\/2026\/03\/descarga-1024x576.jpg 1024w, https:\/\/potenciaradiofonicadominicana.com\/portal\/wp-content\/uploads\/2026\/03\/descarga-768x432.jpg 768w, https:\/\/potenciaradiofonicadominicana.com\/portal\/wp-content\/uploads\/2026\/03\/descarga-1536x864.jpg 1536w\" sizes=\"auto, (max-width: 1600px) 100vw, 1600px\" \/><\/a><\/p>\n<p>MADRID.- El seleccionador espa\u00f1ol de tenis, David Ferrer, pronostic\u00f3 este jueves que la eliminatoria ante Chile de la Copa Davis el pr\u00f3ximo mes de septiembre ser\u00e1 \u00abmuy complicada\u00bb por que se jugar\u00e1 en el pa\u00eds sudamericano y su combinado cuenta con grandes jugadores y no dio pistas de si contar\u00e1 con el n\u00famero uno del mundo, Carlos Alcaraz.<\/p>\n<p>\u00abTenerle te va a cambiar mucho la eliminatoria. Ya se ver\u00e1. No quiero adelantar acontecimientos\u00bb, se\u00f1al\u00f3 Ferrer en declaraciones a EFE tras participar en un acto organizador por la Real Federaci\u00f3n Espa\u00f1ola de Tenis en el Club Internacional de Tenis en Majadahonda (Madrid).<\/p>\n<p>El capit\u00e1n espa\u00f1ol elogi\u00f3 la calidad de tenistas chilenos como Nicol\u00e1s Jarry, Cristian Gar\u00edn o Alejandro Tabilo, por lo que remarc\u00f3 que no ser\u00e1 f\u00e1cil el cruce, programado entre el 18 y el 20 de septiembre sin que se haya concretado la sede y la superficie de la pista.<\/p>\n<p>\u00abJugamos fuera de casa, el p\u00fablico va a estar en contra y tienen muy buenos jugadores. Veremos c\u00f3mo se nos da la situaci\u00f3n. A\u00fan as\u00ed, estoy ilusionado en pasar la eliminatoria y estar en las finales\u00bb, remarc\u00f3 Ferrer sobre las expectativas de clasificarse para la fase final en Bolonia (Italia) en noviembre.<\/p>\n<p>Al margen de contar o no con Alcaraz, Ferrer expres\u00f3 su satisfacci\u00f3n de que est\u00e9n surgiendo nuevos talentos en Espa\u00f1a como Rafa J\u00f3dar o Mart\u00edn Landaluce para seguir nutriendo al equipo nacional. \u00abMe gusta tener jugadores que nunca han estado y que tengan la oportunidad\u00bb, enfatiz\u00f3.<\/p>\n","protected":false},"excerpt":{"rendered":"<p>MADRID.- El seleccionador espa\u00f1ol de tenis, David Ferrer, pronostic\u00f3 este jueves que la eliminatoria ante Chile de la Copa Davis &#8230;<\/p>\n","protected":false},"author":2,"featured_media":212684,"comment_status":"closed","ping_status":"closed","sticky":false,"template":"","format":"standard","meta":{"footnotes":""},"categories":[28],"tags":[],"class_list":["post-212683","post","type-post","status-publish","format-standard","has-post-thumbnail","hentry","category-deportes"],"yoast_head":"<!-- This site is optimized with the Yoast SEO plugin v24.8.1 - https:\/\/yoast.com\/wordpress\/plugins\/seo\/ -->\n<title>Espa\u00f1a ve \u00abmuy complicada\u00bb la ronda con Chile de la Davis y no concreta si estar\u00e1 Alcaraz - PotenciaRadiofonicaDominicana.com<\/title>\n<meta name=\"robots\" content=\"index, follow, max-snippet:-1, max-image-preview:large, max-video-preview:-1\" \/>\n<link rel=\"canonical\" href=\"https:\/\/potenciaradiofonicadominicana.com\/portal\/espana-ve-muy-complicada-la-ronda-con-chile-de-la-davis-y-no-concreta-si-estara-alcaraz\/\" \/>\n<meta property=\"og:locale\" content=\"es_ES\" \/>\n<meta property=\"og:type\" content=\"article\" \/>\n<meta property=\"og:title\" content=\"Espa\u00f1a ve \u00abmuy complicada\u00bb la ronda con Chile de la Davis y no concreta si estar\u00e1 Alcaraz - PotenciaRadiofonicaDominicana.com\" \/>\n<meta property=\"og:description\" content=\"MADRID.- El seleccionador espa\u00f1ol de tenis, David Ferrer, pronostic\u00f3 este jueves que la eliminatoria ante Chile de la Copa Davis ...\" \/>\n<meta property=\"og:url\" content=\"https:\/\/potenciaradiofonicadominicana.com\/portal\/espana-ve-muy-complicada-la-ronda-con-chile-de-la-davis-y-no-concreta-si-estara-alcaraz\/\" \/>\n<meta property=\"og:site_name\" content=\"PotenciaRadiofonicaDominicana.com\" \/>\n<meta property=\"article:publisher\" content=\"https:\/\/web.facebook.com\/PotenciaRadiofonicaD\" \/>\n<meta property=\"article:published_time\" content=\"2026-03-06T02:16:53+00:00\" \/>\n<meta property=\"og:image\" content=\"https:\/\/potenciaradiofonicadominicana.com\/portal\/wp-content\/uploads\/2026\/03\/descarga.jpg\" \/>\n\t<meta property=\"og:image:width\" content=\"1600\" \/>\n\t<meta property=\"og:image:height\" content=\"900\" \/>\n\t<meta property=\"og:image:type\" content=\"image\/jpeg\" \/>\n<meta name=\"author\" content=\"Potencia Radiof\u00f3nica Dominicana\" \/>\n<meta name=\"twitter:card\" content=\"summary_large_image\" \/>\n<meta name=\"twitter:label1\" content=\"Escrito por\" \/>\n\t<meta name=\"twitter:data1\" content=\"Potencia Radiof\u00f3nica Dominicana\" \/>\n\t<meta name=\"twitter:label2\" content=\"Tiempo de lectura\" \/>\n\t<meta name=\"twitter:data2\" content=\"2 minutos\" \/>\n<script type=\"application\/ld+json\" class=\"yoast-schema-graph\">{\"@context\":\"https:\/\/schema.org\",\"@graph\":[{\"@type\":\"Article\",\"@id\":\"https:\/\/potenciaradiofonicadominicana.com\/portal\/espana-ve-muy-complicada-la-ronda-con-chile-de-la-davis-y-no-concreta-si-estara-alcaraz\/#article\",\"isPartOf\":{\"@id\":\"https:\/\/potenciaradiofonicadominicana.com\/portal\/espana-ve-muy-complicada-la-ronda-con-chile-de-la-davis-y-no-concreta-si-estara-alcaraz\/\"},\"author\":{\"name\":\"Potencia Radiof\u00f3nica Dominicana\",\"@id\":\"https:\/\/potenciaradiofonicadominicana.com\/portal\/#\/schema\/person\/a5cf1fea13877803ee0573ac18b03490\"},\"headline\":\"Espa\u00f1a ve \u00abmuy complicada\u00bb la ronda con Chile de la Davis y no concreta si estar\u00e1 Alcaraz\",\"datePublished\":\"2026-03-06T02:16:53+00:00\",\"mainEntityOfPage\":{\"@id\":\"https:\/\/potenciaradiofonicadominicana.com\/portal\/espana-ve-muy-complicada-la-ronda-con-chile-de-la-davis-y-no-concreta-si-estara-alcaraz\/\"},\"wordCount\":286,\"publisher\":{\"@id\":\"https:\/\/potenciaradiofonicadominicana.com\/portal\/#organization\"},\"image\":{\"@id\":\"https:\/\/potenciaradiofonicadominicana.com\/portal\/espana-ve-muy-complicada-la-ronda-con-chile-de-la-davis-y-no-concreta-si-estara-alcaraz\/#primaryimage\"},\"thumbnailUrl\":\"https:\/\/potenciaradiofonicadominicana.com\/portal\/wp-content\/uploads\/2026\/03\/descarga.jpg\",\"articleSection\":[\"Deportes\"],\"inLanguage\":\"es\"},{\"@type\":\"WebPage\",\"@id\":\"https:\/\/potenciaradiofonicadominicana.com\/portal\/espana-ve-muy-complicada-la-ronda-con-chile-de-la-davis-y-no-concreta-si-estara-alcaraz\/\",\"url\":\"https:\/\/potenciaradiofonicadominicana.com\/portal\/espana-ve-muy-complicada-la-ronda-con-chile-de-la-davis-y-no-concreta-si-estara-alcaraz\/\",\"name\":\"Espa\u00f1a ve \u00abmuy complicada\u00bb la ronda con Chile de la Davis y no concreta si estar\u00e1 Alcaraz - PotenciaRadiofonicaDominicana.com\",\"isPartOf\":{\"@id\":\"https:\/\/potenciaradiofonicadominicana.com\/portal\/#website\"},\"primaryImageOfPage\":{\"@id\":\"https:\/\/potenciaradiofonicadominicana.com\/portal\/espana-ve-muy-complicada-la-ronda-con-chile-de-la-davis-y-no-concreta-si-estara-alcaraz\/#primaryimage\"},\"image\":{\"@id\":\"https:\/\/potenciaradiofonicadominicana.com\/portal\/espana-ve-muy-complicada-la-ronda-con-chile-de-la-davis-y-no-concreta-si-estara-alcaraz\/#primaryimage\"},\"thumbnailUrl\":\"https:\/\/potenciaradiofonicadominicana.com\/portal\/wp-content\/uploads\/2026\/03\/descarga.jpg\",\"datePublished\":\"2026-03-06T02:16:53+00:00\",\"breadcrumb\":{\"@id\":\"https:\/\/potenciaradiofonicadominicana.com\/portal\/espana-ve-muy-complicada-la-ronda-con-chile-de-la-davis-y-no-concreta-si-estara-alcaraz\/#breadcrumb\"},\"inLanguage\":\"es\",\"potentialAction\":[{\"@type\":\"ReadAction\",\"target\":[\"https:\/\/potenciaradiofonicadominicana.com\/portal\/espana-ve-muy-complicada-la-ronda-con-chile-de-la-davis-y-no-concreta-si-estara-alcaraz\/\"]}]},{\"@type\":\"ImageObject\",\"inLanguage\":\"es\",\"@id\":\"https:\/\/potenciaradiofonicadominicana.com\/portal\/espana-ve-muy-complicada-la-ronda-con-chile-de-la-davis-y-no-concreta-si-estara-alcaraz\/#primaryimage\",\"url\":\"https:\/\/potenciaradiofonicadominicana.com\/portal\/wp-content\/uploads\/2026\/03\/descarga.jpg\",\"contentUrl\":\"https:\/\/potenciaradiofonicadominicana.com\/portal\/wp-content\/uploads\/2026\/03\/descarga.jpg\",\"width\":1600,\"height\":900},{\"@type\":\"BreadcrumbList\",\"@id\":\"https:\/\/potenciaradiofonicadominicana.com\/portal\/espana-ve-muy-complicada-la-ronda-con-chile-de-la-davis-y-no-concreta-si-estara-alcaraz\/#breadcrumb\",\"itemListElement\":[{\"@type\":\"ListItem\",\"position\":1,\"name\":\"Portada\",\"item\":\"https:\/\/potenciaradiofonicadominicana.com\/portal\/\"},{\"@type\":\"ListItem\",\"position\":2,\"name\":\"Espa\u00f1a ve \u00abmuy complicada\u00bb la ronda con Chile de la Davis y no concreta si estar\u00e1 Alcaraz\"}]},{\"@type\":\"WebSite\",\"@id\":\"https:\/\/potenciaradiofonicadominicana.com\/portal\/#website\",\"url\":\"https:\/\/potenciaradiofonicadominicana.com\/portal\/\",\"name\":\"PotenciaRadiofonicaDominicana.com\",\"description\":\"Peri\u00f3dico Digital\",\"publisher\":{\"@id\":\"https:\/\/potenciaradiofonicadominicana.com\/portal\/#organization\"},\"potentialAction\":[{\"@type\":\"SearchAction\",\"target\":{\"@type\":\"EntryPoint\",\"urlTemplate\":\"https:\/\/potenciaradiofonicadominicana.com\/portal\/?s={search_term_string}\"},\"query-input\":{\"@type\":\"PropertyValueSpecification\",\"valueRequired\":true,\"valueName\":\"search_term_string\"}}],\"inLanguage\":\"es\"},{\"@type\":\"Organization\",\"@id\":\"https:\/\/potenciaradiofonicadominicana.com\/portal\/#organization\",\"name\":\"PotenciaRadiofonicaDominicana.com\",\"url\":\"https:\/\/potenciaradiofonicadominicana.com\/portal\/\",\"logo\":{\"@type\":\"ImageObject\",\"inLanguage\":\"es\",\"@id\":\"https:\/\/potenciaradiofonicadominicana.com\/portal\/#\/schema\/logo\/image\/\",\"url\":\"https:\/\/potenciaradiofonicadominicana.com\/portal\/wp-content\/uploads\/2022\/01\/descarga.png\",\"contentUrl\":\"https:\/\/potenciaradiofonicadominicana.com\/portal\/wp-content\/uploads\/2022\/01\/descarga.png\",\"width\":300,\"height\":100,\"caption\":\"PotenciaRadiofonicaDominicana.com\"},\"image\":{\"@id\":\"https:\/\/potenciaradiofonicadominicana.com\/portal\/#\/schema\/logo\/image\/\"},\"sameAs\":[\"https:\/\/web.facebook.com\/PotenciaRadiofonicaD\"]},{\"@type\":\"Person\",\"@id\":\"https:\/\/potenciaradiofonicadominicana.com\/portal\/#\/schema\/person\/a5cf1fea13877803ee0573ac18b03490\",\"name\":\"Potencia Radiof\u00f3nica Dominicana\",\"image\":{\"@type\":\"ImageObject\",\"inLanguage\":\"es\",\"@id\":\"https:\/\/potenciaradiofonicadominicana.com\/portal\/#\/schema\/person\/image\/\",\"url\":\"https:\/\/secure.gravatar.com\/avatar\/42a55ab9e8ccc656ba34cd791990602a?s=96&d=mm&r=g\",\"contentUrl\":\"https:\/\/secure.gravatar.com\/avatar\/42a55ab9e8ccc656ba34cd791990602a?s=96&d=mm&r=g\",\"caption\":\"Potencia Radiof\u00f3nica Dominicana\"},\"url\":\"https:\/\/potenciaradiofonicadominicana.com\/portal\/author\/johannyalmanzar\/\"}]}<\/script>\n<!-- \/ Yoast SEO plugin. -->","yoast_head_json":{"title":"Espa\u00f1a ve \u00abmuy complicada\u00bb la ronda con Chile de la Davis y no concreta si estar\u00e1 Alcaraz - PotenciaRadiofonicaDominicana.com","robots":{"index":"index","follow":"follow","max-snippet":"max-snippet:-1","max-image-preview":"max-image-preview:large","max-video-preview":"max-video-preview:-1"},"canonical":"https:\/\/potenciaradiofonicadominicana.com\/portal\/espana-ve-muy-complicada-la-ronda-con-chile-de-la-davis-y-no-concreta-si-estara-alcaraz\/","og_locale":"es_ES","og_type":"article","og_title":"Espa\u00f1a ve \u00abmuy complicada\u00bb la ronda con Chile de la Davis y no concreta si estar\u00e1 Alcaraz - PotenciaRadiofonicaDominicana.com","og_description":"MADRID.- El seleccionador espa\u00f1ol de tenis, David Ferrer, pronostic\u00f3 este jueves que la eliminatoria ante Chile de la Copa Davis ...","og_url":"https:\/\/potenciaradiofonicadominicana.com\/portal\/espana-ve-muy-complicada-la-ronda-con-chile-de-la-davis-y-no-concreta-si-estara-alcaraz\/","og_site_name":"PotenciaRadiofonicaDominicana.com","article_publisher":"https:\/\/web.facebook.com\/PotenciaRadiofonicaD","article_published_time":"2026-03-06T02:16:53+00:00","og_image":[{"width":1600,"height":900,"url":"https:\/\/potenciaradiofonicadominicana.com\/portal\/wp-content\/uploads\/2026\/03\/descarga.jpg","type":"image\/jpeg"}],"author":"Potencia Radiof\u00f3nica Dominicana","twitter_card":"summary_large_image","twitter_misc":{"Escrito por":"Potencia Radiof\u00f3nica Dominicana","Tiempo de lectura":"2 minutos"},"schema":{"@context":"https:\/\/schema.org","@graph":[{"@type":"Article","@id":"https:\/\/potenciaradiofonicadominicana.com\/portal\/espana-ve-muy-complicada-la-ronda-con-chile-de-la-davis-y-no-concreta-si-estara-alcaraz\/#article","isPartOf":{"@id":"https:\/\/potenciaradiofonicadominicana.com\/portal\/espana-ve-muy-complicada-la-ronda-con-chile-de-la-davis-y-no-concreta-si-estara-alcaraz\/"},"author":{"name":"Potencia Radiof\u00f3nica Dominicana","@id":"https:\/\/potenciaradiofonicadominicana.com\/portal\/#\/schema\/person\/a5cf1fea13877803ee0573ac18b03490"},"headline":"Espa\u00f1a ve \u00abmuy complicada\u00bb la ronda con Chile de la Davis y no concreta si estar\u00e1 Alcaraz","datePublished":"2026-03-06T02:16:53+00:00","mainEntityOfPage":{"@id":"https:\/\/potenciaradiofonicadominicana.com\/portal\/espana-ve-muy-complicada-la-ronda-con-chile-de-la-davis-y-no-concreta-si-estara-alcaraz\/"},"wordCount":286,"publisher":{"@id":"https:\/\/potenciaradiofonicadominicana.com\/portal\/#organization"},"image":{"@id":"https:\/\/potenciaradiofonicadominicana.com\/portal\/espana-ve-muy-complicada-la-ronda-con-chile-de-la-davis-y-no-concreta-si-estara-alcaraz\/#primaryimage"},"thumbnailUrl":"https:\/\/potenciaradiofonicadominicana.com\/portal\/wp-content\/uploads\/2026\/03\/descarga.jpg","articleSection":["Deportes"],"inLanguage":"es"},{"@type":"WebPage","@id":"https:\/\/potenciaradiofonicadominicana.com\/portal\/espana-ve-muy-complicada-la-ronda-con-chile-de-la-davis-y-no-concreta-si-estara-alcaraz\/","url":"https:\/\/potenciaradiofonicadominicana.com\/portal\/espana-ve-muy-complicada-la-ronda-con-chile-de-la-davis-y-no-concreta-si-estara-alcaraz\/","name":"Espa\u00f1a ve \u00abmuy complicada\u00bb la ronda con Chile de la Davis y no concreta si estar\u00e1 Alcaraz - PotenciaRadiofonicaDominicana.com","isPartOf":{"@id":"https:\/\/potenciaradiofonicadominicana.com\/portal\/#website"},"primaryImageOfPage":{"@id":"https:\/\/potenciaradiofonicadominicana.com\/portal\/espana-ve-muy-complicada-la-ronda-con-chile-de-la-davis-y-no-concreta-si-estara-alcaraz\/#primaryimage"},"image":{"@id":"https:\/\/potenciaradiofonicadominicana.com\/portal\/espana-ve-muy-complicada-la-ronda-con-chile-de-la-davis-y-no-concreta-si-estara-alcaraz\/#primaryimage"},"thumbnailUrl":"https:\/\/potenciaradiofonicadominicana.com\/portal\/wp-content\/uploads\/2026\/03\/descarga.jpg","datePublished":"2026-03-06T02:16:53+00:00","breadcrumb":{"@id":"https:\/\/potenciaradiofonicadominicana.com\/portal\/espana-ve-muy-complicada-la-ronda-con-chile-de-la-davis-y-no-concreta-si-estara-alcaraz\/#breadcrumb"},"inLanguage":"es","potentialAction":[{"@type":"ReadAction","target":["https:\/\/potenciaradiofonicadominicana.com\/portal\/espana-ve-muy-complicada-la-ronda-con-chile-de-la-davis-y-no-concreta-si-estara-alcaraz\/"]}]},{"@type":"ImageObject","inLanguage":"es","@id":"https:\/\/potenciaradiofonicadominicana.com\/portal\/espana-ve-muy-complicada-la-ronda-con-chile-de-la-davis-y-no-concreta-si-estara-alcaraz\/#primaryimage","url":"https:\/\/potenciaradiofonicadominicana.com\/portal\/wp-content\/uploads\/2026\/03\/descarga.jpg","contentUrl":"https:\/\/potenciaradiofonicadominicana.com\/portal\/wp-content\/uploads\/2026\/03\/descarga.jpg","width":1600,"height":900},{"@type":"BreadcrumbList","@id":"https:\/\/potenciaradiofonicadominicana.com\/portal\/espana-ve-muy-complicada-la-ronda-con-chile-de-la-davis-y-no-concreta-si-estara-alcaraz\/#breadcrumb","itemListElement":[{"@type":"ListItem","position":1,"name":"Portada","item":"https:\/\/potenciaradiofonicadominicana.com\/portal\/"},{"@type":"ListItem","position":2,"name":"Espa\u00f1a ve \u00abmuy complicada\u00bb la ronda con Chile de la Davis y no concreta si estar\u00e1 Alcaraz"}]},{"@type":"WebSite","@id":"https:\/\/potenciaradiofonicadominicana.com\/portal\/#website","url":"https:\/\/potenciaradiofonicadominicana.com\/portal\/","name":"PotenciaRadiofonicaDominicana.com","description":"Peri\u00f3dico Digital","publisher":{"@id":"https:\/\/potenciaradiofonicadominicana.com\/portal\/#organization"},"potentialAction":[{"@type":"SearchAction","target":{"@type":"EntryPoint","urlTemplate":"https:\/\/potenciaradiofonicadominicana.com\/portal\/?s={search_term_string}"},"query-input":{"@type":"PropertyValueSpecification","valueRequired":true,"valueName":"search_term_string"}}],"inLanguage":"es"},{"@type":"Organization","@id":"https:\/\/potenciaradiofonicadominicana.com\/portal\/#organization","name":"PotenciaRadiofonicaDominicana.com","url":"https:\/\/potenciaradiofonicadominicana.com\/portal\/","logo":{"@type":"ImageObject","inLanguage":"es","@id":"https:\/\/potenciaradiofonicadominicana.com\/portal\/#\/schema\/logo\/image\/","url":"https:\/\/potenciaradiofonicadominicana.com\/portal\/wp-content\/uploads\/2022\/01\/descarga.png","contentUrl":"https:\/\/potenciaradiofonicadominicana.com\/portal\/wp-content\/uploads\/2022\/01\/descarga.png","width":300,"height":100,"caption":"PotenciaRadiofonicaDominicana.com"},"image":{"@id":"https:\/\/potenciaradiofonicadominicana.com\/portal\/#\/schema\/logo\/image\/"},"sameAs":["https:\/\/web.facebook.com\/PotenciaRadiofonicaD"]},{"@type":"Person","@id":"https:\/\/potenciaradiofonicadominicana.com\/portal\/#\/schema\/person\/a5cf1fea13877803ee0573ac18b03490","name":"Potencia Radiof\u00f3nica Dominicana","image":{"@type":"ImageObject","inLanguage":"es","@id":"https:\/\/potenciaradiofonicadominicana.com\/portal\/#\/schema\/person\/image\/","url":"https:\/\/secure.gravatar.com\/avatar\/42a55ab9e8ccc656ba34cd791990602a?s=96&d=mm&r=g","contentUrl":"https:\/\/secure.gravatar.com\/avatar\/42a55ab9e8ccc656ba34cd791990602a?s=96&d=mm&r=g","caption":"Potencia Radiof\u00f3nica Dominicana"},"url":"https:\/\/potenciaradiofonicadominicana.com\/portal\/author\/johannyalmanzar\/"}]}},"_links":{"self":[{"href":"https:\/\/potenciaradiofonicadominicana.com\/portal\/wp-json\/wp\/v2\/posts\/212683","targetHints":{"allow":["GET"]}}],"collection":[{"href":"https:\/\/potenciaradiofonicadominicana.com\/portal\/wp-json\/wp\/v2\/posts"}],"about":[{"href":"https:\/\/potenciaradiofonicadominicana.com\/portal\/wp-json\/wp\/v2\/types\/post"}],"author":[{"embeddable":true,"href":"https:\/\/potenciaradiofonicadominicana.com\/portal\/wp-json\/wp\/v2\/users\/2"}],"replies":[{"embeddable":true,"href":"https:\/\/potenciaradiofonicadominicana.com\/portal\/wp-json\/wp\/v2\/comments?post=212683"}],"version-history":[{"count":1,"href":"https:\/\/potenciaradiofonicadominicana.com\/portal\/wp-json\/wp\/v2\/posts\/212683\/revisions"}],"predecessor-version":[{"id":212685,"href":"https:\/\/potenciaradiofonicadominicana.com\/portal\/wp-json\/wp\/v2\/posts\/212683\/revisions\/212685"}],"wp:featuredmedia":[{"embeddable":true,"href":"https:\/\/potenciaradiofonicadominicana.com\/portal\/wp-json\/wp\/v2\/media\/212684"}],"wp:attachment":[{"href":"https:\/\/potenciaradiofonicadominicana.com\/portal\/wp-json\/wp\/v2\/media?parent=212683"}],"wp:term":[{"taxonomy":"category","embeddable":true,"href":"https:\/\/potenciaradiofonicadominicana.com\/portal\/wp-json\/wp\/v2\/categories?post=212683"},{"taxonomy":"post_tag","embeddable":true,"href":"https:\/\/potenciaradiofonicadominicana.com\/portal\/wp-json\/wp\/v2\/tags?post=212683"}],"curies":[{"name":"wp","href":"https:\/\/api.w.org\/{rel}","templated":true}]}}