{"id":212680,"date":"2026-03-05T22:15:34","date_gmt":"2026-03-06T02:15:34","guid":{"rendered":"https:\/\/potenciaradiofonicadominicana.com\/portal\/?p=212680"},"modified":"2026-03-05T22:15:34","modified_gmt":"2026-03-06T02:15:34","slug":"willy-pumarol-gana-su-primer-titulo-en-el-apga-tour","status":"publish","type":"post","link":"https:\/\/potenciaradiofonicadominicana.com\/portal\/willy-pumarol-gana-su-primer-titulo-en-el-apga-tour\/","title":{"rendered":"Willy Pumarol gana su primer t\u00edtulo en el APGA Tour"},"content":{"rendered":"<p><a href=\"https:\/\/potenciaradiofonicadominicana.com\/portal\/wp-content\/uploads\/2026\/03\/31d-06_3p01.jpg\"><img loading=\"lazy\" decoding=\"async\" class=\"alignnone size-full wp-image-212681\" src=\"https:\/\/potenciaradiofonicadominicana.com\/portal\/wp-content\/uploads\/2026\/03\/31d-06_3p01.jpg\" alt=\"\" width=\"796\" height=\"649\" srcset=\"https:\/\/potenciaradiofonicadominicana.com\/portal\/wp-content\/uploads\/2026\/03\/31d-06_3p01.jpg 796w, https:\/\/potenciaradiofonicadominicana.com\/portal\/wp-content\/uploads\/2026\/03\/31d-06_3p01-300x245.jpg 300w, https:\/\/potenciaradiofonicadominicana.com\/portal\/wp-content\/uploads\/2026\/03\/31d-06_3p01-768x626.jpg 768w\" sizes=\"auto, (max-width: 796px) 100vw, 796px\" \/><\/a><\/p>\n<p>El golfista dominicano Willy Pumarol conquist\u00f3 su primer t\u00edtulo en el Advocates Professional Golf Association Tour (APGA Tour), convirti\u00e9ndose en el primer dominicano en ganar en este circuito avalado por el PGA Tour.<\/p>\n<p>Pumarol se alz\u00f3 con la victoria en el torneo celebrado en el TPC San Antonio, en el Canyons Course, tras un emocionante desempate frente al estadounidense Andrew Walker.<\/p>\n<p>El dominicano sell\u00f3 el triunfo en el tercer hoyo de playoff con un espectacular birdie, culminando as\u00ed una actuaci\u00f3n impecable.<\/p>\n<p>El criollo firm\u00f3 un total de 11 bajo par (-11), con rondas de 66 y 67 golpes, completando ambas jornadas libre de bogeys, muestra de su consistencia y alto nivel competitivo. \u201cGanar en mi segundo torneo compitiendo en este tour es algo muy especial. Hace apenas dos semanas termin\u00e9 segundo en mi debut y hoy logro mi primera victoria.<\/p>\n<p>Agradezco profundamente a mis patrocinadores: Ministerio de Turismo, iQtek y Creso, por el apoyo que hace posible estos resultados\u201d, expres\u00f3 Pumarol tras su victoria.<\/p>\n<p>El triunfo de Willy es tambi\u00e9n hist\u00f3rico para el golf dominicano, al ser el primer jugador del pa\u00eds en conquistar un evento del APGA Tour. Adem\u00e1s, esta victoria lo posiciona dentro de los primeros tres lugares del ranking de la temporada.<br \/>\nEl APGA Tour es una organizaci\u00f3n fundada en 2010 con el objetivo de promover la diversidad en el golf profesional, brindando oportunidades a jugadores de comunidades subrepresentadas para competir al m\u00e1s alto nivel.<\/p>\n","protected":false},"excerpt":{"rendered":"<p>El golfista dominicano Willy Pumarol conquist\u00f3 su primer t\u00edtulo en el Advocates Professional Golf Association Tour (APGA Tour), convirti\u00e9ndose en &#8230;<\/p>\n","protected":false},"author":2,"featured_media":212681,"comment_status":"closed","ping_status":"closed","sticky":false,"template":"","format":"standard","meta":{"footnotes":""},"categories":[28],"tags":[],"class_list":["post-212680","post","type-post","status-publish","format-standard","has-post-thumbnail","hentry","category-deportes"],"yoast_head":"<!-- This site is optimized with the Yoast SEO plugin v24.8.1 - https:\/\/yoast.com\/wordpress\/plugins\/seo\/ -->\n<title>Willy Pumarol gana su primer t\u00edtulo en el APGA Tour - PotenciaRadiofonicaDominicana.com<\/title>\n<meta name=\"robots\" content=\"index, follow, max-snippet:-1, max-image-preview:large, max-video-preview:-1\" \/>\n<link rel=\"canonical\" href=\"https:\/\/potenciaradiofonicadominicana.com\/portal\/willy-pumarol-gana-su-primer-titulo-en-el-apga-tour\/\" \/>\n<meta property=\"og:locale\" content=\"es_ES\" \/>\n<meta property=\"og:type\" content=\"article\" \/>\n<meta property=\"og:title\" content=\"Willy Pumarol gana su primer t\u00edtulo en el APGA Tour - PotenciaRadiofonicaDominicana.com\" \/>\n<meta property=\"og:description\" content=\"El golfista dominicano Willy Pumarol conquist\u00f3 su primer t\u00edtulo en el Advocates Professional Golf Association Tour (APGA Tour), convirti\u00e9ndose en ...\" \/>\n<meta property=\"og:url\" content=\"https:\/\/potenciaradiofonicadominicana.com\/portal\/willy-pumarol-gana-su-primer-titulo-en-el-apga-tour\/\" \/>\n<meta property=\"og:site_name\" content=\"PotenciaRadiofonicaDominicana.com\" \/>\n<meta property=\"article:publisher\" content=\"https:\/\/web.facebook.com\/PotenciaRadiofonicaD\" \/>\n<meta property=\"article:published_time\" content=\"2026-03-06T02:15:34+00:00\" \/>\n<meta property=\"og:image\" content=\"https:\/\/potenciaradiofonicadominicana.com\/portal\/wp-content\/uploads\/2026\/03\/31d-06_3p01.jpg\" \/>\n\t<meta property=\"og:image:width\" content=\"796\" \/>\n\t<meta property=\"og:image:height\" content=\"649\" \/>\n\t<meta property=\"og:image:type\" content=\"image\/jpeg\" \/>\n<meta name=\"author\" content=\"Potencia Radiof\u00f3nica Dominicana\" \/>\n<meta name=\"twitter:card\" content=\"summary_large_image\" \/>\n<meta name=\"twitter:label1\" content=\"Escrito por\" \/>\n\t<meta name=\"twitter:data1\" content=\"Potencia Radiof\u00f3nica Dominicana\" \/>\n\t<meta name=\"twitter:label2\" content=\"Tiempo de lectura\" \/>\n\t<meta name=\"twitter:data2\" content=\"2 minutos\" \/>\n<script type=\"application\/ld+json\" class=\"yoast-schema-graph\">{\"@context\":\"https:\/\/schema.org\",\"@graph\":[{\"@type\":\"Article\",\"@id\":\"https:\/\/potenciaradiofonicadominicana.com\/portal\/willy-pumarol-gana-su-primer-titulo-en-el-apga-tour\/#article\",\"isPartOf\":{\"@id\":\"https:\/\/potenciaradiofonicadominicana.com\/portal\/willy-pumarol-gana-su-primer-titulo-en-el-apga-tour\/\"},\"author\":{\"name\":\"Potencia Radiof\u00f3nica Dominicana\",\"@id\":\"https:\/\/potenciaradiofonicadominicana.com\/portal\/#\/schema\/person\/a5cf1fea13877803ee0573ac18b03490\"},\"headline\":\"Willy Pumarol gana su primer t\u00edtulo en el APGA Tour\",\"datePublished\":\"2026-03-06T02:15:34+00:00\",\"mainEntityOfPage\":{\"@id\":\"https:\/\/potenciaradiofonicadominicana.com\/portal\/willy-pumarol-gana-su-primer-titulo-en-el-apga-tour\/\"},\"wordCount\":254,\"publisher\":{\"@id\":\"https:\/\/potenciaradiofonicadominicana.com\/portal\/#organization\"},\"image\":{\"@id\":\"https:\/\/potenciaradiofonicadominicana.com\/portal\/willy-pumarol-gana-su-primer-titulo-en-el-apga-tour\/#primaryimage\"},\"thumbnailUrl\":\"https:\/\/potenciaradiofonicadominicana.com\/portal\/wp-content\/uploads\/2026\/03\/31d-06_3p01.jpg\",\"articleSection\":[\"Deportes\"],\"inLanguage\":\"es\"},{\"@type\":\"WebPage\",\"@id\":\"https:\/\/potenciaradiofonicadominicana.com\/portal\/willy-pumarol-gana-su-primer-titulo-en-el-apga-tour\/\",\"url\":\"https:\/\/potenciaradiofonicadominicana.com\/portal\/willy-pumarol-gana-su-primer-titulo-en-el-apga-tour\/\",\"name\":\"Willy Pumarol gana su primer t\u00edtulo en el APGA Tour - PotenciaRadiofonicaDominicana.com\",\"isPartOf\":{\"@id\":\"https:\/\/potenciaradiofonicadominicana.com\/portal\/#website\"},\"primaryImageOfPage\":{\"@id\":\"https:\/\/potenciaradiofonicadominicana.com\/portal\/willy-pumarol-gana-su-primer-titulo-en-el-apga-tour\/#primaryimage\"},\"image\":{\"@id\":\"https:\/\/potenciaradiofonicadominicana.com\/portal\/willy-pumarol-gana-su-primer-titulo-en-el-apga-tour\/#primaryimage\"},\"thumbnailUrl\":\"https:\/\/potenciaradiofonicadominicana.com\/portal\/wp-content\/uploads\/2026\/03\/31d-06_3p01.jpg\",\"datePublished\":\"2026-03-06T02:15:34+00:00\",\"breadcrumb\":{\"@id\":\"https:\/\/potenciaradiofonicadominicana.com\/portal\/willy-pumarol-gana-su-primer-titulo-en-el-apga-tour\/#breadcrumb\"},\"inLanguage\":\"es\",\"potentialAction\":[{\"@type\":\"ReadAction\",\"target\":[\"https:\/\/potenciaradiofonicadominicana.com\/portal\/willy-pumarol-gana-su-primer-titulo-en-el-apga-tour\/\"]}]},{\"@type\":\"ImageObject\",\"inLanguage\":\"es\",\"@id\":\"https:\/\/potenciaradiofonicadominicana.com\/portal\/willy-pumarol-gana-su-primer-titulo-en-el-apga-tour\/#primaryimage\",\"url\":\"https:\/\/potenciaradiofonicadominicana.com\/portal\/wp-content\/uploads\/2026\/03\/31d-06_3p01.jpg\",\"contentUrl\":\"https:\/\/potenciaradiofonicadominicana.com\/portal\/wp-content\/uploads\/2026\/03\/31d-06_3p01.jpg\",\"width\":796,\"height\":649},{\"@type\":\"BreadcrumbList\",\"@id\":\"https:\/\/potenciaradiofonicadominicana.com\/portal\/willy-pumarol-gana-su-primer-titulo-en-el-apga-tour\/#breadcrumb\",\"itemListElement\":[{\"@type\":\"ListItem\",\"position\":1,\"name\":\"Portada\",\"item\":\"https:\/\/potenciaradiofonicadominicana.com\/portal\/\"},{\"@type\":\"ListItem\",\"position\":2,\"name\":\"Willy Pumarol gana su primer t\u00edtulo en el APGA Tour\"}]},{\"@type\":\"WebSite\",\"@id\":\"https:\/\/potenciaradiofonicadominicana.com\/portal\/#website\",\"url\":\"https:\/\/potenciaradiofonicadominicana.com\/portal\/\",\"name\":\"PotenciaRadiofonicaDominicana.com\",\"description\":\"Peri\u00f3dico Digital\",\"publisher\":{\"@id\":\"https:\/\/potenciaradiofonicadominicana.com\/portal\/#organization\"},\"potentialAction\":[{\"@type\":\"SearchAction\",\"target\":{\"@type\":\"EntryPoint\",\"urlTemplate\":\"https:\/\/potenciaradiofonicadominicana.com\/portal\/?s={search_term_string}\"},\"query-input\":{\"@type\":\"PropertyValueSpecification\",\"valueRequired\":true,\"valueName\":\"search_term_string\"}}],\"inLanguage\":\"es\"},{\"@type\":\"Organization\",\"@id\":\"https:\/\/potenciaradiofonicadominicana.com\/portal\/#organization\",\"name\":\"PotenciaRadiofonicaDominicana.com\",\"url\":\"https:\/\/potenciaradiofonicadominicana.com\/portal\/\",\"logo\":{\"@type\":\"ImageObject\",\"inLanguage\":\"es\",\"@id\":\"https:\/\/potenciaradiofonicadominicana.com\/portal\/#\/schema\/logo\/image\/\",\"url\":\"https:\/\/potenciaradiofonicadominicana.com\/portal\/wp-content\/uploads\/2022\/01\/descarga.png\",\"contentUrl\":\"https:\/\/potenciaradiofonicadominicana.com\/portal\/wp-content\/uploads\/2022\/01\/descarga.png\",\"width\":300,\"height\":100,\"caption\":\"PotenciaRadiofonicaDominicana.com\"},\"image\":{\"@id\":\"https:\/\/potenciaradiofonicadominicana.com\/portal\/#\/schema\/logo\/image\/\"},\"sameAs\":[\"https:\/\/web.facebook.com\/PotenciaRadiofonicaD\"]},{\"@type\":\"Person\",\"@id\":\"https:\/\/potenciaradiofonicadominicana.com\/portal\/#\/schema\/person\/a5cf1fea13877803ee0573ac18b03490\",\"name\":\"Potencia Radiof\u00f3nica Dominicana\",\"image\":{\"@type\":\"ImageObject\",\"inLanguage\":\"es\",\"@id\":\"https:\/\/potenciaradiofonicadominicana.com\/portal\/#\/schema\/person\/image\/\",\"url\":\"https:\/\/secure.gravatar.com\/avatar\/42a55ab9e8ccc656ba34cd791990602a?s=96&d=mm&r=g\",\"contentUrl\":\"https:\/\/secure.gravatar.com\/avatar\/42a55ab9e8ccc656ba34cd791990602a?s=96&d=mm&r=g\",\"caption\":\"Potencia Radiof\u00f3nica Dominicana\"},\"url\":\"https:\/\/potenciaradiofonicadominicana.com\/portal\/author\/johannyalmanzar\/\"}]}<\/script>\n<!-- \/ Yoast SEO plugin. -->","yoast_head_json":{"title":"Willy Pumarol gana su primer t\u00edtulo en el APGA Tour - PotenciaRadiofonicaDominicana.com","robots":{"index":"index","follow":"follow","max-snippet":"max-snippet:-1","max-image-preview":"max-image-preview:large","max-video-preview":"max-video-preview:-1"},"canonical":"https:\/\/potenciaradiofonicadominicana.com\/portal\/willy-pumarol-gana-su-primer-titulo-en-el-apga-tour\/","og_locale":"es_ES","og_type":"article","og_title":"Willy Pumarol gana su primer t\u00edtulo en el APGA Tour - PotenciaRadiofonicaDominicana.com","og_description":"El golfista dominicano Willy Pumarol conquist\u00f3 su primer t\u00edtulo en el Advocates Professional Golf Association Tour (APGA Tour), convirti\u00e9ndose en ...","og_url":"https:\/\/potenciaradiofonicadominicana.com\/portal\/willy-pumarol-gana-su-primer-titulo-en-el-apga-tour\/","og_site_name":"PotenciaRadiofonicaDominicana.com","article_publisher":"https:\/\/web.facebook.com\/PotenciaRadiofonicaD","article_published_time":"2026-03-06T02:15:34+00:00","og_image":[{"width":796,"height":649,"url":"https:\/\/potenciaradiofonicadominicana.com\/portal\/wp-content\/uploads\/2026\/03\/31d-06_3p01.jpg","type":"image\/jpeg"}],"author":"Potencia Radiof\u00f3nica Dominicana","twitter_card":"summary_large_image","twitter_misc":{"Escrito por":"Potencia Radiof\u00f3nica Dominicana","Tiempo de lectura":"2 minutos"},"schema":{"@context":"https:\/\/schema.org","@graph":[{"@type":"Article","@id":"https:\/\/potenciaradiofonicadominicana.com\/portal\/willy-pumarol-gana-su-primer-titulo-en-el-apga-tour\/#article","isPartOf":{"@id":"https:\/\/potenciaradiofonicadominicana.com\/portal\/willy-pumarol-gana-su-primer-titulo-en-el-apga-tour\/"},"author":{"name":"Potencia Radiof\u00f3nica Dominicana","@id":"https:\/\/potenciaradiofonicadominicana.com\/portal\/#\/schema\/person\/a5cf1fea13877803ee0573ac18b03490"},"headline":"Willy Pumarol gana su primer t\u00edtulo en el APGA Tour","datePublished":"2026-03-06T02:15:34+00:00","mainEntityOfPage":{"@id":"https:\/\/potenciaradiofonicadominicana.com\/portal\/willy-pumarol-gana-su-primer-titulo-en-el-apga-tour\/"},"wordCount":254,"publisher":{"@id":"https:\/\/potenciaradiofonicadominicana.com\/portal\/#organization"},"image":{"@id":"https:\/\/potenciaradiofonicadominicana.com\/portal\/willy-pumarol-gana-su-primer-titulo-en-el-apga-tour\/#primaryimage"},"thumbnailUrl":"https:\/\/potenciaradiofonicadominicana.com\/portal\/wp-content\/uploads\/2026\/03\/31d-06_3p01.jpg","articleSection":["Deportes"],"inLanguage":"es"},{"@type":"WebPage","@id":"https:\/\/potenciaradiofonicadominicana.com\/portal\/willy-pumarol-gana-su-primer-titulo-en-el-apga-tour\/","url":"https:\/\/potenciaradiofonicadominicana.com\/portal\/willy-pumarol-gana-su-primer-titulo-en-el-apga-tour\/","name":"Willy Pumarol gana su primer t\u00edtulo en el APGA Tour - PotenciaRadiofonicaDominicana.com","isPartOf":{"@id":"https:\/\/potenciaradiofonicadominicana.com\/portal\/#website"},"primaryImageOfPage":{"@id":"https:\/\/potenciaradiofonicadominicana.com\/portal\/willy-pumarol-gana-su-primer-titulo-en-el-apga-tour\/#primaryimage"},"image":{"@id":"https:\/\/potenciaradiofonicadominicana.com\/portal\/willy-pumarol-gana-su-primer-titulo-en-el-apga-tour\/#primaryimage"},"thumbnailUrl":"https:\/\/potenciaradiofonicadominicana.com\/portal\/wp-content\/uploads\/2026\/03\/31d-06_3p01.jpg","datePublished":"2026-03-06T02:15:34+00:00","breadcrumb":{"@id":"https:\/\/potenciaradiofonicadominicana.com\/portal\/willy-pumarol-gana-su-primer-titulo-en-el-apga-tour\/#breadcrumb"},"inLanguage":"es","potentialAction":[{"@type":"ReadAction","target":["https:\/\/potenciaradiofonicadominicana.com\/portal\/willy-pumarol-gana-su-primer-titulo-en-el-apga-tour\/"]}]},{"@type":"ImageObject","inLanguage":"es","@id":"https:\/\/potenciaradiofonicadominicana.com\/portal\/willy-pumarol-gana-su-primer-titulo-en-el-apga-tour\/#primaryimage","url":"https:\/\/potenciaradiofonicadominicana.com\/portal\/wp-content\/uploads\/2026\/03\/31d-06_3p01.jpg","contentUrl":"https:\/\/potenciaradiofonicadominicana.com\/portal\/wp-content\/uploads\/2026\/03\/31d-06_3p01.jpg","width":796,"height":649},{"@type":"BreadcrumbList","@id":"https:\/\/potenciaradiofonicadominicana.com\/portal\/willy-pumarol-gana-su-primer-titulo-en-el-apga-tour\/#breadcrumb","itemListElement":[{"@type":"ListItem","position":1,"name":"Portada","item":"https:\/\/potenciaradiofonicadominicana.com\/portal\/"},{"@type":"ListItem","position":2,"name":"Willy Pumarol gana su primer t\u00edtulo en el APGA Tour"}]},{"@type":"WebSite","@id":"https:\/\/potenciaradiofonicadominicana.com\/portal\/#website","url":"https:\/\/potenciaradiofonicadominicana.com\/portal\/","name":"PotenciaRadiofonicaDominicana.com","description":"Peri\u00f3dico Digital","publisher":{"@id":"https:\/\/potenciaradiofonicadominicana.com\/portal\/#organization"},"potentialAction":[{"@type":"SearchAction","target":{"@type":"EntryPoint","urlTemplate":"https:\/\/potenciaradiofonicadominicana.com\/portal\/?s={search_term_string}"},"query-input":{"@type":"PropertyValueSpecification","valueRequired":true,"valueName":"search_term_string"}}],"inLanguage":"es"},{"@type":"Organization","@id":"https:\/\/potenciaradiofonicadominicana.com\/portal\/#organization","name":"PotenciaRadiofonicaDominicana.com","url":"https:\/\/potenciaradiofonicadominicana.com\/portal\/","logo":{"@type":"ImageObject","inLanguage":"es","@id":"https:\/\/potenciaradiofonicadominicana.com\/portal\/#\/schema\/logo\/image\/","url":"https:\/\/potenciaradiofonicadominicana.com\/portal\/wp-content\/uploads\/2022\/01\/descarga.png","contentUrl":"https:\/\/potenciaradiofonicadominicana.com\/portal\/wp-content\/uploads\/2022\/01\/descarga.png","width":300,"height":100,"caption":"PotenciaRadiofonicaDominicana.com"},"image":{"@id":"https:\/\/potenciaradiofonicadominicana.com\/portal\/#\/schema\/logo\/image\/"},"sameAs":["https:\/\/web.facebook.com\/PotenciaRadiofonicaD"]},{"@type":"Person","@id":"https:\/\/potenciaradiofonicadominicana.com\/portal\/#\/schema\/person\/a5cf1fea13877803ee0573ac18b03490","name":"Potencia Radiof\u00f3nica Dominicana","image":{"@type":"ImageObject","inLanguage":"es","@id":"https:\/\/potenciaradiofonicadominicana.com\/portal\/#\/schema\/person\/image\/","url":"https:\/\/secure.gravatar.com\/avatar\/42a55ab9e8ccc656ba34cd791990602a?s=96&d=mm&r=g","contentUrl":"https:\/\/secure.gravatar.com\/avatar\/42a55ab9e8ccc656ba34cd791990602a?s=96&d=mm&r=g","caption":"Potencia Radiof\u00f3nica Dominicana"},"url":"https:\/\/potenciaradiofonicadominicana.com\/portal\/author\/johannyalmanzar\/"}]}},"_links":{"self":[{"href":"https:\/\/potenciaradiofonicadominicana.com\/portal\/wp-json\/wp\/v2\/posts\/212680","targetHints":{"allow":["GET"]}}],"collection":[{"href":"https:\/\/potenciaradiofonicadominicana.com\/portal\/wp-json\/wp\/v2\/posts"}],"about":[{"href":"https:\/\/potenciaradiofonicadominicana.com\/portal\/wp-json\/wp\/v2\/types\/post"}],"author":[{"embeddable":true,"href":"https:\/\/potenciaradiofonicadominicana.com\/portal\/wp-json\/wp\/v2\/users\/2"}],"replies":[{"embeddable":true,"href":"https:\/\/potenciaradiofonicadominicana.com\/portal\/wp-json\/wp\/v2\/comments?post=212680"}],"version-history":[{"count":1,"href":"https:\/\/potenciaradiofonicadominicana.com\/portal\/wp-json\/wp\/v2\/posts\/212680\/revisions"}],"predecessor-version":[{"id":212682,"href":"https:\/\/potenciaradiofonicadominicana.com\/portal\/wp-json\/wp\/v2\/posts\/212680\/revisions\/212682"}],"wp:featuredmedia":[{"embeddable":true,"href":"https:\/\/potenciaradiofonicadominicana.com\/portal\/wp-json\/wp\/v2\/media\/212681"}],"wp:attachment":[{"href":"https:\/\/potenciaradiofonicadominicana.com\/portal\/wp-json\/wp\/v2\/media?parent=212680"}],"wp:term":[{"taxonomy":"category","embeddable":true,"href":"https:\/\/potenciaradiofonicadominicana.com\/portal\/wp-json\/wp\/v2\/categories?post=212680"},{"taxonomy":"post_tag","embeddable":true,"href":"https:\/\/potenciaradiofonicadominicana.com\/portal\/wp-json\/wp\/v2\/tags?post=212680"}],"curies":[{"name":"wp","href":"https:\/\/api.w.org\/{rel}","templated":true}]}}