{"id":212674,"date":"2026-03-05T22:12:19","date_gmt":"2026-03-06T02:12:19","guid":{"rendered":"https:\/\/potenciaradiofonicadominicana.com\/portal\/?p=212674"},"modified":"2026-03-05T22:12:19","modified_gmt":"2026-03-06T02:12:19","slug":"karl-anthony-towns-nicks-estan-en-buena-posicion","status":"publish","type":"post","link":"https:\/\/potenciaradiofonicadominicana.com\/portal\/karl-anthony-towns-nicks-estan-en-buena-posicion\/","title":{"rendered":"Karl-Anthony Towns: \u201cNicks est\u00e1n en buena posici\u00f3n\u201d"},"content":{"rendered":"<p><a href=\"https:\/\/potenciaradiofonicadominicana.com\/portal\/wp-content\/uploads\/2026\/03\/USATSI_27713284_168415953_lowres.jpg\"><img loading=\"lazy\" decoding=\"async\" class=\"size-full wp-image-212675\" src=\"https:\/\/potenciaradiofonicadominicana.com\/portal\/wp-content\/uploads\/2026\/03\/USATSI_27713284_168415953_lowres.jpg\" alt=\"\" width=\"1280\" height=\"853\" srcset=\"https:\/\/potenciaradiofonicadominicana.com\/portal\/wp-content\/uploads\/2026\/03\/USATSI_27713284_168415953_lowres.jpg 1280w, https:\/\/potenciaradiofonicadominicana.com\/portal\/wp-content\/uploads\/2026\/03\/USATSI_27713284_168415953_lowres-300x200.jpg 300w, https:\/\/potenciaradiofonicadominicana.com\/portal\/wp-content\/uploads\/2026\/03\/USATSI_27713284_168415953_lowres-1024x682.jpg 1024w, https:\/\/potenciaradiofonicadominicana.com\/portal\/wp-content\/uploads\/2026\/03\/USATSI_27713284_168415953_lowres-768x512.jpg 768w\" sizes=\"auto, (max-width: 1280px) 100vw, 1280px\" \/><\/a><\/p>\n<p><strong>Nueva York.-<\/strong>Los New York Knicks son uno de los mejores equipos de la Conferencia Este. Antes incluso de que comenzara la temporada, ya eran considerados un aspirante junto a los Cleveland Cavaliers.<br \/>\nNinguno de los dos equipos ha estado a la altura de las expectativas, pero tienen potencial.<\/p>\n<p>Con el entrenador principal Mike Brown, todo es posible con los Knicks. Pueden perder de vez en cuando, pero el techo que pueden alcanzar es extremadamente alto debido al talento que tienen en la plantilla, incluyendo a Karl-Anthony Towns.<\/p>\n<p>A pesar de perder contra los Oklahoma City Thunder en el Madison Square Garden el mi\u00e9rcoles, Towns est\u00e1 positivo respecto a los Knicks. Es un punto de vista optimista, pero mantuvieron la victoria ajustada contra los campeones defensores. Puede que no encaje con lo que la gente piensa de Towns y los Knicks, pero plantea un buen punto.<\/p>\n<p>Buena posici\u00f3n<br \/>\n\u201cCreo que estamos en una buena posici\u00f3n, especialmente con solo 20 partidos restantes. Que compiti\u00e9ramos como lo hicimos y estuvi\u00e9ramos en el juego que est\u00e1bamos, habla de lo que podemos hacer\u00bb, dijo Towns, de ascendencia dominicana, tras perder contra los Thunder. \u201cSeguimos en proceso, cualquiera puede dec\u00edrtelo, pero nos acercamos a un momento en que seremos mejores versiones de nosotros mismos\u00bb.<br \/>\nMantenerse competitivo contra el campe\u00f3n defensor Thunder de Oklahoma es una buena se\u00f1al, y puede que Karl Towns tenga raz\u00f3n en su valoraci\u00f3n de los Knicks, ya que los Thunder son un rival aterrador.<\/p>\n","protected":false},"excerpt":{"rendered":"<p>Nueva York.-Los New York Knicks son uno de los mejores equipos de la Conferencia Este. Antes incluso de que comenzara &#8230;<\/p>\n","protected":false},"author":2,"featured_media":212675,"comment_status":"closed","ping_status":"closed","sticky":false,"template":"","format":"standard","meta":{"footnotes":""},"categories":[28],"tags":[],"class_list":["post-212674","post","type-post","status-publish","format-standard","has-post-thumbnail","hentry","category-deportes"],"yoast_head":"<!-- This site is optimized with the Yoast SEO plugin v24.8.1 - https:\/\/yoast.com\/wordpress\/plugins\/seo\/ -->\n<title>Karl-Anthony Towns: \u201cNicks est\u00e1n en buena posici\u00f3n\u201d - PotenciaRadiofonicaDominicana.com<\/title>\n<meta name=\"robots\" content=\"index, follow, max-snippet:-1, max-image-preview:large, max-video-preview:-1\" \/>\n<link rel=\"canonical\" href=\"https:\/\/potenciaradiofonicadominicana.com\/portal\/karl-anthony-towns-nicks-estan-en-buena-posicion\/\" \/>\n<meta property=\"og:locale\" content=\"es_ES\" \/>\n<meta property=\"og:type\" content=\"article\" \/>\n<meta property=\"og:title\" content=\"Karl-Anthony Towns: \u201cNicks est\u00e1n en buena posici\u00f3n\u201d - PotenciaRadiofonicaDominicana.com\" \/>\n<meta property=\"og:description\" content=\"Nueva York.-Los New York Knicks son uno de los mejores equipos de la Conferencia Este. Antes incluso de que comenzara ...\" \/>\n<meta property=\"og:url\" content=\"https:\/\/potenciaradiofonicadominicana.com\/portal\/karl-anthony-towns-nicks-estan-en-buena-posicion\/\" \/>\n<meta property=\"og:site_name\" content=\"PotenciaRadiofonicaDominicana.com\" \/>\n<meta property=\"article:publisher\" content=\"https:\/\/web.facebook.com\/PotenciaRadiofonicaD\" \/>\n<meta property=\"article:published_time\" content=\"2026-03-06T02:12:19+00:00\" \/>\n<meta property=\"og:image\" content=\"https:\/\/potenciaradiofonicadominicana.com\/portal\/wp-content\/uploads\/2026\/03\/USATSI_27713284_168415953_lowres.jpg\" \/>\n\t<meta property=\"og:image:width\" content=\"1280\" \/>\n\t<meta property=\"og:image:height\" content=\"853\" \/>\n\t<meta property=\"og:image:type\" content=\"image\/jpeg\" \/>\n<meta name=\"author\" content=\"Potencia Radiof\u00f3nica Dominicana\" \/>\n<meta name=\"twitter:card\" content=\"summary_large_image\" \/>\n<meta name=\"twitter:label1\" content=\"Escrito por\" \/>\n\t<meta name=\"twitter:data1\" content=\"Potencia Radiof\u00f3nica Dominicana\" \/>\n\t<meta name=\"twitter:label2\" content=\"Tiempo de lectura\" \/>\n\t<meta name=\"twitter:data2\" content=\"2 minutos\" \/>\n<script type=\"application\/ld+json\" class=\"yoast-schema-graph\">{\"@context\":\"https:\/\/schema.org\",\"@graph\":[{\"@type\":\"Article\",\"@id\":\"https:\/\/potenciaradiofonicadominicana.com\/portal\/karl-anthony-towns-nicks-estan-en-buena-posicion\/#article\",\"isPartOf\":{\"@id\":\"https:\/\/potenciaradiofonicadominicana.com\/portal\/karl-anthony-towns-nicks-estan-en-buena-posicion\/\"},\"author\":{\"name\":\"Potencia Radiof\u00f3nica Dominicana\",\"@id\":\"https:\/\/potenciaradiofonicadominicana.com\/portal\/#\/schema\/person\/a5cf1fea13877803ee0573ac18b03490\"},\"headline\":\"Karl-Anthony Towns: \u201cNicks est\u00e1n en buena posici\u00f3n\u201d\",\"datePublished\":\"2026-03-06T02:12:19+00:00\",\"mainEntityOfPage\":{\"@id\":\"https:\/\/potenciaradiofonicadominicana.com\/portal\/karl-anthony-towns-nicks-estan-en-buena-posicion\/\"},\"wordCount\":262,\"publisher\":{\"@id\":\"https:\/\/potenciaradiofonicadominicana.com\/portal\/#organization\"},\"image\":{\"@id\":\"https:\/\/potenciaradiofonicadominicana.com\/portal\/karl-anthony-towns-nicks-estan-en-buena-posicion\/#primaryimage\"},\"thumbnailUrl\":\"https:\/\/potenciaradiofonicadominicana.com\/portal\/wp-content\/uploads\/2026\/03\/USATSI_27713284_168415953_lowres.jpg\",\"articleSection\":[\"Deportes\"],\"inLanguage\":\"es\"},{\"@type\":\"WebPage\",\"@id\":\"https:\/\/potenciaradiofonicadominicana.com\/portal\/karl-anthony-towns-nicks-estan-en-buena-posicion\/\",\"url\":\"https:\/\/potenciaradiofonicadominicana.com\/portal\/karl-anthony-towns-nicks-estan-en-buena-posicion\/\",\"name\":\"Karl-Anthony Towns: \u201cNicks est\u00e1n en buena posici\u00f3n\u201d - PotenciaRadiofonicaDominicana.com\",\"isPartOf\":{\"@id\":\"https:\/\/potenciaradiofonicadominicana.com\/portal\/#website\"},\"primaryImageOfPage\":{\"@id\":\"https:\/\/potenciaradiofonicadominicana.com\/portal\/karl-anthony-towns-nicks-estan-en-buena-posicion\/#primaryimage\"},\"image\":{\"@id\":\"https:\/\/potenciaradiofonicadominicana.com\/portal\/karl-anthony-towns-nicks-estan-en-buena-posicion\/#primaryimage\"},\"thumbnailUrl\":\"https:\/\/potenciaradiofonicadominicana.com\/portal\/wp-content\/uploads\/2026\/03\/USATSI_27713284_168415953_lowres.jpg\",\"datePublished\":\"2026-03-06T02:12:19+00:00\",\"breadcrumb\":{\"@id\":\"https:\/\/potenciaradiofonicadominicana.com\/portal\/karl-anthony-towns-nicks-estan-en-buena-posicion\/#breadcrumb\"},\"inLanguage\":\"es\",\"potentialAction\":[{\"@type\":\"ReadAction\",\"target\":[\"https:\/\/potenciaradiofonicadominicana.com\/portal\/karl-anthony-towns-nicks-estan-en-buena-posicion\/\"]}]},{\"@type\":\"ImageObject\",\"inLanguage\":\"es\",\"@id\":\"https:\/\/potenciaradiofonicadominicana.com\/portal\/karl-anthony-towns-nicks-estan-en-buena-posicion\/#primaryimage\",\"url\":\"https:\/\/potenciaradiofonicadominicana.com\/portal\/wp-content\/uploads\/2026\/03\/USATSI_27713284_168415953_lowres.jpg\",\"contentUrl\":\"https:\/\/potenciaradiofonicadominicana.com\/portal\/wp-content\/uploads\/2026\/03\/USATSI_27713284_168415953_lowres.jpg\",\"width\":1280,\"height\":853,\"caption\":\"Nov 30, 2025; New York, New York, USA; New York Knicks center Karl-Anthony Towns (32) looks to post up against Toronto Raptors forward Sandro Mamukelashvili (54) in the fourth quarter at Madison Square Garden. Mandatory Credit: Wendell Cruz-Imagn Images\"},{\"@type\":\"BreadcrumbList\",\"@id\":\"https:\/\/potenciaradiofonicadominicana.com\/portal\/karl-anthony-towns-nicks-estan-en-buena-posicion\/#breadcrumb\",\"itemListElement\":[{\"@type\":\"ListItem\",\"position\":1,\"name\":\"Portada\",\"item\":\"https:\/\/potenciaradiofonicadominicana.com\/portal\/\"},{\"@type\":\"ListItem\",\"position\":2,\"name\":\"Karl-Anthony Towns: \u201cNicks est\u00e1n en buena posici\u00f3n\u201d\"}]},{\"@type\":\"WebSite\",\"@id\":\"https:\/\/potenciaradiofonicadominicana.com\/portal\/#website\",\"url\":\"https:\/\/potenciaradiofonicadominicana.com\/portal\/\",\"name\":\"PotenciaRadiofonicaDominicana.com\",\"description\":\"Peri\u00f3dico Digital\",\"publisher\":{\"@id\":\"https:\/\/potenciaradiofonicadominicana.com\/portal\/#organization\"},\"potentialAction\":[{\"@type\":\"SearchAction\",\"target\":{\"@type\":\"EntryPoint\",\"urlTemplate\":\"https:\/\/potenciaradiofonicadominicana.com\/portal\/?s={search_term_string}\"},\"query-input\":{\"@type\":\"PropertyValueSpecification\",\"valueRequired\":true,\"valueName\":\"search_term_string\"}}],\"inLanguage\":\"es\"},{\"@type\":\"Organization\",\"@id\":\"https:\/\/potenciaradiofonicadominicana.com\/portal\/#organization\",\"name\":\"PotenciaRadiofonicaDominicana.com\",\"url\":\"https:\/\/potenciaradiofonicadominicana.com\/portal\/\",\"logo\":{\"@type\":\"ImageObject\",\"inLanguage\":\"es\",\"@id\":\"https:\/\/potenciaradiofonicadominicana.com\/portal\/#\/schema\/logo\/image\/\",\"url\":\"https:\/\/potenciaradiofonicadominicana.com\/portal\/wp-content\/uploads\/2022\/01\/descarga.png\",\"contentUrl\":\"https:\/\/potenciaradiofonicadominicana.com\/portal\/wp-content\/uploads\/2022\/01\/descarga.png\",\"width\":300,\"height\":100,\"caption\":\"PotenciaRadiofonicaDominicana.com\"},\"image\":{\"@id\":\"https:\/\/potenciaradiofonicadominicana.com\/portal\/#\/schema\/logo\/image\/\"},\"sameAs\":[\"https:\/\/web.facebook.com\/PotenciaRadiofonicaD\"]},{\"@type\":\"Person\",\"@id\":\"https:\/\/potenciaradiofonicadominicana.com\/portal\/#\/schema\/person\/a5cf1fea13877803ee0573ac18b03490\",\"name\":\"Potencia Radiof\u00f3nica Dominicana\",\"image\":{\"@type\":\"ImageObject\",\"inLanguage\":\"es\",\"@id\":\"https:\/\/potenciaradiofonicadominicana.com\/portal\/#\/schema\/person\/image\/\",\"url\":\"https:\/\/secure.gravatar.com\/avatar\/42a55ab9e8ccc656ba34cd791990602a?s=96&d=mm&r=g\",\"contentUrl\":\"https:\/\/secure.gravatar.com\/avatar\/42a55ab9e8ccc656ba34cd791990602a?s=96&d=mm&r=g\",\"caption\":\"Potencia Radiof\u00f3nica Dominicana\"},\"url\":\"https:\/\/potenciaradiofonicadominicana.com\/portal\/author\/johannyalmanzar\/\"}]}<\/script>\n<!-- \/ Yoast SEO plugin. -->","yoast_head_json":{"title":"Karl-Anthony Towns: \u201cNicks est\u00e1n en buena posici\u00f3n\u201d - PotenciaRadiofonicaDominicana.com","robots":{"index":"index","follow":"follow","max-snippet":"max-snippet:-1","max-image-preview":"max-image-preview:large","max-video-preview":"max-video-preview:-1"},"canonical":"https:\/\/potenciaradiofonicadominicana.com\/portal\/karl-anthony-towns-nicks-estan-en-buena-posicion\/","og_locale":"es_ES","og_type":"article","og_title":"Karl-Anthony Towns: \u201cNicks est\u00e1n en buena posici\u00f3n\u201d - PotenciaRadiofonicaDominicana.com","og_description":"Nueva York.-Los New York Knicks son uno de los mejores equipos de la Conferencia Este. Antes incluso de que comenzara ...","og_url":"https:\/\/potenciaradiofonicadominicana.com\/portal\/karl-anthony-towns-nicks-estan-en-buena-posicion\/","og_site_name":"PotenciaRadiofonicaDominicana.com","article_publisher":"https:\/\/web.facebook.com\/PotenciaRadiofonicaD","article_published_time":"2026-03-06T02:12:19+00:00","og_image":[{"width":1280,"height":853,"url":"https:\/\/potenciaradiofonicadominicana.com\/portal\/wp-content\/uploads\/2026\/03\/USATSI_27713284_168415953_lowres.jpg","type":"image\/jpeg"}],"author":"Potencia Radiof\u00f3nica Dominicana","twitter_card":"summary_large_image","twitter_misc":{"Escrito por":"Potencia Radiof\u00f3nica Dominicana","Tiempo de lectura":"2 minutos"},"schema":{"@context":"https:\/\/schema.org","@graph":[{"@type":"Article","@id":"https:\/\/potenciaradiofonicadominicana.com\/portal\/karl-anthony-towns-nicks-estan-en-buena-posicion\/#article","isPartOf":{"@id":"https:\/\/potenciaradiofonicadominicana.com\/portal\/karl-anthony-towns-nicks-estan-en-buena-posicion\/"},"author":{"name":"Potencia Radiof\u00f3nica Dominicana","@id":"https:\/\/potenciaradiofonicadominicana.com\/portal\/#\/schema\/person\/a5cf1fea13877803ee0573ac18b03490"},"headline":"Karl-Anthony Towns: \u201cNicks est\u00e1n en buena posici\u00f3n\u201d","datePublished":"2026-03-06T02:12:19+00:00","mainEntityOfPage":{"@id":"https:\/\/potenciaradiofonicadominicana.com\/portal\/karl-anthony-towns-nicks-estan-en-buena-posicion\/"},"wordCount":262,"publisher":{"@id":"https:\/\/potenciaradiofonicadominicana.com\/portal\/#organization"},"image":{"@id":"https:\/\/potenciaradiofonicadominicana.com\/portal\/karl-anthony-towns-nicks-estan-en-buena-posicion\/#primaryimage"},"thumbnailUrl":"https:\/\/potenciaradiofonicadominicana.com\/portal\/wp-content\/uploads\/2026\/03\/USATSI_27713284_168415953_lowres.jpg","articleSection":["Deportes"],"inLanguage":"es"},{"@type":"WebPage","@id":"https:\/\/potenciaradiofonicadominicana.com\/portal\/karl-anthony-towns-nicks-estan-en-buena-posicion\/","url":"https:\/\/potenciaradiofonicadominicana.com\/portal\/karl-anthony-towns-nicks-estan-en-buena-posicion\/","name":"Karl-Anthony Towns: \u201cNicks est\u00e1n en buena posici\u00f3n\u201d - PotenciaRadiofonicaDominicana.com","isPartOf":{"@id":"https:\/\/potenciaradiofonicadominicana.com\/portal\/#website"},"primaryImageOfPage":{"@id":"https:\/\/potenciaradiofonicadominicana.com\/portal\/karl-anthony-towns-nicks-estan-en-buena-posicion\/#primaryimage"},"image":{"@id":"https:\/\/potenciaradiofonicadominicana.com\/portal\/karl-anthony-towns-nicks-estan-en-buena-posicion\/#primaryimage"},"thumbnailUrl":"https:\/\/potenciaradiofonicadominicana.com\/portal\/wp-content\/uploads\/2026\/03\/USATSI_27713284_168415953_lowres.jpg","datePublished":"2026-03-06T02:12:19+00:00","breadcrumb":{"@id":"https:\/\/potenciaradiofonicadominicana.com\/portal\/karl-anthony-towns-nicks-estan-en-buena-posicion\/#breadcrumb"},"inLanguage":"es","potentialAction":[{"@type":"ReadAction","target":["https:\/\/potenciaradiofonicadominicana.com\/portal\/karl-anthony-towns-nicks-estan-en-buena-posicion\/"]}]},{"@type":"ImageObject","inLanguage":"es","@id":"https:\/\/potenciaradiofonicadominicana.com\/portal\/karl-anthony-towns-nicks-estan-en-buena-posicion\/#primaryimage","url":"https:\/\/potenciaradiofonicadominicana.com\/portal\/wp-content\/uploads\/2026\/03\/USATSI_27713284_168415953_lowres.jpg","contentUrl":"https:\/\/potenciaradiofonicadominicana.com\/portal\/wp-content\/uploads\/2026\/03\/USATSI_27713284_168415953_lowres.jpg","width":1280,"height":853,"caption":"Nov 30, 2025; New York, New York, USA; New York Knicks center Karl-Anthony Towns (32) looks to post up against Toronto Raptors forward Sandro Mamukelashvili (54) in the fourth quarter at Madison Square Garden. Mandatory Credit: Wendell Cruz-Imagn Images"},{"@type":"BreadcrumbList","@id":"https:\/\/potenciaradiofonicadominicana.com\/portal\/karl-anthony-towns-nicks-estan-en-buena-posicion\/#breadcrumb","itemListElement":[{"@type":"ListItem","position":1,"name":"Portada","item":"https:\/\/potenciaradiofonicadominicana.com\/portal\/"},{"@type":"ListItem","position":2,"name":"Karl-Anthony Towns: \u201cNicks est\u00e1n en buena posici\u00f3n\u201d"}]},{"@type":"WebSite","@id":"https:\/\/potenciaradiofonicadominicana.com\/portal\/#website","url":"https:\/\/potenciaradiofonicadominicana.com\/portal\/","name":"PotenciaRadiofonicaDominicana.com","description":"Peri\u00f3dico Digital","publisher":{"@id":"https:\/\/potenciaradiofonicadominicana.com\/portal\/#organization"},"potentialAction":[{"@type":"SearchAction","target":{"@type":"EntryPoint","urlTemplate":"https:\/\/potenciaradiofonicadominicana.com\/portal\/?s={search_term_string}"},"query-input":{"@type":"PropertyValueSpecification","valueRequired":true,"valueName":"search_term_string"}}],"inLanguage":"es"},{"@type":"Organization","@id":"https:\/\/potenciaradiofonicadominicana.com\/portal\/#organization","name":"PotenciaRadiofonicaDominicana.com","url":"https:\/\/potenciaradiofonicadominicana.com\/portal\/","logo":{"@type":"ImageObject","inLanguage":"es","@id":"https:\/\/potenciaradiofonicadominicana.com\/portal\/#\/schema\/logo\/image\/","url":"https:\/\/potenciaradiofonicadominicana.com\/portal\/wp-content\/uploads\/2022\/01\/descarga.png","contentUrl":"https:\/\/potenciaradiofonicadominicana.com\/portal\/wp-content\/uploads\/2022\/01\/descarga.png","width":300,"height":100,"caption":"PotenciaRadiofonicaDominicana.com"},"image":{"@id":"https:\/\/potenciaradiofonicadominicana.com\/portal\/#\/schema\/logo\/image\/"},"sameAs":["https:\/\/web.facebook.com\/PotenciaRadiofonicaD"]},{"@type":"Person","@id":"https:\/\/potenciaradiofonicadominicana.com\/portal\/#\/schema\/person\/a5cf1fea13877803ee0573ac18b03490","name":"Potencia Radiof\u00f3nica Dominicana","image":{"@type":"ImageObject","inLanguage":"es","@id":"https:\/\/potenciaradiofonicadominicana.com\/portal\/#\/schema\/person\/image\/","url":"https:\/\/secure.gravatar.com\/avatar\/42a55ab9e8ccc656ba34cd791990602a?s=96&d=mm&r=g","contentUrl":"https:\/\/secure.gravatar.com\/avatar\/42a55ab9e8ccc656ba34cd791990602a?s=96&d=mm&r=g","caption":"Potencia Radiof\u00f3nica Dominicana"},"url":"https:\/\/potenciaradiofonicadominicana.com\/portal\/author\/johannyalmanzar\/"}]}},"_links":{"self":[{"href":"https:\/\/potenciaradiofonicadominicana.com\/portal\/wp-json\/wp\/v2\/posts\/212674","targetHints":{"allow":["GET"]}}],"collection":[{"href":"https:\/\/potenciaradiofonicadominicana.com\/portal\/wp-json\/wp\/v2\/posts"}],"about":[{"href":"https:\/\/potenciaradiofonicadominicana.com\/portal\/wp-json\/wp\/v2\/types\/post"}],"author":[{"embeddable":true,"href":"https:\/\/potenciaradiofonicadominicana.com\/portal\/wp-json\/wp\/v2\/users\/2"}],"replies":[{"embeddable":true,"href":"https:\/\/potenciaradiofonicadominicana.com\/portal\/wp-json\/wp\/v2\/comments?post=212674"}],"version-history":[{"count":1,"href":"https:\/\/potenciaradiofonicadominicana.com\/portal\/wp-json\/wp\/v2\/posts\/212674\/revisions"}],"predecessor-version":[{"id":212676,"href":"https:\/\/potenciaradiofonicadominicana.com\/portal\/wp-json\/wp\/v2\/posts\/212674\/revisions\/212676"}],"wp:featuredmedia":[{"embeddable":true,"href":"https:\/\/potenciaradiofonicadominicana.com\/portal\/wp-json\/wp\/v2\/media\/212675"}],"wp:attachment":[{"href":"https:\/\/potenciaradiofonicadominicana.com\/portal\/wp-json\/wp\/v2\/media?parent=212674"}],"wp:term":[{"taxonomy":"category","embeddable":true,"href":"https:\/\/potenciaradiofonicadominicana.com\/portal\/wp-json\/wp\/v2\/categories?post=212674"},{"taxonomy":"post_tag","embeddable":true,"href":"https:\/\/potenciaradiofonicadominicana.com\/portal\/wp-json\/wp\/v2\/tags?post=212674"}],"curies":[{"name":"wp","href":"https:\/\/api.w.org\/{rel}","templated":true}]}}