{"id":212667,"date":"2026-03-05T22:08:23","date_gmt":"2026-03-06T02:08:23","guid":{"rendered":"https:\/\/potenciaradiofonicadominicana.com\/portal\/?p=212667"},"modified":"2026-03-05T22:08:23","modified_gmt":"2026-03-06T02:08:23","slug":"erick-gonzalez-entre-los-posibles-sustitutos-de-jeremy-pena","status":"publish","type":"post","link":"https:\/\/potenciaradiofonicadominicana.com\/portal\/erick-gonzalez-entre-los-posibles-sustitutos-de-jeremy-pena\/","title":{"rendered":"Erick Gonz\u00e1lez entre los posibles sustitutos de Jeremy Pe\u00f1a"},"content":{"rendered":"<p><a href=\"https:\/\/potenciaradiofonicadominicana.com\/portal\/wp-content\/uploads\/2026\/03\/erik-gonzalez-gano-el-mvp-de-la-temporada-regular-de-lidom.webp\"><img loading=\"lazy\" decoding=\"async\" class=\"alignnone size-full wp-image-212669\" src=\"https:\/\/potenciaradiofonicadominicana.com\/portal\/wp-content\/uploads\/2026\/03\/erik-gonzalez-gano-el-mvp-de-la-temporada-regular-de-lidom.webp\" alt=\"\" width=\"2000\" height=\"1328\" srcset=\"https:\/\/potenciaradiofonicadominicana.com\/portal\/wp-content\/uploads\/2026\/03\/erik-gonzalez-gano-el-mvp-de-la-temporada-regular-de-lidom.webp 2000w, https:\/\/potenciaradiofonicadominicana.com\/portal\/wp-content\/uploads\/2026\/03\/erik-gonzalez-gano-el-mvp-de-la-temporada-regular-de-lidom-300x199.webp 300w, https:\/\/potenciaradiofonicadominicana.com\/portal\/wp-content\/uploads\/2026\/03\/erik-gonzalez-gano-el-mvp-de-la-temporada-regular-de-lidom-1024x680.webp 1024w, https:\/\/potenciaradiofonicadominicana.com\/portal\/wp-content\/uploads\/2026\/03\/erik-gonzalez-gano-el-mvp-de-la-temporada-regular-de-lidom-768x510.webp 768w, https:\/\/potenciaradiofonicadominicana.com\/portal\/wp-content\/uploads\/2026\/03\/erik-gonzalez-gano-el-mvp-de-la-temporada-regular-de-lidom-1536x1020.webp 1536w\" sizes=\"auto, (max-width: 2000px) 100vw, 2000px\" \/><\/a><\/p>\n<p>El gerente general del equipo dominicano, Nelson Cruz, inform\u00f3 que hacen los movimientos necesarios para buscar el sustituto de Jeremy Pe\u00f1a, quien sale del equipo por una lesi\u00f3n en su mano derecha.<\/p>\n<p>\u00abTengo unas horas haciendo llamadas y haciendo los movimientos para que ese jugador est\u00e9 aqu\u00ed ma\u00f1ana (viernes) Dios mediante. Erick Gonz\u00e1lez est\u00e1 dentro de los planes, tenemos varias opciones, hasta que no se concreticen y hay muchos pasos que seguir para que eso se apruebe, pero s\u00ed Erick Gonz\u00e1lez est\u00e1 entre esas opciones\u00bb, expres\u00f3 Nelson durante la rueda de prensa durante los entrenamientos del equipo criollo este jueves en el LoanDepot Park, de Miami.<\/p>\n<p>Nelson Cruz y Albert Pujols durante la rueda de prensa este jueves en el LoanDepot Park<br \/>\nPe\u00f1a sufri\u00f3 la lesi\u00f3n durante el juego de exhibici\u00f3n del mi\u00e9rcoles ante los Tigres de Detroit en Santo Domingo, y fue retirado luego de tres entradas. Se dijo que la pelota golpe\u00f3 la u\u00f1a de Pe\u00f1a, causando algo de sangre que lo mantendr\u00e1 fuera de juego, al menos, dos semanas.<\/p>\n<p>Adem\u00e1s de Nelson, el dirigente Albert Pujols resalt\u00f3 la buena vibra del equipo de cara al primero partido de dominicana este viernes ante Nicaragua.<\/p>\n<p>\u00bb Aqu\u00ed no estamos comparando en Cl\u00e1sico pasado, aqu\u00ed estamos tratando de hacer el mejor trabajo y en el 2013 se hizo un trabajo y mi trabajo ahora es tratar de escribir nuestra historia. Nosotros estamos preparados para ma\u00f1ana tratar de ganar el juego como sea\u00bb, expres\u00f3 Pujols.<\/p>\n","protected":false},"excerpt":{"rendered":"<p>El gerente general del equipo dominicano, Nelson Cruz, inform\u00f3 que hacen los movimientos necesarios para buscar el sustituto de Jeremy &#8230;<\/p>\n","protected":false},"author":2,"featured_media":212669,"comment_status":"closed","ping_status":"closed","sticky":false,"template":"","format":"standard","meta":{"footnotes":""},"categories":[28],"tags":[],"class_list":["post-212667","post","type-post","status-publish","format-standard","has-post-thumbnail","hentry","category-deportes"],"yoast_head":"<!-- This site is optimized with the Yoast SEO plugin v24.8.1 - https:\/\/yoast.com\/wordpress\/plugins\/seo\/ -->\n<title>Erick Gonz\u00e1lez entre los posibles sustitutos de Jeremy Pe\u00f1a - PotenciaRadiofonicaDominicana.com<\/title>\n<meta name=\"robots\" content=\"index, follow, max-snippet:-1, max-image-preview:large, max-video-preview:-1\" \/>\n<link rel=\"canonical\" href=\"https:\/\/potenciaradiofonicadominicana.com\/portal\/erick-gonzalez-entre-los-posibles-sustitutos-de-jeremy-pena\/\" \/>\n<meta property=\"og:locale\" content=\"es_ES\" \/>\n<meta property=\"og:type\" content=\"article\" \/>\n<meta property=\"og:title\" content=\"Erick Gonz\u00e1lez entre los posibles sustitutos de Jeremy Pe\u00f1a - PotenciaRadiofonicaDominicana.com\" \/>\n<meta property=\"og:description\" content=\"El gerente general del equipo dominicano, Nelson Cruz, inform\u00f3 que hacen los movimientos necesarios para buscar el sustituto de Jeremy ...\" \/>\n<meta property=\"og:url\" content=\"https:\/\/potenciaradiofonicadominicana.com\/portal\/erick-gonzalez-entre-los-posibles-sustitutos-de-jeremy-pena\/\" \/>\n<meta property=\"og:site_name\" content=\"PotenciaRadiofonicaDominicana.com\" \/>\n<meta property=\"article:publisher\" content=\"https:\/\/web.facebook.com\/PotenciaRadiofonicaD\" \/>\n<meta property=\"article:published_time\" content=\"2026-03-06T02:08:23+00:00\" \/>\n<meta property=\"og:image\" content=\"https:\/\/potenciaradiofonicadominicana.com\/portal\/wp-content\/uploads\/2026\/03\/erik-gonzalez-gano-el-mvp-de-la-temporada-regular-de-lidom.webp\" \/>\n\t<meta property=\"og:image:width\" content=\"2000\" \/>\n\t<meta property=\"og:image:height\" content=\"1328\" \/>\n\t<meta property=\"og:image:type\" content=\"image\/webp\" \/>\n<meta name=\"author\" content=\"Potencia Radiof\u00f3nica Dominicana\" \/>\n<meta name=\"twitter:card\" content=\"summary_large_image\" \/>\n<meta name=\"twitter:label1\" content=\"Escrito por\" \/>\n\t<meta name=\"twitter:data1\" content=\"Potencia Radiof\u00f3nica Dominicana\" \/>\n\t<meta name=\"twitter:label2\" content=\"Tiempo de lectura\" \/>\n\t<meta name=\"twitter:data2\" content=\"2 minutos\" \/>\n<script type=\"application\/ld+json\" class=\"yoast-schema-graph\">{\"@context\":\"https:\/\/schema.org\",\"@graph\":[{\"@type\":\"Article\",\"@id\":\"https:\/\/potenciaradiofonicadominicana.com\/portal\/erick-gonzalez-entre-los-posibles-sustitutos-de-jeremy-pena\/#article\",\"isPartOf\":{\"@id\":\"https:\/\/potenciaradiofonicadominicana.com\/portal\/erick-gonzalez-entre-los-posibles-sustitutos-de-jeremy-pena\/\"},\"author\":{\"name\":\"Potencia Radiof\u00f3nica Dominicana\",\"@id\":\"https:\/\/potenciaradiofonicadominicana.com\/portal\/#\/schema\/person\/a5cf1fea13877803ee0573ac18b03490\"},\"headline\":\"Erick Gonz\u00e1lez entre los posibles sustitutos de Jeremy Pe\u00f1a\",\"datePublished\":\"2026-03-06T02:08:23+00:00\",\"mainEntityOfPage\":{\"@id\":\"https:\/\/potenciaradiofonicadominicana.com\/portal\/erick-gonzalez-entre-los-posibles-sustitutos-de-jeremy-pena\/\"},\"wordCount\":267,\"publisher\":{\"@id\":\"https:\/\/potenciaradiofonicadominicana.com\/portal\/#organization\"},\"image\":{\"@id\":\"https:\/\/potenciaradiofonicadominicana.com\/portal\/erick-gonzalez-entre-los-posibles-sustitutos-de-jeremy-pena\/#primaryimage\"},\"thumbnailUrl\":\"https:\/\/potenciaradiofonicadominicana.com\/portal\/wp-content\/uploads\/2026\/03\/erik-gonzalez-gano-el-mvp-de-la-temporada-regular-de-lidom.webp\",\"articleSection\":[\"Deportes\"],\"inLanguage\":\"es\"},{\"@type\":\"WebPage\",\"@id\":\"https:\/\/potenciaradiofonicadominicana.com\/portal\/erick-gonzalez-entre-los-posibles-sustitutos-de-jeremy-pena\/\",\"url\":\"https:\/\/potenciaradiofonicadominicana.com\/portal\/erick-gonzalez-entre-los-posibles-sustitutos-de-jeremy-pena\/\",\"name\":\"Erick Gonz\u00e1lez entre los posibles sustitutos de Jeremy Pe\u00f1a - PotenciaRadiofonicaDominicana.com\",\"isPartOf\":{\"@id\":\"https:\/\/potenciaradiofonicadominicana.com\/portal\/#website\"},\"primaryImageOfPage\":{\"@id\":\"https:\/\/potenciaradiofonicadominicana.com\/portal\/erick-gonzalez-entre-los-posibles-sustitutos-de-jeremy-pena\/#primaryimage\"},\"image\":{\"@id\":\"https:\/\/potenciaradiofonicadominicana.com\/portal\/erick-gonzalez-entre-los-posibles-sustitutos-de-jeremy-pena\/#primaryimage\"},\"thumbnailUrl\":\"https:\/\/potenciaradiofonicadominicana.com\/portal\/wp-content\/uploads\/2026\/03\/erik-gonzalez-gano-el-mvp-de-la-temporada-regular-de-lidom.webp\",\"datePublished\":\"2026-03-06T02:08:23+00:00\",\"breadcrumb\":{\"@id\":\"https:\/\/potenciaradiofonicadominicana.com\/portal\/erick-gonzalez-entre-los-posibles-sustitutos-de-jeremy-pena\/#breadcrumb\"},\"inLanguage\":\"es\",\"potentialAction\":[{\"@type\":\"ReadAction\",\"target\":[\"https:\/\/potenciaradiofonicadominicana.com\/portal\/erick-gonzalez-entre-los-posibles-sustitutos-de-jeremy-pena\/\"]}]},{\"@type\":\"ImageObject\",\"inLanguage\":\"es\",\"@id\":\"https:\/\/potenciaradiofonicadominicana.com\/portal\/erick-gonzalez-entre-los-posibles-sustitutos-de-jeremy-pena\/#primaryimage\",\"url\":\"https:\/\/potenciaradiofonicadominicana.com\/portal\/wp-content\/uploads\/2026\/03\/erik-gonzalez-gano-el-mvp-de-la-temporada-regular-de-lidom.webp\",\"contentUrl\":\"https:\/\/potenciaradiofonicadominicana.com\/portal\/wp-content\/uploads\/2026\/03\/erik-gonzalez-gano-el-mvp-de-la-temporada-regular-de-lidom.webp\",\"width\":2000,\"height\":1328},{\"@type\":\"BreadcrumbList\",\"@id\":\"https:\/\/potenciaradiofonicadominicana.com\/portal\/erick-gonzalez-entre-los-posibles-sustitutos-de-jeremy-pena\/#breadcrumb\",\"itemListElement\":[{\"@type\":\"ListItem\",\"position\":1,\"name\":\"Portada\",\"item\":\"https:\/\/potenciaradiofonicadominicana.com\/portal\/\"},{\"@type\":\"ListItem\",\"position\":2,\"name\":\"Erick Gonz\u00e1lez entre los posibles sustitutos de Jeremy Pe\u00f1a\"}]},{\"@type\":\"WebSite\",\"@id\":\"https:\/\/potenciaradiofonicadominicana.com\/portal\/#website\",\"url\":\"https:\/\/potenciaradiofonicadominicana.com\/portal\/\",\"name\":\"PotenciaRadiofonicaDominicana.com\",\"description\":\"Peri\u00f3dico Digital\",\"publisher\":{\"@id\":\"https:\/\/potenciaradiofonicadominicana.com\/portal\/#organization\"},\"potentialAction\":[{\"@type\":\"SearchAction\",\"target\":{\"@type\":\"EntryPoint\",\"urlTemplate\":\"https:\/\/potenciaradiofonicadominicana.com\/portal\/?s={search_term_string}\"},\"query-input\":{\"@type\":\"PropertyValueSpecification\",\"valueRequired\":true,\"valueName\":\"search_term_string\"}}],\"inLanguage\":\"es\"},{\"@type\":\"Organization\",\"@id\":\"https:\/\/potenciaradiofonicadominicana.com\/portal\/#organization\",\"name\":\"PotenciaRadiofonicaDominicana.com\",\"url\":\"https:\/\/potenciaradiofonicadominicana.com\/portal\/\",\"logo\":{\"@type\":\"ImageObject\",\"inLanguage\":\"es\",\"@id\":\"https:\/\/potenciaradiofonicadominicana.com\/portal\/#\/schema\/logo\/image\/\",\"url\":\"https:\/\/potenciaradiofonicadominicana.com\/portal\/wp-content\/uploads\/2022\/01\/descarga.png\",\"contentUrl\":\"https:\/\/potenciaradiofonicadominicana.com\/portal\/wp-content\/uploads\/2022\/01\/descarga.png\",\"width\":300,\"height\":100,\"caption\":\"PotenciaRadiofonicaDominicana.com\"},\"image\":{\"@id\":\"https:\/\/potenciaradiofonicadominicana.com\/portal\/#\/schema\/logo\/image\/\"},\"sameAs\":[\"https:\/\/web.facebook.com\/PotenciaRadiofonicaD\"]},{\"@type\":\"Person\",\"@id\":\"https:\/\/potenciaradiofonicadominicana.com\/portal\/#\/schema\/person\/a5cf1fea13877803ee0573ac18b03490\",\"name\":\"Potencia Radiof\u00f3nica Dominicana\",\"image\":{\"@type\":\"ImageObject\",\"inLanguage\":\"es\",\"@id\":\"https:\/\/potenciaradiofonicadominicana.com\/portal\/#\/schema\/person\/image\/\",\"url\":\"https:\/\/secure.gravatar.com\/avatar\/42a55ab9e8ccc656ba34cd791990602a?s=96&d=mm&r=g\",\"contentUrl\":\"https:\/\/secure.gravatar.com\/avatar\/42a55ab9e8ccc656ba34cd791990602a?s=96&d=mm&r=g\",\"caption\":\"Potencia Radiof\u00f3nica Dominicana\"},\"url\":\"https:\/\/potenciaradiofonicadominicana.com\/portal\/author\/johannyalmanzar\/\"}]}<\/script>\n<!-- \/ Yoast SEO plugin. -->","yoast_head_json":{"title":"Erick Gonz\u00e1lez entre los posibles sustitutos de Jeremy Pe\u00f1a - PotenciaRadiofonicaDominicana.com","robots":{"index":"index","follow":"follow","max-snippet":"max-snippet:-1","max-image-preview":"max-image-preview:large","max-video-preview":"max-video-preview:-1"},"canonical":"https:\/\/potenciaradiofonicadominicana.com\/portal\/erick-gonzalez-entre-los-posibles-sustitutos-de-jeremy-pena\/","og_locale":"es_ES","og_type":"article","og_title":"Erick Gonz\u00e1lez entre los posibles sustitutos de Jeremy Pe\u00f1a - PotenciaRadiofonicaDominicana.com","og_description":"El gerente general del equipo dominicano, Nelson Cruz, inform\u00f3 que hacen los movimientos necesarios para buscar el sustituto de Jeremy ...","og_url":"https:\/\/potenciaradiofonicadominicana.com\/portal\/erick-gonzalez-entre-los-posibles-sustitutos-de-jeremy-pena\/","og_site_name":"PotenciaRadiofonicaDominicana.com","article_publisher":"https:\/\/web.facebook.com\/PotenciaRadiofonicaD","article_published_time":"2026-03-06T02:08:23+00:00","og_image":[{"width":2000,"height":1328,"url":"https:\/\/potenciaradiofonicadominicana.com\/portal\/wp-content\/uploads\/2026\/03\/erik-gonzalez-gano-el-mvp-de-la-temporada-regular-de-lidom.webp","type":"image\/webp"}],"author":"Potencia Radiof\u00f3nica Dominicana","twitter_card":"summary_large_image","twitter_misc":{"Escrito por":"Potencia Radiof\u00f3nica Dominicana","Tiempo de lectura":"2 minutos"},"schema":{"@context":"https:\/\/schema.org","@graph":[{"@type":"Article","@id":"https:\/\/potenciaradiofonicadominicana.com\/portal\/erick-gonzalez-entre-los-posibles-sustitutos-de-jeremy-pena\/#article","isPartOf":{"@id":"https:\/\/potenciaradiofonicadominicana.com\/portal\/erick-gonzalez-entre-los-posibles-sustitutos-de-jeremy-pena\/"},"author":{"name":"Potencia Radiof\u00f3nica Dominicana","@id":"https:\/\/potenciaradiofonicadominicana.com\/portal\/#\/schema\/person\/a5cf1fea13877803ee0573ac18b03490"},"headline":"Erick Gonz\u00e1lez entre los posibles sustitutos de Jeremy Pe\u00f1a","datePublished":"2026-03-06T02:08:23+00:00","mainEntityOfPage":{"@id":"https:\/\/potenciaradiofonicadominicana.com\/portal\/erick-gonzalez-entre-los-posibles-sustitutos-de-jeremy-pena\/"},"wordCount":267,"publisher":{"@id":"https:\/\/potenciaradiofonicadominicana.com\/portal\/#organization"},"image":{"@id":"https:\/\/potenciaradiofonicadominicana.com\/portal\/erick-gonzalez-entre-los-posibles-sustitutos-de-jeremy-pena\/#primaryimage"},"thumbnailUrl":"https:\/\/potenciaradiofonicadominicana.com\/portal\/wp-content\/uploads\/2026\/03\/erik-gonzalez-gano-el-mvp-de-la-temporada-regular-de-lidom.webp","articleSection":["Deportes"],"inLanguage":"es"},{"@type":"WebPage","@id":"https:\/\/potenciaradiofonicadominicana.com\/portal\/erick-gonzalez-entre-los-posibles-sustitutos-de-jeremy-pena\/","url":"https:\/\/potenciaradiofonicadominicana.com\/portal\/erick-gonzalez-entre-los-posibles-sustitutos-de-jeremy-pena\/","name":"Erick Gonz\u00e1lez entre los posibles sustitutos de Jeremy Pe\u00f1a - PotenciaRadiofonicaDominicana.com","isPartOf":{"@id":"https:\/\/potenciaradiofonicadominicana.com\/portal\/#website"},"primaryImageOfPage":{"@id":"https:\/\/potenciaradiofonicadominicana.com\/portal\/erick-gonzalez-entre-los-posibles-sustitutos-de-jeremy-pena\/#primaryimage"},"image":{"@id":"https:\/\/potenciaradiofonicadominicana.com\/portal\/erick-gonzalez-entre-los-posibles-sustitutos-de-jeremy-pena\/#primaryimage"},"thumbnailUrl":"https:\/\/potenciaradiofonicadominicana.com\/portal\/wp-content\/uploads\/2026\/03\/erik-gonzalez-gano-el-mvp-de-la-temporada-regular-de-lidom.webp","datePublished":"2026-03-06T02:08:23+00:00","breadcrumb":{"@id":"https:\/\/potenciaradiofonicadominicana.com\/portal\/erick-gonzalez-entre-los-posibles-sustitutos-de-jeremy-pena\/#breadcrumb"},"inLanguage":"es","potentialAction":[{"@type":"ReadAction","target":["https:\/\/potenciaradiofonicadominicana.com\/portal\/erick-gonzalez-entre-los-posibles-sustitutos-de-jeremy-pena\/"]}]},{"@type":"ImageObject","inLanguage":"es","@id":"https:\/\/potenciaradiofonicadominicana.com\/portal\/erick-gonzalez-entre-los-posibles-sustitutos-de-jeremy-pena\/#primaryimage","url":"https:\/\/potenciaradiofonicadominicana.com\/portal\/wp-content\/uploads\/2026\/03\/erik-gonzalez-gano-el-mvp-de-la-temporada-regular-de-lidom.webp","contentUrl":"https:\/\/potenciaradiofonicadominicana.com\/portal\/wp-content\/uploads\/2026\/03\/erik-gonzalez-gano-el-mvp-de-la-temporada-regular-de-lidom.webp","width":2000,"height":1328},{"@type":"BreadcrumbList","@id":"https:\/\/potenciaradiofonicadominicana.com\/portal\/erick-gonzalez-entre-los-posibles-sustitutos-de-jeremy-pena\/#breadcrumb","itemListElement":[{"@type":"ListItem","position":1,"name":"Portada","item":"https:\/\/potenciaradiofonicadominicana.com\/portal\/"},{"@type":"ListItem","position":2,"name":"Erick Gonz\u00e1lez entre los posibles sustitutos de Jeremy Pe\u00f1a"}]},{"@type":"WebSite","@id":"https:\/\/potenciaradiofonicadominicana.com\/portal\/#website","url":"https:\/\/potenciaradiofonicadominicana.com\/portal\/","name":"PotenciaRadiofonicaDominicana.com","description":"Peri\u00f3dico Digital","publisher":{"@id":"https:\/\/potenciaradiofonicadominicana.com\/portal\/#organization"},"potentialAction":[{"@type":"SearchAction","target":{"@type":"EntryPoint","urlTemplate":"https:\/\/potenciaradiofonicadominicana.com\/portal\/?s={search_term_string}"},"query-input":{"@type":"PropertyValueSpecification","valueRequired":true,"valueName":"search_term_string"}}],"inLanguage":"es"},{"@type":"Organization","@id":"https:\/\/potenciaradiofonicadominicana.com\/portal\/#organization","name":"PotenciaRadiofonicaDominicana.com","url":"https:\/\/potenciaradiofonicadominicana.com\/portal\/","logo":{"@type":"ImageObject","inLanguage":"es","@id":"https:\/\/potenciaradiofonicadominicana.com\/portal\/#\/schema\/logo\/image\/","url":"https:\/\/potenciaradiofonicadominicana.com\/portal\/wp-content\/uploads\/2022\/01\/descarga.png","contentUrl":"https:\/\/potenciaradiofonicadominicana.com\/portal\/wp-content\/uploads\/2022\/01\/descarga.png","width":300,"height":100,"caption":"PotenciaRadiofonicaDominicana.com"},"image":{"@id":"https:\/\/potenciaradiofonicadominicana.com\/portal\/#\/schema\/logo\/image\/"},"sameAs":["https:\/\/web.facebook.com\/PotenciaRadiofonicaD"]},{"@type":"Person","@id":"https:\/\/potenciaradiofonicadominicana.com\/portal\/#\/schema\/person\/a5cf1fea13877803ee0573ac18b03490","name":"Potencia Radiof\u00f3nica Dominicana","image":{"@type":"ImageObject","inLanguage":"es","@id":"https:\/\/potenciaradiofonicadominicana.com\/portal\/#\/schema\/person\/image\/","url":"https:\/\/secure.gravatar.com\/avatar\/42a55ab9e8ccc656ba34cd791990602a?s=96&d=mm&r=g","contentUrl":"https:\/\/secure.gravatar.com\/avatar\/42a55ab9e8ccc656ba34cd791990602a?s=96&d=mm&r=g","caption":"Potencia Radiof\u00f3nica Dominicana"},"url":"https:\/\/potenciaradiofonicadominicana.com\/portal\/author\/johannyalmanzar\/"}]}},"_links":{"self":[{"href":"https:\/\/potenciaradiofonicadominicana.com\/portal\/wp-json\/wp\/v2\/posts\/212667","targetHints":{"allow":["GET"]}}],"collection":[{"href":"https:\/\/potenciaradiofonicadominicana.com\/portal\/wp-json\/wp\/v2\/posts"}],"about":[{"href":"https:\/\/potenciaradiofonicadominicana.com\/portal\/wp-json\/wp\/v2\/types\/post"}],"author":[{"embeddable":true,"href":"https:\/\/potenciaradiofonicadominicana.com\/portal\/wp-json\/wp\/v2\/users\/2"}],"replies":[{"embeddable":true,"href":"https:\/\/potenciaradiofonicadominicana.com\/portal\/wp-json\/wp\/v2\/comments?post=212667"}],"version-history":[{"count":1,"href":"https:\/\/potenciaradiofonicadominicana.com\/portal\/wp-json\/wp\/v2\/posts\/212667\/revisions"}],"predecessor-version":[{"id":212670,"href":"https:\/\/potenciaradiofonicadominicana.com\/portal\/wp-json\/wp\/v2\/posts\/212667\/revisions\/212670"}],"wp:featuredmedia":[{"embeddable":true,"href":"https:\/\/potenciaradiofonicadominicana.com\/portal\/wp-json\/wp\/v2\/media\/212669"}],"wp:attachment":[{"href":"https:\/\/potenciaradiofonicadominicana.com\/portal\/wp-json\/wp\/v2\/media?parent=212667"}],"wp:term":[{"taxonomy":"category","embeddable":true,"href":"https:\/\/potenciaradiofonicadominicana.com\/portal\/wp-json\/wp\/v2\/categories?post=212667"},{"taxonomy":"post_tag","embeddable":true,"href":"https:\/\/potenciaradiofonicadominicana.com\/portal\/wp-json\/wp\/v2\/tags?post=212667"}],"curies":[{"name":"wp","href":"https:\/\/api.w.org\/{rel}","templated":true}]}}