{"id":212498,"date":"2026-03-03T21:14:09","date_gmt":"2026-03-04T01:14:09","guid":{"rendered":"https:\/\/potenciaradiofonicadominicana.com\/portal\/?p=212498"},"modified":"2026-03-03T21:14:09","modified_gmt":"2026-03-04T01:14:09","slug":"josh-hart-se-mantiene-confiado-en-su-lance-de-tres-puntos","status":"publish","type":"post","link":"https:\/\/potenciaradiofonicadominicana.com\/portal\/josh-hart-se-mantiene-confiado-en-su-lance-de-tres-puntos\/","title":{"rendered":"Josh Hart se mantiene confiado en su lance de tres puntos"},"content":{"rendered":"<p><a href=\"https:\/\/potenciaradiofonicadominicana.com\/portal\/wp-content\/uploads\/2026\/03\/josh-hart_h98ixnfwvbxa136w52ck0i7us.jpg\"><img loading=\"lazy\" decoding=\"async\" class=\"alignnone size-full wp-image-212499\" src=\"https:\/\/potenciaradiofonicadominicana.com\/portal\/wp-content\/uploads\/2026\/03\/josh-hart_h98ixnfwvbxa136w52ck0i7us.jpg\" alt=\"\" width=\"2550\" height=\"1430\" srcset=\"https:\/\/potenciaradiofonicadominicana.com\/portal\/wp-content\/uploads\/2026\/03\/josh-hart_h98ixnfwvbxa136w52ck0i7us.jpg 2550w, https:\/\/potenciaradiofonicadominicana.com\/portal\/wp-content\/uploads\/2026\/03\/josh-hart_h98ixnfwvbxa136w52ck0i7us-300x168.jpg 300w, https:\/\/potenciaradiofonicadominicana.com\/portal\/wp-content\/uploads\/2026\/03\/josh-hart_h98ixnfwvbxa136w52ck0i7us-1024x574.jpg 1024w, https:\/\/potenciaradiofonicadominicana.com\/portal\/wp-content\/uploads\/2026\/03\/josh-hart_h98ixnfwvbxa136w52ck0i7us-768x431.jpg 768w, https:\/\/potenciaradiofonicadominicana.com\/portal\/wp-content\/uploads\/2026\/03\/josh-hart_h98ixnfwvbxa136w52ck0i7us-1536x861.jpg 1536w, https:\/\/potenciaradiofonicadominicana.com\/portal\/wp-content\/uploads\/2026\/03\/josh-hart_h98ixnfwvbxa136w52ck0i7us-2048x1148.jpg 2048w\" sizes=\"auto, (max-width: 2550px) 100vw, 2550px\" \/><\/a><\/p>\n<p>NEW YORK.- Josh Hart no est\u00e1 viviendo ni mucho menos su mejor momento de la temporada regular.<\/p>\n<p>Su lanzamiento desde el triple se ha desplomado tras el par\u00f3n del All-Star pasando de un 40% de acierto a apenas un 26%.<\/p>\n<p>Sin embargo, el d\u00edscolo jugador de los Knicks nunca pierde la confianza y est\u00e1 preparado para impactar en otras facetas del partido.<\/p>\n<p>En la reciente victoria ante los Spurs conect\u00f3 un 4\/14 intentos a canasta; aunque cosech\u00f3\u00a010 rebotes, 7 asistencias y un robo de bal\u00f3n\u00a0en media hora de juego.<\/p>\n<div id=\"mc_embed_shell\" class=\"border mb-3 boletin-noticias\">\n<div id=\"mc_embed_signup\">\n<form id=\"mc-embedded-subscribe-form\" class=\"validate\" action=\"https:\/\/elnuevodiario.us12.list-manage.com\/subscribe\/post?u=adc4b96bf0fc459309c352607&amp;id=7c6f789feb&amp;f_id=0046bce0f0\" method=\"post\" name=\"mc-embedded-subscribe-form\" novalidate=\"\" target=\"_self\">\n<div id=\"mc_embed_signup_scroll\">\n<h2>Resumen diario de noticias<\/h2>\n<\/div>\n<\/form>\n<\/div>\n<\/div>\n<p>\u00abLo frustrante para m\u00ed es que ahora mismo estoy en una mala racha\u2026 La confianza siempre viene y va\u00bb, admiti\u00f3 Josh Hart.<\/p>\n<ul class=\"wp-block-list\">\n<li>Sus \u00faltimos 6 encuentros:\u00a09,3 puntos, 6,3 rebotes y 5,1 asistencias\u00a0por noche.<\/li>\n<\/ul>\n<p>Hart es el tirador m\u00e1s inconsistente del quinteto titular de los Knicks. Por ello, los aficionados piden en numerosas ocasiones que sea Miles McBride o Landry Shamet quienes partan desde el inicio.<\/p>\n<p>Aunque el tiempo siempre le ha dado la raz\u00f3n al jugador por su car\u00e1cter y esfuerzo sobre el parqu\u00e9.<\/p>\n<p>Thibodeau nunca dud\u00f3 en apostar por \u00e9l desde su traspaso procedente desde Portland. Y al nuevo t\u00e9cnico, Mike Brown, le cost\u00f3 asimilarlo, aunque finalmente le devolvi\u00f3 a la titularidad con los Knicks despegando definitivamente.<\/p>\n<ul class=\"wp-block-list\">\n<li>Los Knicks suman un\u00a083-51\u00a0con Hart como titular.<\/li>\n<li>En casa est\u00e1n\u00a049-28\u00a0con \u00e9l como titular.<\/li>\n<li>Sus n\u00fameros como titular: 12,9 puntos, 9,4 rebotes y 5,7 asistencias.<\/li>\n<\/ul>\n<p>\u00ab\u00bbEn lo \u00fanico que pienso es en esforzarme siempre. Tengo que asegurarme de jugar bien, de lanzar de la forma correcta y todas esas cosas\u2026 Pero si no puedo anotar, siempre puedo aportar cosas distintas\u00bb, explic\u00f3.<\/p>\n<p>\u00abEsta, probablemente, ha sido una de mis peores noches en el lanzamiento (4\/14 intentos). Pero creo que, en mi caso, me sent\u00ed feliz por c\u00f3mo fui capaz de impactar en otras zonas del juego. Obviamente no quiero tener m\u00e1s noches como \u00e9sta, pero siempre puedo ayudar en defensa o a que mis compa\u00f1eros puedan anotar\u00bb, concluy\u00f3.<\/p>\n","protected":false},"excerpt":{"rendered":"<p>NEW YORK.- Josh Hart no est\u00e1 viviendo ni mucho menos su mejor momento de la temporada regular. Su lanzamiento desde &#8230;<\/p>\n","protected":false},"author":2,"featured_media":212499,"comment_status":"closed","ping_status":"closed","sticky":false,"template":"","format":"standard","meta":{"footnotes":""},"categories":[28],"tags":[],"class_list":["post-212498","post","type-post","status-publish","format-standard","has-post-thumbnail","hentry","category-deportes"],"yoast_head":"<!-- This site is optimized with the Yoast SEO plugin v24.8.1 - https:\/\/yoast.com\/wordpress\/plugins\/seo\/ -->\n<title>Josh Hart se mantiene confiado en su lance de tres puntos - PotenciaRadiofonicaDominicana.com<\/title>\n<meta name=\"robots\" content=\"index, follow, max-snippet:-1, max-image-preview:large, max-video-preview:-1\" \/>\n<link rel=\"canonical\" href=\"https:\/\/potenciaradiofonicadominicana.com\/portal\/josh-hart-se-mantiene-confiado-en-su-lance-de-tres-puntos\/\" \/>\n<meta property=\"og:locale\" content=\"es_ES\" \/>\n<meta property=\"og:type\" content=\"article\" \/>\n<meta property=\"og:title\" content=\"Josh Hart se mantiene confiado en su lance de tres puntos - PotenciaRadiofonicaDominicana.com\" \/>\n<meta property=\"og:description\" content=\"NEW YORK.- Josh Hart no est\u00e1 viviendo ni mucho menos su mejor momento de la temporada regular. Su lanzamiento desde ...\" \/>\n<meta property=\"og:url\" content=\"https:\/\/potenciaradiofonicadominicana.com\/portal\/josh-hart-se-mantiene-confiado-en-su-lance-de-tres-puntos\/\" \/>\n<meta property=\"og:site_name\" content=\"PotenciaRadiofonicaDominicana.com\" \/>\n<meta property=\"article:publisher\" content=\"https:\/\/web.facebook.com\/PotenciaRadiofonicaD\" \/>\n<meta property=\"article:published_time\" content=\"2026-03-04T01:14:09+00:00\" \/>\n<meta property=\"og:image\" content=\"https:\/\/potenciaradiofonicadominicana.com\/portal\/wp-content\/uploads\/2026\/03\/josh-hart_h98ixnfwvbxa136w52ck0i7us.jpg\" \/>\n\t<meta property=\"og:image:width\" content=\"2550\" \/>\n\t<meta property=\"og:image:height\" content=\"1430\" \/>\n\t<meta property=\"og:image:type\" content=\"image\/jpeg\" \/>\n<meta name=\"author\" content=\"Potencia Radiof\u00f3nica Dominicana\" \/>\n<meta name=\"twitter:card\" content=\"summary_large_image\" \/>\n<meta name=\"twitter:label1\" content=\"Escrito por\" \/>\n\t<meta name=\"twitter:data1\" content=\"Potencia Radiof\u00f3nica Dominicana\" \/>\n\t<meta name=\"twitter:label2\" content=\"Tiempo de lectura\" \/>\n\t<meta name=\"twitter:data2\" content=\"2 minutos\" \/>\n<script type=\"application\/ld+json\" class=\"yoast-schema-graph\">{\"@context\":\"https:\/\/schema.org\",\"@graph\":[{\"@type\":\"Article\",\"@id\":\"https:\/\/potenciaradiofonicadominicana.com\/portal\/josh-hart-se-mantiene-confiado-en-su-lance-de-tres-puntos\/#article\",\"isPartOf\":{\"@id\":\"https:\/\/potenciaradiofonicadominicana.com\/portal\/josh-hart-se-mantiene-confiado-en-su-lance-de-tres-puntos\/\"},\"author\":{\"name\":\"Potencia Radiof\u00f3nica Dominicana\",\"@id\":\"https:\/\/potenciaradiofonicadominicana.com\/portal\/#\/schema\/person\/a5cf1fea13877803ee0573ac18b03490\"},\"headline\":\"Josh Hart se mantiene confiado en su lance de tres puntos\",\"datePublished\":\"2026-03-04T01:14:09+00:00\",\"mainEntityOfPage\":{\"@id\":\"https:\/\/potenciaradiofonicadominicana.com\/portal\/josh-hart-se-mantiene-confiado-en-su-lance-de-tres-puntos\/\"},\"wordCount\":346,\"publisher\":{\"@id\":\"https:\/\/potenciaradiofonicadominicana.com\/portal\/#organization\"},\"image\":{\"@id\":\"https:\/\/potenciaradiofonicadominicana.com\/portal\/josh-hart-se-mantiene-confiado-en-su-lance-de-tres-puntos\/#primaryimage\"},\"thumbnailUrl\":\"https:\/\/potenciaradiofonicadominicana.com\/portal\/wp-content\/uploads\/2026\/03\/josh-hart_h98ixnfwvbxa136w52ck0i7us.jpg\",\"articleSection\":[\"Deportes\"],\"inLanguage\":\"es\"},{\"@type\":\"WebPage\",\"@id\":\"https:\/\/potenciaradiofonicadominicana.com\/portal\/josh-hart-se-mantiene-confiado-en-su-lance-de-tres-puntos\/\",\"url\":\"https:\/\/potenciaradiofonicadominicana.com\/portal\/josh-hart-se-mantiene-confiado-en-su-lance-de-tres-puntos\/\",\"name\":\"Josh Hart se mantiene confiado en su lance de tres puntos - PotenciaRadiofonicaDominicana.com\",\"isPartOf\":{\"@id\":\"https:\/\/potenciaradiofonicadominicana.com\/portal\/#website\"},\"primaryImageOfPage\":{\"@id\":\"https:\/\/potenciaradiofonicadominicana.com\/portal\/josh-hart-se-mantiene-confiado-en-su-lance-de-tres-puntos\/#primaryimage\"},\"image\":{\"@id\":\"https:\/\/potenciaradiofonicadominicana.com\/portal\/josh-hart-se-mantiene-confiado-en-su-lance-de-tres-puntos\/#primaryimage\"},\"thumbnailUrl\":\"https:\/\/potenciaradiofonicadominicana.com\/portal\/wp-content\/uploads\/2026\/03\/josh-hart_h98ixnfwvbxa136w52ck0i7us.jpg\",\"datePublished\":\"2026-03-04T01:14:09+00:00\",\"breadcrumb\":{\"@id\":\"https:\/\/potenciaradiofonicadominicana.com\/portal\/josh-hart-se-mantiene-confiado-en-su-lance-de-tres-puntos\/#breadcrumb\"},\"inLanguage\":\"es\",\"potentialAction\":[{\"@type\":\"ReadAction\",\"target\":[\"https:\/\/potenciaradiofonicadominicana.com\/portal\/josh-hart-se-mantiene-confiado-en-su-lance-de-tres-puntos\/\"]}]},{\"@type\":\"ImageObject\",\"inLanguage\":\"es\",\"@id\":\"https:\/\/potenciaradiofonicadominicana.com\/portal\/josh-hart-se-mantiene-confiado-en-su-lance-de-tres-puntos\/#primaryimage\",\"url\":\"https:\/\/potenciaradiofonicadominicana.com\/portal\/wp-content\/uploads\/2026\/03\/josh-hart_h98ixnfwvbxa136w52ck0i7us.jpg\",\"contentUrl\":\"https:\/\/potenciaradiofonicadominicana.com\/portal\/wp-content\/uploads\/2026\/03\/josh-hart_h98ixnfwvbxa136w52ck0i7us.jpg\",\"width\":2550,\"height\":1430},{\"@type\":\"BreadcrumbList\",\"@id\":\"https:\/\/potenciaradiofonicadominicana.com\/portal\/josh-hart-se-mantiene-confiado-en-su-lance-de-tres-puntos\/#breadcrumb\",\"itemListElement\":[{\"@type\":\"ListItem\",\"position\":1,\"name\":\"Portada\",\"item\":\"https:\/\/potenciaradiofonicadominicana.com\/portal\/\"},{\"@type\":\"ListItem\",\"position\":2,\"name\":\"Josh Hart se mantiene confiado en su lance de tres puntos\"}]},{\"@type\":\"WebSite\",\"@id\":\"https:\/\/potenciaradiofonicadominicana.com\/portal\/#website\",\"url\":\"https:\/\/potenciaradiofonicadominicana.com\/portal\/\",\"name\":\"PotenciaRadiofonicaDominicana.com\",\"description\":\"Peri\u00f3dico Digital\",\"publisher\":{\"@id\":\"https:\/\/potenciaradiofonicadominicana.com\/portal\/#organization\"},\"potentialAction\":[{\"@type\":\"SearchAction\",\"target\":{\"@type\":\"EntryPoint\",\"urlTemplate\":\"https:\/\/potenciaradiofonicadominicana.com\/portal\/?s={search_term_string}\"},\"query-input\":{\"@type\":\"PropertyValueSpecification\",\"valueRequired\":true,\"valueName\":\"search_term_string\"}}],\"inLanguage\":\"es\"},{\"@type\":\"Organization\",\"@id\":\"https:\/\/potenciaradiofonicadominicana.com\/portal\/#organization\",\"name\":\"PotenciaRadiofonicaDominicana.com\",\"url\":\"https:\/\/potenciaradiofonicadominicana.com\/portal\/\",\"logo\":{\"@type\":\"ImageObject\",\"inLanguage\":\"es\",\"@id\":\"https:\/\/potenciaradiofonicadominicana.com\/portal\/#\/schema\/logo\/image\/\",\"url\":\"https:\/\/potenciaradiofonicadominicana.com\/portal\/wp-content\/uploads\/2022\/01\/descarga.png\",\"contentUrl\":\"https:\/\/potenciaradiofonicadominicana.com\/portal\/wp-content\/uploads\/2022\/01\/descarga.png\",\"width\":300,\"height\":100,\"caption\":\"PotenciaRadiofonicaDominicana.com\"},\"image\":{\"@id\":\"https:\/\/potenciaradiofonicadominicana.com\/portal\/#\/schema\/logo\/image\/\"},\"sameAs\":[\"https:\/\/web.facebook.com\/PotenciaRadiofonicaD\"]},{\"@type\":\"Person\",\"@id\":\"https:\/\/potenciaradiofonicadominicana.com\/portal\/#\/schema\/person\/a5cf1fea13877803ee0573ac18b03490\",\"name\":\"Potencia Radiof\u00f3nica Dominicana\",\"image\":{\"@type\":\"ImageObject\",\"inLanguage\":\"es\",\"@id\":\"https:\/\/potenciaradiofonicadominicana.com\/portal\/#\/schema\/person\/image\/\",\"url\":\"https:\/\/secure.gravatar.com\/avatar\/42a55ab9e8ccc656ba34cd791990602a?s=96&d=mm&r=g\",\"contentUrl\":\"https:\/\/secure.gravatar.com\/avatar\/42a55ab9e8ccc656ba34cd791990602a?s=96&d=mm&r=g\",\"caption\":\"Potencia Radiof\u00f3nica Dominicana\"},\"url\":\"https:\/\/potenciaradiofonicadominicana.com\/portal\/author\/johannyalmanzar\/\"}]}<\/script>\n<!-- \/ Yoast SEO plugin. -->","yoast_head_json":{"title":"Josh Hart se mantiene confiado en su lance de tres puntos - PotenciaRadiofonicaDominicana.com","robots":{"index":"index","follow":"follow","max-snippet":"max-snippet:-1","max-image-preview":"max-image-preview:large","max-video-preview":"max-video-preview:-1"},"canonical":"https:\/\/potenciaradiofonicadominicana.com\/portal\/josh-hart-se-mantiene-confiado-en-su-lance-de-tres-puntos\/","og_locale":"es_ES","og_type":"article","og_title":"Josh Hart se mantiene confiado en su lance de tres puntos - PotenciaRadiofonicaDominicana.com","og_description":"NEW YORK.- Josh Hart no est\u00e1 viviendo ni mucho menos su mejor momento de la temporada regular. Su lanzamiento desde ...","og_url":"https:\/\/potenciaradiofonicadominicana.com\/portal\/josh-hart-se-mantiene-confiado-en-su-lance-de-tres-puntos\/","og_site_name":"PotenciaRadiofonicaDominicana.com","article_publisher":"https:\/\/web.facebook.com\/PotenciaRadiofonicaD","article_published_time":"2026-03-04T01:14:09+00:00","og_image":[{"width":2550,"height":1430,"url":"https:\/\/potenciaradiofonicadominicana.com\/portal\/wp-content\/uploads\/2026\/03\/josh-hart_h98ixnfwvbxa136w52ck0i7us.jpg","type":"image\/jpeg"}],"author":"Potencia Radiof\u00f3nica Dominicana","twitter_card":"summary_large_image","twitter_misc":{"Escrito por":"Potencia Radiof\u00f3nica Dominicana","Tiempo de lectura":"2 minutos"},"schema":{"@context":"https:\/\/schema.org","@graph":[{"@type":"Article","@id":"https:\/\/potenciaradiofonicadominicana.com\/portal\/josh-hart-se-mantiene-confiado-en-su-lance-de-tres-puntos\/#article","isPartOf":{"@id":"https:\/\/potenciaradiofonicadominicana.com\/portal\/josh-hart-se-mantiene-confiado-en-su-lance-de-tres-puntos\/"},"author":{"name":"Potencia Radiof\u00f3nica Dominicana","@id":"https:\/\/potenciaradiofonicadominicana.com\/portal\/#\/schema\/person\/a5cf1fea13877803ee0573ac18b03490"},"headline":"Josh Hart se mantiene confiado en su lance de tres puntos","datePublished":"2026-03-04T01:14:09+00:00","mainEntityOfPage":{"@id":"https:\/\/potenciaradiofonicadominicana.com\/portal\/josh-hart-se-mantiene-confiado-en-su-lance-de-tres-puntos\/"},"wordCount":346,"publisher":{"@id":"https:\/\/potenciaradiofonicadominicana.com\/portal\/#organization"},"image":{"@id":"https:\/\/potenciaradiofonicadominicana.com\/portal\/josh-hart-se-mantiene-confiado-en-su-lance-de-tres-puntos\/#primaryimage"},"thumbnailUrl":"https:\/\/potenciaradiofonicadominicana.com\/portal\/wp-content\/uploads\/2026\/03\/josh-hart_h98ixnfwvbxa136w52ck0i7us.jpg","articleSection":["Deportes"],"inLanguage":"es"},{"@type":"WebPage","@id":"https:\/\/potenciaradiofonicadominicana.com\/portal\/josh-hart-se-mantiene-confiado-en-su-lance-de-tres-puntos\/","url":"https:\/\/potenciaradiofonicadominicana.com\/portal\/josh-hart-se-mantiene-confiado-en-su-lance-de-tres-puntos\/","name":"Josh Hart se mantiene confiado en su lance de tres puntos - PotenciaRadiofonicaDominicana.com","isPartOf":{"@id":"https:\/\/potenciaradiofonicadominicana.com\/portal\/#website"},"primaryImageOfPage":{"@id":"https:\/\/potenciaradiofonicadominicana.com\/portal\/josh-hart-se-mantiene-confiado-en-su-lance-de-tres-puntos\/#primaryimage"},"image":{"@id":"https:\/\/potenciaradiofonicadominicana.com\/portal\/josh-hart-se-mantiene-confiado-en-su-lance-de-tres-puntos\/#primaryimage"},"thumbnailUrl":"https:\/\/potenciaradiofonicadominicana.com\/portal\/wp-content\/uploads\/2026\/03\/josh-hart_h98ixnfwvbxa136w52ck0i7us.jpg","datePublished":"2026-03-04T01:14:09+00:00","breadcrumb":{"@id":"https:\/\/potenciaradiofonicadominicana.com\/portal\/josh-hart-se-mantiene-confiado-en-su-lance-de-tres-puntos\/#breadcrumb"},"inLanguage":"es","potentialAction":[{"@type":"ReadAction","target":["https:\/\/potenciaradiofonicadominicana.com\/portal\/josh-hart-se-mantiene-confiado-en-su-lance-de-tres-puntos\/"]}]},{"@type":"ImageObject","inLanguage":"es","@id":"https:\/\/potenciaradiofonicadominicana.com\/portal\/josh-hart-se-mantiene-confiado-en-su-lance-de-tres-puntos\/#primaryimage","url":"https:\/\/potenciaradiofonicadominicana.com\/portal\/wp-content\/uploads\/2026\/03\/josh-hart_h98ixnfwvbxa136w52ck0i7us.jpg","contentUrl":"https:\/\/potenciaradiofonicadominicana.com\/portal\/wp-content\/uploads\/2026\/03\/josh-hart_h98ixnfwvbxa136w52ck0i7us.jpg","width":2550,"height":1430},{"@type":"BreadcrumbList","@id":"https:\/\/potenciaradiofonicadominicana.com\/portal\/josh-hart-se-mantiene-confiado-en-su-lance-de-tres-puntos\/#breadcrumb","itemListElement":[{"@type":"ListItem","position":1,"name":"Portada","item":"https:\/\/potenciaradiofonicadominicana.com\/portal\/"},{"@type":"ListItem","position":2,"name":"Josh Hart se mantiene confiado en su lance de tres puntos"}]},{"@type":"WebSite","@id":"https:\/\/potenciaradiofonicadominicana.com\/portal\/#website","url":"https:\/\/potenciaradiofonicadominicana.com\/portal\/","name":"PotenciaRadiofonicaDominicana.com","description":"Peri\u00f3dico Digital","publisher":{"@id":"https:\/\/potenciaradiofonicadominicana.com\/portal\/#organization"},"potentialAction":[{"@type":"SearchAction","target":{"@type":"EntryPoint","urlTemplate":"https:\/\/potenciaradiofonicadominicana.com\/portal\/?s={search_term_string}"},"query-input":{"@type":"PropertyValueSpecification","valueRequired":true,"valueName":"search_term_string"}}],"inLanguage":"es"},{"@type":"Organization","@id":"https:\/\/potenciaradiofonicadominicana.com\/portal\/#organization","name":"PotenciaRadiofonicaDominicana.com","url":"https:\/\/potenciaradiofonicadominicana.com\/portal\/","logo":{"@type":"ImageObject","inLanguage":"es","@id":"https:\/\/potenciaradiofonicadominicana.com\/portal\/#\/schema\/logo\/image\/","url":"https:\/\/potenciaradiofonicadominicana.com\/portal\/wp-content\/uploads\/2022\/01\/descarga.png","contentUrl":"https:\/\/potenciaradiofonicadominicana.com\/portal\/wp-content\/uploads\/2022\/01\/descarga.png","width":300,"height":100,"caption":"PotenciaRadiofonicaDominicana.com"},"image":{"@id":"https:\/\/potenciaradiofonicadominicana.com\/portal\/#\/schema\/logo\/image\/"},"sameAs":["https:\/\/web.facebook.com\/PotenciaRadiofonicaD"]},{"@type":"Person","@id":"https:\/\/potenciaradiofonicadominicana.com\/portal\/#\/schema\/person\/a5cf1fea13877803ee0573ac18b03490","name":"Potencia Radiof\u00f3nica Dominicana","image":{"@type":"ImageObject","inLanguage":"es","@id":"https:\/\/potenciaradiofonicadominicana.com\/portal\/#\/schema\/person\/image\/","url":"https:\/\/secure.gravatar.com\/avatar\/42a55ab9e8ccc656ba34cd791990602a?s=96&d=mm&r=g","contentUrl":"https:\/\/secure.gravatar.com\/avatar\/42a55ab9e8ccc656ba34cd791990602a?s=96&d=mm&r=g","caption":"Potencia Radiof\u00f3nica Dominicana"},"url":"https:\/\/potenciaradiofonicadominicana.com\/portal\/author\/johannyalmanzar\/"}]}},"_links":{"self":[{"href":"https:\/\/potenciaradiofonicadominicana.com\/portal\/wp-json\/wp\/v2\/posts\/212498","targetHints":{"allow":["GET"]}}],"collection":[{"href":"https:\/\/potenciaradiofonicadominicana.com\/portal\/wp-json\/wp\/v2\/posts"}],"about":[{"href":"https:\/\/potenciaradiofonicadominicana.com\/portal\/wp-json\/wp\/v2\/types\/post"}],"author":[{"embeddable":true,"href":"https:\/\/potenciaradiofonicadominicana.com\/portal\/wp-json\/wp\/v2\/users\/2"}],"replies":[{"embeddable":true,"href":"https:\/\/potenciaradiofonicadominicana.com\/portal\/wp-json\/wp\/v2\/comments?post=212498"}],"version-history":[{"count":1,"href":"https:\/\/potenciaradiofonicadominicana.com\/portal\/wp-json\/wp\/v2\/posts\/212498\/revisions"}],"predecessor-version":[{"id":212500,"href":"https:\/\/potenciaradiofonicadominicana.com\/portal\/wp-json\/wp\/v2\/posts\/212498\/revisions\/212500"}],"wp:featuredmedia":[{"embeddable":true,"href":"https:\/\/potenciaradiofonicadominicana.com\/portal\/wp-json\/wp\/v2\/media\/212499"}],"wp:attachment":[{"href":"https:\/\/potenciaradiofonicadominicana.com\/portal\/wp-json\/wp\/v2\/media?parent=212498"}],"wp:term":[{"taxonomy":"category","embeddable":true,"href":"https:\/\/potenciaradiofonicadominicana.com\/portal\/wp-json\/wp\/v2\/categories?post=212498"},{"taxonomy":"post_tag","embeddable":true,"href":"https:\/\/potenciaradiofonicadominicana.com\/portal\/wp-json\/wp\/v2\/tags?post=212498"}],"curies":[{"name":"wp","href":"https:\/\/api.w.org\/{rel}","templated":true}]}}