{"id":212495,"date":"2026-03-03T21:11:22","date_gmt":"2026-03-04T01:11:22","guid":{"rendered":"https:\/\/potenciaradiofonicadominicana.com\/portal\/?p=212495"},"modified":"2026-03-03T21:11:22","modified_gmt":"2026-03-04T01:11:22","slug":"el-invicto-carlos-alcaraz-apunta-al-triplete-en-indian-wells-ante-jannik-sinner-y-novak-djokovic","status":"publish","type":"post","link":"https:\/\/potenciaradiofonicadominicana.com\/portal\/el-invicto-carlos-alcaraz-apunta-al-triplete-en-indian-wells-ante-jannik-sinner-y-novak-djokovic\/","title":{"rendered":"El invicto Carlos Alcaraz apunta al triplete en Indian Wells ante Jannik Sinner y Novak Djokovic"},"content":{"rendered":"<p><a href=\"https:\/\/potenciaradiofonicadominicana.com\/portal\/wp-content\/uploads\/2026\/03\/69a6a6f1cede4.jpeg\"><img loading=\"lazy\" decoding=\"async\" class=\"alignnone size-full wp-image-212496\" src=\"https:\/\/potenciaradiofonicadominicana.com\/portal\/wp-content\/uploads\/2026\/03\/69a6a6f1cede4.jpeg\" alt=\"\" width=\"1200\" height=\"675\" srcset=\"https:\/\/potenciaradiofonicadominicana.com\/portal\/wp-content\/uploads\/2026\/03\/69a6a6f1cede4.jpeg 1200w, https:\/\/potenciaradiofonicadominicana.com\/portal\/wp-content\/uploads\/2026\/03\/69a6a6f1cede4-300x169.jpeg 300w, https:\/\/potenciaradiofonicadominicana.com\/portal\/wp-content\/uploads\/2026\/03\/69a6a6f1cede4-1024x576.jpeg 1024w, https:\/\/potenciaradiofonicadominicana.com\/portal\/wp-content\/uploads\/2026\/03\/69a6a6f1cede4-768x432.jpeg 768w\" sizes=\"auto, (max-width: 1200px) 100vw, 1200px\" \/><\/a><\/p>\n<p>La\u00a0<strong>temporada perfecta<\/strong>\u00a0de\u00a0<strong>Carlos Alcaraz<\/strong>\u00a0tiene una nueva parada en\u00a0<strong>Indian Wells<\/strong>\u00a0(Estados Unidos), el primer torneo Masters 1000 del a\u00f1o, donde\u00a0<strong>Jannik Sinner<\/strong>\u00a0y\u00a0<strong>Novak Djokovic<\/strong>\u00a0quieren bajar de la nube al n\u00famero uno espa\u00f1ol.<\/p>\n<p>A partir del\u00a0<strong>mi\u00e9rcoles<\/strong>,\u00a0<strong>Alcaraz<\/strong>\u00a0pugnar\u00e1 por su\u00a0<strong>tercer t\u00edtulo<\/strong>\u00a0en el desierto californiano, que aguardaba la llegada de un grupo de\u00a0<strong>tenistas varados<\/strong>\u00a0en\u00a0<strong>Dub\u00e1i<\/strong>\u00a0por la guerra en Oriente Medio.<\/p>\n<h2>\u00bfReencuentro\u00a0<strong>Alcaraz-Djokovic<\/strong>?<\/h2>\n<p><strong>Alcaraz<\/strong>\u00a0acude este a\u00f1o a\u00a0<strong>Indian Wells<\/strong>, uno de sus torneos predilectos,\u00a0<strong>m\u00e1s incontenible<\/strong>\u00a0que nunca.<\/p>\n<p>En su corta pero deslumbrante\u00a0<strong>carrera<\/strong>, el prodigio de El Palmar no luc\u00eda hasta ahora un arranque de a\u00f1o con\u00a0<strong>12 victorias<\/strong>\u00a0y\u00a0<strong>ninguna derrota<\/strong>.<\/p>\n<p>En este impecable recorrido cosech\u00f3 en enero su\u00a0<strong>primer t\u00edtulo<\/strong>\u00a0del\u00a0<strong>Abierto de Australia<\/strong>, completando el Grand Slam de\u00a0<strong>carrera<\/strong>\u00a0a los\u00a0<strong>22 a\u00f1os<\/strong>, m\u00e1s joven que nadie.<\/p>\n<p>A mediados de febrero se hizo con el\u00a0<strong>torneo de Doha<\/strong>\u00a0(ATP 500) y ahora no aspira a menos que a reconquistar\u00a0<strong>Indian Wells<\/strong>, donde rein\u00f3 en 2023 y 2024, y alcanzar as\u00ed en el palmar\u00e9s a los\u00a0<strong>tricampeones<\/strong>\u00a0Rafael Nadal, Jimmy Connors y Michael Chang.<\/p>\n<p>Por delante a\u00fan quedar\u00edan los\u00a0<strong>cinco trofeos<\/strong>\u00a0que acapararon\u00a0<strong>Roger Federer<\/strong>\u00a0y\u00a0<strong>Novak Djokovic<\/strong>, quien vuelve a la competici\u00f3n tras su derrota ante\u00a0<strong>Alcaraz<\/strong> en la final de Australia.<\/p>\n<p>El\u00a0<strong>sorteo<\/strong>\u00a0de\u00a0<strong>Indian Wells<\/strong>\u00a0les depar\u00f3 un\u00a0<strong>posible reencuentro<\/strong>\u00a0en\u00a0<strong>semifinales<\/strong>, siempre que sorteen los obst\u00e1culos desde su entrada en acci\u00f3n en la segunda ronda.<\/p>\n<p><strong>Alcaraz<\/strong>\u00a0<strong>debutar\u00e1<\/strong>\u00a0frente al experimentado tenista b\u00falgaro\u00a0<strong>Grigor Dimitrov<\/strong> o el franc\u00e9s T\u00e9rence Atmane mientras Nole puede medirse con otro jugador galo, Giovanni Mpetshi Perricard, o el polaco Kamil Majchrzak.<\/p>\n<p>El italiano\u00a0<strong>Jannik Sinner<\/strong>, tercera gran figura en liza, avista en su lado del cuadro peligros como el local\u00a0<strong>Ben Shelton<\/strong>\u00a0y el alem\u00e1n\u00a0<strong>Alexander Zverev<\/strong>.<\/p>\n<p>El a\u00f1o pasado, el\u00a0<strong>n\u00famero dos mundial<\/strong>\u00a0se ausent\u00f3 del Valle de Coachella por la\u00a0<strong>suspensi\u00f3n<\/strong>\u00a0de tres meses que recibi\u00f3 por el\u00a0<strong>positivo por clostebol<\/strong>\u00a0en este mismo evento en 2024.<\/p>\n<p>Aunque no tiene opciones de desbancar a\u00a0<strong>Alcaraz<\/strong>\u00a0de la cima de la ATP, una primera victoria en\u00a0<strong>Indian Wells<\/strong>\u00a0ser\u00eda una inyecci\u00f3n de\u00a0<strong>confianza<\/strong>\u00a0muy necesaria para Sinner, que encaden\u00f3\u00a0<strong>tropiezos inesperados<\/strong> ante Djokovic en Australia y Jakub Mensik en Doha.<\/p>\n<p>En el caso del vigente campe\u00f3n, el brit\u00e1nico\u00a0<strong>Jack Draper<\/strong>, sus perspectivas de defender el t\u00edtulo est\u00e1n seriamente limitadas por las\u00a0<strong>lesiones<\/strong>\u00a0que arrastra desde su retirada del Abierto de Estados Unidos en agosto.<\/p>\n<h2>Sabalenka por una\u00a0<strong>tercera oportunidad<\/strong><\/h2>\n<p>En la\u00a0<strong>categor\u00eda femenina<\/strong>, de nivel WTA 1000, la tenista a destronar es la\u00a0<strong>joven rusa<\/strong>\u00a0<strong>Mirra Andreeva<\/strong>, pupila aventajada de la espa\u00f1ola\u00a0<strong>Conchita Mart\u00ednez<\/strong>.<\/p>\n<p><strong>Octava del ranking<\/strong>\u00a0mundial, la perla de 18 a\u00f1os arranc\u00f3 la campa\u00f1a triunfando en\u00a0<strong>Adelaida<\/strong>\u00a0(WTA 500) pero en Australia cay\u00f3 en octavos y sigue esperando por su\u00a0<strong>primera final<\/strong>\u00a0grande.<\/p>\n<p>La bielorrusa\u00a0<strong>Aryna Sabalenka<\/strong>, n\u00famero uno mundial, tiene en\u00a0<strong>Indian Wells<\/strong>\u00a0una de sus asignaturas pendientes tras caer en la\u00a0<strong>final pasada<\/strong>\u00a0ante Andreeva y en la de 2023 ante la kazaja\u00a0<strong>Elena Rybakina<\/strong>, la flamante campeona en Australia.<\/p>\n<p>La polaca\u00a0<strong>Iga Swiatek<\/strong>,\u00a0<strong>ganadora<\/strong>\u00a0en 2022 y 2024, tendr\u00e1 una nueva oportunidad de ascender a lo m\u00e1s alto del palmar\u00e9s con un\u00a0<strong>tercer t\u00edtulo<\/strong>.<\/p>\n<h2>La delegaci\u00f3n latinoamericana<\/h2>\n<p>El argentino\u00a0<strong>Francisco Cer\u00fandolo<\/strong>, n\u00famero 20 de la ATP, volver\u00e1 a encabezar la\u00a0<strong>representaci\u00f3n latinoamericana<\/strong>\u00a0en este arranque de la\u00a0<strong>gira estadounidense<\/strong>\u00a0de pista r\u00e1pida.<\/p>\n<p>Campe\u00f3n en febrero ante su p\u00fablico de\u00a0<strong>Buenos Aires<\/strong>,\u00a0<strong>Cer\u00fandolo<\/strong>\u00a0estar\u00e1 secundado por un grupo amplio de compatriotas en los que figura su hermano menor Juan Manuel as\u00ed como Tom\u00e1s Etcheverry y Sebasti\u00e1n B\u00e1ez.<\/p>\n<p>Una de las grandes inc\u00f3gnitas ser\u00e1 el nivel de la promesa brasile\u00f1a\u00a0<strong>Jo\u00e3o Fonseca<\/strong>\u00a0en su\u00a0<strong>segunda aparici\u00f3n<\/strong>\u00a0en este\u00a0<strong>prestigioso escenario<\/strong>.<\/p>\n<p>En 2025, el carioca super\u00f3 la primera ronda a sus 18 a\u00f1os pero despu\u00e9s fue sacado del camino por Draper.<\/p>\n<p>Esta semana\u00a0<strong>debutar\u00e1<\/strong>\u00a0frente al belga\u00a0<strong>Rapha\u00ebl Collignon<\/strong>\u00a0en un intento por reimpulsar su inicio de temporada, descarrilado por ahora con sus tempranas eliminaciones en Australia y ante sus\u00a0<strong>aficionados<\/strong>\u00a0en Rio de Janeiro.<\/p>\n<h2>Tenistas bloqueados<\/h2>\n<p>Mientras la mayor\u00eda de tenistas ultiman su preparaci\u00f3n en el llamado\u00a0<strong>Tennis Paradise<\/strong>, con cientos de\u00a0<strong>aficionados<\/strong>\u00a0disfrutando de los\u00a0<strong>entrenamientos<\/strong>, un peque\u00f1o grupo no hab\u00eda podido desplazarse todav\u00eda al torneo a menos de 48 horas del inicio.<\/p>\n<p>La ma\u00f1ana del lunes, la ATP confirm\u00f3 que estos jugadores segu\u00edan bloqueados en\u00a0<strong>Dub\u00e1i<\/strong>\u00a0debido al cierre del espacio a\u00e9reo por el conflicto en Medio Oriente, desatado tras la ofensiva estadounidense e israel\u00ed contra Ir\u00e1n.<\/p>\n<p>Los rusos\u00a0<strong>Daniil Medvedev<\/strong>, campe\u00f3n en\u00a0<strong>Dub\u00e1i<\/strong>\u00a0y doble subcampe\u00f3n de\u00a0<strong>Indian Wells<\/strong>\u00a0(2023 y 2024), y\u00a0<strong>Andrey Rublev<\/strong>\u00a0fueron reemplazados del evento de\u00a0<strong>dobles mixtos<\/strong>\u00a0del martes pero se mantienen en el cuadro individual.<\/p>\n","protected":false},"excerpt":{"rendered":"<p>La\u00a0temporada perfecta\u00a0de\u00a0Carlos Alcaraz\u00a0tiene una nueva parada en\u00a0Indian Wells\u00a0(Estados Unidos), el primer torneo Masters 1000 del a\u00f1o, donde\u00a0Jannik Sinner\u00a0y\u00a0Novak Djokovic\u00a0quieren bajar &#8230;<\/p>\n","protected":false},"author":2,"featured_media":212496,"comment_status":"closed","ping_status":"closed","sticky":false,"template":"","format":"standard","meta":{"footnotes":""},"categories":[28],"tags":[],"class_list":["post-212495","post","type-post","status-publish","format-standard","has-post-thumbnail","hentry","category-deportes"],"yoast_head":"<!-- This site is optimized with the Yoast SEO plugin v24.8.1 - https:\/\/yoast.com\/wordpress\/plugins\/seo\/ -->\n<title>El invicto Carlos Alcaraz apunta al triplete en Indian Wells ante Jannik Sinner y Novak Djokovic - PotenciaRadiofonicaDominicana.com<\/title>\n<meta name=\"robots\" content=\"index, follow, max-snippet:-1, max-image-preview:large, max-video-preview:-1\" \/>\n<link rel=\"canonical\" href=\"https:\/\/potenciaradiofonicadominicana.com\/portal\/el-invicto-carlos-alcaraz-apunta-al-triplete-en-indian-wells-ante-jannik-sinner-y-novak-djokovic\/\" \/>\n<meta property=\"og:locale\" content=\"es_ES\" \/>\n<meta property=\"og:type\" content=\"article\" \/>\n<meta property=\"og:title\" content=\"El invicto Carlos Alcaraz apunta al triplete en Indian Wells ante Jannik Sinner y Novak Djokovic - PotenciaRadiofonicaDominicana.com\" \/>\n<meta property=\"og:description\" content=\"La\u00a0temporada perfecta\u00a0de\u00a0Carlos Alcaraz\u00a0tiene una nueva parada en\u00a0Indian Wells\u00a0(Estados Unidos), el primer torneo Masters 1000 del a\u00f1o, donde\u00a0Jannik Sinner\u00a0y\u00a0Novak Djokovic\u00a0quieren bajar ...\" \/>\n<meta property=\"og:url\" content=\"https:\/\/potenciaradiofonicadominicana.com\/portal\/el-invicto-carlos-alcaraz-apunta-al-triplete-en-indian-wells-ante-jannik-sinner-y-novak-djokovic\/\" \/>\n<meta property=\"og:site_name\" content=\"PotenciaRadiofonicaDominicana.com\" \/>\n<meta property=\"article:publisher\" content=\"https:\/\/web.facebook.com\/PotenciaRadiofonicaD\" \/>\n<meta property=\"article:published_time\" content=\"2026-03-04T01:11:22+00:00\" \/>\n<meta property=\"og:image\" content=\"https:\/\/potenciaradiofonicadominicana.com\/portal\/wp-content\/uploads\/2026\/03\/69a6a6f1cede4.jpeg\" \/>\n\t<meta property=\"og:image:width\" content=\"1200\" \/>\n\t<meta property=\"og:image:height\" content=\"675\" \/>\n\t<meta property=\"og:image:type\" content=\"image\/jpeg\" \/>\n<meta name=\"author\" content=\"Potencia Radiof\u00f3nica Dominicana\" \/>\n<meta name=\"twitter:card\" content=\"summary_large_image\" \/>\n<meta name=\"twitter:label1\" content=\"Escrito por\" \/>\n\t<meta name=\"twitter:data1\" content=\"Potencia Radiof\u00f3nica Dominicana\" \/>\n\t<meta name=\"twitter:label2\" content=\"Tiempo de lectura\" \/>\n\t<meta name=\"twitter:data2\" content=\"4 minutos\" \/>\n<script type=\"application\/ld+json\" class=\"yoast-schema-graph\">{\"@context\":\"https:\/\/schema.org\",\"@graph\":[{\"@type\":\"Article\",\"@id\":\"https:\/\/potenciaradiofonicadominicana.com\/portal\/el-invicto-carlos-alcaraz-apunta-al-triplete-en-indian-wells-ante-jannik-sinner-y-novak-djokovic\/#article\",\"isPartOf\":{\"@id\":\"https:\/\/potenciaradiofonicadominicana.com\/portal\/el-invicto-carlos-alcaraz-apunta-al-triplete-en-indian-wells-ante-jannik-sinner-y-novak-djokovic\/\"},\"author\":{\"name\":\"Potencia Radiof\u00f3nica Dominicana\",\"@id\":\"https:\/\/potenciaradiofonicadominicana.com\/portal\/#\/schema\/person\/a5cf1fea13877803ee0573ac18b03490\"},\"headline\":\"El invicto Carlos Alcaraz apunta al triplete en Indian Wells ante Jannik Sinner y Novak Djokovic\",\"datePublished\":\"2026-03-04T01:11:22+00:00\",\"mainEntityOfPage\":{\"@id\":\"https:\/\/potenciaradiofonicadominicana.com\/portal\/el-invicto-carlos-alcaraz-apunta-al-triplete-en-indian-wells-ante-jannik-sinner-y-novak-djokovic\/\"},\"wordCount\":847,\"publisher\":{\"@id\":\"https:\/\/potenciaradiofonicadominicana.com\/portal\/#organization\"},\"image\":{\"@id\":\"https:\/\/potenciaradiofonicadominicana.com\/portal\/el-invicto-carlos-alcaraz-apunta-al-triplete-en-indian-wells-ante-jannik-sinner-y-novak-djokovic\/#primaryimage\"},\"thumbnailUrl\":\"https:\/\/potenciaradiofonicadominicana.com\/portal\/wp-content\/uploads\/2026\/03\/69a6a6f1cede4.jpeg\",\"articleSection\":[\"Deportes\"],\"inLanguage\":\"es\"},{\"@type\":\"WebPage\",\"@id\":\"https:\/\/potenciaradiofonicadominicana.com\/portal\/el-invicto-carlos-alcaraz-apunta-al-triplete-en-indian-wells-ante-jannik-sinner-y-novak-djokovic\/\",\"url\":\"https:\/\/potenciaradiofonicadominicana.com\/portal\/el-invicto-carlos-alcaraz-apunta-al-triplete-en-indian-wells-ante-jannik-sinner-y-novak-djokovic\/\",\"name\":\"El invicto Carlos Alcaraz apunta al triplete en Indian Wells ante Jannik Sinner y Novak Djokovic - PotenciaRadiofonicaDominicana.com\",\"isPartOf\":{\"@id\":\"https:\/\/potenciaradiofonicadominicana.com\/portal\/#website\"},\"primaryImageOfPage\":{\"@id\":\"https:\/\/potenciaradiofonicadominicana.com\/portal\/el-invicto-carlos-alcaraz-apunta-al-triplete-en-indian-wells-ante-jannik-sinner-y-novak-djokovic\/#primaryimage\"},\"image\":{\"@id\":\"https:\/\/potenciaradiofonicadominicana.com\/portal\/el-invicto-carlos-alcaraz-apunta-al-triplete-en-indian-wells-ante-jannik-sinner-y-novak-djokovic\/#primaryimage\"},\"thumbnailUrl\":\"https:\/\/potenciaradiofonicadominicana.com\/portal\/wp-content\/uploads\/2026\/03\/69a6a6f1cede4.jpeg\",\"datePublished\":\"2026-03-04T01:11:22+00:00\",\"breadcrumb\":{\"@id\":\"https:\/\/potenciaradiofonicadominicana.com\/portal\/el-invicto-carlos-alcaraz-apunta-al-triplete-en-indian-wells-ante-jannik-sinner-y-novak-djokovic\/#breadcrumb\"},\"inLanguage\":\"es\",\"potentialAction\":[{\"@type\":\"ReadAction\",\"target\":[\"https:\/\/potenciaradiofonicadominicana.com\/portal\/el-invicto-carlos-alcaraz-apunta-al-triplete-en-indian-wells-ante-jannik-sinner-y-novak-djokovic\/\"]}]},{\"@type\":\"ImageObject\",\"inLanguage\":\"es\",\"@id\":\"https:\/\/potenciaradiofonicadominicana.com\/portal\/el-invicto-carlos-alcaraz-apunta-al-triplete-en-indian-wells-ante-jannik-sinner-y-novak-djokovic\/#primaryimage\",\"url\":\"https:\/\/potenciaradiofonicadominicana.com\/portal\/wp-content\/uploads\/2026\/03\/69a6a6f1cede4.jpeg\",\"contentUrl\":\"https:\/\/potenciaradiofonicadominicana.com\/portal\/wp-content\/uploads\/2026\/03\/69a6a6f1cede4.jpeg\",\"width\":1200,\"height\":675},{\"@type\":\"BreadcrumbList\",\"@id\":\"https:\/\/potenciaradiofonicadominicana.com\/portal\/el-invicto-carlos-alcaraz-apunta-al-triplete-en-indian-wells-ante-jannik-sinner-y-novak-djokovic\/#breadcrumb\",\"itemListElement\":[{\"@type\":\"ListItem\",\"position\":1,\"name\":\"Portada\",\"item\":\"https:\/\/potenciaradiofonicadominicana.com\/portal\/\"},{\"@type\":\"ListItem\",\"position\":2,\"name\":\"El invicto Carlos Alcaraz apunta al triplete en Indian Wells ante Jannik Sinner y Novak Djokovic\"}]},{\"@type\":\"WebSite\",\"@id\":\"https:\/\/potenciaradiofonicadominicana.com\/portal\/#website\",\"url\":\"https:\/\/potenciaradiofonicadominicana.com\/portal\/\",\"name\":\"PotenciaRadiofonicaDominicana.com\",\"description\":\"Peri\u00f3dico Digital\",\"publisher\":{\"@id\":\"https:\/\/potenciaradiofonicadominicana.com\/portal\/#organization\"},\"potentialAction\":[{\"@type\":\"SearchAction\",\"target\":{\"@type\":\"EntryPoint\",\"urlTemplate\":\"https:\/\/potenciaradiofonicadominicana.com\/portal\/?s={search_term_string}\"},\"query-input\":{\"@type\":\"PropertyValueSpecification\",\"valueRequired\":true,\"valueName\":\"search_term_string\"}}],\"inLanguage\":\"es\"},{\"@type\":\"Organization\",\"@id\":\"https:\/\/potenciaradiofonicadominicana.com\/portal\/#organization\",\"name\":\"PotenciaRadiofonicaDominicana.com\",\"url\":\"https:\/\/potenciaradiofonicadominicana.com\/portal\/\",\"logo\":{\"@type\":\"ImageObject\",\"inLanguage\":\"es\",\"@id\":\"https:\/\/potenciaradiofonicadominicana.com\/portal\/#\/schema\/logo\/image\/\",\"url\":\"https:\/\/potenciaradiofonicadominicana.com\/portal\/wp-content\/uploads\/2022\/01\/descarga.png\",\"contentUrl\":\"https:\/\/potenciaradiofonicadominicana.com\/portal\/wp-content\/uploads\/2022\/01\/descarga.png\",\"width\":300,\"height\":100,\"caption\":\"PotenciaRadiofonicaDominicana.com\"},\"image\":{\"@id\":\"https:\/\/potenciaradiofonicadominicana.com\/portal\/#\/schema\/logo\/image\/\"},\"sameAs\":[\"https:\/\/web.facebook.com\/PotenciaRadiofonicaD\"]},{\"@type\":\"Person\",\"@id\":\"https:\/\/potenciaradiofonicadominicana.com\/portal\/#\/schema\/person\/a5cf1fea13877803ee0573ac18b03490\",\"name\":\"Potencia Radiof\u00f3nica Dominicana\",\"image\":{\"@type\":\"ImageObject\",\"inLanguage\":\"es\",\"@id\":\"https:\/\/potenciaradiofonicadominicana.com\/portal\/#\/schema\/person\/image\/\",\"url\":\"https:\/\/secure.gravatar.com\/avatar\/42a55ab9e8ccc656ba34cd791990602a?s=96&d=mm&r=g\",\"contentUrl\":\"https:\/\/secure.gravatar.com\/avatar\/42a55ab9e8ccc656ba34cd791990602a?s=96&d=mm&r=g\",\"caption\":\"Potencia Radiof\u00f3nica Dominicana\"},\"url\":\"https:\/\/potenciaradiofonicadominicana.com\/portal\/author\/johannyalmanzar\/\"}]}<\/script>\n<!-- \/ Yoast SEO plugin. -->","yoast_head_json":{"title":"El invicto Carlos Alcaraz apunta al triplete en Indian Wells ante Jannik Sinner y Novak Djokovic - PotenciaRadiofonicaDominicana.com","robots":{"index":"index","follow":"follow","max-snippet":"max-snippet:-1","max-image-preview":"max-image-preview:large","max-video-preview":"max-video-preview:-1"},"canonical":"https:\/\/potenciaradiofonicadominicana.com\/portal\/el-invicto-carlos-alcaraz-apunta-al-triplete-en-indian-wells-ante-jannik-sinner-y-novak-djokovic\/","og_locale":"es_ES","og_type":"article","og_title":"El invicto Carlos Alcaraz apunta al triplete en Indian Wells ante Jannik Sinner y Novak Djokovic - PotenciaRadiofonicaDominicana.com","og_description":"La\u00a0temporada perfecta\u00a0de\u00a0Carlos Alcaraz\u00a0tiene una nueva parada en\u00a0Indian Wells\u00a0(Estados Unidos), el primer torneo Masters 1000 del a\u00f1o, donde\u00a0Jannik Sinner\u00a0y\u00a0Novak Djokovic\u00a0quieren bajar ...","og_url":"https:\/\/potenciaradiofonicadominicana.com\/portal\/el-invicto-carlos-alcaraz-apunta-al-triplete-en-indian-wells-ante-jannik-sinner-y-novak-djokovic\/","og_site_name":"PotenciaRadiofonicaDominicana.com","article_publisher":"https:\/\/web.facebook.com\/PotenciaRadiofonicaD","article_published_time":"2026-03-04T01:11:22+00:00","og_image":[{"width":1200,"height":675,"url":"https:\/\/potenciaradiofonicadominicana.com\/portal\/wp-content\/uploads\/2026\/03\/69a6a6f1cede4.jpeg","type":"image\/jpeg"}],"author":"Potencia Radiof\u00f3nica Dominicana","twitter_card":"summary_large_image","twitter_misc":{"Escrito por":"Potencia Radiof\u00f3nica Dominicana","Tiempo de lectura":"4 minutos"},"schema":{"@context":"https:\/\/schema.org","@graph":[{"@type":"Article","@id":"https:\/\/potenciaradiofonicadominicana.com\/portal\/el-invicto-carlos-alcaraz-apunta-al-triplete-en-indian-wells-ante-jannik-sinner-y-novak-djokovic\/#article","isPartOf":{"@id":"https:\/\/potenciaradiofonicadominicana.com\/portal\/el-invicto-carlos-alcaraz-apunta-al-triplete-en-indian-wells-ante-jannik-sinner-y-novak-djokovic\/"},"author":{"name":"Potencia Radiof\u00f3nica Dominicana","@id":"https:\/\/potenciaradiofonicadominicana.com\/portal\/#\/schema\/person\/a5cf1fea13877803ee0573ac18b03490"},"headline":"El invicto Carlos Alcaraz apunta al triplete en Indian Wells ante Jannik Sinner y Novak Djokovic","datePublished":"2026-03-04T01:11:22+00:00","mainEntityOfPage":{"@id":"https:\/\/potenciaradiofonicadominicana.com\/portal\/el-invicto-carlos-alcaraz-apunta-al-triplete-en-indian-wells-ante-jannik-sinner-y-novak-djokovic\/"},"wordCount":847,"publisher":{"@id":"https:\/\/potenciaradiofonicadominicana.com\/portal\/#organization"},"image":{"@id":"https:\/\/potenciaradiofonicadominicana.com\/portal\/el-invicto-carlos-alcaraz-apunta-al-triplete-en-indian-wells-ante-jannik-sinner-y-novak-djokovic\/#primaryimage"},"thumbnailUrl":"https:\/\/potenciaradiofonicadominicana.com\/portal\/wp-content\/uploads\/2026\/03\/69a6a6f1cede4.jpeg","articleSection":["Deportes"],"inLanguage":"es"},{"@type":"WebPage","@id":"https:\/\/potenciaradiofonicadominicana.com\/portal\/el-invicto-carlos-alcaraz-apunta-al-triplete-en-indian-wells-ante-jannik-sinner-y-novak-djokovic\/","url":"https:\/\/potenciaradiofonicadominicana.com\/portal\/el-invicto-carlos-alcaraz-apunta-al-triplete-en-indian-wells-ante-jannik-sinner-y-novak-djokovic\/","name":"El invicto Carlos Alcaraz apunta al triplete en Indian Wells ante Jannik Sinner y Novak Djokovic - PotenciaRadiofonicaDominicana.com","isPartOf":{"@id":"https:\/\/potenciaradiofonicadominicana.com\/portal\/#website"},"primaryImageOfPage":{"@id":"https:\/\/potenciaradiofonicadominicana.com\/portal\/el-invicto-carlos-alcaraz-apunta-al-triplete-en-indian-wells-ante-jannik-sinner-y-novak-djokovic\/#primaryimage"},"image":{"@id":"https:\/\/potenciaradiofonicadominicana.com\/portal\/el-invicto-carlos-alcaraz-apunta-al-triplete-en-indian-wells-ante-jannik-sinner-y-novak-djokovic\/#primaryimage"},"thumbnailUrl":"https:\/\/potenciaradiofonicadominicana.com\/portal\/wp-content\/uploads\/2026\/03\/69a6a6f1cede4.jpeg","datePublished":"2026-03-04T01:11:22+00:00","breadcrumb":{"@id":"https:\/\/potenciaradiofonicadominicana.com\/portal\/el-invicto-carlos-alcaraz-apunta-al-triplete-en-indian-wells-ante-jannik-sinner-y-novak-djokovic\/#breadcrumb"},"inLanguage":"es","potentialAction":[{"@type":"ReadAction","target":["https:\/\/potenciaradiofonicadominicana.com\/portal\/el-invicto-carlos-alcaraz-apunta-al-triplete-en-indian-wells-ante-jannik-sinner-y-novak-djokovic\/"]}]},{"@type":"ImageObject","inLanguage":"es","@id":"https:\/\/potenciaradiofonicadominicana.com\/portal\/el-invicto-carlos-alcaraz-apunta-al-triplete-en-indian-wells-ante-jannik-sinner-y-novak-djokovic\/#primaryimage","url":"https:\/\/potenciaradiofonicadominicana.com\/portal\/wp-content\/uploads\/2026\/03\/69a6a6f1cede4.jpeg","contentUrl":"https:\/\/potenciaradiofonicadominicana.com\/portal\/wp-content\/uploads\/2026\/03\/69a6a6f1cede4.jpeg","width":1200,"height":675},{"@type":"BreadcrumbList","@id":"https:\/\/potenciaradiofonicadominicana.com\/portal\/el-invicto-carlos-alcaraz-apunta-al-triplete-en-indian-wells-ante-jannik-sinner-y-novak-djokovic\/#breadcrumb","itemListElement":[{"@type":"ListItem","position":1,"name":"Portada","item":"https:\/\/potenciaradiofonicadominicana.com\/portal\/"},{"@type":"ListItem","position":2,"name":"El invicto Carlos Alcaraz apunta al triplete en Indian Wells ante Jannik Sinner y Novak Djokovic"}]},{"@type":"WebSite","@id":"https:\/\/potenciaradiofonicadominicana.com\/portal\/#website","url":"https:\/\/potenciaradiofonicadominicana.com\/portal\/","name":"PotenciaRadiofonicaDominicana.com","description":"Peri\u00f3dico Digital","publisher":{"@id":"https:\/\/potenciaradiofonicadominicana.com\/portal\/#organization"},"potentialAction":[{"@type":"SearchAction","target":{"@type":"EntryPoint","urlTemplate":"https:\/\/potenciaradiofonicadominicana.com\/portal\/?s={search_term_string}"},"query-input":{"@type":"PropertyValueSpecification","valueRequired":true,"valueName":"search_term_string"}}],"inLanguage":"es"},{"@type":"Organization","@id":"https:\/\/potenciaradiofonicadominicana.com\/portal\/#organization","name":"PotenciaRadiofonicaDominicana.com","url":"https:\/\/potenciaradiofonicadominicana.com\/portal\/","logo":{"@type":"ImageObject","inLanguage":"es","@id":"https:\/\/potenciaradiofonicadominicana.com\/portal\/#\/schema\/logo\/image\/","url":"https:\/\/potenciaradiofonicadominicana.com\/portal\/wp-content\/uploads\/2022\/01\/descarga.png","contentUrl":"https:\/\/potenciaradiofonicadominicana.com\/portal\/wp-content\/uploads\/2022\/01\/descarga.png","width":300,"height":100,"caption":"PotenciaRadiofonicaDominicana.com"},"image":{"@id":"https:\/\/potenciaradiofonicadominicana.com\/portal\/#\/schema\/logo\/image\/"},"sameAs":["https:\/\/web.facebook.com\/PotenciaRadiofonicaD"]},{"@type":"Person","@id":"https:\/\/potenciaradiofonicadominicana.com\/portal\/#\/schema\/person\/a5cf1fea13877803ee0573ac18b03490","name":"Potencia Radiof\u00f3nica Dominicana","image":{"@type":"ImageObject","inLanguage":"es","@id":"https:\/\/potenciaradiofonicadominicana.com\/portal\/#\/schema\/person\/image\/","url":"https:\/\/secure.gravatar.com\/avatar\/42a55ab9e8ccc656ba34cd791990602a?s=96&d=mm&r=g","contentUrl":"https:\/\/secure.gravatar.com\/avatar\/42a55ab9e8ccc656ba34cd791990602a?s=96&d=mm&r=g","caption":"Potencia Radiof\u00f3nica Dominicana"},"url":"https:\/\/potenciaradiofonicadominicana.com\/portal\/author\/johannyalmanzar\/"}]}},"_links":{"self":[{"href":"https:\/\/potenciaradiofonicadominicana.com\/portal\/wp-json\/wp\/v2\/posts\/212495","targetHints":{"allow":["GET"]}}],"collection":[{"href":"https:\/\/potenciaradiofonicadominicana.com\/portal\/wp-json\/wp\/v2\/posts"}],"about":[{"href":"https:\/\/potenciaradiofonicadominicana.com\/portal\/wp-json\/wp\/v2\/types\/post"}],"author":[{"embeddable":true,"href":"https:\/\/potenciaradiofonicadominicana.com\/portal\/wp-json\/wp\/v2\/users\/2"}],"replies":[{"embeddable":true,"href":"https:\/\/potenciaradiofonicadominicana.com\/portal\/wp-json\/wp\/v2\/comments?post=212495"}],"version-history":[{"count":1,"href":"https:\/\/potenciaradiofonicadominicana.com\/portal\/wp-json\/wp\/v2\/posts\/212495\/revisions"}],"predecessor-version":[{"id":212497,"href":"https:\/\/potenciaradiofonicadominicana.com\/portal\/wp-json\/wp\/v2\/posts\/212495\/revisions\/212497"}],"wp:featuredmedia":[{"embeddable":true,"href":"https:\/\/potenciaradiofonicadominicana.com\/portal\/wp-json\/wp\/v2\/media\/212496"}],"wp:attachment":[{"href":"https:\/\/potenciaradiofonicadominicana.com\/portal\/wp-json\/wp\/v2\/media?parent=212495"}],"wp:term":[{"taxonomy":"category","embeddable":true,"href":"https:\/\/potenciaradiofonicadominicana.com\/portal\/wp-json\/wp\/v2\/categories?post=212495"},{"taxonomy":"post_tag","embeddable":true,"href":"https:\/\/potenciaradiofonicadominicana.com\/portal\/wp-json\/wp\/v2\/tags?post=212495"}],"curies":[{"name":"wp","href":"https:\/\/api.w.org\/{rel}","templated":true}]}}