{"id":212486,"date":"2026-03-03T21:06:00","date_gmt":"2026-03-04T01:06:00","guid":{"rendered":"https:\/\/potenciaradiofonicadominicana.com\/portal\/?p=212486"},"modified":"2026-03-03T21:06:00","modified_gmt":"2026-03-04T01:06:00","slug":"alejandra-aybar-y-felipe-vicini-portan-la-antorcha-de-milano-cortina-2026","status":"publish","type":"post","link":"https:\/\/potenciaradiofonicadominicana.com\/portal\/alejandra-aybar-y-felipe-vicini-portan-la-antorcha-de-milano-cortina-2026\/","title":{"rendered":"Alejandra Aybar y Felipe Vicini portan la antorcha de Milano Cortina 2026"},"content":{"rendered":"<p><a href=\"https:\/\/potenciaradiofonicadominicana.com\/portal\/wp-content\/uploads\/2026\/03\/dl-2026-03-03t152309985-08a99aa5-focus-0.01-0.69-896-504.jpg\"><img loading=\"lazy\" decoding=\"async\" class=\"alignnone size-full wp-image-212487\" src=\"https:\/\/potenciaradiofonicadominicana.com\/portal\/wp-content\/uploads\/2026\/03\/dl-2026-03-03t152309985-08a99aa5-focus-0.01-0.69-896-504.jpg\" alt=\"\" width=\"896\" height=\"504\" srcset=\"https:\/\/potenciaradiofonicadominicana.com\/portal\/wp-content\/uploads\/2026\/03\/dl-2026-03-03t152309985-08a99aa5-focus-0.01-0.69-896-504.jpg 896w, https:\/\/potenciaradiofonicadominicana.com\/portal\/wp-content\/uploads\/2026\/03\/dl-2026-03-03t152309985-08a99aa5-focus-0.01-0.69-896-504-300x169.jpg 300w, https:\/\/potenciaradiofonicadominicana.com\/portal\/wp-content\/uploads\/2026\/03\/dl-2026-03-03t152309985-08a99aa5-focus-0.01-0.69-896-504-768x432.jpg 768w\" sizes=\"auto, (max-width: 896px) 100vw, 896px\" \/><\/a><\/p>\n<p>La atleta dominicana Alejandra Aybar y el empresario y promotor deportivo Felipe Vicini participaron este martes en el recorrido oficial de la antorcha de los\u00a0<strong>Juegos Paral\u00edmpicos<\/strong>\u00a0de Invierno\u00a0<strong>Milano Cortina 2026<\/strong>, al portar la llama paral\u00edmpica durante el tramo celebrado en Cortina d\u00b4Ampezzo.<\/p>\n<p>De acuerdo con una nota de prensa, Aybar, atleta paral\u00edmpica de nataci\u00f3n y miembro del programa Creando Sue\u00f1os Ol\u00edmpicos (Creso), fue la primera en realizar su<strong>\u00a0recorrido de 100 metros<\/strong>, dando apertura a la participaci\u00f3n dominicana en esta significativa ceremonia.<\/p>\n<p>De su lado, Felipe Vicini, presidente de Creso, fue el cuarto\u00a0<strong>portador de la antorcha<\/strong> en el tramo correspondiente, ratificando su compromiso con el desarrollo del movimiento ol\u00edmpico y paral\u00edmpico dominicano.<\/p>\n<p>El relevo de la antorcha forma parte de las actividades oficiales previas a la celebraci\u00f3n de los juegos, que reunir\u00e1n a los<strong>\u00a0mejores atletas paral\u00edmpicos del mund<\/strong>o en una cita que promueve la resiliencia humana, el alto rendimiento y los valores universales del deporte.<\/p>\n<h2>Avance del deporte inclusivo<\/h2>\n<ul class=\"list-text\">\n<li>La participaci\u00f3n de ambos en el recorrido simboliza el\u00a0<strong>avance del deporte inclusivo<\/strong>\u00a0y el fortalecimiento de una visi\u00f3n que apuesta por la excelencia, la igualdad de oportunidades y la superaci\u00f3n personal.<\/li>\n<\/ul>\n<p>El\u00a0<strong>\u00abTorch Relay\u00bb<\/strong>, encabezado por el presidente del International Paralympic Committee (IPC), Andrew Parsons, reuni\u00f3 a atletas, autoridades y l\u00edderes del movimiento paral\u00edmpico internacional en una jornada cargada de simbolismo, inclusi\u00f3n y esp\u00edritu deportivo, indica el comunicado.<\/p>\n","protected":false},"excerpt":{"rendered":"<p>La atleta dominicana Alejandra Aybar y el empresario y promotor deportivo Felipe Vicini participaron este martes en el recorrido oficial &#8230;<\/p>\n","protected":false},"author":2,"featured_media":212487,"comment_status":"closed","ping_status":"closed","sticky":false,"template":"","format":"standard","meta":{"footnotes":""},"categories":[28],"tags":[],"class_list":["post-212486","post","type-post","status-publish","format-standard","has-post-thumbnail","hentry","category-deportes"],"yoast_head":"<!-- This site is optimized with the Yoast SEO plugin v24.8.1 - https:\/\/yoast.com\/wordpress\/plugins\/seo\/ -->\n<title>Alejandra Aybar y Felipe Vicini portan la antorcha de Milano Cortina 2026 - PotenciaRadiofonicaDominicana.com<\/title>\n<meta name=\"robots\" content=\"index, follow, max-snippet:-1, max-image-preview:large, max-video-preview:-1\" \/>\n<link rel=\"canonical\" href=\"https:\/\/potenciaradiofonicadominicana.com\/portal\/alejandra-aybar-y-felipe-vicini-portan-la-antorcha-de-milano-cortina-2026\/\" \/>\n<meta property=\"og:locale\" content=\"es_ES\" \/>\n<meta property=\"og:type\" content=\"article\" \/>\n<meta property=\"og:title\" content=\"Alejandra Aybar y Felipe Vicini portan la antorcha de Milano Cortina 2026 - PotenciaRadiofonicaDominicana.com\" \/>\n<meta property=\"og:description\" content=\"La atleta dominicana Alejandra Aybar y el empresario y promotor deportivo Felipe Vicini participaron este martes en el recorrido oficial ...\" \/>\n<meta property=\"og:url\" content=\"https:\/\/potenciaradiofonicadominicana.com\/portal\/alejandra-aybar-y-felipe-vicini-portan-la-antorcha-de-milano-cortina-2026\/\" \/>\n<meta property=\"og:site_name\" content=\"PotenciaRadiofonicaDominicana.com\" \/>\n<meta property=\"article:publisher\" content=\"https:\/\/web.facebook.com\/PotenciaRadiofonicaD\" \/>\n<meta property=\"article:published_time\" content=\"2026-03-04T01:06:00+00:00\" \/>\n<meta property=\"og:image\" content=\"https:\/\/potenciaradiofonicadominicana.com\/portal\/wp-content\/uploads\/2026\/03\/dl-2026-03-03t152309985-08a99aa5-focus-0.01-0.69-896-504.jpg\" \/>\n\t<meta property=\"og:image:width\" content=\"896\" \/>\n\t<meta property=\"og:image:height\" content=\"504\" \/>\n\t<meta property=\"og:image:type\" content=\"image\/jpeg\" \/>\n<meta name=\"author\" content=\"Potencia Radiof\u00f3nica Dominicana\" \/>\n<meta name=\"twitter:card\" content=\"summary_large_image\" \/>\n<meta name=\"twitter:label1\" content=\"Escrito por\" \/>\n\t<meta name=\"twitter:data1\" content=\"Potencia Radiof\u00f3nica Dominicana\" \/>\n\t<meta name=\"twitter:label2\" content=\"Tiempo de lectura\" \/>\n\t<meta name=\"twitter:data2\" content=\"2 minutos\" \/>\n<script type=\"application\/ld+json\" class=\"yoast-schema-graph\">{\"@context\":\"https:\/\/schema.org\",\"@graph\":[{\"@type\":\"Article\",\"@id\":\"https:\/\/potenciaradiofonicadominicana.com\/portal\/alejandra-aybar-y-felipe-vicini-portan-la-antorcha-de-milano-cortina-2026\/#article\",\"isPartOf\":{\"@id\":\"https:\/\/potenciaradiofonicadominicana.com\/portal\/alejandra-aybar-y-felipe-vicini-portan-la-antorcha-de-milano-cortina-2026\/\"},\"author\":{\"name\":\"Potencia Radiof\u00f3nica Dominicana\",\"@id\":\"https:\/\/potenciaradiofonicadominicana.com\/portal\/#\/schema\/person\/a5cf1fea13877803ee0573ac18b03490\"},\"headline\":\"Alejandra Aybar y Felipe Vicini portan la antorcha de Milano Cortina 2026\",\"datePublished\":\"2026-03-04T01:06:00+00:00\",\"mainEntityOfPage\":{\"@id\":\"https:\/\/potenciaradiofonicadominicana.com\/portal\/alejandra-aybar-y-felipe-vicini-portan-la-antorcha-de-milano-cortina-2026\/\"},\"wordCount\":261,\"publisher\":{\"@id\":\"https:\/\/potenciaradiofonicadominicana.com\/portal\/#organization\"},\"image\":{\"@id\":\"https:\/\/potenciaradiofonicadominicana.com\/portal\/alejandra-aybar-y-felipe-vicini-portan-la-antorcha-de-milano-cortina-2026\/#primaryimage\"},\"thumbnailUrl\":\"https:\/\/potenciaradiofonicadominicana.com\/portal\/wp-content\/uploads\/2026\/03\/dl-2026-03-03t152309985-08a99aa5-focus-0.01-0.69-896-504.jpg\",\"articleSection\":[\"Deportes\"],\"inLanguage\":\"es\"},{\"@type\":\"WebPage\",\"@id\":\"https:\/\/potenciaradiofonicadominicana.com\/portal\/alejandra-aybar-y-felipe-vicini-portan-la-antorcha-de-milano-cortina-2026\/\",\"url\":\"https:\/\/potenciaradiofonicadominicana.com\/portal\/alejandra-aybar-y-felipe-vicini-portan-la-antorcha-de-milano-cortina-2026\/\",\"name\":\"Alejandra Aybar y Felipe Vicini portan la antorcha de Milano Cortina 2026 - PotenciaRadiofonicaDominicana.com\",\"isPartOf\":{\"@id\":\"https:\/\/potenciaradiofonicadominicana.com\/portal\/#website\"},\"primaryImageOfPage\":{\"@id\":\"https:\/\/potenciaradiofonicadominicana.com\/portal\/alejandra-aybar-y-felipe-vicini-portan-la-antorcha-de-milano-cortina-2026\/#primaryimage\"},\"image\":{\"@id\":\"https:\/\/potenciaradiofonicadominicana.com\/portal\/alejandra-aybar-y-felipe-vicini-portan-la-antorcha-de-milano-cortina-2026\/#primaryimage\"},\"thumbnailUrl\":\"https:\/\/potenciaradiofonicadominicana.com\/portal\/wp-content\/uploads\/2026\/03\/dl-2026-03-03t152309985-08a99aa5-focus-0.01-0.69-896-504.jpg\",\"datePublished\":\"2026-03-04T01:06:00+00:00\",\"breadcrumb\":{\"@id\":\"https:\/\/potenciaradiofonicadominicana.com\/portal\/alejandra-aybar-y-felipe-vicini-portan-la-antorcha-de-milano-cortina-2026\/#breadcrumb\"},\"inLanguage\":\"es\",\"potentialAction\":[{\"@type\":\"ReadAction\",\"target\":[\"https:\/\/potenciaradiofonicadominicana.com\/portal\/alejandra-aybar-y-felipe-vicini-portan-la-antorcha-de-milano-cortina-2026\/\"]}]},{\"@type\":\"ImageObject\",\"inLanguage\":\"es\",\"@id\":\"https:\/\/potenciaradiofonicadominicana.com\/portal\/alejandra-aybar-y-felipe-vicini-portan-la-antorcha-de-milano-cortina-2026\/#primaryimage\",\"url\":\"https:\/\/potenciaradiofonicadominicana.com\/portal\/wp-content\/uploads\/2026\/03\/dl-2026-03-03t152309985-08a99aa5-focus-0.01-0.69-896-504.jpg\",\"contentUrl\":\"https:\/\/potenciaradiofonicadominicana.com\/portal\/wp-content\/uploads\/2026\/03\/dl-2026-03-03t152309985-08a99aa5-focus-0.01-0.69-896-504.jpg\",\"width\":896,\"height\":504},{\"@type\":\"BreadcrumbList\",\"@id\":\"https:\/\/potenciaradiofonicadominicana.com\/portal\/alejandra-aybar-y-felipe-vicini-portan-la-antorcha-de-milano-cortina-2026\/#breadcrumb\",\"itemListElement\":[{\"@type\":\"ListItem\",\"position\":1,\"name\":\"Portada\",\"item\":\"https:\/\/potenciaradiofonicadominicana.com\/portal\/\"},{\"@type\":\"ListItem\",\"position\":2,\"name\":\"Alejandra Aybar y Felipe Vicini portan la antorcha de Milano Cortina 2026\"}]},{\"@type\":\"WebSite\",\"@id\":\"https:\/\/potenciaradiofonicadominicana.com\/portal\/#website\",\"url\":\"https:\/\/potenciaradiofonicadominicana.com\/portal\/\",\"name\":\"PotenciaRadiofonicaDominicana.com\",\"description\":\"Peri\u00f3dico Digital\",\"publisher\":{\"@id\":\"https:\/\/potenciaradiofonicadominicana.com\/portal\/#organization\"},\"potentialAction\":[{\"@type\":\"SearchAction\",\"target\":{\"@type\":\"EntryPoint\",\"urlTemplate\":\"https:\/\/potenciaradiofonicadominicana.com\/portal\/?s={search_term_string}\"},\"query-input\":{\"@type\":\"PropertyValueSpecification\",\"valueRequired\":true,\"valueName\":\"search_term_string\"}}],\"inLanguage\":\"es\"},{\"@type\":\"Organization\",\"@id\":\"https:\/\/potenciaradiofonicadominicana.com\/portal\/#organization\",\"name\":\"PotenciaRadiofonicaDominicana.com\",\"url\":\"https:\/\/potenciaradiofonicadominicana.com\/portal\/\",\"logo\":{\"@type\":\"ImageObject\",\"inLanguage\":\"es\",\"@id\":\"https:\/\/potenciaradiofonicadominicana.com\/portal\/#\/schema\/logo\/image\/\",\"url\":\"https:\/\/potenciaradiofonicadominicana.com\/portal\/wp-content\/uploads\/2022\/01\/descarga.png\",\"contentUrl\":\"https:\/\/potenciaradiofonicadominicana.com\/portal\/wp-content\/uploads\/2022\/01\/descarga.png\",\"width\":300,\"height\":100,\"caption\":\"PotenciaRadiofonicaDominicana.com\"},\"image\":{\"@id\":\"https:\/\/potenciaradiofonicadominicana.com\/portal\/#\/schema\/logo\/image\/\"},\"sameAs\":[\"https:\/\/web.facebook.com\/PotenciaRadiofonicaD\"]},{\"@type\":\"Person\",\"@id\":\"https:\/\/potenciaradiofonicadominicana.com\/portal\/#\/schema\/person\/a5cf1fea13877803ee0573ac18b03490\",\"name\":\"Potencia Radiof\u00f3nica Dominicana\",\"image\":{\"@type\":\"ImageObject\",\"inLanguage\":\"es\",\"@id\":\"https:\/\/potenciaradiofonicadominicana.com\/portal\/#\/schema\/person\/image\/\",\"url\":\"https:\/\/secure.gravatar.com\/avatar\/42a55ab9e8ccc656ba34cd791990602a?s=96&d=mm&r=g\",\"contentUrl\":\"https:\/\/secure.gravatar.com\/avatar\/42a55ab9e8ccc656ba34cd791990602a?s=96&d=mm&r=g\",\"caption\":\"Potencia Radiof\u00f3nica Dominicana\"},\"url\":\"https:\/\/potenciaradiofonicadominicana.com\/portal\/author\/johannyalmanzar\/\"}]}<\/script>\n<!-- \/ Yoast SEO plugin. -->","yoast_head_json":{"title":"Alejandra Aybar y Felipe Vicini portan la antorcha de Milano Cortina 2026 - PotenciaRadiofonicaDominicana.com","robots":{"index":"index","follow":"follow","max-snippet":"max-snippet:-1","max-image-preview":"max-image-preview:large","max-video-preview":"max-video-preview:-1"},"canonical":"https:\/\/potenciaradiofonicadominicana.com\/portal\/alejandra-aybar-y-felipe-vicini-portan-la-antorcha-de-milano-cortina-2026\/","og_locale":"es_ES","og_type":"article","og_title":"Alejandra Aybar y Felipe Vicini portan la antorcha de Milano Cortina 2026 - PotenciaRadiofonicaDominicana.com","og_description":"La atleta dominicana Alejandra Aybar y el empresario y promotor deportivo Felipe Vicini participaron este martes en el recorrido oficial ...","og_url":"https:\/\/potenciaradiofonicadominicana.com\/portal\/alejandra-aybar-y-felipe-vicini-portan-la-antorcha-de-milano-cortina-2026\/","og_site_name":"PotenciaRadiofonicaDominicana.com","article_publisher":"https:\/\/web.facebook.com\/PotenciaRadiofonicaD","article_published_time":"2026-03-04T01:06:00+00:00","og_image":[{"width":896,"height":504,"url":"https:\/\/potenciaradiofonicadominicana.com\/portal\/wp-content\/uploads\/2026\/03\/dl-2026-03-03t152309985-08a99aa5-focus-0.01-0.69-896-504.jpg","type":"image\/jpeg"}],"author":"Potencia Radiof\u00f3nica Dominicana","twitter_card":"summary_large_image","twitter_misc":{"Escrito por":"Potencia Radiof\u00f3nica Dominicana","Tiempo de lectura":"2 minutos"},"schema":{"@context":"https:\/\/schema.org","@graph":[{"@type":"Article","@id":"https:\/\/potenciaradiofonicadominicana.com\/portal\/alejandra-aybar-y-felipe-vicini-portan-la-antorcha-de-milano-cortina-2026\/#article","isPartOf":{"@id":"https:\/\/potenciaradiofonicadominicana.com\/portal\/alejandra-aybar-y-felipe-vicini-portan-la-antorcha-de-milano-cortina-2026\/"},"author":{"name":"Potencia Radiof\u00f3nica Dominicana","@id":"https:\/\/potenciaradiofonicadominicana.com\/portal\/#\/schema\/person\/a5cf1fea13877803ee0573ac18b03490"},"headline":"Alejandra Aybar y Felipe Vicini portan la antorcha de Milano Cortina 2026","datePublished":"2026-03-04T01:06:00+00:00","mainEntityOfPage":{"@id":"https:\/\/potenciaradiofonicadominicana.com\/portal\/alejandra-aybar-y-felipe-vicini-portan-la-antorcha-de-milano-cortina-2026\/"},"wordCount":261,"publisher":{"@id":"https:\/\/potenciaradiofonicadominicana.com\/portal\/#organization"},"image":{"@id":"https:\/\/potenciaradiofonicadominicana.com\/portal\/alejandra-aybar-y-felipe-vicini-portan-la-antorcha-de-milano-cortina-2026\/#primaryimage"},"thumbnailUrl":"https:\/\/potenciaradiofonicadominicana.com\/portal\/wp-content\/uploads\/2026\/03\/dl-2026-03-03t152309985-08a99aa5-focus-0.01-0.69-896-504.jpg","articleSection":["Deportes"],"inLanguage":"es"},{"@type":"WebPage","@id":"https:\/\/potenciaradiofonicadominicana.com\/portal\/alejandra-aybar-y-felipe-vicini-portan-la-antorcha-de-milano-cortina-2026\/","url":"https:\/\/potenciaradiofonicadominicana.com\/portal\/alejandra-aybar-y-felipe-vicini-portan-la-antorcha-de-milano-cortina-2026\/","name":"Alejandra Aybar y Felipe Vicini portan la antorcha de Milano Cortina 2026 - PotenciaRadiofonicaDominicana.com","isPartOf":{"@id":"https:\/\/potenciaradiofonicadominicana.com\/portal\/#website"},"primaryImageOfPage":{"@id":"https:\/\/potenciaradiofonicadominicana.com\/portal\/alejandra-aybar-y-felipe-vicini-portan-la-antorcha-de-milano-cortina-2026\/#primaryimage"},"image":{"@id":"https:\/\/potenciaradiofonicadominicana.com\/portal\/alejandra-aybar-y-felipe-vicini-portan-la-antorcha-de-milano-cortina-2026\/#primaryimage"},"thumbnailUrl":"https:\/\/potenciaradiofonicadominicana.com\/portal\/wp-content\/uploads\/2026\/03\/dl-2026-03-03t152309985-08a99aa5-focus-0.01-0.69-896-504.jpg","datePublished":"2026-03-04T01:06:00+00:00","breadcrumb":{"@id":"https:\/\/potenciaradiofonicadominicana.com\/portal\/alejandra-aybar-y-felipe-vicini-portan-la-antorcha-de-milano-cortina-2026\/#breadcrumb"},"inLanguage":"es","potentialAction":[{"@type":"ReadAction","target":["https:\/\/potenciaradiofonicadominicana.com\/portal\/alejandra-aybar-y-felipe-vicini-portan-la-antorcha-de-milano-cortina-2026\/"]}]},{"@type":"ImageObject","inLanguage":"es","@id":"https:\/\/potenciaradiofonicadominicana.com\/portal\/alejandra-aybar-y-felipe-vicini-portan-la-antorcha-de-milano-cortina-2026\/#primaryimage","url":"https:\/\/potenciaradiofonicadominicana.com\/portal\/wp-content\/uploads\/2026\/03\/dl-2026-03-03t152309985-08a99aa5-focus-0.01-0.69-896-504.jpg","contentUrl":"https:\/\/potenciaradiofonicadominicana.com\/portal\/wp-content\/uploads\/2026\/03\/dl-2026-03-03t152309985-08a99aa5-focus-0.01-0.69-896-504.jpg","width":896,"height":504},{"@type":"BreadcrumbList","@id":"https:\/\/potenciaradiofonicadominicana.com\/portal\/alejandra-aybar-y-felipe-vicini-portan-la-antorcha-de-milano-cortina-2026\/#breadcrumb","itemListElement":[{"@type":"ListItem","position":1,"name":"Portada","item":"https:\/\/potenciaradiofonicadominicana.com\/portal\/"},{"@type":"ListItem","position":2,"name":"Alejandra Aybar y Felipe Vicini portan la antorcha de Milano Cortina 2026"}]},{"@type":"WebSite","@id":"https:\/\/potenciaradiofonicadominicana.com\/portal\/#website","url":"https:\/\/potenciaradiofonicadominicana.com\/portal\/","name":"PotenciaRadiofonicaDominicana.com","description":"Peri\u00f3dico Digital","publisher":{"@id":"https:\/\/potenciaradiofonicadominicana.com\/portal\/#organization"},"potentialAction":[{"@type":"SearchAction","target":{"@type":"EntryPoint","urlTemplate":"https:\/\/potenciaradiofonicadominicana.com\/portal\/?s={search_term_string}"},"query-input":{"@type":"PropertyValueSpecification","valueRequired":true,"valueName":"search_term_string"}}],"inLanguage":"es"},{"@type":"Organization","@id":"https:\/\/potenciaradiofonicadominicana.com\/portal\/#organization","name":"PotenciaRadiofonicaDominicana.com","url":"https:\/\/potenciaradiofonicadominicana.com\/portal\/","logo":{"@type":"ImageObject","inLanguage":"es","@id":"https:\/\/potenciaradiofonicadominicana.com\/portal\/#\/schema\/logo\/image\/","url":"https:\/\/potenciaradiofonicadominicana.com\/portal\/wp-content\/uploads\/2022\/01\/descarga.png","contentUrl":"https:\/\/potenciaradiofonicadominicana.com\/portal\/wp-content\/uploads\/2022\/01\/descarga.png","width":300,"height":100,"caption":"PotenciaRadiofonicaDominicana.com"},"image":{"@id":"https:\/\/potenciaradiofonicadominicana.com\/portal\/#\/schema\/logo\/image\/"},"sameAs":["https:\/\/web.facebook.com\/PotenciaRadiofonicaD"]},{"@type":"Person","@id":"https:\/\/potenciaradiofonicadominicana.com\/portal\/#\/schema\/person\/a5cf1fea13877803ee0573ac18b03490","name":"Potencia Radiof\u00f3nica Dominicana","image":{"@type":"ImageObject","inLanguage":"es","@id":"https:\/\/potenciaradiofonicadominicana.com\/portal\/#\/schema\/person\/image\/","url":"https:\/\/secure.gravatar.com\/avatar\/42a55ab9e8ccc656ba34cd791990602a?s=96&d=mm&r=g","contentUrl":"https:\/\/secure.gravatar.com\/avatar\/42a55ab9e8ccc656ba34cd791990602a?s=96&d=mm&r=g","caption":"Potencia Radiof\u00f3nica Dominicana"},"url":"https:\/\/potenciaradiofonicadominicana.com\/portal\/author\/johannyalmanzar\/"}]}},"_links":{"self":[{"href":"https:\/\/potenciaradiofonicadominicana.com\/portal\/wp-json\/wp\/v2\/posts\/212486","targetHints":{"allow":["GET"]}}],"collection":[{"href":"https:\/\/potenciaradiofonicadominicana.com\/portal\/wp-json\/wp\/v2\/posts"}],"about":[{"href":"https:\/\/potenciaradiofonicadominicana.com\/portal\/wp-json\/wp\/v2\/types\/post"}],"author":[{"embeddable":true,"href":"https:\/\/potenciaradiofonicadominicana.com\/portal\/wp-json\/wp\/v2\/users\/2"}],"replies":[{"embeddable":true,"href":"https:\/\/potenciaradiofonicadominicana.com\/portal\/wp-json\/wp\/v2\/comments?post=212486"}],"version-history":[{"count":1,"href":"https:\/\/potenciaradiofonicadominicana.com\/portal\/wp-json\/wp\/v2\/posts\/212486\/revisions"}],"predecessor-version":[{"id":212488,"href":"https:\/\/potenciaradiofonicadominicana.com\/portal\/wp-json\/wp\/v2\/posts\/212486\/revisions\/212488"}],"wp:featuredmedia":[{"embeddable":true,"href":"https:\/\/potenciaradiofonicadominicana.com\/portal\/wp-json\/wp\/v2\/media\/212487"}],"wp:attachment":[{"href":"https:\/\/potenciaradiofonicadominicana.com\/portal\/wp-json\/wp\/v2\/media?parent=212486"}],"wp:term":[{"taxonomy":"category","embeddable":true,"href":"https:\/\/potenciaradiofonicadominicana.com\/portal\/wp-json\/wp\/v2\/categories?post=212486"},{"taxonomy":"post_tag","embeddable":true,"href":"https:\/\/potenciaradiofonicadominicana.com\/portal\/wp-json\/wp\/v2\/tags?post=212486"}],"curies":[{"name":"wp","href":"https:\/\/api.w.org\/{rel}","templated":true}]}}