{"id":212483,"date":"2026-03-03T21:03:40","date_gmt":"2026-03-04T01:03:40","guid":{"rendered":"https:\/\/potenciaradiofonicadominicana.com\/portal\/?p=212483"},"modified":"2026-03-03T21:03:40","modified_gmt":"2026-03-04T01:03:40","slug":"yankees-celebran-graduacion-de-prospectos-y-refuerzan-compromiso-con-la-educacion-integral","status":"publish","type":"post","link":"https:\/\/potenciaradiofonicadominicana.com\/portal\/yankees-celebran-graduacion-de-prospectos-y-refuerzan-compromiso-con-la-educacion-integral\/","title":{"rendered":"Yankees celebran graduaci\u00f3n de prospectos y refuerzan compromiso con la educaci\u00f3n integral"},"content":{"rendered":"<p><a href=\"https:\/\/potenciaradiofonicadominicana.com\/portal\/wp-content\/uploads\/2026\/03\/67abcb52e5c17.jpeg\"><img loading=\"lazy\" decoding=\"async\" class=\"alignnone size-full wp-image-212484\" src=\"https:\/\/potenciaradiofonicadominicana.com\/portal\/wp-content\/uploads\/2026\/03\/67abcb52e5c17.jpeg\" alt=\"\" width=\"800\" height=\"533\" srcset=\"https:\/\/potenciaradiofonicadominicana.com\/portal\/wp-content\/uploads\/2026\/03\/67abcb52e5c17.jpeg 800w, https:\/\/potenciaradiofonicadominicana.com\/portal\/wp-content\/uploads\/2026\/03\/67abcb52e5c17-300x200.jpeg 300w, https:\/\/potenciaradiofonicadominicana.com\/portal\/wp-content\/uploads\/2026\/03\/67abcb52e5c17-768x512.jpeg 768w\" sizes=\"auto, (max-width: 800px) 100vw, 800px\" \/><\/a><\/p>\n<p>La academia de los New York Yankees para Am\u00e9rica Latina celebr\u00f3 con orgullo una nueva ceremonia de graduaci\u00f3n de bachillerato, en un acto desarrollado en sus instalaciones de Boca Chica que reafirma el compromiso de la organizaci\u00f3n con la formaci\u00f3n integral de sus prospectos y colaboradores.<\/p>\n<p><strong>La graduaci\u00f3n, encabezada por Joel Lithgow, director de la academia de los Yankees para Latinoam\u00e9rica, y Melissa Hern\u00e1ndez, asistente de desarrollo de jugadores y educaci\u00f3n del equipo, as\u00ed como ejecutivos de la Fundaci\u00f3n Apec de Cr\u00e9dito Educativo (FUNDAPEC) y representantes del departamento educativo de la organizaci\u00f3n, se convirti\u00f3 en un momento de celebraci\u00f3n para un grupo de j\u00f3venes talentos que completaron sus estudios secundarios mientras se forman en el b\u00e9isbol profesional.<\/strong><\/p>\n<p>\u201cHoy celebramos algo m\u00e1s que una graduaci\u00f3n acad\u00e9mica. Celebramos el esfuerzo, la disciplina y la visi\u00f3n de futuro de estos j\u00f3venes que, adem\u00e1s de perseguir sus sue\u00f1os de llegar a Grandes Ligas, entienden que la educaci\u00f3n es la base para una vida plena y con m\u00faltiples oportunidades\u201d, expres\u00f3 Lithgow durante la ceremonia.<\/p>\n<div class=\"wp-block-image\">\n<figure class=\"alignleft size-large is-resized\"><figcaption class=\"wp-element-caption\"><strong><em>Prospectos de los New York Yankees celebran su graduaci\u00f3n de secundaria.\u00a0<\/em><\/strong><\/figcaption><\/figure>\n<\/div>\n<p><strong>La promoci\u00f3n de graduandos estuvo compuesta por los prospectos Eliezer Adames, Luis Miguel Burgos, Ruben Castillo, Eddison Charles, Leni Do\u00f1\u00e9, Oscar V\u00e1squez, Josu\u00e9 Silvestre, Carlos Miguel Villarroel y Christopher Medina, as\u00ed como el empleado de la academia Santo Castillo Tejada, quien tambi\u00e9n complet\u00f3 el programa acad\u00e9mico. Entre los graduados hay casos de entrega y superaci\u00f3n que ejemplifican el enfoque de desarrollo integral del programa.<\/strong><\/p>\n<p>En la ceremonia tambi\u00e9n se record\u00f3 la importancia de construir instituciones deportivas que no solo formen atletas, sino ciudadanos preparados para la vida, un prop\u00f3sito que forma parte del ethos de la Academia de B\u00e9isbol de los Yankees en Rep\u00fablica Dominicana, donde los jugadores desarrollan habilidades deportivas y acad\u00e9micas en un entorno dise\u00f1ado para su desarrollo integral.<\/p>\n<p><strong>Melissa Hern\u00e1ndez, quien dirige el \u00e1rea educativa de la academia y trabaja directamente con los prospectos en sus procesos de formaci\u00f3n, agradeci\u00f3 la dedicaci\u00f3n de los docentes y el apoyo de las instituciones educativas aliadas que han acompa\u00f1ado todo el proceso formativo. \u201cVer a estos j\u00f3venes culminar su bachillerato nos llena de orgullo. La educaci\u00f3n abre puertas y es una base s\u00f3lida para sus futuros, sea dentro o fuera de los diamantes\u201d, expres\u00f3 Hern\u00e1ndez, destacada profesional comprometida con el desarrollo de los jugadores desde el aspecto humano y acad\u00e9mico.<\/strong><\/p>\n<p>La academia de los Yankees en Rep\u00fablica Dominicana ha integrado tradicionalmente programas educativos que permiten a sus prospectos cursar y completar estudios mientras avanzan en su preparaci\u00f3n deportiva, entendiendo que el crecimiento personal es tan valioso como el desarrollo atl\u00e9tico. Esta graduaci\u00f3n forma parte de una tradici\u00f3n de la organizaci\u00f3n, que valora el bienestar integral de sus jugadores y fomenta en ellos capacidades que trascienden el terreno de juego.<\/p>\n<p><strong>El acto cont\u00f3 con la presencia de ejecutivos y educadores de FUNDAPEC, as\u00ed como con representantes de la organizaci\u00f3n quienes han brindado su respaldo y acompa\u00f1amiento para que los estudiantes alcancen sus metas acad\u00e9micas.<\/strong><\/p>\n<p>Al concluir la ceremonia, los graduados recibieron sus diplomas y reconocimientos, reafirmando la misi\u00f3n de la academia de promover una formaci\u00f3n completa, que prepara a sus estudiantes para enfrentar los retos del b\u00e9isbol profesional y las exigencias de la vida fuera del deporte.<\/p>\n","protected":false},"excerpt":{"rendered":"<p>La academia de los New York Yankees para Am\u00e9rica Latina celebr\u00f3 con orgullo una nueva ceremonia de graduaci\u00f3n de bachillerato, &#8230;<\/p>\n","protected":false},"author":2,"featured_media":212484,"comment_status":"closed","ping_status":"closed","sticky":false,"template":"","format":"standard","meta":{"footnotes":""},"categories":[28],"tags":[],"class_list":["post-212483","post","type-post","status-publish","format-standard","has-post-thumbnail","hentry","category-deportes"],"yoast_head":"<!-- This site is optimized with the Yoast SEO plugin v24.8.1 - https:\/\/yoast.com\/wordpress\/plugins\/seo\/ -->\n<title>Yankees celebran graduaci\u00f3n de prospectos y refuerzan compromiso con la educaci\u00f3n integral - PotenciaRadiofonicaDominicana.com<\/title>\n<meta name=\"robots\" content=\"index, follow, max-snippet:-1, max-image-preview:large, max-video-preview:-1\" \/>\n<link rel=\"canonical\" href=\"https:\/\/potenciaradiofonicadominicana.com\/portal\/yankees-celebran-graduacion-de-prospectos-y-refuerzan-compromiso-con-la-educacion-integral\/\" \/>\n<meta property=\"og:locale\" content=\"es_ES\" \/>\n<meta property=\"og:type\" content=\"article\" \/>\n<meta property=\"og:title\" content=\"Yankees celebran graduaci\u00f3n de prospectos y refuerzan compromiso con la educaci\u00f3n integral - PotenciaRadiofonicaDominicana.com\" \/>\n<meta property=\"og:description\" content=\"La academia de los New York Yankees para Am\u00e9rica Latina celebr\u00f3 con orgullo una nueva ceremonia de graduaci\u00f3n de bachillerato, ...\" \/>\n<meta property=\"og:url\" content=\"https:\/\/potenciaradiofonicadominicana.com\/portal\/yankees-celebran-graduacion-de-prospectos-y-refuerzan-compromiso-con-la-educacion-integral\/\" \/>\n<meta property=\"og:site_name\" content=\"PotenciaRadiofonicaDominicana.com\" \/>\n<meta property=\"article:publisher\" content=\"https:\/\/web.facebook.com\/PotenciaRadiofonicaD\" \/>\n<meta property=\"article:published_time\" content=\"2026-03-04T01:03:40+00:00\" \/>\n<meta property=\"og:image\" content=\"https:\/\/potenciaradiofonicadominicana.com\/portal\/wp-content\/uploads\/2026\/03\/67abcb52e5c17.jpeg\" \/>\n\t<meta property=\"og:image:width\" content=\"800\" \/>\n\t<meta property=\"og:image:height\" content=\"533\" \/>\n\t<meta property=\"og:image:type\" content=\"image\/jpeg\" \/>\n<meta name=\"author\" content=\"Potencia Radiof\u00f3nica Dominicana\" \/>\n<meta name=\"twitter:card\" content=\"summary_large_image\" \/>\n<meta name=\"twitter:label1\" content=\"Escrito por\" \/>\n\t<meta name=\"twitter:data1\" content=\"Potencia Radiof\u00f3nica Dominicana\" \/>\n\t<meta name=\"twitter:label2\" content=\"Tiempo de lectura\" \/>\n\t<meta name=\"twitter:data2\" content=\"3 minutos\" \/>\n<script type=\"application\/ld+json\" class=\"yoast-schema-graph\">{\"@context\":\"https:\/\/schema.org\",\"@graph\":[{\"@type\":\"Article\",\"@id\":\"https:\/\/potenciaradiofonicadominicana.com\/portal\/yankees-celebran-graduacion-de-prospectos-y-refuerzan-compromiso-con-la-educacion-integral\/#article\",\"isPartOf\":{\"@id\":\"https:\/\/potenciaradiofonicadominicana.com\/portal\/yankees-celebran-graduacion-de-prospectos-y-refuerzan-compromiso-con-la-educacion-integral\/\"},\"author\":{\"name\":\"Potencia Radiof\u00f3nica Dominicana\",\"@id\":\"https:\/\/potenciaradiofonicadominicana.com\/portal\/#\/schema\/person\/a5cf1fea13877803ee0573ac18b03490\"},\"headline\":\"Yankees celebran graduaci\u00f3n de prospectos y refuerzan compromiso con la educaci\u00f3n integral\",\"datePublished\":\"2026-03-04T01:03:40+00:00\",\"mainEntityOfPage\":{\"@id\":\"https:\/\/potenciaradiofonicadominicana.com\/portal\/yankees-celebran-graduacion-de-prospectos-y-refuerzan-compromiso-con-la-educacion-integral\/\"},\"wordCount\":606,\"publisher\":{\"@id\":\"https:\/\/potenciaradiofonicadominicana.com\/portal\/#organization\"},\"image\":{\"@id\":\"https:\/\/potenciaradiofonicadominicana.com\/portal\/yankees-celebran-graduacion-de-prospectos-y-refuerzan-compromiso-con-la-educacion-integral\/#primaryimage\"},\"thumbnailUrl\":\"https:\/\/potenciaradiofonicadominicana.com\/portal\/wp-content\/uploads\/2026\/03\/67abcb52e5c17.jpeg\",\"articleSection\":[\"Deportes\"],\"inLanguage\":\"es\"},{\"@type\":\"WebPage\",\"@id\":\"https:\/\/potenciaradiofonicadominicana.com\/portal\/yankees-celebran-graduacion-de-prospectos-y-refuerzan-compromiso-con-la-educacion-integral\/\",\"url\":\"https:\/\/potenciaradiofonicadominicana.com\/portal\/yankees-celebran-graduacion-de-prospectos-y-refuerzan-compromiso-con-la-educacion-integral\/\",\"name\":\"Yankees celebran graduaci\u00f3n de prospectos y refuerzan compromiso con la educaci\u00f3n integral - PotenciaRadiofonicaDominicana.com\",\"isPartOf\":{\"@id\":\"https:\/\/potenciaradiofonicadominicana.com\/portal\/#website\"},\"primaryImageOfPage\":{\"@id\":\"https:\/\/potenciaradiofonicadominicana.com\/portal\/yankees-celebran-graduacion-de-prospectos-y-refuerzan-compromiso-con-la-educacion-integral\/#primaryimage\"},\"image\":{\"@id\":\"https:\/\/potenciaradiofonicadominicana.com\/portal\/yankees-celebran-graduacion-de-prospectos-y-refuerzan-compromiso-con-la-educacion-integral\/#primaryimage\"},\"thumbnailUrl\":\"https:\/\/potenciaradiofonicadominicana.com\/portal\/wp-content\/uploads\/2026\/03\/67abcb52e5c17.jpeg\",\"datePublished\":\"2026-03-04T01:03:40+00:00\",\"breadcrumb\":{\"@id\":\"https:\/\/potenciaradiofonicadominicana.com\/portal\/yankees-celebran-graduacion-de-prospectos-y-refuerzan-compromiso-con-la-educacion-integral\/#breadcrumb\"},\"inLanguage\":\"es\",\"potentialAction\":[{\"@type\":\"ReadAction\",\"target\":[\"https:\/\/potenciaradiofonicadominicana.com\/portal\/yankees-celebran-graduacion-de-prospectos-y-refuerzan-compromiso-con-la-educacion-integral\/\"]}]},{\"@type\":\"ImageObject\",\"inLanguage\":\"es\",\"@id\":\"https:\/\/potenciaradiofonicadominicana.com\/portal\/yankees-celebran-graduacion-de-prospectos-y-refuerzan-compromiso-con-la-educacion-integral\/#primaryimage\",\"url\":\"https:\/\/potenciaradiofonicadominicana.com\/portal\/wp-content\/uploads\/2026\/03\/67abcb52e5c17.jpeg\",\"contentUrl\":\"https:\/\/potenciaradiofonicadominicana.com\/portal\/wp-content\/uploads\/2026\/03\/67abcb52e5c17.jpeg\",\"width\":800,\"height\":533},{\"@type\":\"BreadcrumbList\",\"@id\":\"https:\/\/potenciaradiofonicadominicana.com\/portal\/yankees-celebran-graduacion-de-prospectos-y-refuerzan-compromiso-con-la-educacion-integral\/#breadcrumb\",\"itemListElement\":[{\"@type\":\"ListItem\",\"position\":1,\"name\":\"Portada\",\"item\":\"https:\/\/potenciaradiofonicadominicana.com\/portal\/\"},{\"@type\":\"ListItem\",\"position\":2,\"name\":\"Yankees celebran graduaci\u00f3n de prospectos y refuerzan compromiso con la educaci\u00f3n integral\"}]},{\"@type\":\"WebSite\",\"@id\":\"https:\/\/potenciaradiofonicadominicana.com\/portal\/#website\",\"url\":\"https:\/\/potenciaradiofonicadominicana.com\/portal\/\",\"name\":\"PotenciaRadiofonicaDominicana.com\",\"description\":\"Peri\u00f3dico Digital\",\"publisher\":{\"@id\":\"https:\/\/potenciaradiofonicadominicana.com\/portal\/#organization\"},\"potentialAction\":[{\"@type\":\"SearchAction\",\"target\":{\"@type\":\"EntryPoint\",\"urlTemplate\":\"https:\/\/potenciaradiofonicadominicana.com\/portal\/?s={search_term_string}\"},\"query-input\":{\"@type\":\"PropertyValueSpecification\",\"valueRequired\":true,\"valueName\":\"search_term_string\"}}],\"inLanguage\":\"es\"},{\"@type\":\"Organization\",\"@id\":\"https:\/\/potenciaradiofonicadominicana.com\/portal\/#organization\",\"name\":\"PotenciaRadiofonicaDominicana.com\",\"url\":\"https:\/\/potenciaradiofonicadominicana.com\/portal\/\",\"logo\":{\"@type\":\"ImageObject\",\"inLanguage\":\"es\",\"@id\":\"https:\/\/potenciaradiofonicadominicana.com\/portal\/#\/schema\/logo\/image\/\",\"url\":\"https:\/\/potenciaradiofonicadominicana.com\/portal\/wp-content\/uploads\/2022\/01\/descarga.png\",\"contentUrl\":\"https:\/\/potenciaradiofonicadominicana.com\/portal\/wp-content\/uploads\/2022\/01\/descarga.png\",\"width\":300,\"height\":100,\"caption\":\"PotenciaRadiofonicaDominicana.com\"},\"image\":{\"@id\":\"https:\/\/potenciaradiofonicadominicana.com\/portal\/#\/schema\/logo\/image\/\"},\"sameAs\":[\"https:\/\/web.facebook.com\/PotenciaRadiofonicaD\"]},{\"@type\":\"Person\",\"@id\":\"https:\/\/potenciaradiofonicadominicana.com\/portal\/#\/schema\/person\/a5cf1fea13877803ee0573ac18b03490\",\"name\":\"Potencia Radiof\u00f3nica Dominicana\",\"image\":{\"@type\":\"ImageObject\",\"inLanguage\":\"es\",\"@id\":\"https:\/\/potenciaradiofonicadominicana.com\/portal\/#\/schema\/person\/image\/\",\"url\":\"https:\/\/secure.gravatar.com\/avatar\/42a55ab9e8ccc656ba34cd791990602a?s=96&d=mm&r=g\",\"contentUrl\":\"https:\/\/secure.gravatar.com\/avatar\/42a55ab9e8ccc656ba34cd791990602a?s=96&d=mm&r=g\",\"caption\":\"Potencia Radiof\u00f3nica Dominicana\"},\"url\":\"https:\/\/potenciaradiofonicadominicana.com\/portal\/author\/johannyalmanzar\/\"}]}<\/script>\n<!-- \/ Yoast SEO plugin. -->","yoast_head_json":{"title":"Yankees celebran graduaci\u00f3n de prospectos y refuerzan compromiso con la educaci\u00f3n integral - PotenciaRadiofonicaDominicana.com","robots":{"index":"index","follow":"follow","max-snippet":"max-snippet:-1","max-image-preview":"max-image-preview:large","max-video-preview":"max-video-preview:-1"},"canonical":"https:\/\/potenciaradiofonicadominicana.com\/portal\/yankees-celebran-graduacion-de-prospectos-y-refuerzan-compromiso-con-la-educacion-integral\/","og_locale":"es_ES","og_type":"article","og_title":"Yankees celebran graduaci\u00f3n de prospectos y refuerzan compromiso con la educaci\u00f3n integral - PotenciaRadiofonicaDominicana.com","og_description":"La academia de los New York Yankees para Am\u00e9rica Latina celebr\u00f3 con orgullo una nueva ceremonia de graduaci\u00f3n de bachillerato, ...","og_url":"https:\/\/potenciaradiofonicadominicana.com\/portal\/yankees-celebran-graduacion-de-prospectos-y-refuerzan-compromiso-con-la-educacion-integral\/","og_site_name":"PotenciaRadiofonicaDominicana.com","article_publisher":"https:\/\/web.facebook.com\/PotenciaRadiofonicaD","article_published_time":"2026-03-04T01:03:40+00:00","og_image":[{"width":800,"height":533,"url":"https:\/\/potenciaradiofonicadominicana.com\/portal\/wp-content\/uploads\/2026\/03\/67abcb52e5c17.jpeg","type":"image\/jpeg"}],"author":"Potencia Radiof\u00f3nica Dominicana","twitter_card":"summary_large_image","twitter_misc":{"Escrito por":"Potencia Radiof\u00f3nica Dominicana","Tiempo de lectura":"3 minutos"},"schema":{"@context":"https:\/\/schema.org","@graph":[{"@type":"Article","@id":"https:\/\/potenciaradiofonicadominicana.com\/portal\/yankees-celebran-graduacion-de-prospectos-y-refuerzan-compromiso-con-la-educacion-integral\/#article","isPartOf":{"@id":"https:\/\/potenciaradiofonicadominicana.com\/portal\/yankees-celebran-graduacion-de-prospectos-y-refuerzan-compromiso-con-la-educacion-integral\/"},"author":{"name":"Potencia Radiof\u00f3nica Dominicana","@id":"https:\/\/potenciaradiofonicadominicana.com\/portal\/#\/schema\/person\/a5cf1fea13877803ee0573ac18b03490"},"headline":"Yankees celebran graduaci\u00f3n de prospectos y refuerzan compromiso con la educaci\u00f3n integral","datePublished":"2026-03-04T01:03:40+00:00","mainEntityOfPage":{"@id":"https:\/\/potenciaradiofonicadominicana.com\/portal\/yankees-celebran-graduacion-de-prospectos-y-refuerzan-compromiso-con-la-educacion-integral\/"},"wordCount":606,"publisher":{"@id":"https:\/\/potenciaradiofonicadominicana.com\/portal\/#organization"},"image":{"@id":"https:\/\/potenciaradiofonicadominicana.com\/portal\/yankees-celebran-graduacion-de-prospectos-y-refuerzan-compromiso-con-la-educacion-integral\/#primaryimage"},"thumbnailUrl":"https:\/\/potenciaradiofonicadominicana.com\/portal\/wp-content\/uploads\/2026\/03\/67abcb52e5c17.jpeg","articleSection":["Deportes"],"inLanguage":"es"},{"@type":"WebPage","@id":"https:\/\/potenciaradiofonicadominicana.com\/portal\/yankees-celebran-graduacion-de-prospectos-y-refuerzan-compromiso-con-la-educacion-integral\/","url":"https:\/\/potenciaradiofonicadominicana.com\/portal\/yankees-celebran-graduacion-de-prospectos-y-refuerzan-compromiso-con-la-educacion-integral\/","name":"Yankees celebran graduaci\u00f3n de prospectos y refuerzan compromiso con la educaci\u00f3n integral - PotenciaRadiofonicaDominicana.com","isPartOf":{"@id":"https:\/\/potenciaradiofonicadominicana.com\/portal\/#website"},"primaryImageOfPage":{"@id":"https:\/\/potenciaradiofonicadominicana.com\/portal\/yankees-celebran-graduacion-de-prospectos-y-refuerzan-compromiso-con-la-educacion-integral\/#primaryimage"},"image":{"@id":"https:\/\/potenciaradiofonicadominicana.com\/portal\/yankees-celebran-graduacion-de-prospectos-y-refuerzan-compromiso-con-la-educacion-integral\/#primaryimage"},"thumbnailUrl":"https:\/\/potenciaradiofonicadominicana.com\/portal\/wp-content\/uploads\/2026\/03\/67abcb52e5c17.jpeg","datePublished":"2026-03-04T01:03:40+00:00","breadcrumb":{"@id":"https:\/\/potenciaradiofonicadominicana.com\/portal\/yankees-celebran-graduacion-de-prospectos-y-refuerzan-compromiso-con-la-educacion-integral\/#breadcrumb"},"inLanguage":"es","potentialAction":[{"@type":"ReadAction","target":["https:\/\/potenciaradiofonicadominicana.com\/portal\/yankees-celebran-graduacion-de-prospectos-y-refuerzan-compromiso-con-la-educacion-integral\/"]}]},{"@type":"ImageObject","inLanguage":"es","@id":"https:\/\/potenciaradiofonicadominicana.com\/portal\/yankees-celebran-graduacion-de-prospectos-y-refuerzan-compromiso-con-la-educacion-integral\/#primaryimage","url":"https:\/\/potenciaradiofonicadominicana.com\/portal\/wp-content\/uploads\/2026\/03\/67abcb52e5c17.jpeg","contentUrl":"https:\/\/potenciaradiofonicadominicana.com\/portal\/wp-content\/uploads\/2026\/03\/67abcb52e5c17.jpeg","width":800,"height":533},{"@type":"BreadcrumbList","@id":"https:\/\/potenciaradiofonicadominicana.com\/portal\/yankees-celebran-graduacion-de-prospectos-y-refuerzan-compromiso-con-la-educacion-integral\/#breadcrumb","itemListElement":[{"@type":"ListItem","position":1,"name":"Portada","item":"https:\/\/potenciaradiofonicadominicana.com\/portal\/"},{"@type":"ListItem","position":2,"name":"Yankees celebran graduaci\u00f3n de prospectos y refuerzan compromiso con la educaci\u00f3n integral"}]},{"@type":"WebSite","@id":"https:\/\/potenciaradiofonicadominicana.com\/portal\/#website","url":"https:\/\/potenciaradiofonicadominicana.com\/portal\/","name":"PotenciaRadiofonicaDominicana.com","description":"Peri\u00f3dico Digital","publisher":{"@id":"https:\/\/potenciaradiofonicadominicana.com\/portal\/#organization"},"potentialAction":[{"@type":"SearchAction","target":{"@type":"EntryPoint","urlTemplate":"https:\/\/potenciaradiofonicadominicana.com\/portal\/?s={search_term_string}"},"query-input":{"@type":"PropertyValueSpecification","valueRequired":true,"valueName":"search_term_string"}}],"inLanguage":"es"},{"@type":"Organization","@id":"https:\/\/potenciaradiofonicadominicana.com\/portal\/#organization","name":"PotenciaRadiofonicaDominicana.com","url":"https:\/\/potenciaradiofonicadominicana.com\/portal\/","logo":{"@type":"ImageObject","inLanguage":"es","@id":"https:\/\/potenciaradiofonicadominicana.com\/portal\/#\/schema\/logo\/image\/","url":"https:\/\/potenciaradiofonicadominicana.com\/portal\/wp-content\/uploads\/2022\/01\/descarga.png","contentUrl":"https:\/\/potenciaradiofonicadominicana.com\/portal\/wp-content\/uploads\/2022\/01\/descarga.png","width":300,"height":100,"caption":"PotenciaRadiofonicaDominicana.com"},"image":{"@id":"https:\/\/potenciaradiofonicadominicana.com\/portal\/#\/schema\/logo\/image\/"},"sameAs":["https:\/\/web.facebook.com\/PotenciaRadiofonicaD"]},{"@type":"Person","@id":"https:\/\/potenciaradiofonicadominicana.com\/portal\/#\/schema\/person\/a5cf1fea13877803ee0573ac18b03490","name":"Potencia Radiof\u00f3nica Dominicana","image":{"@type":"ImageObject","inLanguage":"es","@id":"https:\/\/potenciaradiofonicadominicana.com\/portal\/#\/schema\/person\/image\/","url":"https:\/\/secure.gravatar.com\/avatar\/42a55ab9e8ccc656ba34cd791990602a?s=96&d=mm&r=g","contentUrl":"https:\/\/secure.gravatar.com\/avatar\/42a55ab9e8ccc656ba34cd791990602a?s=96&d=mm&r=g","caption":"Potencia Radiof\u00f3nica Dominicana"},"url":"https:\/\/potenciaradiofonicadominicana.com\/portal\/author\/johannyalmanzar\/"}]}},"_links":{"self":[{"href":"https:\/\/potenciaradiofonicadominicana.com\/portal\/wp-json\/wp\/v2\/posts\/212483","targetHints":{"allow":["GET"]}}],"collection":[{"href":"https:\/\/potenciaradiofonicadominicana.com\/portal\/wp-json\/wp\/v2\/posts"}],"about":[{"href":"https:\/\/potenciaradiofonicadominicana.com\/portal\/wp-json\/wp\/v2\/types\/post"}],"author":[{"embeddable":true,"href":"https:\/\/potenciaradiofonicadominicana.com\/portal\/wp-json\/wp\/v2\/users\/2"}],"replies":[{"embeddable":true,"href":"https:\/\/potenciaradiofonicadominicana.com\/portal\/wp-json\/wp\/v2\/comments?post=212483"}],"version-history":[{"count":1,"href":"https:\/\/potenciaradiofonicadominicana.com\/portal\/wp-json\/wp\/v2\/posts\/212483\/revisions"}],"predecessor-version":[{"id":212485,"href":"https:\/\/potenciaradiofonicadominicana.com\/portal\/wp-json\/wp\/v2\/posts\/212483\/revisions\/212485"}],"wp:featuredmedia":[{"embeddable":true,"href":"https:\/\/potenciaradiofonicadominicana.com\/portal\/wp-json\/wp\/v2\/media\/212484"}],"wp:attachment":[{"href":"https:\/\/potenciaradiofonicadominicana.com\/portal\/wp-json\/wp\/v2\/media?parent=212483"}],"wp:term":[{"taxonomy":"category","embeddable":true,"href":"https:\/\/potenciaradiofonicadominicana.com\/portal\/wp-json\/wp\/v2\/categories?post=212483"},{"taxonomy":"post_tag","embeddable":true,"href":"https:\/\/potenciaradiofonicadominicana.com\/portal\/wp-json\/wp\/v2\/tags?post=212483"}],"curies":[{"name":"wp","href":"https:\/\/api.w.org\/{rel}","templated":true}]}}